{"id":1730,"date":"2025-01-29T20:55:41","date_gmt":"2025-01-29T23:55:41","guid":{"rendered":"https:\/\/web.consaguirre.com.ar\/noticias\/nine-inch-nails-anuncia-la-gira-internacional-peel-it-back\/"},"modified":"2025-01-29T20:55:42","modified_gmt":"2025-01-29T23:55:42","slug":"nine-inch-nails-anuncia-la-gira-internacional-peel-it-back","status":"publish","type":"post","link":"https:\/\/web.consaguirre.com.ar\/noticias\/nine-inch-nails-anuncia-la-gira-internacional-peel-it-back\/","title":{"rendered":"Nine Inch Nails anuncia la gira internacional &#8216;Peel It Back&#8217;"},"content":{"rendered":"<p><strong>U\u00f1as de nueve pulgadas<\/strong> He anunciado el Peel It Back Tour 2025, que marca la primera salida en vivo de la banda desde 2022. Producido por Live Nation, la carrera comenzar\u00e1 el domingo 15 de junio en Dubl\u00edn, Irlanda, en 3arena, y tomar\u00e1 la banda por Europa, incluida Se detiene en el Reino Unido, Alemania, Suiza y m\u00e1s.<\/p>\n<p>La pierna europea tambi\u00e9n contar\u00e1 con las principales apariciones en el festival en Graspop Metal Meeting en Dessel, B\u00e9lgica, Open&#8217;er en Gdynia, Polonia y Mad Cool en Madrid, Espa\u00f1a, entre otros.<\/p>\n<p>La etapa norteamericana comenzar\u00e1 el mi\u00e9rcoles 6 de agosto en Oakland, CA, en Oakland Arena. Las u\u00f1as de nueve pulgadas tambi\u00e9n encabezan arenas en Portland, o; Vancouver, BC; Chicago, IL; Toronto, On; Boston, MA; Brooklyn, NY; Nashville, TN; Houston, TX, y m\u00e1s. La gira terminar\u00e1 el jueves 18 de septiembre en Los \u00c1ngeles, CA, en el Foro KIA.<\/p>\n<p><strong>Visite el sitio web oficial de Nine Inch Nails para obtener informaci\u00f3n sobre boletos.<\/strong><\/p>\n<p><strong>Las u\u00f1as de nueve pulgadas lo pelan de regreso 2025 Fechas de gira:<\/strong><\/p>\n<p>Sol 15 de junio &#8211; Dubl\u00edn, Irlanda &#8211; 3arena<br \/>\nMartes 17 de junio-Manchester, Reino Unido-Co-op live<br \/>\nMi\u00e9 18 de junio &#8211; Londres, Reino Unido &#8211; The O2<br \/>\nViernes 20 de junio &#8211; Colonia, Alemania &#8211; Arena Lanxess<br \/>\nS\u00e1bado 21 de junio &#8211; Dessel, B\u00e9lgica &#8211; Reuni\u00f3n de metal de Graspop^<br \/>\nMar 24 de junio &#8211; Mil\u00e1n, Italia &#8211; Parco della Musica novegro<br \/>\nJun 26 &#8211; Zurich, Suiza &#8211; Hallenstadion<br \/>\nViernes 27 de junio &#8211; Viena, Austria &#8211; Wiener Stadthalle<br \/>\nDom 29 de junio &#8211; Amsterdam, Pa\u00edses Bajos &#8211; Ziggo Dome<br \/>\nMartes 01 de julio &#8211; Berl\u00edn, Alemania &#8211; Uber Arena<br \/>\nJulio 03 &#8211; Gdynia, Polonia &#8211; Open&#8217;er^<br \/>\nMon 07 de julio &#8211; Par\u00eds, Francia &#8211; Accor Arena<br \/>\nJul 10 &#8211; Madrid, Espa\u00f1a &#8211; Mad Cool^<br \/>\nS\u00e1bado el 12 de julio &#8211; Oeiras, Portugal &#8211; Nos Alive^<br \/>\nMi\u00e9 06 de agosto &#8211; Oakland, CA &#8211; Oakland Arena<br \/>\nViernes 08 de agosto &#8211; Portland, OR &#8211; Moda Center<br \/>\nSol 10 de agosto &#8211; Vancouver, BC &#8211; Rogers Arena<br \/>\nMartes 12 de agosto &#8211; Seattle, WA &#8211; Clima Compedge Arena<br \/>\nJue 14 de agosto &#8211; West Valley City, UT &#8211; Maverik Center<br \/>\nViernes 15 de agosto &#8211; Denver, Co &#8211; Ball Arena<br \/>\nSol 17 de agosto &#8211; Saint Paul, MN &#8211; Xcel Energy Center<br \/>\nMartes 19 de agosto &#8211; Chicago, IL &#8211; United Center<br \/>\nViernes 22 de agosto &#8211; Detroit, MI &#8211; Little Caesars Arena<br \/>\nS\u00e1bado 23 de agosto &#8211; Toronto, On &#8211; Scotiabank Arena<br \/>\nMar 26 de agosto &#8211; Baltimore, MD &#8211; CFG Bank Arena<br \/>\nMi\u00e9 27 de agosto &#8211; Filadelfia, PA &#8211; Wells Fargo Center<br \/>\nViernes 29 de agosto &#8211; Boston, MA &#8211; TD Garden<br \/>\nSol 31 de agosto &#8211; Cleveland, OH &#8211; Rocket Mortgage Fieldhouse<br \/>\nMartes 02 de septiembre &#8211; Brooklyn, NY &#8211; Barclays Center<br \/>\nViernes 05 de septiembre &#8211; Raleigh, NC &#8211; Lenovo Center<br \/>\nS\u00e1bado 06 de septiembre &#8211; Nashville, TN &#8211; Bridgestone Arena<br \/>\nMartes 09 de septiembre &#8211; Duluth, GA &#8211; Gas South Arena<br \/>\nMi\u00e9 10 de septiembre &#8211; Tampa, FL &#8211; Amalie Arena<br \/>\nViernes 12 de septiembre &#8211; Houston, TX &#8211; Toyota Center<br \/>\nS\u00e1bado 13 de septiembre &#8211; Fort Worth, TX &#8211; Dickies Arena<br \/>\nMartes 16 de septiembre &#8211; Phoenix, AZ &#8211; Centro de huella<br \/>\nJue el 18 de septiembre &#8211; Los \u00c1ngeles, CA &#8211; Foro KIA<\/p>\n<p>^Fecha del festival<\/p>\n","protected":false},"excerpt":{"rendered":"<p>U\u00f1as de nueve pulgadas He anunciado el Peel It Back Tour 2025, que marca la primera salida en vivo de la banda desde 2022. Producido<\/p>\n","protected":false},"author":1,"featured_media":1731,"comment_status":"closed","ping_status":"","sticky":false,"template":"","format":"standard","meta":{"footnotes":""},"categories":[50],"tags":[56,492,1776,1778,1777,1779],"class_list":["post-1730","post","type-post","status-publish","format-standard","has-post-thumbnail","hentry","category-el-ultimo","tag-anuncia","tag-gira","tag-inch","tag-internacional","tag-nails","tag-peel","generate-columns","tablet-grid-50","mobile-grid-100","grid-parent","grid-50"],"yoast_head":"<!-- This site is optimized with the Yoast SEO plugin v23.3 - https:\/\/yoast.com\/wordpress\/plugins\/seo\/ -->\n<title>Nine Inch Nails anuncia la gira internacional &#039;Peel It Back&#039;<\/title>\n<meta name=\"robots\" content=\"index, follow, max-snippet:-1, max-image-preview:large, max-video-preview:-1\" \/>\n<link rel=\"canonical\" href=\"https:\/\/web.consaguirre.com.ar\/noticias\/nine-inch-nails-anuncia-la-gira-internacional-peel-it-back\/\" \/>\n<meta property=\"og:locale\" content=\"es_ES\" \/>\n<meta property=\"og:type\" content=\"article\" \/>\n<meta property=\"og:title\" content=\"Nine Inch Nails anuncia la gira internacional &#039;Peel It Back&#039;\" \/>\n<meta property=\"og:description\" content=\"U\u00f1as de nueve pulgadas He anunciado el Peel It Back Tour 2025, que marca la primera salida en vivo de la banda desde 2022. Producido\" \/>\n<meta property=\"og:url\" content=\"https:\/\/web.consaguirre.com.ar\/noticias\/nine-inch-nails-anuncia-la-gira-internacional-peel-it-back\/\" \/>\n<meta property=\"og:site_name\" content=\"Conservatorio de M\u00fasica Juli\u00e1n Aguirre\" \/>\n<meta property=\"article:published_time\" content=\"2025-01-29T23:55:41+00:00\" \/>\n<meta property=\"article:modified_time\" content=\"2025-01-29T23:55:42+00:00\" \/>\n<meta property=\"og:image\" content=\"https:\/\/web.consaguirre.com.ar\/noticias\/wp-content\/uploads\/2025\/01\/Nine-Inch-Nails-anuncia-la-gira-internacional-Peel-It-Back.jpg\" \/>\n\t<meta property=\"og:image:width\" content=\"1440\" \/>\n\t<meta property=\"og:image:height\" content=\"864\" \/>\n\t<meta property=\"og:image:type\" content=\"image\/jpeg\" \/>\n<meta name=\"author\" content=\"Javier Figueroa\" \/>\n<meta name=\"twitter:card\" content=\"summary_large_image\" \/>\n<meta name=\"twitter:label1\" content=\"Escrito por\" \/>\n\t<meta name=\"twitter:data1\" content=\"Javier Figueroa\" \/>\n\t<meta name=\"twitter:label2\" content=\"Tiempo de lectura\" \/>\n\t<meta name=\"twitter:data2\" content=\"3 minutos\" \/>\n<script type=\"application\/ld+json\" class=\"yoast-schema-graph\">{\"@context\":\"https:\/\/schema.org\",\"@graph\":[{\"@type\":\"Article\",\"@id\":\"https:\/\/web.consaguirre.com.ar\/noticias\/nine-inch-nails-anuncia-la-gira-internacional-peel-it-back\/#article\",\"isPartOf\":{\"@id\":\"https:\/\/web.consaguirre.com.ar\/noticias\/nine-inch-nails-anuncia-la-gira-internacional-peel-it-back\/\"},\"author\":{\"name\":\"Javier Figueroa\",\"@id\":\"https:\/\/web.consaguirre.com.ar\/noticias\/#\/schema\/person\/6558b0cfedee7ddc5425602b237d5722\"},\"headline\":\"Nine Inch Nails anuncia la gira internacional &#8216;Peel It Back&#8217;\",\"datePublished\":\"2025-01-29T23:55:41+00:00\",\"dateModified\":\"2025-01-29T23:55:42+00:00\",\"mainEntityOfPage\":{\"@id\":\"https:\/\/web.consaguirre.com.ar\/noticias\/nine-inch-nails-anuncia-la-gira-internacional-peel-it-back\/\"},\"wordCount\":551,\"publisher\":{\"@id\":\"https:\/\/web.consaguirre.com.ar\/noticias\/#organization\"},\"image\":{\"@id\":\"https:\/\/web.consaguirre.com.ar\/noticias\/nine-inch-nails-anuncia-la-gira-internacional-peel-it-back\/#primaryimage\"},\"thumbnailUrl\":\"https:\/\/web.consaguirre.com.ar\/noticias\/wp-content\/uploads\/2025\/01\/Nine-Inch-Nails-anuncia-la-gira-internacional-Peel-It-Back.jpg\",\"keywords\":[\"anuncia\",\"gira\",\"Inch\",\"internacional\",\"Nails\",\"Peel\"],\"articleSection\":[\"El \u00faltimo\"],\"inLanguage\":\"es-AR\"},{\"@type\":\"WebPage\",\"@id\":\"https:\/\/web.consaguirre.com.ar\/noticias\/nine-inch-nails-anuncia-la-gira-internacional-peel-it-back\/\",\"url\":\"https:\/\/web.consaguirre.com.ar\/noticias\/nine-inch-nails-anuncia-la-gira-internacional-peel-it-back\/\",\"name\":\"Nine Inch Nails anuncia la gira internacional 'Peel It Back'\",\"isPartOf\":{\"@id\":\"https:\/\/web.consaguirre.com.ar\/noticias\/#website\"},\"primaryImageOfPage\":{\"@id\":\"https:\/\/web.consaguirre.com.ar\/noticias\/nine-inch-nails-anuncia-la-gira-internacional-peel-it-back\/#primaryimage\"},\"image\":{\"@id\":\"https:\/\/web.consaguirre.com.ar\/noticias\/nine-inch-nails-anuncia-la-gira-internacional-peel-it-back\/#primaryimage\"},\"thumbnailUrl\":\"https:\/\/web.consaguirre.com.ar\/noticias\/wp-content\/uploads\/2025\/01\/Nine-Inch-Nails-anuncia-la-gira-internacional-Peel-It-Back.jpg\",\"datePublished\":\"2025-01-29T23:55:41+00:00\",\"dateModified\":\"2025-01-29T23:55:42+00:00\",\"breadcrumb\":{\"@id\":\"https:\/\/web.consaguirre.com.ar\/noticias\/nine-inch-nails-anuncia-la-gira-internacional-peel-it-back\/#breadcrumb\"},\"inLanguage\":\"es-AR\",\"potentialAction\":[{\"@type\":\"ReadAction\",\"target\":[\"https:\/\/web.consaguirre.com.ar\/noticias\/nine-inch-nails-anuncia-la-gira-internacional-peel-it-back\/\"]}]},{\"@type\":\"ImageObject\",\"inLanguage\":\"es-AR\",\"@id\":\"https:\/\/web.consaguirre.com.ar\/noticias\/nine-inch-nails-anuncia-la-gira-internacional-peel-it-back\/#primaryimage\",\"url\":\"https:\/\/web.consaguirre.com.ar\/noticias\/wp-content\/uploads\/2025\/01\/Nine-Inch-Nails-anuncia-la-gira-internacional-Peel-It-Back.jpg\",\"contentUrl\":\"https:\/\/web.consaguirre.com.ar\/noticias\/wp-content\/uploads\/2025\/01\/Nine-Inch-Nails-anuncia-la-gira-internacional-Peel-It-Back.jpg\",\"width\":1440,\"height\":864,\"caption\":\"Nine Inch Nails - Photo: John Crawford (Courtesy of Live Nation)\"},{\"@type\":\"BreadcrumbList\",\"@id\":\"https:\/\/web.consaguirre.com.ar\/noticias\/nine-inch-nails-anuncia-la-gira-internacional-peel-it-back\/#breadcrumb\",\"itemListElement\":[{\"@type\":\"ListItem\",\"position\":1,\"name\":\"Inicio\",\"item\":\"https:\/\/web.consaguirre.com.ar\/noticias\/\"},{\"@type\":\"ListItem\",\"position\":2,\"name\":\"Nine Inch Nails anuncia la gira internacional &#8216;Peel It Back&#8217;\"}]},{\"@type\":\"WebSite\",\"@id\":\"https:\/\/web.consaguirre.com.ar\/noticias\/#website\",\"url\":\"https:\/\/web.consaguirre.com.ar\/noticias\/\",\"name\":\"Conservatorio de M\u00fasica Juli\u00e1n Aguirre\",\"description\":\"\",\"publisher\":{\"@id\":\"https:\/\/web.consaguirre.com.ar\/noticias\/#organization\"},\"potentialAction\":[{\"@type\":\"SearchAction\",\"target\":{\"@type\":\"EntryPoint\",\"urlTemplate\":\"https:\/\/web.consaguirre.com.ar\/noticias\/?s={search_term_string}\"},\"query-input\":\"required name=search_term_string\"}],\"inLanguage\":\"es-AR\"},{\"@type\":\"Organization\",\"@id\":\"https:\/\/web.consaguirre.com.ar\/noticias\/#organization\",\"name\":\"Conservatorio de M\u00fasica Juli\u00e1n Aguirre\",\"url\":\"https:\/\/web.consaguirre.com.ar\/noticias\/\",\"logo\":{\"@type\":\"ImageObject\",\"inLanguage\":\"es-AR\",\"@id\":\"https:\/\/web.consaguirre.com.ar\/noticias\/#\/schema\/logo\/image\/\",\"url\":\"https:\/\/web.consaguirre.com.ar\/noticias\/wp-content\/uploads\/2024\/08\/Banner-Aguirre-23.jpg\",\"contentUrl\":\"https:\/\/web.consaguirre.com.ar\/noticias\/wp-content\/uploads\/2024\/08\/Banner-Aguirre-23.jpg\",\"width\":1192,\"height\":600,\"caption\":\"Conservatorio de M\u00fasica Juli\u00e1n Aguirre\"},\"image\":{\"@id\":\"https:\/\/web.consaguirre.com.ar\/noticias\/#\/schema\/logo\/image\/\"}},{\"@type\":\"Person\",\"@id\":\"https:\/\/web.consaguirre.com.ar\/noticias\/#\/schema\/person\/6558b0cfedee7ddc5425602b237d5722\",\"name\":\"Javier Figueroa\",\"image\":{\"@type\":\"ImageObject\",\"inLanguage\":\"es-AR\",\"@id\":\"https:\/\/web.consaguirre.com.ar\/noticias\/#\/schema\/person\/image\/\",\"url\":\"https:\/\/web.consaguirre.com.ar\/noticias\/wp-content\/uploads\/2024\/08\/Consaguirre-scaled.jpg\",\"contentUrl\":\"https:\/\/web.consaguirre.com.ar\/noticias\/wp-content\/uploads\/2024\/08\/Consaguirre-scaled.jpg\",\"caption\":\"Javier Figueroa\"},\"description\":\"Me llamo Javier Figueroa y soy redactor para el sitio oficial del Conservatorio de M\u00fasica Juli\u00e1n Aguirre en Buenos Aires, consaguirre.com. Apasionado por la m\u00fasica y la escritura, me esfuerzo por destacar los talentos y eventos de nuestra prestigiosa instituci\u00f3n. Mi trayectoria se nutre de una profunda admiraci\u00f3n por los artistas, haciendo de cada art\u00edculo una celebraci\u00f3n de la creatividad y la cultura musical.\",\"sameAs\":[\"https:\/\/web.consaguirre.com.ar\/noticias\"]}]}<\/script>\n<!-- \/ Yoast SEO plugin. -->","yoast_head_json":{"title":"Nine Inch Nails anuncia la gira internacional 'Peel It Back'","robots":{"index":"index","follow":"follow","max-snippet":"max-snippet:-1","max-image-preview":"max-image-preview:large","max-video-preview":"max-video-preview:-1"},"canonical":"https:\/\/web.consaguirre.com.ar\/noticias\/nine-inch-nails-anuncia-la-gira-internacional-peel-it-back\/","og_locale":"es_ES","og_type":"article","og_title":"Nine Inch Nails anuncia la gira internacional 'Peel It Back'","og_description":"U\u00f1as de nueve pulgadas He anunciado el Peel It Back Tour 2025, que marca la primera salida en vivo de la banda desde 2022. Producido","og_url":"https:\/\/web.consaguirre.com.ar\/noticias\/nine-inch-nails-anuncia-la-gira-internacional-peel-it-back\/","og_site_name":"Conservatorio de M\u00fasica Juli\u00e1n Aguirre","article_published_time":"2025-01-29T23:55:41+00:00","article_modified_time":"2025-01-29T23:55:42+00:00","og_image":[{"width":1440,"height":864,"url":"https:\/\/web.consaguirre.com.ar\/noticias\/wp-content\/uploads\/2025\/01\/Nine-Inch-Nails-anuncia-la-gira-internacional-Peel-It-Back.jpg","type":"image\/jpeg"}],"author":"Javier Figueroa","twitter_card":"summary_large_image","twitter_misc":{"Escrito por":"Javier Figueroa","Tiempo de lectura":"3 minutos"},"schema":{"@context":"https:\/\/schema.org","@graph":[{"@type":"Article","@id":"https:\/\/web.consaguirre.com.ar\/noticias\/nine-inch-nails-anuncia-la-gira-internacional-peel-it-back\/#article","isPartOf":{"@id":"https:\/\/web.consaguirre.com.ar\/noticias\/nine-inch-nails-anuncia-la-gira-internacional-peel-it-back\/"},"author":{"name":"Javier Figueroa","@id":"https:\/\/web.consaguirre.com.ar\/noticias\/#\/schema\/person\/6558b0cfedee7ddc5425602b237d5722"},"headline":"Nine Inch Nails anuncia la gira internacional &#8216;Peel It Back&#8217;","datePublished":"2025-01-29T23:55:41+00:00","dateModified":"2025-01-29T23:55:42+00:00","mainEntityOfPage":{"@id":"https:\/\/web.consaguirre.com.ar\/noticias\/nine-inch-nails-anuncia-la-gira-internacional-peel-it-back\/"},"wordCount":551,"publisher":{"@id":"https:\/\/web.consaguirre.com.ar\/noticias\/#organization"},"image":{"@id":"https:\/\/web.consaguirre.com.ar\/noticias\/nine-inch-nails-anuncia-la-gira-internacional-peel-it-back\/#primaryimage"},"thumbnailUrl":"https:\/\/web.consaguirre.com.ar\/noticias\/wp-content\/uploads\/2025\/01\/Nine-Inch-Nails-anuncia-la-gira-internacional-Peel-It-Back.jpg","keywords":["anuncia","gira","Inch","internacional","Nails","Peel"],"articleSection":["El \u00faltimo"],"inLanguage":"es-AR"},{"@type":"WebPage","@id":"https:\/\/web.consaguirre.com.ar\/noticias\/nine-inch-nails-anuncia-la-gira-internacional-peel-it-back\/","url":"https:\/\/web.consaguirre.com.ar\/noticias\/nine-inch-nails-anuncia-la-gira-internacional-peel-it-back\/","name":"Nine Inch Nails anuncia la gira internacional 'Peel It Back'","isPartOf":{"@id":"https:\/\/web.consaguirre.com.ar\/noticias\/#website"},"primaryImageOfPage":{"@id":"https:\/\/web.consaguirre.com.ar\/noticias\/nine-inch-nails-anuncia-la-gira-internacional-peel-it-back\/#primaryimage"},"image":{"@id":"https:\/\/web.consaguirre.com.ar\/noticias\/nine-inch-nails-anuncia-la-gira-internacional-peel-it-back\/#primaryimage"},"thumbnailUrl":"https:\/\/web.consaguirre.com.ar\/noticias\/wp-content\/uploads\/2025\/01\/Nine-Inch-Nails-anuncia-la-gira-internacional-Peel-It-Back.jpg","datePublished":"2025-01-29T23:55:41+00:00","dateModified":"2025-01-29T23:55:42+00:00","breadcrumb":{"@id":"https:\/\/web.consaguirre.com.ar\/noticias\/nine-inch-nails-anuncia-la-gira-internacional-peel-it-back\/#breadcrumb"},"inLanguage":"es-AR","potentialAction":[{"@type":"ReadAction","target":["https:\/\/web.consaguirre.com.ar\/noticias\/nine-inch-nails-anuncia-la-gira-internacional-peel-it-back\/"]}]},{"@type":"ImageObject","inLanguage":"es-AR","@id":"https:\/\/web.consaguirre.com.ar\/noticias\/nine-inch-nails-anuncia-la-gira-internacional-peel-it-back\/#primaryimage","url":"https:\/\/web.consaguirre.com.ar\/noticias\/wp-content\/uploads\/2025\/01\/Nine-Inch-Nails-anuncia-la-gira-internacional-Peel-It-Back.jpg","contentUrl":"https:\/\/web.consaguirre.com.ar\/noticias\/wp-content\/uploads\/2025\/01\/Nine-Inch-Nails-anuncia-la-gira-internacional-Peel-It-Back.jpg","width":1440,"height":864,"caption":"Nine Inch Nails - Photo: John Crawford (Courtesy of Live Nation)"},{"@type":"BreadcrumbList","@id":"https:\/\/web.consaguirre.com.ar\/noticias\/nine-inch-nails-anuncia-la-gira-internacional-peel-it-back\/#breadcrumb","itemListElement":[{"@type":"ListItem","position":1,"name":"Inicio","item":"https:\/\/web.consaguirre.com.ar\/noticias\/"},{"@type":"ListItem","position":2,"name":"Nine Inch Nails anuncia la gira internacional &#8216;Peel It Back&#8217;"}]},{"@type":"WebSite","@id":"https:\/\/web.consaguirre.com.ar\/noticias\/#website","url":"https:\/\/web.consaguirre.com.ar\/noticias\/","name":"Conservatorio de M\u00fasica Juli\u00e1n Aguirre","description":"","publisher":{"@id":"https:\/\/web.consaguirre.com.ar\/noticias\/#organization"},"potentialAction":[{"@type":"SearchAction","target":{"@type":"EntryPoint","urlTemplate":"https:\/\/web.consaguirre.com.ar\/noticias\/?s={search_term_string}"},"query-input":"required name=search_term_string"}],"inLanguage":"es-AR"},{"@type":"Organization","@id":"https:\/\/web.consaguirre.com.ar\/noticias\/#organization","name":"Conservatorio de M\u00fasica Juli\u00e1n Aguirre","url":"https:\/\/web.consaguirre.com.ar\/noticias\/","logo":{"@type":"ImageObject","inLanguage":"es-AR","@id":"https:\/\/web.consaguirre.com.ar\/noticias\/#\/schema\/logo\/image\/","url":"https:\/\/web.consaguirre.com.ar\/noticias\/wp-content\/uploads\/2024\/08\/Banner-Aguirre-23.jpg","contentUrl":"https:\/\/web.consaguirre.com.ar\/noticias\/wp-content\/uploads\/2024\/08\/Banner-Aguirre-23.jpg","width":1192,"height":600,"caption":"Conservatorio de M\u00fasica Juli\u00e1n Aguirre"},"image":{"@id":"https:\/\/web.consaguirre.com.ar\/noticias\/#\/schema\/logo\/image\/"}},{"@type":"Person","@id":"https:\/\/web.consaguirre.com.ar\/noticias\/#\/schema\/person\/6558b0cfedee7ddc5425602b237d5722","name":"Javier Figueroa","image":{"@type":"ImageObject","inLanguage":"es-AR","@id":"https:\/\/web.consaguirre.com.ar\/noticias\/#\/schema\/person\/image\/","url":"https:\/\/web.consaguirre.com.ar\/noticias\/wp-content\/uploads\/2024\/08\/Consaguirre-scaled.jpg","contentUrl":"https:\/\/web.consaguirre.com.ar\/noticias\/wp-content\/uploads\/2024\/08\/Consaguirre-scaled.jpg","caption":"Javier Figueroa"},"description":"Me llamo Javier Figueroa y soy redactor para el sitio oficial del Conservatorio de M\u00fasica Juli\u00e1n Aguirre en Buenos Aires, consaguirre.com. Apasionado por la m\u00fasica y la escritura, me esfuerzo por destacar los talentos y eventos de nuestra prestigiosa instituci\u00f3n. Mi trayectoria se nutre de una profunda admiraci\u00f3n por los artistas, haciendo de cada art\u00edculo una celebraci\u00f3n de la creatividad y la cultura musical.","sameAs":["https:\/\/web.consaguirre.com.ar\/noticias"]}]}},"_links":{"self":[{"href":"https:\/\/web.consaguirre.com.ar\/noticias\/wp-json\/wp\/v2\/posts\/1730"}],"collection":[{"href":"https:\/\/web.consaguirre.com.ar\/noticias\/wp-json\/wp\/v2\/posts"}],"about":[{"href":"https:\/\/web.consaguirre.com.ar\/noticias\/wp-json\/wp\/v2\/types\/post"}],"author":[{"embeddable":true,"href":"https:\/\/web.consaguirre.com.ar\/noticias\/wp-json\/wp\/v2\/users\/1"}],"replies":[{"embeddable":true,"href":"https:\/\/web.consaguirre.com.ar\/noticias\/wp-json\/wp\/v2\/comments?post=1730"}],"version-history":[{"count":1,"href":"https:\/\/web.consaguirre.com.ar\/noticias\/wp-json\/wp\/v2\/posts\/1730\/revisions"}],"predecessor-version":[{"id":1732,"href":"https:\/\/web.consaguirre.com.ar\/noticias\/wp-json\/wp\/v2\/posts\/1730\/revisions\/1732"}],"wp:featuredmedia":[{"embeddable":true,"href":"https:\/\/web.consaguirre.com.ar\/noticias\/wp-json\/wp\/v2\/media\/1731"}],"wp:attachment":[{"href":"https:\/\/web.consaguirre.com.ar\/noticias\/wp-json\/wp\/v2\/media?parent=1730"}],"wp:term":[{"taxonomy":"category","embeddable":true,"href":"https:\/\/web.consaguirre.com.ar\/noticias\/wp-json\/wp\/v2\/categories?post=1730"},{"taxonomy":"post_tag","embeddable":true,"href":"https:\/\/web.consaguirre.com.ar\/noticias\/wp-json\/wp\/v2\/tags?post=1730"}],"curies":[{"name":"wp","href":"https:\/\/api.w.org\/{rel}","templated":true}]}}