{"id":1715,"date":"2025-01-28T23:39:18","date_gmt":"2025-01-29T02:39:18","guid":{"rendered":"https:\/\/web.consaguirre.com.ar\/noticias\/nbc-para-celebrar-100-anos-de-grand-ole-opry-con-nuevo-horario-estelar\/"},"modified":"2025-01-28T23:39:19","modified_gmt":"2025-01-29T02:39:19","slug":"nbc-para-celebrar-100-anos-de-grand-ole-opry-con-nuevo-horario-estelar","status":"publish","type":"post","link":"https:\/\/web.consaguirre.com.ar\/noticias\/nbc-para-celebrar-100-anos-de-grand-ole-opry-con-nuevo-horario-estelar\/","title":{"rendered":"NBC para celebrar 100 a\u00f1os de Grand Ole Opry con nuevo horario estelar"},"content":{"rendered":"<p>El Grand Ole Opry llega a la marca del siglo este a\u00f1o, y NBC celebra llevando el accesorio de radio a las pantallas de televisi\u00f3n en todo el pa\u00eds. Un especial de concierto de estrellas llamado <em>Opry 100: una celebraci\u00f3n en vivo<\/em> Llegar\u00e1 a NBC y Peacock el 19 de marzo de 8-11 PM ET.<\/p>\n<p>La alineaci\u00f3n para Opry 100 incluye una impresionante variedad de talentos. Garth Brooks, <strong>Reba McEntire<\/strong>Luke Combs, <strong>Carrie Underwood<\/strong>Blake Shelton, Lainey Wilson, Brad Paisley, <strong>Vince Gill<\/strong>, <strong>Trisha Yearwood<\/strong>Kelsea Ballerini, Marty Stuart, Trace Adkins, Ashley McBryde, Carly Pearce, Clint Black, <strong>Dierks Bentley<\/strong>y Randy Travis son solo algunos de los miembros de Opry que subir\u00e1n al escenario. Tambi\u00e9n se realizar\u00e1 una variedad de favoritos de Opry como Amy Grant, <strong>Iglesia Eric<\/strong>Rollo de gelatina, y la guerra y el tratado. Pronto se anunciar\u00e1n m\u00e1s invitados.<\/p>\n<p>&#8220;Convertirse en miembro del Opry es un punto culminante de mi vida y carrera, y 15 a\u00f1os despu\u00e9s todav\u00eda tengo la misma sensaci\u00f3n de reverencia y emoci\u00f3n cada vez que salgo a esa etapa&#8221;, dijo Shelton. &#8220;El Grand Ole Opry ha estado conectando a la familia de la m\u00fasica country durante 100 a\u00f1os, y estoy muy orgulloso de ser parte de esta celebraci\u00f3n hist\u00f3rica&#8221;.<\/p>\n<p>OPRY 100 contar\u00e1 con actuaciones en dos lugares de Nashville estrechamente asociados con el Opry, la Grand Ole Opry House y el Hist\u00f3rico Auditorio Ryman. Los espectadores pueden esperar colaboraciones sorpresa, as\u00ed como flashbacks a los cl\u00e1sicos momentos Opry. En un comunicado de prensa, el CEO de Opry Entertainment Group, Patrick Moore, dijo que el programa inspira a los fan\u00e1ticos de la m\u00fasica country a venir a Nashville para unirse a las celebraciones del aniversario de Opry de un a\u00f1o.<\/p>\n<p>&#8220;Es un verdadero privilegio ser parte de la celebraci\u00f3n de 100 a\u00f1os del Grand Ole Opry, un escenario ic\u00f3nico que ha dado la bienvenida a tantos artistas legendarios que han dado forma al coraz\u00f3n de la m\u00fasica country&#8221;, dijo Mark Bracco de Silent House Productions, uno de Productores ejecutivos de Opry 100. &#8220;Nos sentimos honrados y honrados de ayudar a dar vida a este momento hist\u00f3rico, rindiendo homenaje a las voces e historias que han convertido a los Opry un s\u00edmbolo duradero de la historia musical&#8221;.<\/p>\n<p><strong>Para comprar boletos para ver el programa en persona, haga clic aqu\u00ed.<\/strong><\/p>\n","protected":false},"excerpt":{"rendered":"<p>El Grand Ole Opry llega a la marca del siglo este a\u00f1o, y NBC celebra llevando el accesorio de radio a las pantallas de televisi\u00f3n<\/p>\n","protected":false},"author":1,"featured_media":1716,"comment_status":"closed","ping_status":"","sticky":false,"template":"","format":"standard","meta":{"footnotes":""},"categories":[50],"tags":[115,702,32,1427,1414,1761,168,146,1588,1589,154],"class_list":["post-1715","post","type-post","status-publish","format-standard","has-post-thumbnail","hentry","category-el-ultimo","tag-anos","tag-celebrar","tag-con","tag-estelar","tag-grand","tag-horario","tag-nbc","tag-nuevo","tag-ole","tag-opry","tag-para","generate-columns","tablet-grid-50","mobile-grid-100","grid-parent","grid-50"],"yoast_head":"<!-- This site is optimized with the Yoast SEO plugin v23.3 - https:\/\/yoast.com\/wordpress\/plugins\/seo\/ -->\n<title>NBC para celebrar 100 a\u00f1os de Grand Ole Opry con nuevo horario estelar<\/title>\n<meta name=\"robots\" content=\"index, follow, max-snippet:-1, max-image-preview:large, max-video-preview:-1\" \/>\n<link rel=\"canonical\" href=\"https:\/\/web.consaguirre.com.ar\/noticias\/nbc-para-celebrar-100-anos-de-grand-ole-opry-con-nuevo-horario-estelar\/\" \/>\n<meta property=\"og:locale\" content=\"es_ES\" \/>\n<meta property=\"og:type\" content=\"article\" \/>\n<meta property=\"og:title\" content=\"NBC para celebrar 100 a\u00f1os de Grand Ole Opry con nuevo horario estelar\" \/>\n<meta property=\"og:description\" content=\"El Grand Ole Opry llega a la marca del siglo este a\u00f1o, y NBC celebra llevando el accesorio de radio a las pantallas de televisi\u00f3n\" \/>\n<meta property=\"og:url\" content=\"https:\/\/web.consaguirre.com.ar\/noticias\/nbc-para-celebrar-100-anos-de-grand-ole-opry-con-nuevo-horario-estelar\/\" \/>\n<meta property=\"og:site_name\" content=\"Conservatorio de M\u00fasica Juli\u00e1n Aguirre\" \/>\n<meta property=\"article:published_time\" content=\"2025-01-29T02:39:18+00:00\" \/>\n<meta property=\"article:modified_time\" content=\"2025-01-29T02:39:19+00:00\" \/>\n<meta property=\"og:image\" content=\"https:\/\/web.consaguirre.com.ar\/noticias\/wp-content\/uploads\/2025\/01\/NBC-para-celebrar-100-anos-de-Grand-Ole-Opry-con.jpg\" \/>\n\t<meta property=\"og:image:width\" content=\"1440\" \/>\n\t<meta property=\"og:image:height\" content=\"864\" \/>\n\t<meta property=\"og:image:type\" content=\"image\/jpeg\" \/>\n<meta name=\"author\" content=\"Javier Figueroa\" \/>\n<meta name=\"twitter:card\" content=\"summary_large_image\" \/>\n<meta name=\"twitter:label1\" content=\"Escrito por\" \/>\n\t<meta name=\"twitter:data1\" content=\"Javier Figueroa\" \/>\n\t<meta name=\"twitter:label2\" content=\"Tiempo de lectura\" \/>\n\t<meta name=\"twitter:data2\" content=\"2 minutos\" \/>\n<script type=\"application\/ld+json\" class=\"yoast-schema-graph\">{\"@context\":\"https:\/\/schema.org\",\"@graph\":[{\"@type\":\"Article\",\"@id\":\"https:\/\/web.consaguirre.com.ar\/noticias\/nbc-para-celebrar-100-anos-de-grand-ole-opry-con-nuevo-horario-estelar\/#article\",\"isPartOf\":{\"@id\":\"https:\/\/web.consaguirre.com.ar\/noticias\/nbc-para-celebrar-100-anos-de-grand-ole-opry-con-nuevo-horario-estelar\/\"},\"author\":{\"name\":\"Javier Figueroa\",\"@id\":\"https:\/\/web.consaguirre.com.ar\/noticias\/#\/schema\/person\/6558b0cfedee7ddc5425602b237d5722\"},\"headline\":\"NBC para celebrar 100 a\u00f1os de Grand Ole Opry con nuevo horario estelar\",\"datePublished\":\"2025-01-29T02:39:18+00:00\",\"dateModified\":\"2025-01-29T02:39:19+00:00\",\"mainEntityOfPage\":{\"@id\":\"https:\/\/web.consaguirre.com.ar\/noticias\/nbc-para-celebrar-100-anos-de-grand-ole-opry-con-nuevo-horario-estelar\/\"},\"wordCount\":413,\"publisher\":{\"@id\":\"https:\/\/web.consaguirre.com.ar\/noticias\/#organization\"},\"image\":{\"@id\":\"https:\/\/web.consaguirre.com.ar\/noticias\/nbc-para-celebrar-100-anos-de-grand-ole-opry-con-nuevo-horario-estelar\/#primaryimage\"},\"thumbnailUrl\":\"https:\/\/web.consaguirre.com.ar\/noticias\/wp-content\/uploads\/2025\/01\/NBC-para-celebrar-100-anos-de-Grand-Ole-Opry-con.jpg\",\"keywords\":[\"a\u00f1os\",\"celebrar\",\"con\",\"estelar\",\"Grand\",\"horario\",\"NBC\",\"nuevo\",\"Ole\",\"Opry\",\"para\"],\"articleSection\":[\"El \u00faltimo\"],\"inLanguage\":\"es-AR\"},{\"@type\":\"WebPage\",\"@id\":\"https:\/\/web.consaguirre.com.ar\/noticias\/nbc-para-celebrar-100-anos-de-grand-ole-opry-con-nuevo-horario-estelar\/\",\"url\":\"https:\/\/web.consaguirre.com.ar\/noticias\/nbc-para-celebrar-100-anos-de-grand-ole-opry-con-nuevo-horario-estelar\/\",\"name\":\"NBC para celebrar 100 a\u00f1os de Grand Ole Opry con nuevo horario estelar\",\"isPartOf\":{\"@id\":\"https:\/\/web.consaguirre.com.ar\/noticias\/#website\"},\"primaryImageOfPage\":{\"@id\":\"https:\/\/web.consaguirre.com.ar\/noticias\/nbc-para-celebrar-100-anos-de-grand-ole-opry-con-nuevo-horario-estelar\/#primaryimage\"},\"image\":{\"@id\":\"https:\/\/web.consaguirre.com.ar\/noticias\/nbc-para-celebrar-100-anos-de-grand-ole-opry-con-nuevo-horario-estelar\/#primaryimage\"},\"thumbnailUrl\":\"https:\/\/web.consaguirre.com.ar\/noticias\/wp-content\/uploads\/2025\/01\/NBC-para-celebrar-100-anos-de-Grand-Ole-Opry-con.jpg\",\"datePublished\":\"2025-01-29T02:39:18+00:00\",\"dateModified\":\"2025-01-29T02:39:19+00:00\",\"breadcrumb\":{\"@id\":\"https:\/\/web.consaguirre.com.ar\/noticias\/nbc-para-celebrar-100-anos-de-grand-ole-opry-con-nuevo-horario-estelar\/#breadcrumb\"},\"inLanguage\":\"es-AR\",\"potentialAction\":[{\"@type\":\"ReadAction\",\"target\":[\"https:\/\/web.consaguirre.com.ar\/noticias\/nbc-para-celebrar-100-anos-de-grand-ole-opry-con-nuevo-horario-estelar\/\"]}]},{\"@type\":\"ImageObject\",\"inLanguage\":\"es-AR\",\"@id\":\"https:\/\/web.consaguirre.com.ar\/noticias\/nbc-para-celebrar-100-anos-de-grand-ole-opry-con-nuevo-horario-estelar\/#primaryimage\",\"url\":\"https:\/\/web.consaguirre.com.ar\/noticias\/wp-content\/uploads\/2025\/01\/NBC-para-celebrar-100-anos-de-Grand-Ole-Opry-con.jpg\",\"contentUrl\":\"https:\/\/web.consaguirre.com.ar\/noticias\/wp-content\/uploads\/2025\/01\/NBC-para-celebrar-100-anos-de-Grand-Ole-Opry-con.jpg\",\"width\":1440,\"height\":864,\"caption\":\"NBC para celebrar 100 a\u00f1os de Grand Ole Opry con nuevo horario estelar\"},{\"@type\":\"BreadcrumbList\",\"@id\":\"https:\/\/web.consaguirre.com.ar\/noticias\/nbc-para-celebrar-100-anos-de-grand-ole-opry-con-nuevo-horario-estelar\/#breadcrumb\",\"itemListElement\":[{\"@type\":\"ListItem\",\"position\":1,\"name\":\"Inicio\",\"item\":\"https:\/\/web.consaguirre.com.ar\/noticias\/\"},{\"@type\":\"ListItem\",\"position\":2,\"name\":\"NBC para celebrar 100 a\u00f1os de Grand Ole Opry con nuevo horario estelar\"}]},{\"@type\":\"WebSite\",\"@id\":\"https:\/\/web.consaguirre.com.ar\/noticias\/#website\",\"url\":\"https:\/\/web.consaguirre.com.ar\/noticias\/\",\"name\":\"Conservatorio de M\u00fasica Juli\u00e1n Aguirre\",\"description\":\"\",\"publisher\":{\"@id\":\"https:\/\/web.consaguirre.com.ar\/noticias\/#organization\"},\"potentialAction\":[{\"@type\":\"SearchAction\",\"target\":{\"@type\":\"EntryPoint\",\"urlTemplate\":\"https:\/\/web.consaguirre.com.ar\/noticias\/?s={search_term_string}\"},\"query-input\":\"required name=search_term_string\"}],\"inLanguage\":\"es-AR\"},{\"@type\":\"Organization\",\"@id\":\"https:\/\/web.consaguirre.com.ar\/noticias\/#organization\",\"name\":\"Conservatorio de M\u00fasica Juli\u00e1n Aguirre\",\"url\":\"https:\/\/web.consaguirre.com.ar\/noticias\/\",\"logo\":{\"@type\":\"ImageObject\",\"inLanguage\":\"es-AR\",\"@id\":\"https:\/\/web.consaguirre.com.ar\/noticias\/#\/schema\/logo\/image\/\",\"url\":\"https:\/\/web.consaguirre.com.ar\/noticias\/wp-content\/uploads\/2024\/08\/Banner-Aguirre-23.jpg\",\"contentUrl\":\"https:\/\/web.consaguirre.com.ar\/noticias\/wp-content\/uploads\/2024\/08\/Banner-Aguirre-23.jpg\",\"width\":1192,\"height\":600,\"caption\":\"Conservatorio de M\u00fasica Juli\u00e1n Aguirre\"},\"image\":{\"@id\":\"https:\/\/web.consaguirre.com.ar\/noticias\/#\/schema\/logo\/image\/\"}},{\"@type\":\"Person\",\"@id\":\"https:\/\/web.consaguirre.com.ar\/noticias\/#\/schema\/person\/6558b0cfedee7ddc5425602b237d5722\",\"name\":\"Javier Figueroa\",\"image\":{\"@type\":\"ImageObject\",\"inLanguage\":\"es-AR\",\"@id\":\"https:\/\/web.consaguirre.com.ar\/noticias\/#\/schema\/person\/image\/\",\"url\":\"https:\/\/web.consaguirre.com.ar\/noticias\/wp-content\/uploads\/2024\/08\/Consaguirre-scaled.jpg\",\"contentUrl\":\"https:\/\/web.consaguirre.com.ar\/noticias\/wp-content\/uploads\/2024\/08\/Consaguirre-scaled.jpg\",\"caption\":\"Javier Figueroa\"},\"description\":\"Me llamo Javier Figueroa y soy redactor para el sitio oficial del Conservatorio de M\u00fasica Juli\u00e1n Aguirre en Buenos Aires, consaguirre.com. Apasionado por la m\u00fasica y la escritura, me esfuerzo por destacar los talentos y eventos de nuestra prestigiosa instituci\u00f3n. Mi trayectoria se nutre de una profunda admiraci\u00f3n por los artistas, haciendo de cada art\u00edculo una celebraci\u00f3n de la creatividad y la cultura musical.\",\"sameAs\":[\"https:\/\/web.consaguirre.com.ar\/noticias\"]}]}<\/script>\n<!-- \/ Yoast SEO plugin. -->","yoast_head_json":{"title":"NBC para celebrar 100 a\u00f1os de Grand Ole Opry con nuevo horario estelar","robots":{"index":"index","follow":"follow","max-snippet":"max-snippet:-1","max-image-preview":"max-image-preview:large","max-video-preview":"max-video-preview:-1"},"canonical":"https:\/\/web.consaguirre.com.ar\/noticias\/nbc-para-celebrar-100-anos-de-grand-ole-opry-con-nuevo-horario-estelar\/","og_locale":"es_ES","og_type":"article","og_title":"NBC para celebrar 100 a\u00f1os de Grand Ole Opry con nuevo horario estelar","og_description":"El Grand Ole Opry llega a la marca del siglo este a\u00f1o, y NBC celebra llevando el accesorio de radio a las pantallas de televisi\u00f3n","og_url":"https:\/\/web.consaguirre.com.ar\/noticias\/nbc-para-celebrar-100-anos-de-grand-ole-opry-con-nuevo-horario-estelar\/","og_site_name":"Conservatorio de M\u00fasica Juli\u00e1n Aguirre","article_published_time":"2025-01-29T02:39:18+00:00","article_modified_time":"2025-01-29T02:39:19+00:00","og_image":[{"width":1440,"height":864,"url":"https:\/\/web.consaguirre.com.ar\/noticias\/wp-content\/uploads\/2025\/01\/NBC-para-celebrar-100-anos-de-Grand-Ole-Opry-con.jpg","type":"image\/jpeg"}],"author":"Javier Figueroa","twitter_card":"summary_large_image","twitter_misc":{"Escrito por":"Javier Figueroa","Tiempo de lectura":"2 minutos"},"schema":{"@context":"https:\/\/schema.org","@graph":[{"@type":"Article","@id":"https:\/\/web.consaguirre.com.ar\/noticias\/nbc-para-celebrar-100-anos-de-grand-ole-opry-con-nuevo-horario-estelar\/#article","isPartOf":{"@id":"https:\/\/web.consaguirre.com.ar\/noticias\/nbc-para-celebrar-100-anos-de-grand-ole-opry-con-nuevo-horario-estelar\/"},"author":{"name":"Javier Figueroa","@id":"https:\/\/web.consaguirre.com.ar\/noticias\/#\/schema\/person\/6558b0cfedee7ddc5425602b237d5722"},"headline":"NBC para celebrar 100 a\u00f1os de Grand Ole Opry con nuevo horario estelar","datePublished":"2025-01-29T02:39:18+00:00","dateModified":"2025-01-29T02:39:19+00:00","mainEntityOfPage":{"@id":"https:\/\/web.consaguirre.com.ar\/noticias\/nbc-para-celebrar-100-anos-de-grand-ole-opry-con-nuevo-horario-estelar\/"},"wordCount":413,"publisher":{"@id":"https:\/\/web.consaguirre.com.ar\/noticias\/#organization"},"image":{"@id":"https:\/\/web.consaguirre.com.ar\/noticias\/nbc-para-celebrar-100-anos-de-grand-ole-opry-con-nuevo-horario-estelar\/#primaryimage"},"thumbnailUrl":"https:\/\/web.consaguirre.com.ar\/noticias\/wp-content\/uploads\/2025\/01\/NBC-para-celebrar-100-anos-de-Grand-Ole-Opry-con.jpg","keywords":["a\u00f1os","celebrar","con","estelar","Grand","horario","NBC","nuevo","Ole","Opry","para"],"articleSection":["El \u00faltimo"],"inLanguage":"es-AR"},{"@type":"WebPage","@id":"https:\/\/web.consaguirre.com.ar\/noticias\/nbc-para-celebrar-100-anos-de-grand-ole-opry-con-nuevo-horario-estelar\/","url":"https:\/\/web.consaguirre.com.ar\/noticias\/nbc-para-celebrar-100-anos-de-grand-ole-opry-con-nuevo-horario-estelar\/","name":"NBC para celebrar 100 a\u00f1os de Grand Ole Opry con nuevo horario estelar","isPartOf":{"@id":"https:\/\/web.consaguirre.com.ar\/noticias\/#website"},"primaryImageOfPage":{"@id":"https:\/\/web.consaguirre.com.ar\/noticias\/nbc-para-celebrar-100-anos-de-grand-ole-opry-con-nuevo-horario-estelar\/#primaryimage"},"image":{"@id":"https:\/\/web.consaguirre.com.ar\/noticias\/nbc-para-celebrar-100-anos-de-grand-ole-opry-con-nuevo-horario-estelar\/#primaryimage"},"thumbnailUrl":"https:\/\/web.consaguirre.com.ar\/noticias\/wp-content\/uploads\/2025\/01\/NBC-para-celebrar-100-anos-de-Grand-Ole-Opry-con.jpg","datePublished":"2025-01-29T02:39:18+00:00","dateModified":"2025-01-29T02:39:19+00:00","breadcrumb":{"@id":"https:\/\/web.consaguirre.com.ar\/noticias\/nbc-para-celebrar-100-anos-de-grand-ole-opry-con-nuevo-horario-estelar\/#breadcrumb"},"inLanguage":"es-AR","potentialAction":[{"@type":"ReadAction","target":["https:\/\/web.consaguirre.com.ar\/noticias\/nbc-para-celebrar-100-anos-de-grand-ole-opry-con-nuevo-horario-estelar\/"]}]},{"@type":"ImageObject","inLanguage":"es-AR","@id":"https:\/\/web.consaguirre.com.ar\/noticias\/nbc-para-celebrar-100-anos-de-grand-ole-opry-con-nuevo-horario-estelar\/#primaryimage","url":"https:\/\/web.consaguirre.com.ar\/noticias\/wp-content\/uploads\/2025\/01\/NBC-para-celebrar-100-anos-de-Grand-Ole-Opry-con.jpg","contentUrl":"https:\/\/web.consaguirre.com.ar\/noticias\/wp-content\/uploads\/2025\/01\/NBC-para-celebrar-100-anos-de-Grand-Ole-Opry-con.jpg","width":1440,"height":864,"caption":"NBC para celebrar 100 a\u00f1os de Grand Ole Opry con nuevo horario estelar"},{"@type":"BreadcrumbList","@id":"https:\/\/web.consaguirre.com.ar\/noticias\/nbc-para-celebrar-100-anos-de-grand-ole-opry-con-nuevo-horario-estelar\/#breadcrumb","itemListElement":[{"@type":"ListItem","position":1,"name":"Inicio","item":"https:\/\/web.consaguirre.com.ar\/noticias\/"},{"@type":"ListItem","position":2,"name":"NBC para celebrar 100 a\u00f1os de Grand Ole Opry con nuevo horario estelar"}]},{"@type":"WebSite","@id":"https:\/\/web.consaguirre.com.ar\/noticias\/#website","url":"https:\/\/web.consaguirre.com.ar\/noticias\/","name":"Conservatorio de M\u00fasica Juli\u00e1n Aguirre","description":"","publisher":{"@id":"https:\/\/web.consaguirre.com.ar\/noticias\/#organization"},"potentialAction":[{"@type":"SearchAction","target":{"@type":"EntryPoint","urlTemplate":"https:\/\/web.consaguirre.com.ar\/noticias\/?s={search_term_string}"},"query-input":"required name=search_term_string"}],"inLanguage":"es-AR"},{"@type":"Organization","@id":"https:\/\/web.consaguirre.com.ar\/noticias\/#organization","name":"Conservatorio de M\u00fasica Juli\u00e1n Aguirre","url":"https:\/\/web.consaguirre.com.ar\/noticias\/","logo":{"@type":"ImageObject","inLanguage":"es-AR","@id":"https:\/\/web.consaguirre.com.ar\/noticias\/#\/schema\/logo\/image\/","url":"https:\/\/web.consaguirre.com.ar\/noticias\/wp-content\/uploads\/2024\/08\/Banner-Aguirre-23.jpg","contentUrl":"https:\/\/web.consaguirre.com.ar\/noticias\/wp-content\/uploads\/2024\/08\/Banner-Aguirre-23.jpg","width":1192,"height":600,"caption":"Conservatorio de M\u00fasica Juli\u00e1n Aguirre"},"image":{"@id":"https:\/\/web.consaguirre.com.ar\/noticias\/#\/schema\/logo\/image\/"}},{"@type":"Person","@id":"https:\/\/web.consaguirre.com.ar\/noticias\/#\/schema\/person\/6558b0cfedee7ddc5425602b237d5722","name":"Javier Figueroa","image":{"@type":"ImageObject","inLanguage":"es-AR","@id":"https:\/\/web.consaguirre.com.ar\/noticias\/#\/schema\/person\/image\/","url":"https:\/\/web.consaguirre.com.ar\/noticias\/wp-content\/uploads\/2024\/08\/Consaguirre-scaled.jpg","contentUrl":"https:\/\/web.consaguirre.com.ar\/noticias\/wp-content\/uploads\/2024\/08\/Consaguirre-scaled.jpg","caption":"Javier Figueroa"},"description":"Me llamo Javier Figueroa y soy redactor para el sitio oficial del Conservatorio de M\u00fasica Juli\u00e1n Aguirre en Buenos Aires, consaguirre.com. Apasionado por la m\u00fasica y la escritura, me esfuerzo por destacar los talentos y eventos de nuestra prestigiosa instituci\u00f3n. Mi trayectoria se nutre de una profunda admiraci\u00f3n por los artistas, haciendo de cada art\u00edculo una celebraci\u00f3n de la creatividad y la cultura musical.","sameAs":["https:\/\/web.consaguirre.com.ar\/noticias"]}]}},"_links":{"self":[{"href":"https:\/\/web.consaguirre.com.ar\/noticias\/wp-json\/wp\/v2\/posts\/1715"}],"collection":[{"href":"https:\/\/web.consaguirre.com.ar\/noticias\/wp-json\/wp\/v2\/posts"}],"about":[{"href":"https:\/\/web.consaguirre.com.ar\/noticias\/wp-json\/wp\/v2\/types\/post"}],"author":[{"embeddable":true,"href":"https:\/\/web.consaguirre.com.ar\/noticias\/wp-json\/wp\/v2\/users\/1"}],"replies":[{"embeddable":true,"href":"https:\/\/web.consaguirre.com.ar\/noticias\/wp-json\/wp\/v2\/comments?post=1715"}],"version-history":[{"count":1,"href":"https:\/\/web.consaguirre.com.ar\/noticias\/wp-json\/wp\/v2\/posts\/1715\/revisions"}],"predecessor-version":[{"id":1717,"href":"https:\/\/web.consaguirre.com.ar\/noticias\/wp-json\/wp\/v2\/posts\/1715\/revisions\/1717"}],"wp:featuredmedia":[{"embeddable":true,"href":"https:\/\/web.consaguirre.com.ar\/noticias\/wp-json\/wp\/v2\/media\/1716"}],"wp:attachment":[{"href":"https:\/\/web.consaguirre.com.ar\/noticias\/wp-json\/wp\/v2\/media?parent=1715"}],"wp:term":[{"taxonomy":"category","embeddable":true,"href":"https:\/\/web.consaguirre.com.ar\/noticias\/wp-json\/wp\/v2\/categories?post=1715"},{"taxonomy":"post_tag","embeddable":true,"href":"https:\/\/web.consaguirre.com.ar\/noticias\/wp-json\/wp\/v2\/tags?post=1715"}],"curies":[{"name":"wp","href":"https:\/\/api.w.org\/{rel}","templated":true}]}}