{"id":1712,"date":"2025-01-28T20:40:17","date_gmt":"2025-01-28T23:40:17","guid":{"rendered":"https:\/\/web.consaguirre.com.ar\/noticias\/ed-maverick-anuncia-la-nube-en-el-jardin-theatre-tour\/"},"modified":"2025-01-28T20:40:20","modified_gmt":"2025-01-28T23:40:20","slug":"ed-maverick-anuncia-la-nube-en-el-jardin-theatre-tour","status":"publish","type":"post","link":"https:\/\/web.consaguirre.com.ar\/noticias\/ed-maverick-anuncia-la-nube-en-el-jardin-theatre-tour\/","title":{"rendered":"Ed Maverick anuncia La Nube en El Jard\u00edn Theatre Tour"},"content":{"rendered":"<p><strong>Ed Maverick<\/strong> est\u00e1 tomando <em>La Nube en El Jard\u00edn<\/em> en la carretera. El cantante y compositor mexicano, conocido por su tensi\u00f3n distintiva de folk independiente profundamente personal, ha anunciado una serie de espect\u00e1culos de teatro \u00edntimos en m\u00faltiples continentes esta primavera. Es su primera gira en tres a\u00f1os.<\/p>\n<p>Los viajes de Maverick lo llevar\u00e1n a nueve ciudades en Am\u00e9rica del Norte, Europa y Am\u00e9rica del Sur. Comenzar\u00e1 en marzo con un par de espect\u00e1culos estadounidenses en el Teatro Kings de Nueva York y el Teatro United de Los \u00c1ngeles en Broadway. Cambiar\u00e1 el enfoque a Europa y el Reino Unido en la primera semana de mayo, con paradas en la Capilla Union de Londres, Heimathafen Neuk\u00f6lln de Berl\u00edn, el Coliseo Teatro de Madrid y La Cigale de Par\u00eds. La excursi\u00f3n concluye a fines de mayo con conciertos en el alcalde de Teatro de Bogot\u00e1, Julio Mario Santo Domingo, y el auditorio de Buenos Aires Belgrano.<\/p>\n<div class=\"uD-YT-container\"><img decoding=\"async\" src=\"https:\/\/web.consaguirre.com.ar\/noticias\/wp-content\/uploads\/2025\/01\/1738107617_41_Ed-Maverick-anuncia-La-Nube-en-El-Jardin-Theatre-Tour.jpg\" alt=\"Video de YouTube\"><br \/>Haga clic para cargar video<\/div>\n<p><em>La Nube en El Jard\u00edn<\/em>\u2014Cho que se traduce en las nubes en el jard\u00edn, ofrece 12 canciones m\u00e1s una pista adicional, todas presentadas como una sola pista de audio independiente que abarca 53 minutos y 49 segundos. La voz y la guitarra sin adornos de Maverick son el punto focal del proyecto, forjando una conexi\u00f3n directa con los oyentes que se magnificar\u00e1n en estos pr\u00f3ximos espect\u00e1culos de teatro. En todos los conciertos de La Nube en El Jard\u00edn, Maverick interpretar\u00e1 el \u00e1lbum en su totalidad, adem\u00e1s de otros aspectos destacados de su cat\u00e1logo.<\/p>\n<p>Maverick, originario de Delicias, Chihuahua, primero se rompi\u00f3 a los 16 a\u00f1os publicando videos de sus canciones originales y las portadas de Jake Bugg a YouTube. Su \u00e1lbum debut de 2018 <em>Mezclar pa llorar en tu cuart<\/em> (Traducci\u00f3n: Mezclar para llorar en su habitaci\u00f3n) Condujo a un acuerdo de etiqueta con EMI y un traslado a la Ciudad de M\u00e9xico. Sigui\u00f3 su EP 2021 <em>eduardo<\/em> reduciendo su sonido a los elementos esenciales crudos para el a\u00f1o pasado <em>La Nube en El Jard\u00edn<\/em>. &#8220;Las canciones eran muy simples y ven\u00edan de manera simple, as\u00ed que pens\u00e9 que deb\u00edan grabarse lo m\u00e1s simplemente posible&#8221;, dijo a Rolling Stone. &#8220;Es m\u00e1s \u00edntimo de esta manera&#8221;.<\/p><\/p>\n","protected":false},"excerpt":{"rendered":"<p>Ed Maverick est\u00e1 tomando La Nube en El Jard\u00edn en la carretera. El cantante y compositor mexicano, conocido por su tensi\u00f3n distintiva de folk independiente<\/p>\n","protected":false},"author":1,"featured_media":1713,"comment_status":"closed","ping_status":"","sticky":false,"template":"","format":"standard","meta":{"footnotes":""},"categories":[50],"tags":[56,1758,1756,1757,1759,1760],"class_list":["post-1712","post","type-post","status-publish","format-standard","has-post-thumbnail","hentry","category-el-ultimo","tag-anuncia","tag-jardin","tag-maverick","tag-nube","tag-theatre","tag-tour","generate-columns","tablet-grid-50","mobile-grid-100","grid-parent","grid-50"],"yoast_head":"<!-- This site is optimized with the Yoast SEO plugin v23.3 - https:\/\/yoast.com\/wordpress\/plugins\/seo\/ -->\n<title>Ed Maverick anuncia La Nube en El Jard\u00edn Theatre Tour<\/title>\n<meta name=\"robots\" content=\"index, follow, max-snippet:-1, max-image-preview:large, max-video-preview:-1\" \/>\n<link rel=\"canonical\" href=\"https:\/\/web.consaguirre.com.ar\/noticias\/ed-maverick-anuncia-la-nube-en-el-jardin-theatre-tour\/\" \/>\n<meta property=\"og:locale\" content=\"es_ES\" \/>\n<meta property=\"og:type\" content=\"article\" \/>\n<meta property=\"og:title\" content=\"Ed Maverick anuncia La Nube en El Jard\u00edn Theatre Tour\" \/>\n<meta property=\"og:description\" content=\"Ed Maverick est\u00e1 tomando La Nube en El Jard\u00edn en la carretera. El cantante y compositor mexicano, conocido por su tensi\u00f3n distintiva de folk independiente\" \/>\n<meta property=\"og:url\" content=\"https:\/\/web.consaguirre.com.ar\/noticias\/ed-maverick-anuncia-la-nube-en-el-jardin-theatre-tour\/\" \/>\n<meta property=\"og:site_name\" content=\"Conservatorio de M\u00fasica Juli\u00e1n Aguirre\" \/>\n<meta property=\"article:published_time\" content=\"2025-01-28T23:40:17+00:00\" \/>\n<meta property=\"article:modified_time\" content=\"2025-01-28T23:40:20+00:00\" \/>\n<meta property=\"og:image\" content=\"https:\/\/web.consaguirre.com.ar\/noticias\/wp-content\/uploads\/2025\/01\/Ed-Maverick-anuncia-La-Nube-en-El-Jardin-Theatre-Tour.jpg\" \/>\n\t<meta property=\"og:image:width\" content=\"1280\" \/>\n\t<meta property=\"og:image:height\" content=\"1280\" \/>\n\t<meta property=\"og:image:type\" content=\"image\/jpeg\" \/>\n<meta name=\"author\" content=\"Javier Figueroa\" \/>\n<meta name=\"twitter:card\" content=\"summary_large_image\" \/>\n<meta name=\"twitter:label1\" content=\"Escrito por\" \/>\n\t<meta name=\"twitter:data1\" content=\"Javier Figueroa\" \/>\n\t<meta name=\"twitter:label2\" content=\"Tiempo de lectura\" \/>\n\t<meta name=\"twitter:data2\" content=\"2 minutos\" \/>\n<script type=\"application\/ld+json\" class=\"yoast-schema-graph\">{\"@context\":\"https:\/\/schema.org\",\"@graph\":[{\"@type\":\"Article\",\"@id\":\"https:\/\/web.consaguirre.com.ar\/noticias\/ed-maverick-anuncia-la-nube-en-el-jardin-theatre-tour\/#article\",\"isPartOf\":{\"@id\":\"https:\/\/web.consaguirre.com.ar\/noticias\/ed-maverick-anuncia-la-nube-en-el-jardin-theatre-tour\/\"},\"author\":{\"name\":\"Javier Figueroa\",\"@id\":\"https:\/\/web.consaguirre.com.ar\/noticias\/#\/schema\/person\/6558b0cfedee7ddc5425602b237d5722\"},\"headline\":\"Ed Maverick anuncia La Nube en El Jard\u00edn Theatre Tour\",\"datePublished\":\"2025-01-28T23:40:17+00:00\",\"dateModified\":\"2025-01-28T23:40:20+00:00\",\"mainEntityOfPage\":{\"@id\":\"https:\/\/web.consaguirre.com.ar\/noticias\/ed-maverick-anuncia-la-nube-en-el-jardin-theatre-tour\/\"},\"wordCount\":404,\"publisher\":{\"@id\":\"https:\/\/web.consaguirre.com.ar\/noticias\/#organization\"},\"image\":{\"@id\":\"https:\/\/web.consaguirre.com.ar\/noticias\/ed-maverick-anuncia-la-nube-en-el-jardin-theatre-tour\/#primaryimage\"},\"thumbnailUrl\":\"https:\/\/web.consaguirre.com.ar\/noticias\/wp-content\/uploads\/2025\/01\/Ed-Maverick-anuncia-La-Nube-en-El-Jardin-Theatre-Tour.jpg\",\"keywords\":[\"anuncia\",\"Jard\u00edn\",\"Maverick\",\"Nube\",\"Theatre\",\"Tour\"],\"articleSection\":[\"El \u00faltimo\"],\"inLanguage\":\"es-AR\"},{\"@type\":\"WebPage\",\"@id\":\"https:\/\/web.consaguirre.com.ar\/noticias\/ed-maverick-anuncia-la-nube-en-el-jardin-theatre-tour\/\",\"url\":\"https:\/\/web.consaguirre.com.ar\/noticias\/ed-maverick-anuncia-la-nube-en-el-jardin-theatre-tour\/\",\"name\":\"Ed Maverick anuncia La Nube en El Jard\u00edn Theatre Tour\",\"isPartOf\":{\"@id\":\"https:\/\/web.consaguirre.com.ar\/noticias\/#website\"},\"primaryImageOfPage\":{\"@id\":\"https:\/\/web.consaguirre.com.ar\/noticias\/ed-maverick-anuncia-la-nube-en-el-jardin-theatre-tour\/#primaryimage\"},\"image\":{\"@id\":\"https:\/\/web.consaguirre.com.ar\/noticias\/ed-maverick-anuncia-la-nube-en-el-jardin-theatre-tour\/#primaryimage\"},\"thumbnailUrl\":\"https:\/\/web.consaguirre.com.ar\/noticias\/wp-content\/uploads\/2025\/01\/Ed-Maverick-anuncia-La-Nube-en-El-Jardin-Theatre-Tour.jpg\",\"datePublished\":\"2025-01-28T23:40:17+00:00\",\"dateModified\":\"2025-01-28T23:40:20+00:00\",\"breadcrumb\":{\"@id\":\"https:\/\/web.consaguirre.com.ar\/noticias\/ed-maverick-anuncia-la-nube-en-el-jardin-theatre-tour\/#breadcrumb\"},\"inLanguage\":\"es-AR\",\"potentialAction\":[{\"@type\":\"ReadAction\",\"target\":[\"https:\/\/web.consaguirre.com.ar\/noticias\/ed-maverick-anuncia-la-nube-en-el-jardin-theatre-tour\/\"]}]},{\"@type\":\"ImageObject\",\"inLanguage\":\"es-AR\",\"@id\":\"https:\/\/web.consaguirre.com.ar\/noticias\/ed-maverick-anuncia-la-nube-en-el-jardin-theatre-tour\/#primaryimage\",\"url\":\"https:\/\/web.consaguirre.com.ar\/noticias\/wp-content\/uploads\/2025\/01\/Ed-Maverick-anuncia-La-Nube-en-El-Jardin-Theatre-Tour.jpg\",\"contentUrl\":\"https:\/\/web.consaguirre.com.ar\/noticias\/wp-content\/uploads\/2025\/01\/Ed-Maverick-anuncia-La-Nube-en-El-Jardin-Theatre-Tour.jpg\",\"width\":1280,\"height\":1280,\"caption\":\"Ed Maverick anuncia La Nube en El Jard\u00edn Theatre Tour\"},{\"@type\":\"BreadcrumbList\",\"@id\":\"https:\/\/web.consaguirre.com.ar\/noticias\/ed-maverick-anuncia-la-nube-en-el-jardin-theatre-tour\/#breadcrumb\",\"itemListElement\":[{\"@type\":\"ListItem\",\"position\":1,\"name\":\"Inicio\",\"item\":\"https:\/\/web.consaguirre.com.ar\/noticias\/\"},{\"@type\":\"ListItem\",\"position\":2,\"name\":\"Ed Maverick anuncia La Nube en El Jard\u00edn Theatre Tour\"}]},{\"@type\":\"WebSite\",\"@id\":\"https:\/\/web.consaguirre.com.ar\/noticias\/#website\",\"url\":\"https:\/\/web.consaguirre.com.ar\/noticias\/\",\"name\":\"Conservatorio de M\u00fasica Juli\u00e1n Aguirre\",\"description\":\"\",\"publisher\":{\"@id\":\"https:\/\/web.consaguirre.com.ar\/noticias\/#organization\"},\"potentialAction\":[{\"@type\":\"SearchAction\",\"target\":{\"@type\":\"EntryPoint\",\"urlTemplate\":\"https:\/\/web.consaguirre.com.ar\/noticias\/?s={search_term_string}\"},\"query-input\":\"required name=search_term_string\"}],\"inLanguage\":\"es-AR\"},{\"@type\":\"Organization\",\"@id\":\"https:\/\/web.consaguirre.com.ar\/noticias\/#organization\",\"name\":\"Conservatorio de M\u00fasica Juli\u00e1n Aguirre\",\"url\":\"https:\/\/web.consaguirre.com.ar\/noticias\/\",\"logo\":{\"@type\":\"ImageObject\",\"inLanguage\":\"es-AR\",\"@id\":\"https:\/\/web.consaguirre.com.ar\/noticias\/#\/schema\/logo\/image\/\",\"url\":\"https:\/\/web.consaguirre.com.ar\/noticias\/wp-content\/uploads\/2024\/08\/Banner-Aguirre-23.jpg\",\"contentUrl\":\"https:\/\/web.consaguirre.com.ar\/noticias\/wp-content\/uploads\/2024\/08\/Banner-Aguirre-23.jpg\",\"width\":1192,\"height\":600,\"caption\":\"Conservatorio de M\u00fasica Juli\u00e1n Aguirre\"},\"image\":{\"@id\":\"https:\/\/web.consaguirre.com.ar\/noticias\/#\/schema\/logo\/image\/\"}},{\"@type\":\"Person\",\"@id\":\"https:\/\/web.consaguirre.com.ar\/noticias\/#\/schema\/person\/6558b0cfedee7ddc5425602b237d5722\",\"name\":\"Javier Figueroa\",\"image\":{\"@type\":\"ImageObject\",\"inLanguage\":\"es-AR\",\"@id\":\"https:\/\/web.consaguirre.com.ar\/noticias\/#\/schema\/person\/image\/\",\"url\":\"https:\/\/web.consaguirre.com.ar\/noticias\/wp-content\/uploads\/2024\/08\/Consaguirre-scaled.jpg\",\"contentUrl\":\"https:\/\/web.consaguirre.com.ar\/noticias\/wp-content\/uploads\/2024\/08\/Consaguirre-scaled.jpg\",\"caption\":\"Javier Figueroa\"},\"description\":\"Me llamo Javier Figueroa y soy redactor para el sitio oficial del Conservatorio de M\u00fasica Juli\u00e1n Aguirre en Buenos Aires, consaguirre.com. Apasionado por la m\u00fasica y la escritura, me esfuerzo por destacar los talentos y eventos de nuestra prestigiosa instituci\u00f3n. Mi trayectoria se nutre de una profunda admiraci\u00f3n por los artistas, haciendo de cada art\u00edculo una celebraci\u00f3n de la creatividad y la cultura musical.\",\"sameAs\":[\"https:\/\/web.consaguirre.com.ar\/noticias\"]}]}<\/script>\n<!-- \/ Yoast SEO plugin. -->","yoast_head_json":{"title":"Ed Maverick anuncia La Nube en El Jard\u00edn Theatre Tour","robots":{"index":"index","follow":"follow","max-snippet":"max-snippet:-1","max-image-preview":"max-image-preview:large","max-video-preview":"max-video-preview:-1"},"canonical":"https:\/\/web.consaguirre.com.ar\/noticias\/ed-maverick-anuncia-la-nube-en-el-jardin-theatre-tour\/","og_locale":"es_ES","og_type":"article","og_title":"Ed Maverick anuncia La Nube en El Jard\u00edn Theatre Tour","og_description":"Ed Maverick est\u00e1 tomando La Nube en El Jard\u00edn en la carretera. El cantante y compositor mexicano, conocido por su tensi\u00f3n distintiva de folk independiente","og_url":"https:\/\/web.consaguirre.com.ar\/noticias\/ed-maverick-anuncia-la-nube-en-el-jardin-theatre-tour\/","og_site_name":"Conservatorio de M\u00fasica Juli\u00e1n Aguirre","article_published_time":"2025-01-28T23:40:17+00:00","article_modified_time":"2025-01-28T23:40:20+00:00","og_image":[{"width":1280,"height":1280,"url":"https:\/\/web.consaguirre.com.ar\/noticias\/wp-content\/uploads\/2025\/01\/Ed-Maverick-anuncia-La-Nube-en-El-Jardin-Theatre-Tour.jpg","type":"image\/jpeg"}],"author":"Javier Figueroa","twitter_card":"summary_large_image","twitter_misc":{"Escrito por":"Javier Figueroa","Tiempo de lectura":"2 minutos"},"schema":{"@context":"https:\/\/schema.org","@graph":[{"@type":"Article","@id":"https:\/\/web.consaguirre.com.ar\/noticias\/ed-maverick-anuncia-la-nube-en-el-jardin-theatre-tour\/#article","isPartOf":{"@id":"https:\/\/web.consaguirre.com.ar\/noticias\/ed-maverick-anuncia-la-nube-en-el-jardin-theatre-tour\/"},"author":{"name":"Javier Figueroa","@id":"https:\/\/web.consaguirre.com.ar\/noticias\/#\/schema\/person\/6558b0cfedee7ddc5425602b237d5722"},"headline":"Ed Maverick anuncia La Nube en El Jard\u00edn Theatre Tour","datePublished":"2025-01-28T23:40:17+00:00","dateModified":"2025-01-28T23:40:20+00:00","mainEntityOfPage":{"@id":"https:\/\/web.consaguirre.com.ar\/noticias\/ed-maverick-anuncia-la-nube-en-el-jardin-theatre-tour\/"},"wordCount":404,"publisher":{"@id":"https:\/\/web.consaguirre.com.ar\/noticias\/#organization"},"image":{"@id":"https:\/\/web.consaguirre.com.ar\/noticias\/ed-maverick-anuncia-la-nube-en-el-jardin-theatre-tour\/#primaryimage"},"thumbnailUrl":"https:\/\/web.consaguirre.com.ar\/noticias\/wp-content\/uploads\/2025\/01\/Ed-Maverick-anuncia-La-Nube-en-El-Jardin-Theatre-Tour.jpg","keywords":["anuncia","Jard\u00edn","Maverick","Nube","Theatre","Tour"],"articleSection":["El \u00faltimo"],"inLanguage":"es-AR"},{"@type":"WebPage","@id":"https:\/\/web.consaguirre.com.ar\/noticias\/ed-maverick-anuncia-la-nube-en-el-jardin-theatre-tour\/","url":"https:\/\/web.consaguirre.com.ar\/noticias\/ed-maverick-anuncia-la-nube-en-el-jardin-theatre-tour\/","name":"Ed Maverick anuncia La Nube en El Jard\u00edn Theatre Tour","isPartOf":{"@id":"https:\/\/web.consaguirre.com.ar\/noticias\/#website"},"primaryImageOfPage":{"@id":"https:\/\/web.consaguirre.com.ar\/noticias\/ed-maverick-anuncia-la-nube-en-el-jardin-theatre-tour\/#primaryimage"},"image":{"@id":"https:\/\/web.consaguirre.com.ar\/noticias\/ed-maverick-anuncia-la-nube-en-el-jardin-theatre-tour\/#primaryimage"},"thumbnailUrl":"https:\/\/web.consaguirre.com.ar\/noticias\/wp-content\/uploads\/2025\/01\/Ed-Maverick-anuncia-La-Nube-en-El-Jardin-Theatre-Tour.jpg","datePublished":"2025-01-28T23:40:17+00:00","dateModified":"2025-01-28T23:40:20+00:00","breadcrumb":{"@id":"https:\/\/web.consaguirre.com.ar\/noticias\/ed-maverick-anuncia-la-nube-en-el-jardin-theatre-tour\/#breadcrumb"},"inLanguage":"es-AR","potentialAction":[{"@type":"ReadAction","target":["https:\/\/web.consaguirre.com.ar\/noticias\/ed-maverick-anuncia-la-nube-en-el-jardin-theatre-tour\/"]}]},{"@type":"ImageObject","inLanguage":"es-AR","@id":"https:\/\/web.consaguirre.com.ar\/noticias\/ed-maverick-anuncia-la-nube-en-el-jardin-theatre-tour\/#primaryimage","url":"https:\/\/web.consaguirre.com.ar\/noticias\/wp-content\/uploads\/2025\/01\/Ed-Maverick-anuncia-La-Nube-en-El-Jardin-Theatre-Tour.jpg","contentUrl":"https:\/\/web.consaguirre.com.ar\/noticias\/wp-content\/uploads\/2025\/01\/Ed-Maverick-anuncia-La-Nube-en-El-Jardin-Theatre-Tour.jpg","width":1280,"height":1280,"caption":"Ed Maverick anuncia La Nube en El Jard\u00edn Theatre Tour"},{"@type":"BreadcrumbList","@id":"https:\/\/web.consaguirre.com.ar\/noticias\/ed-maverick-anuncia-la-nube-en-el-jardin-theatre-tour\/#breadcrumb","itemListElement":[{"@type":"ListItem","position":1,"name":"Inicio","item":"https:\/\/web.consaguirre.com.ar\/noticias\/"},{"@type":"ListItem","position":2,"name":"Ed Maverick anuncia La Nube en El Jard\u00edn Theatre Tour"}]},{"@type":"WebSite","@id":"https:\/\/web.consaguirre.com.ar\/noticias\/#website","url":"https:\/\/web.consaguirre.com.ar\/noticias\/","name":"Conservatorio de M\u00fasica Juli\u00e1n Aguirre","description":"","publisher":{"@id":"https:\/\/web.consaguirre.com.ar\/noticias\/#organization"},"potentialAction":[{"@type":"SearchAction","target":{"@type":"EntryPoint","urlTemplate":"https:\/\/web.consaguirre.com.ar\/noticias\/?s={search_term_string}"},"query-input":"required name=search_term_string"}],"inLanguage":"es-AR"},{"@type":"Organization","@id":"https:\/\/web.consaguirre.com.ar\/noticias\/#organization","name":"Conservatorio de M\u00fasica Juli\u00e1n Aguirre","url":"https:\/\/web.consaguirre.com.ar\/noticias\/","logo":{"@type":"ImageObject","inLanguage":"es-AR","@id":"https:\/\/web.consaguirre.com.ar\/noticias\/#\/schema\/logo\/image\/","url":"https:\/\/web.consaguirre.com.ar\/noticias\/wp-content\/uploads\/2024\/08\/Banner-Aguirre-23.jpg","contentUrl":"https:\/\/web.consaguirre.com.ar\/noticias\/wp-content\/uploads\/2024\/08\/Banner-Aguirre-23.jpg","width":1192,"height":600,"caption":"Conservatorio de M\u00fasica Juli\u00e1n Aguirre"},"image":{"@id":"https:\/\/web.consaguirre.com.ar\/noticias\/#\/schema\/logo\/image\/"}},{"@type":"Person","@id":"https:\/\/web.consaguirre.com.ar\/noticias\/#\/schema\/person\/6558b0cfedee7ddc5425602b237d5722","name":"Javier Figueroa","image":{"@type":"ImageObject","inLanguage":"es-AR","@id":"https:\/\/web.consaguirre.com.ar\/noticias\/#\/schema\/person\/image\/","url":"https:\/\/web.consaguirre.com.ar\/noticias\/wp-content\/uploads\/2024\/08\/Consaguirre-scaled.jpg","contentUrl":"https:\/\/web.consaguirre.com.ar\/noticias\/wp-content\/uploads\/2024\/08\/Consaguirre-scaled.jpg","caption":"Javier Figueroa"},"description":"Me llamo Javier Figueroa y soy redactor para el sitio oficial del Conservatorio de M\u00fasica Juli\u00e1n Aguirre en Buenos Aires, consaguirre.com. Apasionado por la m\u00fasica y la escritura, me esfuerzo por destacar los talentos y eventos de nuestra prestigiosa instituci\u00f3n. Mi trayectoria se nutre de una profunda admiraci\u00f3n por los artistas, haciendo de cada art\u00edculo una celebraci\u00f3n de la creatividad y la cultura musical.","sameAs":["https:\/\/web.consaguirre.com.ar\/noticias"]}]}},"_links":{"self":[{"href":"https:\/\/web.consaguirre.com.ar\/noticias\/wp-json\/wp\/v2\/posts\/1712"}],"collection":[{"href":"https:\/\/web.consaguirre.com.ar\/noticias\/wp-json\/wp\/v2\/posts"}],"about":[{"href":"https:\/\/web.consaguirre.com.ar\/noticias\/wp-json\/wp\/v2\/types\/post"}],"author":[{"embeddable":true,"href":"https:\/\/web.consaguirre.com.ar\/noticias\/wp-json\/wp\/v2\/users\/1"}],"replies":[{"embeddable":true,"href":"https:\/\/web.consaguirre.com.ar\/noticias\/wp-json\/wp\/v2\/comments?post=1712"}],"version-history":[{"count":1,"href":"https:\/\/web.consaguirre.com.ar\/noticias\/wp-json\/wp\/v2\/posts\/1712\/revisions"}],"predecessor-version":[{"id":1714,"href":"https:\/\/web.consaguirre.com.ar\/noticias\/wp-json\/wp\/v2\/posts\/1712\/revisions\/1714"}],"wp:featuredmedia":[{"embeddable":true,"href":"https:\/\/web.consaguirre.com.ar\/noticias\/wp-json\/wp\/v2\/media\/1713"}],"wp:attachment":[{"href":"https:\/\/web.consaguirre.com.ar\/noticias\/wp-json\/wp\/v2\/media?parent=1712"}],"wp:term":[{"taxonomy":"category","embeddable":true,"href":"https:\/\/web.consaguirre.com.ar\/noticias\/wp-json\/wp\/v2\/categories?post=1712"},{"taxonomy":"post_tag","embeddable":true,"href":"https:\/\/web.consaguirre.com.ar\/noticias\/wp-json\/wp\/v2\/tags?post=1712"}],"curies":[{"name":"wp","href":"https:\/\/api.w.org\/{rel}","templated":true}]}}