{"id":1697,"date":"2025-01-27T17:40:05","date_gmt":"2025-01-27T20:40:05","guid":{"rendered":"https:\/\/web.consaguirre.com.ar\/noticias\/mira-a-roger-taylor-derribar-la-bateria-en-queen-i\/"},"modified":"2025-01-27T17:40:06","modified_gmt":"2025-01-27T20:40:06","slug":"mira-a-roger-taylor-derribar-la-bateria-en-queen-i","status":"publish","type":"post","link":"https:\/\/web.consaguirre.com.ar\/noticias\/mira-a-roger-taylor-derribar-la-bateria-en-queen-i\/","title":{"rendered":"Mira a Roger Taylor derribar la bater\u00eda en &#8216;Queen I&#8217;"},"content":{"rendered":"<p>El sexto y \u00faltimo episodio de <strong>Reina<\/strong>La serie web de varias partes sobre el \u00e1lbum debut del grupo analiza profundamente el sonido de bater\u00eda singular de la banda. La serie llega como parte de una celebraci\u00f3n del debut hom\u00f3nimo de 1973 de la banda, que recientemente fue remezclado, remasterizado y expandido.<\/p>\n<p>El sonido del tambor de Taylor ser\u00eda una parte integral de las actuaciones de Queen, ya sea en el estudio o en vivo, donde su interpretaci\u00f3n lanzar\u00eda al p\u00fablico a un frenes\u00ed. Pero como se muestra en el episodio, Taylor no estaba contento con el sonido final del tambor en el debut hom\u00f3nimo de la banda.<\/p>\n<div class=\"uD-YT-container\"><img decoding=\"async\" src=\"https:\/\/web.consaguirre.com.ar\/noticias\/wp-content\/uploads\/2025\/01\/1738010405_245_Mira-a-Roger-Taylor-derribar-la-bateria-en-Queen-I.jpg\" alt=\"Video de YouTube\"><br \/>Haga clic para cargar video<\/div>\n<p>Despu\u00e9s de grabar una serie de demostraciones en De Lane Lea Studios, Queen se dirigi\u00f3 a Trident Studios. &#8220;En Trident, se sinti\u00f3 como, &#8216;Ok, ahora estamos en eso&#8217;, pero realmente no segu\u00ed con sus ideas&#8221;, dice Taylor. \u201cTen\u00edan una cabina de bater\u00eda y era un sonido bien conocido: muy seco y muerto, que no es lo que quer\u00eda. Quer\u00eda escuchar la bater\u00eda resuena &#8220;.<\/p>\n<p>En Trident Studios, Taylor se vio obligado a tocar en un kit de tambor acr\u00edlico Hayman en lugar de su configuraci\u00f3n preferida. &#8220;Realmente me pas\u00e9 mal jugando ese kit, por eso, en realidad, si escuchas las demos, que jugu\u00e9 en mi kit relativamente barato en De Lane Lea, es un est\u00e1ndar m\u00e1s alto de tambores. Est\u00e1 bastante ocupado, pero tiene sentido. Y es mejor escucharlo &#8220;.<\/p>\n<p>&#8220;The Drum Sound&#8221; permite a los espectadores decidir por s\u00ed mismos y compara las versiones originales en De Lane Lea Studios y Trident con la remasterizaci\u00f3n en el nuevo conjunto de caja.<\/p>\n<p>&#8220;Lo que hemos hecho ahora con <em>Reina yo<\/em> \u00bfHemos usado todas las grabaciones reales, pero hemos hecho que suene m\u00e1s como si quisi\u00e9ramos que sonara en ese momento \u201d, explica Taylor? \u201cEntonces es &#8216;h\u00edgado&#8217;, los tambores est\u00e1n m\u00e1s vivos y m\u00e1s ambientales. Entonces, para m\u00ed, es una mejora significativa, y s\u00e9 que Brian siente lo mismo &#8220;.<\/p>\n<p><strong>Ordenar reina <em>Reina yo<\/em> ahora.<\/strong><\/p>\n","protected":false},"excerpt":{"rendered":"<p>El sexto y \u00faltimo episodio de ReinaLa serie web de varias partes sobre el \u00e1lbum debut del grupo analiza profundamente el sonido de bater\u00eda singular<\/p>\n","protected":false},"author":1,"featured_media":1698,"comment_status":"closed","ping_status":"","sticky":false,"template":"","format":"standard","meta":{"footnotes":""},"categories":[50],"tags":[1229,1744,77,597,1480,172],"class_list":["post-1697","post","type-post","status-publish","format-standard","has-post-thumbnail","hentry","category-el-ultimo","tag-bateria","tag-derribar","tag-mira","tag-queen","tag-roger","tag-taylor","generate-columns","tablet-grid-50","mobile-grid-100","grid-parent","grid-50"],"yoast_head":"<!-- This site is optimized with the Yoast SEO plugin v23.3 - https:\/\/yoast.com\/wordpress\/plugins\/seo\/ -->\n<title>Mira a Roger Taylor derribar la bater\u00eda en &#039;Queen I&#039;<\/title>\n<meta name=\"robots\" content=\"index, follow, max-snippet:-1, max-image-preview:large, max-video-preview:-1\" \/>\n<link rel=\"canonical\" href=\"https:\/\/web.consaguirre.com.ar\/noticias\/mira-a-roger-taylor-derribar-la-bateria-en-queen-i\/\" \/>\n<meta property=\"og:locale\" content=\"es_ES\" \/>\n<meta property=\"og:type\" content=\"article\" \/>\n<meta property=\"og:title\" content=\"Mira a Roger Taylor derribar la bater\u00eda en &#039;Queen I&#039;\" \/>\n<meta property=\"og:description\" content=\"El sexto y \u00faltimo episodio de ReinaLa serie web de varias partes sobre el \u00e1lbum debut del grupo analiza profundamente el sonido de bater\u00eda singular\" \/>\n<meta property=\"og:url\" content=\"https:\/\/web.consaguirre.com.ar\/noticias\/mira-a-roger-taylor-derribar-la-bateria-en-queen-i\/\" \/>\n<meta property=\"og:site_name\" content=\"Conservatorio de M\u00fasica Juli\u00e1n Aguirre\" \/>\n<meta property=\"article:published_time\" content=\"2025-01-27T20:40:05+00:00\" \/>\n<meta property=\"article:modified_time\" content=\"2025-01-27T20:40:06+00:00\" \/>\n<meta property=\"og:image\" content=\"https:\/\/web.consaguirre.com.ar\/noticias\/wp-content\/uploads\/2025\/01\/Mira-a-Roger-Taylor-derribar-la-bateria-en-Queen-I.jpg\" \/>\n\t<meta property=\"og:image:width\" content=\"1440\" \/>\n\t<meta property=\"og:image:height\" content=\"864\" \/>\n\t<meta property=\"og:image:type\" content=\"image\/jpeg\" \/>\n<meta name=\"author\" content=\"Javier Figueroa\" \/>\n<meta name=\"twitter:card\" content=\"summary_large_image\" \/>\n<meta name=\"twitter:label1\" content=\"Escrito por\" \/>\n\t<meta name=\"twitter:data1\" content=\"Javier Figueroa\" \/>\n\t<meta name=\"twitter:label2\" content=\"Tiempo de lectura\" \/>\n\t<meta name=\"twitter:data2\" content=\"2 minutos\" \/>\n<script type=\"application\/ld+json\" class=\"yoast-schema-graph\">{\"@context\":\"https:\/\/schema.org\",\"@graph\":[{\"@type\":\"Article\",\"@id\":\"https:\/\/web.consaguirre.com.ar\/noticias\/mira-a-roger-taylor-derribar-la-bateria-en-queen-i\/#article\",\"isPartOf\":{\"@id\":\"https:\/\/web.consaguirre.com.ar\/noticias\/mira-a-roger-taylor-derribar-la-bateria-en-queen-i\/\"},\"author\":{\"name\":\"Javier Figueroa\",\"@id\":\"https:\/\/web.consaguirre.com.ar\/noticias\/#\/schema\/person\/6558b0cfedee7ddc5425602b237d5722\"},\"headline\":\"Mira a Roger Taylor derribar la bater\u00eda en &#8216;Queen I&#8217;\",\"datePublished\":\"2025-01-27T20:40:05+00:00\",\"dateModified\":\"2025-01-27T20:40:06+00:00\",\"mainEntityOfPage\":{\"@id\":\"https:\/\/web.consaguirre.com.ar\/noticias\/mira-a-roger-taylor-derribar-la-bateria-en-queen-i\/\"},\"wordCount\":367,\"publisher\":{\"@id\":\"https:\/\/web.consaguirre.com.ar\/noticias\/#organization\"},\"image\":{\"@id\":\"https:\/\/web.consaguirre.com.ar\/noticias\/mira-a-roger-taylor-derribar-la-bateria-en-queen-i\/#primaryimage\"},\"thumbnailUrl\":\"https:\/\/web.consaguirre.com.ar\/noticias\/wp-content\/uploads\/2025\/01\/Mira-a-Roger-Taylor-derribar-la-bateria-en-Queen-I.jpg\",\"keywords\":[\"bater\u00eda\",\"derribar\",\"Mira\",\"Queen\",\"Roger\",\"Taylor\"],\"articleSection\":[\"El \u00faltimo\"],\"inLanguage\":\"es-AR\"},{\"@type\":\"WebPage\",\"@id\":\"https:\/\/web.consaguirre.com.ar\/noticias\/mira-a-roger-taylor-derribar-la-bateria-en-queen-i\/\",\"url\":\"https:\/\/web.consaguirre.com.ar\/noticias\/mira-a-roger-taylor-derribar-la-bateria-en-queen-i\/\",\"name\":\"Mira a Roger Taylor derribar la bater\u00eda en 'Queen I'\",\"isPartOf\":{\"@id\":\"https:\/\/web.consaguirre.com.ar\/noticias\/#website\"},\"primaryImageOfPage\":{\"@id\":\"https:\/\/web.consaguirre.com.ar\/noticias\/mira-a-roger-taylor-derribar-la-bateria-en-queen-i\/#primaryimage\"},\"image\":{\"@id\":\"https:\/\/web.consaguirre.com.ar\/noticias\/mira-a-roger-taylor-derribar-la-bateria-en-queen-i\/#primaryimage\"},\"thumbnailUrl\":\"https:\/\/web.consaguirre.com.ar\/noticias\/wp-content\/uploads\/2025\/01\/Mira-a-Roger-Taylor-derribar-la-bateria-en-Queen-I.jpg\",\"datePublished\":\"2025-01-27T20:40:05+00:00\",\"dateModified\":\"2025-01-27T20:40:06+00:00\",\"breadcrumb\":{\"@id\":\"https:\/\/web.consaguirre.com.ar\/noticias\/mira-a-roger-taylor-derribar-la-bateria-en-queen-i\/#breadcrumb\"},\"inLanguage\":\"es-AR\",\"potentialAction\":[{\"@type\":\"ReadAction\",\"target\":[\"https:\/\/web.consaguirre.com.ar\/noticias\/mira-a-roger-taylor-derribar-la-bateria-en-queen-i\/\"]}]},{\"@type\":\"ImageObject\",\"inLanguage\":\"es-AR\",\"@id\":\"https:\/\/web.consaguirre.com.ar\/noticias\/mira-a-roger-taylor-derribar-la-bateria-en-queen-i\/#primaryimage\",\"url\":\"https:\/\/web.consaguirre.com.ar\/noticias\/wp-content\/uploads\/2025\/01\/Mira-a-Roger-Taylor-derribar-la-bateria-en-Queen-I.jpg\",\"contentUrl\":\"https:\/\/web.consaguirre.com.ar\/noticias\/wp-content\/uploads\/2025\/01\/Mira-a-Roger-Taylor-derribar-la-bateria-en-Queen-I.jpg\",\"width\":1440,\"height\":864,\"caption\":\"Mira a Roger Taylor derribar la bater\u00eda en 'Queen I'\"},{\"@type\":\"BreadcrumbList\",\"@id\":\"https:\/\/web.consaguirre.com.ar\/noticias\/mira-a-roger-taylor-derribar-la-bateria-en-queen-i\/#breadcrumb\",\"itemListElement\":[{\"@type\":\"ListItem\",\"position\":1,\"name\":\"Inicio\",\"item\":\"https:\/\/web.consaguirre.com.ar\/noticias\/\"},{\"@type\":\"ListItem\",\"position\":2,\"name\":\"Mira a Roger Taylor derribar la bater\u00eda en &#8216;Queen I&#8217;\"}]},{\"@type\":\"WebSite\",\"@id\":\"https:\/\/web.consaguirre.com.ar\/noticias\/#website\",\"url\":\"https:\/\/web.consaguirre.com.ar\/noticias\/\",\"name\":\"Conservatorio de M\u00fasica Juli\u00e1n Aguirre\",\"description\":\"\",\"publisher\":{\"@id\":\"https:\/\/web.consaguirre.com.ar\/noticias\/#organization\"},\"potentialAction\":[{\"@type\":\"SearchAction\",\"target\":{\"@type\":\"EntryPoint\",\"urlTemplate\":\"https:\/\/web.consaguirre.com.ar\/noticias\/?s={search_term_string}\"},\"query-input\":\"required name=search_term_string\"}],\"inLanguage\":\"es-AR\"},{\"@type\":\"Organization\",\"@id\":\"https:\/\/web.consaguirre.com.ar\/noticias\/#organization\",\"name\":\"Conservatorio de M\u00fasica Juli\u00e1n Aguirre\",\"url\":\"https:\/\/web.consaguirre.com.ar\/noticias\/\",\"logo\":{\"@type\":\"ImageObject\",\"inLanguage\":\"es-AR\",\"@id\":\"https:\/\/web.consaguirre.com.ar\/noticias\/#\/schema\/logo\/image\/\",\"url\":\"https:\/\/web.consaguirre.com.ar\/noticias\/wp-content\/uploads\/2024\/08\/Banner-Aguirre-23.jpg\",\"contentUrl\":\"https:\/\/web.consaguirre.com.ar\/noticias\/wp-content\/uploads\/2024\/08\/Banner-Aguirre-23.jpg\",\"width\":1192,\"height\":600,\"caption\":\"Conservatorio de M\u00fasica Juli\u00e1n Aguirre\"},\"image\":{\"@id\":\"https:\/\/web.consaguirre.com.ar\/noticias\/#\/schema\/logo\/image\/\"}},{\"@type\":\"Person\",\"@id\":\"https:\/\/web.consaguirre.com.ar\/noticias\/#\/schema\/person\/6558b0cfedee7ddc5425602b237d5722\",\"name\":\"Javier Figueroa\",\"image\":{\"@type\":\"ImageObject\",\"inLanguage\":\"es-AR\",\"@id\":\"https:\/\/web.consaguirre.com.ar\/noticias\/#\/schema\/person\/image\/\",\"url\":\"https:\/\/web.consaguirre.com.ar\/noticias\/wp-content\/uploads\/2024\/08\/Consaguirre-scaled.jpg\",\"contentUrl\":\"https:\/\/web.consaguirre.com.ar\/noticias\/wp-content\/uploads\/2024\/08\/Consaguirre-scaled.jpg\",\"caption\":\"Javier Figueroa\"},\"description\":\"Me llamo Javier Figueroa y soy redactor para el sitio oficial del Conservatorio de M\u00fasica Juli\u00e1n Aguirre en Buenos Aires, consaguirre.com. Apasionado por la m\u00fasica y la escritura, me esfuerzo por destacar los talentos y eventos de nuestra prestigiosa instituci\u00f3n. Mi trayectoria se nutre de una profunda admiraci\u00f3n por los artistas, haciendo de cada art\u00edculo una celebraci\u00f3n de la creatividad y la cultura musical.\",\"sameAs\":[\"https:\/\/web.consaguirre.com.ar\/noticias\"]}]}<\/script>\n<!-- \/ Yoast SEO plugin. -->","yoast_head_json":{"title":"Mira a Roger Taylor derribar la bater\u00eda en 'Queen I'","robots":{"index":"index","follow":"follow","max-snippet":"max-snippet:-1","max-image-preview":"max-image-preview:large","max-video-preview":"max-video-preview:-1"},"canonical":"https:\/\/web.consaguirre.com.ar\/noticias\/mira-a-roger-taylor-derribar-la-bateria-en-queen-i\/","og_locale":"es_ES","og_type":"article","og_title":"Mira a Roger Taylor derribar la bater\u00eda en 'Queen I'","og_description":"El sexto y \u00faltimo episodio de ReinaLa serie web de varias partes sobre el \u00e1lbum debut del grupo analiza profundamente el sonido de bater\u00eda singular","og_url":"https:\/\/web.consaguirre.com.ar\/noticias\/mira-a-roger-taylor-derribar-la-bateria-en-queen-i\/","og_site_name":"Conservatorio de M\u00fasica Juli\u00e1n Aguirre","article_published_time":"2025-01-27T20:40:05+00:00","article_modified_time":"2025-01-27T20:40:06+00:00","og_image":[{"width":1440,"height":864,"url":"https:\/\/web.consaguirre.com.ar\/noticias\/wp-content\/uploads\/2025\/01\/Mira-a-Roger-Taylor-derribar-la-bateria-en-Queen-I.jpg","type":"image\/jpeg"}],"author":"Javier Figueroa","twitter_card":"summary_large_image","twitter_misc":{"Escrito por":"Javier Figueroa","Tiempo de lectura":"2 minutos"},"schema":{"@context":"https:\/\/schema.org","@graph":[{"@type":"Article","@id":"https:\/\/web.consaguirre.com.ar\/noticias\/mira-a-roger-taylor-derribar-la-bateria-en-queen-i\/#article","isPartOf":{"@id":"https:\/\/web.consaguirre.com.ar\/noticias\/mira-a-roger-taylor-derribar-la-bateria-en-queen-i\/"},"author":{"name":"Javier Figueroa","@id":"https:\/\/web.consaguirre.com.ar\/noticias\/#\/schema\/person\/6558b0cfedee7ddc5425602b237d5722"},"headline":"Mira a Roger Taylor derribar la bater\u00eda en &#8216;Queen I&#8217;","datePublished":"2025-01-27T20:40:05+00:00","dateModified":"2025-01-27T20:40:06+00:00","mainEntityOfPage":{"@id":"https:\/\/web.consaguirre.com.ar\/noticias\/mira-a-roger-taylor-derribar-la-bateria-en-queen-i\/"},"wordCount":367,"publisher":{"@id":"https:\/\/web.consaguirre.com.ar\/noticias\/#organization"},"image":{"@id":"https:\/\/web.consaguirre.com.ar\/noticias\/mira-a-roger-taylor-derribar-la-bateria-en-queen-i\/#primaryimage"},"thumbnailUrl":"https:\/\/web.consaguirre.com.ar\/noticias\/wp-content\/uploads\/2025\/01\/Mira-a-Roger-Taylor-derribar-la-bateria-en-Queen-I.jpg","keywords":["bater\u00eda","derribar","Mira","Queen","Roger","Taylor"],"articleSection":["El \u00faltimo"],"inLanguage":"es-AR"},{"@type":"WebPage","@id":"https:\/\/web.consaguirre.com.ar\/noticias\/mira-a-roger-taylor-derribar-la-bateria-en-queen-i\/","url":"https:\/\/web.consaguirre.com.ar\/noticias\/mira-a-roger-taylor-derribar-la-bateria-en-queen-i\/","name":"Mira a Roger Taylor derribar la bater\u00eda en 'Queen I'","isPartOf":{"@id":"https:\/\/web.consaguirre.com.ar\/noticias\/#website"},"primaryImageOfPage":{"@id":"https:\/\/web.consaguirre.com.ar\/noticias\/mira-a-roger-taylor-derribar-la-bateria-en-queen-i\/#primaryimage"},"image":{"@id":"https:\/\/web.consaguirre.com.ar\/noticias\/mira-a-roger-taylor-derribar-la-bateria-en-queen-i\/#primaryimage"},"thumbnailUrl":"https:\/\/web.consaguirre.com.ar\/noticias\/wp-content\/uploads\/2025\/01\/Mira-a-Roger-Taylor-derribar-la-bateria-en-Queen-I.jpg","datePublished":"2025-01-27T20:40:05+00:00","dateModified":"2025-01-27T20:40:06+00:00","breadcrumb":{"@id":"https:\/\/web.consaguirre.com.ar\/noticias\/mira-a-roger-taylor-derribar-la-bateria-en-queen-i\/#breadcrumb"},"inLanguage":"es-AR","potentialAction":[{"@type":"ReadAction","target":["https:\/\/web.consaguirre.com.ar\/noticias\/mira-a-roger-taylor-derribar-la-bateria-en-queen-i\/"]}]},{"@type":"ImageObject","inLanguage":"es-AR","@id":"https:\/\/web.consaguirre.com.ar\/noticias\/mira-a-roger-taylor-derribar-la-bateria-en-queen-i\/#primaryimage","url":"https:\/\/web.consaguirre.com.ar\/noticias\/wp-content\/uploads\/2025\/01\/Mira-a-Roger-Taylor-derribar-la-bateria-en-Queen-I.jpg","contentUrl":"https:\/\/web.consaguirre.com.ar\/noticias\/wp-content\/uploads\/2025\/01\/Mira-a-Roger-Taylor-derribar-la-bateria-en-Queen-I.jpg","width":1440,"height":864,"caption":"Mira a Roger Taylor derribar la bater\u00eda en 'Queen I'"},{"@type":"BreadcrumbList","@id":"https:\/\/web.consaguirre.com.ar\/noticias\/mira-a-roger-taylor-derribar-la-bateria-en-queen-i\/#breadcrumb","itemListElement":[{"@type":"ListItem","position":1,"name":"Inicio","item":"https:\/\/web.consaguirre.com.ar\/noticias\/"},{"@type":"ListItem","position":2,"name":"Mira a Roger Taylor derribar la bater\u00eda en &#8216;Queen I&#8217;"}]},{"@type":"WebSite","@id":"https:\/\/web.consaguirre.com.ar\/noticias\/#website","url":"https:\/\/web.consaguirre.com.ar\/noticias\/","name":"Conservatorio de M\u00fasica Juli\u00e1n Aguirre","description":"","publisher":{"@id":"https:\/\/web.consaguirre.com.ar\/noticias\/#organization"},"potentialAction":[{"@type":"SearchAction","target":{"@type":"EntryPoint","urlTemplate":"https:\/\/web.consaguirre.com.ar\/noticias\/?s={search_term_string}"},"query-input":"required name=search_term_string"}],"inLanguage":"es-AR"},{"@type":"Organization","@id":"https:\/\/web.consaguirre.com.ar\/noticias\/#organization","name":"Conservatorio de M\u00fasica Juli\u00e1n Aguirre","url":"https:\/\/web.consaguirre.com.ar\/noticias\/","logo":{"@type":"ImageObject","inLanguage":"es-AR","@id":"https:\/\/web.consaguirre.com.ar\/noticias\/#\/schema\/logo\/image\/","url":"https:\/\/web.consaguirre.com.ar\/noticias\/wp-content\/uploads\/2024\/08\/Banner-Aguirre-23.jpg","contentUrl":"https:\/\/web.consaguirre.com.ar\/noticias\/wp-content\/uploads\/2024\/08\/Banner-Aguirre-23.jpg","width":1192,"height":600,"caption":"Conservatorio de M\u00fasica Juli\u00e1n Aguirre"},"image":{"@id":"https:\/\/web.consaguirre.com.ar\/noticias\/#\/schema\/logo\/image\/"}},{"@type":"Person","@id":"https:\/\/web.consaguirre.com.ar\/noticias\/#\/schema\/person\/6558b0cfedee7ddc5425602b237d5722","name":"Javier Figueroa","image":{"@type":"ImageObject","inLanguage":"es-AR","@id":"https:\/\/web.consaguirre.com.ar\/noticias\/#\/schema\/person\/image\/","url":"https:\/\/web.consaguirre.com.ar\/noticias\/wp-content\/uploads\/2024\/08\/Consaguirre-scaled.jpg","contentUrl":"https:\/\/web.consaguirre.com.ar\/noticias\/wp-content\/uploads\/2024\/08\/Consaguirre-scaled.jpg","caption":"Javier Figueroa"},"description":"Me llamo Javier Figueroa y soy redactor para el sitio oficial del Conservatorio de M\u00fasica Juli\u00e1n Aguirre en Buenos Aires, consaguirre.com. Apasionado por la m\u00fasica y la escritura, me esfuerzo por destacar los talentos y eventos de nuestra prestigiosa instituci\u00f3n. Mi trayectoria se nutre de una profunda admiraci\u00f3n por los artistas, haciendo de cada art\u00edculo una celebraci\u00f3n de la creatividad y la cultura musical.","sameAs":["https:\/\/web.consaguirre.com.ar\/noticias"]}]}},"_links":{"self":[{"href":"https:\/\/web.consaguirre.com.ar\/noticias\/wp-json\/wp\/v2\/posts\/1697"}],"collection":[{"href":"https:\/\/web.consaguirre.com.ar\/noticias\/wp-json\/wp\/v2\/posts"}],"about":[{"href":"https:\/\/web.consaguirre.com.ar\/noticias\/wp-json\/wp\/v2\/types\/post"}],"author":[{"embeddable":true,"href":"https:\/\/web.consaguirre.com.ar\/noticias\/wp-json\/wp\/v2\/users\/1"}],"replies":[{"embeddable":true,"href":"https:\/\/web.consaguirre.com.ar\/noticias\/wp-json\/wp\/v2\/comments?post=1697"}],"version-history":[{"count":1,"href":"https:\/\/web.consaguirre.com.ar\/noticias\/wp-json\/wp\/v2\/posts\/1697\/revisions"}],"predecessor-version":[{"id":1699,"href":"https:\/\/web.consaguirre.com.ar\/noticias\/wp-json\/wp\/v2\/posts\/1697\/revisions\/1699"}],"wp:featuredmedia":[{"embeddable":true,"href":"https:\/\/web.consaguirre.com.ar\/noticias\/wp-json\/wp\/v2\/media\/1698"}],"wp:attachment":[{"href":"https:\/\/web.consaguirre.com.ar\/noticias\/wp-json\/wp\/v2\/media?parent=1697"}],"wp:term":[{"taxonomy":"category","embeddable":true,"href":"https:\/\/web.consaguirre.com.ar\/noticias\/wp-json\/wp\/v2\/categories?post=1697"},{"taxonomy":"post_tag","embeddable":true,"href":"https:\/\/web.consaguirre.com.ar\/noticias\/wp-json\/wp\/v2\/tags?post=1697"}],"curies":[{"name":"wp","href":"https:\/\/api.w.org\/{rel}","templated":true}]}}