{"id":1694,"date":"2025-01-27T14:41:12","date_gmt":"2025-01-27T17:41:12","guid":{"rendered":"https:\/\/web.consaguirre.com.ar\/noticias\/yello-anuncia-la-reedicion-en-vinilo-del-15o-aniversario-de-touch-yello\/"},"modified":"2025-01-27T14:41:14","modified_gmt":"2025-01-27T17:41:14","slug":"yello-anuncia-la-reedicion-en-vinilo-del-15o-aniversario-de-touch-yello","status":"publish","type":"post","link":"https:\/\/web.consaguirre.com.ar\/noticias\/yello-anuncia-la-reedicion-en-vinilo-del-15o-aniversario-de-touch-yello\/","title":{"rendered":"Yello anuncia la reedici\u00f3n en vinilo del 15\u00ba aniversario de &#8216;Touch Yello&#8217;"},"content":{"rendered":"<p>D\u00fao electr\u00f3nico suizo <strong>amarillo<\/strong> han anunciado una reedici\u00f3n en vinilo del 15\u00ba aniversario de su 12\u00ba disco, <em>Toque Amarillo<\/em>.<\/p>\n<p>Publicado en 2009 en Polydor Records, <em>Toque Amarillo<\/em> Lleg\u00f3 a los treinta a\u00f1os de la carrera conjunta del d\u00fao nacido en Zurich. Adem\u00e1s de los miembros principales Boris Blank y Dieter Mier, el disco tambi\u00e9n cont\u00f3 con los invitados Till Br\u00f6nner, Heidi Happy y Dorothee Oberlinger. La nueva reedici\u00f3n, que saldr\u00e1 el 28 de febrero, estar\u00e1 disponible en una variante dorada y plateada.<\/p>\n<div class=\"uD-YT-container\"><img decoding=\"async\" src=\"https:\/\/web.consaguirre.com.ar\/noticias\/wp-content\/uploads\/2025\/01\/1737999672_243_Yello-anuncia-la-reedicion-en-vinilo-del-15o-aniversario-de.jpg\" alt=\"V\u00eddeo de YouTube\"><br \/>Haga clic para cargar v\u00eddeo<\/div>\n<p>Fundado en 1979, el gran avance del d\u00fao se produjo en 1985 con el lanzamiento de su disco. <em>estela<\/em>. El \u00e1lbum, que alcanz\u00f3 el n\u00famero uno en las listas suizas, inclu\u00eda la ahora ic\u00f3nica canci\u00f3n \u201cOh Yeah\u201d, que aparecer\u00eda de manera destacada en pel\u00edculas como <em>D\u00eda libre de Ferris Bueller<\/em> y <em>El secreto de mi \u00e9xito<\/em>. Tambi\u00e9n se convirti\u00f3 en el \u00fanico sencillo de la banda en las listas de EE. UU., alcanzando el puesto 51 y marcando su primer \u00e9xito internacional. En 1988, el sencillo &#8220;The Race&#8221; de su \u00e1lbum <em>Bandera<\/em> se convirti\u00f3 en su mayor \u00e9xito en las listas del Reino Unido, alcanzando el puesto n\u00famero 7; luego aparecer\u00eda en la pel\u00edcula <em>Monjas en fuga<\/em>. Sus colaboradores profesionales incluyen a Moby, Carl Cox, The Orb y muchos m\u00e1s.<\/p>\n<p>Yello lanz\u00f3 su nuevo disco m\u00e1s reciente, <em>Punto<\/em>en 2020. Ascendi\u00f3 al n\u00famero 1 en las listas suizas y al n\u00famero 6 en Alemania, y tambi\u00e9n obtuvo un lugar en Austria y los Pa\u00edses Bajos. Un documental sobre el d\u00fao, <em>Electro pop hecho en Suiza<\/em>fue lanzado en 2005.<\/p>\n<p><strong>Orden <em>Toque Amarillo<\/em> en vinilo ahora.<\/strong><\/p>\n","protected":false},"excerpt":{"rendered":"<p>D\u00fao electr\u00f3nico suizo amarillo han anunciado una reedici\u00f3n en vinilo del 15\u00ba aniversario de su 12\u00ba disco, Toque Amarillo. Publicado en 2009 en Polydor Records,<\/p>\n","protected":false},"author":1,"featured_media":1695,"comment_status":"closed","ping_status":"","sticky":false,"template":"","format":"standard","meta":{"footnotes":""},"categories":[50],"tags":[1742,98,56,10,117,1743,87,1741],"class_list":["post-1694","post","type-post","status-publish","format-standard","has-post-thumbnail","hentry","category-el-ultimo","tag-15o","tag-aniversario","tag-anuncia","tag-del","tag-reedicion","tag-touch","tag-vinilo","tag-yello","generate-columns","tablet-grid-50","mobile-grid-100","grid-parent","grid-50"],"yoast_head":"<!-- This site is optimized with the Yoast SEO plugin v23.3 - https:\/\/yoast.com\/wordpress\/plugins\/seo\/ -->\n<title>Yello anuncia la reedici\u00f3n en vinilo del 15\u00ba aniversario de &#039;Touch Yello&#039;<\/title>\n<meta name=\"robots\" content=\"index, follow, max-snippet:-1, max-image-preview:large, max-video-preview:-1\" \/>\n<link rel=\"canonical\" href=\"https:\/\/web.consaguirre.com.ar\/noticias\/yello-anuncia-la-reedicion-en-vinilo-del-15o-aniversario-de-touch-yello\/\" \/>\n<meta property=\"og:locale\" content=\"es_ES\" \/>\n<meta property=\"og:type\" content=\"article\" \/>\n<meta property=\"og:title\" content=\"Yello anuncia la reedici\u00f3n en vinilo del 15\u00ba aniversario de &#039;Touch Yello&#039;\" \/>\n<meta property=\"og:description\" content=\"D\u00fao electr\u00f3nico suizo amarillo han anunciado una reedici\u00f3n en vinilo del 15\u00ba aniversario de su 12\u00ba disco, Toque Amarillo. Publicado en 2009 en Polydor Records,\" \/>\n<meta property=\"og:url\" content=\"https:\/\/web.consaguirre.com.ar\/noticias\/yello-anuncia-la-reedicion-en-vinilo-del-15o-aniversario-de-touch-yello\/\" \/>\n<meta property=\"og:site_name\" content=\"Conservatorio de M\u00fasica Juli\u00e1n Aguirre\" \/>\n<meta property=\"article:published_time\" content=\"2025-01-27T17:41:12+00:00\" \/>\n<meta property=\"article:modified_time\" content=\"2025-01-27T17:41:14+00:00\" \/>\n<meta property=\"og:image\" content=\"https:\/\/web.consaguirre.com.ar\/noticias\/wp-content\/uploads\/2025\/01\/Yello-anuncia-la-reedicion-en-vinilo-del-15o-aniversario-de.jpg\" \/>\n\t<meta property=\"og:image:width\" content=\"1280\" \/>\n\t<meta property=\"og:image:height\" content=\"1280\" \/>\n\t<meta property=\"og:image:type\" content=\"image\/jpeg\" \/>\n<meta name=\"author\" content=\"Javier Figueroa\" \/>\n<meta name=\"twitter:card\" content=\"summary_large_image\" \/>\n<meta name=\"twitter:label1\" content=\"Escrito por\" \/>\n\t<meta name=\"twitter:data1\" content=\"Javier Figueroa\" \/>\n\t<meta name=\"twitter:label2\" content=\"Tiempo de lectura\" \/>\n\t<meta name=\"twitter:data2\" content=\"1 minuto\" \/>\n<script type=\"application\/ld+json\" class=\"yoast-schema-graph\">{\"@context\":\"https:\/\/schema.org\",\"@graph\":[{\"@type\":\"Article\",\"@id\":\"https:\/\/web.consaguirre.com.ar\/noticias\/yello-anuncia-la-reedicion-en-vinilo-del-15o-aniversario-de-touch-yello\/#article\",\"isPartOf\":{\"@id\":\"https:\/\/web.consaguirre.com.ar\/noticias\/yello-anuncia-la-reedicion-en-vinilo-del-15o-aniversario-de-touch-yello\/\"},\"author\":{\"name\":\"Javier Figueroa\",\"@id\":\"https:\/\/web.consaguirre.com.ar\/noticias\/#\/schema\/person\/6558b0cfedee7ddc5425602b237d5722\"},\"headline\":\"Yello anuncia la reedici\u00f3n en vinilo del 15\u00ba aniversario de &#8216;Touch Yello&#8217;\",\"datePublished\":\"2025-01-27T17:41:12+00:00\",\"dateModified\":\"2025-01-27T17:41:14+00:00\",\"mainEntityOfPage\":{\"@id\":\"https:\/\/web.consaguirre.com.ar\/noticias\/yello-anuncia-la-reedicion-en-vinilo-del-15o-aniversario-de-touch-yello\/\"},\"wordCount\":298,\"publisher\":{\"@id\":\"https:\/\/web.consaguirre.com.ar\/noticias\/#organization\"},\"image\":{\"@id\":\"https:\/\/web.consaguirre.com.ar\/noticias\/yello-anuncia-la-reedicion-en-vinilo-del-15o-aniversario-de-touch-yello\/#primaryimage\"},\"thumbnailUrl\":\"https:\/\/web.consaguirre.com.ar\/noticias\/wp-content\/uploads\/2025\/01\/Yello-anuncia-la-reedicion-en-vinilo-del-15o-aniversario-de.jpg\",\"keywords\":[\"15\u00ba\",\"aniversario\",\"anuncia\",\"del\",\"reedici\u00f3n\",\"Touch\",\"vinilo\",\"Yello\"],\"articleSection\":[\"El \u00faltimo\"],\"inLanguage\":\"es-AR\"},{\"@type\":\"WebPage\",\"@id\":\"https:\/\/web.consaguirre.com.ar\/noticias\/yello-anuncia-la-reedicion-en-vinilo-del-15o-aniversario-de-touch-yello\/\",\"url\":\"https:\/\/web.consaguirre.com.ar\/noticias\/yello-anuncia-la-reedicion-en-vinilo-del-15o-aniversario-de-touch-yello\/\",\"name\":\"Yello anuncia la reedici\u00f3n en vinilo del 15\u00ba aniversario de 'Touch Yello'\",\"isPartOf\":{\"@id\":\"https:\/\/web.consaguirre.com.ar\/noticias\/#website\"},\"primaryImageOfPage\":{\"@id\":\"https:\/\/web.consaguirre.com.ar\/noticias\/yello-anuncia-la-reedicion-en-vinilo-del-15o-aniversario-de-touch-yello\/#primaryimage\"},\"image\":{\"@id\":\"https:\/\/web.consaguirre.com.ar\/noticias\/yello-anuncia-la-reedicion-en-vinilo-del-15o-aniversario-de-touch-yello\/#primaryimage\"},\"thumbnailUrl\":\"https:\/\/web.consaguirre.com.ar\/noticias\/wp-content\/uploads\/2025\/01\/Yello-anuncia-la-reedicion-en-vinilo-del-15o-aniversario-de.jpg\",\"datePublished\":\"2025-01-27T17:41:12+00:00\",\"dateModified\":\"2025-01-27T17:41:14+00:00\",\"breadcrumb\":{\"@id\":\"https:\/\/web.consaguirre.com.ar\/noticias\/yello-anuncia-la-reedicion-en-vinilo-del-15o-aniversario-de-touch-yello\/#breadcrumb\"},\"inLanguage\":\"es-AR\",\"potentialAction\":[{\"@type\":\"ReadAction\",\"target\":[\"https:\/\/web.consaguirre.com.ar\/noticias\/yello-anuncia-la-reedicion-en-vinilo-del-15o-aniversario-de-touch-yello\/\"]}]},{\"@type\":\"ImageObject\",\"inLanguage\":\"es-AR\",\"@id\":\"https:\/\/web.consaguirre.com.ar\/noticias\/yello-anuncia-la-reedicion-en-vinilo-del-15o-aniversario-de-touch-yello\/#primaryimage\",\"url\":\"https:\/\/web.consaguirre.com.ar\/noticias\/wp-content\/uploads\/2025\/01\/Yello-anuncia-la-reedicion-en-vinilo-del-15o-aniversario-de.jpg\",\"contentUrl\":\"https:\/\/web.consaguirre.com.ar\/noticias\/wp-content\/uploads\/2025\/01\/Yello-anuncia-la-reedicion-en-vinilo-del-15o-aniversario-de.jpg\",\"width\":1280,\"height\":1280,\"caption\":\"Yello anuncia la reedici\u00f3n en vinilo del 15\u00ba aniversario de 'Touch Yello'\"},{\"@type\":\"BreadcrumbList\",\"@id\":\"https:\/\/web.consaguirre.com.ar\/noticias\/yello-anuncia-la-reedicion-en-vinilo-del-15o-aniversario-de-touch-yello\/#breadcrumb\",\"itemListElement\":[{\"@type\":\"ListItem\",\"position\":1,\"name\":\"Inicio\",\"item\":\"https:\/\/web.consaguirre.com.ar\/noticias\/\"},{\"@type\":\"ListItem\",\"position\":2,\"name\":\"Yello anuncia la reedici\u00f3n en vinilo del 15\u00ba aniversario de &#8216;Touch Yello&#8217;\"}]},{\"@type\":\"WebSite\",\"@id\":\"https:\/\/web.consaguirre.com.ar\/noticias\/#website\",\"url\":\"https:\/\/web.consaguirre.com.ar\/noticias\/\",\"name\":\"Conservatorio de M\u00fasica Juli\u00e1n Aguirre\",\"description\":\"\",\"publisher\":{\"@id\":\"https:\/\/web.consaguirre.com.ar\/noticias\/#organization\"},\"potentialAction\":[{\"@type\":\"SearchAction\",\"target\":{\"@type\":\"EntryPoint\",\"urlTemplate\":\"https:\/\/web.consaguirre.com.ar\/noticias\/?s={search_term_string}\"},\"query-input\":\"required name=search_term_string\"}],\"inLanguage\":\"es-AR\"},{\"@type\":\"Organization\",\"@id\":\"https:\/\/web.consaguirre.com.ar\/noticias\/#organization\",\"name\":\"Conservatorio de M\u00fasica Juli\u00e1n Aguirre\",\"url\":\"https:\/\/web.consaguirre.com.ar\/noticias\/\",\"logo\":{\"@type\":\"ImageObject\",\"inLanguage\":\"es-AR\",\"@id\":\"https:\/\/web.consaguirre.com.ar\/noticias\/#\/schema\/logo\/image\/\",\"url\":\"https:\/\/web.consaguirre.com.ar\/noticias\/wp-content\/uploads\/2024\/08\/Banner-Aguirre-23.jpg\",\"contentUrl\":\"https:\/\/web.consaguirre.com.ar\/noticias\/wp-content\/uploads\/2024\/08\/Banner-Aguirre-23.jpg\",\"width\":1192,\"height\":600,\"caption\":\"Conservatorio de M\u00fasica Juli\u00e1n Aguirre\"},\"image\":{\"@id\":\"https:\/\/web.consaguirre.com.ar\/noticias\/#\/schema\/logo\/image\/\"}},{\"@type\":\"Person\",\"@id\":\"https:\/\/web.consaguirre.com.ar\/noticias\/#\/schema\/person\/6558b0cfedee7ddc5425602b237d5722\",\"name\":\"Javier Figueroa\",\"image\":{\"@type\":\"ImageObject\",\"inLanguage\":\"es-AR\",\"@id\":\"https:\/\/web.consaguirre.com.ar\/noticias\/#\/schema\/person\/image\/\",\"url\":\"https:\/\/web.consaguirre.com.ar\/noticias\/wp-content\/uploads\/2024\/08\/Consaguirre-scaled.jpg\",\"contentUrl\":\"https:\/\/web.consaguirre.com.ar\/noticias\/wp-content\/uploads\/2024\/08\/Consaguirre-scaled.jpg\",\"caption\":\"Javier Figueroa\"},\"description\":\"Me llamo Javier Figueroa y soy redactor para el sitio oficial del Conservatorio de M\u00fasica Juli\u00e1n Aguirre en Buenos Aires, consaguirre.com. Apasionado por la m\u00fasica y la escritura, me esfuerzo por destacar los talentos y eventos de nuestra prestigiosa instituci\u00f3n. Mi trayectoria se nutre de una profunda admiraci\u00f3n por los artistas, haciendo de cada art\u00edculo una celebraci\u00f3n de la creatividad y la cultura musical.\",\"sameAs\":[\"https:\/\/web.consaguirre.com.ar\/noticias\"]}]}<\/script>\n<!-- \/ Yoast SEO plugin. -->","yoast_head_json":{"title":"Yello anuncia la reedici\u00f3n en vinilo del 15\u00ba aniversario de 'Touch Yello'","robots":{"index":"index","follow":"follow","max-snippet":"max-snippet:-1","max-image-preview":"max-image-preview:large","max-video-preview":"max-video-preview:-1"},"canonical":"https:\/\/web.consaguirre.com.ar\/noticias\/yello-anuncia-la-reedicion-en-vinilo-del-15o-aniversario-de-touch-yello\/","og_locale":"es_ES","og_type":"article","og_title":"Yello anuncia la reedici\u00f3n en vinilo del 15\u00ba aniversario de 'Touch Yello'","og_description":"D\u00fao electr\u00f3nico suizo amarillo han anunciado una reedici\u00f3n en vinilo del 15\u00ba aniversario de su 12\u00ba disco, Toque Amarillo. Publicado en 2009 en Polydor Records,","og_url":"https:\/\/web.consaguirre.com.ar\/noticias\/yello-anuncia-la-reedicion-en-vinilo-del-15o-aniversario-de-touch-yello\/","og_site_name":"Conservatorio de M\u00fasica Juli\u00e1n Aguirre","article_published_time":"2025-01-27T17:41:12+00:00","article_modified_time":"2025-01-27T17:41:14+00:00","og_image":[{"width":1280,"height":1280,"url":"https:\/\/web.consaguirre.com.ar\/noticias\/wp-content\/uploads\/2025\/01\/Yello-anuncia-la-reedicion-en-vinilo-del-15o-aniversario-de.jpg","type":"image\/jpeg"}],"author":"Javier Figueroa","twitter_card":"summary_large_image","twitter_misc":{"Escrito por":"Javier Figueroa","Tiempo de lectura":"1 minuto"},"schema":{"@context":"https:\/\/schema.org","@graph":[{"@type":"Article","@id":"https:\/\/web.consaguirre.com.ar\/noticias\/yello-anuncia-la-reedicion-en-vinilo-del-15o-aniversario-de-touch-yello\/#article","isPartOf":{"@id":"https:\/\/web.consaguirre.com.ar\/noticias\/yello-anuncia-la-reedicion-en-vinilo-del-15o-aniversario-de-touch-yello\/"},"author":{"name":"Javier Figueroa","@id":"https:\/\/web.consaguirre.com.ar\/noticias\/#\/schema\/person\/6558b0cfedee7ddc5425602b237d5722"},"headline":"Yello anuncia la reedici\u00f3n en vinilo del 15\u00ba aniversario de &#8216;Touch Yello&#8217;","datePublished":"2025-01-27T17:41:12+00:00","dateModified":"2025-01-27T17:41:14+00:00","mainEntityOfPage":{"@id":"https:\/\/web.consaguirre.com.ar\/noticias\/yello-anuncia-la-reedicion-en-vinilo-del-15o-aniversario-de-touch-yello\/"},"wordCount":298,"publisher":{"@id":"https:\/\/web.consaguirre.com.ar\/noticias\/#organization"},"image":{"@id":"https:\/\/web.consaguirre.com.ar\/noticias\/yello-anuncia-la-reedicion-en-vinilo-del-15o-aniversario-de-touch-yello\/#primaryimage"},"thumbnailUrl":"https:\/\/web.consaguirre.com.ar\/noticias\/wp-content\/uploads\/2025\/01\/Yello-anuncia-la-reedicion-en-vinilo-del-15o-aniversario-de.jpg","keywords":["15\u00ba","aniversario","anuncia","del","reedici\u00f3n","Touch","vinilo","Yello"],"articleSection":["El \u00faltimo"],"inLanguage":"es-AR"},{"@type":"WebPage","@id":"https:\/\/web.consaguirre.com.ar\/noticias\/yello-anuncia-la-reedicion-en-vinilo-del-15o-aniversario-de-touch-yello\/","url":"https:\/\/web.consaguirre.com.ar\/noticias\/yello-anuncia-la-reedicion-en-vinilo-del-15o-aniversario-de-touch-yello\/","name":"Yello anuncia la reedici\u00f3n en vinilo del 15\u00ba aniversario de 'Touch Yello'","isPartOf":{"@id":"https:\/\/web.consaguirre.com.ar\/noticias\/#website"},"primaryImageOfPage":{"@id":"https:\/\/web.consaguirre.com.ar\/noticias\/yello-anuncia-la-reedicion-en-vinilo-del-15o-aniversario-de-touch-yello\/#primaryimage"},"image":{"@id":"https:\/\/web.consaguirre.com.ar\/noticias\/yello-anuncia-la-reedicion-en-vinilo-del-15o-aniversario-de-touch-yello\/#primaryimage"},"thumbnailUrl":"https:\/\/web.consaguirre.com.ar\/noticias\/wp-content\/uploads\/2025\/01\/Yello-anuncia-la-reedicion-en-vinilo-del-15o-aniversario-de.jpg","datePublished":"2025-01-27T17:41:12+00:00","dateModified":"2025-01-27T17:41:14+00:00","breadcrumb":{"@id":"https:\/\/web.consaguirre.com.ar\/noticias\/yello-anuncia-la-reedicion-en-vinilo-del-15o-aniversario-de-touch-yello\/#breadcrumb"},"inLanguage":"es-AR","potentialAction":[{"@type":"ReadAction","target":["https:\/\/web.consaguirre.com.ar\/noticias\/yello-anuncia-la-reedicion-en-vinilo-del-15o-aniversario-de-touch-yello\/"]}]},{"@type":"ImageObject","inLanguage":"es-AR","@id":"https:\/\/web.consaguirre.com.ar\/noticias\/yello-anuncia-la-reedicion-en-vinilo-del-15o-aniversario-de-touch-yello\/#primaryimage","url":"https:\/\/web.consaguirre.com.ar\/noticias\/wp-content\/uploads\/2025\/01\/Yello-anuncia-la-reedicion-en-vinilo-del-15o-aniversario-de.jpg","contentUrl":"https:\/\/web.consaguirre.com.ar\/noticias\/wp-content\/uploads\/2025\/01\/Yello-anuncia-la-reedicion-en-vinilo-del-15o-aniversario-de.jpg","width":1280,"height":1280,"caption":"Yello anuncia la reedici\u00f3n en vinilo del 15\u00ba aniversario de 'Touch Yello'"},{"@type":"BreadcrumbList","@id":"https:\/\/web.consaguirre.com.ar\/noticias\/yello-anuncia-la-reedicion-en-vinilo-del-15o-aniversario-de-touch-yello\/#breadcrumb","itemListElement":[{"@type":"ListItem","position":1,"name":"Inicio","item":"https:\/\/web.consaguirre.com.ar\/noticias\/"},{"@type":"ListItem","position":2,"name":"Yello anuncia la reedici\u00f3n en vinilo del 15\u00ba aniversario de &#8216;Touch Yello&#8217;"}]},{"@type":"WebSite","@id":"https:\/\/web.consaguirre.com.ar\/noticias\/#website","url":"https:\/\/web.consaguirre.com.ar\/noticias\/","name":"Conservatorio de M\u00fasica Juli\u00e1n Aguirre","description":"","publisher":{"@id":"https:\/\/web.consaguirre.com.ar\/noticias\/#organization"},"potentialAction":[{"@type":"SearchAction","target":{"@type":"EntryPoint","urlTemplate":"https:\/\/web.consaguirre.com.ar\/noticias\/?s={search_term_string}"},"query-input":"required name=search_term_string"}],"inLanguage":"es-AR"},{"@type":"Organization","@id":"https:\/\/web.consaguirre.com.ar\/noticias\/#organization","name":"Conservatorio de M\u00fasica Juli\u00e1n Aguirre","url":"https:\/\/web.consaguirre.com.ar\/noticias\/","logo":{"@type":"ImageObject","inLanguage":"es-AR","@id":"https:\/\/web.consaguirre.com.ar\/noticias\/#\/schema\/logo\/image\/","url":"https:\/\/web.consaguirre.com.ar\/noticias\/wp-content\/uploads\/2024\/08\/Banner-Aguirre-23.jpg","contentUrl":"https:\/\/web.consaguirre.com.ar\/noticias\/wp-content\/uploads\/2024\/08\/Banner-Aguirre-23.jpg","width":1192,"height":600,"caption":"Conservatorio de M\u00fasica Juli\u00e1n Aguirre"},"image":{"@id":"https:\/\/web.consaguirre.com.ar\/noticias\/#\/schema\/logo\/image\/"}},{"@type":"Person","@id":"https:\/\/web.consaguirre.com.ar\/noticias\/#\/schema\/person\/6558b0cfedee7ddc5425602b237d5722","name":"Javier Figueroa","image":{"@type":"ImageObject","inLanguage":"es-AR","@id":"https:\/\/web.consaguirre.com.ar\/noticias\/#\/schema\/person\/image\/","url":"https:\/\/web.consaguirre.com.ar\/noticias\/wp-content\/uploads\/2024\/08\/Consaguirre-scaled.jpg","contentUrl":"https:\/\/web.consaguirre.com.ar\/noticias\/wp-content\/uploads\/2024\/08\/Consaguirre-scaled.jpg","caption":"Javier Figueroa"},"description":"Me llamo Javier Figueroa y soy redactor para el sitio oficial del Conservatorio de M\u00fasica Juli\u00e1n Aguirre en Buenos Aires, consaguirre.com. Apasionado por la m\u00fasica y la escritura, me esfuerzo por destacar los talentos y eventos de nuestra prestigiosa instituci\u00f3n. Mi trayectoria se nutre de una profunda admiraci\u00f3n por los artistas, haciendo de cada art\u00edculo una celebraci\u00f3n de la creatividad y la cultura musical.","sameAs":["https:\/\/web.consaguirre.com.ar\/noticias"]}]}},"_links":{"self":[{"href":"https:\/\/web.consaguirre.com.ar\/noticias\/wp-json\/wp\/v2\/posts\/1694"}],"collection":[{"href":"https:\/\/web.consaguirre.com.ar\/noticias\/wp-json\/wp\/v2\/posts"}],"about":[{"href":"https:\/\/web.consaguirre.com.ar\/noticias\/wp-json\/wp\/v2\/types\/post"}],"author":[{"embeddable":true,"href":"https:\/\/web.consaguirre.com.ar\/noticias\/wp-json\/wp\/v2\/users\/1"}],"replies":[{"embeddable":true,"href":"https:\/\/web.consaguirre.com.ar\/noticias\/wp-json\/wp\/v2\/comments?post=1694"}],"version-history":[{"count":1,"href":"https:\/\/web.consaguirre.com.ar\/noticias\/wp-json\/wp\/v2\/posts\/1694\/revisions"}],"predecessor-version":[{"id":1696,"href":"https:\/\/web.consaguirre.com.ar\/noticias\/wp-json\/wp\/v2\/posts\/1694\/revisions\/1696"}],"wp:featuredmedia":[{"embeddable":true,"href":"https:\/\/web.consaguirre.com.ar\/noticias\/wp-json\/wp\/v2\/media\/1695"}],"wp:attachment":[{"href":"https:\/\/web.consaguirre.com.ar\/noticias\/wp-json\/wp\/v2\/media?parent=1694"}],"wp:term":[{"taxonomy":"category","embeddable":true,"href":"https:\/\/web.consaguirre.com.ar\/noticias\/wp-json\/wp\/v2\/categories?post=1694"},{"taxonomy":"post_tag","embeddable":true,"href":"https:\/\/web.consaguirre.com.ar\/noticias\/wp-json\/wp\/v2\/tags?post=1694"}],"curies":[{"name":"wp","href":"https:\/\/api.w.org\/{rel}","templated":true}]}}