{"id":1676,"date":"2025-01-23T17:43:39","date_gmt":"2025-01-23T20:43:39","guid":{"rendered":"https:\/\/web.consaguirre.com.ar\/noticias\/karol-g-feid-y-shakira-entre-los-nominados-a-premio-lo-nuestro-2025\/"},"modified":"2025-01-23T17:43:40","modified_gmt":"2025-01-23T20:43:40","slug":"karol-g-feid-y-shakira-entre-los-nominados-a-premio-lo-nuestro-2025","status":"publish","type":"post","link":"https:\/\/web.consaguirre.com.ar\/noticias\/karol-g-feid-y-shakira-entre-los-nominados-a-premio-lo-nuestro-2025\/","title":{"rendered":"Karol G, Feid y Shakira entre los nominados a Premio Lo Nuestro 2025"},"content":{"rendered":"<p>Univision ha anunciado el 2025 <strong>Premio Lo Nuestro<\/strong> nominaciones, con Becky G y Car\u00edn Le\u00f3n liderando el grupo con 10 nominaciones cada una. Los nominados a Artista del A\u00f1o incluyen <strong>karol g<\/strong>, <strong>feido,<\/strong> Peso Pluma y Shakira entre m\u00e1s superestrellas del mundo de la m\u00fasica latina.<\/p>\n<p>Conducida por Laura Pausini, Thal\u00eda y Alejandra Espinoza, la ceremonia se transmitir\u00e1 en vivo a las 8 pm ET el jueves 20 de febrero a trav\u00e9s de Univision, UNIM\u00c1S y Vix. El tema de este a\u00f1o es \u201cUniendo Generaciones\u201d, con la intenci\u00f3n de rendir homenaje a canciones que conectan el pasado, el presente y el futuro de la m\u00fasica latina.<\/p>\n<p>Las nominaciones a Premio Lo Nuestro se \u201cbasan en la transmisi\u00f3n en las estaciones de Uforia y toman en cuenta el tiempo de transmisi\u00f3n en Univision Radio, los datos de transmisi\u00f3n y la evaluaci\u00f3n de un Comit\u00e9 de Televisi\u00f3n compuesto por expertos de la industria de la m\u00fasica y el entretenimiento\u201d, seg\u00fan un comunicado de prensa. Los fans pueden votar por sus artistas favoritos del 22 de enero al 4 de febrero en el <strong>Sitio web de Premio Lo Nuestro<\/strong>.<\/p>\n<p>Seis de las 44 categor\u00edas de la ceremonia son nuevas incorporaciones este a\u00f1o: Mejor Canci\u00f3n Dembow, Mejor Canci\u00f3n Pop Fusi\u00f3n Latina, Mejor Canci\u00f3n de M\u00fasica Cristiana, Mejor \u201cEuroSong\u201d, M\u00fasica Mexicana Fusi\u00f3n del A\u00f1o y Mejor Corrido Electro.<\/p>\n<p>La competencia por una categor\u00eda cl\u00e1sica, Canci\u00f3n del A\u00f1o, ser\u00e1 re\u00f1ida este a\u00f1o. Los nominados incluyen a Feid &#038; Rema por \u201cBubalu\u201d, Becky G, \u00c1ngela Aguilar y Leonardo Aguilar por \u201cPor El Contrario\u201d, Shakira y Cardi B por \u201cPunter\u00eda\u201d y Karol G por \u201cSi Antes Te Hubiera Conocido\u201d.<\/p>\n<p>En diciembre, se anunci\u00f3 que Karol G, nominada a Artista y Canci\u00f3n del A\u00f1o, recibir\u00e1 un documental de Netflix este a\u00f1o. A\u00fan no se ha compartido una fecha de lanzamiento, pero el cantante public\u00f3 un adelanto en las redes sociales: \u201cUna historia nacida de sue\u00f1os que parec\u00edan imposibles, alimentada por una fe inquebrantable\u201d, se lee en una nota escrita en un papel decorado con corazones rojos y el Logotipo de Netflix estampado en \u00e9l. \u201cUn viaje implacable que desafi\u00f3 todos los pron\u00f3sticos. Mi vida. Mi trabajo. Mi verdad. Y la poderosa conexi\u00f3n que comparto con todos ustedes. Mi sue\u00f1o se hizo realidad\u201d.<\/p>\n<p><b>Visita el <strong>Sitio web de Premio Lo Nuestro<\/strong> para m\u00e1s informaci\u00f3n.<\/b><\/p>\n","protected":false},"excerpt":{"rendered":"<p>Univision ha anunciado el 2025 Premio Lo Nuestro nominaciones, con Becky G y Car\u00edn Le\u00f3n liderando el grupo con 10 nominaciones cada una. Los nominados<\/p>\n","protected":false},"author":1,"featured_media":1677,"comment_status":"closed","ping_status":"","sticky":false,"template":"","format":"standard","meta":{"footnotes":""},"categories":[50],"tags":[1563,206,1546,180,1725,1726,178,1724],"class_list":["post-1676","post","type-post","status-publish","format-standard","has-post-thumbnail","hentry","category-el-ultimo","tag-entre","tag-feid","tag-karol","tag-los","tag-nominados","tag-nuestro","tag-premio","tag-shakira","generate-columns","tablet-grid-50","mobile-grid-100","grid-parent","grid-50"],"yoast_head":"<!-- This site is optimized with the Yoast SEO plugin v23.3 - https:\/\/yoast.com\/wordpress\/plugins\/seo\/ -->\n<title>Karol G, Feid y Shakira entre los nominados a Premio Lo Nuestro 2025<\/title>\n<meta name=\"robots\" content=\"index, follow, max-snippet:-1, max-image-preview:large, max-video-preview:-1\" \/>\n<link rel=\"canonical\" href=\"https:\/\/web.consaguirre.com.ar\/noticias\/karol-g-feid-y-shakira-entre-los-nominados-a-premio-lo-nuestro-2025\/\" \/>\n<meta property=\"og:locale\" content=\"es_ES\" \/>\n<meta property=\"og:type\" content=\"article\" \/>\n<meta property=\"og:title\" content=\"Karol G, Feid y Shakira entre los nominados a Premio Lo Nuestro 2025\" \/>\n<meta property=\"og:description\" content=\"Univision ha anunciado el 2025 Premio Lo Nuestro nominaciones, con Becky G y Car\u00edn Le\u00f3n liderando el grupo con 10 nominaciones cada una. Los nominados\" \/>\n<meta property=\"og:url\" content=\"https:\/\/web.consaguirre.com.ar\/noticias\/karol-g-feid-y-shakira-entre-los-nominados-a-premio-lo-nuestro-2025\/\" \/>\n<meta property=\"og:site_name\" content=\"Conservatorio de M\u00fasica Juli\u00e1n Aguirre\" \/>\n<meta property=\"article:published_time\" content=\"2025-01-23T20:43:39+00:00\" \/>\n<meta property=\"article:modified_time\" content=\"2025-01-23T20:43:40+00:00\" \/>\n<meta property=\"og:image\" content=\"https:\/\/web.consaguirre.com.ar\/noticias\/wp-content\/uploads\/2025\/01\/Karol-G-Feid-y-Shakira-entre-los-nominados-a-Premio.jpg\" \/>\n\t<meta property=\"og:image:width\" content=\"1440\" \/>\n\t<meta property=\"og:image:height\" content=\"864\" \/>\n\t<meta property=\"og:image:type\" content=\"image\/jpeg\" \/>\n<meta name=\"author\" content=\"Javier Figueroa\" \/>\n<meta name=\"twitter:card\" content=\"summary_large_image\" \/>\n<meta name=\"twitter:label1\" content=\"Escrito por\" \/>\n\t<meta name=\"twitter:data1\" content=\"Javier Figueroa\" \/>\n\t<meta name=\"twitter:label2\" content=\"Tiempo de lectura\" \/>\n\t<meta name=\"twitter:data2\" content=\"2 minutos\" \/>\n<script type=\"application\/ld+json\" class=\"yoast-schema-graph\">{\"@context\":\"https:\/\/schema.org\",\"@graph\":[{\"@type\":\"Article\",\"@id\":\"https:\/\/web.consaguirre.com.ar\/noticias\/karol-g-feid-y-shakira-entre-los-nominados-a-premio-lo-nuestro-2025\/#article\",\"isPartOf\":{\"@id\":\"https:\/\/web.consaguirre.com.ar\/noticias\/karol-g-feid-y-shakira-entre-los-nominados-a-premio-lo-nuestro-2025\/\"},\"author\":{\"name\":\"Javier Figueroa\",\"@id\":\"https:\/\/web.consaguirre.com.ar\/noticias\/#\/schema\/person\/6558b0cfedee7ddc5425602b237d5722\"},\"headline\":\"Karol G, Feid y Shakira entre los nominados a Premio Lo Nuestro 2025\",\"datePublished\":\"2025-01-23T20:43:39+00:00\",\"dateModified\":\"2025-01-23T20:43:40+00:00\",\"mainEntityOfPage\":{\"@id\":\"https:\/\/web.consaguirre.com.ar\/noticias\/karol-g-feid-y-shakira-entre-los-nominados-a-premio-lo-nuestro-2025\/\"},\"wordCount\":434,\"publisher\":{\"@id\":\"https:\/\/web.consaguirre.com.ar\/noticias\/#organization\"},\"image\":{\"@id\":\"https:\/\/web.consaguirre.com.ar\/noticias\/karol-g-feid-y-shakira-entre-los-nominados-a-premio-lo-nuestro-2025\/#primaryimage\"},\"thumbnailUrl\":\"https:\/\/web.consaguirre.com.ar\/noticias\/wp-content\/uploads\/2025\/01\/Karol-G-Feid-y-Shakira-entre-los-nominados-a-Premio.jpg\",\"keywords\":[\"entre\",\"Feid\",\"Karol\",\"los\",\"nominados\",\"Nuestro\",\"premio\",\"Shakira\"],\"articleSection\":[\"El \u00faltimo\"],\"inLanguage\":\"es-AR\"},{\"@type\":\"WebPage\",\"@id\":\"https:\/\/web.consaguirre.com.ar\/noticias\/karol-g-feid-y-shakira-entre-los-nominados-a-premio-lo-nuestro-2025\/\",\"url\":\"https:\/\/web.consaguirre.com.ar\/noticias\/karol-g-feid-y-shakira-entre-los-nominados-a-premio-lo-nuestro-2025\/\",\"name\":\"Karol G, Feid y Shakira entre los nominados a Premio Lo Nuestro 2025\",\"isPartOf\":{\"@id\":\"https:\/\/web.consaguirre.com.ar\/noticias\/#website\"},\"primaryImageOfPage\":{\"@id\":\"https:\/\/web.consaguirre.com.ar\/noticias\/karol-g-feid-y-shakira-entre-los-nominados-a-premio-lo-nuestro-2025\/#primaryimage\"},\"image\":{\"@id\":\"https:\/\/web.consaguirre.com.ar\/noticias\/karol-g-feid-y-shakira-entre-los-nominados-a-premio-lo-nuestro-2025\/#primaryimage\"},\"thumbnailUrl\":\"https:\/\/web.consaguirre.com.ar\/noticias\/wp-content\/uploads\/2025\/01\/Karol-G-Feid-y-Shakira-entre-los-nominados-a-Premio.jpg\",\"datePublished\":\"2025-01-23T20:43:39+00:00\",\"dateModified\":\"2025-01-23T20:43:40+00:00\",\"breadcrumb\":{\"@id\":\"https:\/\/web.consaguirre.com.ar\/noticias\/karol-g-feid-y-shakira-entre-los-nominados-a-premio-lo-nuestro-2025\/#breadcrumb\"},\"inLanguage\":\"es-AR\",\"potentialAction\":[{\"@type\":\"ReadAction\",\"target\":[\"https:\/\/web.consaguirre.com.ar\/noticias\/karol-g-feid-y-shakira-entre-los-nominados-a-premio-lo-nuestro-2025\/\"]}]},{\"@type\":\"ImageObject\",\"inLanguage\":\"es-AR\",\"@id\":\"https:\/\/web.consaguirre.com.ar\/noticias\/karol-g-feid-y-shakira-entre-los-nominados-a-premio-lo-nuestro-2025\/#primaryimage\",\"url\":\"https:\/\/web.consaguirre.com.ar\/noticias\/wp-content\/uploads\/2025\/01\/Karol-G-Feid-y-Shakira-entre-los-nominados-a-Premio.jpg\",\"contentUrl\":\"https:\/\/web.consaguirre.com.ar\/noticias\/wp-content\/uploads\/2025\/01\/Karol-G-Feid-y-Shakira-entre-los-nominados-a-Premio.jpg\",\"width\":1440,\"height\":864,\"caption\":\"Photo: Lexie Moreland\/WWD via Getty Images\"},{\"@type\":\"BreadcrumbList\",\"@id\":\"https:\/\/web.consaguirre.com.ar\/noticias\/karol-g-feid-y-shakira-entre-los-nominados-a-premio-lo-nuestro-2025\/#breadcrumb\",\"itemListElement\":[{\"@type\":\"ListItem\",\"position\":1,\"name\":\"Inicio\",\"item\":\"https:\/\/web.consaguirre.com.ar\/noticias\/\"},{\"@type\":\"ListItem\",\"position\":2,\"name\":\"Karol G, Feid y Shakira entre los nominados a Premio Lo Nuestro 2025\"}]},{\"@type\":\"WebSite\",\"@id\":\"https:\/\/web.consaguirre.com.ar\/noticias\/#website\",\"url\":\"https:\/\/web.consaguirre.com.ar\/noticias\/\",\"name\":\"Conservatorio de M\u00fasica Juli\u00e1n Aguirre\",\"description\":\"\",\"publisher\":{\"@id\":\"https:\/\/web.consaguirre.com.ar\/noticias\/#organization\"},\"potentialAction\":[{\"@type\":\"SearchAction\",\"target\":{\"@type\":\"EntryPoint\",\"urlTemplate\":\"https:\/\/web.consaguirre.com.ar\/noticias\/?s={search_term_string}\"},\"query-input\":\"required name=search_term_string\"}],\"inLanguage\":\"es-AR\"},{\"@type\":\"Organization\",\"@id\":\"https:\/\/web.consaguirre.com.ar\/noticias\/#organization\",\"name\":\"Conservatorio de M\u00fasica Juli\u00e1n Aguirre\",\"url\":\"https:\/\/web.consaguirre.com.ar\/noticias\/\",\"logo\":{\"@type\":\"ImageObject\",\"inLanguage\":\"es-AR\",\"@id\":\"https:\/\/web.consaguirre.com.ar\/noticias\/#\/schema\/logo\/image\/\",\"url\":\"https:\/\/web.consaguirre.com.ar\/noticias\/wp-content\/uploads\/2024\/08\/Banner-Aguirre-23.jpg\",\"contentUrl\":\"https:\/\/web.consaguirre.com.ar\/noticias\/wp-content\/uploads\/2024\/08\/Banner-Aguirre-23.jpg\",\"width\":1192,\"height\":600,\"caption\":\"Conservatorio de M\u00fasica Juli\u00e1n Aguirre\"},\"image\":{\"@id\":\"https:\/\/web.consaguirre.com.ar\/noticias\/#\/schema\/logo\/image\/\"}},{\"@type\":\"Person\",\"@id\":\"https:\/\/web.consaguirre.com.ar\/noticias\/#\/schema\/person\/6558b0cfedee7ddc5425602b237d5722\",\"name\":\"Javier Figueroa\",\"image\":{\"@type\":\"ImageObject\",\"inLanguage\":\"es-AR\",\"@id\":\"https:\/\/web.consaguirre.com.ar\/noticias\/#\/schema\/person\/image\/\",\"url\":\"https:\/\/web.consaguirre.com.ar\/noticias\/wp-content\/uploads\/2024\/08\/Consaguirre-scaled.jpg\",\"contentUrl\":\"https:\/\/web.consaguirre.com.ar\/noticias\/wp-content\/uploads\/2024\/08\/Consaguirre-scaled.jpg\",\"caption\":\"Javier Figueroa\"},\"description\":\"Me llamo Javier Figueroa y soy redactor para el sitio oficial del Conservatorio de M\u00fasica Juli\u00e1n Aguirre en Buenos Aires, consaguirre.com. Apasionado por la m\u00fasica y la escritura, me esfuerzo por destacar los talentos y eventos de nuestra prestigiosa instituci\u00f3n. Mi trayectoria se nutre de una profunda admiraci\u00f3n por los artistas, haciendo de cada art\u00edculo una celebraci\u00f3n de la creatividad y la cultura musical.\",\"sameAs\":[\"https:\/\/web.consaguirre.com.ar\/noticias\"]}]}<\/script>\n<!-- \/ Yoast SEO plugin. -->","yoast_head_json":{"title":"Karol G, Feid y Shakira entre los nominados a Premio Lo Nuestro 2025","robots":{"index":"index","follow":"follow","max-snippet":"max-snippet:-1","max-image-preview":"max-image-preview:large","max-video-preview":"max-video-preview:-1"},"canonical":"https:\/\/web.consaguirre.com.ar\/noticias\/karol-g-feid-y-shakira-entre-los-nominados-a-premio-lo-nuestro-2025\/","og_locale":"es_ES","og_type":"article","og_title":"Karol G, Feid y Shakira entre los nominados a Premio Lo Nuestro 2025","og_description":"Univision ha anunciado el 2025 Premio Lo Nuestro nominaciones, con Becky G y Car\u00edn Le\u00f3n liderando el grupo con 10 nominaciones cada una. Los nominados","og_url":"https:\/\/web.consaguirre.com.ar\/noticias\/karol-g-feid-y-shakira-entre-los-nominados-a-premio-lo-nuestro-2025\/","og_site_name":"Conservatorio de M\u00fasica Juli\u00e1n Aguirre","article_published_time":"2025-01-23T20:43:39+00:00","article_modified_time":"2025-01-23T20:43:40+00:00","og_image":[{"width":1440,"height":864,"url":"https:\/\/web.consaguirre.com.ar\/noticias\/wp-content\/uploads\/2025\/01\/Karol-G-Feid-y-Shakira-entre-los-nominados-a-Premio.jpg","type":"image\/jpeg"}],"author":"Javier Figueroa","twitter_card":"summary_large_image","twitter_misc":{"Escrito por":"Javier Figueroa","Tiempo de lectura":"2 minutos"},"schema":{"@context":"https:\/\/schema.org","@graph":[{"@type":"Article","@id":"https:\/\/web.consaguirre.com.ar\/noticias\/karol-g-feid-y-shakira-entre-los-nominados-a-premio-lo-nuestro-2025\/#article","isPartOf":{"@id":"https:\/\/web.consaguirre.com.ar\/noticias\/karol-g-feid-y-shakira-entre-los-nominados-a-premio-lo-nuestro-2025\/"},"author":{"name":"Javier Figueroa","@id":"https:\/\/web.consaguirre.com.ar\/noticias\/#\/schema\/person\/6558b0cfedee7ddc5425602b237d5722"},"headline":"Karol G, Feid y Shakira entre los nominados a Premio Lo Nuestro 2025","datePublished":"2025-01-23T20:43:39+00:00","dateModified":"2025-01-23T20:43:40+00:00","mainEntityOfPage":{"@id":"https:\/\/web.consaguirre.com.ar\/noticias\/karol-g-feid-y-shakira-entre-los-nominados-a-premio-lo-nuestro-2025\/"},"wordCount":434,"publisher":{"@id":"https:\/\/web.consaguirre.com.ar\/noticias\/#organization"},"image":{"@id":"https:\/\/web.consaguirre.com.ar\/noticias\/karol-g-feid-y-shakira-entre-los-nominados-a-premio-lo-nuestro-2025\/#primaryimage"},"thumbnailUrl":"https:\/\/web.consaguirre.com.ar\/noticias\/wp-content\/uploads\/2025\/01\/Karol-G-Feid-y-Shakira-entre-los-nominados-a-Premio.jpg","keywords":["entre","Feid","Karol","los","nominados","Nuestro","premio","Shakira"],"articleSection":["El \u00faltimo"],"inLanguage":"es-AR"},{"@type":"WebPage","@id":"https:\/\/web.consaguirre.com.ar\/noticias\/karol-g-feid-y-shakira-entre-los-nominados-a-premio-lo-nuestro-2025\/","url":"https:\/\/web.consaguirre.com.ar\/noticias\/karol-g-feid-y-shakira-entre-los-nominados-a-premio-lo-nuestro-2025\/","name":"Karol G, Feid y Shakira entre los nominados a Premio Lo Nuestro 2025","isPartOf":{"@id":"https:\/\/web.consaguirre.com.ar\/noticias\/#website"},"primaryImageOfPage":{"@id":"https:\/\/web.consaguirre.com.ar\/noticias\/karol-g-feid-y-shakira-entre-los-nominados-a-premio-lo-nuestro-2025\/#primaryimage"},"image":{"@id":"https:\/\/web.consaguirre.com.ar\/noticias\/karol-g-feid-y-shakira-entre-los-nominados-a-premio-lo-nuestro-2025\/#primaryimage"},"thumbnailUrl":"https:\/\/web.consaguirre.com.ar\/noticias\/wp-content\/uploads\/2025\/01\/Karol-G-Feid-y-Shakira-entre-los-nominados-a-Premio.jpg","datePublished":"2025-01-23T20:43:39+00:00","dateModified":"2025-01-23T20:43:40+00:00","breadcrumb":{"@id":"https:\/\/web.consaguirre.com.ar\/noticias\/karol-g-feid-y-shakira-entre-los-nominados-a-premio-lo-nuestro-2025\/#breadcrumb"},"inLanguage":"es-AR","potentialAction":[{"@type":"ReadAction","target":["https:\/\/web.consaguirre.com.ar\/noticias\/karol-g-feid-y-shakira-entre-los-nominados-a-premio-lo-nuestro-2025\/"]}]},{"@type":"ImageObject","inLanguage":"es-AR","@id":"https:\/\/web.consaguirre.com.ar\/noticias\/karol-g-feid-y-shakira-entre-los-nominados-a-premio-lo-nuestro-2025\/#primaryimage","url":"https:\/\/web.consaguirre.com.ar\/noticias\/wp-content\/uploads\/2025\/01\/Karol-G-Feid-y-Shakira-entre-los-nominados-a-Premio.jpg","contentUrl":"https:\/\/web.consaguirre.com.ar\/noticias\/wp-content\/uploads\/2025\/01\/Karol-G-Feid-y-Shakira-entre-los-nominados-a-Premio.jpg","width":1440,"height":864,"caption":"Photo: Lexie Moreland\/WWD via Getty Images"},{"@type":"BreadcrumbList","@id":"https:\/\/web.consaguirre.com.ar\/noticias\/karol-g-feid-y-shakira-entre-los-nominados-a-premio-lo-nuestro-2025\/#breadcrumb","itemListElement":[{"@type":"ListItem","position":1,"name":"Inicio","item":"https:\/\/web.consaguirre.com.ar\/noticias\/"},{"@type":"ListItem","position":2,"name":"Karol G, Feid y Shakira entre los nominados a Premio Lo Nuestro 2025"}]},{"@type":"WebSite","@id":"https:\/\/web.consaguirre.com.ar\/noticias\/#website","url":"https:\/\/web.consaguirre.com.ar\/noticias\/","name":"Conservatorio de M\u00fasica Juli\u00e1n Aguirre","description":"","publisher":{"@id":"https:\/\/web.consaguirre.com.ar\/noticias\/#organization"},"potentialAction":[{"@type":"SearchAction","target":{"@type":"EntryPoint","urlTemplate":"https:\/\/web.consaguirre.com.ar\/noticias\/?s={search_term_string}"},"query-input":"required name=search_term_string"}],"inLanguage":"es-AR"},{"@type":"Organization","@id":"https:\/\/web.consaguirre.com.ar\/noticias\/#organization","name":"Conservatorio de M\u00fasica Juli\u00e1n Aguirre","url":"https:\/\/web.consaguirre.com.ar\/noticias\/","logo":{"@type":"ImageObject","inLanguage":"es-AR","@id":"https:\/\/web.consaguirre.com.ar\/noticias\/#\/schema\/logo\/image\/","url":"https:\/\/web.consaguirre.com.ar\/noticias\/wp-content\/uploads\/2024\/08\/Banner-Aguirre-23.jpg","contentUrl":"https:\/\/web.consaguirre.com.ar\/noticias\/wp-content\/uploads\/2024\/08\/Banner-Aguirre-23.jpg","width":1192,"height":600,"caption":"Conservatorio de M\u00fasica Juli\u00e1n Aguirre"},"image":{"@id":"https:\/\/web.consaguirre.com.ar\/noticias\/#\/schema\/logo\/image\/"}},{"@type":"Person","@id":"https:\/\/web.consaguirre.com.ar\/noticias\/#\/schema\/person\/6558b0cfedee7ddc5425602b237d5722","name":"Javier Figueroa","image":{"@type":"ImageObject","inLanguage":"es-AR","@id":"https:\/\/web.consaguirre.com.ar\/noticias\/#\/schema\/person\/image\/","url":"https:\/\/web.consaguirre.com.ar\/noticias\/wp-content\/uploads\/2024\/08\/Consaguirre-scaled.jpg","contentUrl":"https:\/\/web.consaguirre.com.ar\/noticias\/wp-content\/uploads\/2024\/08\/Consaguirre-scaled.jpg","caption":"Javier Figueroa"},"description":"Me llamo Javier Figueroa y soy redactor para el sitio oficial del Conservatorio de M\u00fasica Juli\u00e1n Aguirre en Buenos Aires, consaguirre.com. Apasionado por la m\u00fasica y la escritura, me esfuerzo por destacar los talentos y eventos de nuestra prestigiosa instituci\u00f3n. Mi trayectoria se nutre de una profunda admiraci\u00f3n por los artistas, haciendo de cada art\u00edculo una celebraci\u00f3n de la creatividad y la cultura musical.","sameAs":["https:\/\/web.consaguirre.com.ar\/noticias"]}]}},"_links":{"self":[{"href":"https:\/\/web.consaguirre.com.ar\/noticias\/wp-json\/wp\/v2\/posts\/1676"}],"collection":[{"href":"https:\/\/web.consaguirre.com.ar\/noticias\/wp-json\/wp\/v2\/posts"}],"about":[{"href":"https:\/\/web.consaguirre.com.ar\/noticias\/wp-json\/wp\/v2\/types\/post"}],"author":[{"embeddable":true,"href":"https:\/\/web.consaguirre.com.ar\/noticias\/wp-json\/wp\/v2\/users\/1"}],"replies":[{"embeddable":true,"href":"https:\/\/web.consaguirre.com.ar\/noticias\/wp-json\/wp\/v2\/comments?post=1676"}],"version-history":[{"count":1,"href":"https:\/\/web.consaguirre.com.ar\/noticias\/wp-json\/wp\/v2\/posts\/1676\/revisions"}],"predecessor-version":[{"id":1678,"href":"https:\/\/web.consaguirre.com.ar\/noticias\/wp-json\/wp\/v2\/posts\/1676\/revisions\/1678"}],"wp:featuredmedia":[{"embeddable":true,"href":"https:\/\/web.consaguirre.com.ar\/noticias\/wp-json\/wp\/v2\/media\/1677"}],"wp:attachment":[{"href":"https:\/\/web.consaguirre.com.ar\/noticias\/wp-json\/wp\/v2\/media?parent=1676"}],"wp:term":[{"taxonomy":"category","embeddable":true,"href":"https:\/\/web.consaguirre.com.ar\/noticias\/wp-json\/wp\/v2\/categories?post=1676"},{"taxonomy":"post_tag","embeddable":true,"href":"https:\/\/web.consaguirre.com.ar\/noticias\/wp-json\/wp\/v2\/tags?post=1676"}],"curies":[{"name":"wp","href":"https:\/\/api.w.org\/{rel}","templated":true}]}}