{"id":1673,"date":"2025-01-23T14:40:11","date_gmt":"2025-01-23T17:40:11","guid":{"rendered":"https:\/\/web.consaguirre.com.ar\/noticias\/10-cc-celebra-el-50-aniversario-de-im-not-in-love-con-el-dia-de-san-valentin-7-pulgadas\/"},"modified":"2025-01-23T14:40:13","modified_gmt":"2025-01-23T17:40:13","slug":"10-cc-celebra-el-50-aniversario-de-im-not-in-love-con-el-dia-de-san-valentin-7-pulgadas","status":"publish","type":"post","link":"https:\/\/web.consaguirre.com.ar\/noticias\/10-cc-celebra-el-50-aniversario-de-im-not-in-love-con-el-dia-de-san-valentin-7-pulgadas\/","title":{"rendered":"10 cc celebra el 50 aniversario de &#8216;I&#8217;m Not In Love&#8217; con el d\u00eda de San Valent\u00edn 7 pulgadas"},"content":{"rendered":"<p><strong>10 cc<\/strong> lanz\u00f3 su \u00e9xito mundial \u201c<strong>no estoy enamorado<\/strong>\u201den 1975 como parte de su \u00e1lbum. <em>La banda sonora original<\/em>lo que significa que la legendaria canci\u00f3n de amor cumple 50 a\u00f1os este a\u00f1o. La banda inglesa celebra ese aniversario de diversas formas.<\/p>\n<p>Un nuevo televisor de 7 pulgadas \u201cI&#8217;m Not In Love\u201d se lanzar\u00e1 el d\u00eda de San Valent\u00edn, con <em>La banda sonora original<\/em>&#8216;Buenas noticias&#8217; en la cara B. Un d\u00eda antes, el 13 de febrero, los miembros fundadores de 10cc, Graham Gouldman y Kevin Godley, lanzar\u00e1n su primera canci\u00f3n nueva juntos en casi 20 a\u00f1os, &#8220;&#8216;Don&#8217;t Want to Go to Heaven&#8221;. El d\u00fao har\u00e1 una aparici\u00f3n en la sala de piano de BBC Radio 2 ese d\u00eda para interpretar \u201cI&#8217;m Not In Love\u201d y \u201cDon&#8217;t Want To Go to Heaven\u201d.<\/p>\n<div class=\"uD-YT-container\"><img decoding=\"async\" src=\"https:\/\/web.consaguirre.com.ar\/noticias\/wp-content\/uploads\/2025\/01\/1737654011_677_10-cc-celebra-el-50-aniversario-de-Im-Not-In.jpg\" alt=\"V\u00eddeo de YouTube\"><br \/>Haga clic para cargar v\u00eddeo<\/div>\n<p>10cc se form\u00f3 en Manchester en 1972 y se convirti\u00f3 en una de las bandas m\u00e1s exitosas y aclamadas de su generaci\u00f3n. \u201cI&#8217;m Not In Love\u201d, que alcanz\u00f3 el n\u00famero 1 en el Reino Unido y el 2 en Estados Unidos, ha sido ampliamente reconocido por su producci\u00f3n innovadora y sus letras inteligentes. La canci\u00f3n se canta desde la perspectiva de un narrador que niega lo fuerte que siente por la persona con la que ha estado saliendo: \u201cNo estoy enamorado, as\u00ed que no lo olvides\/ Es s\u00f3lo una fase tonta por la que estoy pasando. &#8220;<\/p>\n<p>en un 2018 <em>Guardi\u00e1n<\/em> En el art\u00edculo, Eric Stewart de 10cc explic\u00f3 que la canci\u00f3n surgi\u00f3 cuando le dijo a su esposa, Gloria, que sonar\u00eda simplista repetir la frase &#8220;Te amo&#8221; todo el tiempo. Stewart y Gouldman se propusieron encontrar formas alternativas de expresar afecto, y dieron con un enfoque muy poco convencional pero eficaz.<\/p>\n<p>La m\u00fasica no sali\u00f3 f\u00e1cilmente. &#8220;Est\u00e1bamos a punto de desecharlo y limpiar la cinta pero, mientras caminaba por el estudio, escuch\u00e9 a la secretaria cantarla y al limpiador de ventanas silbarla&#8221;, dijo Stewart. <em>el guardi\u00e1n<\/em>. \u201cSab\u00eda que ten\u00edamos una melod\u00eda: simplemente no la hab\u00edamos capturado correctamente. Kevin sugiri\u00f3 hacerlo de nuevo, pero con bancos de voces. Pens\u00e9 que eso significaba contratar un coro, pero Lol Creme, nuestra teclista, dijo que pod\u00edamos hacerlo usando bucles de cinta\u201d.<\/p>\n<p>Seg\u00fan Creme, el enfoque del bucle de cinta se inspir\u00f3 en \u201cRevolution 9\u201d de los Beatles. &#8220;Todo el proceso dur\u00f3 aproximadamente una semana&#8221;, dijo. \u201cFue incre\u00edblemente tedioso. Tres o cuatro de nosotros tuvimos que cantar cada nota unas 14 veces y luego ponerle eco, lo que le dio ese sonido arm\u00f3nico lujoso y aterciopelado. Fue hermoso, pero la voz de Eric fue lo que realmente hizo la canci\u00f3n\u201d.<\/p>\n<p><strong>Compre ahora la versi\u00f3n de 7 pulgadas de \u201cI&#8217;m Not in Love\u201d de 10 cc.<\/strong><\/p>\n","protected":false},"excerpt":{"rendered":"<p>10 cc lanz\u00f3 su \u00e9xito mundial \u201cno estoy enamorado\u201den 1975 como parte de su \u00e1lbum. La banda sonora originallo que significa que la legendaria canci\u00f3n<\/p>\n","protected":false},"author":1,"featured_media":1674,"comment_status":"closed","ping_status":"","sticky":false,"template":"","format":"standard","meta":{"footnotes":""},"categories":[50],"tags":[98,114,32,921,328,1165,972,1723],"class_list":["post-1673","post","type-post","status-publish","format-standard","has-post-thumbnail","hentry","category-el-ultimo","tag-aniversario","tag-celebra","tag-con","tag-dia","tag-love","tag-pulgadas","tag-san","tag-valentin","generate-columns","tablet-grid-50","mobile-grid-100","grid-parent","grid-50"],"yoast_head":"<!-- This site is optimized with the Yoast SEO plugin v23.3 - https:\/\/yoast.com\/wordpress\/plugins\/seo\/ -->\n<title>10 cc celebra el 50 aniversario de &#039;I&#039;m Not In Love&#039; con el d\u00eda de San Valent\u00edn 7 pulgadas<\/title>\n<meta name=\"robots\" content=\"index, follow, max-snippet:-1, max-image-preview:large, max-video-preview:-1\" \/>\n<link rel=\"canonical\" href=\"https:\/\/web.consaguirre.com.ar\/noticias\/10-cc-celebra-el-50-aniversario-de-im-not-in-love-con-el-dia-de-san-valentin-7-pulgadas\/\" \/>\n<meta property=\"og:locale\" content=\"es_ES\" \/>\n<meta property=\"og:type\" content=\"article\" \/>\n<meta property=\"og:title\" content=\"10 cc celebra el 50 aniversario de &#039;I&#039;m Not In Love&#039; con el d\u00eda de San Valent\u00edn 7 pulgadas\" \/>\n<meta property=\"og:description\" content=\"10 cc lanz\u00f3 su \u00e9xito mundial \u201cno estoy enamorado\u201den 1975 como parte de su \u00e1lbum. La banda sonora originallo que significa que la legendaria canci\u00f3n\" \/>\n<meta property=\"og:url\" content=\"https:\/\/web.consaguirre.com.ar\/noticias\/10-cc-celebra-el-50-aniversario-de-im-not-in-love-con-el-dia-de-san-valentin-7-pulgadas\/\" \/>\n<meta property=\"og:site_name\" content=\"Conservatorio de M\u00fasica Juli\u00e1n Aguirre\" \/>\n<meta property=\"article:published_time\" content=\"2025-01-23T17:40:11+00:00\" \/>\n<meta property=\"article:modified_time\" content=\"2025-01-23T17:40:13+00:00\" \/>\n<meta property=\"og:image\" content=\"https:\/\/web.consaguirre.com.ar\/noticias\/wp-content\/uploads\/2025\/01\/10-cc-celebra-el-50-aniversario-de-Im-Not-In.jpg\" \/>\n\t<meta property=\"og:image:width\" content=\"1280\" \/>\n\t<meta property=\"og:image:height\" content=\"1280\" \/>\n\t<meta property=\"og:image:type\" content=\"image\/jpeg\" \/>\n<meta name=\"author\" content=\"Javier Figueroa\" \/>\n<meta name=\"twitter:card\" content=\"summary_large_image\" \/>\n<meta name=\"twitter:label1\" content=\"Escrito por\" \/>\n\t<meta name=\"twitter:data1\" content=\"Javier Figueroa\" \/>\n\t<meta name=\"twitter:label2\" content=\"Tiempo de lectura\" \/>\n\t<meta name=\"twitter:data2\" content=\"2 minutos\" \/>\n<script type=\"application\/ld+json\" class=\"yoast-schema-graph\">{\"@context\":\"https:\/\/schema.org\",\"@graph\":[{\"@type\":\"Article\",\"@id\":\"https:\/\/web.consaguirre.com.ar\/noticias\/10-cc-celebra-el-50-aniversario-de-im-not-in-love-con-el-dia-de-san-valentin-7-pulgadas\/#article\",\"isPartOf\":{\"@id\":\"https:\/\/web.consaguirre.com.ar\/noticias\/10-cc-celebra-el-50-aniversario-de-im-not-in-love-con-el-dia-de-san-valentin-7-pulgadas\/\"},\"author\":{\"name\":\"Javier Figueroa\",\"@id\":\"https:\/\/web.consaguirre.com.ar\/noticias\/#\/schema\/person\/6558b0cfedee7ddc5425602b237d5722\"},\"headline\":\"10 cc celebra el 50 aniversario de &#8216;I&#8217;m Not In Love&#8217; con el d\u00eda de San Valent\u00edn 7 pulgadas\",\"datePublished\":\"2025-01-23T17:40:11+00:00\",\"dateModified\":\"2025-01-23T17:40:13+00:00\",\"mainEntityOfPage\":{\"@id\":\"https:\/\/web.consaguirre.com.ar\/noticias\/10-cc-celebra-el-50-aniversario-de-im-not-in-love-con-el-dia-de-san-valentin-7-pulgadas\/\"},\"wordCount\":494,\"publisher\":{\"@id\":\"https:\/\/web.consaguirre.com.ar\/noticias\/#organization\"},\"image\":{\"@id\":\"https:\/\/web.consaguirre.com.ar\/noticias\/10-cc-celebra-el-50-aniversario-de-im-not-in-love-con-el-dia-de-san-valentin-7-pulgadas\/#primaryimage\"},\"thumbnailUrl\":\"https:\/\/web.consaguirre.com.ar\/noticias\/wp-content\/uploads\/2025\/01\/10-cc-celebra-el-50-aniversario-de-Im-Not-In.jpg\",\"keywords\":[\"aniversario\",\"celebra\",\"con\",\"d\u00eda\",\"Love\",\"pulgadas\",\"San\",\"Valent\u00edn\"],\"articleSection\":[\"El \u00faltimo\"],\"inLanguage\":\"es-AR\"},{\"@type\":\"WebPage\",\"@id\":\"https:\/\/web.consaguirre.com.ar\/noticias\/10-cc-celebra-el-50-aniversario-de-im-not-in-love-con-el-dia-de-san-valentin-7-pulgadas\/\",\"url\":\"https:\/\/web.consaguirre.com.ar\/noticias\/10-cc-celebra-el-50-aniversario-de-im-not-in-love-con-el-dia-de-san-valentin-7-pulgadas\/\",\"name\":\"10 cc celebra el 50 aniversario de 'I'm Not In Love' con el d\u00eda de San Valent\u00edn 7 pulgadas\",\"isPartOf\":{\"@id\":\"https:\/\/web.consaguirre.com.ar\/noticias\/#website\"},\"primaryImageOfPage\":{\"@id\":\"https:\/\/web.consaguirre.com.ar\/noticias\/10-cc-celebra-el-50-aniversario-de-im-not-in-love-con-el-dia-de-san-valentin-7-pulgadas\/#primaryimage\"},\"image\":{\"@id\":\"https:\/\/web.consaguirre.com.ar\/noticias\/10-cc-celebra-el-50-aniversario-de-im-not-in-love-con-el-dia-de-san-valentin-7-pulgadas\/#primaryimage\"},\"thumbnailUrl\":\"https:\/\/web.consaguirre.com.ar\/noticias\/wp-content\/uploads\/2025\/01\/10-cc-celebra-el-50-aniversario-de-Im-Not-In.jpg\",\"datePublished\":\"2025-01-23T17:40:11+00:00\",\"dateModified\":\"2025-01-23T17:40:13+00:00\",\"breadcrumb\":{\"@id\":\"https:\/\/web.consaguirre.com.ar\/noticias\/10-cc-celebra-el-50-aniversario-de-im-not-in-love-con-el-dia-de-san-valentin-7-pulgadas\/#breadcrumb\"},\"inLanguage\":\"es-AR\",\"potentialAction\":[{\"@type\":\"ReadAction\",\"target\":[\"https:\/\/web.consaguirre.com.ar\/noticias\/10-cc-celebra-el-50-aniversario-de-im-not-in-love-con-el-dia-de-san-valentin-7-pulgadas\/\"]}]},{\"@type\":\"ImageObject\",\"inLanguage\":\"es-AR\",\"@id\":\"https:\/\/web.consaguirre.com.ar\/noticias\/10-cc-celebra-el-50-aniversario-de-im-not-in-love-con-el-dia-de-san-valentin-7-pulgadas\/#primaryimage\",\"url\":\"https:\/\/web.consaguirre.com.ar\/noticias\/wp-content\/uploads\/2025\/01\/10-cc-celebra-el-50-aniversario-de-Im-Not-In.jpg\",\"contentUrl\":\"https:\/\/web.consaguirre.com.ar\/noticias\/wp-content\/uploads\/2025\/01\/10-cc-celebra-el-50-aniversario-de-Im-Not-In.jpg\",\"width\":1280,\"height\":1280,\"caption\":\"10 cc celebra el 50 aniversario de 'I'm Not In Love' con el d\u00eda de San Valent\u00edn 7 pulgadas\"},{\"@type\":\"BreadcrumbList\",\"@id\":\"https:\/\/web.consaguirre.com.ar\/noticias\/10-cc-celebra-el-50-aniversario-de-im-not-in-love-con-el-dia-de-san-valentin-7-pulgadas\/#breadcrumb\",\"itemListElement\":[{\"@type\":\"ListItem\",\"position\":1,\"name\":\"Inicio\",\"item\":\"https:\/\/web.consaguirre.com.ar\/noticias\/\"},{\"@type\":\"ListItem\",\"position\":2,\"name\":\"10 cc celebra el 50 aniversario de &#8216;I&#8217;m Not In Love&#8217; con el d\u00eda de San Valent\u00edn 7 pulgadas\"}]},{\"@type\":\"WebSite\",\"@id\":\"https:\/\/web.consaguirre.com.ar\/noticias\/#website\",\"url\":\"https:\/\/web.consaguirre.com.ar\/noticias\/\",\"name\":\"Conservatorio de M\u00fasica Juli\u00e1n Aguirre\",\"description\":\"\",\"publisher\":{\"@id\":\"https:\/\/web.consaguirre.com.ar\/noticias\/#organization\"},\"potentialAction\":[{\"@type\":\"SearchAction\",\"target\":{\"@type\":\"EntryPoint\",\"urlTemplate\":\"https:\/\/web.consaguirre.com.ar\/noticias\/?s={search_term_string}\"},\"query-input\":\"required name=search_term_string\"}],\"inLanguage\":\"es-AR\"},{\"@type\":\"Organization\",\"@id\":\"https:\/\/web.consaguirre.com.ar\/noticias\/#organization\",\"name\":\"Conservatorio de M\u00fasica Juli\u00e1n Aguirre\",\"url\":\"https:\/\/web.consaguirre.com.ar\/noticias\/\",\"logo\":{\"@type\":\"ImageObject\",\"inLanguage\":\"es-AR\",\"@id\":\"https:\/\/web.consaguirre.com.ar\/noticias\/#\/schema\/logo\/image\/\",\"url\":\"https:\/\/web.consaguirre.com.ar\/noticias\/wp-content\/uploads\/2024\/08\/Banner-Aguirre-23.jpg\",\"contentUrl\":\"https:\/\/web.consaguirre.com.ar\/noticias\/wp-content\/uploads\/2024\/08\/Banner-Aguirre-23.jpg\",\"width\":1192,\"height\":600,\"caption\":\"Conservatorio de M\u00fasica Juli\u00e1n Aguirre\"},\"image\":{\"@id\":\"https:\/\/web.consaguirre.com.ar\/noticias\/#\/schema\/logo\/image\/\"}},{\"@type\":\"Person\",\"@id\":\"https:\/\/web.consaguirre.com.ar\/noticias\/#\/schema\/person\/6558b0cfedee7ddc5425602b237d5722\",\"name\":\"Javier Figueroa\",\"image\":{\"@type\":\"ImageObject\",\"inLanguage\":\"es-AR\",\"@id\":\"https:\/\/web.consaguirre.com.ar\/noticias\/#\/schema\/person\/image\/\",\"url\":\"https:\/\/web.consaguirre.com.ar\/noticias\/wp-content\/uploads\/2024\/08\/Consaguirre-scaled.jpg\",\"contentUrl\":\"https:\/\/web.consaguirre.com.ar\/noticias\/wp-content\/uploads\/2024\/08\/Consaguirre-scaled.jpg\",\"caption\":\"Javier Figueroa\"},\"description\":\"Me llamo Javier Figueroa y soy redactor para el sitio oficial del Conservatorio de M\u00fasica Juli\u00e1n Aguirre en Buenos Aires, consaguirre.com. Apasionado por la m\u00fasica y la escritura, me esfuerzo por destacar los talentos y eventos de nuestra prestigiosa instituci\u00f3n. Mi trayectoria se nutre de una profunda admiraci\u00f3n por los artistas, haciendo de cada art\u00edculo una celebraci\u00f3n de la creatividad y la cultura musical.\",\"sameAs\":[\"https:\/\/web.consaguirre.com.ar\/noticias\"]}]}<\/script>\n<!-- \/ Yoast SEO plugin. -->","yoast_head_json":{"title":"10 cc celebra el 50 aniversario de 'I'm Not In Love' con el d\u00eda de San Valent\u00edn 7 pulgadas","robots":{"index":"index","follow":"follow","max-snippet":"max-snippet:-1","max-image-preview":"max-image-preview:large","max-video-preview":"max-video-preview:-1"},"canonical":"https:\/\/web.consaguirre.com.ar\/noticias\/10-cc-celebra-el-50-aniversario-de-im-not-in-love-con-el-dia-de-san-valentin-7-pulgadas\/","og_locale":"es_ES","og_type":"article","og_title":"10 cc celebra el 50 aniversario de 'I'm Not In Love' con el d\u00eda de San Valent\u00edn 7 pulgadas","og_description":"10 cc lanz\u00f3 su \u00e9xito mundial \u201cno estoy enamorado\u201den 1975 como parte de su \u00e1lbum. La banda sonora originallo que significa que la legendaria canci\u00f3n","og_url":"https:\/\/web.consaguirre.com.ar\/noticias\/10-cc-celebra-el-50-aniversario-de-im-not-in-love-con-el-dia-de-san-valentin-7-pulgadas\/","og_site_name":"Conservatorio de M\u00fasica Juli\u00e1n Aguirre","article_published_time":"2025-01-23T17:40:11+00:00","article_modified_time":"2025-01-23T17:40:13+00:00","og_image":[{"width":1280,"height":1280,"url":"https:\/\/web.consaguirre.com.ar\/noticias\/wp-content\/uploads\/2025\/01\/10-cc-celebra-el-50-aniversario-de-Im-Not-In.jpg","type":"image\/jpeg"}],"author":"Javier Figueroa","twitter_card":"summary_large_image","twitter_misc":{"Escrito por":"Javier Figueroa","Tiempo de lectura":"2 minutos"},"schema":{"@context":"https:\/\/schema.org","@graph":[{"@type":"Article","@id":"https:\/\/web.consaguirre.com.ar\/noticias\/10-cc-celebra-el-50-aniversario-de-im-not-in-love-con-el-dia-de-san-valentin-7-pulgadas\/#article","isPartOf":{"@id":"https:\/\/web.consaguirre.com.ar\/noticias\/10-cc-celebra-el-50-aniversario-de-im-not-in-love-con-el-dia-de-san-valentin-7-pulgadas\/"},"author":{"name":"Javier Figueroa","@id":"https:\/\/web.consaguirre.com.ar\/noticias\/#\/schema\/person\/6558b0cfedee7ddc5425602b237d5722"},"headline":"10 cc celebra el 50 aniversario de &#8216;I&#8217;m Not In Love&#8217; con el d\u00eda de San Valent\u00edn 7 pulgadas","datePublished":"2025-01-23T17:40:11+00:00","dateModified":"2025-01-23T17:40:13+00:00","mainEntityOfPage":{"@id":"https:\/\/web.consaguirre.com.ar\/noticias\/10-cc-celebra-el-50-aniversario-de-im-not-in-love-con-el-dia-de-san-valentin-7-pulgadas\/"},"wordCount":494,"publisher":{"@id":"https:\/\/web.consaguirre.com.ar\/noticias\/#organization"},"image":{"@id":"https:\/\/web.consaguirre.com.ar\/noticias\/10-cc-celebra-el-50-aniversario-de-im-not-in-love-con-el-dia-de-san-valentin-7-pulgadas\/#primaryimage"},"thumbnailUrl":"https:\/\/web.consaguirre.com.ar\/noticias\/wp-content\/uploads\/2025\/01\/10-cc-celebra-el-50-aniversario-de-Im-Not-In.jpg","keywords":["aniversario","celebra","con","d\u00eda","Love","pulgadas","San","Valent\u00edn"],"articleSection":["El \u00faltimo"],"inLanguage":"es-AR"},{"@type":"WebPage","@id":"https:\/\/web.consaguirre.com.ar\/noticias\/10-cc-celebra-el-50-aniversario-de-im-not-in-love-con-el-dia-de-san-valentin-7-pulgadas\/","url":"https:\/\/web.consaguirre.com.ar\/noticias\/10-cc-celebra-el-50-aniversario-de-im-not-in-love-con-el-dia-de-san-valentin-7-pulgadas\/","name":"10 cc celebra el 50 aniversario de 'I'm Not In Love' con el d\u00eda de San Valent\u00edn 7 pulgadas","isPartOf":{"@id":"https:\/\/web.consaguirre.com.ar\/noticias\/#website"},"primaryImageOfPage":{"@id":"https:\/\/web.consaguirre.com.ar\/noticias\/10-cc-celebra-el-50-aniversario-de-im-not-in-love-con-el-dia-de-san-valentin-7-pulgadas\/#primaryimage"},"image":{"@id":"https:\/\/web.consaguirre.com.ar\/noticias\/10-cc-celebra-el-50-aniversario-de-im-not-in-love-con-el-dia-de-san-valentin-7-pulgadas\/#primaryimage"},"thumbnailUrl":"https:\/\/web.consaguirre.com.ar\/noticias\/wp-content\/uploads\/2025\/01\/10-cc-celebra-el-50-aniversario-de-Im-Not-In.jpg","datePublished":"2025-01-23T17:40:11+00:00","dateModified":"2025-01-23T17:40:13+00:00","breadcrumb":{"@id":"https:\/\/web.consaguirre.com.ar\/noticias\/10-cc-celebra-el-50-aniversario-de-im-not-in-love-con-el-dia-de-san-valentin-7-pulgadas\/#breadcrumb"},"inLanguage":"es-AR","potentialAction":[{"@type":"ReadAction","target":["https:\/\/web.consaguirre.com.ar\/noticias\/10-cc-celebra-el-50-aniversario-de-im-not-in-love-con-el-dia-de-san-valentin-7-pulgadas\/"]}]},{"@type":"ImageObject","inLanguage":"es-AR","@id":"https:\/\/web.consaguirre.com.ar\/noticias\/10-cc-celebra-el-50-aniversario-de-im-not-in-love-con-el-dia-de-san-valentin-7-pulgadas\/#primaryimage","url":"https:\/\/web.consaguirre.com.ar\/noticias\/wp-content\/uploads\/2025\/01\/10-cc-celebra-el-50-aniversario-de-Im-Not-In.jpg","contentUrl":"https:\/\/web.consaguirre.com.ar\/noticias\/wp-content\/uploads\/2025\/01\/10-cc-celebra-el-50-aniversario-de-Im-Not-In.jpg","width":1280,"height":1280,"caption":"10 cc celebra el 50 aniversario de 'I'm Not In Love' con el d\u00eda de San Valent\u00edn 7 pulgadas"},{"@type":"BreadcrumbList","@id":"https:\/\/web.consaguirre.com.ar\/noticias\/10-cc-celebra-el-50-aniversario-de-im-not-in-love-con-el-dia-de-san-valentin-7-pulgadas\/#breadcrumb","itemListElement":[{"@type":"ListItem","position":1,"name":"Inicio","item":"https:\/\/web.consaguirre.com.ar\/noticias\/"},{"@type":"ListItem","position":2,"name":"10 cc celebra el 50 aniversario de &#8216;I&#8217;m Not In Love&#8217; con el d\u00eda de San Valent\u00edn 7 pulgadas"}]},{"@type":"WebSite","@id":"https:\/\/web.consaguirre.com.ar\/noticias\/#website","url":"https:\/\/web.consaguirre.com.ar\/noticias\/","name":"Conservatorio de M\u00fasica Juli\u00e1n Aguirre","description":"","publisher":{"@id":"https:\/\/web.consaguirre.com.ar\/noticias\/#organization"},"potentialAction":[{"@type":"SearchAction","target":{"@type":"EntryPoint","urlTemplate":"https:\/\/web.consaguirre.com.ar\/noticias\/?s={search_term_string}"},"query-input":"required name=search_term_string"}],"inLanguage":"es-AR"},{"@type":"Organization","@id":"https:\/\/web.consaguirre.com.ar\/noticias\/#organization","name":"Conservatorio de M\u00fasica Juli\u00e1n Aguirre","url":"https:\/\/web.consaguirre.com.ar\/noticias\/","logo":{"@type":"ImageObject","inLanguage":"es-AR","@id":"https:\/\/web.consaguirre.com.ar\/noticias\/#\/schema\/logo\/image\/","url":"https:\/\/web.consaguirre.com.ar\/noticias\/wp-content\/uploads\/2024\/08\/Banner-Aguirre-23.jpg","contentUrl":"https:\/\/web.consaguirre.com.ar\/noticias\/wp-content\/uploads\/2024\/08\/Banner-Aguirre-23.jpg","width":1192,"height":600,"caption":"Conservatorio de M\u00fasica Juli\u00e1n Aguirre"},"image":{"@id":"https:\/\/web.consaguirre.com.ar\/noticias\/#\/schema\/logo\/image\/"}},{"@type":"Person","@id":"https:\/\/web.consaguirre.com.ar\/noticias\/#\/schema\/person\/6558b0cfedee7ddc5425602b237d5722","name":"Javier Figueroa","image":{"@type":"ImageObject","inLanguage":"es-AR","@id":"https:\/\/web.consaguirre.com.ar\/noticias\/#\/schema\/person\/image\/","url":"https:\/\/web.consaguirre.com.ar\/noticias\/wp-content\/uploads\/2024\/08\/Consaguirre-scaled.jpg","contentUrl":"https:\/\/web.consaguirre.com.ar\/noticias\/wp-content\/uploads\/2024\/08\/Consaguirre-scaled.jpg","caption":"Javier Figueroa"},"description":"Me llamo Javier Figueroa y soy redactor para el sitio oficial del Conservatorio de M\u00fasica Juli\u00e1n Aguirre en Buenos Aires, consaguirre.com. Apasionado por la m\u00fasica y la escritura, me esfuerzo por destacar los talentos y eventos de nuestra prestigiosa instituci\u00f3n. Mi trayectoria se nutre de una profunda admiraci\u00f3n por los artistas, haciendo de cada art\u00edculo una celebraci\u00f3n de la creatividad y la cultura musical.","sameAs":["https:\/\/web.consaguirre.com.ar\/noticias"]}]}},"_links":{"self":[{"href":"https:\/\/web.consaguirre.com.ar\/noticias\/wp-json\/wp\/v2\/posts\/1673"}],"collection":[{"href":"https:\/\/web.consaguirre.com.ar\/noticias\/wp-json\/wp\/v2\/posts"}],"about":[{"href":"https:\/\/web.consaguirre.com.ar\/noticias\/wp-json\/wp\/v2\/types\/post"}],"author":[{"embeddable":true,"href":"https:\/\/web.consaguirre.com.ar\/noticias\/wp-json\/wp\/v2\/users\/1"}],"replies":[{"embeddable":true,"href":"https:\/\/web.consaguirre.com.ar\/noticias\/wp-json\/wp\/v2\/comments?post=1673"}],"version-history":[{"count":1,"href":"https:\/\/web.consaguirre.com.ar\/noticias\/wp-json\/wp\/v2\/posts\/1673\/revisions"}],"predecessor-version":[{"id":1675,"href":"https:\/\/web.consaguirre.com.ar\/noticias\/wp-json\/wp\/v2\/posts\/1673\/revisions\/1675"}],"wp:featuredmedia":[{"embeddable":true,"href":"https:\/\/web.consaguirre.com.ar\/noticias\/wp-json\/wp\/v2\/media\/1674"}],"wp:attachment":[{"href":"https:\/\/web.consaguirre.com.ar\/noticias\/wp-json\/wp\/v2\/media?parent=1673"}],"wp:term":[{"taxonomy":"category","embeddable":true,"href":"https:\/\/web.consaguirre.com.ar\/noticias\/wp-json\/wp\/v2\/categories?post=1673"},{"taxonomy":"post_tag","embeddable":true,"href":"https:\/\/web.consaguirre.com.ar\/noticias\/wp-json\/wp\/v2\/tags?post=1673"}],"curies":[{"name":"wp","href":"https:\/\/api.w.org\/{rel}","templated":true}]}}