{"id":1667,"date":"2025-01-22T20:40:07","date_gmt":"2025-01-22T23:40:07","guid":{"rendered":"https:\/\/web.consaguirre.com.ar\/noticias\/la-vida-y-el-legado-de-muhammad-ali-explorados-en-el-nuevo-original-audible-ali-in-me\/"},"modified":"2025-01-22T20:40:08","modified_gmt":"2025-01-22T23:40:08","slug":"la-vida-y-el-legado-de-muhammad-ali-explorados-en-el-nuevo-original-audible-ali-in-me","status":"publish","type":"post","link":"https:\/\/web.consaguirre.com.ar\/noticias\/la-vida-y-el-legado-de-muhammad-ali-explorados-en-el-nuevo-original-audible-ali-in-me\/","title":{"rendered":"La vida y el legado de Muhammad Ali explorados en el nuevo original audible &#8216;Ali in Me&#8217;"},"content":{"rendered":"<p>Prep\u00e1rese para una nueva serie de audio sobre Muhammad Ali. <em>Ali en mi<\/em>un nuevo Audible Original de Mercury Studios y Treefort Media, explora la vida y el legado de la leyenda del boxeo. El podcast de ocho partes est\u00e1 presentado por la esposa de Ali, Lonnie Ali, y su amigo cercano John Ramsey.<\/p>\n<p>Disponible a partir del 23 de enero <em>Ali en mi<\/em> se presenta como un examen del impacto duradero de Ali en el ring de boxeo y m\u00e1s all\u00e1, en particular su compromiso de luchar contra la injusticia. La serie incorpora audio nunca antes escuchado de Ali, as\u00ed como m\u00fasica original, dise\u00f1o de sonido, poes\u00eda y entrevistas con invitados especiales como Will Smith (quien interpret\u00f3 a Ali en la pel\u00edcula biogr\u00e1fica hom\u00f3nima del boxeador), Billy Crystal, Mike Tyson, Common, Rosie Perez, Bob Costas, Killer Mike, Laila Ali, la hija de Ali, y m\u00e1s.<\/p>\n<p>&#8220;Nuestra visi\u00f3n para este podcast es llenar el vac\u00edo que qued\u00f3 cuando perdimos a Mahoma&#8221;, dijo Lonnie Ali. &#8220;M\u00e1s que nunca, el poder del ejemplo de Mahoma, junto con la simple verdad de sus palabras, pueden ayudar a elevar e inspirar a la humanidad&#8221;.<\/p>\n<p>&#8220;Muhammad fue el mejor ejemplo del esp\u00edritu humano que jam\u00e1s haya presenciado&#8221;, a\u00f1adi\u00f3 Ramsey. \u201cMe atrajo con su capacidad atl\u00e9tica, pero al verlo difundir amor de manera tan desinteresada, aprend\u00ed una nueva definici\u00f3n de ser hombre. Fue un campe\u00f3n no s\u00f3lo del boxeo, sino de la humanidad\u201d.<\/p>\n<p>Barak Moffitt, <em>Ali en mi<\/em>El productor ejecutivo y director de Mercury Studios North America, comparti\u00f3 su propia perspectiva sobre el proyecto. &#8220;Nuestra intenci\u00f3n con la serie era proporcionar a Lonnie y John un veh\u00edculo creativo elevado para explorar la humanidad incomparable de Muhammad Ali y compartir sus recuerdos y conocimientos profundamente personales&#8221;, dijo Moffitt. &#8220;Estamos profundamente agradecidos a todos los contribuyentes que compartieron tan abiertamente y a Audible por apoyar esta visi\u00f3n&#8221;.<\/p>\n<p>Ali muri\u00f3 en 2016 a los 74 a\u00f1os despu\u00e9s de una batalla contra la enfermedad de Parkinson. Es conocido en todo el mundo por su apodo, \u201cEl M\u00e1s Grande\u201d, en reconocimiento a su formidable carrera como boxeador de peso pesado, as\u00ed como a su historia de activismo social. En 1999, <em>deportes ilustrados<\/em> lo nombr\u00f3 Deportista del Siglo y la BBC lo reconoci\u00f3 como Personalidad Deportiva del Siglo.<\/p><\/p>\n","protected":false},"excerpt":{"rendered":"<p>Prep\u00e1rese para una nueva serie de audio sobre Muhammad Ali. Ali en miun nuevo Audible Original de Mercury Studios y Treefort Media, explora la vida<\/p>\n","protected":false},"author":1,"featured_media":1668,"comment_status":"closed","ping_status":"","sticky":false,"template":"","format":"standard","meta":{"footnotes":""},"categories":[50],"tags":[1718,648,1719,1386,1717,146,1646,1716],"class_list":["post-1667","post","type-post","status-publish","format-standard","has-post-thumbnail","hentry","category-el-ultimo","tag-ali","tag-audible","tag-explorados","tag-legado","tag-muhammad","tag-nuevo","tag-original","tag-vida","generate-columns","tablet-grid-50","mobile-grid-100","grid-parent","grid-50"],"yoast_head":"<!-- This site is optimized with the Yoast SEO plugin v23.3 - https:\/\/yoast.com\/wordpress\/plugins\/seo\/ -->\n<title>La vida y el legado de Muhammad Ali explorados en el nuevo original audible &#039;Ali in Me&#039;<\/title>\n<meta name=\"robots\" content=\"index, follow, max-snippet:-1, max-image-preview:large, max-video-preview:-1\" \/>\n<link rel=\"canonical\" href=\"https:\/\/web.consaguirre.com.ar\/noticias\/la-vida-y-el-legado-de-muhammad-ali-explorados-en-el-nuevo-original-audible-ali-in-me\/\" \/>\n<meta property=\"og:locale\" content=\"es_ES\" \/>\n<meta property=\"og:type\" content=\"article\" \/>\n<meta property=\"og:title\" content=\"La vida y el legado de Muhammad Ali explorados en el nuevo original audible &#039;Ali in Me&#039;\" \/>\n<meta property=\"og:description\" content=\"Prep\u00e1rese para una nueva serie de audio sobre Muhammad Ali. Ali en miun nuevo Audible Original de Mercury Studios y Treefort Media, explora la vida\" \/>\n<meta property=\"og:url\" content=\"https:\/\/web.consaguirre.com.ar\/noticias\/la-vida-y-el-legado-de-muhammad-ali-explorados-en-el-nuevo-original-audible-ali-in-me\/\" \/>\n<meta property=\"og:site_name\" content=\"Conservatorio de M\u00fasica Juli\u00e1n Aguirre\" \/>\n<meta property=\"article:published_time\" content=\"2025-01-22T23:40:07+00:00\" \/>\n<meta property=\"article:modified_time\" content=\"2025-01-22T23:40:08+00:00\" \/>\n<meta property=\"og:image\" content=\"https:\/\/web.consaguirre.com.ar\/noticias\/wp-content\/uploads\/2025\/01\/La-vida-y-el-legado-de-Muhammad-Ali-explorados-en.jpg\" \/>\n\t<meta property=\"og:image:width\" content=\"1440\" \/>\n\t<meta property=\"og:image:height\" content=\"864\" \/>\n\t<meta property=\"og:image:type\" content=\"image\/jpeg\" \/>\n<meta name=\"author\" content=\"Javier Figueroa\" \/>\n<meta name=\"twitter:card\" content=\"summary_large_image\" \/>\n<meta name=\"twitter:label1\" content=\"Escrito por\" \/>\n\t<meta name=\"twitter:data1\" content=\"Javier Figueroa\" \/>\n\t<meta name=\"twitter:label2\" content=\"Tiempo de lectura\" \/>\n\t<meta name=\"twitter:data2\" content=\"2 minutos\" \/>\n<script type=\"application\/ld+json\" class=\"yoast-schema-graph\">{\"@context\":\"https:\/\/schema.org\",\"@graph\":[{\"@type\":\"Article\",\"@id\":\"https:\/\/web.consaguirre.com.ar\/noticias\/la-vida-y-el-legado-de-muhammad-ali-explorados-en-el-nuevo-original-audible-ali-in-me\/#article\",\"isPartOf\":{\"@id\":\"https:\/\/web.consaguirre.com.ar\/noticias\/la-vida-y-el-legado-de-muhammad-ali-explorados-en-el-nuevo-original-audible-ali-in-me\/\"},\"author\":{\"name\":\"Javier Figueroa\",\"@id\":\"https:\/\/web.consaguirre.com.ar\/noticias\/#\/schema\/person\/6558b0cfedee7ddc5425602b237d5722\"},\"headline\":\"La vida y el legado de Muhammad Ali explorados en el nuevo original audible &#8216;Ali in Me&#8217;\",\"datePublished\":\"2025-01-22T23:40:07+00:00\",\"dateModified\":\"2025-01-22T23:40:08+00:00\",\"mainEntityOfPage\":{\"@id\":\"https:\/\/web.consaguirre.com.ar\/noticias\/la-vida-y-el-legado-de-muhammad-ali-explorados-en-el-nuevo-original-audible-ali-in-me\/\"},\"wordCount\":413,\"publisher\":{\"@id\":\"https:\/\/web.consaguirre.com.ar\/noticias\/#organization\"},\"image\":{\"@id\":\"https:\/\/web.consaguirre.com.ar\/noticias\/la-vida-y-el-legado-de-muhammad-ali-explorados-en-el-nuevo-original-audible-ali-in-me\/#primaryimage\"},\"thumbnailUrl\":\"https:\/\/web.consaguirre.com.ar\/noticias\/wp-content\/uploads\/2025\/01\/La-vida-y-el-legado-de-Muhammad-Ali-explorados-en.jpg\",\"keywords\":[\"Ali\",\"Audible\",\"explorados\",\"legado\",\"Muhammad\",\"nuevo\",\"Original\",\"vida\"],\"articleSection\":[\"El \u00faltimo\"],\"inLanguage\":\"es-AR\"},{\"@type\":\"WebPage\",\"@id\":\"https:\/\/web.consaguirre.com.ar\/noticias\/la-vida-y-el-legado-de-muhammad-ali-explorados-en-el-nuevo-original-audible-ali-in-me\/\",\"url\":\"https:\/\/web.consaguirre.com.ar\/noticias\/la-vida-y-el-legado-de-muhammad-ali-explorados-en-el-nuevo-original-audible-ali-in-me\/\",\"name\":\"La vida y el legado de Muhammad Ali explorados en el nuevo original audible 'Ali in Me'\",\"isPartOf\":{\"@id\":\"https:\/\/web.consaguirre.com.ar\/noticias\/#website\"},\"primaryImageOfPage\":{\"@id\":\"https:\/\/web.consaguirre.com.ar\/noticias\/la-vida-y-el-legado-de-muhammad-ali-explorados-en-el-nuevo-original-audible-ali-in-me\/#primaryimage\"},\"image\":{\"@id\":\"https:\/\/web.consaguirre.com.ar\/noticias\/la-vida-y-el-legado-de-muhammad-ali-explorados-en-el-nuevo-original-audible-ali-in-me\/#primaryimage\"},\"thumbnailUrl\":\"https:\/\/web.consaguirre.com.ar\/noticias\/wp-content\/uploads\/2025\/01\/La-vida-y-el-legado-de-Muhammad-Ali-explorados-en.jpg\",\"datePublished\":\"2025-01-22T23:40:07+00:00\",\"dateModified\":\"2025-01-22T23:40:08+00:00\",\"breadcrumb\":{\"@id\":\"https:\/\/web.consaguirre.com.ar\/noticias\/la-vida-y-el-legado-de-muhammad-ali-explorados-en-el-nuevo-original-audible-ali-in-me\/#breadcrumb\"},\"inLanguage\":\"es-AR\",\"potentialAction\":[{\"@type\":\"ReadAction\",\"target\":[\"https:\/\/web.consaguirre.com.ar\/noticias\/la-vida-y-el-legado-de-muhammad-ali-explorados-en-el-nuevo-original-audible-ali-in-me\/\"]}]},{\"@type\":\"ImageObject\",\"inLanguage\":\"es-AR\",\"@id\":\"https:\/\/web.consaguirre.com.ar\/noticias\/la-vida-y-el-legado-de-muhammad-ali-explorados-en-el-nuevo-original-audible-ali-in-me\/#primaryimage\",\"url\":\"https:\/\/web.consaguirre.com.ar\/noticias\/wp-content\/uploads\/2025\/01\/La-vida-y-el-legado-de-Muhammad-Ali-explorados-en.jpg\",\"contentUrl\":\"https:\/\/web.consaguirre.com.ar\/noticias\/wp-content\/uploads\/2025\/01\/La-vida-y-el-legado-de-Muhammad-Ali-explorados-en.jpg\",\"width\":1440,\"height\":864,\"caption\":\"La vida y el legado de Muhammad Ali explorados en el nuevo original audible 'Ali in Me'\"},{\"@type\":\"BreadcrumbList\",\"@id\":\"https:\/\/web.consaguirre.com.ar\/noticias\/la-vida-y-el-legado-de-muhammad-ali-explorados-en-el-nuevo-original-audible-ali-in-me\/#breadcrumb\",\"itemListElement\":[{\"@type\":\"ListItem\",\"position\":1,\"name\":\"Inicio\",\"item\":\"https:\/\/web.consaguirre.com.ar\/noticias\/\"},{\"@type\":\"ListItem\",\"position\":2,\"name\":\"La vida y el legado de Muhammad Ali explorados en el nuevo original audible &#8216;Ali in Me&#8217;\"}]},{\"@type\":\"WebSite\",\"@id\":\"https:\/\/web.consaguirre.com.ar\/noticias\/#website\",\"url\":\"https:\/\/web.consaguirre.com.ar\/noticias\/\",\"name\":\"Conservatorio de M\u00fasica Juli\u00e1n Aguirre\",\"description\":\"\",\"publisher\":{\"@id\":\"https:\/\/web.consaguirre.com.ar\/noticias\/#organization\"},\"potentialAction\":[{\"@type\":\"SearchAction\",\"target\":{\"@type\":\"EntryPoint\",\"urlTemplate\":\"https:\/\/web.consaguirre.com.ar\/noticias\/?s={search_term_string}\"},\"query-input\":\"required name=search_term_string\"}],\"inLanguage\":\"es-AR\"},{\"@type\":\"Organization\",\"@id\":\"https:\/\/web.consaguirre.com.ar\/noticias\/#organization\",\"name\":\"Conservatorio de M\u00fasica Juli\u00e1n Aguirre\",\"url\":\"https:\/\/web.consaguirre.com.ar\/noticias\/\",\"logo\":{\"@type\":\"ImageObject\",\"inLanguage\":\"es-AR\",\"@id\":\"https:\/\/web.consaguirre.com.ar\/noticias\/#\/schema\/logo\/image\/\",\"url\":\"https:\/\/web.consaguirre.com.ar\/noticias\/wp-content\/uploads\/2024\/08\/Banner-Aguirre-23.jpg\",\"contentUrl\":\"https:\/\/web.consaguirre.com.ar\/noticias\/wp-content\/uploads\/2024\/08\/Banner-Aguirre-23.jpg\",\"width\":1192,\"height\":600,\"caption\":\"Conservatorio de M\u00fasica Juli\u00e1n Aguirre\"},\"image\":{\"@id\":\"https:\/\/web.consaguirre.com.ar\/noticias\/#\/schema\/logo\/image\/\"}},{\"@type\":\"Person\",\"@id\":\"https:\/\/web.consaguirre.com.ar\/noticias\/#\/schema\/person\/6558b0cfedee7ddc5425602b237d5722\",\"name\":\"Javier Figueroa\",\"image\":{\"@type\":\"ImageObject\",\"inLanguage\":\"es-AR\",\"@id\":\"https:\/\/web.consaguirre.com.ar\/noticias\/#\/schema\/person\/image\/\",\"url\":\"https:\/\/web.consaguirre.com.ar\/noticias\/wp-content\/uploads\/2024\/08\/Consaguirre-scaled.jpg\",\"contentUrl\":\"https:\/\/web.consaguirre.com.ar\/noticias\/wp-content\/uploads\/2024\/08\/Consaguirre-scaled.jpg\",\"caption\":\"Javier Figueroa\"},\"description\":\"Me llamo Javier Figueroa y soy redactor para el sitio oficial del Conservatorio de M\u00fasica Juli\u00e1n Aguirre en Buenos Aires, consaguirre.com. Apasionado por la m\u00fasica y la escritura, me esfuerzo por destacar los talentos y eventos de nuestra prestigiosa instituci\u00f3n. Mi trayectoria se nutre de una profunda admiraci\u00f3n por los artistas, haciendo de cada art\u00edculo una celebraci\u00f3n de la creatividad y la cultura musical.\",\"sameAs\":[\"https:\/\/web.consaguirre.com.ar\/noticias\"]}]}<\/script>\n<!-- \/ Yoast SEO plugin. -->","yoast_head_json":{"title":"La vida y el legado de Muhammad Ali explorados en el nuevo original audible 'Ali in Me'","robots":{"index":"index","follow":"follow","max-snippet":"max-snippet:-1","max-image-preview":"max-image-preview:large","max-video-preview":"max-video-preview:-1"},"canonical":"https:\/\/web.consaguirre.com.ar\/noticias\/la-vida-y-el-legado-de-muhammad-ali-explorados-en-el-nuevo-original-audible-ali-in-me\/","og_locale":"es_ES","og_type":"article","og_title":"La vida y el legado de Muhammad Ali explorados en el nuevo original audible 'Ali in Me'","og_description":"Prep\u00e1rese para una nueva serie de audio sobre Muhammad Ali. Ali en miun nuevo Audible Original de Mercury Studios y Treefort Media, explora la vida","og_url":"https:\/\/web.consaguirre.com.ar\/noticias\/la-vida-y-el-legado-de-muhammad-ali-explorados-en-el-nuevo-original-audible-ali-in-me\/","og_site_name":"Conservatorio de M\u00fasica Juli\u00e1n Aguirre","article_published_time":"2025-01-22T23:40:07+00:00","article_modified_time":"2025-01-22T23:40:08+00:00","og_image":[{"width":1440,"height":864,"url":"https:\/\/web.consaguirre.com.ar\/noticias\/wp-content\/uploads\/2025\/01\/La-vida-y-el-legado-de-Muhammad-Ali-explorados-en.jpg","type":"image\/jpeg"}],"author":"Javier Figueroa","twitter_card":"summary_large_image","twitter_misc":{"Escrito por":"Javier Figueroa","Tiempo de lectura":"2 minutos"},"schema":{"@context":"https:\/\/schema.org","@graph":[{"@type":"Article","@id":"https:\/\/web.consaguirre.com.ar\/noticias\/la-vida-y-el-legado-de-muhammad-ali-explorados-en-el-nuevo-original-audible-ali-in-me\/#article","isPartOf":{"@id":"https:\/\/web.consaguirre.com.ar\/noticias\/la-vida-y-el-legado-de-muhammad-ali-explorados-en-el-nuevo-original-audible-ali-in-me\/"},"author":{"name":"Javier Figueroa","@id":"https:\/\/web.consaguirre.com.ar\/noticias\/#\/schema\/person\/6558b0cfedee7ddc5425602b237d5722"},"headline":"La vida y el legado de Muhammad Ali explorados en el nuevo original audible &#8216;Ali in Me&#8217;","datePublished":"2025-01-22T23:40:07+00:00","dateModified":"2025-01-22T23:40:08+00:00","mainEntityOfPage":{"@id":"https:\/\/web.consaguirre.com.ar\/noticias\/la-vida-y-el-legado-de-muhammad-ali-explorados-en-el-nuevo-original-audible-ali-in-me\/"},"wordCount":413,"publisher":{"@id":"https:\/\/web.consaguirre.com.ar\/noticias\/#organization"},"image":{"@id":"https:\/\/web.consaguirre.com.ar\/noticias\/la-vida-y-el-legado-de-muhammad-ali-explorados-en-el-nuevo-original-audible-ali-in-me\/#primaryimage"},"thumbnailUrl":"https:\/\/web.consaguirre.com.ar\/noticias\/wp-content\/uploads\/2025\/01\/La-vida-y-el-legado-de-Muhammad-Ali-explorados-en.jpg","keywords":["Ali","Audible","explorados","legado","Muhammad","nuevo","Original","vida"],"articleSection":["El \u00faltimo"],"inLanguage":"es-AR"},{"@type":"WebPage","@id":"https:\/\/web.consaguirre.com.ar\/noticias\/la-vida-y-el-legado-de-muhammad-ali-explorados-en-el-nuevo-original-audible-ali-in-me\/","url":"https:\/\/web.consaguirre.com.ar\/noticias\/la-vida-y-el-legado-de-muhammad-ali-explorados-en-el-nuevo-original-audible-ali-in-me\/","name":"La vida y el legado de Muhammad Ali explorados en el nuevo original audible 'Ali in Me'","isPartOf":{"@id":"https:\/\/web.consaguirre.com.ar\/noticias\/#website"},"primaryImageOfPage":{"@id":"https:\/\/web.consaguirre.com.ar\/noticias\/la-vida-y-el-legado-de-muhammad-ali-explorados-en-el-nuevo-original-audible-ali-in-me\/#primaryimage"},"image":{"@id":"https:\/\/web.consaguirre.com.ar\/noticias\/la-vida-y-el-legado-de-muhammad-ali-explorados-en-el-nuevo-original-audible-ali-in-me\/#primaryimage"},"thumbnailUrl":"https:\/\/web.consaguirre.com.ar\/noticias\/wp-content\/uploads\/2025\/01\/La-vida-y-el-legado-de-Muhammad-Ali-explorados-en.jpg","datePublished":"2025-01-22T23:40:07+00:00","dateModified":"2025-01-22T23:40:08+00:00","breadcrumb":{"@id":"https:\/\/web.consaguirre.com.ar\/noticias\/la-vida-y-el-legado-de-muhammad-ali-explorados-en-el-nuevo-original-audible-ali-in-me\/#breadcrumb"},"inLanguage":"es-AR","potentialAction":[{"@type":"ReadAction","target":["https:\/\/web.consaguirre.com.ar\/noticias\/la-vida-y-el-legado-de-muhammad-ali-explorados-en-el-nuevo-original-audible-ali-in-me\/"]}]},{"@type":"ImageObject","inLanguage":"es-AR","@id":"https:\/\/web.consaguirre.com.ar\/noticias\/la-vida-y-el-legado-de-muhammad-ali-explorados-en-el-nuevo-original-audible-ali-in-me\/#primaryimage","url":"https:\/\/web.consaguirre.com.ar\/noticias\/wp-content\/uploads\/2025\/01\/La-vida-y-el-legado-de-Muhammad-Ali-explorados-en.jpg","contentUrl":"https:\/\/web.consaguirre.com.ar\/noticias\/wp-content\/uploads\/2025\/01\/La-vida-y-el-legado-de-Muhammad-Ali-explorados-en.jpg","width":1440,"height":864,"caption":"La vida y el legado de Muhammad Ali explorados en el nuevo original audible 'Ali in Me'"},{"@type":"BreadcrumbList","@id":"https:\/\/web.consaguirre.com.ar\/noticias\/la-vida-y-el-legado-de-muhammad-ali-explorados-en-el-nuevo-original-audible-ali-in-me\/#breadcrumb","itemListElement":[{"@type":"ListItem","position":1,"name":"Inicio","item":"https:\/\/web.consaguirre.com.ar\/noticias\/"},{"@type":"ListItem","position":2,"name":"La vida y el legado de Muhammad Ali explorados en el nuevo original audible &#8216;Ali in Me&#8217;"}]},{"@type":"WebSite","@id":"https:\/\/web.consaguirre.com.ar\/noticias\/#website","url":"https:\/\/web.consaguirre.com.ar\/noticias\/","name":"Conservatorio de M\u00fasica Juli\u00e1n Aguirre","description":"","publisher":{"@id":"https:\/\/web.consaguirre.com.ar\/noticias\/#organization"},"potentialAction":[{"@type":"SearchAction","target":{"@type":"EntryPoint","urlTemplate":"https:\/\/web.consaguirre.com.ar\/noticias\/?s={search_term_string}"},"query-input":"required name=search_term_string"}],"inLanguage":"es-AR"},{"@type":"Organization","@id":"https:\/\/web.consaguirre.com.ar\/noticias\/#organization","name":"Conservatorio de M\u00fasica Juli\u00e1n Aguirre","url":"https:\/\/web.consaguirre.com.ar\/noticias\/","logo":{"@type":"ImageObject","inLanguage":"es-AR","@id":"https:\/\/web.consaguirre.com.ar\/noticias\/#\/schema\/logo\/image\/","url":"https:\/\/web.consaguirre.com.ar\/noticias\/wp-content\/uploads\/2024\/08\/Banner-Aguirre-23.jpg","contentUrl":"https:\/\/web.consaguirre.com.ar\/noticias\/wp-content\/uploads\/2024\/08\/Banner-Aguirre-23.jpg","width":1192,"height":600,"caption":"Conservatorio de M\u00fasica Juli\u00e1n Aguirre"},"image":{"@id":"https:\/\/web.consaguirre.com.ar\/noticias\/#\/schema\/logo\/image\/"}},{"@type":"Person","@id":"https:\/\/web.consaguirre.com.ar\/noticias\/#\/schema\/person\/6558b0cfedee7ddc5425602b237d5722","name":"Javier Figueroa","image":{"@type":"ImageObject","inLanguage":"es-AR","@id":"https:\/\/web.consaguirre.com.ar\/noticias\/#\/schema\/person\/image\/","url":"https:\/\/web.consaguirre.com.ar\/noticias\/wp-content\/uploads\/2024\/08\/Consaguirre-scaled.jpg","contentUrl":"https:\/\/web.consaguirre.com.ar\/noticias\/wp-content\/uploads\/2024\/08\/Consaguirre-scaled.jpg","caption":"Javier Figueroa"},"description":"Me llamo Javier Figueroa y soy redactor para el sitio oficial del Conservatorio de M\u00fasica Juli\u00e1n Aguirre en Buenos Aires, consaguirre.com. Apasionado por la m\u00fasica y la escritura, me esfuerzo por destacar los talentos y eventos de nuestra prestigiosa instituci\u00f3n. Mi trayectoria se nutre de una profunda admiraci\u00f3n por los artistas, haciendo de cada art\u00edculo una celebraci\u00f3n de la creatividad y la cultura musical.","sameAs":["https:\/\/web.consaguirre.com.ar\/noticias"]}]}},"_links":{"self":[{"href":"https:\/\/web.consaguirre.com.ar\/noticias\/wp-json\/wp\/v2\/posts\/1667"}],"collection":[{"href":"https:\/\/web.consaguirre.com.ar\/noticias\/wp-json\/wp\/v2\/posts"}],"about":[{"href":"https:\/\/web.consaguirre.com.ar\/noticias\/wp-json\/wp\/v2\/types\/post"}],"author":[{"embeddable":true,"href":"https:\/\/web.consaguirre.com.ar\/noticias\/wp-json\/wp\/v2\/users\/1"}],"replies":[{"embeddable":true,"href":"https:\/\/web.consaguirre.com.ar\/noticias\/wp-json\/wp\/v2\/comments?post=1667"}],"version-history":[{"count":1,"href":"https:\/\/web.consaguirre.com.ar\/noticias\/wp-json\/wp\/v2\/posts\/1667\/revisions"}],"predecessor-version":[{"id":1669,"href":"https:\/\/web.consaguirre.com.ar\/noticias\/wp-json\/wp\/v2\/posts\/1667\/revisions\/1669"}],"wp:featuredmedia":[{"embeddable":true,"href":"https:\/\/web.consaguirre.com.ar\/noticias\/wp-json\/wp\/v2\/media\/1668"}],"wp:attachment":[{"href":"https:\/\/web.consaguirre.com.ar\/noticias\/wp-json\/wp\/v2\/media?parent=1667"}],"wp:term":[{"taxonomy":"category","embeddable":true,"href":"https:\/\/web.consaguirre.com.ar\/noticias\/wp-json\/wp\/v2\/categories?post=1667"},{"taxonomy":"post_tag","embeddable":true,"href":"https:\/\/web.consaguirre.com.ar\/noticias\/wp-json\/wp\/v2\/tags?post=1667"}],"curies":[{"name":"wp","href":"https:\/\/api.w.org\/{rel}","templated":true}]}}