{"id":1664,"date":"2025-01-22T17:39:50","date_gmt":"2025-01-22T20:39:50","guid":{"rendered":"https:\/\/web.consaguirre.com.ar\/noticias\/trevor-noah-sera-el-anfitrion-de-los-grammy-2025\/"},"modified":"2025-01-22T17:39:52","modified_gmt":"2025-01-22T20:39:52","slug":"trevor-noah-sera-el-anfitrion-de-los-grammy-2025","status":"publish","type":"post","link":"https:\/\/web.consaguirre.com.ar\/noticias\/trevor-noah-sera-el-anfitrion-de-los-grammy-2025\/","title":{"rendered":"Trevor Noah ser\u00e1 el anfitri\u00f3n de los Grammy 2025"},"content":{"rendered":"<p>Trevor Noah volver\u00e1 a ser el anfitri\u00f3n de los Grammy por quinto a\u00f1o consecutivo. El ex presentador del Daily Show tambi\u00e9n se desempe\u00f1a como productor del programa, que se transmitir\u00e1 por CBS y Paramount+ el 2 de febrero en vivo desde Crypto.com Arena en Los \u00c1ngeles.<\/p>\n<p>M\u00e1s all\u00e1 de honrar las grabaciones destacadas del a\u00f1o pasado, \u201cLa 67.\u00aa Entrega Anual de los GRAMMY tendr\u00e1 un renovado sentido de prop\u00f3sito: recaudar fondos adicionales para apoyar los esfuerzos de ayuda en caso de incendios forestales y honrar la valent\u00eda y dedicaci\u00f3n de los socorristas que arriesgan sus vidas para proteger las nuestras\u201d. anunci\u00f3 la Academia de la Grabaci\u00f3n en un comunicado confirmando a Noah como presentador para 2025.<\/p>\n<p>Debido a los incendios, muchos eventos de la Semana de los Grammy han sido cancelados, y las festividades se han reducido a la ceremonia principal de premios, el beneficio anual MusiCares y la Gala Pre-Grammy de Clive Davis, que se ha convertido en una recaudaci\u00f3n de fondos para la lucha contra los incendios.<\/p>\n<p>Noah, ganador de un Emmy, tambi\u00e9n est\u00e1 nominado a un Grammy este a\u00f1o en la categor\u00eda de Mejor \u00c1lbum de Comedia. su album <em>donde estaba yo<\/em> se enfrenta a lanzamientos de Ricky Gervais, Dave Chappelle, Jim Gaffigan y Nikki Glaser.<\/p>\n<p>El a\u00f1o pasado, Noah habl\u00f3 con <em>Variedad<\/em> sobre la presi\u00f3n que conlleva ser anfitri\u00f3n de la Noche m\u00e1s importante de la m\u00fasica. \u201cS\u00e9 que suena extra\u00f1o decir esto, pero no quieres decepcionar a los artistas que amas\u201d, dijo, citando el potencial de hacer que Beyonc\u00e9 sacudiera la cabeza y frunciera el ce\u00f1o. \u201cSi no te va bien ante una audiencia en vivo, est\u00e1 bien, te recuperar\u00e1s; Si no te va bien para una audiencia local, est\u00e1 bien, algunas personas comentar\u00e1n en l\u00ednea. Pero que la mirada de decepci\u00f3n provenga de un \u00edcono o de alguien a quien realmente amas, no deseo esa experiencia. Por eso trabajo el doble de duro\u201d.<\/p>\n<p>Hablando de Beyonc\u00e9, ella lidera el campo con 11 nominaciones, lo que la convierte en la artista m\u00e1s nominada en la historia de los Grammy con 99. <strong>Mensaje Malone<\/strong>, <strong>Billie Eilish<\/strong>, <strong>Kendrick Lamar<\/strong>y Charli XCX tienen cada una siete nominaciones este a\u00f1o.<\/p>\n<p>La Academia de la Grabaci\u00f3n ha vuelto a contratar a la productora brit\u00e1nica Fulwell 73 para producir los premios Grammy, con el copropietario Ben Winston como productor ejecutivo junto a Raj Kapoor, Jesse Collins y Noah.<\/p>\n","protected":false},"excerpt":{"rendered":"<p>Trevor Noah volver\u00e1 a ser el anfitri\u00f3n de los Grammy por quinto a\u00f1o consecutivo. El ex presentador del Daily Show tambi\u00e9n se desempe\u00f1a como productor<\/p>\n","protected":false},"author":1,"featured_media":1665,"comment_status":"closed","ping_status":"","sticky":false,"template":"","format":"standard","meta":{"footnotes":""},"categories":[50],"tags":[820,1202,180,54,683,1715],"class_list":["post-1664","post","type-post","status-publish","format-standard","has-post-thumbnail","hentry","category-el-ultimo","tag-anfitrion","tag-grammy","tag-los","tag-noah","tag-sera","tag-trevor","generate-columns","tablet-grid-50","mobile-grid-100","grid-parent","grid-50"],"yoast_head":"<!-- This site is optimized with the Yoast SEO plugin v23.3 - https:\/\/yoast.com\/wordpress\/plugins\/seo\/ -->\n<title>Trevor Noah ser\u00e1 el anfitri\u00f3n de los Grammy 2025<\/title>\n<meta name=\"robots\" content=\"index, follow, max-snippet:-1, max-image-preview:large, max-video-preview:-1\" \/>\n<link rel=\"canonical\" href=\"https:\/\/web.consaguirre.com.ar\/noticias\/trevor-noah-sera-el-anfitrion-de-los-grammy-2025\/\" \/>\n<meta property=\"og:locale\" content=\"es_ES\" \/>\n<meta property=\"og:type\" content=\"article\" \/>\n<meta property=\"og:title\" content=\"Trevor Noah ser\u00e1 el anfitri\u00f3n de los Grammy 2025\" \/>\n<meta property=\"og:description\" content=\"Trevor Noah volver\u00e1 a ser el anfitri\u00f3n de los Grammy por quinto a\u00f1o consecutivo. El ex presentador del Daily Show tambi\u00e9n se desempe\u00f1a como productor\" \/>\n<meta property=\"og:url\" content=\"https:\/\/web.consaguirre.com.ar\/noticias\/trevor-noah-sera-el-anfitrion-de-los-grammy-2025\/\" \/>\n<meta property=\"og:site_name\" content=\"Conservatorio de M\u00fasica Juli\u00e1n Aguirre\" \/>\n<meta property=\"article:published_time\" content=\"2025-01-22T20:39:50+00:00\" \/>\n<meta property=\"article:modified_time\" content=\"2025-01-22T20:39:52+00:00\" \/>\n<meta property=\"og:image\" content=\"https:\/\/web.consaguirre.com.ar\/noticias\/wp-content\/uploads\/2025\/01\/Trevor-Noah-sera-el-anfitrion-de-los-Grammy-2025.jpg\" \/>\n\t<meta property=\"og:image:width\" content=\"1440\" \/>\n\t<meta property=\"og:image:height\" content=\"864\" \/>\n\t<meta property=\"og:image:type\" content=\"image\/jpeg\" \/>\n<meta name=\"author\" content=\"Javier Figueroa\" \/>\n<meta name=\"twitter:card\" content=\"summary_large_image\" \/>\n<meta name=\"twitter:label1\" content=\"Escrito por\" \/>\n\t<meta name=\"twitter:data1\" content=\"Javier Figueroa\" \/>\n\t<meta name=\"twitter:label2\" content=\"Tiempo de lectura\" \/>\n\t<meta name=\"twitter:data2\" content=\"2 minutos\" \/>\n<script type=\"application\/ld+json\" class=\"yoast-schema-graph\">{\"@context\":\"https:\/\/schema.org\",\"@graph\":[{\"@type\":\"Article\",\"@id\":\"https:\/\/web.consaguirre.com.ar\/noticias\/trevor-noah-sera-el-anfitrion-de-los-grammy-2025\/#article\",\"isPartOf\":{\"@id\":\"https:\/\/web.consaguirre.com.ar\/noticias\/trevor-noah-sera-el-anfitrion-de-los-grammy-2025\/\"},\"author\":{\"name\":\"Javier Figueroa\",\"@id\":\"https:\/\/web.consaguirre.com.ar\/noticias\/#\/schema\/person\/6558b0cfedee7ddc5425602b237d5722\"},\"headline\":\"Trevor Noah ser\u00e1 el anfitri\u00f3n de los Grammy 2025\",\"datePublished\":\"2025-01-22T20:39:50+00:00\",\"dateModified\":\"2025-01-22T20:39:52+00:00\",\"mainEntityOfPage\":{\"@id\":\"https:\/\/web.consaguirre.com.ar\/noticias\/trevor-noah-sera-el-anfitrion-de-los-grammy-2025\/\"},\"wordCount\":430,\"publisher\":{\"@id\":\"https:\/\/web.consaguirre.com.ar\/noticias\/#organization\"},\"image\":{\"@id\":\"https:\/\/web.consaguirre.com.ar\/noticias\/trevor-noah-sera-el-anfitrion-de-los-grammy-2025\/#primaryimage\"},\"thumbnailUrl\":\"https:\/\/web.consaguirre.com.ar\/noticias\/wp-content\/uploads\/2025\/01\/Trevor-Noah-sera-el-anfitrion-de-los-Grammy-2025.jpg\",\"keywords\":[\"anfitri\u00f3n\",\"Grammy\",\"los\",\"Noah\",\"Sera\",\"Trevor\"],\"articleSection\":[\"El \u00faltimo\"],\"inLanguage\":\"es-AR\"},{\"@type\":\"WebPage\",\"@id\":\"https:\/\/web.consaguirre.com.ar\/noticias\/trevor-noah-sera-el-anfitrion-de-los-grammy-2025\/\",\"url\":\"https:\/\/web.consaguirre.com.ar\/noticias\/trevor-noah-sera-el-anfitrion-de-los-grammy-2025\/\",\"name\":\"Trevor Noah ser\u00e1 el anfitri\u00f3n de los Grammy 2025\",\"isPartOf\":{\"@id\":\"https:\/\/web.consaguirre.com.ar\/noticias\/#website\"},\"primaryImageOfPage\":{\"@id\":\"https:\/\/web.consaguirre.com.ar\/noticias\/trevor-noah-sera-el-anfitrion-de-los-grammy-2025\/#primaryimage\"},\"image\":{\"@id\":\"https:\/\/web.consaguirre.com.ar\/noticias\/trevor-noah-sera-el-anfitrion-de-los-grammy-2025\/#primaryimage\"},\"thumbnailUrl\":\"https:\/\/web.consaguirre.com.ar\/noticias\/wp-content\/uploads\/2025\/01\/Trevor-Noah-sera-el-anfitrion-de-los-Grammy-2025.jpg\",\"datePublished\":\"2025-01-22T20:39:50+00:00\",\"dateModified\":\"2025-01-22T20:39:52+00:00\",\"breadcrumb\":{\"@id\":\"https:\/\/web.consaguirre.com.ar\/noticias\/trevor-noah-sera-el-anfitrion-de-los-grammy-2025\/#breadcrumb\"},\"inLanguage\":\"es-AR\",\"potentialAction\":[{\"@type\":\"ReadAction\",\"target\":[\"https:\/\/web.consaguirre.com.ar\/noticias\/trevor-noah-sera-el-anfitrion-de-los-grammy-2025\/\"]}]},{\"@type\":\"ImageObject\",\"inLanguage\":\"es-AR\",\"@id\":\"https:\/\/web.consaguirre.com.ar\/noticias\/trevor-noah-sera-el-anfitrion-de-los-grammy-2025\/#primaryimage\",\"url\":\"https:\/\/web.consaguirre.com.ar\/noticias\/wp-content\/uploads\/2025\/01\/Trevor-Noah-sera-el-anfitrion-de-los-Grammy-2025.jpg\",\"contentUrl\":\"https:\/\/web.consaguirre.com.ar\/noticias\/wp-content\/uploads\/2025\/01\/Trevor-Noah-sera-el-anfitrion-de-los-Grammy-2025.jpg\",\"width\":1440,\"height\":864,\"caption\":\"Trevor Noah ser\u00e1 el anfitri\u00f3n de los Grammy 2025\"},{\"@type\":\"BreadcrumbList\",\"@id\":\"https:\/\/web.consaguirre.com.ar\/noticias\/trevor-noah-sera-el-anfitrion-de-los-grammy-2025\/#breadcrumb\",\"itemListElement\":[{\"@type\":\"ListItem\",\"position\":1,\"name\":\"Inicio\",\"item\":\"https:\/\/web.consaguirre.com.ar\/noticias\/\"},{\"@type\":\"ListItem\",\"position\":2,\"name\":\"Trevor Noah ser\u00e1 el anfitri\u00f3n de los Grammy 2025\"}]},{\"@type\":\"WebSite\",\"@id\":\"https:\/\/web.consaguirre.com.ar\/noticias\/#website\",\"url\":\"https:\/\/web.consaguirre.com.ar\/noticias\/\",\"name\":\"Conservatorio de M\u00fasica Juli\u00e1n Aguirre\",\"description\":\"\",\"publisher\":{\"@id\":\"https:\/\/web.consaguirre.com.ar\/noticias\/#organization\"},\"potentialAction\":[{\"@type\":\"SearchAction\",\"target\":{\"@type\":\"EntryPoint\",\"urlTemplate\":\"https:\/\/web.consaguirre.com.ar\/noticias\/?s={search_term_string}\"},\"query-input\":\"required name=search_term_string\"}],\"inLanguage\":\"es-AR\"},{\"@type\":\"Organization\",\"@id\":\"https:\/\/web.consaguirre.com.ar\/noticias\/#organization\",\"name\":\"Conservatorio de M\u00fasica Juli\u00e1n Aguirre\",\"url\":\"https:\/\/web.consaguirre.com.ar\/noticias\/\",\"logo\":{\"@type\":\"ImageObject\",\"inLanguage\":\"es-AR\",\"@id\":\"https:\/\/web.consaguirre.com.ar\/noticias\/#\/schema\/logo\/image\/\",\"url\":\"https:\/\/web.consaguirre.com.ar\/noticias\/wp-content\/uploads\/2024\/08\/Banner-Aguirre-23.jpg\",\"contentUrl\":\"https:\/\/web.consaguirre.com.ar\/noticias\/wp-content\/uploads\/2024\/08\/Banner-Aguirre-23.jpg\",\"width\":1192,\"height\":600,\"caption\":\"Conservatorio de M\u00fasica Juli\u00e1n Aguirre\"},\"image\":{\"@id\":\"https:\/\/web.consaguirre.com.ar\/noticias\/#\/schema\/logo\/image\/\"}},{\"@type\":\"Person\",\"@id\":\"https:\/\/web.consaguirre.com.ar\/noticias\/#\/schema\/person\/6558b0cfedee7ddc5425602b237d5722\",\"name\":\"Javier Figueroa\",\"image\":{\"@type\":\"ImageObject\",\"inLanguage\":\"es-AR\",\"@id\":\"https:\/\/web.consaguirre.com.ar\/noticias\/#\/schema\/person\/image\/\",\"url\":\"https:\/\/web.consaguirre.com.ar\/noticias\/wp-content\/uploads\/2024\/08\/Consaguirre-scaled.jpg\",\"contentUrl\":\"https:\/\/web.consaguirre.com.ar\/noticias\/wp-content\/uploads\/2024\/08\/Consaguirre-scaled.jpg\",\"caption\":\"Javier Figueroa\"},\"description\":\"Me llamo Javier Figueroa y soy redactor para el sitio oficial del Conservatorio de M\u00fasica Juli\u00e1n Aguirre en Buenos Aires, consaguirre.com. Apasionado por la m\u00fasica y la escritura, me esfuerzo por destacar los talentos y eventos de nuestra prestigiosa instituci\u00f3n. Mi trayectoria se nutre de una profunda admiraci\u00f3n por los artistas, haciendo de cada art\u00edculo una celebraci\u00f3n de la creatividad y la cultura musical.\",\"sameAs\":[\"https:\/\/web.consaguirre.com.ar\/noticias\"]}]}<\/script>\n<!-- \/ Yoast SEO plugin. -->","yoast_head_json":{"title":"Trevor Noah ser\u00e1 el anfitri\u00f3n de los Grammy 2025","robots":{"index":"index","follow":"follow","max-snippet":"max-snippet:-1","max-image-preview":"max-image-preview:large","max-video-preview":"max-video-preview:-1"},"canonical":"https:\/\/web.consaguirre.com.ar\/noticias\/trevor-noah-sera-el-anfitrion-de-los-grammy-2025\/","og_locale":"es_ES","og_type":"article","og_title":"Trevor Noah ser\u00e1 el anfitri\u00f3n de los Grammy 2025","og_description":"Trevor Noah volver\u00e1 a ser el anfitri\u00f3n de los Grammy por quinto a\u00f1o consecutivo. El ex presentador del Daily Show tambi\u00e9n se desempe\u00f1a como productor","og_url":"https:\/\/web.consaguirre.com.ar\/noticias\/trevor-noah-sera-el-anfitrion-de-los-grammy-2025\/","og_site_name":"Conservatorio de M\u00fasica Juli\u00e1n Aguirre","article_published_time":"2025-01-22T20:39:50+00:00","article_modified_time":"2025-01-22T20:39:52+00:00","og_image":[{"width":1440,"height":864,"url":"https:\/\/web.consaguirre.com.ar\/noticias\/wp-content\/uploads\/2025\/01\/Trevor-Noah-sera-el-anfitrion-de-los-Grammy-2025.jpg","type":"image\/jpeg"}],"author":"Javier Figueroa","twitter_card":"summary_large_image","twitter_misc":{"Escrito por":"Javier Figueroa","Tiempo de lectura":"2 minutos"},"schema":{"@context":"https:\/\/schema.org","@graph":[{"@type":"Article","@id":"https:\/\/web.consaguirre.com.ar\/noticias\/trevor-noah-sera-el-anfitrion-de-los-grammy-2025\/#article","isPartOf":{"@id":"https:\/\/web.consaguirre.com.ar\/noticias\/trevor-noah-sera-el-anfitrion-de-los-grammy-2025\/"},"author":{"name":"Javier Figueroa","@id":"https:\/\/web.consaguirre.com.ar\/noticias\/#\/schema\/person\/6558b0cfedee7ddc5425602b237d5722"},"headline":"Trevor Noah ser\u00e1 el anfitri\u00f3n de los Grammy 2025","datePublished":"2025-01-22T20:39:50+00:00","dateModified":"2025-01-22T20:39:52+00:00","mainEntityOfPage":{"@id":"https:\/\/web.consaguirre.com.ar\/noticias\/trevor-noah-sera-el-anfitrion-de-los-grammy-2025\/"},"wordCount":430,"publisher":{"@id":"https:\/\/web.consaguirre.com.ar\/noticias\/#organization"},"image":{"@id":"https:\/\/web.consaguirre.com.ar\/noticias\/trevor-noah-sera-el-anfitrion-de-los-grammy-2025\/#primaryimage"},"thumbnailUrl":"https:\/\/web.consaguirre.com.ar\/noticias\/wp-content\/uploads\/2025\/01\/Trevor-Noah-sera-el-anfitrion-de-los-Grammy-2025.jpg","keywords":["anfitri\u00f3n","Grammy","los","Noah","Sera","Trevor"],"articleSection":["El \u00faltimo"],"inLanguage":"es-AR"},{"@type":"WebPage","@id":"https:\/\/web.consaguirre.com.ar\/noticias\/trevor-noah-sera-el-anfitrion-de-los-grammy-2025\/","url":"https:\/\/web.consaguirre.com.ar\/noticias\/trevor-noah-sera-el-anfitrion-de-los-grammy-2025\/","name":"Trevor Noah ser\u00e1 el anfitri\u00f3n de los Grammy 2025","isPartOf":{"@id":"https:\/\/web.consaguirre.com.ar\/noticias\/#website"},"primaryImageOfPage":{"@id":"https:\/\/web.consaguirre.com.ar\/noticias\/trevor-noah-sera-el-anfitrion-de-los-grammy-2025\/#primaryimage"},"image":{"@id":"https:\/\/web.consaguirre.com.ar\/noticias\/trevor-noah-sera-el-anfitrion-de-los-grammy-2025\/#primaryimage"},"thumbnailUrl":"https:\/\/web.consaguirre.com.ar\/noticias\/wp-content\/uploads\/2025\/01\/Trevor-Noah-sera-el-anfitrion-de-los-Grammy-2025.jpg","datePublished":"2025-01-22T20:39:50+00:00","dateModified":"2025-01-22T20:39:52+00:00","breadcrumb":{"@id":"https:\/\/web.consaguirre.com.ar\/noticias\/trevor-noah-sera-el-anfitrion-de-los-grammy-2025\/#breadcrumb"},"inLanguage":"es-AR","potentialAction":[{"@type":"ReadAction","target":["https:\/\/web.consaguirre.com.ar\/noticias\/trevor-noah-sera-el-anfitrion-de-los-grammy-2025\/"]}]},{"@type":"ImageObject","inLanguage":"es-AR","@id":"https:\/\/web.consaguirre.com.ar\/noticias\/trevor-noah-sera-el-anfitrion-de-los-grammy-2025\/#primaryimage","url":"https:\/\/web.consaguirre.com.ar\/noticias\/wp-content\/uploads\/2025\/01\/Trevor-Noah-sera-el-anfitrion-de-los-Grammy-2025.jpg","contentUrl":"https:\/\/web.consaguirre.com.ar\/noticias\/wp-content\/uploads\/2025\/01\/Trevor-Noah-sera-el-anfitrion-de-los-Grammy-2025.jpg","width":1440,"height":864,"caption":"Trevor Noah ser\u00e1 el anfitri\u00f3n de los Grammy 2025"},{"@type":"BreadcrumbList","@id":"https:\/\/web.consaguirre.com.ar\/noticias\/trevor-noah-sera-el-anfitrion-de-los-grammy-2025\/#breadcrumb","itemListElement":[{"@type":"ListItem","position":1,"name":"Inicio","item":"https:\/\/web.consaguirre.com.ar\/noticias\/"},{"@type":"ListItem","position":2,"name":"Trevor Noah ser\u00e1 el anfitri\u00f3n de los Grammy 2025"}]},{"@type":"WebSite","@id":"https:\/\/web.consaguirre.com.ar\/noticias\/#website","url":"https:\/\/web.consaguirre.com.ar\/noticias\/","name":"Conservatorio de M\u00fasica Juli\u00e1n Aguirre","description":"","publisher":{"@id":"https:\/\/web.consaguirre.com.ar\/noticias\/#organization"},"potentialAction":[{"@type":"SearchAction","target":{"@type":"EntryPoint","urlTemplate":"https:\/\/web.consaguirre.com.ar\/noticias\/?s={search_term_string}"},"query-input":"required name=search_term_string"}],"inLanguage":"es-AR"},{"@type":"Organization","@id":"https:\/\/web.consaguirre.com.ar\/noticias\/#organization","name":"Conservatorio de M\u00fasica Juli\u00e1n Aguirre","url":"https:\/\/web.consaguirre.com.ar\/noticias\/","logo":{"@type":"ImageObject","inLanguage":"es-AR","@id":"https:\/\/web.consaguirre.com.ar\/noticias\/#\/schema\/logo\/image\/","url":"https:\/\/web.consaguirre.com.ar\/noticias\/wp-content\/uploads\/2024\/08\/Banner-Aguirre-23.jpg","contentUrl":"https:\/\/web.consaguirre.com.ar\/noticias\/wp-content\/uploads\/2024\/08\/Banner-Aguirre-23.jpg","width":1192,"height":600,"caption":"Conservatorio de M\u00fasica Juli\u00e1n Aguirre"},"image":{"@id":"https:\/\/web.consaguirre.com.ar\/noticias\/#\/schema\/logo\/image\/"}},{"@type":"Person","@id":"https:\/\/web.consaguirre.com.ar\/noticias\/#\/schema\/person\/6558b0cfedee7ddc5425602b237d5722","name":"Javier Figueroa","image":{"@type":"ImageObject","inLanguage":"es-AR","@id":"https:\/\/web.consaguirre.com.ar\/noticias\/#\/schema\/person\/image\/","url":"https:\/\/web.consaguirre.com.ar\/noticias\/wp-content\/uploads\/2024\/08\/Consaguirre-scaled.jpg","contentUrl":"https:\/\/web.consaguirre.com.ar\/noticias\/wp-content\/uploads\/2024\/08\/Consaguirre-scaled.jpg","caption":"Javier Figueroa"},"description":"Me llamo Javier Figueroa y soy redactor para el sitio oficial del Conservatorio de M\u00fasica Juli\u00e1n Aguirre en Buenos Aires, consaguirre.com. Apasionado por la m\u00fasica y la escritura, me esfuerzo por destacar los talentos y eventos de nuestra prestigiosa instituci\u00f3n. Mi trayectoria se nutre de una profunda admiraci\u00f3n por los artistas, haciendo de cada art\u00edculo una celebraci\u00f3n de la creatividad y la cultura musical.","sameAs":["https:\/\/web.consaguirre.com.ar\/noticias"]}]}},"_links":{"self":[{"href":"https:\/\/web.consaguirre.com.ar\/noticias\/wp-json\/wp\/v2\/posts\/1664"}],"collection":[{"href":"https:\/\/web.consaguirre.com.ar\/noticias\/wp-json\/wp\/v2\/posts"}],"about":[{"href":"https:\/\/web.consaguirre.com.ar\/noticias\/wp-json\/wp\/v2\/types\/post"}],"author":[{"embeddable":true,"href":"https:\/\/web.consaguirre.com.ar\/noticias\/wp-json\/wp\/v2\/users\/1"}],"replies":[{"embeddable":true,"href":"https:\/\/web.consaguirre.com.ar\/noticias\/wp-json\/wp\/v2\/comments?post=1664"}],"version-history":[{"count":1,"href":"https:\/\/web.consaguirre.com.ar\/noticias\/wp-json\/wp\/v2\/posts\/1664\/revisions"}],"predecessor-version":[{"id":1666,"href":"https:\/\/web.consaguirre.com.ar\/noticias\/wp-json\/wp\/v2\/posts\/1664\/revisions\/1666"}],"wp:featuredmedia":[{"embeddable":true,"href":"https:\/\/web.consaguirre.com.ar\/noticias\/wp-json\/wp\/v2\/media\/1665"}],"wp:attachment":[{"href":"https:\/\/web.consaguirre.com.ar\/noticias\/wp-json\/wp\/v2\/media?parent=1664"}],"wp:term":[{"taxonomy":"category","embeddable":true,"href":"https:\/\/web.consaguirre.com.ar\/noticias\/wp-json\/wp\/v2\/categories?post=1664"},{"taxonomy":"post_tag","embeddable":true,"href":"https:\/\/web.consaguirre.com.ar\/noticias\/wp-json\/wp\/v2\/tags?post=1664"}],"curies":[{"name":"wp","href":"https:\/\/api.w.org\/{rel}","templated":true}]}}