{"id":1655,"date":"2025-01-21T20:41:01","date_gmt":"2025-01-21T23:41:01","guid":{"rendered":"https:\/\/web.consaguirre.com.ar\/noticias\/toby-myers-bajista-de-john-mellencamp-y-roadmaster-muere-a-los-75-anos\/"},"modified":"2025-01-21T20:41:03","modified_gmt":"2025-01-21T23:41:03","slug":"toby-myers-bajista-de-john-mellencamp-y-roadmaster-muere-a-los-75-anos","status":"publish","type":"post","link":"https:\/\/web.consaguirre.com.ar\/noticias\/toby-myers-bajista-de-john-mellencamp-y-roadmaster-muere-a-los-75-anos\/","title":{"rendered":"Toby Myers, bajista de John Mellencamp y Roadmaster, muere a los 75 a\u00f1os"},"content":{"rendered":"<p>Jeffrey Glenn Myers, conocido profesionalmente como Toby Myers, falleci\u00f3 a la edad de 75 a\u00f1os. Myers es c\u00e9lebre por su trabajo como bajista y multiinstrumentista de <strong>John \u201cCougar\u201d Mellencamp<\/strong> y Roadmaster, respectivamente. Seg\u00fan un obituario, Myers muri\u00f3 despu\u00e9s de una larga batalla contra el c\u00e1ncer.<\/p>\n<p>Myers naci\u00f3 en Indian\u00e1polis, IN, en 1949 y comenz\u00f3 a cultivar sus habilidades con el bajo en una tienda de m\u00fasica junto a donde su madre lavaba la ropa de la familia en su ciudad natal de Traders Point.<\/p>\n<p>El vecino de Myers era el teclista Michael Read, uno de los miembros fundadores de Pure Funk, un grupo al que Myers eventualmente se unir\u00eda antes de que la banda cambiara su nombre a Roadmaster.<\/p>\n<p>La banda finalmente fue descubierta por Todd Rundgren, lo que los llev\u00f3 a conseguir un contrato discogr\u00e1fico y lanzar cuatro \u00e1lbumes con Village\/Mercury Records.<\/p>\n<p>Despu\u00e9s de esta experiencia con Roadmaster, Myers realiz\u00f3 giras por todo el mundo y grab\u00f3 con John Mellencamp de 1982 a 1999. Sin embargo, Myers decidi\u00f3 dejarlo despu\u00e9s del nacimiento de su hijo Cash en 1999. Practic\u00f3 su oficio en su estudio y espacio de ensayo en Nashville, Tennessee.<\/p>\n<p>Su \u00fanico hijo, Cash, naci\u00f3 en 1999; Decidi\u00f3 dejar de hacer giras y ser un padre que se queda en casa. Todav\u00eda ten\u00eda un estudio de m\u00fasica y un espacio de ensayo en Nashville, Indiana.<\/p>\n<p><strong>En una entrevista televisiva de 1987<\/strong>Myers habl\u00f3 sobre el proceso de grabaci\u00f3n de Mellencamp y la forma en que intentar\u00edan escribir nuevas canciones.<\/p>\n<p>Dijo: \u201cDado que no podemos darnos el lujo de probar cosas nuevas frente al p\u00fablico, John normalmente, si tiene algo que ha escrito en el camino, lo lleva a la prueba de sonido y lo hacemos all\u00ed. a ver si funciona. Ya sabes, en la sala grande puedes saber c\u00f3mo va a funcionar. Y as\u00ed, &#8216;Hard Times for a Common Man (luego cambiado a &#8216;Honest Man&#8217;)&#8217;, una de las melod\u00edas de este disco, fue elaborada en la \u00faltima gira. As\u00ed es como lo hace\u201d.<\/p>\n","protected":false},"excerpt":{"rendered":"<p>Jeffrey Glenn Myers, conocido profesionalmente como Toby Myers, falleci\u00f3 a la edad de 75 a\u00f1os. Myers es c\u00e9lebre por su trabajo como bajista y multiinstrumentista<\/p>\n","protected":false},"author":1,"featured_media":1656,"comment_status":"closed","ping_status":"","sticky":false,"template":"","format":"standard","meta":{"footnotes":""},"categories":[50],"tags":[115,1554,91,180,1707,564,1706,1708,164],"class_list":["post-1655","post","type-post","status-publish","format-standard","has-post-thumbnail","hentry","category-el-ultimo","tag-anos","tag-bajista","tag-john","tag-los","tag-mellencamp","tag-muere","tag-myers","tag-roadmaster","tag-toby","generate-columns","tablet-grid-50","mobile-grid-100","grid-parent","grid-50"],"yoast_head":"<!-- This site is optimized with the Yoast SEO plugin v23.3 - https:\/\/yoast.com\/wordpress\/plugins\/seo\/ -->\n<title>Toby Myers, bajista de John Mellencamp y Roadmaster, muere a los 75 a\u00f1os<\/title>\n<meta name=\"robots\" content=\"index, follow, max-snippet:-1, max-image-preview:large, max-video-preview:-1\" \/>\n<link rel=\"canonical\" href=\"https:\/\/web.consaguirre.com.ar\/noticias\/toby-myers-bajista-de-john-mellencamp-y-roadmaster-muere-a-los-75-anos\/\" \/>\n<meta property=\"og:locale\" content=\"es_ES\" \/>\n<meta property=\"og:type\" content=\"article\" \/>\n<meta property=\"og:title\" content=\"Toby Myers, bajista de John Mellencamp y Roadmaster, muere a los 75 a\u00f1os\" \/>\n<meta property=\"og:description\" content=\"Jeffrey Glenn Myers, conocido profesionalmente como Toby Myers, falleci\u00f3 a la edad de 75 a\u00f1os. Myers es c\u00e9lebre por su trabajo como bajista y multiinstrumentista\" \/>\n<meta property=\"og:url\" content=\"https:\/\/web.consaguirre.com.ar\/noticias\/toby-myers-bajista-de-john-mellencamp-y-roadmaster-muere-a-los-75-anos\/\" \/>\n<meta property=\"og:site_name\" content=\"Conservatorio de M\u00fasica Juli\u00e1n Aguirre\" \/>\n<meta property=\"article:published_time\" content=\"2025-01-21T23:41:01+00:00\" \/>\n<meta property=\"article:modified_time\" content=\"2025-01-21T23:41:03+00:00\" \/>\n<meta property=\"og:image\" content=\"https:\/\/web.consaguirre.com.ar\/noticias\/wp-content\/uploads\/2025\/01\/Toby-Myers-bajista-de-John-Mellencamp-y-Roadmaster-muere-a.jpg\" \/>\n\t<meta property=\"og:image:width\" content=\"1440\" \/>\n\t<meta property=\"og:image:height\" content=\"864\" \/>\n\t<meta property=\"og:image:type\" content=\"image\/jpeg\" \/>\n<meta name=\"author\" content=\"Javier Figueroa\" \/>\n<meta name=\"twitter:card\" content=\"summary_large_image\" \/>\n<meta name=\"twitter:label1\" content=\"Escrito por\" \/>\n\t<meta name=\"twitter:data1\" content=\"Javier Figueroa\" \/>\n\t<meta name=\"twitter:label2\" content=\"Tiempo de lectura\" \/>\n\t<meta name=\"twitter:data2\" content=\"2 minutos\" \/>\n<script type=\"application\/ld+json\" class=\"yoast-schema-graph\">{\"@context\":\"https:\/\/schema.org\",\"@graph\":[{\"@type\":\"Article\",\"@id\":\"https:\/\/web.consaguirre.com.ar\/noticias\/toby-myers-bajista-de-john-mellencamp-y-roadmaster-muere-a-los-75-anos\/#article\",\"isPartOf\":{\"@id\":\"https:\/\/web.consaguirre.com.ar\/noticias\/toby-myers-bajista-de-john-mellencamp-y-roadmaster-muere-a-los-75-anos\/\"},\"author\":{\"name\":\"Javier Figueroa\",\"@id\":\"https:\/\/web.consaguirre.com.ar\/noticias\/#\/schema\/person\/6558b0cfedee7ddc5425602b237d5722\"},\"headline\":\"Toby Myers, bajista de John Mellencamp y Roadmaster, muere a los 75 a\u00f1os\",\"datePublished\":\"2025-01-21T23:41:01+00:00\",\"dateModified\":\"2025-01-21T23:41:03+00:00\",\"mainEntityOfPage\":{\"@id\":\"https:\/\/web.consaguirre.com.ar\/noticias\/toby-myers-bajista-de-john-mellencamp-y-roadmaster-muere-a-los-75-anos\/\"},\"wordCount\":361,\"publisher\":{\"@id\":\"https:\/\/web.consaguirre.com.ar\/noticias\/#organization\"},\"image\":{\"@id\":\"https:\/\/web.consaguirre.com.ar\/noticias\/toby-myers-bajista-de-john-mellencamp-y-roadmaster-muere-a-los-75-anos\/#primaryimage\"},\"thumbnailUrl\":\"https:\/\/web.consaguirre.com.ar\/noticias\/wp-content\/uploads\/2025\/01\/Toby-Myers-bajista-de-John-Mellencamp-y-Roadmaster-muere-a.jpg\",\"keywords\":[\"a\u00f1os\",\"bajista\",\"John\",\"los\",\"Mellencamp\",\"muere\",\"Myers\",\"Roadmaster\",\"Toby\"],\"articleSection\":[\"El \u00faltimo\"],\"inLanguage\":\"es-AR\"},{\"@type\":\"WebPage\",\"@id\":\"https:\/\/web.consaguirre.com.ar\/noticias\/toby-myers-bajista-de-john-mellencamp-y-roadmaster-muere-a-los-75-anos\/\",\"url\":\"https:\/\/web.consaguirre.com.ar\/noticias\/toby-myers-bajista-de-john-mellencamp-y-roadmaster-muere-a-los-75-anos\/\",\"name\":\"Toby Myers, bajista de John Mellencamp y Roadmaster, muere a los 75 a\u00f1os\",\"isPartOf\":{\"@id\":\"https:\/\/web.consaguirre.com.ar\/noticias\/#website\"},\"primaryImageOfPage\":{\"@id\":\"https:\/\/web.consaguirre.com.ar\/noticias\/toby-myers-bajista-de-john-mellencamp-y-roadmaster-muere-a-los-75-anos\/#primaryimage\"},\"image\":{\"@id\":\"https:\/\/web.consaguirre.com.ar\/noticias\/toby-myers-bajista-de-john-mellencamp-y-roadmaster-muere-a-los-75-anos\/#primaryimage\"},\"thumbnailUrl\":\"https:\/\/web.consaguirre.com.ar\/noticias\/wp-content\/uploads\/2025\/01\/Toby-Myers-bajista-de-John-Mellencamp-y-Roadmaster-muere-a.jpg\",\"datePublished\":\"2025-01-21T23:41:01+00:00\",\"dateModified\":\"2025-01-21T23:41:03+00:00\",\"breadcrumb\":{\"@id\":\"https:\/\/web.consaguirre.com.ar\/noticias\/toby-myers-bajista-de-john-mellencamp-y-roadmaster-muere-a-los-75-anos\/#breadcrumb\"},\"inLanguage\":\"es-AR\",\"potentialAction\":[{\"@type\":\"ReadAction\",\"target\":[\"https:\/\/web.consaguirre.com.ar\/noticias\/toby-myers-bajista-de-john-mellencamp-y-roadmaster-muere-a-los-75-anos\/\"]}]},{\"@type\":\"ImageObject\",\"inLanguage\":\"es-AR\",\"@id\":\"https:\/\/web.consaguirre.com.ar\/noticias\/toby-myers-bajista-de-john-mellencamp-y-roadmaster-muere-a-los-75-anos\/#primaryimage\",\"url\":\"https:\/\/web.consaguirre.com.ar\/noticias\/wp-content\/uploads\/2025\/01\/Toby-Myers-bajista-de-John-Mellencamp-y-Roadmaster-muere-a.jpg\",\"contentUrl\":\"https:\/\/web.consaguirre.com.ar\/noticias\/wp-content\/uploads\/2025\/01\/Toby-Myers-bajista-de-John-Mellencamp-y-Roadmaster-muere-a.jpg\",\"width\":1440,\"height\":864,\"caption\":\"Toby Myers, bajista de John Mellencamp y Roadmaster, muere a los 75 a\u00f1os\"},{\"@type\":\"BreadcrumbList\",\"@id\":\"https:\/\/web.consaguirre.com.ar\/noticias\/toby-myers-bajista-de-john-mellencamp-y-roadmaster-muere-a-los-75-anos\/#breadcrumb\",\"itemListElement\":[{\"@type\":\"ListItem\",\"position\":1,\"name\":\"Inicio\",\"item\":\"https:\/\/web.consaguirre.com.ar\/noticias\/\"},{\"@type\":\"ListItem\",\"position\":2,\"name\":\"Toby Myers, bajista de John Mellencamp y Roadmaster, muere a los 75 a\u00f1os\"}]},{\"@type\":\"WebSite\",\"@id\":\"https:\/\/web.consaguirre.com.ar\/noticias\/#website\",\"url\":\"https:\/\/web.consaguirre.com.ar\/noticias\/\",\"name\":\"Conservatorio de M\u00fasica Juli\u00e1n Aguirre\",\"description\":\"\",\"publisher\":{\"@id\":\"https:\/\/web.consaguirre.com.ar\/noticias\/#organization\"},\"potentialAction\":[{\"@type\":\"SearchAction\",\"target\":{\"@type\":\"EntryPoint\",\"urlTemplate\":\"https:\/\/web.consaguirre.com.ar\/noticias\/?s={search_term_string}\"},\"query-input\":\"required name=search_term_string\"}],\"inLanguage\":\"es-AR\"},{\"@type\":\"Organization\",\"@id\":\"https:\/\/web.consaguirre.com.ar\/noticias\/#organization\",\"name\":\"Conservatorio de M\u00fasica Juli\u00e1n Aguirre\",\"url\":\"https:\/\/web.consaguirre.com.ar\/noticias\/\",\"logo\":{\"@type\":\"ImageObject\",\"inLanguage\":\"es-AR\",\"@id\":\"https:\/\/web.consaguirre.com.ar\/noticias\/#\/schema\/logo\/image\/\",\"url\":\"https:\/\/web.consaguirre.com.ar\/noticias\/wp-content\/uploads\/2024\/08\/Banner-Aguirre-23.jpg\",\"contentUrl\":\"https:\/\/web.consaguirre.com.ar\/noticias\/wp-content\/uploads\/2024\/08\/Banner-Aguirre-23.jpg\",\"width\":1192,\"height\":600,\"caption\":\"Conservatorio de M\u00fasica Juli\u00e1n Aguirre\"},\"image\":{\"@id\":\"https:\/\/web.consaguirre.com.ar\/noticias\/#\/schema\/logo\/image\/\"}},{\"@type\":\"Person\",\"@id\":\"https:\/\/web.consaguirre.com.ar\/noticias\/#\/schema\/person\/6558b0cfedee7ddc5425602b237d5722\",\"name\":\"Javier Figueroa\",\"image\":{\"@type\":\"ImageObject\",\"inLanguage\":\"es-AR\",\"@id\":\"https:\/\/web.consaguirre.com.ar\/noticias\/#\/schema\/person\/image\/\",\"url\":\"https:\/\/web.consaguirre.com.ar\/noticias\/wp-content\/uploads\/2024\/08\/Consaguirre-scaled.jpg\",\"contentUrl\":\"https:\/\/web.consaguirre.com.ar\/noticias\/wp-content\/uploads\/2024\/08\/Consaguirre-scaled.jpg\",\"caption\":\"Javier Figueroa\"},\"description\":\"Me llamo Javier Figueroa y soy redactor para el sitio oficial del Conservatorio de M\u00fasica Juli\u00e1n Aguirre en Buenos Aires, consaguirre.com. Apasionado por la m\u00fasica y la escritura, me esfuerzo por destacar los talentos y eventos de nuestra prestigiosa instituci\u00f3n. Mi trayectoria se nutre de una profunda admiraci\u00f3n por los artistas, haciendo de cada art\u00edculo una celebraci\u00f3n de la creatividad y la cultura musical.\",\"sameAs\":[\"https:\/\/web.consaguirre.com.ar\/noticias\"]}]}<\/script>\n<!-- \/ Yoast SEO plugin. -->","yoast_head_json":{"title":"Toby Myers, bajista de John Mellencamp y Roadmaster, muere a los 75 a\u00f1os","robots":{"index":"index","follow":"follow","max-snippet":"max-snippet:-1","max-image-preview":"max-image-preview:large","max-video-preview":"max-video-preview:-1"},"canonical":"https:\/\/web.consaguirre.com.ar\/noticias\/toby-myers-bajista-de-john-mellencamp-y-roadmaster-muere-a-los-75-anos\/","og_locale":"es_ES","og_type":"article","og_title":"Toby Myers, bajista de John Mellencamp y Roadmaster, muere a los 75 a\u00f1os","og_description":"Jeffrey Glenn Myers, conocido profesionalmente como Toby Myers, falleci\u00f3 a la edad de 75 a\u00f1os. Myers es c\u00e9lebre por su trabajo como bajista y multiinstrumentista","og_url":"https:\/\/web.consaguirre.com.ar\/noticias\/toby-myers-bajista-de-john-mellencamp-y-roadmaster-muere-a-los-75-anos\/","og_site_name":"Conservatorio de M\u00fasica Juli\u00e1n Aguirre","article_published_time":"2025-01-21T23:41:01+00:00","article_modified_time":"2025-01-21T23:41:03+00:00","og_image":[{"width":1440,"height":864,"url":"https:\/\/web.consaguirre.com.ar\/noticias\/wp-content\/uploads\/2025\/01\/Toby-Myers-bajista-de-John-Mellencamp-y-Roadmaster-muere-a.jpg","type":"image\/jpeg"}],"author":"Javier Figueroa","twitter_card":"summary_large_image","twitter_misc":{"Escrito por":"Javier Figueroa","Tiempo de lectura":"2 minutos"},"schema":{"@context":"https:\/\/schema.org","@graph":[{"@type":"Article","@id":"https:\/\/web.consaguirre.com.ar\/noticias\/toby-myers-bajista-de-john-mellencamp-y-roadmaster-muere-a-los-75-anos\/#article","isPartOf":{"@id":"https:\/\/web.consaguirre.com.ar\/noticias\/toby-myers-bajista-de-john-mellencamp-y-roadmaster-muere-a-los-75-anos\/"},"author":{"name":"Javier Figueroa","@id":"https:\/\/web.consaguirre.com.ar\/noticias\/#\/schema\/person\/6558b0cfedee7ddc5425602b237d5722"},"headline":"Toby Myers, bajista de John Mellencamp y Roadmaster, muere a los 75 a\u00f1os","datePublished":"2025-01-21T23:41:01+00:00","dateModified":"2025-01-21T23:41:03+00:00","mainEntityOfPage":{"@id":"https:\/\/web.consaguirre.com.ar\/noticias\/toby-myers-bajista-de-john-mellencamp-y-roadmaster-muere-a-los-75-anos\/"},"wordCount":361,"publisher":{"@id":"https:\/\/web.consaguirre.com.ar\/noticias\/#organization"},"image":{"@id":"https:\/\/web.consaguirre.com.ar\/noticias\/toby-myers-bajista-de-john-mellencamp-y-roadmaster-muere-a-los-75-anos\/#primaryimage"},"thumbnailUrl":"https:\/\/web.consaguirre.com.ar\/noticias\/wp-content\/uploads\/2025\/01\/Toby-Myers-bajista-de-John-Mellencamp-y-Roadmaster-muere-a.jpg","keywords":["a\u00f1os","bajista","John","los","Mellencamp","muere","Myers","Roadmaster","Toby"],"articleSection":["El \u00faltimo"],"inLanguage":"es-AR"},{"@type":"WebPage","@id":"https:\/\/web.consaguirre.com.ar\/noticias\/toby-myers-bajista-de-john-mellencamp-y-roadmaster-muere-a-los-75-anos\/","url":"https:\/\/web.consaguirre.com.ar\/noticias\/toby-myers-bajista-de-john-mellencamp-y-roadmaster-muere-a-los-75-anos\/","name":"Toby Myers, bajista de John Mellencamp y Roadmaster, muere a los 75 a\u00f1os","isPartOf":{"@id":"https:\/\/web.consaguirre.com.ar\/noticias\/#website"},"primaryImageOfPage":{"@id":"https:\/\/web.consaguirre.com.ar\/noticias\/toby-myers-bajista-de-john-mellencamp-y-roadmaster-muere-a-los-75-anos\/#primaryimage"},"image":{"@id":"https:\/\/web.consaguirre.com.ar\/noticias\/toby-myers-bajista-de-john-mellencamp-y-roadmaster-muere-a-los-75-anos\/#primaryimage"},"thumbnailUrl":"https:\/\/web.consaguirre.com.ar\/noticias\/wp-content\/uploads\/2025\/01\/Toby-Myers-bajista-de-John-Mellencamp-y-Roadmaster-muere-a.jpg","datePublished":"2025-01-21T23:41:01+00:00","dateModified":"2025-01-21T23:41:03+00:00","breadcrumb":{"@id":"https:\/\/web.consaguirre.com.ar\/noticias\/toby-myers-bajista-de-john-mellencamp-y-roadmaster-muere-a-los-75-anos\/#breadcrumb"},"inLanguage":"es-AR","potentialAction":[{"@type":"ReadAction","target":["https:\/\/web.consaguirre.com.ar\/noticias\/toby-myers-bajista-de-john-mellencamp-y-roadmaster-muere-a-los-75-anos\/"]}]},{"@type":"ImageObject","inLanguage":"es-AR","@id":"https:\/\/web.consaguirre.com.ar\/noticias\/toby-myers-bajista-de-john-mellencamp-y-roadmaster-muere-a-los-75-anos\/#primaryimage","url":"https:\/\/web.consaguirre.com.ar\/noticias\/wp-content\/uploads\/2025\/01\/Toby-Myers-bajista-de-John-Mellencamp-y-Roadmaster-muere-a.jpg","contentUrl":"https:\/\/web.consaguirre.com.ar\/noticias\/wp-content\/uploads\/2025\/01\/Toby-Myers-bajista-de-John-Mellencamp-y-Roadmaster-muere-a.jpg","width":1440,"height":864,"caption":"Toby Myers, bajista de John Mellencamp y Roadmaster, muere a los 75 a\u00f1os"},{"@type":"BreadcrumbList","@id":"https:\/\/web.consaguirre.com.ar\/noticias\/toby-myers-bajista-de-john-mellencamp-y-roadmaster-muere-a-los-75-anos\/#breadcrumb","itemListElement":[{"@type":"ListItem","position":1,"name":"Inicio","item":"https:\/\/web.consaguirre.com.ar\/noticias\/"},{"@type":"ListItem","position":2,"name":"Toby Myers, bajista de John Mellencamp y Roadmaster, muere a los 75 a\u00f1os"}]},{"@type":"WebSite","@id":"https:\/\/web.consaguirre.com.ar\/noticias\/#website","url":"https:\/\/web.consaguirre.com.ar\/noticias\/","name":"Conservatorio de M\u00fasica Juli\u00e1n Aguirre","description":"","publisher":{"@id":"https:\/\/web.consaguirre.com.ar\/noticias\/#organization"},"potentialAction":[{"@type":"SearchAction","target":{"@type":"EntryPoint","urlTemplate":"https:\/\/web.consaguirre.com.ar\/noticias\/?s={search_term_string}"},"query-input":"required name=search_term_string"}],"inLanguage":"es-AR"},{"@type":"Organization","@id":"https:\/\/web.consaguirre.com.ar\/noticias\/#organization","name":"Conservatorio de M\u00fasica Juli\u00e1n Aguirre","url":"https:\/\/web.consaguirre.com.ar\/noticias\/","logo":{"@type":"ImageObject","inLanguage":"es-AR","@id":"https:\/\/web.consaguirre.com.ar\/noticias\/#\/schema\/logo\/image\/","url":"https:\/\/web.consaguirre.com.ar\/noticias\/wp-content\/uploads\/2024\/08\/Banner-Aguirre-23.jpg","contentUrl":"https:\/\/web.consaguirre.com.ar\/noticias\/wp-content\/uploads\/2024\/08\/Banner-Aguirre-23.jpg","width":1192,"height":600,"caption":"Conservatorio de M\u00fasica Juli\u00e1n Aguirre"},"image":{"@id":"https:\/\/web.consaguirre.com.ar\/noticias\/#\/schema\/logo\/image\/"}},{"@type":"Person","@id":"https:\/\/web.consaguirre.com.ar\/noticias\/#\/schema\/person\/6558b0cfedee7ddc5425602b237d5722","name":"Javier Figueroa","image":{"@type":"ImageObject","inLanguage":"es-AR","@id":"https:\/\/web.consaguirre.com.ar\/noticias\/#\/schema\/person\/image\/","url":"https:\/\/web.consaguirre.com.ar\/noticias\/wp-content\/uploads\/2024\/08\/Consaguirre-scaled.jpg","contentUrl":"https:\/\/web.consaguirre.com.ar\/noticias\/wp-content\/uploads\/2024\/08\/Consaguirre-scaled.jpg","caption":"Javier Figueroa"},"description":"Me llamo Javier Figueroa y soy redactor para el sitio oficial del Conservatorio de M\u00fasica Juli\u00e1n Aguirre en Buenos Aires, consaguirre.com. Apasionado por la m\u00fasica y la escritura, me esfuerzo por destacar los talentos y eventos de nuestra prestigiosa instituci\u00f3n. Mi trayectoria se nutre de una profunda admiraci\u00f3n por los artistas, haciendo de cada art\u00edculo una celebraci\u00f3n de la creatividad y la cultura musical.","sameAs":["https:\/\/web.consaguirre.com.ar\/noticias"]}]}},"_links":{"self":[{"href":"https:\/\/web.consaguirre.com.ar\/noticias\/wp-json\/wp\/v2\/posts\/1655"}],"collection":[{"href":"https:\/\/web.consaguirre.com.ar\/noticias\/wp-json\/wp\/v2\/posts"}],"about":[{"href":"https:\/\/web.consaguirre.com.ar\/noticias\/wp-json\/wp\/v2\/types\/post"}],"author":[{"embeddable":true,"href":"https:\/\/web.consaguirre.com.ar\/noticias\/wp-json\/wp\/v2\/users\/1"}],"replies":[{"embeddable":true,"href":"https:\/\/web.consaguirre.com.ar\/noticias\/wp-json\/wp\/v2\/comments?post=1655"}],"version-history":[{"count":1,"href":"https:\/\/web.consaguirre.com.ar\/noticias\/wp-json\/wp\/v2\/posts\/1655\/revisions"}],"predecessor-version":[{"id":1657,"href":"https:\/\/web.consaguirre.com.ar\/noticias\/wp-json\/wp\/v2\/posts\/1655\/revisions\/1657"}],"wp:featuredmedia":[{"embeddable":true,"href":"https:\/\/web.consaguirre.com.ar\/noticias\/wp-json\/wp\/v2\/media\/1656"}],"wp:attachment":[{"href":"https:\/\/web.consaguirre.com.ar\/noticias\/wp-json\/wp\/v2\/media?parent=1655"}],"wp:term":[{"taxonomy":"category","embeddable":true,"href":"https:\/\/web.consaguirre.com.ar\/noticias\/wp-json\/wp\/v2\/categories?post=1655"},{"taxonomy":"post_tag","embeddable":true,"href":"https:\/\/web.consaguirre.com.ar\/noticias\/wp-json\/wp\/v2\/tags?post=1655"}],"curies":[{"name":"wp","href":"https:\/\/api.w.org\/{rel}","templated":true}]}}