{"id":1652,"date":"2025-01-21T17:38:15","date_gmt":"2025-01-21T20:38:15","guid":{"rendered":"https:\/\/web.consaguirre.com.ar\/noticias\/fallecio-garth-hudson-teclista-y-saxofonista-de-la-banda\/"},"modified":"2025-01-21T17:38:17","modified_gmt":"2025-01-21T20:38:17","slug":"fallecio-garth-hudson-teclista-y-saxofonista-de-la-banda","status":"publish","type":"post","link":"https:\/\/web.consaguirre.com.ar\/noticias\/fallecio-garth-hudson-teclista-y-saxofonista-de-la-banda\/","title":{"rendered":"Falleci\u00f3 Garth Hudson, teclista y saxofonista de la banda"},"content":{"rendered":"<p>Garth Hudson, teclista y saxofonista de <strong>La banda<\/strong>ha fallecido. Conocido cari\u00f1osamente por sus amigos como &#8220;El Oso&#8221;, Hudson era un hombre corpulento y amigable con una enorme barba. <span style=\"font-weight: 400\">\u2013 <\/span>y aunque era el \u00fanico no cantante de The Band, sus manos lo dec\u00edan todo. Su estilo de \u00f3rgano, profundamente influenciado por la m\u00fasica cl\u00e1sica y el jazz con el que creci\u00f3 tocando, fue la piedra angular del rock. En particular, su salva inicial de \u201cChest Fever\u201d, del \u00e1lbum debut de la banda de 1968 <em>M\u00fasica de Big Pink<\/em>se convirti\u00f3 instant\u00e1neamente en un est\u00e1ndar.<\/p>\n<div class=\"uD-YT-container\"><img decoding=\"async\" src=\"https:\/\/web.consaguirre.com.ar\/noticias\/wp-content\/uploads\/2025\/01\/1737491895_875_Fallecio-Garth-Hudson-teclista-y-saxofonista-de-la-banda.jpg\" alt=\"V\u00eddeo de YouTube\"><br \/>Haga clic para cargar v\u00eddeo<\/div>\n<p>Eric Garth Hudson naci\u00f3 el 2 de agosto de 1937 en London, Ontario. Su primer instrumento fue el acorde\u00f3n de su madre, que comenz\u00f3 a tocar en bandas country a los 12 a\u00f1os. Su madre tambi\u00e9n tocaba el piano de o\u00eddo y cantaba, a veces a partir de una copia del cancionero. <em>Canad\u00e1 canta<\/em>. Su padre, piloto de combate durante la Primera Guerra Mundial, le ayud\u00f3 a reconstruir un \u00f3rgano de bombeo.<\/p>\n<p>Hudson pas\u00f3 un a\u00f1o especializ\u00e1ndose en m\u00fasica en la Universidad de Western Ontario, interpretando corales de Bach y otros temas cl\u00e1sicos. Pero pronto su atenci\u00f3n se desvi\u00f3: \u201cDescubr\u00ed que pod\u00eda improvisar. Probablemente lo descubr\u00ed demasiado joven\u201d. <strong>dijo en 1983<\/strong>. As\u00ed que abandon\u00f3 la escuela para trabajar a tiempo completo como m\u00fasico, para disgusto de sus padres. \u201cSab\u00edan lo que estaba haciendo\u201d, dijo Hudson, \u201cpero no quer\u00edan que tocara en bares. Desafortunadamente o afortunadamente, para familiarizarse con el idioma de la m\u00fasica country o rock, es necesario tocar de vez en cuando en un bar. Los bares son un lugar de ensayo\u201d.<\/p>\n<p>Hudson comenz\u00f3 a tocar en bandas de rock, viajando con frecuencia a la cercana Detroit para realizar presentaciones. En 1962 se uni\u00f3 a los Hawks, la banda de acompa\u00f1amiento del cantante de rockabilly canadiense Ronnie Hawkins. &#8220;Incluso cuando trabaj\u00e9 en Detroit, Ronnie era aclamado como el mejor int\u00e9rprete de rockabilly con la mejor banda&#8221;. <strong>Hudson record\u00f3<\/strong>. &#8220;Nadie podr\u00eda seguirlo, incluido Elvis, hasta una unidad org\u00e1nica que pudiera llegar all\u00ed y sacudirlo todo&#8221;.<\/p>\n<p>Los Hawks se fusionaron en una unidad de cinco integrantes: Hudson, el pianista Richard Manuel, el guitarrista Robbie Robertson, el bajista Rick Danko y el baterista Levon Helm. Los otros cuatro cantaron, con Robertson normalmente de fondo y los otros tres dividi\u00e9ndose los protagonistas. Dos a\u00f1os m\u00e1s tarde, en 1964, los Hawks se separaron de Hawkins y se fueron a Nueva York para respaldar al cantante folk John Hammond Jr. en su \u00e1lbum. <em>Tantos caminos<\/em>lanzado al a\u00f1o siguiente. En Nueva York tambi\u00e9n llamaron la atenci\u00f3n de Bob Dylan, quien los contrat\u00f3 para tocar con \u00e9l.<\/p>\n<p>Dylan llev\u00f3 a los Hawks de gira como su banda de acompa\u00f1amiento en 1965 y 1966, despu\u00e9s de que se &#8220;volviera el\u00e9ctrico&#8221; en el Festival Folk de Newport. Se encontraron con p\u00fablicos hostiles en muchas paradas. &#8220;Creo que todo el movimiento folkl\u00f3rico se sinti\u00f3 ofendido&#8221;. <strong>Hudson record\u00f3<\/strong>. &#8220;Est\u00e1bamos en la l\u00ednea de fuego&#8221;. En Par\u00eds, el grupo toc\u00f3 frente a una bandera gigante de Estados Unidos ante una explosi\u00f3n de abucheos.<\/p>\n<p>A\u00fan as\u00ed, viajar por el mundo con Dylan result\u00f3 ser una experiencia positiva. &#8220;Bob nos anim\u00f3 a creer que pod\u00edamos escribir nuestras propias canciones&#8221;. <strong>Hudson dijo<\/strong>. \u201cVerlo sentado frente a su m\u00e1quina de escribir y trabajando fue una inspiraci\u00f3n. Poco despu\u00e9s de reunirnos con \u00e9l, supimos que nuestra asociaci\u00f3n ser\u00eda reconocida en la historia del rock\u201d.<\/p>\n<p>El accidente de motocicleta de Dylan en el verano de 1966 arruin\u00f3 sus planes de gira, por lo que, a principios de 1967, \u00e9l y los Hawks se refugiaron. Hudson instal\u00f3 una m\u00e1quina de cintas en el s\u00f3tano de la gran casa color salm\u00f3n en Woodstock, Nueva York, que compart\u00eda con Danko y Manuel.<span style=\"font-weight: 400\">\u2013 <\/span>apodado &#8220;Gran Rosa&#8221;<span style=\"font-weight: 400\">\u2013 <\/span>y comenz\u00f3 a grabar las canciones libres que Dylan y los Hawks escrib\u00edan y, ocasionalmente, versionaban.<\/p>\n<p>En septiembre de 1967, Hudson copi\u00f3 diez de las nuevas canciones de Dylan en un carrete para su editor, Dwarf Music, y a\u00f1adi\u00f3 cinco canciones m\u00e1s unos meses despu\u00e9s. Esto se hizo conocido entre los fans como \u201cThe Basement Tape\u201d e inclu\u00eda canciones que Dylan pretend\u00eda que otros artistas interpretaran, incluidos cl\u00e1sicos futuros como \u201cI Shall Be Released\u201d, \u201cTears of Rage\u201d y \u201cQuinn the Eskimo\u201d. Las propias grabaciones fueron ampliamente pirateadas.<\/p>\n<p>Los Hawks se rebautizaron como The Band y grabaron su primer \u00e1lbum, <em>M\u00fasica de Big Pink<\/em>en Columbia Records en 1968. Grabado en aproximadamente dos semanas, contrastaba marcadamente con la ola de pedales wah-wah y cintas al rev\u00e9s que otras bandas de rock estaban favoreciendo despu\u00e9s del Summer of Love: presentaba al grupo tocando instrumentos b\u00e1sicos en lejos. -desde formas b\u00e1sicas, mayoritariamente en vivo y m\u00ednimamente sobregrabadas. Lo m\u00e1s destacado del \u00e1lbum fue la magistral introducci\u00f3n de Hudson en \u201cChest Fever\u201d, tocada en un \u00f3rgano del Lowrey Festival; el sonido parec\u00eda r\u00fastico y futurista a la vez, y tan grande como una habitaci\u00f3n.<\/p>\n<p>La f\u00e1cil intimidad de la Banda fue recibida como un soplo de aire fresco. George Harrison de los Beatles qued\u00f3 tan inspirado por el \u00e1lbum que vol\u00f3 a Woodstock para pasar el rato con el grupo y colaborar con Dylan en la canci\u00f3n &#8220;If Not for You&#8221;. Al Kooper<span style=\"font-weight: 400\">\u2013 <\/span>que hab\u00eda tocado detr\u00e1s de Dylan en el Newport Folk Festival en 1965<span style=\"font-weight: 400\">\u2013 <\/span><strong>escribi\u00f3 en <em>Piedra rodante<\/em><\/strong>\u201c<em>M\u00fasica de Big Pink<\/em> Es un evento y debe ser tratado como tal\u201d. Tambi\u00e9n llam\u00f3 a Hudson \u201cuna de las personas m\u00e1s extra\u00f1as que he conocido\u201d y se refiri\u00f3 a su \u00f3rgano detr\u00e1s de Dylan en \u201cBallad of a Thin Man\u201d como \u201cun trabajo cuatridimensional\u201d.<\/p>\n<p>The Band se convirti\u00f3 en un acto importante: tocaron en Woodstock en 1969 y co-encabezaron el Summer Jam en Watkins Glen en 1973 frente a 600.000 personas, en ese entonces un r\u00e9cord para un concierto de rock. Pero The Band, y Hudson en particular, hab\u00edan comenzado a cansarse de las giras y se alejaron de las giras durante dos a\u00f1os. Luego Bob Dylan los convoc\u00f3 para su gira por Norteam\u00e9rica en 1974.<span style=\"font-weight: 400\">\u2013 <\/span>el primero en ocho a\u00f1os y, en ese momento, la serie de rock m\u00e1s vendida de la historia. Juntos recibieron cr\u00edticas muy favorables; como <strong>el <em>sol de toronto<\/em> dicho<\/strong>&#8220;Hicieron que Dylan sonara como si pudiera cantar&#8221;.<\/p>\n<p>En 1975, 16 de las grabaciones originales de 1967 del s\u00f3tano de Big Pink, junto con ocho grabaciones m\u00e1s nuevas de Band, se publicaron oficialmente como <em>Las cintas del s\u00f3tano<\/em>. El \u00e1lbum se vendi\u00f3 sustancialmente y fue votado como el mejor \u00e1lbum de 1975 en los <em>Voz del pueblo<\/em>Encuesta de cr\u00edticos de rock. &#8220;No debemos agachar la cabeza avergonzados porque este es el mejor \u00e1lbum de 1975. Tambi\u00e9n habr\u00eda sido el mejor \u00e1lbum de 1967&#8221;, escribi\u00f3 el <em>Voz<\/em>Es Robert Christgau. &#8220;Y seguramente sonar\u00e1 genial en 1983&#8221;.<\/p>\n<p>Poco despu\u00e9s, The Band lo dej\u00f3 con gran estilo. El D\u00eda de Acci\u00f3n de Gracias de 1976, encabezaron un gigantesco concierto de despedida en el Cow Palace de San Francisco, apodado \u201cEl \u00faltimo vals\u201d. Con invitados que iban desde Hawkins hasta Dylan, Muddy Waters y Joni Mitchell, fue una obra maestra al estilo de una revista para la historia de The Band, as\u00ed como un soneto para la generaci\u00f3n del rock de los a\u00f1os 60. \u201cDesde el principio, era evidente que The Band hab\u00eda llegado a tocar duro, relajado y feliz\u201d. <em>Cartelera<\/em> inform\u00f3, y luego elogi\u00f3 su versi\u00f3n &#8220;elevada&#8221; de &#8220;This Wheel&#8217;s on Fire&#8221; y destac\u00f3 las &#8220;florituras finales de Hudson que suenan como el mism\u00edsimo fuego del infierno&#8221;. Martin Scorsese captur\u00f3 la velada en su documental, tambi\u00e9n llamado <em>El \u00faltimo vals<\/em>lanzado en 1978 con enorme \u00e9xito de cr\u00edtica; generalmente se considera una de las mejores pel\u00edculas de conciertos de rock jam\u00e1s realizadas y se agreg\u00f3 al Registro Nacional de Pel\u00edculas de la Biblioteca del Congreso en 2019.<\/p>\n<p>\u201cThe Last Waltz\u201d ser\u00eda la \u00faltima vez que la banda de cinco integrantes comparti\u00f3 escenario: sin Robertson, y ocasionalmente sin Hudson, se reunieron espor\u00e1dicamente, a partir de principios de la d\u00e9cada de 1980. Hudson se convirti\u00f3 en un m\u00fasico de sesi\u00f3n activo: en los a\u00f1os 80 y 90, contribuy\u00f3 a \u00e1lbumes de Don Henley, Tom Petty y Robert Palmer; a finales de la d\u00e9cada de 2000, se le pod\u00eda escuchar en dos \u00e1lbumes de Neko Case, <em>Fox Confessor trae el diluvio<\/em> y <em>Cicl\u00f3n medio<\/em>.<\/p>\n<p>Hudson tambi\u00e9n contribuy\u00f3 a las grabaciones de la reuni\u00f3n de The Band, incluido el \u00e1lbum de 1993. <em>Jeric\u00f3<\/em>as\u00ed como trabajos en solitario de Robertson, Helm y Danko. Tambi\u00e9n continu\u00f3 explorando nuevos estilos musicales y convirti\u00e9ndose, entre otras cosas, en un devoto de la polka. Se jact\u00f3 en 2004 de haber incluido \u201c340 polcas, valses y obereks\u201d en su repertorio de acorde\u00f3n. A mediados de la d\u00e9cada de 2010, su biblioteca de cintas proporcion\u00f3 la fuente de <em>Las cintas del s\u00f3tano completas<\/em>un set de seis horas que incluy\u00f3 33 canciones in\u00e9ditas.<\/p>\n<p>&#8220;Cualquiera que tenga la oportunidad de tocar con Garth Hudson, ser\u00eda un tonto si no lo hiciera&#8221;. <strong>Helm dijo una vez<\/strong>. &#8220;En lo que respecta a The Band, \u00e9l es quien se contagi\u00f3 al resto de nosotros y nos hizo sonar tan bien como lo hicimos&#8221;.<\/p>\n","protected":false},"excerpt":{"rendered":"<p>Garth Hudson, teclista y saxofonista de La bandaha fallecido. Conocido cari\u00f1osamente por sus amigos como &#8220;El Oso&#8221;, Hudson era un hombre corpulento y amigable con<\/p>\n","protected":false},"author":1,"featured_media":1653,"comment_status":"closed","ping_status":"","sticky":false,"template":"","format":"standard","meta":{"footnotes":""},"categories":[50],"tags":[471,767,1704,729,771,1705],"class_list":["post-1652","post","type-post","status-publish","format-standard","has-post-thumbnail","hentry","category-el-ultimo","tag-banda","tag-fallecio","tag-garth","tag-hudson","tag-saxofonista","tag-teclista","generate-columns","tablet-grid-50","mobile-grid-100","grid-parent","grid-50"],"yoast_head":"<!-- This site is optimized with the Yoast SEO plugin v23.3 - https:\/\/yoast.com\/wordpress\/plugins\/seo\/ -->\n<title>Falleci\u00f3 Garth Hudson, teclista y saxofonista de la banda<\/title>\n<meta name=\"robots\" content=\"index, follow, max-snippet:-1, max-image-preview:large, max-video-preview:-1\" \/>\n<link rel=\"canonical\" href=\"https:\/\/web.consaguirre.com.ar\/noticias\/fallecio-garth-hudson-teclista-y-saxofonista-de-la-banda\/\" \/>\n<meta property=\"og:locale\" content=\"es_ES\" \/>\n<meta property=\"og:type\" content=\"article\" \/>\n<meta property=\"og:title\" content=\"Falleci\u00f3 Garth Hudson, teclista y saxofonista de la banda\" \/>\n<meta property=\"og:description\" content=\"Garth Hudson, teclista y saxofonista de La bandaha fallecido. Conocido cari\u00f1osamente por sus amigos como &#8220;El Oso&#8221;, Hudson era un hombre corpulento y amigable con\" \/>\n<meta property=\"og:url\" content=\"https:\/\/web.consaguirre.com.ar\/noticias\/fallecio-garth-hudson-teclista-y-saxofonista-de-la-banda\/\" \/>\n<meta property=\"og:site_name\" content=\"Conservatorio de M\u00fasica Juli\u00e1n Aguirre\" \/>\n<meta property=\"article:published_time\" content=\"2025-01-21T20:38:15+00:00\" \/>\n<meta property=\"article:modified_time\" content=\"2025-01-21T20:38:17+00:00\" \/>\n<meta property=\"og:image\" content=\"https:\/\/web.consaguirre.com.ar\/noticias\/wp-content\/uploads\/2025\/01\/Fallecio-Garth-Hudson-teclista-y-saxofonista-de-la-banda.jpg\" \/>\n\t<meta property=\"og:image:width\" content=\"1440\" \/>\n\t<meta property=\"og:image:height\" content=\"864\" \/>\n\t<meta property=\"og:image:type\" content=\"image\/jpeg\" \/>\n<meta name=\"author\" content=\"Javier Figueroa\" \/>\n<meta name=\"twitter:card\" content=\"summary_large_image\" \/>\n<meta name=\"twitter:label1\" content=\"Escrito por\" \/>\n\t<meta name=\"twitter:data1\" content=\"Javier Figueroa\" \/>\n\t<meta name=\"twitter:label2\" content=\"Tiempo de lectura\" \/>\n\t<meta name=\"twitter:data2\" content=\"8 minutos\" \/>\n<script type=\"application\/ld+json\" class=\"yoast-schema-graph\">{\"@context\":\"https:\/\/schema.org\",\"@graph\":[{\"@type\":\"Article\",\"@id\":\"https:\/\/web.consaguirre.com.ar\/noticias\/fallecio-garth-hudson-teclista-y-saxofonista-de-la-banda\/#article\",\"isPartOf\":{\"@id\":\"https:\/\/web.consaguirre.com.ar\/noticias\/fallecio-garth-hudson-teclista-y-saxofonista-de-la-banda\/\"},\"author\":{\"name\":\"Javier Figueroa\",\"@id\":\"https:\/\/web.consaguirre.com.ar\/noticias\/#\/schema\/person\/6558b0cfedee7ddc5425602b237d5722\"},\"headline\":\"Falleci\u00f3 Garth Hudson, teclista y saxofonista de la banda\",\"datePublished\":\"2025-01-21T20:38:15+00:00\",\"dateModified\":\"2025-01-21T20:38:17+00:00\",\"mainEntityOfPage\":{\"@id\":\"https:\/\/web.consaguirre.com.ar\/noticias\/fallecio-garth-hudson-teclista-y-saxofonista-de-la-banda\/\"},\"wordCount\":1600,\"publisher\":{\"@id\":\"https:\/\/web.consaguirre.com.ar\/noticias\/#organization\"},\"image\":{\"@id\":\"https:\/\/web.consaguirre.com.ar\/noticias\/fallecio-garth-hudson-teclista-y-saxofonista-de-la-banda\/#primaryimage\"},\"thumbnailUrl\":\"https:\/\/web.consaguirre.com.ar\/noticias\/wp-content\/uploads\/2025\/01\/Fallecio-Garth-Hudson-teclista-y-saxofonista-de-la-banda.jpg\",\"keywords\":[\"banda\",\"Falleci\u00f3\",\"Garth\",\"Hudson\",\"saxofonista\",\"teclista\"],\"articleSection\":[\"El \u00faltimo\"],\"inLanguage\":\"es-AR\"},{\"@type\":\"WebPage\",\"@id\":\"https:\/\/web.consaguirre.com.ar\/noticias\/fallecio-garth-hudson-teclista-y-saxofonista-de-la-banda\/\",\"url\":\"https:\/\/web.consaguirre.com.ar\/noticias\/fallecio-garth-hudson-teclista-y-saxofonista-de-la-banda\/\",\"name\":\"Falleci\u00f3 Garth Hudson, teclista y saxofonista de la banda\",\"isPartOf\":{\"@id\":\"https:\/\/web.consaguirre.com.ar\/noticias\/#website\"},\"primaryImageOfPage\":{\"@id\":\"https:\/\/web.consaguirre.com.ar\/noticias\/fallecio-garth-hudson-teclista-y-saxofonista-de-la-banda\/#primaryimage\"},\"image\":{\"@id\":\"https:\/\/web.consaguirre.com.ar\/noticias\/fallecio-garth-hudson-teclista-y-saxofonista-de-la-banda\/#primaryimage\"},\"thumbnailUrl\":\"https:\/\/web.consaguirre.com.ar\/noticias\/wp-content\/uploads\/2025\/01\/Fallecio-Garth-Hudson-teclista-y-saxofonista-de-la-banda.jpg\",\"datePublished\":\"2025-01-21T20:38:15+00:00\",\"dateModified\":\"2025-01-21T20:38:17+00:00\",\"breadcrumb\":{\"@id\":\"https:\/\/web.consaguirre.com.ar\/noticias\/fallecio-garth-hudson-teclista-y-saxofonista-de-la-banda\/#breadcrumb\"},\"inLanguage\":\"es-AR\",\"potentialAction\":[{\"@type\":\"ReadAction\",\"target\":[\"https:\/\/web.consaguirre.com.ar\/noticias\/fallecio-garth-hudson-teclista-y-saxofonista-de-la-banda\/\"]}]},{\"@type\":\"ImageObject\",\"inLanguage\":\"es-AR\",\"@id\":\"https:\/\/web.consaguirre.com.ar\/noticias\/fallecio-garth-hudson-teclista-y-saxofonista-de-la-banda\/#primaryimage\",\"url\":\"https:\/\/web.consaguirre.com.ar\/noticias\/wp-content\/uploads\/2025\/01\/Fallecio-Garth-Hudson-teclista-y-saxofonista-de-la-banda.jpg\",\"contentUrl\":\"https:\/\/web.consaguirre.com.ar\/noticias\/wp-content\/uploads\/2025\/01\/Fallecio-Garth-Hudson-teclista-y-saxofonista-de-la-banda.jpg\",\"width\":1440,\"height\":864,\"caption\":\"Falleci\u00f3 Garth Hudson, teclista y saxofonista de la banda\"},{\"@type\":\"BreadcrumbList\",\"@id\":\"https:\/\/web.consaguirre.com.ar\/noticias\/fallecio-garth-hudson-teclista-y-saxofonista-de-la-banda\/#breadcrumb\",\"itemListElement\":[{\"@type\":\"ListItem\",\"position\":1,\"name\":\"Inicio\",\"item\":\"https:\/\/web.consaguirre.com.ar\/noticias\/\"},{\"@type\":\"ListItem\",\"position\":2,\"name\":\"Falleci\u00f3 Garth Hudson, teclista y saxofonista de la banda\"}]},{\"@type\":\"WebSite\",\"@id\":\"https:\/\/web.consaguirre.com.ar\/noticias\/#website\",\"url\":\"https:\/\/web.consaguirre.com.ar\/noticias\/\",\"name\":\"Conservatorio de M\u00fasica Juli\u00e1n Aguirre\",\"description\":\"\",\"publisher\":{\"@id\":\"https:\/\/web.consaguirre.com.ar\/noticias\/#organization\"},\"potentialAction\":[{\"@type\":\"SearchAction\",\"target\":{\"@type\":\"EntryPoint\",\"urlTemplate\":\"https:\/\/web.consaguirre.com.ar\/noticias\/?s={search_term_string}\"},\"query-input\":\"required name=search_term_string\"}],\"inLanguage\":\"es-AR\"},{\"@type\":\"Organization\",\"@id\":\"https:\/\/web.consaguirre.com.ar\/noticias\/#organization\",\"name\":\"Conservatorio de M\u00fasica Juli\u00e1n Aguirre\",\"url\":\"https:\/\/web.consaguirre.com.ar\/noticias\/\",\"logo\":{\"@type\":\"ImageObject\",\"inLanguage\":\"es-AR\",\"@id\":\"https:\/\/web.consaguirre.com.ar\/noticias\/#\/schema\/logo\/image\/\",\"url\":\"https:\/\/web.consaguirre.com.ar\/noticias\/wp-content\/uploads\/2024\/08\/Banner-Aguirre-23.jpg\",\"contentUrl\":\"https:\/\/web.consaguirre.com.ar\/noticias\/wp-content\/uploads\/2024\/08\/Banner-Aguirre-23.jpg\",\"width\":1192,\"height\":600,\"caption\":\"Conservatorio de M\u00fasica Juli\u00e1n Aguirre\"},\"image\":{\"@id\":\"https:\/\/web.consaguirre.com.ar\/noticias\/#\/schema\/logo\/image\/\"}},{\"@type\":\"Person\",\"@id\":\"https:\/\/web.consaguirre.com.ar\/noticias\/#\/schema\/person\/6558b0cfedee7ddc5425602b237d5722\",\"name\":\"Javier Figueroa\",\"image\":{\"@type\":\"ImageObject\",\"inLanguage\":\"es-AR\",\"@id\":\"https:\/\/web.consaguirre.com.ar\/noticias\/#\/schema\/person\/image\/\",\"url\":\"https:\/\/web.consaguirre.com.ar\/noticias\/wp-content\/uploads\/2024\/08\/Consaguirre-scaled.jpg\",\"contentUrl\":\"https:\/\/web.consaguirre.com.ar\/noticias\/wp-content\/uploads\/2024\/08\/Consaguirre-scaled.jpg\",\"caption\":\"Javier Figueroa\"},\"description\":\"Me llamo Javier Figueroa y soy redactor para el sitio oficial del Conservatorio de M\u00fasica Juli\u00e1n Aguirre en Buenos Aires, consaguirre.com. Apasionado por la m\u00fasica y la escritura, me esfuerzo por destacar los talentos y eventos de nuestra prestigiosa instituci\u00f3n. Mi trayectoria se nutre de una profunda admiraci\u00f3n por los artistas, haciendo de cada art\u00edculo una celebraci\u00f3n de la creatividad y la cultura musical.\",\"sameAs\":[\"https:\/\/web.consaguirre.com.ar\/noticias\"]}]}<\/script>\n<!-- \/ Yoast SEO plugin. -->","yoast_head_json":{"title":"Falleci\u00f3 Garth Hudson, teclista y saxofonista de la banda","robots":{"index":"index","follow":"follow","max-snippet":"max-snippet:-1","max-image-preview":"max-image-preview:large","max-video-preview":"max-video-preview:-1"},"canonical":"https:\/\/web.consaguirre.com.ar\/noticias\/fallecio-garth-hudson-teclista-y-saxofonista-de-la-banda\/","og_locale":"es_ES","og_type":"article","og_title":"Falleci\u00f3 Garth Hudson, teclista y saxofonista de la banda","og_description":"Garth Hudson, teclista y saxofonista de La bandaha fallecido. Conocido cari\u00f1osamente por sus amigos como &#8220;El Oso&#8221;, Hudson era un hombre corpulento y amigable con","og_url":"https:\/\/web.consaguirre.com.ar\/noticias\/fallecio-garth-hudson-teclista-y-saxofonista-de-la-banda\/","og_site_name":"Conservatorio de M\u00fasica Juli\u00e1n Aguirre","article_published_time":"2025-01-21T20:38:15+00:00","article_modified_time":"2025-01-21T20:38:17+00:00","og_image":[{"width":1440,"height":864,"url":"https:\/\/web.consaguirre.com.ar\/noticias\/wp-content\/uploads\/2025\/01\/Fallecio-Garth-Hudson-teclista-y-saxofonista-de-la-banda.jpg","type":"image\/jpeg"}],"author":"Javier Figueroa","twitter_card":"summary_large_image","twitter_misc":{"Escrito por":"Javier Figueroa","Tiempo de lectura":"8 minutos"},"schema":{"@context":"https:\/\/schema.org","@graph":[{"@type":"Article","@id":"https:\/\/web.consaguirre.com.ar\/noticias\/fallecio-garth-hudson-teclista-y-saxofonista-de-la-banda\/#article","isPartOf":{"@id":"https:\/\/web.consaguirre.com.ar\/noticias\/fallecio-garth-hudson-teclista-y-saxofonista-de-la-banda\/"},"author":{"name":"Javier Figueroa","@id":"https:\/\/web.consaguirre.com.ar\/noticias\/#\/schema\/person\/6558b0cfedee7ddc5425602b237d5722"},"headline":"Falleci\u00f3 Garth Hudson, teclista y saxofonista de la banda","datePublished":"2025-01-21T20:38:15+00:00","dateModified":"2025-01-21T20:38:17+00:00","mainEntityOfPage":{"@id":"https:\/\/web.consaguirre.com.ar\/noticias\/fallecio-garth-hudson-teclista-y-saxofonista-de-la-banda\/"},"wordCount":1600,"publisher":{"@id":"https:\/\/web.consaguirre.com.ar\/noticias\/#organization"},"image":{"@id":"https:\/\/web.consaguirre.com.ar\/noticias\/fallecio-garth-hudson-teclista-y-saxofonista-de-la-banda\/#primaryimage"},"thumbnailUrl":"https:\/\/web.consaguirre.com.ar\/noticias\/wp-content\/uploads\/2025\/01\/Fallecio-Garth-Hudson-teclista-y-saxofonista-de-la-banda.jpg","keywords":["banda","Falleci\u00f3","Garth","Hudson","saxofonista","teclista"],"articleSection":["El \u00faltimo"],"inLanguage":"es-AR"},{"@type":"WebPage","@id":"https:\/\/web.consaguirre.com.ar\/noticias\/fallecio-garth-hudson-teclista-y-saxofonista-de-la-banda\/","url":"https:\/\/web.consaguirre.com.ar\/noticias\/fallecio-garth-hudson-teclista-y-saxofonista-de-la-banda\/","name":"Falleci\u00f3 Garth Hudson, teclista y saxofonista de la banda","isPartOf":{"@id":"https:\/\/web.consaguirre.com.ar\/noticias\/#website"},"primaryImageOfPage":{"@id":"https:\/\/web.consaguirre.com.ar\/noticias\/fallecio-garth-hudson-teclista-y-saxofonista-de-la-banda\/#primaryimage"},"image":{"@id":"https:\/\/web.consaguirre.com.ar\/noticias\/fallecio-garth-hudson-teclista-y-saxofonista-de-la-banda\/#primaryimage"},"thumbnailUrl":"https:\/\/web.consaguirre.com.ar\/noticias\/wp-content\/uploads\/2025\/01\/Fallecio-Garth-Hudson-teclista-y-saxofonista-de-la-banda.jpg","datePublished":"2025-01-21T20:38:15+00:00","dateModified":"2025-01-21T20:38:17+00:00","breadcrumb":{"@id":"https:\/\/web.consaguirre.com.ar\/noticias\/fallecio-garth-hudson-teclista-y-saxofonista-de-la-banda\/#breadcrumb"},"inLanguage":"es-AR","potentialAction":[{"@type":"ReadAction","target":["https:\/\/web.consaguirre.com.ar\/noticias\/fallecio-garth-hudson-teclista-y-saxofonista-de-la-banda\/"]}]},{"@type":"ImageObject","inLanguage":"es-AR","@id":"https:\/\/web.consaguirre.com.ar\/noticias\/fallecio-garth-hudson-teclista-y-saxofonista-de-la-banda\/#primaryimage","url":"https:\/\/web.consaguirre.com.ar\/noticias\/wp-content\/uploads\/2025\/01\/Fallecio-Garth-Hudson-teclista-y-saxofonista-de-la-banda.jpg","contentUrl":"https:\/\/web.consaguirre.com.ar\/noticias\/wp-content\/uploads\/2025\/01\/Fallecio-Garth-Hudson-teclista-y-saxofonista-de-la-banda.jpg","width":1440,"height":864,"caption":"Falleci\u00f3 Garth Hudson, teclista y saxofonista de la banda"},{"@type":"BreadcrumbList","@id":"https:\/\/web.consaguirre.com.ar\/noticias\/fallecio-garth-hudson-teclista-y-saxofonista-de-la-banda\/#breadcrumb","itemListElement":[{"@type":"ListItem","position":1,"name":"Inicio","item":"https:\/\/web.consaguirre.com.ar\/noticias\/"},{"@type":"ListItem","position":2,"name":"Falleci\u00f3 Garth Hudson, teclista y saxofonista de la banda"}]},{"@type":"WebSite","@id":"https:\/\/web.consaguirre.com.ar\/noticias\/#website","url":"https:\/\/web.consaguirre.com.ar\/noticias\/","name":"Conservatorio de M\u00fasica Juli\u00e1n Aguirre","description":"","publisher":{"@id":"https:\/\/web.consaguirre.com.ar\/noticias\/#organization"},"potentialAction":[{"@type":"SearchAction","target":{"@type":"EntryPoint","urlTemplate":"https:\/\/web.consaguirre.com.ar\/noticias\/?s={search_term_string}"},"query-input":"required name=search_term_string"}],"inLanguage":"es-AR"},{"@type":"Organization","@id":"https:\/\/web.consaguirre.com.ar\/noticias\/#organization","name":"Conservatorio de M\u00fasica Juli\u00e1n Aguirre","url":"https:\/\/web.consaguirre.com.ar\/noticias\/","logo":{"@type":"ImageObject","inLanguage":"es-AR","@id":"https:\/\/web.consaguirre.com.ar\/noticias\/#\/schema\/logo\/image\/","url":"https:\/\/web.consaguirre.com.ar\/noticias\/wp-content\/uploads\/2024\/08\/Banner-Aguirre-23.jpg","contentUrl":"https:\/\/web.consaguirre.com.ar\/noticias\/wp-content\/uploads\/2024\/08\/Banner-Aguirre-23.jpg","width":1192,"height":600,"caption":"Conservatorio de M\u00fasica Juli\u00e1n Aguirre"},"image":{"@id":"https:\/\/web.consaguirre.com.ar\/noticias\/#\/schema\/logo\/image\/"}},{"@type":"Person","@id":"https:\/\/web.consaguirre.com.ar\/noticias\/#\/schema\/person\/6558b0cfedee7ddc5425602b237d5722","name":"Javier Figueroa","image":{"@type":"ImageObject","inLanguage":"es-AR","@id":"https:\/\/web.consaguirre.com.ar\/noticias\/#\/schema\/person\/image\/","url":"https:\/\/web.consaguirre.com.ar\/noticias\/wp-content\/uploads\/2024\/08\/Consaguirre-scaled.jpg","contentUrl":"https:\/\/web.consaguirre.com.ar\/noticias\/wp-content\/uploads\/2024\/08\/Consaguirre-scaled.jpg","caption":"Javier Figueroa"},"description":"Me llamo Javier Figueroa y soy redactor para el sitio oficial del Conservatorio de M\u00fasica Juli\u00e1n Aguirre en Buenos Aires, consaguirre.com. Apasionado por la m\u00fasica y la escritura, me esfuerzo por destacar los talentos y eventos de nuestra prestigiosa instituci\u00f3n. Mi trayectoria se nutre de una profunda admiraci\u00f3n por los artistas, haciendo de cada art\u00edculo una celebraci\u00f3n de la creatividad y la cultura musical.","sameAs":["https:\/\/web.consaguirre.com.ar\/noticias"]}]}},"_links":{"self":[{"href":"https:\/\/web.consaguirre.com.ar\/noticias\/wp-json\/wp\/v2\/posts\/1652"}],"collection":[{"href":"https:\/\/web.consaguirre.com.ar\/noticias\/wp-json\/wp\/v2\/posts"}],"about":[{"href":"https:\/\/web.consaguirre.com.ar\/noticias\/wp-json\/wp\/v2\/types\/post"}],"author":[{"embeddable":true,"href":"https:\/\/web.consaguirre.com.ar\/noticias\/wp-json\/wp\/v2\/users\/1"}],"replies":[{"embeddable":true,"href":"https:\/\/web.consaguirre.com.ar\/noticias\/wp-json\/wp\/v2\/comments?post=1652"}],"version-history":[{"count":1,"href":"https:\/\/web.consaguirre.com.ar\/noticias\/wp-json\/wp\/v2\/posts\/1652\/revisions"}],"predecessor-version":[{"id":1654,"href":"https:\/\/web.consaguirre.com.ar\/noticias\/wp-json\/wp\/v2\/posts\/1652\/revisions\/1654"}],"wp:featuredmedia":[{"embeddable":true,"href":"https:\/\/web.consaguirre.com.ar\/noticias\/wp-json\/wp\/v2\/media\/1653"}],"wp:attachment":[{"href":"https:\/\/web.consaguirre.com.ar\/noticias\/wp-json\/wp\/v2\/media?parent=1652"}],"wp:term":[{"taxonomy":"category","embeddable":true,"href":"https:\/\/web.consaguirre.com.ar\/noticias\/wp-json\/wp\/v2\/categories?post=1652"},{"taxonomy":"post_tag","embeddable":true,"href":"https:\/\/web.consaguirre.com.ar\/noticias\/wp-json\/wp\/v2\/tags?post=1652"}],"curies":[{"name":"wp","href":"https:\/\/api.w.org\/{rel}","templated":true}]}}