{"id":1643,"date":"2025-01-21T11:41:44","date_gmt":"2025-01-21T14:41:44","guid":{"rendered":"https:\/\/web.consaguirre.com.ar\/noticias\/verve-label-group-anuncia-verve-record-club-y-prepara-el-lanzamiento-de-john-coltrane\/"},"modified":"2025-01-21T11:41:46","modified_gmt":"2025-01-21T14:41:46","slug":"verve-label-group-anuncia-verve-record-club-y-prepara-el-lanzamiento-de-john-coltrane","status":"publish","type":"post","link":"https:\/\/web.consaguirre.com.ar\/noticias\/verve-label-group-anuncia-verve-record-club-y-prepara-el-lanzamiento-de-john-coltrane\/","title":{"rendered":"Verve Label Group anuncia &#8216;Verve Record Club&#8217; y prepara el lanzamiento de John Coltrane"},"content":{"rendered":"<p>Verve Records e Impulso! Records anuncia el lanzamiento de Verve Record Club (VRC), un servicio de suscripci\u00f3n de vinilo premium para entusiastas del jazz, nuevos fan\u00e1ticos del g\u00e9nero y coleccionistas por igual.<\/p>\n<p><strong>Compra lo mejor de Verve Records en vinilo y m\u00e1s.<\/strong><\/p>\n<p>Este club personalizado ofrece a sus miembros acceso exclusivo a grabaciones legendarias, meticulosamente reeditadas en vinilo de alta fidelidad. \u00a1Programado para febrero, el primer lanzamiento es la piedra angular de los primeros Impulse! Discograf\u00eda de discos, <strong>John Coltrane<\/strong>&#8216;s <em>Coltrane <\/em>de 1962, considerado por muchos como su mejor \u00e1lbum sencillo.<\/p>\n<p>\u201cEsto es m\u00e1s que un servicio de suscripci\u00f3n; es una entrada al coraz\u00f3n de la historia del jazz\u201d, afirma John Pinder, vicepresidente de ingresos y adquisici\u00f3n de consumidores de Verve Label Group. \u201cCon Verve Record Club, invitamos a los fan\u00e1ticos a redescubrir estas extraordinarias grabaciones de una manera que honre su arte y legado, con la m\u00e1s alta calidad de sonido y presentaci\u00f3n\u201d.<\/p>\n<p>\u201cLa colecci\u00f3n de vinilos de jazz nunca ha sido tan vibrante\u201d, a\u00f1ade Ken Druker, vicepresidente senior de desarrollo de jazz de Verve Label Group. \u201cEstamos encantados de devolverle la vida a estos cl\u00e1sicos (y algunas joyas ocultas) con una atenci\u00f3n exhaustiva al detalle. Es un momento emocionante para los aficionados al jazz de todo el mundo\u201d.<\/p>\n<p>Verve Record Club promete una experiencia auditiva incomparable. Los miembros recibir\u00e1n ediciones limitadas elaboradas a partir de fuentes anal\u00f3gicas y prensadas en vinilo de 180 gramos en RTI, empaquetadas en sobrecubiertas numeradas y con punta. Cada lanzamiento est\u00e1 limitado a s\u00f3lo 2500 copias, lo que convierte a cada \u00e1lbum en el club en una pieza exclusiva de colecci\u00f3n. Los beneficios adicionales incluyen un lanzamiento anual exclusivo para miembros, acceso anticipado a pr\u00f3ximos t\u00edtulos y productos \u00fanicos.<\/p>\n<p>El club tambi\u00e9n ofrecer\u00e1 una inmersi\u00f3n profunda en las b\u00f3vedas de Verve, Impulse!, Mercury, CTI, Decca, MGM y otros sellos legendarios, con lanzamientos futuros con Ella Fitzgerald, Ahmad Jamal, Sarah Vaughan, Billie Holiday, Bill Evans y m\u00e1s. .<\/p>\n<p><strong>Visite el sitio web oficial de Verve Records para registrarse en el Record Club.<\/strong><\/p>\n<p><strong>Pr\u00f3ximos lanzamientos de Verve Record Club:<\/strong><\/p>\n<p>Febrero \u2013 John Coltrane: <em>Coltrane<\/em><br \/>\nMarzo &#8211; Nina Simone: <em>Suma Sacerdotisa del Alma<\/em><\/p>\n<p>Abril \u2013 Louis Armstrong: <em>\u00a1Hola Dolly!<\/em><\/p>\n<p>Mayo \u2013 Bill Evans: <em>Empat\u00eda<\/em><\/p>\n<p>Junio \u200b\u200b\u2013 Ella Fitzgerald: <em>Ella se balancea suavemente con Nelson<\/em><\/p>\n<p>Julio \u2013 Stan Getz: por confirmar<br \/>\nAgosto \u2013 Vacaciones de Billie: <em>qu\u00e9date conmigo <\/em><\/p>\n","protected":false},"excerpt":{"rendered":"<p>Verve Records e Impulso! Records anuncia el lanzamiento de Verve Record Club (VRC), un servicio de suscripci\u00f3n de vinilo premium para entusiastas del jazz, nuevos<\/p>\n","protected":false},"author":1,"featured_media":1644,"comment_status":"closed","ping_status":"","sticky":false,"template":"","format":"standard","meta":{"footnotes":""},"categories":[50],"tags":[56,247,1454,440,91,1699,237,231,686,1182],"class_list":["post-1643","post","type-post","status-publish","format-standard","has-post-thumbnail","hentry","category-el-ultimo","tag-anuncia","tag-club","tag-coltrane","tag-group","tag-john","tag-label","tag-lanzamiento","tag-prepara","tag-record","tag-verve","generate-columns","tablet-grid-50","mobile-grid-100","grid-parent","grid-50"],"yoast_head":"<!-- This site is optimized with the Yoast SEO plugin v23.3 - https:\/\/yoast.com\/wordpress\/plugins\/seo\/ -->\n<title>Verve Label Group anuncia &#039;Verve Record Club&#039; y prepara el lanzamiento de John Coltrane<\/title>\n<meta name=\"robots\" content=\"index, follow, max-snippet:-1, max-image-preview:large, max-video-preview:-1\" \/>\n<link rel=\"canonical\" href=\"https:\/\/web.consaguirre.com.ar\/noticias\/verve-label-group-anuncia-verve-record-club-y-prepara-el-lanzamiento-de-john-coltrane\/\" \/>\n<meta property=\"og:locale\" content=\"es_ES\" \/>\n<meta property=\"og:type\" content=\"article\" \/>\n<meta property=\"og:title\" content=\"Verve Label Group anuncia &#039;Verve Record Club&#039; y prepara el lanzamiento de John Coltrane\" \/>\n<meta property=\"og:description\" content=\"Verve Records e Impulso! Records anuncia el lanzamiento de Verve Record Club (VRC), un servicio de suscripci\u00f3n de vinilo premium para entusiastas del jazz, nuevos\" \/>\n<meta property=\"og:url\" content=\"https:\/\/web.consaguirre.com.ar\/noticias\/verve-label-group-anuncia-verve-record-club-y-prepara-el-lanzamiento-de-john-coltrane\/\" \/>\n<meta property=\"og:site_name\" content=\"Conservatorio de M\u00fasica Juli\u00e1n Aguirre\" \/>\n<meta property=\"article:published_time\" content=\"2025-01-21T14:41:44+00:00\" \/>\n<meta property=\"article:modified_time\" content=\"2025-01-21T14:41:46+00:00\" \/>\n<meta property=\"og:image\" content=\"https:\/\/web.consaguirre.com.ar\/noticias\/wp-content\/uploads\/2025\/01\/1737470504_Verve-Label-Group-anuncia-Verve-Record-Club-y-prepara-el.jpg\" \/>\n\t<meta property=\"og:image:width\" content=\"1280\" \/>\n\t<meta property=\"og:image:height\" content=\"1280\" \/>\n\t<meta property=\"og:image:type\" content=\"image\/jpeg\" \/>\n<meta name=\"author\" content=\"Javier Figueroa\" \/>\n<meta name=\"twitter:card\" content=\"summary_large_image\" \/>\n<meta name=\"twitter:label1\" content=\"Escrito por\" \/>\n\t<meta name=\"twitter:data1\" content=\"Javier Figueroa\" \/>\n\t<meta name=\"twitter:label2\" content=\"Tiempo de lectura\" \/>\n\t<meta name=\"twitter:data2\" content=\"2 minutos\" \/>\n<script type=\"application\/ld+json\" class=\"yoast-schema-graph\">{\"@context\":\"https:\/\/schema.org\",\"@graph\":[{\"@type\":\"Article\",\"@id\":\"https:\/\/web.consaguirre.com.ar\/noticias\/verve-label-group-anuncia-verve-record-club-y-prepara-el-lanzamiento-de-john-coltrane\/#article\",\"isPartOf\":{\"@id\":\"https:\/\/web.consaguirre.com.ar\/noticias\/verve-label-group-anuncia-verve-record-club-y-prepara-el-lanzamiento-de-john-coltrane\/\"},\"author\":{\"name\":\"Javier Figueroa\",\"@id\":\"https:\/\/web.consaguirre.com.ar\/noticias\/#\/schema\/person\/6558b0cfedee7ddc5425602b237d5722\"},\"headline\":\"Verve Label Group anuncia &#8216;Verve Record Club&#8217; y prepara el lanzamiento de John Coltrane\",\"datePublished\":\"2025-01-21T14:41:44+00:00\",\"dateModified\":\"2025-01-21T14:41:46+00:00\",\"mainEntityOfPage\":{\"@id\":\"https:\/\/web.consaguirre.com.ar\/noticias\/verve-label-group-anuncia-verve-record-club-y-prepara-el-lanzamiento-de-john-coltrane\/\"},\"wordCount\":425,\"publisher\":{\"@id\":\"https:\/\/web.consaguirre.com.ar\/noticias\/#organization\"},\"image\":{\"@id\":\"https:\/\/web.consaguirre.com.ar\/noticias\/verve-label-group-anuncia-verve-record-club-y-prepara-el-lanzamiento-de-john-coltrane\/#primaryimage\"},\"thumbnailUrl\":\"https:\/\/web.consaguirre.com.ar\/noticias\/wp-content\/uploads\/2025\/01\/1737470504_Verve-Label-Group-anuncia-Verve-Record-Club-y-prepara-el.jpg\",\"keywords\":[\"anuncia\",\"club\",\"Coltrane\",\"Group\",\"John\",\"Label\",\"lanzamiento\",\"prepara\",\"Record\",\"Verve\"],\"articleSection\":[\"El \u00faltimo\"],\"inLanguage\":\"es-AR\"},{\"@type\":\"WebPage\",\"@id\":\"https:\/\/web.consaguirre.com.ar\/noticias\/verve-label-group-anuncia-verve-record-club-y-prepara-el-lanzamiento-de-john-coltrane\/\",\"url\":\"https:\/\/web.consaguirre.com.ar\/noticias\/verve-label-group-anuncia-verve-record-club-y-prepara-el-lanzamiento-de-john-coltrane\/\",\"name\":\"Verve Label Group anuncia 'Verve Record Club' y prepara el lanzamiento de John Coltrane\",\"isPartOf\":{\"@id\":\"https:\/\/web.consaguirre.com.ar\/noticias\/#website\"},\"primaryImageOfPage\":{\"@id\":\"https:\/\/web.consaguirre.com.ar\/noticias\/verve-label-group-anuncia-verve-record-club-y-prepara-el-lanzamiento-de-john-coltrane\/#primaryimage\"},\"image\":{\"@id\":\"https:\/\/web.consaguirre.com.ar\/noticias\/verve-label-group-anuncia-verve-record-club-y-prepara-el-lanzamiento-de-john-coltrane\/#primaryimage\"},\"thumbnailUrl\":\"https:\/\/web.consaguirre.com.ar\/noticias\/wp-content\/uploads\/2025\/01\/1737470504_Verve-Label-Group-anuncia-Verve-Record-Club-y-prepara-el.jpg\",\"datePublished\":\"2025-01-21T14:41:44+00:00\",\"dateModified\":\"2025-01-21T14:41:46+00:00\",\"breadcrumb\":{\"@id\":\"https:\/\/web.consaguirre.com.ar\/noticias\/verve-label-group-anuncia-verve-record-club-y-prepara-el-lanzamiento-de-john-coltrane\/#breadcrumb\"},\"inLanguage\":\"es-AR\",\"potentialAction\":[{\"@type\":\"ReadAction\",\"target\":[\"https:\/\/web.consaguirre.com.ar\/noticias\/verve-label-group-anuncia-verve-record-club-y-prepara-el-lanzamiento-de-john-coltrane\/\"]}]},{\"@type\":\"ImageObject\",\"inLanguage\":\"es-AR\",\"@id\":\"https:\/\/web.consaguirre.com.ar\/noticias\/verve-label-group-anuncia-verve-record-club-y-prepara-el-lanzamiento-de-john-coltrane\/#primaryimage\",\"url\":\"https:\/\/web.consaguirre.com.ar\/noticias\/wp-content\/uploads\/2025\/01\/1737470504_Verve-Label-Group-anuncia-Verve-Record-Club-y-prepara-el.jpg\",\"contentUrl\":\"https:\/\/web.consaguirre.com.ar\/noticias\/wp-content\/uploads\/2025\/01\/1737470504_Verve-Label-Group-anuncia-Verve-Record-Club-y-prepara-el.jpg\",\"width\":1280,\"height\":1280,\"caption\":\"John Coltrane, \u2018Coltrane\u2019 - Photo: Courtesy of Verve Records\"},{\"@type\":\"BreadcrumbList\",\"@id\":\"https:\/\/web.consaguirre.com.ar\/noticias\/verve-label-group-anuncia-verve-record-club-y-prepara-el-lanzamiento-de-john-coltrane\/#breadcrumb\",\"itemListElement\":[{\"@type\":\"ListItem\",\"position\":1,\"name\":\"Inicio\",\"item\":\"https:\/\/web.consaguirre.com.ar\/noticias\/\"},{\"@type\":\"ListItem\",\"position\":2,\"name\":\"Verve Label Group anuncia &#8216;Verve Record Club&#8217; y prepara el lanzamiento de John Coltrane\"}]},{\"@type\":\"WebSite\",\"@id\":\"https:\/\/web.consaguirre.com.ar\/noticias\/#website\",\"url\":\"https:\/\/web.consaguirre.com.ar\/noticias\/\",\"name\":\"Conservatorio de M\u00fasica Juli\u00e1n Aguirre\",\"description\":\"\",\"publisher\":{\"@id\":\"https:\/\/web.consaguirre.com.ar\/noticias\/#organization\"},\"potentialAction\":[{\"@type\":\"SearchAction\",\"target\":{\"@type\":\"EntryPoint\",\"urlTemplate\":\"https:\/\/web.consaguirre.com.ar\/noticias\/?s={search_term_string}\"},\"query-input\":\"required name=search_term_string\"}],\"inLanguage\":\"es-AR\"},{\"@type\":\"Organization\",\"@id\":\"https:\/\/web.consaguirre.com.ar\/noticias\/#organization\",\"name\":\"Conservatorio de M\u00fasica Juli\u00e1n Aguirre\",\"url\":\"https:\/\/web.consaguirre.com.ar\/noticias\/\",\"logo\":{\"@type\":\"ImageObject\",\"inLanguage\":\"es-AR\",\"@id\":\"https:\/\/web.consaguirre.com.ar\/noticias\/#\/schema\/logo\/image\/\",\"url\":\"https:\/\/web.consaguirre.com.ar\/noticias\/wp-content\/uploads\/2024\/08\/Banner-Aguirre-23.jpg\",\"contentUrl\":\"https:\/\/web.consaguirre.com.ar\/noticias\/wp-content\/uploads\/2024\/08\/Banner-Aguirre-23.jpg\",\"width\":1192,\"height\":600,\"caption\":\"Conservatorio de M\u00fasica Juli\u00e1n Aguirre\"},\"image\":{\"@id\":\"https:\/\/web.consaguirre.com.ar\/noticias\/#\/schema\/logo\/image\/\"}},{\"@type\":\"Person\",\"@id\":\"https:\/\/web.consaguirre.com.ar\/noticias\/#\/schema\/person\/6558b0cfedee7ddc5425602b237d5722\",\"name\":\"Javier Figueroa\",\"image\":{\"@type\":\"ImageObject\",\"inLanguage\":\"es-AR\",\"@id\":\"https:\/\/web.consaguirre.com.ar\/noticias\/#\/schema\/person\/image\/\",\"url\":\"https:\/\/web.consaguirre.com.ar\/noticias\/wp-content\/uploads\/2024\/08\/Consaguirre-scaled.jpg\",\"contentUrl\":\"https:\/\/web.consaguirre.com.ar\/noticias\/wp-content\/uploads\/2024\/08\/Consaguirre-scaled.jpg\",\"caption\":\"Javier Figueroa\"},\"description\":\"Me llamo Javier Figueroa y soy redactor para el sitio oficial del Conservatorio de M\u00fasica Juli\u00e1n Aguirre en Buenos Aires, consaguirre.com. Apasionado por la m\u00fasica y la escritura, me esfuerzo por destacar los talentos y eventos de nuestra prestigiosa instituci\u00f3n. Mi trayectoria se nutre de una profunda admiraci\u00f3n por los artistas, haciendo de cada art\u00edculo una celebraci\u00f3n de la creatividad y la cultura musical.\",\"sameAs\":[\"https:\/\/web.consaguirre.com.ar\/noticias\"]}]}<\/script>\n<!-- \/ Yoast SEO plugin. -->","yoast_head_json":{"title":"Verve Label Group anuncia 'Verve Record Club' y prepara el lanzamiento de John Coltrane","robots":{"index":"index","follow":"follow","max-snippet":"max-snippet:-1","max-image-preview":"max-image-preview:large","max-video-preview":"max-video-preview:-1"},"canonical":"https:\/\/web.consaguirre.com.ar\/noticias\/verve-label-group-anuncia-verve-record-club-y-prepara-el-lanzamiento-de-john-coltrane\/","og_locale":"es_ES","og_type":"article","og_title":"Verve Label Group anuncia 'Verve Record Club' y prepara el lanzamiento de John Coltrane","og_description":"Verve Records e Impulso! Records anuncia el lanzamiento de Verve Record Club (VRC), un servicio de suscripci\u00f3n de vinilo premium para entusiastas del jazz, nuevos","og_url":"https:\/\/web.consaguirre.com.ar\/noticias\/verve-label-group-anuncia-verve-record-club-y-prepara-el-lanzamiento-de-john-coltrane\/","og_site_name":"Conservatorio de M\u00fasica Juli\u00e1n Aguirre","article_published_time":"2025-01-21T14:41:44+00:00","article_modified_time":"2025-01-21T14:41:46+00:00","og_image":[{"width":1280,"height":1280,"url":"https:\/\/web.consaguirre.com.ar\/noticias\/wp-content\/uploads\/2025\/01\/1737470504_Verve-Label-Group-anuncia-Verve-Record-Club-y-prepara-el.jpg","type":"image\/jpeg"}],"author":"Javier Figueroa","twitter_card":"summary_large_image","twitter_misc":{"Escrito por":"Javier Figueroa","Tiempo de lectura":"2 minutos"},"schema":{"@context":"https:\/\/schema.org","@graph":[{"@type":"Article","@id":"https:\/\/web.consaguirre.com.ar\/noticias\/verve-label-group-anuncia-verve-record-club-y-prepara-el-lanzamiento-de-john-coltrane\/#article","isPartOf":{"@id":"https:\/\/web.consaguirre.com.ar\/noticias\/verve-label-group-anuncia-verve-record-club-y-prepara-el-lanzamiento-de-john-coltrane\/"},"author":{"name":"Javier Figueroa","@id":"https:\/\/web.consaguirre.com.ar\/noticias\/#\/schema\/person\/6558b0cfedee7ddc5425602b237d5722"},"headline":"Verve Label Group anuncia &#8216;Verve Record Club&#8217; y prepara el lanzamiento de John Coltrane","datePublished":"2025-01-21T14:41:44+00:00","dateModified":"2025-01-21T14:41:46+00:00","mainEntityOfPage":{"@id":"https:\/\/web.consaguirre.com.ar\/noticias\/verve-label-group-anuncia-verve-record-club-y-prepara-el-lanzamiento-de-john-coltrane\/"},"wordCount":425,"publisher":{"@id":"https:\/\/web.consaguirre.com.ar\/noticias\/#organization"},"image":{"@id":"https:\/\/web.consaguirre.com.ar\/noticias\/verve-label-group-anuncia-verve-record-club-y-prepara-el-lanzamiento-de-john-coltrane\/#primaryimage"},"thumbnailUrl":"https:\/\/web.consaguirre.com.ar\/noticias\/wp-content\/uploads\/2025\/01\/1737470504_Verve-Label-Group-anuncia-Verve-Record-Club-y-prepara-el.jpg","keywords":["anuncia","club","Coltrane","Group","John","Label","lanzamiento","prepara","Record","Verve"],"articleSection":["El \u00faltimo"],"inLanguage":"es-AR"},{"@type":"WebPage","@id":"https:\/\/web.consaguirre.com.ar\/noticias\/verve-label-group-anuncia-verve-record-club-y-prepara-el-lanzamiento-de-john-coltrane\/","url":"https:\/\/web.consaguirre.com.ar\/noticias\/verve-label-group-anuncia-verve-record-club-y-prepara-el-lanzamiento-de-john-coltrane\/","name":"Verve Label Group anuncia 'Verve Record Club' y prepara el lanzamiento de John Coltrane","isPartOf":{"@id":"https:\/\/web.consaguirre.com.ar\/noticias\/#website"},"primaryImageOfPage":{"@id":"https:\/\/web.consaguirre.com.ar\/noticias\/verve-label-group-anuncia-verve-record-club-y-prepara-el-lanzamiento-de-john-coltrane\/#primaryimage"},"image":{"@id":"https:\/\/web.consaguirre.com.ar\/noticias\/verve-label-group-anuncia-verve-record-club-y-prepara-el-lanzamiento-de-john-coltrane\/#primaryimage"},"thumbnailUrl":"https:\/\/web.consaguirre.com.ar\/noticias\/wp-content\/uploads\/2025\/01\/1737470504_Verve-Label-Group-anuncia-Verve-Record-Club-y-prepara-el.jpg","datePublished":"2025-01-21T14:41:44+00:00","dateModified":"2025-01-21T14:41:46+00:00","breadcrumb":{"@id":"https:\/\/web.consaguirre.com.ar\/noticias\/verve-label-group-anuncia-verve-record-club-y-prepara-el-lanzamiento-de-john-coltrane\/#breadcrumb"},"inLanguage":"es-AR","potentialAction":[{"@type":"ReadAction","target":["https:\/\/web.consaguirre.com.ar\/noticias\/verve-label-group-anuncia-verve-record-club-y-prepara-el-lanzamiento-de-john-coltrane\/"]}]},{"@type":"ImageObject","inLanguage":"es-AR","@id":"https:\/\/web.consaguirre.com.ar\/noticias\/verve-label-group-anuncia-verve-record-club-y-prepara-el-lanzamiento-de-john-coltrane\/#primaryimage","url":"https:\/\/web.consaguirre.com.ar\/noticias\/wp-content\/uploads\/2025\/01\/1737470504_Verve-Label-Group-anuncia-Verve-Record-Club-y-prepara-el.jpg","contentUrl":"https:\/\/web.consaguirre.com.ar\/noticias\/wp-content\/uploads\/2025\/01\/1737470504_Verve-Label-Group-anuncia-Verve-Record-Club-y-prepara-el.jpg","width":1280,"height":1280,"caption":"John Coltrane, \u2018Coltrane\u2019 - Photo: Courtesy of Verve Records"},{"@type":"BreadcrumbList","@id":"https:\/\/web.consaguirre.com.ar\/noticias\/verve-label-group-anuncia-verve-record-club-y-prepara-el-lanzamiento-de-john-coltrane\/#breadcrumb","itemListElement":[{"@type":"ListItem","position":1,"name":"Inicio","item":"https:\/\/web.consaguirre.com.ar\/noticias\/"},{"@type":"ListItem","position":2,"name":"Verve Label Group anuncia &#8216;Verve Record Club&#8217; y prepara el lanzamiento de John Coltrane"}]},{"@type":"WebSite","@id":"https:\/\/web.consaguirre.com.ar\/noticias\/#website","url":"https:\/\/web.consaguirre.com.ar\/noticias\/","name":"Conservatorio de M\u00fasica Juli\u00e1n Aguirre","description":"","publisher":{"@id":"https:\/\/web.consaguirre.com.ar\/noticias\/#organization"},"potentialAction":[{"@type":"SearchAction","target":{"@type":"EntryPoint","urlTemplate":"https:\/\/web.consaguirre.com.ar\/noticias\/?s={search_term_string}"},"query-input":"required name=search_term_string"}],"inLanguage":"es-AR"},{"@type":"Organization","@id":"https:\/\/web.consaguirre.com.ar\/noticias\/#organization","name":"Conservatorio de M\u00fasica Juli\u00e1n Aguirre","url":"https:\/\/web.consaguirre.com.ar\/noticias\/","logo":{"@type":"ImageObject","inLanguage":"es-AR","@id":"https:\/\/web.consaguirre.com.ar\/noticias\/#\/schema\/logo\/image\/","url":"https:\/\/web.consaguirre.com.ar\/noticias\/wp-content\/uploads\/2024\/08\/Banner-Aguirre-23.jpg","contentUrl":"https:\/\/web.consaguirre.com.ar\/noticias\/wp-content\/uploads\/2024\/08\/Banner-Aguirre-23.jpg","width":1192,"height":600,"caption":"Conservatorio de M\u00fasica Juli\u00e1n Aguirre"},"image":{"@id":"https:\/\/web.consaguirre.com.ar\/noticias\/#\/schema\/logo\/image\/"}},{"@type":"Person","@id":"https:\/\/web.consaguirre.com.ar\/noticias\/#\/schema\/person\/6558b0cfedee7ddc5425602b237d5722","name":"Javier Figueroa","image":{"@type":"ImageObject","inLanguage":"es-AR","@id":"https:\/\/web.consaguirre.com.ar\/noticias\/#\/schema\/person\/image\/","url":"https:\/\/web.consaguirre.com.ar\/noticias\/wp-content\/uploads\/2024\/08\/Consaguirre-scaled.jpg","contentUrl":"https:\/\/web.consaguirre.com.ar\/noticias\/wp-content\/uploads\/2024\/08\/Consaguirre-scaled.jpg","caption":"Javier Figueroa"},"description":"Me llamo Javier Figueroa y soy redactor para el sitio oficial del Conservatorio de M\u00fasica Juli\u00e1n Aguirre en Buenos Aires, consaguirre.com. Apasionado por la m\u00fasica y la escritura, me esfuerzo por destacar los talentos y eventos de nuestra prestigiosa instituci\u00f3n. Mi trayectoria se nutre de una profunda admiraci\u00f3n por los artistas, haciendo de cada art\u00edculo una celebraci\u00f3n de la creatividad y la cultura musical.","sameAs":["https:\/\/web.consaguirre.com.ar\/noticias"]}]}},"_links":{"self":[{"href":"https:\/\/web.consaguirre.com.ar\/noticias\/wp-json\/wp\/v2\/posts\/1643"}],"collection":[{"href":"https:\/\/web.consaguirre.com.ar\/noticias\/wp-json\/wp\/v2\/posts"}],"about":[{"href":"https:\/\/web.consaguirre.com.ar\/noticias\/wp-json\/wp\/v2\/types\/post"}],"author":[{"embeddable":true,"href":"https:\/\/web.consaguirre.com.ar\/noticias\/wp-json\/wp\/v2\/users\/1"}],"replies":[{"embeddable":true,"href":"https:\/\/web.consaguirre.com.ar\/noticias\/wp-json\/wp\/v2\/comments?post=1643"}],"version-history":[{"count":1,"href":"https:\/\/web.consaguirre.com.ar\/noticias\/wp-json\/wp\/v2\/posts\/1643\/revisions"}],"predecessor-version":[{"id":1645,"href":"https:\/\/web.consaguirre.com.ar\/noticias\/wp-json\/wp\/v2\/posts\/1643\/revisions\/1645"}],"wp:featuredmedia":[{"embeddable":true,"href":"https:\/\/web.consaguirre.com.ar\/noticias\/wp-json\/wp\/v2\/media\/1644"}],"wp:attachment":[{"href":"https:\/\/web.consaguirre.com.ar\/noticias\/wp-json\/wp\/v2\/media?parent=1643"}],"wp:term":[{"taxonomy":"category","embeddable":true,"href":"https:\/\/web.consaguirre.com.ar\/noticias\/wp-json\/wp\/v2\/categories?post=1643"},{"taxonomy":"post_tag","embeddable":true,"href":"https:\/\/web.consaguirre.com.ar\/noticias\/wp-json\/wp\/v2\/tags?post=1643"}],"curies":[{"name":"wp","href":"https:\/\/api.w.org\/{rel}","templated":true}]}}