{"id":1628,"date":"2025-01-18T08:43:09","date_gmt":"2025-01-18T11:43:09","guid":{"rendered":"https:\/\/web.consaguirre.com.ar\/noticias\/live-in-paris-de-supertramp-llega-a-3lp-por-primera-vez\/"},"modified":"2025-01-18T08:43:11","modified_gmt":"2025-01-18T11:43:11","slug":"live-in-paris-de-supertramp-llega-a-3lp-por-primera-vez","status":"publish","type":"post","link":"https:\/\/web.consaguirre.com.ar\/noticias\/live-in-paris-de-supertramp-llega-a-3lp-por-primera-vez\/","title":{"rendered":"Live In Paris de Supertramp llega a 3LP por primera vez"},"content":{"rendered":"<p><strong>supertrampa<\/strong> Los fan\u00e1ticos pronto tendr\u00e1n la oportunidad de experimentar su gira mundial Breakfast In America como nunca antes. <em>vivir en paris<\/em>que presenta uno de los shows de la banda con entradas agotadas en el Pavillon de Paris, llega por primera vez en vinilo y CD. El conjunto estar\u00e1 oficialmente disponible para su compra el 28 de febrero de 2025 y ya est\u00e1 disponible para pedidos por adelantado.<\/p>\n<p>En 1980, Supertramp lanz\u00f3 <strong>su \u00e1lbum en vivo <em>Par\u00eds<\/em><\/strong>un \u00e1lbum en vivo que captura el \u00e9xito masivo de su \u00e1lbum. <strong><em>Desayuno en Am\u00e9rica<\/em><\/strong>. Ese \u00e1lbum inclu\u00eda selecciones de varias de las cuatro noches en Par\u00eds. En cambio, el nuevo \u00e1lbum es el set completo de su tercera noche en la ciudad, que anteriormente se hab\u00eda lanzado como pel\u00edcula de concierto en 2012. <em>vivir en paris<\/em> es la primera vez que el audio de ese programa est\u00e1 disponible sin el video que lo acompa\u00f1a e incluye canciones que no estaban incluidas en el original. <em>Par\u00eds<\/em> \u00e1lbumes como \u201cChild Of Vision\u201d y \u201cAnother Man&#8217;s Woman\u201d. Los espect\u00e1culos tambi\u00e9n se destacaron por los trucos no musicales que la banda utiliz\u00f3 para mantener enganchado al p\u00fablico, como la inclusi\u00f3n de un gorila y la aparici\u00f3n de la leyenda del cine mudo Charlie Chaplin.<\/p>\n<p><em>Desayuno en Am\u00e9rica<\/em> fue el \u00e1lbum m\u00e1s vendido de 1979, con m\u00e1s de 20 millones de copias, y gener\u00f3 sencillos masivos para Supertramp como \u201cThe Logical Song\u201d, \u201cGoodbye Stanger\u201d y la canci\u00f3n principal. La banda emprendi\u00f3 una gira de casi diez meses por Norteam\u00e9rica y Europa con el pianista y cantante Rick Davies, el cantante y guitarrista Roger Hodgson, el cantante y saxofonista John Helliwell, el bajista Dougie Thomson y el baterista Bob Siebenberg. Este \u00faltimo recuerda con cari\u00f1o la \u00e9poca: \u201cMirando hacia atr\u00e1s, a ese per\u00edodo, realmente fue la experiencia de mi vida\u2026 el mejor de los tiempos\u201d. Helliwell a\u00f1ade: \u201cEsos espect\u00e1culos de Par\u00eds fueron definitivamente un punto culminante para nosotros porque se pod\u00eda sentir la reacci\u00f3n del p\u00fablico. De hecho, se puede escuchar la volatilidad entre la multitud francesa. \u00a1Suenan un poco locos!<\/p>\n<p><strong>Pide Supertramp <em>vivir en paris<\/em> ahora.<\/strong><\/p>\n","protected":false},"excerpt":{"rendered":"<p>supertrampa Los fan\u00e1ticos pronto tendr\u00e1n la oportunidad de experimentar su gira mundial Breakfast In America como nunca antes. vivir en parisque presenta uno de los<\/p>\n","protected":false},"author":1,"featured_media":1629,"comment_status":"closed","ping_status":"","sticky":false,"template":"","format":"standard","meta":{"footnotes":""},"categories":[50],"tags":[1687,126,542,1425,96,186,1686,187],"class_list":["post-1628","post","type-post","status-publish","format-standard","has-post-thumbnail","hentry","category-el-ultimo","tag-3lp","tag-live","tag-llega","tag-paris","tag-por","tag-primera","tag-supertramp","tag-vez","generate-columns","tablet-grid-50","mobile-grid-100","grid-parent","grid-50"],"yoast_head":"<!-- This site is optimized with the Yoast SEO plugin v23.3 - https:\/\/yoast.com\/wordpress\/plugins\/seo\/ -->\n<title>Live In Paris de Supertramp llega a 3LP por primera vez<\/title>\n<meta name=\"robots\" content=\"index, follow, max-snippet:-1, max-image-preview:large, max-video-preview:-1\" \/>\n<link rel=\"canonical\" href=\"https:\/\/web.consaguirre.com.ar\/noticias\/live-in-paris-de-supertramp-llega-a-3lp-por-primera-vez\/\" \/>\n<meta property=\"og:locale\" content=\"es_ES\" \/>\n<meta property=\"og:type\" content=\"article\" \/>\n<meta property=\"og:title\" content=\"Live In Paris de Supertramp llega a 3LP por primera vez\" \/>\n<meta property=\"og:description\" content=\"supertrampa Los fan\u00e1ticos pronto tendr\u00e1n la oportunidad de experimentar su gira mundial Breakfast In America como nunca antes. vivir en parisque presenta uno de los\" \/>\n<meta property=\"og:url\" content=\"https:\/\/web.consaguirre.com.ar\/noticias\/live-in-paris-de-supertramp-llega-a-3lp-por-primera-vez\/\" \/>\n<meta property=\"og:site_name\" content=\"Conservatorio de M\u00fasica Juli\u00e1n Aguirre\" \/>\n<meta property=\"article:published_time\" content=\"2025-01-18T11:43:09+00:00\" \/>\n<meta property=\"article:modified_time\" content=\"2025-01-18T11:43:11+00:00\" \/>\n<meta property=\"og:image\" content=\"https:\/\/web.consaguirre.com.ar\/noticias\/wp-content\/uploads\/2025\/01\/Live-In-Paris-de-Supertramp-llega-a-3LP-por-primera.jpg\" \/>\n\t<meta property=\"og:image:width\" content=\"1280\" \/>\n\t<meta property=\"og:image:height\" content=\"1280\" \/>\n\t<meta property=\"og:image:type\" content=\"image\/jpeg\" \/>\n<meta name=\"author\" content=\"Javier Figueroa\" \/>\n<meta name=\"twitter:card\" content=\"summary_large_image\" \/>\n<meta name=\"twitter:label1\" content=\"Escrito por\" \/>\n\t<meta name=\"twitter:data1\" content=\"Javier Figueroa\" \/>\n\t<meta name=\"twitter:label2\" content=\"Tiempo de lectura\" \/>\n\t<meta name=\"twitter:data2\" content=\"2 minutos\" \/>\n<script type=\"application\/ld+json\" class=\"yoast-schema-graph\">{\"@context\":\"https:\/\/schema.org\",\"@graph\":[{\"@type\":\"Article\",\"@id\":\"https:\/\/web.consaguirre.com.ar\/noticias\/live-in-paris-de-supertramp-llega-a-3lp-por-primera-vez\/#article\",\"isPartOf\":{\"@id\":\"https:\/\/web.consaguirre.com.ar\/noticias\/live-in-paris-de-supertramp-llega-a-3lp-por-primera-vez\/\"},\"author\":{\"name\":\"Javier Figueroa\",\"@id\":\"https:\/\/web.consaguirre.com.ar\/noticias\/#\/schema\/person\/6558b0cfedee7ddc5425602b237d5722\"},\"headline\":\"Live In Paris de Supertramp llega a 3LP por primera vez\",\"datePublished\":\"2025-01-18T11:43:09+00:00\",\"dateModified\":\"2025-01-18T11:43:11+00:00\",\"mainEntityOfPage\":{\"@id\":\"https:\/\/web.consaguirre.com.ar\/noticias\/live-in-paris-de-supertramp-llega-a-3lp-por-primera-vez\/\"},\"wordCount\":383,\"publisher\":{\"@id\":\"https:\/\/web.consaguirre.com.ar\/noticias\/#organization\"},\"image\":{\"@id\":\"https:\/\/web.consaguirre.com.ar\/noticias\/live-in-paris-de-supertramp-llega-a-3lp-por-primera-vez\/#primaryimage\"},\"thumbnailUrl\":\"https:\/\/web.consaguirre.com.ar\/noticias\/wp-content\/uploads\/2025\/01\/Live-In-Paris-de-Supertramp-llega-a-3LP-por-primera.jpg\",\"keywords\":[\"3LP\",\"Live\",\"llega\",\"Par\u00eds\",\"por\",\"primera\",\"Supertramp\",\"vez\"],\"articleSection\":[\"El \u00faltimo\"],\"inLanguage\":\"es-AR\"},{\"@type\":\"WebPage\",\"@id\":\"https:\/\/web.consaguirre.com.ar\/noticias\/live-in-paris-de-supertramp-llega-a-3lp-por-primera-vez\/\",\"url\":\"https:\/\/web.consaguirre.com.ar\/noticias\/live-in-paris-de-supertramp-llega-a-3lp-por-primera-vez\/\",\"name\":\"Live In Paris de Supertramp llega a 3LP por primera vez\",\"isPartOf\":{\"@id\":\"https:\/\/web.consaguirre.com.ar\/noticias\/#website\"},\"primaryImageOfPage\":{\"@id\":\"https:\/\/web.consaguirre.com.ar\/noticias\/live-in-paris-de-supertramp-llega-a-3lp-por-primera-vez\/#primaryimage\"},\"image\":{\"@id\":\"https:\/\/web.consaguirre.com.ar\/noticias\/live-in-paris-de-supertramp-llega-a-3lp-por-primera-vez\/#primaryimage\"},\"thumbnailUrl\":\"https:\/\/web.consaguirre.com.ar\/noticias\/wp-content\/uploads\/2025\/01\/Live-In-Paris-de-Supertramp-llega-a-3LP-por-primera.jpg\",\"datePublished\":\"2025-01-18T11:43:09+00:00\",\"dateModified\":\"2025-01-18T11:43:11+00:00\",\"breadcrumb\":{\"@id\":\"https:\/\/web.consaguirre.com.ar\/noticias\/live-in-paris-de-supertramp-llega-a-3lp-por-primera-vez\/#breadcrumb\"},\"inLanguage\":\"es-AR\",\"potentialAction\":[{\"@type\":\"ReadAction\",\"target\":[\"https:\/\/web.consaguirre.com.ar\/noticias\/live-in-paris-de-supertramp-llega-a-3lp-por-primera-vez\/\"]}]},{\"@type\":\"ImageObject\",\"inLanguage\":\"es-AR\",\"@id\":\"https:\/\/web.consaguirre.com.ar\/noticias\/live-in-paris-de-supertramp-llega-a-3lp-por-primera-vez\/#primaryimage\",\"url\":\"https:\/\/web.consaguirre.com.ar\/noticias\/wp-content\/uploads\/2025\/01\/Live-In-Paris-de-Supertramp-llega-a-3LP-por-primera.jpg\",\"contentUrl\":\"https:\/\/web.consaguirre.com.ar\/noticias\/wp-content\/uploads\/2025\/01\/Live-In-Paris-de-Supertramp-llega-a-3LP-por-primera.jpg\",\"width\":1280,\"height\":1280,\"caption\":\"Live In Paris de Supertramp llega a 3LP por primera vez\"},{\"@type\":\"BreadcrumbList\",\"@id\":\"https:\/\/web.consaguirre.com.ar\/noticias\/live-in-paris-de-supertramp-llega-a-3lp-por-primera-vez\/#breadcrumb\",\"itemListElement\":[{\"@type\":\"ListItem\",\"position\":1,\"name\":\"Inicio\",\"item\":\"https:\/\/web.consaguirre.com.ar\/noticias\/\"},{\"@type\":\"ListItem\",\"position\":2,\"name\":\"Live In Paris de Supertramp llega a 3LP por primera vez\"}]},{\"@type\":\"WebSite\",\"@id\":\"https:\/\/web.consaguirre.com.ar\/noticias\/#website\",\"url\":\"https:\/\/web.consaguirre.com.ar\/noticias\/\",\"name\":\"Conservatorio de M\u00fasica Juli\u00e1n Aguirre\",\"description\":\"\",\"publisher\":{\"@id\":\"https:\/\/web.consaguirre.com.ar\/noticias\/#organization\"},\"potentialAction\":[{\"@type\":\"SearchAction\",\"target\":{\"@type\":\"EntryPoint\",\"urlTemplate\":\"https:\/\/web.consaguirre.com.ar\/noticias\/?s={search_term_string}\"},\"query-input\":\"required name=search_term_string\"}],\"inLanguage\":\"es-AR\"},{\"@type\":\"Organization\",\"@id\":\"https:\/\/web.consaguirre.com.ar\/noticias\/#organization\",\"name\":\"Conservatorio de M\u00fasica Juli\u00e1n Aguirre\",\"url\":\"https:\/\/web.consaguirre.com.ar\/noticias\/\",\"logo\":{\"@type\":\"ImageObject\",\"inLanguage\":\"es-AR\",\"@id\":\"https:\/\/web.consaguirre.com.ar\/noticias\/#\/schema\/logo\/image\/\",\"url\":\"https:\/\/web.consaguirre.com.ar\/noticias\/wp-content\/uploads\/2024\/08\/Banner-Aguirre-23.jpg\",\"contentUrl\":\"https:\/\/web.consaguirre.com.ar\/noticias\/wp-content\/uploads\/2024\/08\/Banner-Aguirre-23.jpg\",\"width\":1192,\"height\":600,\"caption\":\"Conservatorio de M\u00fasica Juli\u00e1n Aguirre\"},\"image\":{\"@id\":\"https:\/\/web.consaguirre.com.ar\/noticias\/#\/schema\/logo\/image\/\"}},{\"@type\":\"Person\",\"@id\":\"https:\/\/web.consaguirre.com.ar\/noticias\/#\/schema\/person\/6558b0cfedee7ddc5425602b237d5722\",\"name\":\"Javier Figueroa\",\"image\":{\"@type\":\"ImageObject\",\"inLanguage\":\"es-AR\",\"@id\":\"https:\/\/web.consaguirre.com.ar\/noticias\/#\/schema\/person\/image\/\",\"url\":\"https:\/\/web.consaguirre.com.ar\/noticias\/wp-content\/uploads\/2024\/08\/Consaguirre-scaled.jpg\",\"contentUrl\":\"https:\/\/web.consaguirre.com.ar\/noticias\/wp-content\/uploads\/2024\/08\/Consaguirre-scaled.jpg\",\"caption\":\"Javier Figueroa\"},\"description\":\"Me llamo Javier Figueroa y soy redactor para el sitio oficial del Conservatorio de M\u00fasica Juli\u00e1n Aguirre en Buenos Aires, consaguirre.com. Apasionado por la m\u00fasica y la escritura, me esfuerzo por destacar los talentos y eventos de nuestra prestigiosa instituci\u00f3n. Mi trayectoria se nutre de una profunda admiraci\u00f3n por los artistas, haciendo de cada art\u00edculo una celebraci\u00f3n de la creatividad y la cultura musical.\",\"sameAs\":[\"https:\/\/web.consaguirre.com.ar\/noticias\"]}]}<\/script>\n<!-- \/ Yoast SEO plugin. -->","yoast_head_json":{"title":"Live In Paris de Supertramp llega a 3LP por primera vez","robots":{"index":"index","follow":"follow","max-snippet":"max-snippet:-1","max-image-preview":"max-image-preview:large","max-video-preview":"max-video-preview:-1"},"canonical":"https:\/\/web.consaguirre.com.ar\/noticias\/live-in-paris-de-supertramp-llega-a-3lp-por-primera-vez\/","og_locale":"es_ES","og_type":"article","og_title":"Live In Paris de Supertramp llega a 3LP por primera vez","og_description":"supertrampa Los fan\u00e1ticos pronto tendr\u00e1n la oportunidad de experimentar su gira mundial Breakfast In America como nunca antes. vivir en parisque presenta uno de los","og_url":"https:\/\/web.consaguirre.com.ar\/noticias\/live-in-paris-de-supertramp-llega-a-3lp-por-primera-vez\/","og_site_name":"Conservatorio de M\u00fasica Juli\u00e1n Aguirre","article_published_time":"2025-01-18T11:43:09+00:00","article_modified_time":"2025-01-18T11:43:11+00:00","og_image":[{"width":1280,"height":1280,"url":"https:\/\/web.consaguirre.com.ar\/noticias\/wp-content\/uploads\/2025\/01\/Live-In-Paris-de-Supertramp-llega-a-3LP-por-primera.jpg","type":"image\/jpeg"}],"author":"Javier Figueroa","twitter_card":"summary_large_image","twitter_misc":{"Escrito por":"Javier Figueroa","Tiempo de lectura":"2 minutos"},"schema":{"@context":"https:\/\/schema.org","@graph":[{"@type":"Article","@id":"https:\/\/web.consaguirre.com.ar\/noticias\/live-in-paris-de-supertramp-llega-a-3lp-por-primera-vez\/#article","isPartOf":{"@id":"https:\/\/web.consaguirre.com.ar\/noticias\/live-in-paris-de-supertramp-llega-a-3lp-por-primera-vez\/"},"author":{"name":"Javier Figueroa","@id":"https:\/\/web.consaguirre.com.ar\/noticias\/#\/schema\/person\/6558b0cfedee7ddc5425602b237d5722"},"headline":"Live In Paris de Supertramp llega a 3LP por primera vez","datePublished":"2025-01-18T11:43:09+00:00","dateModified":"2025-01-18T11:43:11+00:00","mainEntityOfPage":{"@id":"https:\/\/web.consaguirre.com.ar\/noticias\/live-in-paris-de-supertramp-llega-a-3lp-por-primera-vez\/"},"wordCount":383,"publisher":{"@id":"https:\/\/web.consaguirre.com.ar\/noticias\/#organization"},"image":{"@id":"https:\/\/web.consaguirre.com.ar\/noticias\/live-in-paris-de-supertramp-llega-a-3lp-por-primera-vez\/#primaryimage"},"thumbnailUrl":"https:\/\/web.consaguirre.com.ar\/noticias\/wp-content\/uploads\/2025\/01\/Live-In-Paris-de-Supertramp-llega-a-3LP-por-primera.jpg","keywords":["3LP","Live","llega","Par\u00eds","por","primera","Supertramp","vez"],"articleSection":["El \u00faltimo"],"inLanguage":"es-AR"},{"@type":"WebPage","@id":"https:\/\/web.consaguirre.com.ar\/noticias\/live-in-paris-de-supertramp-llega-a-3lp-por-primera-vez\/","url":"https:\/\/web.consaguirre.com.ar\/noticias\/live-in-paris-de-supertramp-llega-a-3lp-por-primera-vez\/","name":"Live In Paris de Supertramp llega a 3LP por primera vez","isPartOf":{"@id":"https:\/\/web.consaguirre.com.ar\/noticias\/#website"},"primaryImageOfPage":{"@id":"https:\/\/web.consaguirre.com.ar\/noticias\/live-in-paris-de-supertramp-llega-a-3lp-por-primera-vez\/#primaryimage"},"image":{"@id":"https:\/\/web.consaguirre.com.ar\/noticias\/live-in-paris-de-supertramp-llega-a-3lp-por-primera-vez\/#primaryimage"},"thumbnailUrl":"https:\/\/web.consaguirre.com.ar\/noticias\/wp-content\/uploads\/2025\/01\/Live-In-Paris-de-Supertramp-llega-a-3LP-por-primera.jpg","datePublished":"2025-01-18T11:43:09+00:00","dateModified":"2025-01-18T11:43:11+00:00","breadcrumb":{"@id":"https:\/\/web.consaguirre.com.ar\/noticias\/live-in-paris-de-supertramp-llega-a-3lp-por-primera-vez\/#breadcrumb"},"inLanguage":"es-AR","potentialAction":[{"@type":"ReadAction","target":["https:\/\/web.consaguirre.com.ar\/noticias\/live-in-paris-de-supertramp-llega-a-3lp-por-primera-vez\/"]}]},{"@type":"ImageObject","inLanguage":"es-AR","@id":"https:\/\/web.consaguirre.com.ar\/noticias\/live-in-paris-de-supertramp-llega-a-3lp-por-primera-vez\/#primaryimage","url":"https:\/\/web.consaguirre.com.ar\/noticias\/wp-content\/uploads\/2025\/01\/Live-In-Paris-de-Supertramp-llega-a-3LP-por-primera.jpg","contentUrl":"https:\/\/web.consaguirre.com.ar\/noticias\/wp-content\/uploads\/2025\/01\/Live-In-Paris-de-Supertramp-llega-a-3LP-por-primera.jpg","width":1280,"height":1280,"caption":"Live In Paris de Supertramp llega a 3LP por primera vez"},{"@type":"BreadcrumbList","@id":"https:\/\/web.consaguirre.com.ar\/noticias\/live-in-paris-de-supertramp-llega-a-3lp-por-primera-vez\/#breadcrumb","itemListElement":[{"@type":"ListItem","position":1,"name":"Inicio","item":"https:\/\/web.consaguirre.com.ar\/noticias\/"},{"@type":"ListItem","position":2,"name":"Live In Paris de Supertramp llega a 3LP por primera vez"}]},{"@type":"WebSite","@id":"https:\/\/web.consaguirre.com.ar\/noticias\/#website","url":"https:\/\/web.consaguirre.com.ar\/noticias\/","name":"Conservatorio de M\u00fasica Juli\u00e1n Aguirre","description":"","publisher":{"@id":"https:\/\/web.consaguirre.com.ar\/noticias\/#organization"},"potentialAction":[{"@type":"SearchAction","target":{"@type":"EntryPoint","urlTemplate":"https:\/\/web.consaguirre.com.ar\/noticias\/?s={search_term_string}"},"query-input":"required name=search_term_string"}],"inLanguage":"es-AR"},{"@type":"Organization","@id":"https:\/\/web.consaguirre.com.ar\/noticias\/#organization","name":"Conservatorio de M\u00fasica Juli\u00e1n Aguirre","url":"https:\/\/web.consaguirre.com.ar\/noticias\/","logo":{"@type":"ImageObject","inLanguage":"es-AR","@id":"https:\/\/web.consaguirre.com.ar\/noticias\/#\/schema\/logo\/image\/","url":"https:\/\/web.consaguirre.com.ar\/noticias\/wp-content\/uploads\/2024\/08\/Banner-Aguirre-23.jpg","contentUrl":"https:\/\/web.consaguirre.com.ar\/noticias\/wp-content\/uploads\/2024\/08\/Banner-Aguirre-23.jpg","width":1192,"height":600,"caption":"Conservatorio de M\u00fasica Juli\u00e1n Aguirre"},"image":{"@id":"https:\/\/web.consaguirre.com.ar\/noticias\/#\/schema\/logo\/image\/"}},{"@type":"Person","@id":"https:\/\/web.consaguirre.com.ar\/noticias\/#\/schema\/person\/6558b0cfedee7ddc5425602b237d5722","name":"Javier Figueroa","image":{"@type":"ImageObject","inLanguage":"es-AR","@id":"https:\/\/web.consaguirre.com.ar\/noticias\/#\/schema\/person\/image\/","url":"https:\/\/web.consaguirre.com.ar\/noticias\/wp-content\/uploads\/2024\/08\/Consaguirre-scaled.jpg","contentUrl":"https:\/\/web.consaguirre.com.ar\/noticias\/wp-content\/uploads\/2024\/08\/Consaguirre-scaled.jpg","caption":"Javier Figueroa"},"description":"Me llamo Javier Figueroa y soy redactor para el sitio oficial del Conservatorio de M\u00fasica Juli\u00e1n Aguirre en Buenos Aires, consaguirre.com. Apasionado por la m\u00fasica y la escritura, me esfuerzo por destacar los talentos y eventos de nuestra prestigiosa instituci\u00f3n. Mi trayectoria se nutre de una profunda admiraci\u00f3n por los artistas, haciendo de cada art\u00edculo una celebraci\u00f3n de la creatividad y la cultura musical.","sameAs":["https:\/\/web.consaguirre.com.ar\/noticias"]}]}},"_links":{"self":[{"href":"https:\/\/web.consaguirre.com.ar\/noticias\/wp-json\/wp\/v2\/posts\/1628"}],"collection":[{"href":"https:\/\/web.consaguirre.com.ar\/noticias\/wp-json\/wp\/v2\/posts"}],"about":[{"href":"https:\/\/web.consaguirre.com.ar\/noticias\/wp-json\/wp\/v2\/types\/post"}],"author":[{"embeddable":true,"href":"https:\/\/web.consaguirre.com.ar\/noticias\/wp-json\/wp\/v2\/users\/1"}],"replies":[{"embeddable":true,"href":"https:\/\/web.consaguirre.com.ar\/noticias\/wp-json\/wp\/v2\/comments?post=1628"}],"version-history":[{"count":1,"href":"https:\/\/web.consaguirre.com.ar\/noticias\/wp-json\/wp\/v2\/posts\/1628\/revisions"}],"predecessor-version":[{"id":1630,"href":"https:\/\/web.consaguirre.com.ar\/noticias\/wp-json\/wp\/v2\/posts\/1628\/revisions\/1630"}],"wp:featuredmedia":[{"embeddable":true,"href":"https:\/\/web.consaguirre.com.ar\/noticias\/wp-json\/wp\/v2\/media\/1629"}],"wp:attachment":[{"href":"https:\/\/web.consaguirre.com.ar\/noticias\/wp-json\/wp\/v2\/media?parent=1628"}],"wp:term":[{"taxonomy":"category","embeddable":true,"href":"https:\/\/web.consaguirre.com.ar\/noticias\/wp-json\/wp\/v2\/categories?post=1628"},{"taxonomy":"post_tag","embeddable":true,"href":"https:\/\/web.consaguirre.com.ar\/noticias\/wp-json\/wp\/v2\/tags?post=1628"}],"curies":[{"name":"wp","href":"https:\/\/api.w.org\/{rel}","templated":true}]}}