{"id":1616,"date":"2025-01-17T20:38:26","date_gmt":"2025-01-17T23:38:26","guid":{"rendered":"https:\/\/web.consaguirre.com.ar\/noticias\/el-cuarteto-consentrik-de-nels-cline-anuncia-su-album-debut-homonimo\/"},"modified":"2025-01-17T20:38:28","modified_gmt":"2025-01-17T23:38:28","slug":"el-cuarteto-consentrik-de-nels-cline-anuncia-su-album-debut-homonimo","status":"publish","type":"post","link":"https:\/\/web.consaguirre.com.ar\/noticias\/el-cuarteto-consentrik-de-nels-cline-anuncia-su-album-debut-homonimo\/","title":{"rendered":"El Cuarteto Consentrik de Nels Cline anuncia su \u00e1lbum debut hom\u00f3nimo"},"content":{"rendered":"<p>Guitarrista de renombre <strong>Nels Cline<\/strong>La nueva banda de Consentrik Quartet ha anunciado un \u00e1lbum debut hom\u00f3nimo que saldr\u00e1 el 14 de marzo.<\/p>\n<p>Cline, mejor conocido por su trabajo con Wilco y sus proyectos innovadores para Blue Note Records, ha sido celebrado durante mucho tiempo por su amplio estilo musical. Consentrik Quartet contin\u00faa esta tradici\u00f3n, aprovechando las vastas influencias del guitarrista mientras crea un sonido fresco que combina la improvisaci\u00f3n con composiciones ajustadas basadas en el jazz. El grupo re\u00fane una formaci\u00f3n de estrellas, que incluye a la saxofonista Ingrid Laubrock, el bajista Chris Lightcap y el baterista Tom Rainey.<\/p>\n<div class=\"uD-YT-container\"><img decoding=\"async\" src=\"https:\/\/web.consaguirre.com.ar\/noticias\/wp-content\/uploads\/2025\/01\/1737157106_911_El-Cuarteto-Consentrik-de-Nels-Cline-anuncia-su-album-debut.jpg\" alt=\"V\u00eddeo de YouTube\"><br \/>Haga clic para cargar v\u00eddeo<\/div>\n<p>&#8220;Quer\u00eda crear m\u00fasica que reflejara a los m\u00fasicos y les permitiera brillar&#8221;, dice Cline. &#8220;En comparaci\u00f3n con mis otros proyectos, este es m\u00e1s un grupo de jazz: hay un enfoque en la claridad y el dominio de cada miembro&#8221;. Cline elogia a sus compa\u00f1eros de banda, especialmente a Laubrock, cuya interpretaci\u00f3n compleja pero \u00edntima lo impresiona constantemente a lo largo del \u00e1lbum.<\/p>\n<p>Las ra\u00edces de Consentrik Quartet se remontan a 2018, cuando Cline reuni\u00f3 por primera vez a la banda para una actuaci\u00f3n de improvisaci\u00f3n libre en The Stone en Brooklyn. Posteriormente, Cline recibi\u00f3 una subvenci\u00f3n del Taller Ars Nova, que financi\u00f3 nuevas composiciones para el grupo. La aparici\u00f3n de la pandemia retras\u00f3 el debut del grupo, pero tambi\u00e9n brind\u00f3 a Cline el espacio para reflexionar y perfeccionar su visi\u00f3n del proyecto, como explic\u00f3 en un comunicado de prensa. \u201cMe sent\u00ed envuelto en silencio\u201d, recuerda Cline. \u201cMe dio tiempo para pensar en cu\u00e1l podr\u00eda ser la est\u00e9tica de Consentrik. Comenc\u00e9 con un enfoque m\u00e1s tradicional, pero finalmente me encontr\u00e9 escribiendo melod\u00edas m\u00e1s funky y con m\u00e1s ritmo\u201d.<\/p>\n<p>El sencillo principal de Consentrik Quartet, \u201cThe 23\u201d, ya est\u00e1 disponible. Celebrar\u00e1n el lanzamiento del \u00e1lbum en marzo con una actuaci\u00f3n destacada en el festival Big Ears de Knoxville, Tennessee. Cline tiene m\u00faltiples apariciones programadas en el festival, incluidos sets con eucademix, Jenny Scheinman y una versi\u00f3n ampliada de The Nels Cline Singers. A\u00fan no se han anunciado m\u00e1s fechas de la gira.<\/p><\/p>\n","protected":false},"excerpt":{"rendered":"<p>Guitarrista de renombre Nels ClineLa nueva banda de Consentrik Quartet ha anunciado un \u00e1lbum debut hom\u00f3nimo que saldr\u00e1 el 14 de marzo. Cline, mejor conocido<\/p>\n","protected":false},"author":1,"featured_media":1617,"comment_status":"closed","ping_status":"","sticky":false,"template":"","format":"standard","meta":{"footnotes":""},"categories":[50],"tags":[147,56,1679,1677,1676,257,258,1678],"class_list":["post-1616","post","type-post","status-publish","format-standard","has-post-thumbnail","hentry","category-el-ultimo","tag-album","tag-anuncia","tag-cline","tag-consentrik","tag-cuarteto","tag-debut","tag-homonimo","tag-nels","generate-columns","tablet-grid-50","mobile-grid-100","grid-parent","grid-50"],"yoast_head":"<!-- This site is optimized with the Yoast SEO plugin v23.3 - https:\/\/yoast.com\/wordpress\/plugins\/seo\/ -->\n<title>El Cuarteto Consentrik de Nels Cline anuncia su \u00e1lbum debut hom\u00f3nimo<\/title>\n<meta name=\"robots\" content=\"index, follow, max-snippet:-1, max-image-preview:large, max-video-preview:-1\" \/>\n<link rel=\"canonical\" href=\"https:\/\/web.consaguirre.com.ar\/noticias\/el-cuarteto-consentrik-de-nels-cline-anuncia-su-album-debut-homonimo\/\" \/>\n<meta property=\"og:locale\" content=\"es_ES\" \/>\n<meta property=\"og:type\" content=\"article\" \/>\n<meta property=\"og:title\" content=\"El Cuarteto Consentrik de Nels Cline anuncia su \u00e1lbum debut hom\u00f3nimo\" \/>\n<meta property=\"og:description\" content=\"Guitarrista de renombre Nels ClineLa nueva banda de Consentrik Quartet ha anunciado un \u00e1lbum debut hom\u00f3nimo que saldr\u00e1 el 14 de marzo. Cline, mejor conocido\" \/>\n<meta property=\"og:url\" content=\"https:\/\/web.consaguirre.com.ar\/noticias\/el-cuarteto-consentrik-de-nels-cline-anuncia-su-album-debut-homonimo\/\" \/>\n<meta property=\"og:site_name\" content=\"Conservatorio de M\u00fasica Juli\u00e1n Aguirre\" \/>\n<meta property=\"article:published_time\" content=\"2025-01-17T23:38:26+00:00\" \/>\n<meta property=\"article:modified_time\" content=\"2025-01-17T23:38:28+00:00\" \/>\n<meta property=\"og:image\" content=\"https:\/\/web.consaguirre.com.ar\/noticias\/wp-content\/uploads\/2025\/01\/El-Cuarteto-Consentrik-de-Nels-Cline-anuncia-su-album-debut.jpg\" \/>\n\t<meta property=\"og:image:width\" content=\"1280\" \/>\n\t<meta property=\"og:image:height\" content=\"1280\" \/>\n\t<meta property=\"og:image:type\" content=\"image\/jpeg\" \/>\n<meta name=\"author\" content=\"Javier Figueroa\" \/>\n<meta name=\"twitter:card\" content=\"summary_large_image\" \/>\n<meta name=\"twitter:label1\" content=\"Escrito por\" \/>\n\t<meta name=\"twitter:data1\" content=\"Javier Figueroa\" \/>\n\t<meta name=\"twitter:label2\" content=\"Tiempo de lectura\" \/>\n\t<meta name=\"twitter:data2\" content=\"2 minutos\" \/>\n<script type=\"application\/ld+json\" class=\"yoast-schema-graph\">{\"@context\":\"https:\/\/schema.org\",\"@graph\":[{\"@type\":\"Article\",\"@id\":\"https:\/\/web.consaguirre.com.ar\/noticias\/el-cuarteto-consentrik-de-nels-cline-anuncia-su-album-debut-homonimo\/#article\",\"isPartOf\":{\"@id\":\"https:\/\/web.consaguirre.com.ar\/noticias\/el-cuarteto-consentrik-de-nels-cline-anuncia-su-album-debut-homonimo\/\"},\"author\":{\"name\":\"Javier Figueroa\",\"@id\":\"https:\/\/web.consaguirre.com.ar\/noticias\/#\/schema\/person\/6558b0cfedee7ddc5425602b237d5722\"},\"headline\":\"El Cuarteto Consentrik de Nels Cline anuncia su \u00e1lbum debut hom\u00f3nimo\",\"datePublished\":\"2025-01-17T23:38:26+00:00\",\"dateModified\":\"2025-01-17T23:38:28+00:00\",\"mainEntityOfPage\":{\"@id\":\"https:\/\/web.consaguirre.com.ar\/noticias\/el-cuarteto-consentrik-de-nels-cline-anuncia-su-album-debut-homonimo\/\"},\"wordCount\":387,\"publisher\":{\"@id\":\"https:\/\/web.consaguirre.com.ar\/noticias\/#organization\"},\"image\":{\"@id\":\"https:\/\/web.consaguirre.com.ar\/noticias\/el-cuarteto-consentrik-de-nels-cline-anuncia-su-album-debut-homonimo\/#primaryimage\"},\"thumbnailUrl\":\"https:\/\/web.consaguirre.com.ar\/noticias\/wp-content\/uploads\/2025\/01\/El-Cuarteto-Consentrik-de-Nels-Cline-anuncia-su-album-debut.jpg\",\"keywords\":[\"\u00e1lbum\",\"anuncia\",\"Cline\",\"Consentrik\",\"Cuarteto\",\"debut\",\"hom\u00f3nimo\",\"Nels\"],\"articleSection\":[\"El \u00faltimo\"],\"inLanguage\":\"es-AR\"},{\"@type\":\"WebPage\",\"@id\":\"https:\/\/web.consaguirre.com.ar\/noticias\/el-cuarteto-consentrik-de-nels-cline-anuncia-su-album-debut-homonimo\/\",\"url\":\"https:\/\/web.consaguirre.com.ar\/noticias\/el-cuarteto-consentrik-de-nels-cline-anuncia-su-album-debut-homonimo\/\",\"name\":\"El Cuarteto Consentrik de Nels Cline anuncia su \u00e1lbum debut hom\u00f3nimo\",\"isPartOf\":{\"@id\":\"https:\/\/web.consaguirre.com.ar\/noticias\/#website\"},\"primaryImageOfPage\":{\"@id\":\"https:\/\/web.consaguirre.com.ar\/noticias\/el-cuarteto-consentrik-de-nels-cline-anuncia-su-album-debut-homonimo\/#primaryimage\"},\"image\":{\"@id\":\"https:\/\/web.consaguirre.com.ar\/noticias\/el-cuarteto-consentrik-de-nels-cline-anuncia-su-album-debut-homonimo\/#primaryimage\"},\"thumbnailUrl\":\"https:\/\/web.consaguirre.com.ar\/noticias\/wp-content\/uploads\/2025\/01\/El-Cuarteto-Consentrik-de-Nels-Cline-anuncia-su-album-debut.jpg\",\"datePublished\":\"2025-01-17T23:38:26+00:00\",\"dateModified\":\"2025-01-17T23:38:28+00:00\",\"breadcrumb\":{\"@id\":\"https:\/\/web.consaguirre.com.ar\/noticias\/el-cuarteto-consentrik-de-nels-cline-anuncia-su-album-debut-homonimo\/#breadcrumb\"},\"inLanguage\":\"es-AR\",\"potentialAction\":[{\"@type\":\"ReadAction\",\"target\":[\"https:\/\/web.consaguirre.com.ar\/noticias\/el-cuarteto-consentrik-de-nels-cline-anuncia-su-album-debut-homonimo\/\"]}]},{\"@type\":\"ImageObject\",\"inLanguage\":\"es-AR\",\"@id\":\"https:\/\/web.consaguirre.com.ar\/noticias\/el-cuarteto-consentrik-de-nels-cline-anuncia-su-album-debut-homonimo\/#primaryimage\",\"url\":\"https:\/\/web.consaguirre.com.ar\/noticias\/wp-content\/uploads\/2025\/01\/El-Cuarteto-Consentrik-de-Nels-Cline-anuncia-su-album-debut.jpg\",\"contentUrl\":\"https:\/\/web.consaguirre.com.ar\/noticias\/wp-content\/uploads\/2025\/01\/El-Cuarteto-Consentrik-de-Nels-Cline-anuncia-su-album-debut.jpg\",\"width\":1280,\"height\":1280,\"caption\":\"El Cuarteto Consentrik de Nels Cline anuncia su \u00e1lbum debut hom\u00f3nimo\"},{\"@type\":\"BreadcrumbList\",\"@id\":\"https:\/\/web.consaguirre.com.ar\/noticias\/el-cuarteto-consentrik-de-nels-cline-anuncia-su-album-debut-homonimo\/#breadcrumb\",\"itemListElement\":[{\"@type\":\"ListItem\",\"position\":1,\"name\":\"Inicio\",\"item\":\"https:\/\/web.consaguirre.com.ar\/noticias\/\"},{\"@type\":\"ListItem\",\"position\":2,\"name\":\"El Cuarteto Consentrik de Nels Cline anuncia su \u00e1lbum debut hom\u00f3nimo\"}]},{\"@type\":\"WebSite\",\"@id\":\"https:\/\/web.consaguirre.com.ar\/noticias\/#website\",\"url\":\"https:\/\/web.consaguirre.com.ar\/noticias\/\",\"name\":\"Conservatorio de M\u00fasica Juli\u00e1n Aguirre\",\"description\":\"\",\"publisher\":{\"@id\":\"https:\/\/web.consaguirre.com.ar\/noticias\/#organization\"},\"potentialAction\":[{\"@type\":\"SearchAction\",\"target\":{\"@type\":\"EntryPoint\",\"urlTemplate\":\"https:\/\/web.consaguirre.com.ar\/noticias\/?s={search_term_string}\"},\"query-input\":\"required name=search_term_string\"}],\"inLanguage\":\"es-AR\"},{\"@type\":\"Organization\",\"@id\":\"https:\/\/web.consaguirre.com.ar\/noticias\/#organization\",\"name\":\"Conservatorio de M\u00fasica Juli\u00e1n Aguirre\",\"url\":\"https:\/\/web.consaguirre.com.ar\/noticias\/\",\"logo\":{\"@type\":\"ImageObject\",\"inLanguage\":\"es-AR\",\"@id\":\"https:\/\/web.consaguirre.com.ar\/noticias\/#\/schema\/logo\/image\/\",\"url\":\"https:\/\/web.consaguirre.com.ar\/noticias\/wp-content\/uploads\/2024\/08\/Banner-Aguirre-23.jpg\",\"contentUrl\":\"https:\/\/web.consaguirre.com.ar\/noticias\/wp-content\/uploads\/2024\/08\/Banner-Aguirre-23.jpg\",\"width\":1192,\"height\":600,\"caption\":\"Conservatorio de M\u00fasica Juli\u00e1n Aguirre\"},\"image\":{\"@id\":\"https:\/\/web.consaguirre.com.ar\/noticias\/#\/schema\/logo\/image\/\"}},{\"@type\":\"Person\",\"@id\":\"https:\/\/web.consaguirre.com.ar\/noticias\/#\/schema\/person\/6558b0cfedee7ddc5425602b237d5722\",\"name\":\"Javier Figueroa\",\"image\":{\"@type\":\"ImageObject\",\"inLanguage\":\"es-AR\",\"@id\":\"https:\/\/web.consaguirre.com.ar\/noticias\/#\/schema\/person\/image\/\",\"url\":\"https:\/\/web.consaguirre.com.ar\/noticias\/wp-content\/uploads\/2024\/08\/Consaguirre-scaled.jpg\",\"contentUrl\":\"https:\/\/web.consaguirre.com.ar\/noticias\/wp-content\/uploads\/2024\/08\/Consaguirre-scaled.jpg\",\"caption\":\"Javier Figueroa\"},\"description\":\"Me llamo Javier Figueroa y soy redactor para el sitio oficial del Conservatorio de M\u00fasica Juli\u00e1n Aguirre en Buenos Aires, consaguirre.com. Apasionado por la m\u00fasica y la escritura, me esfuerzo por destacar los talentos y eventos de nuestra prestigiosa instituci\u00f3n. Mi trayectoria se nutre de una profunda admiraci\u00f3n por los artistas, haciendo de cada art\u00edculo una celebraci\u00f3n de la creatividad y la cultura musical.\",\"sameAs\":[\"https:\/\/web.consaguirre.com.ar\/noticias\"]}]}<\/script>\n<!-- \/ Yoast SEO plugin. -->","yoast_head_json":{"title":"El Cuarteto Consentrik de Nels Cline anuncia su \u00e1lbum debut hom\u00f3nimo","robots":{"index":"index","follow":"follow","max-snippet":"max-snippet:-1","max-image-preview":"max-image-preview:large","max-video-preview":"max-video-preview:-1"},"canonical":"https:\/\/web.consaguirre.com.ar\/noticias\/el-cuarteto-consentrik-de-nels-cline-anuncia-su-album-debut-homonimo\/","og_locale":"es_ES","og_type":"article","og_title":"El Cuarteto Consentrik de Nels Cline anuncia su \u00e1lbum debut hom\u00f3nimo","og_description":"Guitarrista de renombre Nels ClineLa nueva banda de Consentrik Quartet ha anunciado un \u00e1lbum debut hom\u00f3nimo que saldr\u00e1 el 14 de marzo. Cline, mejor conocido","og_url":"https:\/\/web.consaguirre.com.ar\/noticias\/el-cuarteto-consentrik-de-nels-cline-anuncia-su-album-debut-homonimo\/","og_site_name":"Conservatorio de M\u00fasica Juli\u00e1n Aguirre","article_published_time":"2025-01-17T23:38:26+00:00","article_modified_time":"2025-01-17T23:38:28+00:00","og_image":[{"width":1280,"height":1280,"url":"https:\/\/web.consaguirre.com.ar\/noticias\/wp-content\/uploads\/2025\/01\/El-Cuarteto-Consentrik-de-Nels-Cline-anuncia-su-album-debut.jpg","type":"image\/jpeg"}],"author":"Javier Figueroa","twitter_card":"summary_large_image","twitter_misc":{"Escrito por":"Javier Figueroa","Tiempo de lectura":"2 minutos"},"schema":{"@context":"https:\/\/schema.org","@graph":[{"@type":"Article","@id":"https:\/\/web.consaguirre.com.ar\/noticias\/el-cuarteto-consentrik-de-nels-cline-anuncia-su-album-debut-homonimo\/#article","isPartOf":{"@id":"https:\/\/web.consaguirre.com.ar\/noticias\/el-cuarteto-consentrik-de-nels-cline-anuncia-su-album-debut-homonimo\/"},"author":{"name":"Javier Figueroa","@id":"https:\/\/web.consaguirre.com.ar\/noticias\/#\/schema\/person\/6558b0cfedee7ddc5425602b237d5722"},"headline":"El Cuarteto Consentrik de Nels Cline anuncia su \u00e1lbum debut hom\u00f3nimo","datePublished":"2025-01-17T23:38:26+00:00","dateModified":"2025-01-17T23:38:28+00:00","mainEntityOfPage":{"@id":"https:\/\/web.consaguirre.com.ar\/noticias\/el-cuarteto-consentrik-de-nels-cline-anuncia-su-album-debut-homonimo\/"},"wordCount":387,"publisher":{"@id":"https:\/\/web.consaguirre.com.ar\/noticias\/#organization"},"image":{"@id":"https:\/\/web.consaguirre.com.ar\/noticias\/el-cuarteto-consentrik-de-nels-cline-anuncia-su-album-debut-homonimo\/#primaryimage"},"thumbnailUrl":"https:\/\/web.consaguirre.com.ar\/noticias\/wp-content\/uploads\/2025\/01\/El-Cuarteto-Consentrik-de-Nels-Cline-anuncia-su-album-debut.jpg","keywords":["\u00e1lbum","anuncia","Cline","Consentrik","Cuarteto","debut","hom\u00f3nimo","Nels"],"articleSection":["El \u00faltimo"],"inLanguage":"es-AR"},{"@type":"WebPage","@id":"https:\/\/web.consaguirre.com.ar\/noticias\/el-cuarteto-consentrik-de-nels-cline-anuncia-su-album-debut-homonimo\/","url":"https:\/\/web.consaguirre.com.ar\/noticias\/el-cuarteto-consentrik-de-nels-cline-anuncia-su-album-debut-homonimo\/","name":"El Cuarteto Consentrik de Nels Cline anuncia su \u00e1lbum debut hom\u00f3nimo","isPartOf":{"@id":"https:\/\/web.consaguirre.com.ar\/noticias\/#website"},"primaryImageOfPage":{"@id":"https:\/\/web.consaguirre.com.ar\/noticias\/el-cuarteto-consentrik-de-nels-cline-anuncia-su-album-debut-homonimo\/#primaryimage"},"image":{"@id":"https:\/\/web.consaguirre.com.ar\/noticias\/el-cuarteto-consentrik-de-nels-cline-anuncia-su-album-debut-homonimo\/#primaryimage"},"thumbnailUrl":"https:\/\/web.consaguirre.com.ar\/noticias\/wp-content\/uploads\/2025\/01\/El-Cuarteto-Consentrik-de-Nels-Cline-anuncia-su-album-debut.jpg","datePublished":"2025-01-17T23:38:26+00:00","dateModified":"2025-01-17T23:38:28+00:00","breadcrumb":{"@id":"https:\/\/web.consaguirre.com.ar\/noticias\/el-cuarteto-consentrik-de-nels-cline-anuncia-su-album-debut-homonimo\/#breadcrumb"},"inLanguage":"es-AR","potentialAction":[{"@type":"ReadAction","target":["https:\/\/web.consaguirre.com.ar\/noticias\/el-cuarteto-consentrik-de-nels-cline-anuncia-su-album-debut-homonimo\/"]}]},{"@type":"ImageObject","inLanguage":"es-AR","@id":"https:\/\/web.consaguirre.com.ar\/noticias\/el-cuarteto-consentrik-de-nels-cline-anuncia-su-album-debut-homonimo\/#primaryimage","url":"https:\/\/web.consaguirre.com.ar\/noticias\/wp-content\/uploads\/2025\/01\/El-Cuarteto-Consentrik-de-Nels-Cline-anuncia-su-album-debut.jpg","contentUrl":"https:\/\/web.consaguirre.com.ar\/noticias\/wp-content\/uploads\/2025\/01\/El-Cuarteto-Consentrik-de-Nels-Cline-anuncia-su-album-debut.jpg","width":1280,"height":1280,"caption":"El Cuarteto Consentrik de Nels Cline anuncia su \u00e1lbum debut hom\u00f3nimo"},{"@type":"BreadcrumbList","@id":"https:\/\/web.consaguirre.com.ar\/noticias\/el-cuarteto-consentrik-de-nels-cline-anuncia-su-album-debut-homonimo\/#breadcrumb","itemListElement":[{"@type":"ListItem","position":1,"name":"Inicio","item":"https:\/\/web.consaguirre.com.ar\/noticias\/"},{"@type":"ListItem","position":2,"name":"El Cuarteto Consentrik de Nels Cline anuncia su \u00e1lbum debut hom\u00f3nimo"}]},{"@type":"WebSite","@id":"https:\/\/web.consaguirre.com.ar\/noticias\/#website","url":"https:\/\/web.consaguirre.com.ar\/noticias\/","name":"Conservatorio de M\u00fasica Juli\u00e1n Aguirre","description":"","publisher":{"@id":"https:\/\/web.consaguirre.com.ar\/noticias\/#organization"},"potentialAction":[{"@type":"SearchAction","target":{"@type":"EntryPoint","urlTemplate":"https:\/\/web.consaguirre.com.ar\/noticias\/?s={search_term_string}"},"query-input":"required name=search_term_string"}],"inLanguage":"es-AR"},{"@type":"Organization","@id":"https:\/\/web.consaguirre.com.ar\/noticias\/#organization","name":"Conservatorio de M\u00fasica Juli\u00e1n Aguirre","url":"https:\/\/web.consaguirre.com.ar\/noticias\/","logo":{"@type":"ImageObject","inLanguage":"es-AR","@id":"https:\/\/web.consaguirre.com.ar\/noticias\/#\/schema\/logo\/image\/","url":"https:\/\/web.consaguirre.com.ar\/noticias\/wp-content\/uploads\/2024\/08\/Banner-Aguirre-23.jpg","contentUrl":"https:\/\/web.consaguirre.com.ar\/noticias\/wp-content\/uploads\/2024\/08\/Banner-Aguirre-23.jpg","width":1192,"height":600,"caption":"Conservatorio de M\u00fasica Juli\u00e1n Aguirre"},"image":{"@id":"https:\/\/web.consaguirre.com.ar\/noticias\/#\/schema\/logo\/image\/"}},{"@type":"Person","@id":"https:\/\/web.consaguirre.com.ar\/noticias\/#\/schema\/person\/6558b0cfedee7ddc5425602b237d5722","name":"Javier Figueroa","image":{"@type":"ImageObject","inLanguage":"es-AR","@id":"https:\/\/web.consaguirre.com.ar\/noticias\/#\/schema\/person\/image\/","url":"https:\/\/web.consaguirre.com.ar\/noticias\/wp-content\/uploads\/2024\/08\/Consaguirre-scaled.jpg","contentUrl":"https:\/\/web.consaguirre.com.ar\/noticias\/wp-content\/uploads\/2024\/08\/Consaguirre-scaled.jpg","caption":"Javier Figueroa"},"description":"Me llamo Javier Figueroa y soy redactor para el sitio oficial del Conservatorio de M\u00fasica Juli\u00e1n Aguirre en Buenos Aires, consaguirre.com. Apasionado por la m\u00fasica y la escritura, me esfuerzo por destacar los talentos y eventos de nuestra prestigiosa instituci\u00f3n. Mi trayectoria se nutre de una profunda admiraci\u00f3n por los artistas, haciendo de cada art\u00edculo una celebraci\u00f3n de la creatividad y la cultura musical.","sameAs":["https:\/\/web.consaguirre.com.ar\/noticias"]}]}},"_links":{"self":[{"href":"https:\/\/web.consaguirre.com.ar\/noticias\/wp-json\/wp\/v2\/posts\/1616"}],"collection":[{"href":"https:\/\/web.consaguirre.com.ar\/noticias\/wp-json\/wp\/v2\/posts"}],"about":[{"href":"https:\/\/web.consaguirre.com.ar\/noticias\/wp-json\/wp\/v2\/types\/post"}],"author":[{"embeddable":true,"href":"https:\/\/web.consaguirre.com.ar\/noticias\/wp-json\/wp\/v2\/users\/1"}],"replies":[{"embeddable":true,"href":"https:\/\/web.consaguirre.com.ar\/noticias\/wp-json\/wp\/v2\/comments?post=1616"}],"version-history":[{"count":1,"href":"https:\/\/web.consaguirre.com.ar\/noticias\/wp-json\/wp\/v2\/posts\/1616\/revisions"}],"predecessor-version":[{"id":1618,"href":"https:\/\/web.consaguirre.com.ar\/noticias\/wp-json\/wp\/v2\/posts\/1616\/revisions\/1618"}],"wp:featuredmedia":[{"embeddable":true,"href":"https:\/\/web.consaguirre.com.ar\/noticias\/wp-json\/wp\/v2\/media\/1617"}],"wp:attachment":[{"href":"https:\/\/web.consaguirre.com.ar\/noticias\/wp-json\/wp\/v2\/media?parent=1616"}],"wp:term":[{"taxonomy":"category","embeddable":true,"href":"https:\/\/web.consaguirre.com.ar\/noticias\/wp-json\/wp\/v2\/categories?post=1616"},{"taxonomy":"post_tag","embeddable":true,"href":"https:\/\/web.consaguirre.com.ar\/noticias\/wp-json\/wp\/v2\/tags?post=1616"}],"curies":[{"name":"wp","href":"https:\/\/api.w.org\/{rel}","templated":true}]}}