{"id":1613,"date":"2025-01-17T17:42:03","date_gmt":"2025-01-17T20:42:03","guid":{"rendered":"https:\/\/web.consaguirre.com.ar\/noticias\/tremendo-cache-de-celia-cruz-y-johnny-pacheco-tendra-reedicion-en-vinilo\/"},"modified":"2025-01-17T17:42:06","modified_gmt":"2025-01-17T20:42:06","slug":"tremendo-cache-de-celia-cruz-y-johnny-pacheco-tendra-reedicion-en-vinilo","status":"publish","type":"post","link":"https:\/\/web.consaguirre.com.ar\/noticias\/tremendo-cache-de-celia-cruz-y-johnny-pacheco-tendra-reedicion-en-vinilo\/","title":{"rendered":"&#8216;Tremendo Cach\u00e9&#8217; de Celia Cruz y Johnny Pacheco tendr\u00e1 reedici\u00f3n en vinilo"},"content":{"rendered":"<p><strong>Celia Cruz<\/strong> y el de Johnny Pacheco <em>Tremendo cache<\/em>uno de los \u00e1lbumes m\u00e1s fundamentales de la m\u00fasica salsa, recibir\u00e1 una reedici\u00f3n en vinilo de Craft Latino en honor a su 50 aniversario.<\/p>\n<p>Lanzado originalmente en 1975, este \u00e1lbum reuni\u00f3 a la \u201cReina de la Salsa\u201d cubana y al director de orquesta dominicano Pacheco para un ejemplo duradero del g\u00e9nero en su apogeo. <em>Tremendo cache<\/em>Los \u00e9xitos de Cruz incluyeron \u201cLa sopa en botella\u201d, \u201cTres d\u00edas de Carnaval\u201d y \u201cC\u00facala\u201d, que encabez\u00f3 las listas de \u00e9xitos, y que se convirti\u00f3 en uno de los temas caracter\u00edsticos de Cruz. Pacheco y Cruz grabar\u00edan varios \u00e1lbumes m\u00e1s juntos, incluido el nominado al Grammy. <em>Eternos<\/em>; <em>De nuevo<\/em>; y <em>Celia, Johnny y Pete<\/em> con Pete Rodr\u00edguez.<\/p>\n<div class=\"uD-YT-container\"><img decoding=\"async\" src=\"https:\/\/web.consaguirre.com.ar\/noticias\/wp-content\/uploads\/2025\/01\/1737146523_651_Tremendo-Cache-de-Celia-Cruz-y-Johnny-Pacheco-tendra-reedicion.jpg\" alt=\"V\u00eddeo de YouTube\"><br \/>Haga clic para cargar v\u00eddeo<\/div>\n<p>\u201cGrabar con Celia fue como ir a un carnaval\u201d, record\u00f3 Pacheco. \u201cDesde el momento en que lleg\u00f3 al estudio pude sentir su energ\u00eda positiva e inmediatamente nuestras mentes comenzaron a trabajar al un\u00edsono. Ten\u00edamos una qu\u00edmica especial, pero sobre todo, nos ten\u00edamos un enorme respeto profesional y un cari\u00f1o inmenso\u201d. Apoyando al carism\u00e1tico d\u00fao en el \u00e1lbum estuvo un conjunto de estrellas que inclu\u00eda a Papo Lucca, Justo Betancourt y Roberto Torres.<\/p>\n<p>Programado para su lanzamiento el 14 de marzo, la edici\u00f3n del cincuentenario de <em>Tremendo cache<\/em> est\u00e1 impreso en vinilo de 180 gramos y presenta una masterizaci\u00f3n totalmente anal\u00f3gica a cargo de Clint Holley de Well Made Music. Esta reedici\u00f3n celebra no s\u00f3lo la influencia duradera del \u00e1lbum, sino tambi\u00e9n <strong>el centenario del natalicio de Celia Cruz<\/strong>. A lo largo de 2025, Craft Latino honrar\u00e1 el notable legado de Cruz con una serie de reediciones, contenido exclusivo y lanzamientos especiales. Cruz muri\u00f3 en 2003 a la edad de 77 a\u00f1os.<\/p>\n<p><strong>Pide el \u00e1lbum de Celia Cruz y Johnny Pacheco <em>Tremendo cache<\/em> ahora.<\/strong><\/p>\n","protected":false},"excerpt":{"rendered":"<p>Celia Cruz y el de Johnny Pacheco Tremendo cacheuno de los \u00e1lbumes m\u00e1s fundamentales de la m\u00fasica salsa, recibir\u00e1 una reedici\u00f3n en vinilo de Craft<\/p>\n","protected":false},"author":1,"featured_media":1614,"comment_status":"closed","ping_status":"","sticky":false,"template":"","format":"standard","meta":{"footnotes":""},"categories":[50],"tags":[1673,1629,1630,1674,1675,117,534,1672,87],"class_list":["post-1613","post","type-post","status-publish","format-standard","has-post-thumbnail","hentry","category-el-ultimo","tag-cache","tag-celia","tag-cruz","tag-johnny","tag-pacheco","tag-reedicion","tag-tendra","tag-tremendo","tag-vinilo","generate-columns","tablet-grid-50","mobile-grid-100","grid-parent","grid-50"],"yoast_head":"<!-- This site is optimized with the Yoast SEO plugin v23.3 - https:\/\/yoast.com\/wordpress\/plugins\/seo\/ -->\n<title>&#039;Tremendo Cach\u00e9&#039; de Celia Cruz y Johnny Pacheco tendr\u00e1 reedici\u00f3n en vinilo<\/title>\n<meta name=\"robots\" content=\"index, follow, max-snippet:-1, max-image-preview:large, max-video-preview:-1\" \/>\n<link rel=\"canonical\" href=\"https:\/\/web.consaguirre.com.ar\/noticias\/tremendo-cache-de-celia-cruz-y-johnny-pacheco-tendra-reedicion-en-vinilo\/\" \/>\n<meta property=\"og:locale\" content=\"es_ES\" \/>\n<meta property=\"og:type\" content=\"article\" \/>\n<meta property=\"og:title\" content=\"&#039;Tremendo Cach\u00e9&#039; de Celia Cruz y Johnny Pacheco tendr\u00e1 reedici\u00f3n en vinilo\" \/>\n<meta property=\"og:description\" content=\"Celia Cruz y el de Johnny Pacheco Tremendo cacheuno de los \u00e1lbumes m\u00e1s fundamentales de la m\u00fasica salsa, recibir\u00e1 una reedici\u00f3n en vinilo de Craft\" \/>\n<meta property=\"og:url\" content=\"https:\/\/web.consaguirre.com.ar\/noticias\/tremendo-cache-de-celia-cruz-y-johnny-pacheco-tendra-reedicion-en-vinilo\/\" \/>\n<meta property=\"og:site_name\" content=\"Conservatorio de M\u00fasica Juli\u00e1n Aguirre\" \/>\n<meta property=\"article:published_time\" content=\"2025-01-17T20:42:03+00:00\" \/>\n<meta property=\"article:modified_time\" content=\"2025-01-17T20:42:06+00:00\" \/>\n<meta property=\"og:image\" content=\"https:\/\/web.consaguirre.com.ar\/noticias\/wp-content\/uploads\/2025\/01\/Tremendo-Cache-de-Celia-Cruz-y-Johnny-Pacheco-tendra-reedicion.jpg\" \/>\n\t<meta property=\"og:image:width\" content=\"1280\" \/>\n\t<meta property=\"og:image:height\" content=\"1280\" \/>\n\t<meta property=\"og:image:type\" content=\"image\/jpeg\" \/>\n<meta name=\"author\" content=\"Javier Figueroa\" \/>\n<meta name=\"twitter:card\" content=\"summary_large_image\" \/>\n<meta name=\"twitter:label1\" content=\"Escrito por\" \/>\n\t<meta name=\"twitter:data1\" content=\"Javier Figueroa\" \/>\n\t<meta name=\"twitter:label2\" content=\"Tiempo de lectura\" \/>\n\t<meta name=\"twitter:data2\" content=\"2 minutos\" \/>\n<script type=\"application\/ld+json\" class=\"yoast-schema-graph\">{\"@context\":\"https:\/\/schema.org\",\"@graph\":[{\"@type\":\"Article\",\"@id\":\"https:\/\/web.consaguirre.com.ar\/noticias\/tremendo-cache-de-celia-cruz-y-johnny-pacheco-tendra-reedicion-en-vinilo\/#article\",\"isPartOf\":{\"@id\":\"https:\/\/web.consaguirre.com.ar\/noticias\/tremendo-cache-de-celia-cruz-y-johnny-pacheco-tendra-reedicion-en-vinilo\/\"},\"author\":{\"name\":\"Javier Figueroa\",\"@id\":\"https:\/\/web.consaguirre.com.ar\/noticias\/#\/schema\/person\/6558b0cfedee7ddc5425602b237d5722\"},\"headline\":\"&#8216;Tremendo Cach\u00e9&#8217; de Celia Cruz y Johnny Pacheco tendr\u00e1 reedici\u00f3n en vinilo\",\"datePublished\":\"2025-01-17T20:42:03+00:00\",\"dateModified\":\"2025-01-17T20:42:06+00:00\",\"mainEntityOfPage\":{\"@id\":\"https:\/\/web.consaguirre.com.ar\/noticias\/tremendo-cache-de-celia-cruz-y-johnny-pacheco-tendra-reedicion-en-vinilo\/\"},\"wordCount\":331,\"publisher\":{\"@id\":\"https:\/\/web.consaguirre.com.ar\/noticias\/#organization\"},\"image\":{\"@id\":\"https:\/\/web.consaguirre.com.ar\/noticias\/tremendo-cache-de-celia-cruz-y-johnny-pacheco-tendra-reedicion-en-vinilo\/#primaryimage\"},\"thumbnailUrl\":\"https:\/\/web.consaguirre.com.ar\/noticias\/wp-content\/uploads\/2025\/01\/Tremendo-Cache-de-Celia-Cruz-y-Johnny-Pacheco-tendra-reedicion.jpg\",\"keywords\":[\"Cach\u00e9\",\"Celia\",\"Cruz\",\"Johnny\",\"Pacheco\",\"reedici\u00f3n\",\"tendr\u00e1\",\"Tremendo\",\"vinilo\"],\"articleSection\":[\"El \u00faltimo\"],\"inLanguage\":\"es-AR\"},{\"@type\":\"WebPage\",\"@id\":\"https:\/\/web.consaguirre.com.ar\/noticias\/tremendo-cache-de-celia-cruz-y-johnny-pacheco-tendra-reedicion-en-vinilo\/\",\"url\":\"https:\/\/web.consaguirre.com.ar\/noticias\/tremendo-cache-de-celia-cruz-y-johnny-pacheco-tendra-reedicion-en-vinilo\/\",\"name\":\"'Tremendo Cach\u00e9' de Celia Cruz y Johnny Pacheco tendr\u00e1 reedici\u00f3n en vinilo\",\"isPartOf\":{\"@id\":\"https:\/\/web.consaguirre.com.ar\/noticias\/#website\"},\"primaryImageOfPage\":{\"@id\":\"https:\/\/web.consaguirre.com.ar\/noticias\/tremendo-cache-de-celia-cruz-y-johnny-pacheco-tendra-reedicion-en-vinilo\/#primaryimage\"},\"image\":{\"@id\":\"https:\/\/web.consaguirre.com.ar\/noticias\/tremendo-cache-de-celia-cruz-y-johnny-pacheco-tendra-reedicion-en-vinilo\/#primaryimage\"},\"thumbnailUrl\":\"https:\/\/web.consaguirre.com.ar\/noticias\/wp-content\/uploads\/2025\/01\/Tremendo-Cache-de-Celia-Cruz-y-Johnny-Pacheco-tendra-reedicion.jpg\",\"datePublished\":\"2025-01-17T20:42:03+00:00\",\"dateModified\":\"2025-01-17T20:42:06+00:00\",\"breadcrumb\":{\"@id\":\"https:\/\/web.consaguirre.com.ar\/noticias\/tremendo-cache-de-celia-cruz-y-johnny-pacheco-tendra-reedicion-en-vinilo\/#breadcrumb\"},\"inLanguage\":\"es-AR\",\"potentialAction\":[{\"@type\":\"ReadAction\",\"target\":[\"https:\/\/web.consaguirre.com.ar\/noticias\/tremendo-cache-de-celia-cruz-y-johnny-pacheco-tendra-reedicion-en-vinilo\/\"]}]},{\"@type\":\"ImageObject\",\"inLanguage\":\"es-AR\",\"@id\":\"https:\/\/web.consaguirre.com.ar\/noticias\/tremendo-cache-de-celia-cruz-y-johnny-pacheco-tendra-reedicion-en-vinilo\/#primaryimage\",\"url\":\"https:\/\/web.consaguirre.com.ar\/noticias\/wp-content\/uploads\/2025\/01\/Tremendo-Cache-de-Celia-Cruz-y-Johnny-Pacheco-tendra-reedicion.jpg\",\"contentUrl\":\"https:\/\/web.consaguirre.com.ar\/noticias\/wp-content\/uploads\/2025\/01\/Tremendo-Cache-de-Celia-Cruz-y-Johnny-Pacheco-tendra-reedicion.jpg\",\"width\":1280,\"height\":1280,\"caption\":\"'Tremendo Cach\u00e9' de Celia Cruz y Johnny Pacheco tendr\u00e1 reedici\u00f3n en vinilo\"},{\"@type\":\"BreadcrumbList\",\"@id\":\"https:\/\/web.consaguirre.com.ar\/noticias\/tremendo-cache-de-celia-cruz-y-johnny-pacheco-tendra-reedicion-en-vinilo\/#breadcrumb\",\"itemListElement\":[{\"@type\":\"ListItem\",\"position\":1,\"name\":\"Inicio\",\"item\":\"https:\/\/web.consaguirre.com.ar\/noticias\/\"},{\"@type\":\"ListItem\",\"position\":2,\"name\":\"&#8216;Tremendo Cach\u00e9&#8217; de Celia Cruz y Johnny Pacheco tendr\u00e1 reedici\u00f3n en vinilo\"}]},{\"@type\":\"WebSite\",\"@id\":\"https:\/\/web.consaguirre.com.ar\/noticias\/#website\",\"url\":\"https:\/\/web.consaguirre.com.ar\/noticias\/\",\"name\":\"Conservatorio de M\u00fasica Juli\u00e1n Aguirre\",\"description\":\"\",\"publisher\":{\"@id\":\"https:\/\/web.consaguirre.com.ar\/noticias\/#organization\"},\"potentialAction\":[{\"@type\":\"SearchAction\",\"target\":{\"@type\":\"EntryPoint\",\"urlTemplate\":\"https:\/\/web.consaguirre.com.ar\/noticias\/?s={search_term_string}\"},\"query-input\":\"required name=search_term_string\"}],\"inLanguage\":\"es-AR\"},{\"@type\":\"Organization\",\"@id\":\"https:\/\/web.consaguirre.com.ar\/noticias\/#organization\",\"name\":\"Conservatorio de M\u00fasica Juli\u00e1n Aguirre\",\"url\":\"https:\/\/web.consaguirre.com.ar\/noticias\/\",\"logo\":{\"@type\":\"ImageObject\",\"inLanguage\":\"es-AR\",\"@id\":\"https:\/\/web.consaguirre.com.ar\/noticias\/#\/schema\/logo\/image\/\",\"url\":\"https:\/\/web.consaguirre.com.ar\/noticias\/wp-content\/uploads\/2024\/08\/Banner-Aguirre-23.jpg\",\"contentUrl\":\"https:\/\/web.consaguirre.com.ar\/noticias\/wp-content\/uploads\/2024\/08\/Banner-Aguirre-23.jpg\",\"width\":1192,\"height\":600,\"caption\":\"Conservatorio de M\u00fasica Juli\u00e1n Aguirre\"},\"image\":{\"@id\":\"https:\/\/web.consaguirre.com.ar\/noticias\/#\/schema\/logo\/image\/\"}},{\"@type\":\"Person\",\"@id\":\"https:\/\/web.consaguirre.com.ar\/noticias\/#\/schema\/person\/6558b0cfedee7ddc5425602b237d5722\",\"name\":\"Javier Figueroa\",\"image\":{\"@type\":\"ImageObject\",\"inLanguage\":\"es-AR\",\"@id\":\"https:\/\/web.consaguirre.com.ar\/noticias\/#\/schema\/person\/image\/\",\"url\":\"https:\/\/web.consaguirre.com.ar\/noticias\/wp-content\/uploads\/2024\/08\/Consaguirre-scaled.jpg\",\"contentUrl\":\"https:\/\/web.consaguirre.com.ar\/noticias\/wp-content\/uploads\/2024\/08\/Consaguirre-scaled.jpg\",\"caption\":\"Javier Figueroa\"},\"description\":\"Me llamo Javier Figueroa y soy redactor para el sitio oficial del Conservatorio de M\u00fasica Juli\u00e1n Aguirre en Buenos Aires, consaguirre.com. Apasionado por la m\u00fasica y la escritura, me esfuerzo por destacar los talentos y eventos de nuestra prestigiosa instituci\u00f3n. Mi trayectoria se nutre de una profunda admiraci\u00f3n por los artistas, haciendo de cada art\u00edculo una celebraci\u00f3n de la creatividad y la cultura musical.\",\"sameAs\":[\"https:\/\/web.consaguirre.com.ar\/noticias\"]}]}<\/script>\n<!-- \/ Yoast SEO plugin. -->","yoast_head_json":{"title":"'Tremendo Cach\u00e9' de Celia Cruz y Johnny Pacheco tendr\u00e1 reedici\u00f3n en vinilo","robots":{"index":"index","follow":"follow","max-snippet":"max-snippet:-1","max-image-preview":"max-image-preview:large","max-video-preview":"max-video-preview:-1"},"canonical":"https:\/\/web.consaguirre.com.ar\/noticias\/tremendo-cache-de-celia-cruz-y-johnny-pacheco-tendra-reedicion-en-vinilo\/","og_locale":"es_ES","og_type":"article","og_title":"'Tremendo Cach\u00e9' de Celia Cruz y Johnny Pacheco tendr\u00e1 reedici\u00f3n en vinilo","og_description":"Celia Cruz y el de Johnny Pacheco Tremendo cacheuno de los \u00e1lbumes m\u00e1s fundamentales de la m\u00fasica salsa, recibir\u00e1 una reedici\u00f3n en vinilo de Craft","og_url":"https:\/\/web.consaguirre.com.ar\/noticias\/tremendo-cache-de-celia-cruz-y-johnny-pacheco-tendra-reedicion-en-vinilo\/","og_site_name":"Conservatorio de M\u00fasica Juli\u00e1n Aguirre","article_published_time":"2025-01-17T20:42:03+00:00","article_modified_time":"2025-01-17T20:42:06+00:00","og_image":[{"width":1280,"height":1280,"url":"https:\/\/web.consaguirre.com.ar\/noticias\/wp-content\/uploads\/2025\/01\/Tremendo-Cache-de-Celia-Cruz-y-Johnny-Pacheco-tendra-reedicion.jpg","type":"image\/jpeg"}],"author":"Javier Figueroa","twitter_card":"summary_large_image","twitter_misc":{"Escrito por":"Javier Figueroa","Tiempo de lectura":"2 minutos"},"schema":{"@context":"https:\/\/schema.org","@graph":[{"@type":"Article","@id":"https:\/\/web.consaguirre.com.ar\/noticias\/tremendo-cache-de-celia-cruz-y-johnny-pacheco-tendra-reedicion-en-vinilo\/#article","isPartOf":{"@id":"https:\/\/web.consaguirre.com.ar\/noticias\/tremendo-cache-de-celia-cruz-y-johnny-pacheco-tendra-reedicion-en-vinilo\/"},"author":{"name":"Javier Figueroa","@id":"https:\/\/web.consaguirre.com.ar\/noticias\/#\/schema\/person\/6558b0cfedee7ddc5425602b237d5722"},"headline":"&#8216;Tremendo Cach\u00e9&#8217; de Celia Cruz y Johnny Pacheco tendr\u00e1 reedici\u00f3n en vinilo","datePublished":"2025-01-17T20:42:03+00:00","dateModified":"2025-01-17T20:42:06+00:00","mainEntityOfPage":{"@id":"https:\/\/web.consaguirre.com.ar\/noticias\/tremendo-cache-de-celia-cruz-y-johnny-pacheco-tendra-reedicion-en-vinilo\/"},"wordCount":331,"publisher":{"@id":"https:\/\/web.consaguirre.com.ar\/noticias\/#organization"},"image":{"@id":"https:\/\/web.consaguirre.com.ar\/noticias\/tremendo-cache-de-celia-cruz-y-johnny-pacheco-tendra-reedicion-en-vinilo\/#primaryimage"},"thumbnailUrl":"https:\/\/web.consaguirre.com.ar\/noticias\/wp-content\/uploads\/2025\/01\/Tremendo-Cache-de-Celia-Cruz-y-Johnny-Pacheco-tendra-reedicion.jpg","keywords":["Cach\u00e9","Celia","Cruz","Johnny","Pacheco","reedici\u00f3n","tendr\u00e1","Tremendo","vinilo"],"articleSection":["El \u00faltimo"],"inLanguage":"es-AR"},{"@type":"WebPage","@id":"https:\/\/web.consaguirre.com.ar\/noticias\/tremendo-cache-de-celia-cruz-y-johnny-pacheco-tendra-reedicion-en-vinilo\/","url":"https:\/\/web.consaguirre.com.ar\/noticias\/tremendo-cache-de-celia-cruz-y-johnny-pacheco-tendra-reedicion-en-vinilo\/","name":"'Tremendo Cach\u00e9' de Celia Cruz y Johnny Pacheco tendr\u00e1 reedici\u00f3n en vinilo","isPartOf":{"@id":"https:\/\/web.consaguirre.com.ar\/noticias\/#website"},"primaryImageOfPage":{"@id":"https:\/\/web.consaguirre.com.ar\/noticias\/tremendo-cache-de-celia-cruz-y-johnny-pacheco-tendra-reedicion-en-vinilo\/#primaryimage"},"image":{"@id":"https:\/\/web.consaguirre.com.ar\/noticias\/tremendo-cache-de-celia-cruz-y-johnny-pacheco-tendra-reedicion-en-vinilo\/#primaryimage"},"thumbnailUrl":"https:\/\/web.consaguirre.com.ar\/noticias\/wp-content\/uploads\/2025\/01\/Tremendo-Cache-de-Celia-Cruz-y-Johnny-Pacheco-tendra-reedicion.jpg","datePublished":"2025-01-17T20:42:03+00:00","dateModified":"2025-01-17T20:42:06+00:00","breadcrumb":{"@id":"https:\/\/web.consaguirre.com.ar\/noticias\/tremendo-cache-de-celia-cruz-y-johnny-pacheco-tendra-reedicion-en-vinilo\/#breadcrumb"},"inLanguage":"es-AR","potentialAction":[{"@type":"ReadAction","target":["https:\/\/web.consaguirre.com.ar\/noticias\/tremendo-cache-de-celia-cruz-y-johnny-pacheco-tendra-reedicion-en-vinilo\/"]}]},{"@type":"ImageObject","inLanguage":"es-AR","@id":"https:\/\/web.consaguirre.com.ar\/noticias\/tremendo-cache-de-celia-cruz-y-johnny-pacheco-tendra-reedicion-en-vinilo\/#primaryimage","url":"https:\/\/web.consaguirre.com.ar\/noticias\/wp-content\/uploads\/2025\/01\/Tremendo-Cache-de-Celia-Cruz-y-Johnny-Pacheco-tendra-reedicion.jpg","contentUrl":"https:\/\/web.consaguirre.com.ar\/noticias\/wp-content\/uploads\/2025\/01\/Tremendo-Cache-de-Celia-Cruz-y-Johnny-Pacheco-tendra-reedicion.jpg","width":1280,"height":1280,"caption":"'Tremendo Cach\u00e9' de Celia Cruz y Johnny Pacheco tendr\u00e1 reedici\u00f3n en vinilo"},{"@type":"BreadcrumbList","@id":"https:\/\/web.consaguirre.com.ar\/noticias\/tremendo-cache-de-celia-cruz-y-johnny-pacheco-tendra-reedicion-en-vinilo\/#breadcrumb","itemListElement":[{"@type":"ListItem","position":1,"name":"Inicio","item":"https:\/\/web.consaguirre.com.ar\/noticias\/"},{"@type":"ListItem","position":2,"name":"&#8216;Tremendo Cach\u00e9&#8217; de Celia Cruz y Johnny Pacheco tendr\u00e1 reedici\u00f3n en vinilo"}]},{"@type":"WebSite","@id":"https:\/\/web.consaguirre.com.ar\/noticias\/#website","url":"https:\/\/web.consaguirre.com.ar\/noticias\/","name":"Conservatorio de M\u00fasica Juli\u00e1n Aguirre","description":"","publisher":{"@id":"https:\/\/web.consaguirre.com.ar\/noticias\/#organization"},"potentialAction":[{"@type":"SearchAction","target":{"@type":"EntryPoint","urlTemplate":"https:\/\/web.consaguirre.com.ar\/noticias\/?s={search_term_string}"},"query-input":"required name=search_term_string"}],"inLanguage":"es-AR"},{"@type":"Organization","@id":"https:\/\/web.consaguirre.com.ar\/noticias\/#organization","name":"Conservatorio de M\u00fasica Juli\u00e1n Aguirre","url":"https:\/\/web.consaguirre.com.ar\/noticias\/","logo":{"@type":"ImageObject","inLanguage":"es-AR","@id":"https:\/\/web.consaguirre.com.ar\/noticias\/#\/schema\/logo\/image\/","url":"https:\/\/web.consaguirre.com.ar\/noticias\/wp-content\/uploads\/2024\/08\/Banner-Aguirre-23.jpg","contentUrl":"https:\/\/web.consaguirre.com.ar\/noticias\/wp-content\/uploads\/2024\/08\/Banner-Aguirre-23.jpg","width":1192,"height":600,"caption":"Conservatorio de M\u00fasica Juli\u00e1n Aguirre"},"image":{"@id":"https:\/\/web.consaguirre.com.ar\/noticias\/#\/schema\/logo\/image\/"}},{"@type":"Person","@id":"https:\/\/web.consaguirre.com.ar\/noticias\/#\/schema\/person\/6558b0cfedee7ddc5425602b237d5722","name":"Javier Figueroa","image":{"@type":"ImageObject","inLanguage":"es-AR","@id":"https:\/\/web.consaguirre.com.ar\/noticias\/#\/schema\/person\/image\/","url":"https:\/\/web.consaguirre.com.ar\/noticias\/wp-content\/uploads\/2024\/08\/Consaguirre-scaled.jpg","contentUrl":"https:\/\/web.consaguirre.com.ar\/noticias\/wp-content\/uploads\/2024\/08\/Consaguirre-scaled.jpg","caption":"Javier Figueroa"},"description":"Me llamo Javier Figueroa y soy redactor para el sitio oficial del Conservatorio de M\u00fasica Juli\u00e1n Aguirre en Buenos Aires, consaguirre.com. Apasionado por la m\u00fasica y la escritura, me esfuerzo por destacar los talentos y eventos de nuestra prestigiosa instituci\u00f3n. Mi trayectoria se nutre de una profunda admiraci\u00f3n por los artistas, haciendo de cada art\u00edculo una celebraci\u00f3n de la creatividad y la cultura musical.","sameAs":["https:\/\/web.consaguirre.com.ar\/noticias"]}]}},"_links":{"self":[{"href":"https:\/\/web.consaguirre.com.ar\/noticias\/wp-json\/wp\/v2\/posts\/1613"}],"collection":[{"href":"https:\/\/web.consaguirre.com.ar\/noticias\/wp-json\/wp\/v2\/posts"}],"about":[{"href":"https:\/\/web.consaguirre.com.ar\/noticias\/wp-json\/wp\/v2\/types\/post"}],"author":[{"embeddable":true,"href":"https:\/\/web.consaguirre.com.ar\/noticias\/wp-json\/wp\/v2\/users\/1"}],"replies":[{"embeddable":true,"href":"https:\/\/web.consaguirre.com.ar\/noticias\/wp-json\/wp\/v2\/comments?post=1613"}],"version-history":[{"count":1,"href":"https:\/\/web.consaguirre.com.ar\/noticias\/wp-json\/wp\/v2\/posts\/1613\/revisions"}],"predecessor-version":[{"id":1615,"href":"https:\/\/web.consaguirre.com.ar\/noticias\/wp-json\/wp\/v2\/posts\/1613\/revisions\/1615"}],"wp:featuredmedia":[{"embeddable":true,"href":"https:\/\/web.consaguirre.com.ar\/noticias\/wp-json\/wp\/v2\/media\/1614"}],"wp:attachment":[{"href":"https:\/\/web.consaguirre.com.ar\/noticias\/wp-json\/wp\/v2\/media?parent=1613"}],"wp:term":[{"taxonomy":"category","embeddable":true,"href":"https:\/\/web.consaguirre.com.ar\/noticias\/wp-json\/wp\/v2\/categories?post=1613"},{"taxonomy":"post_tag","embeddable":true,"href":"https:\/\/web.consaguirre.com.ar\/noticias\/wp-json\/wp\/v2\/tags?post=1613"}],"curies":[{"name":"wp","href":"https:\/\/api.w.org\/{rel}","templated":true}]}}