{"id":1610,"date":"2025-01-17T14:43:59","date_gmt":"2025-01-17T17:43:59","guid":{"rendered":"https:\/\/web.consaguirre.com.ar\/noticias\/triada-anuncia-ep-debut-de-versiones-y-alma\/"},"modified":"2025-01-17T14:44:02","modified_gmt":"2025-01-17T17:44:02","slug":"triada-anuncia-ep-debut-de-versiones-y-alma","status":"publish","type":"post","link":"https:\/\/web.consaguirre.com.ar\/noticias\/triada-anuncia-ep-debut-de-versiones-y-alma\/","title":{"rendered":"TR\u00cdADA anuncia EP debut, &#8216;De Versiones y Alma&#8217;"},"content":{"rendered":"<p>Tr\u00edo radicado en Buenos Aires <strong>TR\u00cdADA<\/strong> ha anunciado un EP debut, <em>De Versiones y Alma<\/em>.<\/p>\n<p>El grupo, formado por Diamela Spina (voz y percusi\u00f3n), Julia Percowicz (voz) y Aylen Reynoso (guitarra), lanz\u00f3 su sencillo debut, una versi\u00f3n del cl\u00e1sico de bossa-nova \u201cO Pato\u201d de Jo\u00e3o Gilberto en diciembre. En un comunicado compartido tras el lanzamiento del sencillo, el tr\u00edo calific\u00f3 el tema como \u201cuna canci\u00f3n que le tenemos mucho cari\u00f1o, ya que marc\u00f3 parte de nuestras vidas y nos mostr\u00f3 el camino en nuestros inicios como grupo\u201d.<\/p>\n<div class=\"uD-YT-container\"><img decoding=\"async\" src=\"https:\/\/web.consaguirre.com.ar\/noticias\/wp-content\/uploads\/2025\/01\/1737135839_62_TRIADA-anuncia-EP-debut-De-Versiones-y-Alma.jpg\" alt=\"V\u00eddeo de YouTube\"><br \/>Haga clic para cargar v\u00eddeo<\/div>\n<p>Su nueva compilaci\u00f3n de seis temas re\u00fane algunos de sus covers m\u00e1s populares en las redes sociales, incluido un cover en espa\u00f1ol de su compa\u00f1ero de sello Verve. <strong>Liana Flores<\/strong>&#8216;, el tema \u201cRises the moon\u201d (estilizado como \u201cSale La Luna\u201d) y \u201cRomp\u00ed\u201d de Sof\u00eda Alvez.<\/p>\n<p>Spina, Percowicz y Reynoso comenzaron a hacer m\u00fasica juntos mientras estudiaban en la escuela de artes esc\u00e9nicas y finalmente acumularon un importante n\u00famero de seguidores en las redes sociales a nivel mundial antes de comenzar a autograbar m\u00fasica en 2023. Fue en ese momento que eligieron el nombre TR\u00cdADA, un referencia a las tres notas que forman un acorde.<\/p>\n<div class=\"uD-YT-container\"><img decoding=\"async\" src=\"https:\/\/web.consaguirre.com.ar\/noticias\/wp-content\/uploads\/2025\/01\/1737135839_853_TRIADA-anuncia-EP-debut-De-Versiones-y-Alma.jpg\" alt=\"V\u00eddeo de YouTube\"><br \/>Haga clic para cargar v\u00eddeo<\/div>\n<p>Adem\u00e1s de las versiones incluidas en el EP, que se lanzar\u00e1 el 21 de marzo, TR\u00cdADA tambi\u00e9n ha compartido versiones de canciones de Lianna La Havas, Laufey, Yebba Smith y m\u00e1s. Sus compa\u00f1eros de sello en Verve incluyen a artistas como la artista ganadora del Grammy Samara Joy, Cynthia Erivo, Arooj Aftab, Diana Krall y Kurt Vile.<\/p><\/p>\n","protected":false},"excerpt":{"rendered":"<p>Tr\u00edo radicado en Buenos Aires TR\u00cdADA ha anunciado un EP debut, De Versiones y Alma. El grupo, formado por Diamela Spina (voz y percusi\u00f3n), Julia<\/p>\n","protected":false},"author":1,"featured_media":1611,"comment_status":"closed","ping_status":"","sticky":false,"template":"","format":"standard","meta":{"footnotes":""},"categories":[50],"tags":[1632,56,257,1671,373],"class_list":["post-1610","post","type-post","status-publish","format-standard","has-post-thumbnail","hentry","category-el-ultimo","tag-alma","tag-anuncia","tag-debut","tag-triada","tag-versiones","generate-columns","tablet-grid-50","mobile-grid-100","grid-parent","grid-50"],"yoast_head":"<!-- This site is optimized with the Yoast SEO plugin v23.3 - https:\/\/yoast.com\/wordpress\/plugins\/seo\/ -->\n<title>TR\u00cdADA anuncia EP debut, &#039;De Versiones y Alma&#039;<\/title>\n<meta name=\"robots\" content=\"index, follow, max-snippet:-1, max-image-preview:large, max-video-preview:-1\" \/>\n<link rel=\"canonical\" href=\"https:\/\/web.consaguirre.com.ar\/noticias\/triada-anuncia-ep-debut-de-versiones-y-alma\/\" \/>\n<meta property=\"og:locale\" content=\"es_ES\" \/>\n<meta property=\"og:type\" content=\"article\" \/>\n<meta property=\"og:title\" content=\"TR\u00cdADA anuncia EP debut, &#039;De Versiones y Alma&#039;\" \/>\n<meta property=\"og:description\" content=\"Tr\u00edo radicado en Buenos Aires TR\u00cdADA ha anunciado un EP debut, De Versiones y Alma. El grupo, formado por Diamela Spina (voz y percusi\u00f3n), Julia\" \/>\n<meta property=\"og:url\" content=\"https:\/\/web.consaguirre.com.ar\/noticias\/triada-anuncia-ep-debut-de-versiones-y-alma\/\" \/>\n<meta property=\"og:site_name\" content=\"Conservatorio de M\u00fasica Juli\u00e1n Aguirre\" \/>\n<meta property=\"article:published_time\" content=\"2025-01-17T17:43:59+00:00\" \/>\n<meta property=\"article:modified_time\" content=\"2025-01-17T17:44:02+00:00\" \/>\n<meta property=\"og:image\" content=\"https:\/\/web.consaguirre.com.ar\/noticias\/wp-content\/uploads\/2025\/01\/1737135839_TRIADA-anuncia-EP-debut-De-Versiones-y-Alma.jpg\" \/>\n\t<meta property=\"og:image:width\" content=\"1280\" \/>\n\t<meta property=\"og:image:height\" content=\"1280\" \/>\n\t<meta property=\"og:image:type\" content=\"image\/jpeg\" \/>\n<meta name=\"author\" content=\"Javier Figueroa\" \/>\n<meta name=\"twitter:card\" content=\"summary_large_image\" \/>\n<meta name=\"twitter:label1\" content=\"Escrito por\" \/>\n\t<meta name=\"twitter:data1\" content=\"Javier Figueroa\" \/>\n\t<meta name=\"twitter:label2\" content=\"Tiempo de lectura\" \/>\n\t<meta name=\"twitter:data2\" content=\"1 minuto\" \/>\n<script type=\"application\/ld+json\" class=\"yoast-schema-graph\">{\"@context\":\"https:\/\/schema.org\",\"@graph\":[{\"@type\":\"Article\",\"@id\":\"https:\/\/web.consaguirre.com.ar\/noticias\/triada-anuncia-ep-debut-de-versiones-y-alma\/#article\",\"isPartOf\":{\"@id\":\"https:\/\/web.consaguirre.com.ar\/noticias\/triada-anuncia-ep-debut-de-versiones-y-alma\/\"},\"author\":{\"name\":\"Javier Figueroa\",\"@id\":\"https:\/\/web.consaguirre.com.ar\/noticias\/#\/schema\/person\/6558b0cfedee7ddc5425602b237d5722\"},\"headline\":\"TR\u00cdADA anuncia EP debut, &#8216;De Versiones y Alma&#8217;\",\"datePublished\":\"2025-01-17T17:43:59+00:00\",\"dateModified\":\"2025-01-17T17:44:02+00:00\",\"mainEntityOfPage\":{\"@id\":\"https:\/\/web.consaguirre.com.ar\/noticias\/triada-anuncia-ep-debut-de-versiones-y-alma\/\"},\"wordCount\":292,\"publisher\":{\"@id\":\"https:\/\/web.consaguirre.com.ar\/noticias\/#organization\"},\"image\":{\"@id\":\"https:\/\/web.consaguirre.com.ar\/noticias\/triada-anuncia-ep-debut-de-versiones-y-alma\/#primaryimage\"},\"thumbnailUrl\":\"https:\/\/web.consaguirre.com.ar\/noticias\/wp-content\/uploads\/2025\/01\/1737135839_TRIADA-anuncia-EP-debut-De-Versiones-y-Alma.jpg\",\"keywords\":[\"alma\",\"anuncia\",\"debut\",\"TR\u00cdADA\",\"versiones\"],\"articleSection\":[\"El \u00faltimo\"],\"inLanguage\":\"es-AR\"},{\"@type\":\"WebPage\",\"@id\":\"https:\/\/web.consaguirre.com.ar\/noticias\/triada-anuncia-ep-debut-de-versiones-y-alma\/\",\"url\":\"https:\/\/web.consaguirre.com.ar\/noticias\/triada-anuncia-ep-debut-de-versiones-y-alma\/\",\"name\":\"TR\u00cdADA anuncia EP debut, 'De Versiones y Alma'\",\"isPartOf\":{\"@id\":\"https:\/\/web.consaguirre.com.ar\/noticias\/#website\"},\"primaryImageOfPage\":{\"@id\":\"https:\/\/web.consaguirre.com.ar\/noticias\/triada-anuncia-ep-debut-de-versiones-y-alma\/#primaryimage\"},\"image\":{\"@id\":\"https:\/\/web.consaguirre.com.ar\/noticias\/triada-anuncia-ep-debut-de-versiones-y-alma\/#primaryimage\"},\"thumbnailUrl\":\"https:\/\/web.consaguirre.com.ar\/noticias\/wp-content\/uploads\/2025\/01\/1737135839_TRIADA-anuncia-EP-debut-De-Versiones-y-Alma.jpg\",\"datePublished\":\"2025-01-17T17:43:59+00:00\",\"dateModified\":\"2025-01-17T17:44:02+00:00\",\"breadcrumb\":{\"@id\":\"https:\/\/web.consaguirre.com.ar\/noticias\/triada-anuncia-ep-debut-de-versiones-y-alma\/#breadcrumb\"},\"inLanguage\":\"es-AR\",\"potentialAction\":[{\"@type\":\"ReadAction\",\"target\":[\"https:\/\/web.consaguirre.com.ar\/noticias\/triada-anuncia-ep-debut-de-versiones-y-alma\/\"]}]},{\"@type\":\"ImageObject\",\"inLanguage\":\"es-AR\",\"@id\":\"https:\/\/web.consaguirre.com.ar\/noticias\/triada-anuncia-ep-debut-de-versiones-y-alma\/#primaryimage\",\"url\":\"https:\/\/web.consaguirre.com.ar\/noticias\/wp-content\/uploads\/2025\/01\/1737135839_TRIADA-anuncia-EP-debut-De-Versiones-y-Alma.jpg\",\"contentUrl\":\"https:\/\/web.consaguirre.com.ar\/noticias\/wp-content\/uploads\/2025\/01\/1737135839_TRIADA-anuncia-EP-debut-De-Versiones-y-Alma.jpg\",\"width\":1280,\"height\":1280,\"caption\":\"TR\u00cdADA anuncia EP debut, 'De Versiones y Alma'\"},{\"@type\":\"BreadcrumbList\",\"@id\":\"https:\/\/web.consaguirre.com.ar\/noticias\/triada-anuncia-ep-debut-de-versiones-y-alma\/#breadcrumb\",\"itemListElement\":[{\"@type\":\"ListItem\",\"position\":1,\"name\":\"Inicio\",\"item\":\"https:\/\/web.consaguirre.com.ar\/noticias\/\"},{\"@type\":\"ListItem\",\"position\":2,\"name\":\"TR\u00cdADA anuncia EP debut, &#8216;De Versiones y Alma&#8217;\"}]},{\"@type\":\"WebSite\",\"@id\":\"https:\/\/web.consaguirre.com.ar\/noticias\/#website\",\"url\":\"https:\/\/web.consaguirre.com.ar\/noticias\/\",\"name\":\"Conservatorio de M\u00fasica Juli\u00e1n Aguirre\",\"description\":\"\",\"publisher\":{\"@id\":\"https:\/\/web.consaguirre.com.ar\/noticias\/#organization\"},\"potentialAction\":[{\"@type\":\"SearchAction\",\"target\":{\"@type\":\"EntryPoint\",\"urlTemplate\":\"https:\/\/web.consaguirre.com.ar\/noticias\/?s={search_term_string}\"},\"query-input\":\"required name=search_term_string\"}],\"inLanguage\":\"es-AR\"},{\"@type\":\"Organization\",\"@id\":\"https:\/\/web.consaguirre.com.ar\/noticias\/#organization\",\"name\":\"Conservatorio de M\u00fasica Juli\u00e1n Aguirre\",\"url\":\"https:\/\/web.consaguirre.com.ar\/noticias\/\",\"logo\":{\"@type\":\"ImageObject\",\"inLanguage\":\"es-AR\",\"@id\":\"https:\/\/web.consaguirre.com.ar\/noticias\/#\/schema\/logo\/image\/\",\"url\":\"https:\/\/web.consaguirre.com.ar\/noticias\/wp-content\/uploads\/2024\/08\/Banner-Aguirre-23.jpg\",\"contentUrl\":\"https:\/\/web.consaguirre.com.ar\/noticias\/wp-content\/uploads\/2024\/08\/Banner-Aguirre-23.jpg\",\"width\":1192,\"height\":600,\"caption\":\"Conservatorio de M\u00fasica Juli\u00e1n Aguirre\"},\"image\":{\"@id\":\"https:\/\/web.consaguirre.com.ar\/noticias\/#\/schema\/logo\/image\/\"}},{\"@type\":\"Person\",\"@id\":\"https:\/\/web.consaguirre.com.ar\/noticias\/#\/schema\/person\/6558b0cfedee7ddc5425602b237d5722\",\"name\":\"Javier Figueroa\",\"image\":{\"@type\":\"ImageObject\",\"inLanguage\":\"es-AR\",\"@id\":\"https:\/\/web.consaguirre.com.ar\/noticias\/#\/schema\/person\/image\/\",\"url\":\"https:\/\/web.consaguirre.com.ar\/noticias\/wp-content\/uploads\/2024\/08\/Consaguirre-scaled.jpg\",\"contentUrl\":\"https:\/\/web.consaguirre.com.ar\/noticias\/wp-content\/uploads\/2024\/08\/Consaguirre-scaled.jpg\",\"caption\":\"Javier Figueroa\"},\"description\":\"Me llamo Javier Figueroa y soy redactor para el sitio oficial del Conservatorio de M\u00fasica Juli\u00e1n Aguirre en Buenos Aires, consaguirre.com. Apasionado por la m\u00fasica y la escritura, me esfuerzo por destacar los talentos y eventos de nuestra prestigiosa instituci\u00f3n. Mi trayectoria se nutre de una profunda admiraci\u00f3n por los artistas, haciendo de cada art\u00edculo una celebraci\u00f3n de la creatividad y la cultura musical.\",\"sameAs\":[\"https:\/\/web.consaguirre.com.ar\/noticias\"]}]}<\/script>\n<!-- \/ Yoast SEO plugin. -->","yoast_head_json":{"title":"TR\u00cdADA anuncia EP debut, 'De Versiones y Alma'","robots":{"index":"index","follow":"follow","max-snippet":"max-snippet:-1","max-image-preview":"max-image-preview:large","max-video-preview":"max-video-preview:-1"},"canonical":"https:\/\/web.consaguirre.com.ar\/noticias\/triada-anuncia-ep-debut-de-versiones-y-alma\/","og_locale":"es_ES","og_type":"article","og_title":"TR\u00cdADA anuncia EP debut, 'De Versiones y Alma'","og_description":"Tr\u00edo radicado en Buenos Aires TR\u00cdADA ha anunciado un EP debut, De Versiones y Alma. El grupo, formado por Diamela Spina (voz y percusi\u00f3n), Julia","og_url":"https:\/\/web.consaguirre.com.ar\/noticias\/triada-anuncia-ep-debut-de-versiones-y-alma\/","og_site_name":"Conservatorio de M\u00fasica Juli\u00e1n Aguirre","article_published_time":"2025-01-17T17:43:59+00:00","article_modified_time":"2025-01-17T17:44:02+00:00","og_image":[{"width":1280,"height":1280,"url":"https:\/\/web.consaguirre.com.ar\/noticias\/wp-content\/uploads\/2025\/01\/1737135839_TRIADA-anuncia-EP-debut-De-Versiones-y-Alma.jpg","type":"image\/jpeg"}],"author":"Javier Figueroa","twitter_card":"summary_large_image","twitter_misc":{"Escrito por":"Javier Figueroa","Tiempo de lectura":"1 minuto"},"schema":{"@context":"https:\/\/schema.org","@graph":[{"@type":"Article","@id":"https:\/\/web.consaguirre.com.ar\/noticias\/triada-anuncia-ep-debut-de-versiones-y-alma\/#article","isPartOf":{"@id":"https:\/\/web.consaguirre.com.ar\/noticias\/triada-anuncia-ep-debut-de-versiones-y-alma\/"},"author":{"name":"Javier Figueroa","@id":"https:\/\/web.consaguirre.com.ar\/noticias\/#\/schema\/person\/6558b0cfedee7ddc5425602b237d5722"},"headline":"TR\u00cdADA anuncia EP debut, &#8216;De Versiones y Alma&#8217;","datePublished":"2025-01-17T17:43:59+00:00","dateModified":"2025-01-17T17:44:02+00:00","mainEntityOfPage":{"@id":"https:\/\/web.consaguirre.com.ar\/noticias\/triada-anuncia-ep-debut-de-versiones-y-alma\/"},"wordCount":292,"publisher":{"@id":"https:\/\/web.consaguirre.com.ar\/noticias\/#organization"},"image":{"@id":"https:\/\/web.consaguirre.com.ar\/noticias\/triada-anuncia-ep-debut-de-versiones-y-alma\/#primaryimage"},"thumbnailUrl":"https:\/\/web.consaguirre.com.ar\/noticias\/wp-content\/uploads\/2025\/01\/1737135839_TRIADA-anuncia-EP-debut-De-Versiones-y-Alma.jpg","keywords":["alma","anuncia","debut","TR\u00cdADA","versiones"],"articleSection":["El \u00faltimo"],"inLanguage":"es-AR"},{"@type":"WebPage","@id":"https:\/\/web.consaguirre.com.ar\/noticias\/triada-anuncia-ep-debut-de-versiones-y-alma\/","url":"https:\/\/web.consaguirre.com.ar\/noticias\/triada-anuncia-ep-debut-de-versiones-y-alma\/","name":"TR\u00cdADA anuncia EP debut, 'De Versiones y Alma'","isPartOf":{"@id":"https:\/\/web.consaguirre.com.ar\/noticias\/#website"},"primaryImageOfPage":{"@id":"https:\/\/web.consaguirre.com.ar\/noticias\/triada-anuncia-ep-debut-de-versiones-y-alma\/#primaryimage"},"image":{"@id":"https:\/\/web.consaguirre.com.ar\/noticias\/triada-anuncia-ep-debut-de-versiones-y-alma\/#primaryimage"},"thumbnailUrl":"https:\/\/web.consaguirre.com.ar\/noticias\/wp-content\/uploads\/2025\/01\/1737135839_TRIADA-anuncia-EP-debut-De-Versiones-y-Alma.jpg","datePublished":"2025-01-17T17:43:59+00:00","dateModified":"2025-01-17T17:44:02+00:00","breadcrumb":{"@id":"https:\/\/web.consaguirre.com.ar\/noticias\/triada-anuncia-ep-debut-de-versiones-y-alma\/#breadcrumb"},"inLanguage":"es-AR","potentialAction":[{"@type":"ReadAction","target":["https:\/\/web.consaguirre.com.ar\/noticias\/triada-anuncia-ep-debut-de-versiones-y-alma\/"]}]},{"@type":"ImageObject","inLanguage":"es-AR","@id":"https:\/\/web.consaguirre.com.ar\/noticias\/triada-anuncia-ep-debut-de-versiones-y-alma\/#primaryimage","url":"https:\/\/web.consaguirre.com.ar\/noticias\/wp-content\/uploads\/2025\/01\/1737135839_TRIADA-anuncia-EP-debut-De-Versiones-y-Alma.jpg","contentUrl":"https:\/\/web.consaguirre.com.ar\/noticias\/wp-content\/uploads\/2025\/01\/1737135839_TRIADA-anuncia-EP-debut-De-Versiones-y-Alma.jpg","width":1280,"height":1280,"caption":"TR\u00cdADA anuncia EP debut, 'De Versiones y Alma'"},{"@type":"BreadcrumbList","@id":"https:\/\/web.consaguirre.com.ar\/noticias\/triada-anuncia-ep-debut-de-versiones-y-alma\/#breadcrumb","itemListElement":[{"@type":"ListItem","position":1,"name":"Inicio","item":"https:\/\/web.consaguirre.com.ar\/noticias\/"},{"@type":"ListItem","position":2,"name":"TR\u00cdADA anuncia EP debut, &#8216;De Versiones y Alma&#8217;"}]},{"@type":"WebSite","@id":"https:\/\/web.consaguirre.com.ar\/noticias\/#website","url":"https:\/\/web.consaguirre.com.ar\/noticias\/","name":"Conservatorio de M\u00fasica Juli\u00e1n Aguirre","description":"","publisher":{"@id":"https:\/\/web.consaguirre.com.ar\/noticias\/#organization"},"potentialAction":[{"@type":"SearchAction","target":{"@type":"EntryPoint","urlTemplate":"https:\/\/web.consaguirre.com.ar\/noticias\/?s={search_term_string}"},"query-input":"required name=search_term_string"}],"inLanguage":"es-AR"},{"@type":"Organization","@id":"https:\/\/web.consaguirre.com.ar\/noticias\/#organization","name":"Conservatorio de M\u00fasica Juli\u00e1n Aguirre","url":"https:\/\/web.consaguirre.com.ar\/noticias\/","logo":{"@type":"ImageObject","inLanguage":"es-AR","@id":"https:\/\/web.consaguirre.com.ar\/noticias\/#\/schema\/logo\/image\/","url":"https:\/\/web.consaguirre.com.ar\/noticias\/wp-content\/uploads\/2024\/08\/Banner-Aguirre-23.jpg","contentUrl":"https:\/\/web.consaguirre.com.ar\/noticias\/wp-content\/uploads\/2024\/08\/Banner-Aguirre-23.jpg","width":1192,"height":600,"caption":"Conservatorio de M\u00fasica Juli\u00e1n Aguirre"},"image":{"@id":"https:\/\/web.consaguirre.com.ar\/noticias\/#\/schema\/logo\/image\/"}},{"@type":"Person","@id":"https:\/\/web.consaguirre.com.ar\/noticias\/#\/schema\/person\/6558b0cfedee7ddc5425602b237d5722","name":"Javier Figueroa","image":{"@type":"ImageObject","inLanguage":"es-AR","@id":"https:\/\/web.consaguirre.com.ar\/noticias\/#\/schema\/person\/image\/","url":"https:\/\/web.consaguirre.com.ar\/noticias\/wp-content\/uploads\/2024\/08\/Consaguirre-scaled.jpg","contentUrl":"https:\/\/web.consaguirre.com.ar\/noticias\/wp-content\/uploads\/2024\/08\/Consaguirre-scaled.jpg","caption":"Javier Figueroa"},"description":"Me llamo Javier Figueroa y soy redactor para el sitio oficial del Conservatorio de M\u00fasica Juli\u00e1n Aguirre en Buenos Aires, consaguirre.com. Apasionado por la m\u00fasica y la escritura, me esfuerzo por destacar los talentos y eventos de nuestra prestigiosa instituci\u00f3n. Mi trayectoria se nutre de una profunda admiraci\u00f3n por los artistas, haciendo de cada art\u00edculo una celebraci\u00f3n de la creatividad y la cultura musical.","sameAs":["https:\/\/web.consaguirre.com.ar\/noticias"]}]}},"_links":{"self":[{"href":"https:\/\/web.consaguirre.com.ar\/noticias\/wp-json\/wp\/v2\/posts\/1610"}],"collection":[{"href":"https:\/\/web.consaguirre.com.ar\/noticias\/wp-json\/wp\/v2\/posts"}],"about":[{"href":"https:\/\/web.consaguirre.com.ar\/noticias\/wp-json\/wp\/v2\/types\/post"}],"author":[{"embeddable":true,"href":"https:\/\/web.consaguirre.com.ar\/noticias\/wp-json\/wp\/v2\/users\/1"}],"replies":[{"embeddable":true,"href":"https:\/\/web.consaguirre.com.ar\/noticias\/wp-json\/wp\/v2\/comments?post=1610"}],"version-history":[{"count":1,"href":"https:\/\/web.consaguirre.com.ar\/noticias\/wp-json\/wp\/v2\/posts\/1610\/revisions"}],"predecessor-version":[{"id":1612,"href":"https:\/\/web.consaguirre.com.ar\/noticias\/wp-json\/wp\/v2\/posts\/1610\/revisions\/1612"}],"wp:featuredmedia":[{"embeddable":true,"href":"https:\/\/web.consaguirre.com.ar\/noticias\/wp-json\/wp\/v2\/media\/1611"}],"wp:attachment":[{"href":"https:\/\/web.consaguirre.com.ar\/noticias\/wp-json\/wp\/v2\/media?parent=1610"}],"wp:term":[{"taxonomy":"category","embeddable":true,"href":"https:\/\/web.consaguirre.com.ar\/noticias\/wp-json\/wp\/v2\/categories?post=1610"},{"taxonomy":"post_tag","embeddable":true,"href":"https:\/\/web.consaguirre.com.ar\/noticias\/wp-json\/wp\/v2\/tags?post=1610"}],"curies":[{"name":"wp","href":"https:\/\/api.w.org\/{rel}","templated":true}]}}