{"id":1580,"date":"2025-01-14T17:42:23","date_gmt":"2025-01-14T20:42:23","guid":{"rendered":"https:\/\/web.consaguirre.com.ar\/noticias\/amore-de-andrea-bocelli-obtiene-una-reedicion-de-edicion-limitada\/"},"modified":"2025-01-14T17:42:26","modified_gmt":"2025-01-14T20:42:26","slug":"amore-de-andrea-bocelli-obtiene-una-reedicion-de-edicion-limitada","status":"publish","type":"post","link":"https:\/\/web.consaguirre.com.ar\/noticias\/amore-de-andrea-bocelli-obtiene-una-reedicion-de-edicion-limitada\/","title":{"rendered":"&#8216;Amore&#8217; de Andrea Bocelli obtiene una reedici\u00f3n de edici\u00f3n limitada"},"content":{"rendered":"<p><em>amor<\/em>el \u00e1lbum rom\u00e1ntico de 2006 de <strong>Andrea Bocelli<\/strong>regresa como una reedici\u00f3n de edici\u00f3n limitada. La represi\u00f3n 2xLP saldr\u00e1 en vinilo rojo transparente el 7 de febrero, justo a tiempo para el D\u00eda de San Valent\u00edn.<\/p>\n<p>En <em>amor<\/em>el famoso tenor italiano canta sobre el amor en tres lenguas romances: italiano, espa\u00f1ol y franc\u00e9s. La lista de canciones est\u00e1 repleta de cl\u00e1sicos como \u201cLes Feuilles Mortes\u201d, \u201cSomos Novios\u201d, \u201cBesame Mucho\u201d y \u201cEstate\u201d. Tambi\u00e9n hay una versi\u00f3n de \u201cCan&#8217;t Help Falling In Love\u201d de Elvis Presley y \u201cBecause We Believe\u201d, la canci\u00f3n de cierre de Bocelli de los Juegos Ol\u00edmpicos de Invierno de 2006 en Tur\u00edn. Los invitados al \u00e1lbum incluyen a Christina Aguilera en \u201cSomos Novios (It&#8217;s Impossible)\u201d, Stevie Wonder en \u201cCanzoni Stonate\u201d y Kenny G en \u201cMi Manchi\u201d.<\/p>\n<div class=\"uD-YT-container\"><img decoding=\"async\" src=\"https:\/\/web.consaguirre.com.ar\/noticias\/wp-content\/uploads\/2025\/01\/1736887343_260_Amore-de-Andrea-Bocelli-obtiene-una-reedicion-de-edicion-limitada.jpg\" alt=\"V\u00eddeo de YouTube\"><br \/>Haga clic para cargar v\u00eddeo<\/div>\n<p>Bocelli viene de un 2024 muy ocupado, durante el cual celebr\u00f3 30 a\u00f1os en la industria de la m\u00fasica. Esas festividades comenzaron con una actuaci\u00f3n en los Oscar junto a Matteo Bocelli y fueron seguidas por el lanzamiento de su nuevo \u00e1lbum. <em>duetos<\/em> y la pel\u00edcula del concierto <em>Andrea Bocelli 30: La celebraci\u00f3n<\/em>. Cerr\u00f3 el a\u00f1o con el especial navide\u00f1o \u201cNavidad con Andrea Bocelli y sus amigos\u201d, que se transmiti\u00f3 en Nochebuena por CBS. Tiene docenas de fechas de gira mundial programadas para 2025 y m\u00e1s all\u00e1, incluidas giras por Am\u00e9rica del Norte en febrero y junio de este a\u00f1o.<\/p>\n<p>Desde que se destac\u00f3 con su interpretaci\u00f3n de \u201cIl mare calmo della sera\u201d en el Festival de M\u00fasica de San Remo en Italia en 1994, Bocelli ha sido un tenor de renombre mundial. Ha vendido m\u00e1s de 80 millones de discos en todo el mundo y ha encontrado un \u00e9xito incre\u00edble en los mundos de la m\u00fasica cl\u00e1sica y el pop. Su amiga y colaboradora Celine Dion dijo una vez que \u201csi Dios tuviera una voz para cantar, debe sonar muy parecida a Andrea Bocelli\u201d.<\/p>\n<p><strong>Ordene Andrea Bocelli <em>amor<\/em> en vinilo ahora.<\/strong><\/p>\n","protected":false},"excerpt":{"rendered":"<p>amorel \u00e1lbum rom\u00e1ntico de 2006 de Andrea Bocelliregresa como una reedici\u00f3n de edici\u00f3n limitada. La represi\u00f3n 2xLP saldr\u00e1 en vinilo rojo transparente el 7 de<\/p>\n","protected":false},"author":1,"featured_media":1581,"comment_status":"closed","ping_status":"","sticky":false,"template":"","format":"standard","meta":{"footnotes":""},"categories":[50],"tags":[1645,636,637,160,335,800,117,191],"class_list":["post-1580","post","type-post","status-publish","format-standard","has-post-thumbnail","hentry","category-el-ultimo","tag-amore","tag-andrea","tag-bocelli","tag-edicion","tag-limitada","tag-obtiene","tag-reedicion","tag-una","generate-columns","tablet-grid-50","mobile-grid-100","grid-parent","grid-50"],"yoast_head":"<!-- This site is optimized with the Yoast SEO plugin v23.3 - https:\/\/yoast.com\/wordpress\/plugins\/seo\/ -->\n<title>&#039;Amore&#039; de Andrea Bocelli obtiene una reedici\u00f3n de edici\u00f3n limitada<\/title>\n<meta name=\"robots\" content=\"index, follow, max-snippet:-1, max-image-preview:large, max-video-preview:-1\" \/>\n<link rel=\"canonical\" href=\"https:\/\/web.consaguirre.com.ar\/noticias\/amore-de-andrea-bocelli-obtiene-una-reedicion-de-edicion-limitada\/\" \/>\n<meta property=\"og:locale\" content=\"es_ES\" \/>\n<meta property=\"og:type\" content=\"article\" \/>\n<meta property=\"og:title\" content=\"&#039;Amore&#039; de Andrea Bocelli obtiene una reedici\u00f3n de edici\u00f3n limitada\" \/>\n<meta property=\"og:description\" content=\"amorel \u00e1lbum rom\u00e1ntico de 2006 de Andrea Bocelliregresa como una reedici\u00f3n de edici\u00f3n limitada. La represi\u00f3n 2xLP saldr\u00e1 en vinilo rojo transparente el 7 de\" \/>\n<meta property=\"og:url\" content=\"https:\/\/web.consaguirre.com.ar\/noticias\/amore-de-andrea-bocelli-obtiene-una-reedicion-de-edicion-limitada\/\" \/>\n<meta property=\"og:site_name\" content=\"Conservatorio de M\u00fasica Juli\u00e1n Aguirre\" \/>\n<meta property=\"article:published_time\" content=\"2025-01-14T20:42:23+00:00\" \/>\n<meta property=\"article:modified_time\" content=\"2025-01-14T20:42:26+00:00\" \/>\n<meta property=\"og:image\" content=\"https:\/\/web.consaguirre.com.ar\/noticias\/wp-content\/uploads\/2025\/01\/Amore-de-Andrea-Bocelli-obtiene-una-reedicion-de-edicion-limitada.jpg\" \/>\n\t<meta property=\"og:image:width\" content=\"1280\" \/>\n\t<meta property=\"og:image:height\" content=\"1280\" \/>\n\t<meta property=\"og:image:type\" content=\"image\/jpeg\" \/>\n<meta name=\"author\" content=\"Javier Figueroa\" \/>\n<meta name=\"twitter:card\" content=\"summary_large_image\" \/>\n<meta name=\"twitter:label1\" content=\"Escrito por\" \/>\n\t<meta name=\"twitter:data1\" content=\"Javier Figueroa\" \/>\n\t<meta name=\"twitter:label2\" content=\"Tiempo de lectura\" \/>\n\t<meta name=\"twitter:data2\" content=\"2 minutos\" \/>\n<script type=\"application\/ld+json\" class=\"yoast-schema-graph\">{\"@context\":\"https:\/\/schema.org\",\"@graph\":[{\"@type\":\"Article\",\"@id\":\"https:\/\/web.consaguirre.com.ar\/noticias\/amore-de-andrea-bocelli-obtiene-una-reedicion-de-edicion-limitada\/#article\",\"isPartOf\":{\"@id\":\"https:\/\/web.consaguirre.com.ar\/noticias\/amore-de-andrea-bocelli-obtiene-una-reedicion-de-edicion-limitada\/\"},\"author\":{\"name\":\"Javier Figueroa\",\"@id\":\"https:\/\/web.consaguirre.com.ar\/noticias\/#\/schema\/person\/6558b0cfedee7ddc5425602b237d5722\"},\"headline\":\"&#8216;Amore&#8217; de Andrea Bocelli obtiene una reedici\u00f3n de edici\u00f3n limitada\",\"datePublished\":\"2025-01-14T20:42:23+00:00\",\"dateModified\":\"2025-01-14T20:42:26+00:00\",\"mainEntityOfPage\":{\"@id\":\"https:\/\/web.consaguirre.com.ar\/noticias\/amore-de-andrea-bocelli-obtiene-una-reedicion-de-edicion-limitada\/\"},\"wordCount\":360,\"publisher\":{\"@id\":\"https:\/\/web.consaguirre.com.ar\/noticias\/#organization\"},\"image\":{\"@id\":\"https:\/\/web.consaguirre.com.ar\/noticias\/amore-de-andrea-bocelli-obtiene-una-reedicion-de-edicion-limitada\/#primaryimage\"},\"thumbnailUrl\":\"https:\/\/web.consaguirre.com.ar\/noticias\/wp-content\/uploads\/2025\/01\/Amore-de-Andrea-Bocelli-obtiene-una-reedicion-de-edicion-limitada.jpg\",\"keywords\":[\"Amore\",\"Andrea\",\"Bocelli\",\"edici\u00f3n\",\"limitada\",\"obtiene\",\"reedici\u00f3n\",\"una\"],\"articleSection\":[\"El \u00faltimo\"],\"inLanguage\":\"es-AR\"},{\"@type\":\"WebPage\",\"@id\":\"https:\/\/web.consaguirre.com.ar\/noticias\/amore-de-andrea-bocelli-obtiene-una-reedicion-de-edicion-limitada\/\",\"url\":\"https:\/\/web.consaguirre.com.ar\/noticias\/amore-de-andrea-bocelli-obtiene-una-reedicion-de-edicion-limitada\/\",\"name\":\"'Amore' de Andrea Bocelli obtiene una reedici\u00f3n de edici\u00f3n limitada\",\"isPartOf\":{\"@id\":\"https:\/\/web.consaguirre.com.ar\/noticias\/#website\"},\"primaryImageOfPage\":{\"@id\":\"https:\/\/web.consaguirre.com.ar\/noticias\/amore-de-andrea-bocelli-obtiene-una-reedicion-de-edicion-limitada\/#primaryimage\"},\"image\":{\"@id\":\"https:\/\/web.consaguirre.com.ar\/noticias\/amore-de-andrea-bocelli-obtiene-una-reedicion-de-edicion-limitada\/#primaryimage\"},\"thumbnailUrl\":\"https:\/\/web.consaguirre.com.ar\/noticias\/wp-content\/uploads\/2025\/01\/Amore-de-Andrea-Bocelli-obtiene-una-reedicion-de-edicion-limitada.jpg\",\"datePublished\":\"2025-01-14T20:42:23+00:00\",\"dateModified\":\"2025-01-14T20:42:26+00:00\",\"breadcrumb\":{\"@id\":\"https:\/\/web.consaguirre.com.ar\/noticias\/amore-de-andrea-bocelli-obtiene-una-reedicion-de-edicion-limitada\/#breadcrumb\"},\"inLanguage\":\"es-AR\",\"potentialAction\":[{\"@type\":\"ReadAction\",\"target\":[\"https:\/\/web.consaguirre.com.ar\/noticias\/amore-de-andrea-bocelli-obtiene-una-reedicion-de-edicion-limitada\/\"]}]},{\"@type\":\"ImageObject\",\"inLanguage\":\"es-AR\",\"@id\":\"https:\/\/web.consaguirre.com.ar\/noticias\/amore-de-andrea-bocelli-obtiene-una-reedicion-de-edicion-limitada\/#primaryimage\",\"url\":\"https:\/\/web.consaguirre.com.ar\/noticias\/wp-content\/uploads\/2025\/01\/Amore-de-Andrea-Bocelli-obtiene-una-reedicion-de-edicion-limitada.jpg\",\"contentUrl\":\"https:\/\/web.consaguirre.com.ar\/noticias\/wp-content\/uploads\/2025\/01\/Amore-de-Andrea-Bocelli-obtiene-una-reedicion-de-edicion-limitada.jpg\",\"width\":1280,\"height\":1280,\"caption\":\"'Amore' de Andrea Bocelli obtiene una reedici\u00f3n de edici\u00f3n limitada\"},{\"@type\":\"BreadcrumbList\",\"@id\":\"https:\/\/web.consaguirre.com.ar\/noticias\/amore-de-andrea-bocelli-obtiene-una-reedicion-de-edicion-limitada\/#breadcrumb\",\"itemListElement\":[{\"@type\":\"ListItem\",\"position\":1,\"name\":\"Inicio\",\"item\":\"https:\/\/web.consaguirre.com.ar\/noticias\/\"},{\"@type\":\"ListItem\",\"position\":2,\"name\":\"&#8216;Amore&#8217; de Andrea Bocelli obtiene una reedici\u00f3n de edici\u00f3n limitada\"}]},{\"@type\":\"WebSite\",\"@id\":\"https:\/\/web.consaguirre.com.ar\/noticias\/#website\",\"url\":\"https:\/\/web.consaguirre.com.ar\/noticias\/\",\"name\":\"Conservatorio de M\u00fasica Juli\u00e1n Aguirre\",\"description\":\"\",\"publisher\":{\"@id\":\"https:\/\/web.consaguirre.com.ar\/noticias\/#organization\"},\"potentialAction\":[{\"@type\":\"SearchAction\",\"target\":{\"@type\":\"EntryPoint\",\"urlTemplate\":\"https:\/\/web.consaguirre.com.ar\/noticias\/?s={search_term_string}\"},\"query-input\":\"required name=search_term_string\"}],\"inLanguage\":\"es-AR\"},{\"@type\":\"Organization\",\"@id\":\"https:\/\/web.consaguirre.com.ar\/noticias\/#organization\",\"name\":\"Conservatorio de M\u00fasica Juli\u00e1n Aguirre\",\"url\":\"https:\/\/web.consaguirre.com.ar\/noticias\/\",\"logo\":{\"@type\":\"ImageObject\",\"inLanguage\":\"es-AR\",\"@id\":\"https:\/\/web.consaguirre.com.ar\/noticias\/#\/schema\/logo\/image\/\",\"url\":\"https:\/\/web.consaguirre.com.ar\/noticias\/wp-content\/uploads\/2024\/08\/Banner-Aguirre-23.jpg\",\"contentUrl\":\"https:\/\/web.consaguirre.com.ar\/noticias\/wp-content\/uploads\/2024\/08\/Banner-Aguirre-23.jpg\",\"width\":1192,\"height\":600,\"caption\":\"Conservatorio de M\u00fasica Juli\u00e1n Aguirre\"},\"image\":{\"@id\":\"https:\/\/web.consaguirre.com.ar\/noticias\/#\/schema\/logo\/image\/\"}},{\"@type\":\"Person\",\"@id\":\"https:\/\/web.consaguirre.com.ar\/noticias\/#\/schema\/person\/6558b0cfedee7ddc5425602b237d5722\",\"name\":\"Javier Figueroa\",\"image\":{\"@type\":\"ImageObject\",\"inLanguage\":\"es-AR\",\"@id\":\"https:\/\/web.consaguirre.com.ar\/noticias\/#\/schema\/person\/image\/\",\"url\":\"https:\/\/web.consaguirre.com.ar\/noticias\/wp-content\/uploads\/2024\/08\/Consaguirre-scaled.jpg\",\"contentUrl\":\"https:\/\/web.consaguirre.com.ar\/noticias\/wp-content\/uploads\/2024\/08\/Consaguirre-scaled.jpg\",\"caption\":\"Javier Figueroa\"},\"description\":\"Me llamo Javier Figueroa y soy redactor para el sitio oficial del Conservatorio de M\u00fasica Juli\u00e1n Aguirre en Buenos Aires, consaguirre.com. Apasionado por la m\u00fasica y la escritura, me esfuerzo por destacar los talentos y eventos de nuestra prestigiosa instituci\u00f3n. Mi trayectoria se nutre de una profunda admiraci\u00f3n por los artistas, haciendo de cada art\u00edculo una celebraci\u00f3n de la creatividad y la cultura musical.\",\"sameAs\":[\"https:\/\/web.consaguirre.com.ar\/noticias\"]}]}<\/script>\n<!-- \/ Yoast SEO plugin. -->","yoast_head_json":{"title":"'Amore' de Andrea Bocelli obtiene una reedici\u00f3n de edici\u00f3n limitada","robots":{"index":"index","follow":"follow","max-snippet":"max-snippet:-1","max-image-preview":"max-image-preview:large","max-video-preview":"max-video-preview:-1"},"canonical":"https:\/\/web.consaguirre.com.ar\/noticias\/amore-de-andrea-bocelli-obtiene-una-reedicion-de-edicion-limitada\/","og_locale":"es_ES","og_type":"article","og_title":"'Amore' de Andrea Bocelli obtiene una reedici\u00f3n de edici\u00f3n limitada","og_description":"amorel \u00e1lbum rom\u00e1ntico de 2006 de Andrea Bocelliregresa como una reedici\u00f3n de edici\u00f3n limitada. La represi\u00f3n 2xLP saldr\u00e1 en vinilo rojo transparente el 7 de","og_url":"https:\/\/web.consaguirre.com.ar\/noticias\/amore-de-andrea-bocelli-obtiene-una-reedicion-de-edicion-limitada\/","og_site_name":"Conservatorio de M\u00fasica Juli\u00e1n Aguirre","article_published_time":"2025-01-14T20:42:23+00:00","article_modified_time":"2025-01-14T20:42:26+00:00","og_image":[{"width":1280,"height":1280,"url":"https:\/\/web.consaguirre.com.ar\/noticias\/wp-content\/uploads\/2025\/01\/Amore-de-Andrea-Bocelli-obtiene-una-reedicion-de-edicion-limitada.jpg","type":"image\/jpeg"}],"author":"Javier Figueroa","twitter_card":"summary_large_image","twitter_misc":{"Escrito por":"Javier Figueroa","Tiempo de lectura":"2 minutos"},"schema":{"@context":"https:\/\/schema.org","@graph":[{"@type":"Article","@id":"https:\/\/web.consaguirre.com.ar\/noticias\/amore-de-andrea-bocelli-obtiene-una-reedicion-de-edicion-limitada\/#article","isPartOf":{"@id":"https:\/\/web.consaguirre.com.ar\/noticias\/amore-de-andrea-bocelli-obtiene-una-reedicion-de-edicion-limitada\/"},"author":{"name":"Javier Figueroa","@id":"https:\/\/web.consaguirre.com.ar\/noticias\/#\/schema\/person\/6558b0cfedee7ddc5425602b237d5722"},"headline":"&#8216;Amore&#8217; de Andrea Bocelli obtiene una reedici\u00f3n de edici\u00f3n limitada","datePublished":"2025-01-14T20:42:23+00:00","dateModified":"2025-01-14T20:42:26+00:00","mainEntityOfPage":{"@id":"https:\/\/web.consaguirre.com.ar\/noticias\/amore-de-andrea-bocelli-obtiene-una-reedicion-de-edicion-limitada\/"},"wordCount":360,"publisher":{"@id":"https:\/\/web.consaguirre.com.ar\/noticias\/#organization"},"image":{"@id":"https:\/\/web.consaguirre.com.ar\/noticias\/amore-de-andrea-bocelli-obtiene-una-reedicion-de-edicion-limitada\/#primaryimage"},"thumbnailUrl":"https:\/\/web.consaguirre.com.ar\/noticias\/wp-content\/uploads\/2025\/01\/Amore-de-Andrea-Bocelli-obtiene-una-reedicion-de-edicion-limitada.jpg","keywords":["Amore","Andrea","Bocelli","edici\u00f3n","limitada","obtiene","reedici\u00f3n","una"],"articleSection":["El \u00faltimo"],"inLanguage":"es-AR"},{"@type":"WebPage","@id":"https:\/\/web.consaguirre.com.ar\/noticias\/amore-de-andrea-bocelli-obtiene-una-reedicion-de-edicion-limitada\/","url":"https:\/\/web.consaguirre.com.ar\/noticias\/amore-de-andrea-bocelli-obtiene-una-reedicion-de-edicion-limitada\/","name":"'Amore' de Andrea Bocelli obtiene una reedici\u00f3n de edici\u00f3n limitada","isPartOf":{"@id":"https:\/\/web.consaguirre.com.ar\/noticias\/#website"},"primaryImageOfPage":{"@id":"https:\/\/web.consaguirre.com.ar\/noticias\/amore-de-andrea-bocelli-obtiene-una-reedicion-de-edicion-limitada\/#primaryimage"},"image":{"@id":"https:\/\/web.consaguirre.com.ar\/noticias\/amore-de-andrea-bocelli-obtiene-una-reedicion-de-edicion-limitada\/#primaryimage"},"thumbnailUrl":"https:\/\/web.consaguirre.com.ar\/noticias\/wp-content\/uploads\/2025\/01\/Amore-de-Andrea-Bocelli-obtiene-una-reedicion-de-edicion-limitada.jpg","datePublished":"2025-01-14T20:42:23+00:00","dateModified":"2025-01-14T20:42:26+00:00","breadcrumb":{"@id":"https:\/\/web.consaguirre.com.ar\/noticias\/amore-de-andrea-bocelli-obtiene-una-reedicion-de-edicion-limitada\/#breadcrumb"},"inLanguage":"es-AR","potentialAction":[{"@type":"ReadAction","target":["https:\/\/web.consaguirre.com.ar\/noticias\/amore-de-andrea-bocelli-obtiene-una-reedicion-de-edicion-limitada\/"]}]},{"@type":"ImageObject","inLanguage":"es-AR","@id":"https:\/\/web.consaguirre.com.ar\/noticias\/amore-de-andrea-bocelli-obtiene-una-reedicion-de-edicion-limitada\/#primaryimage","url":"https:\/\/web.consaguirre.com.ar\/noticias\/wp-content\/uploads\/2025\/01\/Amore-de-Andrea-Bocelli-obtiene-una-reedicion-de-edicion-limitada.jpg","contentUrl":"https:\/\/web.consaguirre.com.ar\/noticias\/wp-content\/uploads\/2025\/01\/Amore-de-Andrea-Bocelli-obtiene-una-reedicion-de-edicion-limitada.jpg","width":1280,"height":1280,"caption":"'Amore' de Andrea Bocelli obtiene una reedici\u00f3n de edici\u00f3n limitada"},{"@type":"BreadcrumbList","@id":"https:\/\/web.consaguirre.com.ar\/noticias\/amore-de-andrea-bocelli-obtiene-una-reedicion-de-edicion-limitada\/#breadcrumb","itemListElement":[{"@type":"ListItem","position":1,"name":"Inicio","item":"https:\/\/web.consaguirre.com.ar\/noticias\/"},{"@type":"ListItem","position":2,"name":"&#8216;Amore&#8217; de Andrea Bocelli obtiene una reedici\u00f3n de edici\u00f3n limitada"}]},{"@type":"WebSite","@id":"https:\/\/web.consaguirre.com.ar\/noticias\/#website","url":"https:\/\/web.consaguirre.com.ar\/noticias\/","name":"Conservatorio de M\u00fasica Juli\u00e1n Aguirre","description":"","publisher":{"@id":"https:\/\/web.consaguirre.com.ar\/noticias\/#organization"},"potentialAction":[{"@type":"SearchAction","target":{"@type":"EntryPoint","urlTemplate":"https:\/\/web.consaguirre.com.ar\/noticias\/?s={search_term_string}"},"query-input":"required name=search_term_string"}],"inLanguage":"es-AR"},{"@type":"Organization","@id":"https:\/\/web.consaguirre.com.ar\/noticias\/#organization","name":"Conservatorio de M\u00fasica Juli\u00e1n Aguirre","url":"https:\/\/web.consaguirre.com.ar\/noticias\/","logo":{"@type":"ImageObject","inLanguage":"es-AR","@id":"https:\/\/web.consaguirre.com.ar\/noticias\/#\/schema\/logo\/image\/","url":"https:\/\/web.consaguirre.com.ar\/noticias\/wp-content\/uploads\/2024\/08\/Banner-Aguirre-23.jpg","contentUrl":"https:\/\/web.consaguirre.com.ar\/noticias\/wp-content\/uploads\/2024\/08\/Banner-Aguirre-23.jpg","width":1192,"height":600,"caption":"Conservatorio de M\u00fasica Juli\u00e1n Aguirre"},"image":{"@id":"https:\/\/web.consaguirre.com.ar\/noticias\/#\/schema\/logo\/image\/"}},{"@type":"Person","@id":"https:\/\/web.consaguirre.com.ar\/noticias\/#\/schema\/person\/6558b0cfedee7ddc5425602b237d5722","name":"Javier Figueroa","image":{"@type":"ImageObject","inLanguage":"es-AR","@id":"https:\/\/web.consaguirre.com.ar\/noticias\/#\/schema\/person\/image\/","url":"https:\/\/web.consaguirre.com.ar\/noticias\/wp-content\/uploads\/2024\/08\/Consaguirre-scaled.jpg","contentUrl":"https:\/\/web.consaguirre.com.ar\/noticias\/wp-content\/uploads\/2024\/08\/Consaguirre-scaled.jpg","caption":"Javier Figueroa"},"description":"Me llamo Javier Figueroa y soy redactor para el sitio oficial del Conservatorio de M\u00fasica Juli\u00e1n Aguirre en Buenos Aires, consaguirre.com. Apasionado por la m\u00fasica y la escritura, me esfuerzo por destacar los talentos y eventos de nuestra prestigiosa instituci\u00f3n. Mi trayectoria se nutre de una profunda admiraci\u00f3n por los artistas, haciendo de cada art\u00edculo una celebraci\u00f3n de la creatividad y la cultura musical.","sameAs":["https:\/\/web.consaguirre.com.ar\/noticias"]}]}},"_links":{"self":[{"href":"https:\/\/web.consaguirre.com.ar\/noticias\/wp-json\/wp\/v2\/posts\/1580"}],"collection":[{"href":"https:\/\/web.consaguirre.com.ar\/noticias\/wp-json\/wp\/v2\/posts"}],"about":[{"href":"https:\/\/web.consaguirre.com.ar\/noticias\/wp-json\/wp\/v2\/types\/post"}],"author":[{"embeddable":true,"href":"https:\/\/web.consaguirre.com.ar\/noticias\/wp-json\/wp\/v2\/users\/1"}],"replies":[{"embeddable":true,"href":"https:\/\/web.consaguirre.com.ar\/noticias\/wp-json\/wp\/v2\/comments?post=1580"}],"version-history":[{"count":1,"href":"https:\/\/web.consaguirre.com.ar\/noticias\/wp-json\/wp\/v2\/posts\/1580\/revisions"}],"predecessor-version":[{"id":1582,"href":"https:\/\/web.consaguirre.com.ar\/noticias\/wp-json\/wp\/v2\/posts\/1580\/revisions\/1582"}],"wp:featuredmedia":[{"embeddable":true,"href":"https:\/\/web.consaguirre.com.ar\/noticias\/wp-json\/wp\/v2\/media\/1581"}],"wp:attachment":[{"href":"https:\/\/web.consaguirre.com.ar\/noticias\/wp-json\/wp\/v2\/media?parent=1580"}],"wp:term":[{"taxonomy":"category","embeddable":true,"href":"https:\/\/web.consaguirre.com.ar\/noticias\/wp-json\/wp\/v2\/categories?post=1580"},{"taxonomy":"post_tag","embeddable":true,"href":"https:\/\/web.consaguirre.com.ar\/noticias\/wp-json\/wp\/v2\/tags?post=1580"}],"curies":[{"name":"wp","href":"https:\/\/api.w.org\/{rel}","templated":true}]}}