{"id":1571,"date":"2025-01-13T17:42:33","date_gmt":"2025-01-13T20:42:33","guid":{"rendered":"https:\/\/web.consaguirre.com.ar\/noticias\/isata-kanneh-mason-actua-en-la-serie-tiny-desk-de-npr\/"},"modified":"2025-01-13T17:42:34","modified_gmt":"2025-01-13T20:42:34","slug":"isata-kanneh-mason-actua-en-la-serie-tiny-desk-de-npr","status":"publish","type":"post","link":"https:\/\/web.consaguirre.com.ar\/noticias\/isata-kanneh-mason-actua-en-la-serie-tiny-desk-de-npr\/","title":{"rendered":"Isata Kanneh-Mason act\u00faa en la serie Tiny Desk de NPR"},"content":{"rendered":"<p><strong>Isata Kanneh-Mason<\/strong> es el \u00faltimo artista en actuar detr\u00e1s del ic\u00f3nico Tiny Desk de NPR. La pianista brit\u00e1nica interpret\u00f3 tres de sus piezas favoritas.<\/p>\n<p>Kanneh-Mason comenz\u00f3 su presentaci\u00f3n abordando el ambicioso final de la Tercera Sonata para piano de Fr\u00e9d\u00e9ric Chopin. Posteriormente, Kanneh-Mason explic\u00f3 por qu\u00e9 eligi\u00f3 a Chopin y dijo: &#8220;\u00c9l era un compositor que siempre toqu\u00e9 cuando era ni\u00f1a, fue uno de los primeros compositores que aprend\u00ed, por lo que siempre es un placer volver a \u00e9l durante toda la vida&#8221;. Kanneh-Mason sigui\u00f3 su impresionante interpretaci\u00f3n con: Consolation No. 3 en re bemol mayor de Franz Liszt.<\/p>\n<div class=\"uD-YT-container\"><img decoding=\"async\" src=\"https:\/\/web.consaguirre.com.ar\/noticias\/wp-content\/uploads\/2025\/01\/1736800953_617_Isata-Kanneh-Mason-actua-en-la-serie-Tiny-Desk-de-NPR.jpg\" alt=\"V\u00eddeo de YouTube\"><br \/>Haga clic para cargar v\u00eddeo<\/div>\n<p>El pianista cierra con un arreglo de \u201cA veces me siento como un ni\u00f1o sin madre\u201d de Samuel Coleridge-Taylor. El compositor brit\u00e1nico negro, que muri\u00f3 joven en 1912, tiene un significado especial para Kanneh-Mason. El padre de Coleridge-Taylor proven\u00eda de Sierra Leona, lugar de nacimiento de la madre de Kanneh-Mason. \u201cCuando era ni\u00f1o, nunca vi a ning\u00fan compositor negro dentro del campo de la m\u00fasica cl\u00e1sica\u201d, explica Kanneh-Mason. Anteriormente interpret\u00f3 la m\u00fasica de Coleridge-Taylor en su \u00e1lbum de 2021. <em>Verano<\/em>que inclu\u00eda interpretaciones de obras de compositores cl\u00e1sicos estadounidenses, as\u00ed como espirituales de Coleridge-Taylor.<\/p>\n<p>En 2023, Kanneh-Mason lanz\u00f3 un \u00e1lbum llamado <em>Cuentos de infancia<\/em>que inclu\u00eda cuatro piezas de Mozart, Dohn\u00e1nyi, Debussy y Schumann. \u201cLas piezas de este \u00e1lbum llevan consigo cierta nostalgia, y en algunas de ellas siento casi una sensaci\u00f3n de a\u00f1oranza por la infancia\u201d, dijo. &#8220;Esa nostalgia por la infancia es algo que quer\u00eda expresar, ya que creo que es un momento en el que el amor por la m\u00fasica es m\u00e1s sencillo&#8221;.<\/p>\n<p>Kanneh-Mason es el mayor de siete hermanos con formaci\u00f3n cl\u00e1sica. En 2021, ella y su hermano Sheku, un renombrado violonchelista, lanzaron <em>Musa<\/em>su primer disco como d\u00fao.<\/p>\n<p>El debut de Kanneh-Mason en 2019, <em>romance<\/em>encabez\u00f3 la lista oficial de artistas cl\u00e1sicos del Reino Unido. El \u00e1lbum era un retrato de la vida de la compositora y pianista Clara Schumann.<\/p><\/p>\n","protected":false},"excerpt":{"rendered":"<p>Isata Kanneh-Mason es el \u00faltimo artista en actuar detr\u00e1s del ic\u00f3nico Tiny Desk de NPR. La pianista brit\u00e1nica interpret\u00f3 tres de sus piezas favoritas. Kanneh-Mason<\/p>\n","protected":false},"author":1,"featured_media":1572,"comment_status":"closed","ping_status":"","sticky":false,"template":"","format":"standard","meta":{"footnotes":""},"categories":[50],"tags":[1637,1479,1635,1636,701,220,1478],"class_list":["post-1571","post","type-post","status-publish","format-standard","has-post-thumbnail","hentry","category-el-ultimo","tag-actua","tag-desk","tag-isata","tag-kannehmason","tag-npr","tag-serie","tag-tiny","generate-columns","tablet-grid-50","mobile-grid-100","grid-parent","grid-50"],"yoast_head":"<!-- This site is optimized with the Yoast SEO plugin v23.3 - https:\/\/yoast.com\/wordpress\/plugins\/seo\/ -->\n<title>Isata Kanneh-Mason act\u00faa en la serie Tiny Desk de NPR<\/title>\n<meta name=\"robots\" content=\"index, follow, max-snippet:-1, max-image-preview:large, max-video-preview:-1\" \/>\n<link rel=\"canonical\" href=\"https:\/\/web.consaguirre.com.ar\/noticias\/isata-kanneh-mason-actua-en-la-serie-tiny-desk-de-npr\/\" \/>\n<meta property=\"og:locale\" content=\"es_ES\" \/>\n<meta property=\"og:type\" content=\"article\" \/>\n<meta property=\"og:title\" content=\"Isata Kanneh-Mason act\u00faa en la serie Tiny Desk de NPR\" \/>\n<meta property=\"og:description\" content=\"Isata Kanneh-Mason es el \u00faltimo artista en actuar detr\u00e1s del ic\u00f3nico Tiny Desk de NPR. La pianista brit\u00e1nica interpret\u00f3 tres de sus piezas favoritas. Kanneh-Mason\" \/>\n<meta property=\"og:url\" content=\"https:\/\/web.consaguirre.com.ar\/noticias\/isata-kanneh-mason-actua-en-la-serie-tiny-desk-de-npr\/\" \/>\n<meta property=\"og:site_name\" content=\"Conservatorio de M\u00fasica Juli\u00e1n Aguirre\" \/>\n<meta property=\"article:published_time\" content=\"2025-01-13T20:42:33+00:00\" \/>\n<meta property=\"article:modified_time\" content=\"2025-01-13T20:42:34+00:00\" \/>\n<meta property=\"og:image\" content=\"https:\/\/web.consaguirre.com.ar\/noticias\/wp-content\/uploads\/2025\/01\/Isata-Kanneh-Mason-actua-en-la-serie-Tiny-Desk-de-NPR.jpg\" \/>\n\t<meta property=\"og:image:width\" content=\"1440\" \/>\n\t<meta property=\"og:image:height\" content=\"864\" \/>\n\t<meta property=\"og:image:type\" content=\"image\/jpeg\" \/>\n<meta name=\"author\" content=\"Javier Figueroa\" \/>\n<meta name=\"twitter:card\" content=\"summary_large_image\" \/>\n<meta name=\"twitter:label1\" content=\"Escrito por\" \/>\n\t<meta name=\"twitter:data1\" content=\"Javier Figueroa\" \/>\n\t<meta name=\"twitter:label2\" content=\"Tiempo de lectura\" \/>\n\t<meta name=\"twitter:data2\" content=\"2 minutos\" \/>\n<script type=\"application\/ld+json\" class=\"yoast-schema-graph\">{\"@context\":\"https:\/\/schema.org\",\"@graph\":[{\"@type\":\"Article\",\"@id\":\"https:\/\/web.consaguirre.com.ar\/noticias\/isata-kanneh-mason-actua-en-la-serie-tiny-desk-de-npr\/#article\",\"isPartOf\":{\"@id\":\"https:\/\/web.consaguirre.com.ar\/noticias\/isata-kanneh-mason-actua-en-la-serie-tiny-desk-de-npr\/\"},\"author\":{\"name\":\"Javier Figueroa\",\"@id\":\"https:\/\/web.consaguirre.com.ar\/noticias\/#\/schema\/person\/6558b0cfedee7ddc5425602b237d5722\"},\"headline\":\"Isata Kanneh-Mason act\u00faa en la serie Tiny Desk de NPR\",\"datePublished\":\"2025-01-13T20:42:33+00:00\",\"dateModified\":\"2025-01-13T20:42:34+00:00\",\"mainEntityOfPage\":{\"@id\":\"https:\/\/web.consaguirre.com.ar\/noticias\/isata-kanneh-mason-actua-en-la-serie-tiny-desk-de-npr\/\"},\"wordCount\":360,\"publisher\":{\"@id\":\"https:\/\/web.consaguirre.com.ar\/noticias\/#organization\"},\"image\":{\"@id\":\"https:\/\/web.consaguirre.com.ar\/noticias\/isata-kanneh-mason-actua-en-la-serie-tiny-desk-de-npr\/#primaryimage\"},\"thumbnailUrl\":\"https:\/\/web.consaguirre.com.ar\/noticias\/wp-content\/uploads\/2025\/01\/Isata-Kanneh-Mason-actua-en-la-serie-Tiny-Desk-de-NPR.jpg\",\"keywords\":[\"act\u00faa\",\"Desk\",\"Isata\",\"KannehMason\",\"NPR\",\"serie\",\"Tiny\"],\"articleSection\":[\"El \u00faltimo\"],\"inLanguage\":\"es-AR\"},{\"@type\":\"WebPage\",\"@id\":\"https:\/\/web.consaguirre.com.ar\/noticias\/isata-kanneh-mason-actua-en-la-serie-tiny-desk-de-npr\/\",\"url\":\"https:\/\/web.consaguirre.com.ar\/noticias\/isata-kanneh-mason-actua-en-la-serie-tiny-desk-de-npr\/\",\"name\":\"Isata Kanneh-Mason act\u00faa en la serie Tiny Desk de NPR\",\"isPartOf\":{\"@id\":\"https:\/\/web.consaguirre.com.ar\/noticias\/#website\"},\"primaryImageOfPage\":{\"@id\":\"https:\/\/web.consaguirre.com.ar\/noticias\/isata-kanneh-mason-actua-en-la-serie-tiny-desk-de-npr\/#primaryimage\"},\"image\":{\"@id\":\"https:\/\/web.consaguirre.com.ar\/noticias\/isata-kanneh-mason-actua-en-la-serie-tiny-desk-de-npr\/#primaryimage\"},\"thumbnailUrl\":\"https:\/\/web.consaguirre.com.ar\/noticias\/wp-content\/uploads\/2025\/01\/Isata-Kanneh-Mason-actua-en-la-serie-Tiny-Desk-de-NPR.jpg\",\"datePublished\":\"2025-01-13T20:42:33+00:00\",\"dateModified\":\"2025-01-13T20:42:34+00:00\",\"breadcrumb\":{\"@id\":\"https:\/\/web.consaguirre.com.ar\/noticias\/isata-kanneh-mason-actua-en-la-serie-tiny-desk-de-npr\/#breadcrumb\"},\"inLanguage\":\"es-AR\",\"potentialAction\":[{\"@type\":\"ReadAction\",\"target\":[\"https:\/\/web.consaguirre.com.ar\/noticias\/isata-kanneh-mason-actua-en-la-serie-tiny-desk-de-npr\/\"]}]},{\"@type\":\"ImageObject\",\"inLanguage\":\"es-AR\",\"@id\":\"https:\/\/web.consaguirre.com.ar\/noticias\/isata-kanneh-mason-actua-en-la-serie-tiny-desk-de-npr\/#primaryimage\",\"url\":\"https:\/\/web.consaguirre.com.ar\/noticias\/wp-content\/uploads\/2025\/01\/Isata-Kanneh-Mason-actua-en-la-serie-Tiny-Desk-de-NPR.jpg\",\"contentUrl\":\"https:\/\/web.consaguirre.com.ar\/noticias\/wp-content\/uploads\/2025\/01\/Isata-Kanneh-Mason-actua-en-la-serie-Tiny-Desk-de-NPR.jpg\",\"width\":1440,\"height\":864,\"caption\":\"Isata Kanneh-Mason act\u00faa en la serie Tiny Desk de NPR\"},{\"@type\":\"BreadcrumbList\",\"@id\":\"https:\/\/web.consaguirre.com.ar\/noticias\/isata-kanneh-mason-actua-en-la-serie-tiny-desk-de-npr\/#breadcrumb\",\"itemListElement\":[{\"@type\":\"ListItem\",\"position\":1,\"name\":\"Inicio\",\"item\":\"https:\/\/web.consaguirre.com.ar\/noticias\/\"},{\"@type\":\"ListItem\",\"position\":2,\"name\":\"Isata Kanneh-Mason act\u00faa en la serie Tiny Desk de NPR\"}]},{\"@type\":\"WebSite\",\"@id\":\"https:\/\/web.consaguirre.com.ar\/noticias\/#website\",\"url\":\"https:\/\/web.consaguirre.com.ar\/noticias\/\",\"name\":\"Conservatorio de M\u00fasica Juli\u00e1n Aguirre\",\"description\":\"\",\"publisher\":{\"@id\":\"https:\/\/web.consaguirre.com.ar\/noticias\/#organization\"},\"potentialAction\":[{\"@type\":\"SearchAction\",\"target\":{\"@type\":\"EntryPoint\",\"urlTemplate\":\"https:\/\/web.consaguirre.com.ar\/noticias\/?s={search_term_string}\"},\"query-input\":\"required name=search_term_string\"}],\"inLanguage\":\"es-AR\"},{\"@type\":\"Organization\",\"@id\":\"https:\/\/web.consaguirre.com.ar\/noticias\/#organization\",\"name\":\"Conservatorio de M\u00fasica Juli\u00e1n Aguirre\",\"url\":\"https:\/\/web.consaguirre.com.ar\/noticias\/\",\"logo\":{\"@type\":\"ImageObject\",\"inLanguage\":\"es-AR\",\"@id\":\"https:\/\/web.consaguirre.com.ar\/noticias\/#\/schema\/logo\/image\/\",\"url\":\"https:\/\/web.consaguirre.com.ar\/noticias\/wp-content\/uploads\/2024\/08\/Banner-Aguirre-23.jpg\",\"contentUrl\":\"https:\/\/web.consaguirre.com.ar\/noticias\/wp-content\/uploads\/2024\/08\/Banner-Aguirre-23.jpg\",\"width\":1192,\"height\":600,\"caption\":\"Conservatorio de M\u00fasica Juli\u00e1n Aguirre\"},\"image\":{\"@id\":\"https:\/\/web.consaguirre.com.ar\/noticias\/#\/schema\/logo\/image\/\"}},{\"@type\":\"Person\",\"@id\":\"https:\/\/web.consaguirre.com.ar\/noticias\/#\/schema\/person\/6558b0cfedee7ddc5425602b237d5722\",\"name\":\"Javier Figueroa\",\"image\":{\"@type\":\"ImageObject\",\"inLanguage\":\"es-AR\",\"@id\":\"https:\/\/web.consaguirre.com.ar\/noticias\/#\/schema\/person\/image\/\",\"url\":\"https:\/\/web.consaguirre.com.ar\/noticias\/wp-content\/uploads\/2024\/08\/Consaguirre-scaled.jpg\",\"contentUrl\":\"https:\/\/web.consaguirre.com.ar\/noticias\/wp-content\/uploads\/2024\/08\/Consaguirre-scaled.jpg\",\"caption\":\"Javier Figueroa\"},\"description\":\"Me llamo Javier Figueroa y soy redactor para el sitio oficial del Conservatorio de M\u00fasica Juli\u00e1n Aguirre en Buenos Aires, consaguirre.com. Apasionado por la m\u00fasica y la escritura, me esfuerzo por destacar los talentos y eventos de nuestra prestigiosa instituci\u00f3n. Mi trayectoria se nutre de una profunda admiraci\u00f3n por los artistas, haciendo de cada art\u00edculo una celebraci\u00f3n de la creatividad y la cultura musical.\",\"sameAs\":[\"https:\/\/web.consaguirre.com.ar\/noticias\"]}]}<\/script>\n<!-- \/ Yoast SEO plugin. -->","yoast_head_json":{"title":"Isata Kanneh-Mason act\u00faa en la serie Tiny Desk de NPR","robots":{"index":"index","follow":"follow","max-snippet":"max-snippet:-1","max-image-preview":"max-image-preview:large","max-video-preview":"max-video-preview:-1"},"canonical":"https:\/\/web.consaguirre.com.ar\/noticias\/isata-kanneh-mason-actua-en-la-serie-tiny-desk-de-npr\/","og_locale":"es_ES","og_type":"article","og_title":"Isata Kanneh-Mason act\u00faa en la serie Tiny Desk de NPR","og_description":"Isata Kanneh-Mason es el \u00faltimo artista en actuar detr\u00e1s del ic\u00f3nico Tiny Desk de NPR. La pianista brit\u00e1nica interpret\u00f3 tres de sus piezas favoritas. Kanneh-Mason","og_url":"https:\/\/web.consaguirre.com.ar\/noticias\/isata-kanneh-mason-actua-en-la-serie-tiny-desk-de-npr\/","og_site_name":"Conservatorio de M\u00fasica Juli\u00e1n Aguirre","article_published_time":"2025-01-13T20:42:33+00:00","article_modified_time":"2025-01-13T20:42:34+00:00","og_image":[{"width":1440,"height":864,"url":"https:\/\/web.consaguirre.com.ar\/noticias\/wp-content\/uploads\/2025\/01\/Isata-Kanneh-Mason-actua-en-la-serie-Tiny-Desk-de-NPR.jpg","type":"image\/jpeg"}],"author":"Javier Figueroa","twitter_card":"summary_large_image","twitter_misc":{"Escrito por":"Javier Figueroa","Tiempo de lectura":"2 minutos"},"schema":{"@context":"https:\/\/schema.org","@graph":[{"@type":"Article","@id":"https:\/\/web.consaguirre.com.ar\/noticias\/isata-kanneh-mason-actua-en-la-serie-tiny-desk-de-npr\/#article","isPartOf":{"@id":"https:\/\/web.consaguirre.com.ar\/noticias\/isata-kanneh-mason-actua-en-la-serie-tiny-desk-de-npr\/"},"author":{"name":"Javier Figueroa","@id":"https:\/\/web.consaguirre.com.ar\/noticias\/#\/schema\/person\/6558b0cfedee7ddc5425602b237d5722"},"headline":"Isata Kanneh-Mason act\u00faa en la serie Tiny Desk de NPR","datePublished":"2025-01-13T20:42:33+00:00","dateModified":"2025-01-13T20:42:34+00:00","mainEntityOfPage":{"@id":"https:\/\/web.consaguirre.com.ar\/noticias\/isata-kanneh-mason-actua-en-la-serie-tiny-desk-de-npr\/"},"wordCount":360,"publisher":{"@id":"https:\/\/web.consaguirre.com.ar\/noticias\/#organization"},"image":{"@id":"https:\/\/web.consaguirre.com.ar\/noticias\/isata-kanneh-mason-actua-en-la-serie-tiny-desk-de-npr\/#primaryimage"},"thumbnailUrl":"https:\/\/web.consaguirre.com.ar\/noticias\/wp-content\/uploads\/2025\/01\/Isata-Kanneh-Mason-actua-en-la-serie-Tiny-Desk-de-NPR.jpg","keywords":["act\u00faa","Desk","Isata","KannehMason","NPR","serie","Tiny"],"articleSection":["El \u00faltimo"],"inLanguage":"es-AR"},{"@type":"WebPage","@id":"https:\/\/web.consaguirre.com.ar\/noticias\/isata-kanneh-mason-actua-en-la-serie-tiny-desk-de-npr\/","url":"https:\/\/web.consaguirre.com.ar\/noticias\/isata-kanneh-mason-actua-en-la-serie-tiny-desk-de-npr\/","name":"Isata Kanneh-Mason act\u00faa en la serie Tiny Desk de NPR","isPartOf":{"@id":"https:\/\/web.consaguirre.com.ar\/noticias\/#website"},"primaryImageOfPage":{"@id":"https:\/\/web.consaguirre.com.ar\/noticias\/isata-kanneh-mason-actua-en-la-serie-tiny-desk-de-npr\/#primaryimage"},"image":{"@id":"https:\/\/web.consaguirre.com.ar\/noticias\/isata-kanneh-mason-actua-en-la-serie-tiny-desk-de-npr\/#primaryimage"},"thumbnailUrl":"https:\/\/web.consaguirre.com.ar\/noticias\/wp-content\/uploads\/2025\/01\/Isata-Kanneh-Mason-actua-en-la-serie-Tiny-Desk-de-NPR.jpg","datePublished":"2025-01-13T20:42:33+00:00","dateModified":"2025-01-13T20:42:34+00:00","breadcrumb":{"@id":"https:\/\/web.consaguirre.com.ar\/noticias\/isata-kanneh-mason-actua-en-la-serie-tiny-desk-de-npr\/#breadcrumb"},"inLanguage":"es-AR","potentialAction":[{"@type":"ReadAction","target":["https:\/\/web.consaguirre.com.ar\/noticias\/isata-kanneh-mason-actua-en-la-serie-tiny-desk-de-npr\/"]}]},{"@type":"ImageObject","inLanguage":"es-AR","@id":"https:\/\/web.consaguirre.com.ar\/noticias\/isata-kanneh-mason-actua-en-la-serie-tiny-desk-de-npr\/#primaryimage","url":"https:\/\/web.consaguirre.com.ar\/noticias\/wp-content\/uploads\/2025\/01\/Isata-Kanneh-Mason-actua-en-la-serie-Tiny-Desk-de-NPR.jpg","contentUrl":"https:\/\/web.consaguirre.com.ar\/noticias\/wp-content\/uploads\/2025\/01\/Isata-Kanneh-Mason-actua-en-la-serie-Tiny-Desk-de-NPR.jpg","width":1440,"height":864,"caption":"Isata Kanneh-Mason act\u00faa en la serie Tiny Desk de NPR"},{"@type":"BreadcrumbList","@id":"https:\/\/web.consaguirre.com.ar\/noticias\/isata-kanneh-mason-actua-en-la-serie-tiny-desk-de-npr\/#breadcrumb","itemListElement":[{"@type":"ListItem","position":1,"name":"Inicio","item":"https:\/\/web.consaguirre.com.ar\/noticias\/"},{"@type":"ListItem","position":2,"name":"Isata Kanneh-Mason act\u00faa en la serie Tiny Desk de NPR"}]},{"@type":"WebSite","@id":"https:\/\/web.consaguirre.com.ar\/noticias\/#website","url":"https:\/\/web.consaguirre.com.ar\/noticias\/","name":"Conservatorio de M\u00fasica Juli\u00e1n Aguirre","description":"","publisher":{"@id":"https:\/\/web.consaguirre.com.ar\/noticias\/#organization"},"potentialAction":[{"@type":"SearchAction","target":{"@type":"EntryPoint","urlTemplate":"https:\/\/web.consaguirre.com.ar\/noticias\/?s={search_term_string}"},"query-input":"required name=search_term_string"}],"inLanguage":"es-AR"},{"@type":"Organization","@id":"https:\/\/web.consaguirre.com.ar\/noticias\/#organization","name":"Conservatorio de M\u00fasica Juli\u00e1n Aguirre","url":"https:\/\/web.consaguirre.com.ar\/noticias\/","logo":{"@type":"ImageObject","inLanguage":"es-AR","@id":"https:\/\/web.consaguirre.com.ar\/noticias\/#\/schema\/logo\/image\/","url":"https:\/\/web.consaguirre.com.ar\/noticias\/wp-content\/uploads\/2024\/08\/Banner-Aguirre-23.jpg","contentUrl":"https:\/\/web.consaguirre.com.ar\/noticias\/wp-content\/uploads\/2024\/08\/Banner-Aguirre-23.jpg","width":1192,"height":600,"caption":"Conservatorio de M\u00fasica Juli\u00e1n Aguirre"},"image":{"@id":"https:\/\/web.consaguirre.com.ar\/noticias\/#\/schema\/logo\/image\/"}},{"@type":"Person","@id":"https:\/\/web.consaguirre.com.ar\/noticias\/#\/schema\/person\/6558b0cfedee7ddc5425602b237d5722","name":"Javier Figueroa","image":{"@type":"ImageObject","inLanguage":"es-AR","@id":"https:\/\/web.consaguirre.com.ar\/noticias\/#\/schema\/person\/image\/","url":"https:\/\/web.consaguirre.com.ar\/noticias\/wp-content\/uploads\/2024\/08\/Consaguirre-scaled.jpg","contentUrl":"https:\/\/web.consaguirre.com.ar\/noticias\/wp-content\/uploads\/2024\/08\/Consaguirre-scaled.jpg","caption":"Javier Figueroa"},"description":"Me llamo Javier Figueroa y soy redactor para el sitio oficial del Conservatorio de M\u00fasica Juli\u00e1n Aguirre en Buenos Aires, consaguirre.com. Apasionado por la m\u00fasica y la escritura, me esfuerzo por destacar los talentos y eventos de nuestra prestigiosa instituci\u00f3n. Mi trayectoria se nutre de una profunda admiraci\u00f3n por los artistas, haciendo de cada art\u00edculo una celebraci\u00f3n de la creatividad y la cultura musical.","sameAs":["https:\/\/web.consaguirre.com.ar\/noticias"]}]}},"_links":{"self":[{"href":"https:\/\/web.consaguirre.com.ar\/noticias\/wp-json\/wp\/v2\/posts\/1571"}],"collection":[{"href":"https:\/\/web.consaguirre.com.ar\/noticias\/wp-json\/wp\/v2\/posts"}],"about":[{"href":"https:\/\/web.consaguirre.com.ar\/noticias\/wp-json\/wp\/v2\/types\/post"}],"author":[{"embeddable":true,"href":"https:\/\/web.consaguirre.com.ar\/noticias\/wp-json\/wp\/v2\/users\/1"}],"replies":[{"embeddable":true,"href":"https:\/\/web.consaguirre.com.ar\/noticias\/wp-json\/wp\/v2\/comments?post=1571"}],"version-history":[{"count":1,"href":"https:\/\/web.consaguirre.com.ar\/noticias\/wp-json\/wp\/v2\/posts\/1571\/revisions"}],"predecessor-version":[{"id":1573,"href":"https:\/\/web.consaguirre.com.ar\/noticias\/wp-json\/wp\/v2\/posts\/1571\/revisions\/1573"}],"wp:featuredmedia":[{"embeddable":true,"href":"https:\/\/web.consaguirre.com.ar\/noticias\/wp-json\/wp\/v2\/media\/1572"}],"wp:attachment":[{"href":"https:\/\/web.consaguirre.com.ar\/noticias\/wp-json\/wp\/v2\/media?parent=1571"}],"wp:term":[{"taxonomy":"category","embeddable":true,"href":"https:\/\/web.consaguirre.com.ar\/noticias\/wp-json\/wp\/v2\/categories?post=1571"},{"taxonomy":"post_tag","embeddable":true,"href":"https:\/\/web.consaguirre.com.ar\/noticias\/wp-json\/wp\/v2\/tags?post=1571"}],"curies":[{"name":"wp","href":"https:\/\/api.w.org\/{rel}","templated":true}]}}