{"id":1568,"date":"2025-01-13T14:38:54","date_gmt":"2025-01-13T17:38:54","guid":{"rendered":"https:\/\/web.consaguirre.com.ar\/noticias\/el-hombre-del-alma-sam-moore-ha-muerto\/"},"modified":"2025-01-13T14:38:55","modified_gmt":"2025-01-13T17:38:55","slug":"el-hombre-del-alma-sam-moore-ha-muerto","status":"publish","type":"post","link":"https:\/\/web.consaguirre.com.ar\/noticias\/el-hombre-del-alma-sam-moore-ha-muerto\/","title":{"rendered":"El &#8216;hombre del alma&#8217; Sam Moore ha muerto"},"content":{"rendered":"<p>Sam Moore, el cantante de soul y R&#038;B mejor conocido como la mitad de <strong>Sam y Dave<\/strong>ha muerto. Moore era conocido por \u00e9xitos como &#8220;<strong>alma hombre<\/strong>\u201d, \u201cEspera, ya voy\u201d y m\u00e1s. Muri\u00f3 en Coral Gables, Florida, el 10 de enero debido a complicaciones despu\u00e9s de la cirug\u00eda. Moore ten\u00eda 89 a\u00f1os.<\/p>\n<div class=\"uD-YT-container\"><img decoding=\"async\" src=\"https:\/\/web.consaguirre.com.ar\/noticias\/wp-content\/uploads\/2025\/01\/1736789934_638_El-hombre-del-alma-Sam-Moore-ha-muerto.jpg\" alt=\"V\u00eddeo de YouTube\"><br \/>Haga clic para cargar v\u00eddeo<\/div>\n<p>Moore naci\u00f3 en Miami, Florida en 1935. Comenz\u00f3 a cantar m\u00fasica gospel en la iglesia y luego toc\u00f3 en clubes locales de R&#038;B. Conoci\u00f3 a Dave Prater en uno de esos clubes y la pareja form\u00f3 el d\u00fao de soul Sam &#038; Dave; Moore cant\u00f3 las partes de tenor. Firmaron con Atlantic Records en 1964 y fueron prestados a Stax de Memphis, donde trabajaron con el d\u00fao de compositores de Isaac Hayes y David Porter y la banda house Booker T. &#038; the MGs. En 1966, Sam &#038; Dave lograron un gran \u00e9xito en el Top 40 con &#8220;Hold On, I&#8217;m Comin'&#8221;. La pista marc\u00f3 el primer uso de la voz de llamada y respuesta caracter\u00edstica del d\u00fao.<\/p>\n<p>El mayor \u00e9xito de Sam &#038; Dave fue &#8220;Soul Man&#8221; de 1967. Seg\u00fan Hayes, la canci\u00f3n se inspir\u00f3 en la resistencia del Movimiento por los Derechos Civiles. Ganar\u00eda un Grammy y se convertir\u00eda en una piedra de toque cultural. \u201cSoul Man\u201d volvi\u00f3 a las listas en 1978 despu\u00e9s de que los Blues Brothers, los comediantes John Belushi y Dan Aykroyd, grabaran una versi\u00f3n con muchos de los m\u00fasicos originales. Moore demand\u00f3 sin \u00e9xito a los realizadores de la pel\u00edcula de 2008. <em>Hombres del alma<\/em>afirmando que los personajes de la pel\u00edcula compart\u00edan similitudes con \u00e9l y Prater.<\/p>\n<p>Sam y Dave se separaron a principios de los a\u00f1os 70, aunque se reunir\u00edan de forma intermitente a lo largo de los a\u00f1os. Moore lanz\u00f3 una carrera en solitario a partir de su debut en 1970. <em>Mucho buen amor<\/em>aunque ese r\u00e9cord se consider\u00f3 perdido hasta 2002.<\/p>\n<p>En 2006, Moore lanz\u00f3 un disco de regreso llamado <em>Noche sensacional<\/em>. El \u00e1lbum cont\u00f3 con Jon Bon Jovi, Fantasia, Sting, Sheila E., Mariah Carey y uno de los mayores partidarios musicales de Moore, Bruce Springsteen.<\/p>\n<p>A principios de los a\u00f1os 90, Moore estaba entre un grupo de artistas que demandaron a varias compa\u00f1\u00edas discogr\u00e1ficas y a la Federaci\u00f3n Estadounidense de Artistas de Radio y Televisi\u00f3n, alegando que la industria discogr\u00e1fica les hab\u00eda estafado con sus beneficios de jubilaci\u00f3n. A pesar de vender millones de discos, la pensi\u00f3n de Moore ascendi\u00f3 a s\u00f3lo 2.285 d\u00f3lares. \u201c\u00bfDos mil d\u00f3lares durante mi vida?\u201d Moore le dijo a la AP en ese momento. \u201cSi est\u00e1s obteniendo ganancias de m\u00ed, dame algunas tambi\u00e9n. No me des pan de ma\u00edz y me digas que son galletas\u201d.<\/p>\n<p>Moore fue miembro del Sal\u00f3n de la Fama de los Grammy, el Sal\u00f3n de la Fama del Rock and Roll y el Sal\u00f3n de la Fama del Grupo Vocal tanto por sus logros con Sam &#038; Dave como por su m\u00fasica en solitario.<\/p>\n","protected":false},"excerpt":{"rendered":"<p>Sam Moore, el cantante de soul y R&#038;B mejor conocido como la mitad de Sam y Daveha muerto. Moore era conocido por \u00e9xitos como &#8220;alma<\/p>\n","protected":false},"author":1,"featured_media":1569,"comment_status":"closed","ping_status":"","sticky":false,"template":"","format":"standard","meta":{"footnotes":""},"categories":[50],"tags":[1632,10,1631,1633,1634,519],"class_list":["post-1568","post","type-post","status-publish","format-standard","has-post-thumbnail","hentry","category-el-ultimo","tag-alma","tag-del","tag-hombre","tag-moore","tag-muerto","tag-sam","generate-columns","tablet-grid-50","mobile-grid-100","grid-parent","grid-50"],"yoast_head":"<!-- This site is optimized with the Yoast SEO plugin v23.3 - https:\/\/yoast.com\/wordpress\/plugins\/seo\/ -->\n<title>El &#039;hombre del alma&#039; Sam Moore ha muerto<\/title>\n<meta name=\"robots\" content=\"index, follow, max-snippet:-1, max-image-preview:large, max-video-preview:-1\" \/>\n<link rel=\"canonical\" href=\"https:\/\/web.consaguirre.com.ar\/noticias\/el-hombre-del-alma-sam-moore-ha-muerto\/\" \/>\n<meta property=\"og:locale\" content=\"es_ES\" \/>\n<meta property=\"og:type\" content=\"article\" \/>\n<meta property=\"og:title\" content=\"El &#039;hombre del alma&#039; Sam Moore ha muerto\" \/>\n<meta property=\"og:description\" content=\"Sam Moore, el cantante de soul y R&#038;B mejor conocido como la mitad de Sam y Daveha muerto. Moore era conocido por \u00e9xitos como &#8220;alma\" \/>\n<meta property=\"og:url\" content=\"https:\/\/web.consaguirre.com.ar\/noticias\/el-hombre-del-alma-sam-moore-ha-muerto\/\" \/>\n<meta property=\"og:site_name\" content=\"Conservatorio de M\u00fasica Juli\u00e1n Aguirre\" \/>\n<meta property=\"article:published_time\" content=\"2025-01-13T17:38:54+00:00\" \/>\n<meta property=\"article:modified_time\" content=\"2025-01-13T17:38:55+00:00\" \/>\n<meta property=\"og:image\" content=\"https:\/\/web.consaguirre.com.ar\/noticias\/wp-content\/uploads\/2025\/01\/El-hombre-del-alma-Sam-Moore-ha-muerto.jpg\" \/>\n\t<meta property=\"og:image:width\" content=\"1440\" \/>\n\t<meta property=\"og:image:height\" content=\"864\" \/>\n\t<meta property=\"og:image:type\" content=\"image\/jpeg\" \/>\n<meta name=\"author\" content=\"Javier Figueroa\" \/>\n<meta name=\"twitter:card\" content=\"summary_large_image\" \/>\n<meta name=\"twitter:label1\" content=\"Escrito por\" \/>\n\t<meta name=\"twitter:data1\" content=\"Javier Figueroa\" \/>\n\t<meta name=\"twitter:label2\" content=\"Tiempo de lectura\" \/>\n\t<meta name=\"twitter:data2\" content=\"3 minutos\" \/>\n<script type=\"application\/ld+json\" class=\"yoast-schema-graph\">{\"@context\":\"https:\/\/schema.org\",\"@graph\":[{\"@type\":\"Article\",\"@id\":\"https:\/\/web.consaguirre.com.ar\/noticias\/el-hombre-del-alma-sam-moore-ha-muerto\/#article\",\"isPartOf\":{\"@id\":\"https:\/\/web.consaguirre.com.ar\/noticias\/el-hombre-del-alma-sam-moore-ha-muerto\/\"},\"author\":{\"name\":\"Javier Figueroa\",\"@id\":\"https:\/\/web.consaguirre.com.ar\/noticias\/#\/schema\/person\/6558b0cfedee7ddc5425602b237d5722\"},\"headline\":\"El &#8216;hombre del alma&#8217; Sam Moore ha muerto\",\"datePublished\":\"2025-01-13T17:38:54+00:00\",\"dateModified\":\"2025-01-13T17:38:55+00:00\",\"mainEntityOfPage\":{\"@id\":\"https:\/\/web.consaguirre.com.ar\/noticias\/el-hombre-del-alma-sam-moore-ha-muerto\/\"},\"wordCount\":524,\"publisher\":{\"@id\":\"https:\/\/web.consaguirre.com.ar\/noticias\/#organization\"},\"image\":{\"@id\":\"https:\/\/web.consaguirre.com.ar\/noticias\/el-hombre-del-alma-sam-moore-ha-muerto\/#primaryimage\"},\"thumbnailUrl\":\"https:\/\/web.consaguirre.com.ar\/noticias\/wp-content\/uploads\/2025\/01\/El-hombre-del-alma-Sam-Moore-ha-muerto.jpg\",\"keywords\":[\"alma\",\"del\",\"hombre\",\"Moore\",\"muerto\",\"Sam\"],\"articleSection\":[\"El \u00faltimo\"],\"inLanguage\":\"es-AR\"},{\"@type\":\"WebPage\",\"@id\":\"https:\/\/web.consaguirre.com.ar\/noticias\/el-hombre-del-alma-sam-moore-ha-muerto\/\",\"url\":\"https:\/\/web.consaguirre.com.ar\/noticias\/el-hombre-del-alma-sam-moore-ha-muerto\/\",\"name\":\"El 'hombre del alma' Sam Moore ha muerto\",\"isPartOf\":{\"@id\":\"https:\/\/web.consaguirre.com.ar\/noticias\/#website\"},\"primaryImageOfPage\":{\"@id\":\"https:\/\/web.consaguirre.com.ar\/noticias\/el-hombre-del-alma-sam-moore-ha-muerto\/#primaryimage\"},\"image\":{\"@id\":\"https:\/\/web.consaguirre.com.ar\/noticias\/el-hombre-del-alma-sam-moore-ha-muerto\/#primaryimage\"},\"thumbnailUrl\":\"https:\/\/web.consaguirre.com.ar\/noticias\/wp-content\/uploads\/2025\/01\/El-hombre-del-alma-Sam-Moore-ha-muerto.jpg\",\"datePublished\":\"2025-01-13T17:38:54+00:00\",\"dateModified\":\"2025-01-13T17:38:55+00:00\",\"breadcrumb\":{\"@id\":\"https:\/\/web.consaguirre.com.ar\/noticias\/el-hombre-del-alma-sam-moore-ha-muerto\/#breadcrumb\"},\"inLanguage\":\"es-AR\",\"potentialAction\":[{\"@type\":\"ReadAction\",\"target\":[\"https:\/\/web.consaguirre.com.ar\/noticias\/el-hombre-del-alma-sam-moore-ha-muerto\/\"]}]},{\"@type\":\"ImageObject\",\"inLanguage\":\"es-AR\",\"@id\":\"https:\/\/web.consaguirre.com.ar\/noticias\/el-hombre-del-alma-sam-moore-ha-muerto\/#primaryimage\",\"url\":\"https:\/\/web.consaguirre.com.ar\/noticias\/wp-content\/uploads\/2025\/01\/El-hombre-del-alma-Sam-Moore-ha-muerto.jpg\",\"contentUrl\":\"https:\/\/web.consaguirre.com.ar\/noticias\/wp-content\/uploads\/2025\/01\/El-hombre-del-alma-Sam-Moore-ha-muerto.jpg\",\"width\":1440,\"height\":864,\"caption\":\"El 'hombre del alma' Sam Moore ha muerto\"},{\"@type\":\"BreadcrumbList\",\"@id\":\"https:\/\/web.consaguirre.com.ar\/noticias\/el-hombre-del-alma-sam-moore-ha-muerto\/#breadcrumb\",\"itemListElement\":[{\"@type\":\"ListItem\",\"position\":1,\"name\":\"Inicio\",\"item\":\"https:\/\/web.consaguirre.com.ar\/noticias\/\"},{\"@type\":\"ListItem\",\"position\":2,\"name\":\"El &#8216;hombre del alma&#8217; Sam Moore ha muerto\"}]},{\"@type\":\"WebSite\",\"@id\":\"https:\/\/web.consaguirre.com.ar\/noticias\/#website\",\"url\":\"https:\/\/web.consaguirre.com.ar\/noticias\/\",\"name\":\"Conservatorio de M\u00fasica Juli\u00e1n Aguirre\",\"description\":\"\",\"publisher\":{\"@id\":\"https:\/\/web.consaguirre.com.ar\/noticias\/#organization\"},\"potentialAction\":[{\"@type\":\"SearchAction\",\"target\":{\"@type\":\"EntryPoint\",\"urlTemplate\":\"https:\/\/web.consaguirre.com.ar\/noticias\/?s={search_term_string}\"},\"query-input\":\"required name=search_term_string\"}],\"inLanguage\":\"es-AR\"},{\"@type\":\"Organization\",\"@id\":\"https:\/\/web.consaguirre.com.ar\/noticias\/#organization\",\"name\":\"Conservatorio de M\u00fasica Juli\u00e1n Aguirre\",\"url\":\"https:\/\/web.consaguirre.com.ar\/noticias\/\",\"logo\":{\"@type\":\"ImageObject\",\"inLanguage\":\"es-AR\",\"@id\":\"https:\/\/web.consaguirre.com.ar\/noticias\/#\/schema\/logo\/image\/\",\"url\":\"https:\/\/web.consaguirre.com.ar\/noticias\/wp-content\/uploads\/2024\/08\/Banner-Aguirre-23.jpg\",\"contentUrl\":\"https:\/\/web.consaguirre.com.ar\/noticias\/wp-content\/uploads\/2024\/08\/Banner-Aguirre-23.jpg\",\"width\":1192,\"height\":600,\"caption\":\"Conservatorio de M\u00fasica Juli\u00e1n Aguirre\"},\"image\":{\"@id\":\"https:\/\/web.consaguirre.com.ar\/noticias\/#\/schema\/logo\/image\/\"}},{\"@type\":\"Person\",\"@id\":\"https:\/\/web.consaguirre.com.ar\/noticias\/#\/schema\/person\/6558b0cfedee7ddc5425602b237d5722\",\"name\":\"Javier Figueroa\",\"image\":{\"@type\":\"ImageObject\",\"inLanguage\":\"es-AR\",\"@id\":\"https:\/\/web.consaguirre.com.ar\/noticias\/#\/schema\/person\/image\/\",\"url\":\"https:\/\/web.consaguirre.com.ar\/noticias\/wp-content\/uploads\/2024\/08\/Consaguirre-scaled.jpg\",\"contentUrl\":\"https:\/\/web.consaguirre.com.ar\/noticias\/wp-content\/uploads\/2024\/08\/Consaguirre-scaled.jpg\",\"caption\":\"Javier Figueroa\"},\"description\":\"Me llamo Javier Figueroa y soy redactor para el sitio oficial del Conservatorio de M\u00fasica Juli\u00e1n Aguirre en Buenos Aires, consaguirre.com. Apasionado por la m\u00fasica y la escritura, me esfuerzo por destacar los talentos y eventos de nuestra prestigiosa instituci\u00f3n. Mi trayectoria se nutre de una profunda admiraci\u00f3n por los artistas, haciendo de cada art\u00edculo una celebraci\u00f3n de la creatividad y la cultura musical.\",\"sameAs\":[\"https:\/\/web.consaguirre.com.ar\/noticias\"]}]}<\/script>\n<!-- \/ Yoast SEO plugin. -->","yoast_head_json":{"title":"El 'hombre del alma' Sam Moore ha muerto","robots":{"index":"index","follow":"follow","max-snippet":"max-snippet:-1","max-image-preview":"max-image-preview:large","max-video-preview":"max-video-preview:-1"},"canonical":"https:\/\/web.consaguirre.com.ar\/noticias\/el-hombre-del-alma-sam-moore-ha-muerto\/","og_locale":"es_ES","og_type":"article","og_title":"El 'hombre del alma' Sam Moore ha muerto","og_description":"Sam Moore, el cantante de soul y R&#038;B mejor conocido como la mitad de Sam y Daveha muerto. Moore era conocido por \u00e9xitos como &#8220;alma","og_url":"https:\/\/web.consaguirre.com.ar\/noticias\/el-hombre-del-alma-sam-moore-ha-muerto\/","og_site_name":"Conservatorio de M\u00fasica Juli\u00e1n Aguirre","article_published_time":"2025-01-13T17:38:54+00:00","article_modified_time":"2025-01-13T17:38:55+00:00","og_image":[{"width":1440,"height":864,"url":"https:\/\/web.consaguirre.com.ar\/noticias\/wp-content\/uploads\/2025\/01\/El-hombre-del-alma-Sam-Moore-ha-muerto.jpg","type":"image\/jpeg"}],"author":"Javier Figueroa","twitter_card":"summary_large_image","twitter_misc":{"Escrito por":"Javier Figueroa","Tiempo de lectura":"3 minutos"},"schema":{"@context":"https:\/\/schema.org","@graph":[{"@type":"Article","@id":"https:\/\/web.consaguirre.com.ar\/noticias\/el-hombre-del-alma-sam-moore-ha-muerto\/#article","isPartOf":{"@id":"https:\/\/web.consaguirre.com.ar\/noticias\/el-hombre-del-alma-sam-moore-ha-muerto\/"},"author":{"name":"Javier Figueroa","@id":"https:\/\/web.consaguirre.com.ar\/noticias\/#\/schema\/person\/6558b0cfedee7ddc5425602b237d5722"},"headline":"El &#8216;hombre del alma&#8217; Sam Moore ha muerto","datePublished":"2025-01-13T17:38:54+00:00","dateModified":"2025-01-13T17:38:55+00:00","mainEntityOfPage":{"@id":"https:\/\/web.consaguirre.com.ar\/noticias\/el-hombre-del-alma-sam-moore-ha-muerto\/"},"wordCount":524,"publisher":{"@id":"https:\/\/web.consaguirre.com.ar\/noticias\/#organization"},"image":{"@id":"https:\/\/web.consaguirre.com.ar\/noticias\/el-hombre-del-alma-sam-moore-ha-muerto\/#primaryimage"},"thumbnailUrl":"https:\/\/web.consaguirre.com.ar\/noticias\/wp-content\/uploads\/2025\/01\/El-hombre-del-alma-Sam-Moore-ha-muerto.jpg","keywords":["alma","del","hombre","Moore","muerto","Sam"],"articleSection":["El \u00faltimo"],"inLanguage":"es-AR"},{"@type":"WebPage","@id":"https:\/\/web.consaguirre.com.ar\/noticias\/el-hombre-del-alma-sam-moore-ha-muerto\/","url":"https:\/\/web.consaguirre.com.ar\/noticias\/el-hombre-del-alma-sam-moore-ha-muerto\/","name":"El 'hombre del alma' Sam Moore ha muerto","isPartOf":{"@id":"https:\/\/web.consaguirre.com.ar\/noticias\/#website"},"primaryImageOfPage":{"@id":"https:\/\/web.consaguirre.com.ar\/noticias\/el-hombre-del-alma-sam-moore-ha-muerto\/#primaryimage"},"image":{"@id":"https:\/\/web.consaguirre.com.ar\/noticias\/el-hombre-del-alma-sam-moore-ha-muerto\/#primaryimage"},"thumbnailUrl":"https:\/\/web.consaguirre.com.ar\/noticias\/wp-content\/uploads\/2025\/01\/El-hombre-del-alma-Sam-Moore-ha-muerto.jpg","datePublished":"2025-01-13T17:38:54+00:00","dateModified":"2025-01-13T17:38:55+00:00","breadcrumb":{"@id":"https:\/\/web.consaguirre.com.ar\/noticias\/el-hombre-del-alma-sam-moore-ha-muerto\/#breadcrumb"},"inLanguage":"es-AR","potentialAction":[{"@type":"ReadAction","target":["https:\/\/web.consaguirre.com.ar\/noticias\/el-hombre-del-alma-sam-moore-ha-muerto\/"]}]},{"@type":"ImageObject","inLanguage":"es-AR","@id":"https:\/\/web.consaguirre.com.ar\/noticias\/el-hombre-del-alma-sam-moore-ha-muerto\/#primaryimage","url":"https:\/\/web.consaguirre.com.ar\/noticias\/wp-content\/uploads\/2025\/01\/El-hombre-del-alma-Sam-Moore-ha-muerto.jpg","contentUrl":"https:\/\/web.consaguirre.com.ar\/noticias\/wp-content\/uploads\/2025\/01\/El-hombre-del-alma-Sam-Moore-ha-muerto.jpg","width":1440,"height":864,"caption":"El 'hombre del alma' Sam Moore ha muerto"},{"@type":"BreadcrumbList","@id":"https:\/\/web.consaguirre.com.ar\/noticias\/el-hombre-del-alma-sam-moore-ha-muerto\/#breadcrumb","itemListElement":[{"@type":"ListItem","position":1,"name":"Inicio","item":"https:\/\/web.consaguirre.com.ar\/noticias\/"},{"@type":"ListItem","position":2,"name":"El &#8216;hombre del alma&#8217; Sam Moore ha muerto"}]},{"@type":"WebSite","@id":"https:\/\/web.consaguirre.com.ar\/noticias\/#website","url":"https:\/\/web.consaguirre.com.ar\/noticias\/","name":"Conservatorio de M\u00fasica Juli\u00e1n Aguirre","description":"","publisher":{"@id":"https:\/\/web.consaguirre.com.ar\/noticias\/#organization"},"potentialAction":[{"@type":"SearchAction","target":{"@type":"EntryPoint","urlTemplate":"https:\/\/web.consaguirre.com.ar\/noticias\/?s={search_term_string}"},"query-input":"required name=search_term_string"}],"inLanguage":"es-AR"},{"@type":"Organization","@id":"https:\/\/web.consaguirre.com.ar\/noticias\/#organization","name":"Conservatorio de M\u00fasica Juli\u00e1n Aguirre","url":"https:\/\/web.consaguirre.com.ar\/noticias\/","logo":{"@type":"ImageObject","inLanguage":"es-AR","@id":"https:\/\/web.consaguirre.com.ar\/noticias\/#\/schema\/logo\/image\/","url":"https:\/\/web.consaguirre.com.ar\/noticias\/wp-content\/uploads\/2024\/08\/Banner-Aguirre-23.jpg","contentUrl":"https:\/\/web.consaguirre.com.ar\/noticias\/wp-content\/uploads\/2024\/08\/Banner-Aguirre-23.jpg","width":1192,"height":600,"caption":"Conservatorio de M\u00fasica Juli\u00e1n Aguirre"},"image":{"@id":"https:\/\/web.consaguirre.com.ar\/noticias\/#\/schema\/logo\/image\/"}},{"@type":"Person","@id":"https:\/\/web.consaguirre.com.ar\/noticias\/#\/schema\/person\/6558b0cfedee7ddc5425602b237d5722","name":"Javier Figueroa","image":{"@type":"ImageObject","inLanguage":"es-AR","@id":"https:\/\/web.consaguirre.com.ar\/noticias\/#\/schema\/person\/image\/","url":"https:\/\/web.consaguirre.com.ar\/noticias\/wp-content\/uploads\/2024\/08\/Consaguirre-scaled.jpg","contentUrl":"https:\/\/web.consaguirre.com.ar\/noticias\/wp-content\/uploads\/2024\/08\/Consaguirre-scaled.jpg","caption":"Javier Figueroa"},"description":"Me llamo Javier Figueroa y soy redactor para el sitio oficial del Conservatorio de M\u00fasica Juli\u00e1n Aguirre en Buenos Aires, consaguirre.com. Apasionado por la m\u00fasica y la escritura, me esfuerzo por destacar los talentos y eventos de nuestra prestigiosa instituci\u00f3n. Mi trayectoria se nutre de una profunda admiraci\u00f3n por los artistas, haciendo de cada art\u00edculo una celebraci\u00f3n de la creatividad y la cultura musical.","sameAs":["https:\/\/web.consaguirre.com.ar\/noticias"]}]}},"_links":{"self":[{"href":"https:\/\/web.consaguirre.com.ar\/noticias\/wp-json\/wp\/v2\/posts\/1568"}],"collection":[{"href":"https:\/\/web.consaguirre.com.ar\/noticias\/wp-json\/wp\/v2\/posts"}],"about":[{"href":"https:\/\/web.consaguirre.com.ar\/noticias\/wp-json\/wp\/v2\/types\/post"}],"author":[{"embeddable":true,"href":"https:\/\/web.consaguirre.com.ar\/noticias\/wp-json\/wp\/v2\/users\/1"}],"replies":[{"embeddable":true,"href":"https:\/\/web.consaguirre.com.ar\/noticias\/wp-json\/wp\/v2\/comments?post=1568"}],"version-history":[{"count":1,"href":"https:\/\/web.consaguirre.com.ar\/noticias\/wp-json\/wp\/v2\/posts\/1568\/revisions"}],"predecessor-version":[{"id":1570,"href":"https:\/\/web.consaguirre.com.ar\/noticias\/wp-json\/wp\/v2\/posts\/1568\/revisions\/1570"}],"wp:featuredmedia":[{"embeddable":true,"href":"https:\/\/web.consaguirre.com.ar\/noticias\/wp-json\/wp\/v2\/media\/1569"}],"wp:attachment":[{"href":"https:\/\/web.consaguirre.com.ar\/noticias\/wp-json\/wp\/v2\/media?parent=1568"}],"wp:term":[{"taxonomy":"category","embeddable":true,"href":"https:\/\/web.consaguirre.com.ar\/noticias\/wp-json\/wp\/v2\/categories?post=1568"},{"taxonomy":"post_tag","embeddable":true,"href":"https:\/\/web.consaguirre.com.ar\/noticias\/wp-json\/wp\/v2\/tags?post=1568"}],"curies":[{"name":"wp","href":"https:\/\/api.w.org\/{rel}","templated":true}]}}