{"id":1550,"date":"2025-01-10T05:38:29","date_gmt":"2025-01-10T08:38:29","guid":{"rendered":"https:\/\/web.consaguirre.com.ar\/noticias\/open-to-love-de-paul-bley-obtiene-una-reedicion-en-vinilo\/"},"modified":"2025-01-10T05:38:31","modified_gmt":"2025-01-10T08:38:31","slug":"open-to-love-de-paul-bley-obtiene-una-reedicion-en-vinilo","status":"publish","type":"post","link":"https:\/\/web.consaguirre.com.ar\/noticias\/open-to-love-de-paul-bley-obtiene-una-reedicion-en-vinilo\/","title":{"rendered":"&#8216;Open, To Love&#8217; de Paul Bley obtiene una reedici\u00f3n en vinilo"},"content":{"rendered":"<p dir=\"ltr\">\u00c1lbum de Paul Bley de 1972 <em>Abierto<\/em>,<em> amar<\/em>recibir\u00e1 una nueva reedici\u00f3n en vinilo como parte de <strong>Registros ECM<\/strong>&#8216;Serie Luminessence. Considerada una de las obras m\u00e1s influyentes de Bley y una grabaci\u00f3n hist\u00f3rica del movimiento del free jazz, <em>Abierto, Para Amar<\/em> ayud\u00f3 a establecer el sonido que dominar\u00eda las obras de la carrera posterior de Bley. La nueva reedici\u00f3n llegar\u00e1 oficialmente a las tiendas el 21 de febrero y ya est\u00e1 disponible para pedidos por adelantado.<\/p>\n<p dir=\"ltr\"><em>Abierto, Para Amar<\/em> Es el primer trabajo para piano solo de Bley, despu\u00e9s de haber grabado previamente con otros m\u00fasicos y experimentar con instrumentos electr\u00f3nicos. El \u00e1lbum tambi\u00e9n marc\u00f3 el comienzo de su etapa con ECM Records, entonces un sello relativamente nuevo de Manfred Eicher. Hasta el d\u00eda de hoy, el \u00e1lbum sigue siendo considerado uno de los m\u00e1s influyentes del sello.<\/p>\n<p dir=\"ltr\">M\u00faltiples pistas en <em>Abierto, Para Amar<\/em> fueron escritas por la ex esposa de Bley, Carla Bley, incluida la canci\u00f3n de apertura &#8220;Closer&#8221;, adem\u00e1s de &#8220;Seven&#8221; e &#8220;Ida Lupino&#8221;. Esta \u00faltima es una de las piezas m\u00e1s conocidas de Bley y toma su t\u00edtulo del actor y director de la vida real. Lupino fue una de las pocas directoras, y quiz\u00e1s la m\u00e1s destacada, de la Edad de Oro de Hollywood, y fue la primera mujer en dirigir un cine negro. Dos pistas del \u00e1lbum est\u00e1n compuestas por Annette Peacock, quien tambi\u00e9n colabor\u00f3 \u200b\u200bfrecuentemente con Bley tanto en presentaciones en vivo como en grabaciones a lo largo de su carrera.<\/p>\n<p dir=\"ltr\">Si bien se compusieron las pistas, tambi\u00e9n incluyeron una gran improvisaci\u00f3n. &#8220;Gran parte de la m\u00fasica es improvisada que la l\u00ednea entre improvisaci\u00f3n y composici\u00f3n pr\u00e1cticamente desaparece, por lo que el objetivo de la improvisaci\u00f3n es sonar como est\u00e1 compuesta&#8221;, dijo Bley a Jazz Weekly m\u00e1s adelante en su vida. \u201cDesde el punto de vista del p\u00fablico, se supone que no saben si est\u00e1 escrito o improvisado, as\u00ed que de lo que realmente estamos hablando es de composici\u00f3n espont\u00e1nea, lo que a menudo se llama improvisaci\u00f3n. El p\u00fablico no responde tanto a la composici\u00f3n o la improvisaci\u00f3n, sino a los int\u00e9rpretes individuales y a lo que responden con el int\u00e9rprete es m\u00e1s o menos al timbre y el tono del int\u00e9rprete y a la pasi\u00f3n del int\u00e9rprete. Eso es lo que atrae a la audiencia\u201d.<\/p>\n<p dir=\"ltr\"><strong>Orden <em>Abierto, Para Amar<\/em> ahora.<\/strong><\/p>\n","protected":false},"excerpt":{"rendered":"<p>\u00c1lbum de Paul Bley de 1972 Abierto, amarrecibir\u00e1 una nueva reedici\u00f3n en vinilo como parte de Registros ECM&#8216;Serie Luminessence. Considerada una de las obras m\u00e1s<\/p>\n","protected":false},"author":1,"featured_media":1551,"comment_status":"closed","ping_status":"","sticky":false,"template":"","format":"standard","meta":{"footnotes":""},"categories":[50],"tags":[1616,328,800,1615,423,117,191,87],"class_list":["post-1550","post","type-post","status-publish","format-standard","has-post-thumbnail","hentry","category-el-ultimo","tag-bley","tag-love","tag-obtiene","tag-open","tag-paul","tag-reedicion","tag-una","tag-vinilo","generate-columns","tablet-grid-50","mobile-grid-100","grid-parent","grid-50"],"yoast_head":"<!-- This site is optimized with the Yoast SEO plugin v23.3 - https:\/\/yoast.com\/wordpress\/plugins\/seo\/ -->\n<title>&#039;Open, To Love&#039; de Paul Bley obtiene una reedici\u00f3n en vinilo<\/title>\n<meta name=\"robots\" content=\"index, follow, max-snippet:-1, max-image-preview:large, max-video-preview:-1\" \/>\n<link rel=\"canonical\" href=\"https:\/\/web.consaguirre.com.ar\/noticias\/open-to-love-de-paul-bley-obtiene-una-reedicion-en-vinilo\/\" \/>\n<meta property=\"og:locale\" content=\"es_ES\" \/>\n<meta property=\"og:type\" content=\"article\" \/>\n<meta property=\"og:title\" content=\"&#039;Open, To Love&#039; de Paul Bley obtiene una reedici\u00f3n en vinilo\" \/>\n<meta property=\"og:description\" content=\"\u00c1lbum de Paul Bley de 1972 Abierto, amarrecibir\u00e1 una nueva reedici\u00f3n en vinilo como parte de Registros ECM&#8216;Serie Luminessence. Considerada una de las obras m\u00e1s\" \/>\n<meta property=\"og:url\" content=\"https:\/\/web.consaguirre.com.ar\/noticias\/open-to-love-de-paul-bley-obtiene-una-reedicion-en-vinilo\/\" \/>\n<meta property=\"og:site_name\" content=\"Conservatorio de M\u00fasica Juli\u00e1n Aguirre\" \/>\n<meta property=\"article:published_time\" content=\"2025-01-10T08:38:29+00:00\" \/>\n<meta property=\"article:modified_time\" content=\"2025-01-10T08:38:31+00:00\" \/>\n<meta property=\"og:image\" content=\"https:\/\/web.consaguirre.com.ar\/noticias\/wp-content\/uploads\/2025\/01\/Open-To-Love-de-Paul-Bley-obtiene-una-reedicion-en.jpg\" \/>\n\t<meta property=\"og:image:width\" content=\"1440\" \/>\n\t<meta property=\"og:image:height\" content=\"864\" \/>\n\t<meta property=\"og:image:type\" content=\"image\/jpeg\" \/>\n<meta name=\"author\" content=\"Javier Figueroa\" \/>\n<meta name=\"twitter:card\" content=\"summary_large_image\" \/>\n<meta name=\"twitter:label1\" content=\"Escrito por\" \/>\n\t<meta name=\"twitter:data1\" content=\"Javier Figueroa\" \/>\n\t<meta name=\"twitter:label2\" content=\"Tiempo de lectura\" \/>\n\t<meta name=\"twitter:data2\" content=\"2 minutos\" \/>\n<script type=\"application\/ld+json\" class=\"yoast-schema-graph\">{\"@context\":\"https:\/\/schema.org\",\"@graph\":[{\"@type\":\"Article\",\"@id\":\"https:\/\/web.consaguirre.com.ar\/noticias\/open-to-love-de-paul-bley-obtiene-una-reedicion-en-vinilo\/#article\",\"isPartOf\":{\"@id\":\"https:\/\/web.consaguirre.com.ar\/noticias\/open-to-love-de-paul-bley-obtiene-una-reedicion-en-vinilo\/\"},\"author\":{\"name\":\"Javier Figueroa\",\"@id\":\"https:\/\/web.consaguirre.com.ar\/noticias\/#\/schema\/person\/6558b0cfedee7ddc5425602b237d5722\"},\"headline\":\"&#8216;Open, To Love&#8217; de Paul Bley obtiene una reedici\u00f3n en vinilo\",\"datePublished\":\"2025-01-10T08:38:29+00:00\",\"dateModified\":\"2025-01-10T08:38:31+00:00\",\"mainEntityOfPage\":{\"@id\":\"https:\/\/web.consaguirre.com.ar\/noticias\/open-to-love-de-paul-bley-obtiene-una-reedicion-en-vinilo\/\"},\"wordCount\":440,\"publisher\":{\"@id\":\"https:\/\/web.consaguirre.com.ar\/noticias\/#organization\"},\"image\":{\"@id\":\"https:\/\/web.consaguirre.com.ar\/noticias\/open-to-love-de-paul-bley-obtiene-una-reedicion-en-vinilo\/#primaryimage\"},\"thumbnailUrl\":\"https:\/\/web.consaguirre.com.ar\/noticias\/wp-content\/uploads\/2025\/01\/Open-To-Love-de-Paul-Bley-obtiene-una-reedicion-en.jpg\",\"keywords\":[\"Bley\",\"Love\",\"obtiene\",\"Open\",\"Paul\",\"reedici\u00f3n\",\"una\",\"vinilo\"],\"articleSection\":[\"El \u00faltimo\"],\"inLanguage\":\"es-AR\"},{\"@type\":\"WebPage\",\"@id\":\"https:\/\/web.consaguirre.com.ar\/noticias\/open-to-love-de-paul-bley-obtiene-una-reedicion-en-vinilo\/\",\"url\":\"https:\/\/web.consaguirre.com.ar\/noticias\/open-to-love-de-paul-bley-obtiene-una-reedicion-en-vinilo\/\",\"name\":\"'Open, To Love' de Paul Bley obtiene una reedici\u00f3n en vinilo\",\"isPartOf\":{\"@id\":\"https:\/\/web.consaguirre.com.ar\/noticias\/#website\"},\"primaryImageOfPage\":{\"@id\":\"https:\/\/web.consaguirre.com.ar\/noticias\/open-to-love-de-paul-bley-obtiene-una-reedicion-en-vinilo\/#primaryimage\"},\"image\":{\"@id\":\"https:\/\/web.consaguirre.com.ar\/noticias\/open-to-love-de-paul-bley-obtiene-una-reedicion-en-vinilo\/#primaryimage\"},\"thumbnailUrl\":\"https:\/\/web.consaguirre.com.ar\/noticias\/wp-content\/uploads\/2025\/01\/Open-To-Love-de-Paul-Bley-obtiene-una-reedicion-en.jpg\",\"datePublished\":\"2025-01-10T08:38:29+00:00\",\"dateModified\":\"2025-01-10T08:38:31+00:00\",\"breadcrumb\":{\"@id\":\"https:\/\/web.consaguirre.com.ar\/noticias\/open-to-love-de-paul-bley-obtiene-una-reedicion-en-vinilo\/#breadcrumb\"},\"inLanguage\":\"es-AR\",\"potentialAction\":[{\"@type\":\"ReadAction\",\"target\":[\"https:\/\/web.consaguirre.com.ar\/noticias\/open-to-love-de-paul-bley-obtiene-una-reedicion-en-vinilo\/\"]}]},{\"@type\":\"ImageObject\",\"inLanguage\":\"es-AR\",\"@id\":\"https:\/\/web.consaguirre.com.ar\/noticias\/open-to-love-de-paul-bley-obtiene-una-reedicion-en-vinilo\/#primaryimage\",\"url\":\"https:\/\/web.consaguirre.com.ar\/noticias\/wp-content\/uploads\/2025\/01\/Open-To-Love-de-Paul-Bley-obtiene-una-reedicion-en.jpg\",\"contentUrl\":\"https:\/\/web.consaguirre.com.ar\/noticias\/wp-content\/uploads\/2025\/01\/Open-To-Love-de-Paul-Bley-obtiene-una-reedicion-en.jpg\",\"width\":1440,\"height\":864,\"caption\":\"Paul Bley - Photo: Frans Schellekens\/Redferns\"},{\"@type\":\"BreadcrumbList\",\"@id\":\"https:\/\/web.consaguirre.com.ar\/noticias\/open-to-love-de-paul-bley-obtiene-una-reedicion-en-vinilo\/#breadcrumb\",\"itemListElement\":[{\"@type\":\"ListItem\",\"position\":1,\"name\":\"Inicio\",\"item\":\"https:\/\/web.consaguirre.com.ar\/noticias\/\"},{\"@type\":\"ListItem\",\"position\":2,\"name\":\"&#8216;Open, To Love&#8217; de Paul Bley obtiene una reedici\u00f3n en vinilo\"}]},{\"@type\":\"WebSite\",\"@id\":\"https:\/\/web.consaguirre.com.ar\/noticias\/#website\",\"url\":\"https:\/\/web.consaguirre.com.ar\/noticias\/\",\"name\":\"Conservatorio de M\u00fasica Juli\u00e1n Aguirre\",\"description\":\"\",\"publisher\":{\"@id\":\"https:\/\/web.consaguirre.com.ar\/noticias\/#organization\"},\"potentialAction\":[{\"@type\":\"SearchAction\",\"target\":{\"@type\":\"EntryPoint\",\"urlTemplate\":\"https:\/\/web.consaguirre.com.ar\/noticias\/?s={search_term_string}\"},\"query-input\":\"required name=search_term_string\"}],\"inLanguage\":\"es-AR\"},{\"@type\":\"Organization\",\"@id\":\"https:\/\/web.consaguirre.com.ar\/noticias\/#organization\",\"name\":\"Conservatorio de M\u00fasica Juli\u00e1n Aguirre\",\"url\":\"https:\/\/web.consaguirre.com.ar\/noticias\/\",\"logo\":{\"@type\":\"ImageObject\",\"inLanguage\":\"es-AR\",\"@id\":\"https:\/\/web.consaguirre.com.ar\/noticias\/#\/schema\/logo\/image\/\",\"url\":\"https:\/\/web.consaguirre.com.ar\/noticias\/wp-content\/uploads\/2024\/08\/Banner-Aguirre-23.jpg\",\"contentUrl\":\"https:\/\/web.consaguirre.com.ar\/noticias\/wp-content\/uploads\/2024\/08\/Banner-Aguirre-23.jpg\",\"width\":1192,\"height\":600,\"caption\":\"Conservatorio de M\u00fasica Juli\u00e1n Aguirre\"},\"image\":{\"@id\":\"https:\/\/web.consaguirre.com.ar\/noticias\/#\/schema\/logo\/image\/\"}},{\"@type\":\"Person\",\"@id\":\"https:\/\/web.consaguirre.com.ar\/noticias\/#\/schema\/person\/6558b0cfedee7ddc5425602b237d5722\",\"name\":\"Javier Figueroa\",\"image\":{\"@type\":\"ImageObject\",\"inLanguage\":\"es-AR\",\"@id\":\"https:\/\/web.consaguirre.com.ar\/noticias\/#\/schema\/person\/image\/\",\"url\":\"https:\/\/web.consaguirre.com.ar\/noticias\/wp-content\/uploads\/2024\/08\/Consaguirre-scaled.jpg\",\"contentUrl\":\"https:\/\/web.consaguirre.com.ar\/noticias\/wp-content\/uploads\/2024\/08\/Consaguirre-scaled.jpg\",\"caption\":\"Javier Figueroa\"},\"description\":\"Me llamo Javier Figueroa y soy redactor para el sitio oficial del Conservatorio de M\u00fasica Juli\u00e1n Aguirre en Buenos Aires, consaguirre.com. Apasionado por la m\u00fasica y la escritura, me esfuerzo por destacar los talentos y eventos de nuestra prestigiosa instituci\u00f3n. Mi trayectoria se nutre de una profunda admiraci\u00f3n por los artistas, haciendo de cada art\u00edculo una celebraci\u00f3n de la creatividad y la cultura musical.\",\"sameAs\":[\"https:\/\/web.consaguirre.com.ar\/noticias\"]}]}<\/script>\n<!-- \/ Yoast SEO plugin. -->","yoast_head_json":{"title":"'Open, To Love' de Paul Bley obtiene una reedici\u00f3n en vinilo","robots":{"index":"index","follow":"follow","max-snippet":"max-snippet:-1","max-image-preview":"max-image-preview:large","max-video-preview":"max-video-preview:-1"},"canonical":"https:\/\/web.consaguirre.com.ar\/noticias\/open-to-love-de-paul-bley-obtiene-una-reedicion-en-vinilo\/","og_locale":"es_ES","og_type":"article","og_title":"'Open, To Love' de Paul Bley obtiene una reedici\u00f3n en vinilo","og_description":"\u00c1lbum de Paul Bley de 1972 Abierto, amarrecibir\u00e1 una nueva reedici\u00f3n en vinilo como parte de Registros ECM&#8216;Serie Luminessence. Considerada una de las obras m\u00e1s","og_url":"https:\/\/web.consaguirre.com.ar\/noticias\/open-to-love-de-paul-bley-obtiene-una-reedicion-en-vinilo\/","og_site_name":"Conservatorio de M\u00fasica Juli\u00e1n Aguirre","article_published_time":"2025-01-10T08:38:29+00:00","article_modified_time":"2025-01-10T08:38:31+00:00","og_image":[{"width":1440,"height":864,"url":"https:\/\/web.consaguirre.com.ar\/noticias\/wp-content\/uploads\/2025\/01\/Open-To-Love-de-Paul-Bley-obtiene-una-reedicion-en.jpg","type":"image\/jpeg"}],"author":"Javier Figueroa","twitter_card":"summary_large_image","twitter_misc":{"Escrito por":"Javier Figueroa","Tiempo de lectura":"2 minutos"},"schema":{"@context":"https:\/\/schema.org","@graph":[{"@type":"Article","@id":"https:\/\/web.consaguirre.com.ar\/noticias\/open-to-love-de-paul-bley-obtiene-una-reedicion-en-vinilo\/#article","isPartOf":{"@id":"https:\/\/web.consaguirre.com.ar\/noticias\/open-to-love-de-paul-bley-obtiene-una-reedicion-en-vinilo\/"},"author":{"name":"Javier Figueroa","@id":"https:\/\/web.consaguirre.com.ar\/noticias\/#\/schema\/person\/6558b0cfedee7ddc5425602b237d5722"},"headline":"&#8216;Open, To Love&#8217; de Paul Bley obtiene una reedici\u00f3n en vinilo","datePublished":"2025-01-10T08:38:29+00:00","dateModified":"2025-01-10T08:38:31+00:00","mainEntityOfPage":{"@id":"https:\/\/web.consaguirre.com.ar\/noticias\/open-to-love-de-paul-bley-obtiene-una-reedicion-en-vinilo\/"},"wordCount":440,"publisher":{"@id":"https:\/\/web.consaguirre.com.ar\/noticias\/#organization"},"image":{"@id":"https:\/\/web.consaguirre.com.ar\/noticias\/open-to-love-de-paul-bley-obtiene-una-reedicion-en-vinilo\/#primaryimage"},"thumbnailUrl":"https:\/\/web.consaguirre.com.ar\/noticias\/wp-content\/uploads\/2025\/01\/Open-To-Love-de-Paul-Bley-obtiene-una-reedicion-en.jpg","keywords":["Bley","Love","obtiene","Open","Paul","reedici\u00f3n","una","vinilo"],"articleSection":["El \u00faltimo"],"inLanguage":"es-AR"},{"@type":"WebPage","@id":"https:\/\/web.consaguirre.com.ar\/noticias\/open-to-love-de-paul-bley-obtiene-una-reedicion-en-vinilo\/","url":"https:\/\/web.consaguirre.com.ar\/noticias\/open-to-love-de-paul-bley-obtiene-una-reedicion-en-vinilo\/","name":"'Open, To Love' de Paul Bley obtiene una reedici\u00f3n en vinilo","isPartOf":{"@id":"https:\/\/web.consaguirre.com.ar\/noticias\/#website"},"primaryImageOfPage":{"@id":"https:\/\/web.consaguirre.com.ar\/noticias\/open-to-love-de-paul-bley-obtiene-una-reedicion-en-vinilo\/#primaryimage"},"image":{"@id":"https:\/\/web.consaguirre.com.ar\/noticias\/open-to-love-de-paul-bley-obtiene-una-reedicion-en-vinilo\/#primaryimage"},"thumbnailUrl":"https:\/\/web.consaguirre.com.ar\/noticias\/wp-content\/uploads\/2025\/01\/Open-To-Love-de-Paul-Bley-obtiene-una-reedicion-en.jpg","datePublished":"2025-01-10T08:38:29+00:00","dateModified":"2025-01-10T08:38:31+00:00","breadcrumb":{"@id":"https:\/\/web.consaguirre.com.ar\/noticias\/open-to-love-de-paul-bley-obtiene-una-reedicion-en-vinilo\/#breadcrumb"},"inLanguage":"es-AR","potentialAction":[{"@type":"ReadAction","target":["https:\/\/web.consaguirre.com.ar\/noticias\/open-to-love-de-paul-bley-obtiene-una-reedicion-en-vinilo\/"]}]},{"@type":"ImageObject","inLanguage":"es-AR","@id":"https:\/\/web.consaguirre.com.ar\/noticias\/open-to-love-de-paul-bley-obtiene-una-reedicion-en-vinilo\/#primaryimage","url":"https:\/\/web.consaguirre.com.ar\/noticias\/wp-content\/uploads\/2025\/01\/Open-To-Love-de-Paul-Bley-obtiene-una-reedicion-en.jpg","contentUrl":"https:\/\/web.consaguirre.com.ar\/noticias\/wp-content\/uploads\/2025\/01\/Open-To-Love-de-Paul-Bley-obtiene-una-reedicion-en.jpg","width":1440,"height":864,"caption":"Paul Bley - Photo: Frans Schellekens\/Redferns"},{"@type":"BreadcrumbList","@id":"https:\/\/web.consaguirre.com.ar\/noticias\/open-to-love-de-paul-bley-obtiene-una-reedicion-en-vinilo\/#breadcrumb","itemListElement":[{"@type":"ListItem","position":1,"name":"Inicio","item":"https:\/\/web.consaguirre.com.ar\/noticias\/"},{"@type":"ListItem","position":2,"name":"&#8216;Open, To Love&#8217; de Paul Bley obtiene una reedici\u00f3n en vinilo"}]},{"@type":"WebSite","@id":"https:\/\/web.consaguirre.com.ar\/noticias\/#website","url":"https:\/\/web.consaguirre.com.ar\/noticias\/","name":"Conservatorio de M\u00fasica Juli\u00e1n Aguirre","description":"","publisher":{"@id":"https:\/\/web.consaguirre.com.ar\/noticias\/#organization"},"potentialAction":[{"@type":"SearchAction","target":{"@type":"EntryPoint","urlTemplate":"https:\/\/web.consaguirre.com.ar\/noticias\/?s={search_term_string}"},"query-input":"required name=search_term_string"}],"inLanguage":"es-AR"},{"@type":"Organization","@id":"https:\/\/web.consaguirre.com.ar\/noticias\/#organization","name":"Conservatorio de M\u00fasica Juli\u00e1n Aguirre","url":"https:\/\/web.consaguirre.com.ar\/noticias\/","logo":{"@type":"ImageObject","inLanguage":"es-AR","@id":"https:\/\/web.consaguirre.com.ar\/noticias\/#\/schema\/logo\/image\/","url":"https:\/\/web.consaguirre.com.ar\/noticias\/wp-content\/uploads\/2024\/08\/Banner-Aguirre-23.jpg","contentUrl":"https:\/\/web.consaguirre.com.ar\/noticias\/wp-content\/uploads\/2024\/08\/Banner-Aguirre-23.jpg","width":1192,"height":600,"caption":"Conservatorio de M\u00fasica Juli\u00e1n Aguirre"},"image":{"@id":"https:\/\/web.consaguirre.com.ar\/noticias\/#\/schema\/logo\/image\/"}},{"@type":"Person","@id":"https:\/\/web.consaguirre.com.ar\/noticias\/#\/schema\/person\/6558b0cfedee7ddc5425602b237d5722","name":"Javier Figueroa","image":{"@type":"ImageObject","inLanguage":"es-AR","@id":"https:\/\/web.consaguirre.com.ar\/noticias\/#\/schema\/person\/image\/","url":"https:\/\/web.consaguirre.com.ar\/noticias\/wp-content\/uploads\/2024\/08\/Consaguirre-scaled.jpg","contentUrl":"https:\/\/web.consaguirre.com.ar\/noticias\/wp-content\/uploads\/2024\/08\/Consaguirre-scaled.jpg","caption":"Javier Figueroa"},"description":"Me llamo Javier Figueroa y soy redactor para el sitio oficial del Conservatorio de M\u00fasica Juli\u00e1n Aguirre en Buenos Aires, consaguirre.com. Apasionado por la m\u00fasica y la escritura, me esfuerzo por destacar los talentos y eventos de nuestra prestigiosa instituci\u00f3n. Mi trayectoria se nutre de una profunda admiraci\u00f3n por los artistas, haciendo de cada art\u00edculo una celebraci\u00f3n de la creatividad y la cultura musical.","sameAs":["https:\/\/web.consaguirre.com.ar\/noticias"]}]}},"_links":{"self":[{"href":"https:\/\/web.consaguirre.com.ar\/noticias\/wp-json\/wp\/v2\/posts\/1550"}],"collection":[{"href":"https:\/\/web.consaguirre.com.ar\/noticias\/wp-json\/wp\/v2\/posts"}],"about":[{"href":"https:\/\/web.consaguirre.com.ar\/noticias\/wp-json\/wp\/v2\/types\/post"}],"author":[{"embeddable":true,"href":"https:\/\/web.consaguirre.com.ar\/noticias\/wp-json\/wp\/v2\/users\/1"}],"replies":[{"embeddable":true,"href":"https:\/\/web.consaguirre.com.ar\/noticias\/wp-json\/wp\/v2\/comments?post=1550"}],"version-history":[{"count":1,"href":"https:\/\/web.consaguirre.com.ar\/noticias\/wp-json\/wp\/v2\/posts\/1550\/revisions"}],"predecessor-version":[{"id":1552,"href":"https:\/\/web.consaguirre.com.ar\/noticias\/wp-json\/wp\/v2\/posts\/1550\/revisions\/1552"}],"wp:featuredmedia":[{"embeddable":true,"href":"https:\/\/web.consaguirre.com.ar\/noticias\/wp-json\/wp\/v2\/media\/1551"}],"wp:attachment":[{"href":"https:\/\/web.consaguirre.com.ar\/noticias\/wp-json\/wp\/v2\/media?parent=1550"}],"wp:term":[{"taxonomy":"category","embeddable":true,"href":"https:\/\/web.consaguirre.com.ar\/noticias\/wp-json\/wp\/v2\/categories?post=1550"},{"taxonomy":"post_tag","embeddable":true,"href":"https:\/\/web.consaguirre.com.ar\/noticias\/wp-json\/wp\/v2\/tags?post=1550"}],"curies":[{"name":"wp","href":"https:\/\/api.w.org\/{rel}","templated":true}]}}