{"id":1547,"date":"2025-01-10T02:38:22","date_gmt":"2025-01-10T05:38:22","guid":{"rendered":"https:\/\/web.consaguirre.com.ar\/noticias\/our-man-in-paris-de-dexter-gordon-recibira-una-reedicion-de-blue-note\/"},"modified":"2025-01-10T02:38:24","modified_gmt":"2025-01-10T05:38:24","slug":"our-man-in-paris-de-dexter-gordon-recibira-una-reedicion-de-blue-note","status":"publish","type":"post","link":"https:\/\/web.consaguirre.com.ar\/noticias\/our-man-in-paris-de-dexter-gordon-recibira-una-reedicion-de-blue-note\/","title":{"rendered":"&#8216;Our Man In Paris&#8217; de Dexter Gordon recibir\u00e1 una reedici\u00f3n de Blue Note"},"content":{"rendered":"<p dir=\"ltr\"><strong>Dexter Gordon<\/strong>La grabaci\u00f3n de jazz fundamental de 1963, <em>Nuestro hombre en Par\u00eds<\/em>recibir\u00e1 una nueva reedici\u00f3n en vinilo cortes\u00eda de <strong>Registros de notas azules<\/strong>&#8216;Serie cl\u00e1sica de vinilo.<\/p>\n<p dir=\"ltr\">Reeditada una vez en 2003 en CD, la nueva edici\u00f3n de la obra maestra de Gordon conserva las cinco pistas del \u00e1lbum original y se imprimir\u00e1 en vinilo de 180 g de las cintas maestras originales. esta nueva <em>Nuestro hombre en Par\u00eds<\/em> La reedici\u00f3n llegar\u00e1 a las tiendas el 21 de febrero y ya est\u00e1 disponible para pedidos por adelantado.<\/p>\n<p dir=\"ltr\">Las cinco pistas en <em>Nuestro hombre en Par\u00eds<\/em> incluyen piezas que otros gigantes del jazz se hicieron famosas, pero Gordon aporta a cada una de ellas sus habilidades \u00fanicas con el saxof\u00f3n. La canci\u00f3n de apertura \u201cScrapple From The Apple\u201d, por ejemplo, fue compuesta e interpretada originalmente por Charlie Parker, mientras que <em>Nuestro hombre en Par\u00eds<\/em>El \u00faltimo tema, \u201cA Night In Tunisia\u201d, perteneci\u00f3 por primera vez a Dizzy Gillespie.<\/p>\n<p dir=\"ltr\">De hecho, Gordon hab\u00eda colaborado con este \u00faltimo artista m\u00e1s de una d\u00e9cada antes para una grabaci\u00f3n que se public\u00f3 m\u00e1s tarde en 1955. <em>Groovin&#8217; alto<\/em>. Para <em>Nuestro hombre en Par\u00eds<\/em>Gordon grab\u00f3 con el pianista Bud Powell, el baterista Kenny Clarke y el bajista Pierre Michelot. Tanto Powell como Clarke eran compa\u00f1eros expatriados como lo era Gordon en ese momento, mientras que Michelot era nativo de Par\u00eds.<\/p>\n<p>Grabado en 1963, <em>Nuestro hombre en Par\u00eds<\/em> se inspir\u00f3 en parte en los a\u00f1os que Gordon pas\u00f3 en Europa. Aunque naci\u00f3 y creci\u00f3 en Los \u00c1ngeles, el m\u00fasico pas\u00f3 buena parte de las d\u00e9cadas de 1960 y 1970 en Copenhague y Par\u00eds, formando equipo con m\u00fasicos locales y compa\u00f1eros expatriados para una serie de grabaciones.<\/p>\n<p>En 1977, Gordon <strong>dijo al entrevistador Chuck Berg<\/strong> los motivos de su salida ya que regresaba a Estados Unidos. \u201cCreo que ha sido muy bueno para m\u00ed. He aprendido mucho, por supuesto. Otra forma de vida, otra cultura, otra lengua. Lo disfrut\u00e9\u201d, explic\u00f3 el saxofonista. \u201cTodav\u00eda lo hago. Por supuesto, no hubo discriminaci\u00f3n racial ni nada por el estilo. Y el hecho de que seas un artista en Europa significa algo. Te tratan con mucho respeto\u201d. Aunque quiz\u00e1s haya llegado tarde, el trabajo de Gordon ciertamente se ha ganado ahora un respeto muy merecido.<\/p>\n<p><strong>Orden <em>Nuestro hombre en Par\u00eds <\/em>ahora.<\/strong><\/p>\n","protected":false},"excerpt":{"rendered":"<p>Dexter GordonLa grabaci\u00f3n de jazz fundamental de 1963, Nuestro hombre en Par\u00edsrecibir\u00e1 una nueva reedici\u00f3n en vinilo cortes\u00eda de Registros de notas azules&#8216;Serie cl\u00e1sica de<\/p>\n","protected":false},"author":1,"featured_media":1548,"comment_status":"closed","ping_status":"","sticky":false,"template":"","format":"standard","meta":{"footnotes":""},"categories":[50],"tags":[498,1613,1614,1612,1238,1425,306,117,191],"class_list":["post-1547","post","type-post","status-publish","format-standard","has-post-thumbnail","hentry","category-el-ultimo","tag-blue","tag-dexter","tag-gordon","tag-man","tag-note","tag-paris","tag-recibira","tag-reedicion","tag-una","generate-columns","tablet-grid-50","mobile-grid-100","grid-parent","grid-50"],"yoast_head":"<!-- This site is optimized with the Yoast SEO plugin v23.3 - https:\/\/yoast.com\/wordpress\/plugins\/seo\/ -->\n<title>&#039;Our Man In Paris&#039; de Dexter Gordon recibir\u00e1 una reedici\u00f3n de Blue Note<\/title>\n<meta name=\"robots\" content=\"index, follow, max-snippet:-1, max-image-preview:large, max-video-preview:-1\" \/>\n<link rel=\"canonical\" href=\"https:\/\/web.consaguirre.com.ar\/noticias\/our-man-in-paris-de-dexter-gordon-recibira-una-reedicion-de-blue-note\/\" \/>\n<meta property=\"og:locale\" content=\"es_ES\" \/>\n<meta property=\"og:type\" content=\"article\" \/>\n<meta property=\"og:title\" content=\"&#039;Our Man In Paris&#039; de Dexter Gordon recibir\u00e1 una reedici\u00f3n de Blue Note\" \/>\n<meta property=\"og:description\" content=\"Dexter GordonLa grabaci\u00f3n de jazz fundamental de 1963, Nuestro hombre en Par\u00edsrecibir\u00e1 una nueva reedici\u00f3n en vinilo cortes\u00eda de Registros de notas azules&#8216;Serie cl\u00e1sica de\" \/>\n<meta property=\"og:url\" content=\"https:\/\/web.consaguirre.com.ar\/noticias\/our-man-in-paris-de-dexter-gordon-recibira-una-reedicion-de-blue-note\/\" \/>\n<meta property=\"og:site_name\" content=\"Conservatorio de M\u00fasica Juli\u00e1n Aguirre\" \/>\n<meta property=\"article:published_time\" content=\"2025-01-10T05:38:22+00:00\" \/>\n<meta property=\"article:modified_time\" content=\"2025-01-10T05:38:24+00:00\" \/>\n<meta property=\"og:image\" content=\"https:\/\/web.consaguirre.com.ar\/noticias\/wp-content\/uploads\/2025\/01\/Our-Man-In-Paris-de-Dexter-Gordon-recibira-una-reedicion.jpg\" \/>\n\t<meta property=\"og:image:width\" content=\"1280\" \/>\n\t<meta property=\"og:image:height\" content=\"1280\" \/>\n\t<meta property=\"og:image:type\" content=\"image\/jpeg\" \/>\n<meta name=\"author\" content=\"Javier Figueroa\" \/>\n<meta name=\"twitter:card\" content=\"summary_large_image\" \/>\n<meta name=\"twitter:label1\" content=\"Escrito por\" \/>\n\t<meta name=\"twitter:data1\" content=\"Javier Figueroa\" \/>\n\t<meta name=\"twitter:label2\" content=\"Tiempo de lectura\" \/>\n\t<meta name=\"twitter:data2\" content=\"2 minutos\" \/>\n<script type=\"application\/ld+json\" class=\"yoast-schema-graph\">{\"@context\":\"https:\/\/schema.org\",\"@graph\":[{\"@type\":\"Article\",\"@id\":\"https:\/\/web.consaguirre.com.ar\/noticias\/our-man-in-paris-de-dexter-gordon-recibira-una-reedicion-de-blue-note\/#article\",\"isPartOf\":{\"@id\":\"https:\/\/web.consaguirre.com.ar\/noticias\/our-man-in-paris-de-dexter-gordon-recibira-una-reedicion-de-blue-note\/\"},\"author\":{\"name\":\"Javier Figueroa\",\"@id\":\"https:\/\/web.consaguirre.com.ar\/noticias\/#\/schema\/person\/6558b0cfedee7ddc5425602b237d5722\"},\"headline\":\"&#8216;Our Man In Paris&#8217; de Dexter Gordon recibir\u00e1 una reedici\u00f3n de Blue Note\",\"datePublished\":\"2025-01-10T05:38:22+00:00\",\"dateModified\":\"2025-01-10T05:38:24+00:00\",\"mainEntityOfPage\":{\"@id\":\"https:\/\/web.consaguirre.com.ar\/noticias\/our-man-in-paris-de-dexter-gordon-recibira-una-reedicion-de-blue-note\/\"},\"wordCount\":414,\"publisher\":{\"@id\":\"https:\/\/web.consaguirre.com.ar\/noticias\/#organization\"},\"image\":{\"@id\":\"https:\/\/web.consaguirre.com.ar\/noticias\/our-man-in-paris-de-dexter-gordon-recibira-una-reedicion-de-blue-note\/#primaryimage\"},\"thumbnailUrl\":\"https:\/\/web.consaguirre.com.ar\/noticias\/wp-content\/uploads\/2025\/01\/Our-Man-In-Paris-de-Dexter-Gordon-recibira-una-reedicion.jpg\",\"keywords\":[\"Blue\",\"Dexter\",\"Gordon\",\"Man\",\"Note\",\"Par\u00eds\",\"recibir\u00e1\",\"reedici\u00f3n\",\"una\"],\"articleSection\":[\"El \u00faltimo\"],\"inLanguage\":\"es-AR\"},{\"@type\":\"WebPage\",\"@id\":\"https:\/\/web.consaguirre.com.ar\/noticias\/our-man-in-paris-de-dexter-gordon-recibira-una-reedicion-de-blue-note\/\",\"url\":\"https:\/\/web.consaguirre.com.ar\/noticias\/our-man-in-paris-de-dexter-gordon-recibira-una-reedicion-de-blue-note\/\",\"name\":\"'Our Man In Paris' de Dexter Gordon recibir\u00e1 una reedici\u00f3n de Blue Note\",\"isPartOf\":{\"@id\":\"https:\/\/web.consaguirre.com.ar\/noticias\/#website\"},\"primaryImageOfPage\":{\"@id\":\"https:\/\/web.consaguirre.com.ar\/noticias\/our-man-in-paris-de-dexter-gordon-recibira-una-reedicion-de-blue-note\/#primaryimage\"},\"image\":{\"@id\":\"https:\/\/web.consaguirre.com.ar\/noticias\/our-man-in-paris-de-dexter-gordon-recibira-una-reedicion-de-blue-note\/#primaryimage\"},\"thumbnailUrl\":\"https:\/\/web.consaguirre.com.ar\/noticias\/wp-content\/uploads\/2025\/01\/Our-Man-In-Paris-de-Dexter-Gordon-recibira-una-reedicion.jpg\",\"datePublished\":\"2025-01-10T05:38:22+00:00\",\"dateModified\":\"2025-01-10T05:38:24+00:00\",\"breadcrumb\":{\"@id\":\"https:\/\/web.consaguirre.com.ar\/noticias\/our-man-in-paris-de-dexter-gordon-recibira-una-reedicion-de-blue-note\/#breadcrumb\"},\"inLanguage\":\"es-AR\",\"potentialAction\":[{\"@type\":\"ReadAction\",\"target\":[\"https:\/\/web.consaguirre.com.ar\/noticias\/our-man-in-paris-de-dexter-gordon-recibira-una-reedicion-de-blue-note\/\"]}]},{\"@type\":\"ImageObject\",\"inLanguage\":\"es-AR\",\"@id\":\"https:\/\/web.consaguirre.com.ar\/noticias\/our-man-in-paris-de-dexter-gordon-recibira-una-reedicion-de-blue-note\/#primaryimage\",\"url\":\"https:\/\/web.consaguirre.com.ar\/noticias\/wp-content\/uploads\/2025\/01\/Our-Man-In-Paris-de-Dexter-Gordon-recibira-una-reedicion.jpg\",\"contentUrl\":\"https:\/\/web.consaguirre.com.ar\/noticias\/wp-content\/uploads\/2025\/01\/Our-Man-In-Paris-de-Dexter-Gordon-recibira-una-reedicion.jpg\",\"width\":1280,\"height\":1280,\"caption\":\"Dexter Gordon - Photo: David Redfern\/Redferns\"},{\"@type\":\"BreadcrumbList\",\"@id\":\"https:\/\/web.consaguirre.com.ar\/noticias\/our-man-in-paris-de-dexter-gordon-recibira-una-reedicion-de-blue-note\/#breadcrumb\",\"itemListElement\":[{\"@type\":\"ListItem\",\"position\":1,\"name\":\"Inicio\",\"item\":\"https:\/\/web.consaguirre.com.ar\/noticias\/\"},{\"@type\":\"ListItem\",\"position\":2,\"name\":\"&#8216;Our Man In Paris&#8217; de Dexter Gordon recibir\u00e1 una reedici\u00f3n de Blue Note\"}]},{\"@type\":\"WebSite\",\"@id\":\"https:\/\/web.consaguirre.com.ar\/noticias\/#website\",\"url\":\"https:\/\/web.consaguirre.com.ar\/noticias\/\",\"name\":\"Conservatorio de M\u00fasica Juli\u00e1n Aguirre\",\"description\":\"\",\"publisher\":{\"@id\":\"https:\/\/web.consaguirre.com.ar\/noticias\/#organization\"},\"potentialAction\":[{\"@type\":\"SearchAction\",\"target\":{\"@type\":\"EntryPoint\",\"urlTemplate\":\"https:\/\/web.consaguirre.com.ar\/noticias\/?s={search_term_string}\"},\"query-input\":\"required name=search_term_string\"}],\"inLanguage\":\"es-AR\"},{\"@type\":\"Organization\",\"@id\":\"https:\/\/web.consaguirre.com.ar\/noticias\/#organization\",\"name\":\"Conservatorio de M\u00fasica Juli\u00e1n Aguirre\",\"url\":\"https:\/\/web.consaguirre.com.ar\/noticias\/\",\"logo\":{\"@type\":\"ImageObject\",\"inLanguage\":\"es-AR\",\"@id\":\"https:\/\/web.consaguirre.com.ar\/noticias\/#\/schema\/logo\/image\/\",\"url\":\"https:\/\/web.consaguirre.com.ar\/noticias\/wp-content\/uploads\/2024\/08\/Banner-Aguirre-23.jpg\",\"contentUrl\":\"https:\/\/web.consaguirre.com.ar\/noticias\/wp-content\/uploads\/2024\/08\/Banner-Aguirre-23.jpg\",\"width\":1192,\"height\":600,\"caption\":\"Conservatorio de M\u00fasica Juli\u00e1n Aguirre\"},\"image\":{\"@id\":\"https:\/\/web.consaguirre.com.ar\/noticias\/#\/schema\/logo\/image\/\"}},{\"@type\":\"Person\",\"@id\":\"https:\/\/web.consaguirre.com.ar\/noticias\/#\/schema\/person\/6558b0cfedee7ddc5425602b237d5722\",\"name\":\"Javier Figueroa\",\"image\":{\"@type\":\"ImageObject\",\"inLanguage\":\"es-AR\",\"@id\":\"https:\/\/web.consaguirre.com.ar\/noticias\/#\/schema\/person\/image\/\",\"url\":\"https:\/\/web.consaguirre.com.ar\/noticias\/wp-content\/uploads\/2024\/08\/Consaguirre-scaled.jpg\",\"contentUrl\":\"https:\/\/web.consaguirre.com.ar\/noticias\/wp-content\/uploads\/2024\/08\/Consaguirre-scaled.jpg\",\"caption\":\"Javier Figueroa\"},\"description\":\"Me llamo Javier Figueroa y soy redactor para el sitio oficial del Conservatorio de M\u00fasica Juli\u00e1n Aguirre en Buenos Aires, consaguirre.com. Apasionado por la m\u00fasica y la escritura, me esfuerzo por destacar los talentos y eventos de nuestra prestigiosa instituci\u00f3n. Mi trayectoria se nutre de una profunda admiraci\u00f3n por los artistas, haciendo de cada art\u00edculo una celebraci\u00f3n de la creatividad y la cultura musical.\",\"sameAs\":[\"https:\/\/web.consaguirre.com.ar\/noticias\"]}]}<\/script>\n<!-- \/ Yoast SEO plugin. -->","yoast_head_json":{"title":"'Our Man In Paris' de Dexter Gordon recibir\u00e1 una reedici\u00f3n de Blue Note","robots":{"index":"index","follow":"follow","max-snippet":"max-snippet:-1","max-image-preview":"max-image-preview:large","max-video-preview":"max-video-preview:-1"},"canonical":"https:\/\/web.consaguirre.com.ar\/noticias\/our-man-in-paris-de-dexter-gordon-recibira-una-reedicion-de-blue-note\/","og_locale":"es_ES","og_type":"article","og_title":"'Our Man In Paris' de Dexter Gordon recibir\u00e1 una reedici\u00f3n de Blue Note","og_description":"Dexter GordonLa grabaci\u00f3n de jazz fundamental de 1963, Nuestro hombre en Par\u00edsrecibir\u00e1 una nueva reedici\u00f3n en vinilo cortes\u00eda de Registros de notas azules&#8216;Serie cl\u00e1sica de","og_url":"https:\/\/web.consaguirre.com.ar\/noticias\/our-man-in-paris-de-dexter-gordon-recibira-una-reedicion-de-blue-note\/","og_site_name":"Conservatorio de M\u00fasica Juli\u00e1n Aguirre","article_published_time":"2025-01-10T05:38:22+00:00","article_modified_time":"2025-01-10T05:38:24+00:00","og_image":[{"width":1280,"height":1280,"url":"https:\/\/web.consaguirre.com.ar\/noticias\/wp-content\/uploads\/2025\/01\/Our-Man-In-Paris-de-Dexter-Gordon-recibira-una-reedicion.jpg","type":"image\/jpeg"}],"author":"Javier Figueroa","twitter_card":"summary_large_image","twitter_misc":{"Escrito por":"Javier Figueroa","Tiempo de lectura":"2 minutos"},"schema":{"@context":"https:\/\/schema.org","@graph":[{"@type":"Article","@id":"https:\/\/web.consaguirre.com.ar\/noticias\/our-man-in-paris-de-dexter-gordon-recibira-una-reedicion-de-blue-note\/#article","isPartOf":{"@id":"https:\/\/web.consaguirre.com.ar\/noticias\/our-man-in-paris-de-dexter-gordon-recibira-una-reedicion-de-blue-note\/"},"author":{"name":"Javier Figueroa","@id":"https:\/\/web.consaguirre.com.ar\/noticias\/#\/schema\/person\/6558b0cfedee7ddc5425602b237d5722"},"headline":"&#8216;Our Man In Paris&#8217; de Dexter Gordon recibir\u00e1 una reedici\u00f3n de Blue Note","datePublished":"2025-01-10T05:38:22+00:00","dateModified":"2025-01-10T05:38:24+00:00","mainEntityOfPage":{"@id":"https:\/\/web.consaguirre.com.ar\/noticias\/our-man-in-paris-de-dexter-gordon-recibira-una-reedicion-de-blue-note\/"},"wordCount":414,"publisher":{"@id":"https:\/\/web.consaguirre.com.ar\/noticias\/#organization"},"image":{"@id":"https:\/\/web.consaguirre.com.ar\/noticias\/our-man-in-paris-de-dexter-gordon-recibira-una-reedicion-de-blue-note\/#primaryimage"},"thumbnailUrl":"https:\/\/web.consaguirre.com.ar\/noticias\/wp-content\/uploads\/2025\/01\/Our-Man-In-Paris-de-Dexter-Gordon-recibira-una-reedicion.jpg","keywords":["Blue","Dexter","Gordon","Man","Note","Par\u00eds","recibir\u00e1","reedici\u00f3n","una"],"articleSection":["El \u00faltimo"],"inLanguage":"es-AR"},{"@type":"WebPage","@id":"https:\/\/web.consaguirre.com.ar\/noticias\/our-man-in-paris-de-dexter-gordon-recibira-una-reedicion-de-blue-note\/","url":"https:\/\/web.consaguirre.com.ar\/noticias\/our-man-in-paris-de-dexter-gordon-recibira-una-reedicion-de-blue-note\/","name":"'Our Man In Paris' de Dexter Gordon recibir\u00e1 una reedici\u00f3n de Blue Note","isPartOf":{"@id":"https:\/\/web.consaguirre.com.ar\/noticias\/#website"},"primaryImageOfPage":{"@id":"https:\/\/web.consaguirre.com.ar\/noticias\/our-man-in-paris-de-dexter-gordon-recibira-una-reedicion-de-blue-note\/#primaryimage"},"image":{"@id":"https:\/\/web.consaguirre.com.ar\/noticias\/our-man-in-paris-de-dexter-gordon-recibira-una-reedicion-de-blue-note\/#primaryimage"},"thumbnailUrl":"https:\/\/web.consaguirre.com.ar\/noticias\/wp-content\/uploads\/2025\/01\/Our-Man-In-Paris-de-Dexter-Gordon-recibira-una-reedicion.jpg","datePublished":"2025-01-10T05:38:22+00:00","dateModified":"2025-01-10T05:38:24+00:00","breadcrumb":{"@id":"https:\/\/web.consaguirre.com.ar\/noticias\/our-man-in-paris-de-dexter-gordon-recibira-una-reedicion-de-blue-note\/#breadcrumb"},"inLanguage":"es-AR","potentialAction":[{"@type":"ReadAction","target":["https:\/\/web.consaguirre.com.ar\/noticias\/our-man-in-paris-de-dexter-gordon-recibira-una-reedicion-de-blue-note\/"]}]},{"@type":"ImageObject","inLanguage":"es-AR","@id":"https:\/\/web.consaguirre.com.ar\/noticias\/our-man-in-paris-de-dexter-gordon-recibira-una-reedicion-de-blue-note\/#primaryimage","url":"https:\/\/web.consaguirre.com.ar\/noticias\/wp-content\/uploads\/2025\/01\/Our-Man-In-Paris-de-Dexter-Gordon-recibira-una-reedicion.jpg","contentUrl":"https:\/\/web.consaguirre.com.ar\/noticias\/wp-content\/uploads\/2025\/01\/Our-Man-In-Paris-de-Dexter-Gordon-recibira-una-reedicion.jpg","width":1280,"height":1280,"caption":"Dexter Gordon - Photo: David Redfern\/Redferns"},{"@type":"BreadcrumbList","@id":"https:\/\/web.consaguirre.com.ar\/noticias\/our-man-in-paris-de-dexter-gordon-recibira-una-reedicion-de-blue-note\/#breadcrumb","itemListElement":[{"@type":"ListItem","position":1,"name":"Inicio","item":"https:\/\/web.consaguirre.com.ar\/noticias\/"},{"@type":"ListItem","position":2,"name":"&#8216;Our Man In Paris&#8217; de Dexter Gordon recibir\u00e1 una reedici\u00f3n de Blue Note"}]},{"@type":"WebSite","@id":"https:\/\/web.consaguirre.com.ar\/noticias\/#website","url":"https:\/\/web.consaguirre.com.ar\/noticias\/","name":"Conservatorio de M\u00fasica Juli\u00e1n Aguirre","description":"","publisher":{"@id":"https:\/\/web.consaguirre.com.ar\/noticias\/#organization"},"potentialAction":[{"@type":"SearchAction","target":{"@type":"EntryPoint","urlTemplate":"https:\/\/web.consaguirre.com.ar\/noticias\/?s={search_term_string}"},"query-input":"required name=search_term_string"}],"inLanguage":"es-AR"},{"@type":"Organization","@id":"https:\/\/web.consaguirre.com.ar\/noticias\/#organization","name":"Conservatorio de M\u00fasica Juli\u00e1n Aguirre","url":"https:\/\/web.consaguirre.com.ar\/noticias\/","logo":{"@type":"ImageObject","inLanguage":"es-AR","@id":"https:\/\/web.consaguirre.com.ar\/noticias\/#\/schema\/logo\/image\/","url":"https:\/\/web.consaguirre.com.ar\/noticias\/wp-content\/uploads\/2024\/08\/Banner-Aguirre-23.jpg","contentUrl":"https:\/\/web.consaguirre.com.ar\/noticias\/wp-content\/uploads\/2024\/08\/Banner-Aguirre-23.jpg","width":1192,"height":600,"caption":"Conservatorio de M\u00fasica Juli\u00e1n Aguirre"},"image":{"@id":"https:\/\/web.consaguirre.com.ar\/noticias\/#\/schema\/logo\/image\/"}},{"@type":"Person","@id":"https:\/\/web.consaguirre.com.ar\/noticias\/#\/schema\/person\/6558b0cfedee7ddc5425602b237d5722","name":"Javier Figueroa","image":{"@type":"ImageObject","inLanguage":"es-AR","@id":"https:\/\/web.consaguirre.com.ar\/noticias\/#\/schema\/person\/image\/","url":"https:\/\/web.consaguirre.com.ar\/noticias\/wp-content\/uploads\/2024\/08\/Consaguirre-scaled.jpg","contentUrl":"https:\/\/web.consaguirre.com.ar\/noticias\/wp-content\/uploads\/2024\/08\/Consaguirre-scaled.jpg","caption":"Javier Figueroa"},"description":"Me llamo Javier Figueroa y soy redactor para el sitio oficial del Conservatorio de M\u00fasica Juli\u00e1n Aguirre en Buenos Aires, consaguirre.com. Apasionado por la m\u00fasica y la escritura, me esfuerzo por destacar los talentos y eventos de nuestra prestigiosa instituci\u00f3n. Mi trayectoria se nutre de una profunda admiraci\u00f3n por los artistas, haciendo de cada art\u00edculo una celebraci\u00f3n de la creatividad y la cultura musical.","sameAs":["https:\/\/web.consaguirre.com.ar\/noticias"]}]}},"_links":{"self":[{"href":"https:\/\/web.consaguirre.com.ar\/noticias\/wp-json\/wp\/v2\/posts\/1547"}],"collection":[{"href":"https:\/\/web.consaguirre.com.ar\/noticias\/wp-json\/wp\/v2\/posts"}],"about":[{"href":"https:\/\/web.consaguirre.com.ar\/noticias\/wp-json\/wp\/v2\/types\/post"}],"author":[{"embeddable":true,"href":"https:\/\/web.consaguirre.com.ar\/noticias\/wp-json\/wp\/v2\/users\/1"}],"replies":[{"embeddable":true,"href":"https:\/\/web.consaguirre.com.ar\/noticias\/wp-json\/wp\/v2\/comments?post=1547"}],"version-history":[{"count":1,"href":"https:\/\/web.consaguirre.com.ar\/noticias\/wp-json\/wp\/v2\/posts\/1547\/revisions"}],"predecessor-version":[{"id":1549,"href":"https:\/\/web.consaguirre.com.ar\/noticias\/wp-json\/wp\/v2\/posts\/1547\/revisions\/1549"}],"wp:featuredmedia":[{"embeddable":true,"href":"https:\/\/web.consaguirre.com.ar\/noticias\/wp-json\/wp\/v2\/media\/1548"}],"wp:attachment":[{"href":"https:\/\/web.consaguirre.com.ar\/noticias\/wp-json\/wp\/v2\/media?parent=1547"}],"wp:term":[{"taxonomy":"category","embeddable":true,"href":"https:\/\/web.consaguirre.com.ar\/noticias\/wp-json\/wp\/v2\/categories?post=1547"},{"taxonomy":"post_tag","embeddable":true,"href":"https:\/\/web.consaguirre.com.ar\/noticias\/wp-json\/wp\/v2\/tags?post=1547"}],"curies":[{"name":"wp","href":"https:\/\/api.w.org\/{rel}","templated":true}]}}