{"id":1535,"date":"2025-01-08T23:38:50","date_gmt":"2025-01-09T02:38:50","guid":{"rendered":"https:\/\/web.consaguirre.com.ar\/noticias\/kendrick-lamar-glorilla-y-doechii-obtienen-nominaciones-a-los-premios-naacp-image-awards\/"},"modified":"2025-01-08T23:38:51","modified_gmt":"2025-01-09T02:38:51","slug":"kendrick-lamar-glorilla-y-doechii-obtienen-nominaciones-a-los-premios-naacp-image-awards","status":"publish","type":"post","link":"https:\/\/web.consaguirre.com.ar\/noticias\/kendrick-lamar-glorilla-y-doechii-obtienen-nominaciones-a-los-premios-naacp-image-awards\/","title":{"rendered":"Kendrick Lamar, GloRilla y Doechii obtienen nominaciones a los premios NAACP Image Awards"},"content":{"rendered":"<p><strong>Kendrick Lamar<\/strong>, <strong>glorilla<\/strong>y <strong>Doechii<\/strong> estuvieron entre los que obtuvieron nominaciones para el <strong>56.\u00b0 Premios de Imagen NAACP<\/strong>que fueron anunciados el <em>Ma\u00f1anas de CBS<\/em> por la cantante y actriz Chl\u00f6e Bailey y el presidente y director ejecutivo de NAACP, Derrick Johnson, y en YouTube por la actriz Novi Brown y el m\u00fasico y actor Trevor Jackson.<\/p>\n<p>K.Dot se une a Cynthia Erivo, Keke Palmer, Kevin Hart y Shannon Sharpe en la categor\u00eda de artista del a\u00f1o.<\/p>\n<p>GloRilla recibi\u00f3 la mayor cantidad de nominaciones en las categor\u00edas de m\u00fasica y grabaci\u00f3n con seis, seguida de Doechii, Kendrick y Usher, quienes obtuvieron cuatro nominaciones cada uno.<\/p>\n<p>Doechii est\u00e1 en la categor\u00eda de \u00e1lbum destacado con <strong><em>Las mordeduras de caim\u00e1n nunca sanan<\/em>.<\/strong> A ella se une PJ Morton. <em>Ciudad del Cabo a El Cairo<\/em>Usher <em>Regresando a casa<\/em>Beyonc\u00e9 <em>vaquero carter<\/em>y GloRilla <strong><em>Glorioso<\/em><\/strong>.<\/p>\n<p>Doechii, Myles Smith, Samoht, Shaboozey y Tyla est\u00e1n nominados al Premio Imagen al artista nuevo destacado. Doechii y Shaboozey est\u00e1n nominados a mejor artista revelaci\u00f3n en los Grammy.<\/p>\n<p>El p\u00fablico puede votar para determinar los ganadores en categor\u00edas selectas visitando NAACPImageAwards.net. La votaci\u00f3n para estas categor\u00edas cierra el 7 de febrero a la medianoche ET. Los ganadores se revelar\u00e1n durante dos d\u00edas el pr\u00f3ximo mes: el viernes 21 de febrero en las Ceremonias de Honores Creativos, que se transmitir\u00e1n en NAACPImageAwards.net, y el s\u00e1bado 22 de febrero durante un especial de televisi\u00f3n en vivo de dos horas, que se transmitir\u00e1 a las 8 p.m. ET\/ 8 pm PT en BET y CBS.<\/p>\n<p>El espect\u00e1culo se llevar\u00e1 a cabo en el Auditorio C\u00edvico de Pasadena en Pasadena. El tema de la feria de este a\u00f1o es &#8220;Nuestras historias, nuestra cultura, nuestra excelencia&#8221;.<\/p>\n<p>Los honores coronan una carrera emocionante para Doechii, cuyo <em>Las mordeduras de caim\u00e1n nunca sanan<\/em> lleg\u00f3 al puesto n\u00famero 1 el <em>piedra rodante<\/em> lista de \u201cLos 20 mejores \u00e1lbumes de hip-hop de 2024\u201d y se ubic\u00f3 en el top 10 de su recuento general de \u201cMejores \u00e1lbumes de 2024\u201d. Cr\u00edticos en <em>NPR, Pegar, Consecuencia del Sonido, Stereogum<\/em> y <em>UPROXX<\/em> tambi\u00e9n aclamado <em>Las mordeduras de caim\u00e1n nunca sanan<\/em> como uno de los mejores \u00e1lbumes de 2024.<\/p>\n<p><strong>Visite el sitio web oficial de NAACP para obtener la lista completa de nominados.<\/strong><\/p>\n","protected":false},"excerpt":{"rendered":"<p>Kendrick Lamar, glorillay Doechii estuvieron entre los que obtuvieron nominaciones para el 56.\u00b0 Premios de Imagen NAACPque fueron anunciados el Ma\u00f1anas de CBS por la<\/p>\n","protected":false},"author":1,"featured_media":1536,"comment_status":"closed","ping_status":"","sticky":false,"template":"","format":"standard","meta":{"footnotes":""},"categories":[50],"tags":[851,404,752,1597,610,611,180,1596,481,1062,821],"class_list":["post-1535","post","type-post","status-publish","format-standard","has-post-thumbnail","hentry","category-el-ultimo","tag-awards","tag-doechii","tag-glorilla","tag-image","tag-kendrick","tag-lamar","tag-los","tag-naacp","tag-nominaciones","tag-obtienen","tag-premios","generate-columns","tablet-grid-50","mobile-grid-100","grid-parent","grid-50"],"yoast_head":"<!-- This site is optimized with the Yoast SEO plugin v23.3 - https:\/\/yoast.com\/wordpress\/plugins\/seo\/ -->\n<title>Kendrick Lamar, GloRilla y Doechii obtienen nominaciones a los premios NAACP Image Awards<\/title>\n<meta name=\"robots\" content=\"index, follow, max-snippet:-1, max-image-preview:large, max-video-preview:-1\" \/>\n<link rel=\"canonical\" href=\"https:\/\/web.consaguirre.com.ar\/noticias\/kendrick-lamar-glorilla-y-doechii-obtienen-nominaciones-a-los-premios-naacp-image-awards\/\" \/>\n<meta property=\"og:locale\" content=\"es_ES\" \/>\n<meta property=\"og:type\" content=\"article\" \/>\n<meta property=\"og:title\" content=\"Kendrick Lamar, GloRilla y Doechii obtienen nominaciones a los premios NAACP Image Awards\" \/>\n<meta property=\"og:description\" content=\"Kendrick Lamar, glorillay Doechii estuvieron entre los que obtuvieron nominaciones para el 56.\u00b0 Premios de Imagen NAACPque fueron anunciados el Ma\u00f1anas de CBS por la\" \/>\n<meta property=\"og:url\" content=\"https:\/\/web.consaguirre.com.ar\/noticias\/kendrick-lamar-glorilla-y-doechii-obtienen-nominaciones-a-los-premios-naacp-image-awards\/\" \/>\n<meta property=\"og:site_name\" content=\"Conservatorio de M\u00fasica Juli\u00e1n Aguirre\" \/>\n<meta property=\"article:published_time\" content=\"2025-01-09T02:38:50+00:00\" \/>\n<meta property=\"article:modified_time\" content=\"2025-01-09T02:38:51+00:00\" \/>\n<meta property=\"og:image\" content=\"https:\/\/web.consaguirre.com.ar\/noticias\/wp-content\/uploads\/2025\/01\/Kendrick-Lamar-GloRilla-y-Doechii-obtienen-nominaciones-a-los-premios.jpg\" \/>\n\t<meta property=\"og:image:width\" content=\"1440\" \/>\n\t<meta property=\"og:image:height\" content=\"864\" \/>\n\t<meta property=\"og:image:type\" content=\"image\/jpeg\" \/>\n<meta name=\"author\" content=\"Javier Figueroa\" \/>\n<meta name=\"twitter:card\" content=\"summary_large_image\" \/>\n<meta name=\"twitter:label1\" content=\"Escrito por\" \/>\n\t<meta name=\"twitter:data1\" content=\"Javier Figueroa\" \/>\n\t<meta name=\"twitter:label2\" content=\"Tiempo de lectura\" \/>\n\t<meta name=\"twitter:data2\" content=\"2 minutos\" \/>\n<script type=\"application\/ld+json\" class=\"yoast-schema-graph\">{\"@context\":\"https:\/\/schema.org\",\"@graph\":[{\"@type\":\"Article\",\"@id\":\"https:\/\/web.consaguirre.com.ar\/noticias\/kendrick-lamar-glorilla-y-doechii-obtienen-nominaciones-a-los-premios-naacp-image-awards\/#article\",\"isPartOf\":{\"@id\":\"https:\/\/web.consaguirre.com.ar\/noticias\/kendrick-lamar-glorilla-y-doechii-obtienen-nominaciones-a-los-premios-naacp-image-awards\/\"},\"author\":{\"name\":\"Javier Figueroa\",\"@id\":\"https:\/\/web.consaguirre.com.ar\/noticias\/#\/schema\/person\/6558b0cfedee7ddc5425602b237d5722\"},\"headline\":\"Kendrick Lamar, GloRilla y Doechii obtienen nominaciones a los premios NAACP Image Awards\",\"datePublished\":\"2025-01-09T02:38:50+00:00\",\"dateModified\":\"2025-01-09T02:38:51+00:00\",\"mainEntityOfPage\":{\"@id\":\"https:\/\/web.consaguirre.com.ar\/noticias\/kendrick-lamar-glorilla-y-doechii-obtienen-nominaciones-a-los-premios-naacp-image-awards\/\"},\"wordCount\":403,\"publisher\":{\"@id\":\"https:\/\/web.consaguirre.com.ar\/noticias\/#organization\"},\"image\":{\"@id\":\"https:\/\/web.consaguirre.com.ar\/noticias\/kendrick-lamar-glorilla-y-doechii-obtienen-nominaciones-a-los-premios-naacp-image-awards\/#primaryimage\"},\"thumbnailUrl\":\"https:\/\/web.consaguirre.com.ar\/noticias\/wp-content\/uploads\/2025\/01\/Kendrick-Lamar-GloRilla-y-Doechii-obtienen-nominaciones-a-los-premios.jpg\",\"keywords\":[\"Awards\",\"Doechii\",\"GloRilla\",\"Image\",\"Kendrick\",\"Lamar\",\"los\",\"NAACP\",\"nominaciones\",\"obtienen\",\"premios\"],\"articleSection\":[\"El \u00faltimo\"],\"inLanguage\":\"es-AR\"},{\"@type\":\"WebPage\",\"@id\":\"https:\/\/web.consaguirre.com.ar\/noticias\/kendrick-lamar-glorilla-y-doechii-obtienen-nominaciones-a-los-premios-naacp-image-awards\/\",\"url\":\"https:\/\/web.consaguirre.com.ar\/noticias\/kendrick-lamar-glorilla-y-doechii-obtienen-nominaciones-a-los-premios-naacp-image-awards\/\",\"name\":\"Kendrick Lamar, GloRilla y Doechii obtienen nominaciones a los premios NAACP Image Awards\",\"isPartOf\":{\"@id\":\"https:\/\/web.consaguirre.com.ar\/noticias\/#website\"},\"primaryImageOfPage\":{\"@id\":\"https:\/\/web.consaguirre.com.ar\/noticias\/kendrick-lamar-glorilla-y-doechii-obtienen-nominaciones-a-los-premios-naacp-image-awards\/#primaryimage\"},\"image\":{\"@id\":\"https:\/\/web.consaguirre.com.ar\/noticias\/kendrick-lamar-glorilla-y-doechii-obtienen-nominaciones-a-los-premios-naacp-image-awards\/#primaryimage\"},\"thumbnailUrl\":\"https:\/\/web.consaguirre.com.ar\/noticias\/wp-content\/uploads\/2025\/01\/Kendrick-Lamar-GloRilla-y-Doechii-obtienen-nominaciones-a-los-premios.jpg\",\"datePublished\":\"2025-01-09T02:38:50+00:00\",\"dateModified\":\"2025-01-09T02:38:51+00:00\",\"breadcrumb\":{\"@id\":\"https:\/\/web.consaguirre.com.ar\/noticias\/kendrick-lamar-glorilla-y-doechii-obtienen-nominaciones-a-los-premios-naacp-image-awards\/#breadcrumb\"},\"inLanguage\":\"es-AR\",\"potentialAction\":[{\"@type\":\"ReadAction\",\"target\":[\"https:\/\/web.consaguirre.com.ar\/noticias\/kendrick-lamar-glorilla-y-doechii-obtienen-nominaciones-a-los-premios-naacp-image-awards\/\"]}]},{\"@type\":\"ImageObject\",\"inLanguage\":\"es-AR\",\"@id\":\"https:\/\/web.consaguirre.com.ar\/noticias\/kendrick-lamar-glorilla-y-doechii-obtienen-nominaciones-a-los-premios-naacp-image-awards\/#primaryimage\",\"url\":\"https:\/\/web.consaguirre.com.ar\/noticias\/wp-content\/uploads\/2025\/01\/Kendrick-Lamar-GloRilla-y-Doechii-obtienen-nominaciones-a-los-premios.jpg\",\"contentUrl\":\"https:\/\/web.consaguirre.com.ar\/noticias\/wp-content\/uploads\/2025\/01\/Kendrick-Lamar-GloRilla-y-Doechii-obtienen-nominaciones-a-los-premios.jpg\",\"width\":1440,\"height\":864,\"caption\":\"Kendrick Lamar - Photo: Christopher Polk\/Billboard via Getty Images\"},{\"@type\":\"BreadcrumbList\",\"@id\":\"https:\/\/web.consaguirre.com.ar\/noticias\/kendrick-lamar-glorilla-y-doechii-obtienen-nominaciones-a-los-premios-naacp-image-awards\/#breadcrumb\",\"itemListElement\":[{\"@type\":\"ListItem\",\"position\":1,\"name\":\"Inicio\",\"item\":\"https:\/\/web.consaguirre.com.ar\/noticias\/\"},{\"@type\":\"ListItem\",\"position\":2,\"name\":\"Kendrick Lamar, GloRilla y Doechii obtienen nominaciones a los premios NAACP Image Awards\"}]},{\"@type\":\"WebSite\",\"@id\":\"https:\/\/web.consaguirre.com.ar\/noticias\/#website\",\"url\":\"https:\/\/web.consaguirre.com.ar\/noticias\/\",\"name\":\"Conservatorio de M\u00fasica Juli\u00e1n Aguirre\",\"description\":\"\",\"publisher\":{\"@id\":\"https:\/\/web.consaguirre.com.ar\/noticias\/#organization\"},\"potentialAction\":[{\"@type\":\"SearchAction\",\"target\":{\"@type\":\"EntryPoint\",\"urlTemplate\":\"https:\/\/web.consaguirre.com.ar\/noticias\/?s={search_term_string}\"},\"query-input\":\"required name=search_term_string\"}],\"inLanguage\":\"es-AR\"},{\"@type\":\"Organization\",\"@id\":\"https:\/\/web.consaguirre.com.ar\/noticias\/#organization\",\"name\":\"Conservatorio de M\u00fasica Juli\u00e1n Aguirre\",\"url\":\"https:\/\/web.consaguirre.com.ar\/noticias\/\",\"logo\":{\"@type\":\"ImageObject\",\"inLanguage\":\"es-AR\",\"@id\":\"https:\/\/web.consaguirre.com.ar\/noticias\/#\/schema\/logo\/image\/\",\"url\":\"https:\/\/web.consaguirre.com.ar\/noticias\/wp-content\/uploads\/2024\/08\/Banner-Aguirre-23.jpg\",\"contentUrl\":\"https:\/\/web.consaguirre.com.ar\/noticias\/wp-content\/uploads\/2024\/08\/Banner-Aguirre-23.jpg\",\"width\":1192,\"height\":600,\"caption\":\"Conservatorio de M\u00fasica Juli\u00e1n Aguirre\"},\"image\":{\"@id\":\"https:\/\/web.consaguirre.com.ar\/noticias\/#\/schema\/logo\/image\/\"}},{\"@type\":\"Person\",\"@id\":\"https:\/\/web.consaguirre.com.ar\/noticias\/#\/schema\/person\/6558b0cfedee7ddc5425602b237d5722\",\"name\":\"Javier Figueroa\",\"image\":{\"@type\":\"ImageObject\",\"inLanguage\":\"es-AR\",\"@id\":\"https:\/\/web.consaguirre.com.ar\/noticias\/#\/schema\/person\/image\/\",\"url\":\"https:\/\/web.consaguirre.com.ar\/noticias\/wp-content\/uploads\/2024\/08\/Consaguirre-scaled.jpg\",\"contentUrl\":\"https:\/\/web.consaguirre.com.ar\/noticias\/wp-content\/uploads\/2024\/08\/Consaguirre-scaled.jpg\",\"caption\":\"Javier Figueroa\"},\"description\":\"Me llamo Javier Figueroa y soy redactor para el sitio oficial del Conservatorio de M\u00fasica Juli\u00e1n Aguirre en Buenos Aires, consaguirre.com. Apasionado por la m\u00fasica y la escritura, me esfuerzo por destacar los talentos y eventos de nuestra prestigiosa instituci\u00f3n. Mi trayectoria se nutre de una profunda admiraci\u00f3n por los artistas, haciendo de cada art\u00edculo una celebraci\u00f3n de la creatividad y la cultura musical.\",\"sameAs\":[\"https:\/\/web.consaguirre.com.ar\/noticias\"]}]}<\/script>\n<!-- \/ Yoast SEO plugin. -->","yoast_head_json":{"title":"Kendrick Lamar, GloRilla y Doechii obtienen nominaciones a los premios NAACP Image Awards","robots":{"index":"index","follow":"follow","max-snippet":"max-snippet:-1","max-image-preview":"max-image-preview:large","max-video-preview":"max-video-preview:-1"},"canonical":"https:\/\/web.consaguirre.com.ar\/noticias\/kendrick-lamar-glorilla-y-doechii-obtienen-nominaciones-a-los-premios-naacp-image-awards\/","og_locale":"es_ES","og_type":"article","og_title":"Kendrick Lamar, GloRilla y Doechii obtienen nominaciones a los premios NAACP Image Awards","og_description":"Kendrick Lamar, glorillay Doechii estuvieron entre los que obtuvieron nominaciones para el 56.\u00b0 Premios de Imagen NAACPque fueron anunciados el Ma\u00f1anas de CBS por la","og_url":"https:\/\/web.consaguirre.com.ar\/noticias\/kendrick-lamar-glorilla-y-doechii-obtienen-nominaciones-a-los-premios-naacp-image-awards\/","og_site_name":"Conservatorio de M\u00fasica Juli\u00e1n Aguirre","article_published_time":"2025-01-09T02:38:50+00:00","article_modified_time":"2025-01-09T02:38:51+00:00","og_image":[{"width":1440,"height":864,"url":"https:\/\/web.consaguirre.com.ar\/noticias\/wp-content\/uploads\/2025\/01\/Kendrick-Lamar-GloRilla-y-Doechii-obtienen-nominaciones-a-los-premios.jpg","type":"image\/jpeg"}],"author":"Javier Figueroa","twitter_card":"summary_large_image","twitter_misc":{"Escrito por":"Javier Figueroa","Tiempo de lectura":"2 minutos"},"schema":{"@context":"https:\/\/schema.org","@graph":[{"@type":"Article","@id":"https:\/\/web.consaguirre.com.ar\/noticias\/kendrick-lamar-glorilla-y-doechii-obtienen-nominaciones-a-los-premios-naacp-image-awards\/#article","isPartOf":{"@id":"https:\/\/web.consaguirre.com.ar\/noticias\/kendrick-lamar-glorilla-y-doechii-obtienen-nominaciones-a-los-premios-naacp-image-awards\/"},"author":{"name":"Javier Figueroa","@id":"https:\/\/web.consaguirre.com.ar\/noticias\/#\/schema\/person\/6558b0cfedee7ddc5425602b237d5722"},"headline":"Kendrick Lamar, GloRilla y Doechii obtienen nominaciones a los premios NAACP Image Awards","datePublished":"2025-01-09T02:38:50+00:00","dateModified":"2025-01-09T02:38:51+00:00","mainEntityOfPage":{"@id":"https:\/\/web.consaguirre.com.ar\/noticias\/kendrick-lamar-glorilla-y-doechii-obtienen-nominaciones-a-los-premios-naacp-image-awards\/"},"wordCount":403,"publisher":{"@id":"https:\/\/web.consaguirre.com.ar\/noticias\/#organization"},"image":{"@id":"https:\/\/web.consaguirre.com.ar\/noticias\/kendrick-lamar-glorilla-y-doechii-obtienen-nominaciones-a-los-premios-naacp-image-awards\/#primaryimage"},"thumbnailUrl":"https:\/\/web.consaguirre.com.ar\/noticias\/wp-content\/uploads\/2025\/01\/Kendrick-Lamar-GloRilla-y-Doechii-obtienen-nominaciones-a-los-premios.jpg","keywords":["Awards","Doechii","GloRilla","Image","Kendrick","Lamar","los","NAACP","nominaciones","obtienen","premios"],"articleSection":["El \u00faltimo"],"inLanguage":"es-AR"},{"@type":"WebPage","@id":"https:\/\/web.consaguirre.com.ar\/noticias\/kendrick-lamar-glorilla-y-doechii-obtienen-nominaciones-a-los-premios-naacp-image-awards\/","url":"https:\/\/web.consaguirre.com.ar\/noticias\/kendrick-lamar-glorilla-y-doechii-obtienen-nominaciones-a-los-premios-naacp-image-awards\/","name":"Kendrick Lamar, GloRilla y Doechii obtienen nominaciones a los premios NAACP Image Awards","isPartOf":{"@id":"https:\/\/web.consaguirre.com.ar\/noticias\/#website"},"primaryImageOfPage":{"@id":"https:\/\/web.consaguirre.com.ar\/noticias\/kendrick-lamar-glorilla-y-doechii-obtienen-nominaciones-a-los-premios-naacp-image-awards\/#primaryimage"},"image":{"@id":"https:\/\/web.consaguirre.com.ar\/noticias\/kendrick-lamar-glorilla-y-doechii-obtienen-nominaciones-a-los-premios-naacp-image-awards\/#primaryimage"},"thumbnailUrl":"https:\/\/web.consaguirre.com.ar\/noticias\/wp-content\/uploads\/2025\/01\/Kendrick-Lamar-GloRilla-y-Doechii-obtienen-nominaciones-a-los-premios.jpg","datePublished":"2025-01-09T02:38:50+00:00","dateModified":"2025-01-09T02:38:51+00:00","breadcrumb":{"@id":"https:\/\/web.consaguirre.com.ar\/noticias\/kendrick-lamar-glorilla-y-doechii-obtienen-nominaciones-a-los-premios-naacp-image-awards\/#breadcrumb"},"inLanguage":"es-AR","potentialAction":[{"@type":"ReadAction","target":["https:\/\/web.consaguirre.com.ar\/noticias\/kendrick-lamar-glorilla-y-doechii-obtienen-nominaciones-a-los-premios-naacp-image-awards\/"]}]},{"@type":"ImageObject","inLanguage":"es-AR","@id":"https:\/\/web.consaguirre.com.ar\/noticias\/kendrick-lamar-glorilla-y-doechii-obtienen-nominaciones-a-los-premios-naacp-image-awards\/#primaryimage","url":"https:\/\/web.consaguirre.com.ar\/noticias\/wp-content\/uploads\/2025\/01\/Kendrick-Lamar-GloRilla-y-Doechii-obtienen-nominaciones-a-los-premios.jpg","contentUrl":"https:\/\/web.consaguirre.com.ar\/noticias\/wp-content\/uploads\/2025\/01\/Kendrick-Lamar-GloRilla-y-Doechii-obtienen-nominaciones-a-los-premios.jpg","width":1440,"height":864,"caption":"Kendrick Lamar - Photo: Christopher Polk\/Billboard via Getty Images"},{"@type":"BreadcrumbList","@id":"https:\/\/web.consaguirre.com.ar\/noticias\/kendrick-lamar-glorilla-y-doechii-obtienen-nominaciones-a-los-premios-naacp-image-awards\/#breadcrumb","itemListElement":[{"@type":"ListItem","position":1,"name":"Inicio","item":"https:\/\/web.consaguirre.com.ar\/noticias\/"},{"@type":"ListItem","position":2,"name":"Kendrick Lamar, GloRilla y Doechii obtienen nominaciones a los premios NAACP Image Awards"}]},{"@type":"WebSite","@id":"https:\/\/web.consaguirre.com.ar\/noticias\/#website","url":"https:\/\/web.consaguirre.com.ar\/noticias\/","name":"Conservatorio de M\u00fasica Juli\u00e1n Aguirre","description":"","publisher":{"@id":"https:\/\/web.consaguirre.com.ar\/noticias\/#organization"},"potentialAction":[{"@type":"SearchAction","target":{"@type":"EntryPoint","urlTemplate":"https:\/\/web.consaguirre.com.ar\/noticias\/?s={search_term_string}"},"query-input":"required name=search_term_string"}],"inLanguage":"es-AR"},{"@type":"Organization","@id":"https:\/\/web.consaguirre.com.ar\/noticias\/#organization","name":"Conservatorio de M\u00fasica Juli\u00e1n Aguirre","url":"https:\/\/web.consaguirre.com.ar\/noticias\/","logo":{"@type":"ImageObject","inLanguage":"es-AR","@id":"https:\/\/web.consaguirre.com.ar\/noticias\/#\/schema\/logo\/image\/","url":"https:\/\/web.consaguirre.com.ar\/noticias\/wp-content\/uploads\/2024\/08\/Banner-Aguirre-23.jpg","contentUrl":"https:\/\/web.consaguirre.com.ar\/noticias\/wp-content\/uploads\/2024\/08\/Banner-Aguirre-23.jpg","width":1192,"height":600,"caption":"Conservatorio de M\u00fasica Juli\u00e1n Aguirre"},"image":{"@id":"https:\/\/web.consaguirre.com.ar\/noticias\/#\/schema\/logo\/image\/"}},{"@type":"Person","@id":"https:\/\/web.consaguirre.com.ar\/noticias\/#\/schema\/person\/6558b0cfedee7ddc5425602b237d5722","name":"Javier Figueroa","image":{"@type":"ImageObject","inLanguage":"es-AR","@id":"https:\/\/web.consaguirre.com.ar\/noticias\/#\/schema\/person\/image\/","url":"https:\/\/web.consaguirre.com.ar\/noticias\/wp-content\/uploads\/2024\/08\/Consaguirre-scaled.jpg","contentUrl":"https:\/\/web.consaguirre.com.ar\/noticias\/wp-content\/uploads\/2024\/08\/Consaguirre-scaled.jpg","caption":"Javier Figueroa"},"description":"Me llamo Javier Figueroa y soy redactor para el sitio oficial del Conservatorio de M\u00fasica Juli\u00e1n Aguirre en Buenos Aires, consaguirre.com. Apasionado por la m\u00fasica y la escritura, me esfuerzo por destacar los talentos y eventos de nuestra prestigiosa instituci\u00f3n. Mi trayectoria se nutre de una profunda admiraci\u00f3n por los artistas, haciendo de cada art\u00edculo una celebraci\u00f3n de la creatividad y la cultura musical.","sameAs":["https:\/\/web.consaguirre.com.ar\/noticias"]}]}},"_links":{"self":[{"href":"https:\/\/web.consaguirre.com.ar\/noticias\/wp-json\/wp\/v2\/posts\/1535"}],"collection":[{"href":"https:\/\/web.consaguirre.com.ar\/noticias\/wp-json\/wp\/v2\/posts"}],"about":[{"href":"https:\/\/web.consaguirre.com.ar\/noticias\/wp-json\/wp\/v2\/types\/post"}],"author":[{"embeddable":true,"href":"https:\/\/web.consaguirre.com.ar\/noticias\/wp-json\/wp\/v2\/users\/1"}],"replies":[{"embeddable":true,"href":"https:\/\/web.consaguirre.com.ar\/noticias\/wp-json\/wp\/v2\/comments?post=1535"}],"version-history":[{"count":1,"href":"https:\/\/web.consaguirre.com.ar\/noticias\/wp-json\/wp\/v2\/posts\/1535\/revisions"}],"predecessor-version":[{"id":1537,"href":"https:\/\/web.consaguirre.com.ar\/noticias\/wp-json\/wp\/v2\/posts\/1535\/revisions\/1537"}],"wp:featuredmedia":[{"embeddable":true,"href":"https:\/\/web.consaguirre.com.ar\/noticias\/wp-json\/wp\/v2\/media\/1536"}],"wp:attachment":[{"href":"https:\/\/web.consaguirre.com.ar\/noticias\/wp-json\/wp\/v2\/media?parent=1535"}],"wp:term":[{"taxonomy":"category","embeddable":true,"href":"https:\/\/web.consaguirre.com.ar\/noticias\/wp-json\/wp\/v2\/categories?post=1535"},{"taxonomy":"post_tag","embeddable":true,"href":"https:\/\/web.consaguirre.com.ar\/noticias\/wp-json\/wp\/v2\/tags?post=1535"}],"curies":[{"name":"wp","href":"https:\/\/api.w.org\/{rel}","templated":true}]}}