{"id":1520,"date":"2025-01-07T20:42:28","date_gmt":"2025-01-07T23:42:28","guid":{"rendered":"https:\/\/web.consaguirre.com.ar\/noticias\/bono-recibe-la-medalla-presidencial-de-la-libertad\/"},"modified":"2025-01-07T20:42:29","modified_gmt":"2025-01-07T23:42:29","slug":"bono-recibe-la-medalla-presidencial-de-la-libertad","status":"publish","type":"post","link":"https:\/\/web.consaguirre.com.ar\/noticias\/bono-recibe-la-medalla-presidencial-de-la-libertad\/","title":{"rendered":"Bono recibe la Medalla Presidencial de la Libertad"},"content":{"rendered":"<p>El presidente Joe Biden otorg\u00f3 la Medalla Presidencial de Honor a 19 personas en una ceremonia el s\u00e1bado en la Casa Blanca, y <strong>bono<\/strong> estaba entre ellos. El cantante de U2 se uni\u00f3 a personas como Hillary Clinton, Michael J. Fox, Lionel Messi, Anna Wintour, Ralph Lauren y Bill Nye al recibir el premio, el honor civil m\u00e1s alto en los Estados Unidos.<\/p>\n<p>La medalla se entrega a \u201cindividuos que han hecho contribuciones ejemplares a la prosperidad, los valores o la seguridad de Estados Unidos, la paz mundial u otros esfuerzos sociales, p\u00fablicos o privados significativos\u201d, seg\u00fan un comunicado de la Casa Blanca. La declaraci\u00f3n contin\u00faa: \u201cEl presidente Biden cree que los grandes l\u00edderes mantienen la fe, dan a todos una oportunidad justa y anteponen la decencia a todo lo dem\u00e1s. Estas 19 personas son grandes l\u00edderes que han hecho de Estados Unidos y del mundo un lugar mejor. Son grandes l\u00edderes porque son buenas personas que han hecho contribuciones extraordinarias a su pa\u00eds y al mundo\u201d.<\/p>\n<p>La declaraci\u00f3n describe a Bono, cuyo nombre real es Paul Hewson, como un &#8220;activista pionero contra el SIDA y la pobreza&#8221;. Ha sido ampliamente reconocido por su trabajo como cofundador de la organizaci\u00f3n anti-SIDA (RED) y ONE, un grupo de defensa que lucha contra la pobreza, la desigualdad, el cambio clim\u00e1tico y las enfermedades prevenibles. En 2003, Bono desempe\u00f1\u00f3 un papel crucial en la construcci\u00f3n de apoyo bipartidista para el programa estadounidense PEPFAR contra el SIDA, al que llam\u00f3 \u201cla mayor intervenci\u00f3n sanitaria en la historia de la lucha contra una sola enfermedad antes de la COVID\u201d.<\/p>\n<p>\u201cGracias presidente Biden\u201d, escribi\u00f3 Bono en Instagram. \u201cLos testaferros no son humildes, pero hoy lo fui. El rock n roll me dio mi libertad&#8230; y con ella el privilegio de trabajar junto a aquellos que han tenido que luchar mucho m\u00e1s por la suya. Y quiero dejarlo por mis compa\u00f1eros de banda \u2013Edge, Adam y Larry\u2013 sin quienes nunca habr\u00eda encontrado mi voz\u201d. Junto con la recepci\u00f3n de la Medalla Presidencial de la Libertad, Bono public\u00f3 un art\u00edculo en <em>El Atl\u00e1ntico<\/em> titulado &#8220;La magn\u00edfica y poco glamorosa obra de la libertad&#8221;.<\/p>\n<p>El honor de Bono llega semanas despu\u00e9s del lanzamiento de <em>C\u00f3mo volver a montar una bomba at\u00f3mica<\/em>una reedici\u00f3n de lujo del vig\u00e9simo aniversario del \u00e1lbum de 2004 de U2. <em>C\u00f3mo desmantelar una bomba at\u00f3mica<\/em>. En septiembre, Sphere Las Vegas estren\u00f3 V-U2: An Immersive Concert Film, que documenta la residencia de U2 que marc\u00f3 uno de los primeros eventos en este lugar de \u00faltima generaci\u00f3n.<\/p>\n<p><strong>Solicite la edici\u00f3n del 20.\u00ba aniversario de <em>C\u00f3mo desmantelar una bomba at\u00f3mica<\/em>.<\/strong><\/p>\n","protected":false},"excerpt":{"rendered":"<p>El presidente Joe Biden otorg\u00f3 la Medalla Presidencial de Honor a 19 personas en una ceremonia el s\u00e1bado en la Casa Blanca, y bono estaba<\/p>\n","protected":false},"author":1,"featured_media":1521,"comment_status":"closed","ping_status":"","sticky":false,"template":"","format":"standard","meta":{"footnotes":""},"categories":[50],"tags":[1583,1028,1584,1585,177],"class_list":["post-1520","post","type-post","status-publish","format-standard","has-post-thumbnail","hentry","category-el-ultimo","tag-bono","tag-libertad","tag-medalla","tag-presidencial","tag-recibe","generate-columns","tablet-grid-50","mobile-grid-100","grid-parent","grid-50"],"yoast_head":"<!-- This site is optimized with the Yoast SEO plugin v23.3 - https:\/\/yoast.com\/wordpress\/plugins\/seo\/ -->\n<title>Bono recibe la Medalla Presidencial de la Libertad<\/title>\n<meta name=\"robots\" content=\"index, follow, max-snippet:-1, max-image-preview:large, max-video-preview:-1\" \/>\n<link rel=\"canonical\" href=\"https:\/\/web.consaguirre.com.ar\/noticias\/bono-recibe-la-medalla-presidencial-de-la-libertad\/\" \/>\n<meta property=\"og:locale\" content=\"es_ES\" \/>\n<meta property=\"og:type\" content=\"article\" \/>\n<meta property=\"og:title\" content=\"Bono recibe la Medalla Presidencial de la Libertad\" \/>\n<meta property=\"og:description\" content=\"El presidente Joe Biden otorg\u00f3 la Medalla Presidencial de Honor a 19 personas en una ceremonia el s\u00e1bado en la Casa Blanca, y bono estaba\" \/>\n<meta property=\"og:url\" content=\"https:\/\/web.consaguirre.com.ar\/noticias\/bono-recibe-la-medalla-presidencial-de-la-libertad\/\" \/>\n<meta property=\"og:site_name\" content=\"Conservatorio de M\u00fasica Juli\u00e1n Aguirre\" \/>\n<meta property=\"article:published_time\" content=\"2025-01-07T23:42:28+00:00\" \/>\n<meta property=\"article:modified_time\" content=\"2025-01-07T23:42:29+00:00\" \/>\n<meta property=\"og:image\" content=\"https:\/\/web.consaguirre.com.ar\/noticias\/wp-content\/uploads\/2025\/01\/Bono-recibe-la-Medalla-Presidencial-de-la-Libertad.jpg\" \/>\n\t<meta property=\"og:image:width\" content=\"1440\" \/>\n\t<meta property=\"og:image:height\" content=\"864\" \/>\n\t<meta property=\"og:image:type\" content=\"image\/jpeg\" \/>\n<meta name=\"author\" content=\"Javier Figueroa\" \/>\n<meta name=\"twitter:card\" content=\"summary_large_image\" \/>\n<meta name=\"twitter:label1\" content=\"Escrito por\" \/>\n\t<meta name=\"twitter:data1\" content=\"Javier Figueroa\" \/>\n\t<meta name=\"twitter:label2\" content=\"Tiempo de lectura\" \/>\n\t<meta name=\"twitter:data2\" content=\"2 minutos\" \/>\n<script type=\"application\/ld+json\" class=\"yoast-schema-graph\">{\"@context\":\"https:\/\/schema.org\",\"@graph\":[{\"@type\":\"Article\",\"@id\":\"https:\/\/web.consaguirre.com.ar\/noticias\/bono-recibe-la-medalla-presidencial-de-la-libertad\/#article\",\"isPartOf\":{\"@id\":\"https:\/\/web.consaguirre.com.ar\/noticias\/bono-recibe-la-medalla-presidencial-de-la-libertad\/\"},\"author\":{\"name\":\"Javier Figueroa\",\"@id\":\"https:\/\/web.consaguirre.com.ar\/noticias\/#\/schema\/person\/6558b0cfedee7ddc5425602b237d5722\"},\"headline\":\"Bono recibe la Medalla Presidencial de la Libertad\",\"datePublished\":\"2025-01-07T23:42:28+00:00\",\"dateModified\":\"2025-01-07T23:42:29+00:00\",\"mainEntityOfPage\":{\"@id\":\"https:\/\/web.consaguirre.com.ar\/noticias\/bono-recibe-la-medalla-presidencial-de-la-libertad\/\"},\"wordCount\":468,\"publisher\":{\"@id\":\"https:\/\/web.consaguirre.com.ar\/noticias\/#organization\"},\"image\":{\"@id\":\"https:\/\/web.consaguirre.com.ar\/noticias\/bono-recibe-la-medalla-presidencial-de-la-libertad\/#primaryimage\"},\"thumbnailUrl\":\"https:\/\/web.consaguirre.com.ar\/noticias\/wp-content\/uploads\/2025\/01\/Bono-recibe-la-Medalla-Presidencial-de-la-Libertad.jpg\",\"keywords\":[\"Bono\",\"Libertad\",\"Medalla\",\"Presidencial\",\"recibe\"],\"articleSection\":[\"El \u00faltimo\"],\"inLanguage\":\"es-AR\"},{\"@type\":\"WebPage\",\"@id\":\"https:\/\/web.consaguirre.com.ar\/noticias\/bono-recibe-la-medalla-presidencial-de-la-libertad\/\",\"url\":\"https:\/\/web.consaguirre.com.ar\/noticias\/bono-recibe-la-medalla-presidencial-de-la-libertad\/\",\"name\":\"Bono recibe la Medalla Presidencial de la Libertad\",\"isPartOf\":{\"@id\":\"https:\/\/web.consaguirre.com.ar\/noticias\/#website\"},\"primaryImageOfPage\":{\"@id\":\"https:\/\/web.consaguirre.com.ar\/noticias\/bono-recibe-la-medalla-presidencial-de-la-libertad\/#primaryimage\"},\"image\":{\"@id\":\"https:\/\/web.consaguirre.com.ar\/noticias\/bono-recibe-la-medalla-presidencial-de-la-libertad\/#primaryimage\"},\"thumbnailUrl\":\"https:\/\/web.consaguirre.com.ar\/noticias\/wp-content\/uploads\/2025\/01\/Bono-recibe-la-Medalla-Presidencial-de-la-Libertad.jpg\",\"datePublished\":\"2025-01-07T23:42:28+00:00\",\"dateModified\":\"2025-01-07T23:42:29+00:00\",\"breadcrumb\":{\"@id\":\"https:\/\/web.consaguirre.com.ar\/noticias\/bono-recibe-la-medalla-presidencial-de-la-libertad\/#breadcrumb\"},\"inLanguage\":\"es-AR\",\"potentialAction\":[{\"@type\":\"ReadAction\",\"target\":[\"https:\/\/web.consaguirre.com.ar\/noticias\/bono-recibe-la-medalla-presidencial-de-la-libertad\/\"]}]},{\"@type\":\"ImageObject\",\"inLanguage\":\"es-AR\",\"@id\":\"https:\/\/web.consaguirre.com.ar\/noticias\/bono-recibe-la-medalla-presidencial-de-la-libertad\/#primaryimage\",\"url\":\"https:\/\/web.consaguirre.com.ar\/noticias\/wp-content\/uploads\/2025\/01\/Bono-recibe-la-Medalla-Presidencial-de-la-Libertad.jpg\",\"contentUrl\":\"https:\/\/web.consaguirre.com.ar\/noticias\/wp-content\/uploads\/2025\/01\/Bono-recibe-la-Medalla-Presidencial-de-la-Libertad.jpg\",\"width\":1440,\"height\":864,\"caption\":\"Bono recibe la Medalla Presidencial de la Libertad\"},{\"@type\":\"BreadcrumbList\",\"@id\":\"https:\/\/web.consaguirre.com.ar\/noticias\/bono-recibe-la-medalla-presidencial-de-la-libertad\/#breadcrumb\",\"itemListElement\":[{\"@type\":\"ListItem\",\"position\":1,\"name\":\"Inicio\",\"item\":\"https:\/\/web.consaguirre.com.ar\/noticias\/\"},{\"@type\":\"ListItem\",\"position\":2,\"name\":\"Bono recibe la Medalla Presidencial de la Libertad\"}]},{\"@type\":\"WebSite\",\"@id\":\"https:\/\/web.consaguirre.com.ar\/noticias\/#website\",\"url\":\"https:\/\/web.consaguirre.com.ar\/noticias\/\",\"name\":\"Conservatorio de M\u00fasica Juli\u00e1n Aguirre\",\"description\":\"\",\"publisher\":{\"@id\":\"https:\/\/web.consaguirre.com.ar\/noticias\/#organization\"},\"potentialAction\":[{\"@type\":\"SearchAction\",\"target\":{\"@type\":\"EntryPoint\",\"urlTemplate\":\"https:\/\/web.consaguirre.com.ar\/noticias\/?s={search_term_string}\"},\"query-input\":\"required name=search_term_string\"}],\"inLanguage\":\"es-AR\"},{\"@type\":\"Organization\",\"@id\":\"https:\/\/web.consaguirre.com.ar\/noticias\/#organization\",\"name\":\"Conservatorio de M\u00fasica Juli\u00e1n Aguirre\",\"url\":\"https:\/\/web.consaguirre.com.ar\/noticias\/\",\"logo\":{\"@type\":\"ImageObject\",\"inLanguage\":\"es-AR\",\"@id\":\"https:\/\/web.consaguirre.com.ar\/noticias\/#\/schema\/logo\/image\/\",\"url\":\"https:\/\/web.consaguirre.com.ar\/noticias\/wp-content\/uploads\/2024\/08\/Banner-Aguirre-23.jpg\",\"contentUrl\":\"https:\/\/web.consaguirre.com.ar\/noticias\/wp-content\/uploads\/2024\/08\/Banner-Aguirre-23.jpg\",\"width\":1192,\"height\":600,\"caption\":\"Conservatorio de M\u00fasica Juli\u00e1n Aguirre\"},\"image\":{\"@id\":\"https:\/\/web.consaguirre.com.ar\/noticias\/#\/schema\/logo\/image\/\"}},{\"@type\":\"Person\",\"@id\":\"https:\/\/web.consaguirre.com.ar\/noticias\/#\/schema\/person\/6558b0cfedee7ddc5425602b237d5722\",\"name\":\"Javier Figueroa\",\"image\":{\"@type\":\"ImageObject\",\"inLanguage\":\"es-AR\",\"@id\":\"https:\/\/web.consaguirre.com.ar\/noticias\/#\/schema\/person\/image\/\",\"url\":\"https:\/\/web.consaguirre.com.ar\/noticias\/wp-content\/uploads\/2024\/08\/Consaguirre-scaled.jpg\",\"contentUrl\":\"https:\/\/web.consaguirre.com.ar\/noticias\/wp-content\/uploads\/2024\/08\/Consaguirre-scaled.jpg\",\"caption\":\"Javier Figueroa\"},\"description\":\"Me llamo Javier Figueroa y soy redactor para el sitio oficial del Conservatorio de M\u00fasica Juli\u00e1n Aguirre en Buenos Aires, consaguirre.com. Apasionado por la m\u00fasica y la escritura, me esfuerzo por destacar los talentos y eventos de nuestra prestigiosa instituci\u00f3n. Mi trayectoria se nutre de una profunda admiraci\u00f3n por los artistas, haciendo de cada art\u00edculo una celebraci\u00f3n de la creatividad y la cultura musical.\",\"sameAs\":[\"https:\/\/web.consaguirre.com.ar\/noticias\"]}]}<\/script>\n<!-- \/ Yoast SEO plugin. -->","yoast_head_json":{"title":"Bono recibe la Medalla Presidencial de la Libertad","robots":{"index":"index","follow":"follow","max-snippet":"max-snippet:-1","max-image-preview":"max-image-preview:large","max-video-preview":"max-video-preview:-1"},"canonical":"https:\/\/web.consaguirre.com.ar\/noticias\/bono-recibe-la-medalla-presidencial-de-la-libertad\/","og_locale":"es_ES","og_type":"article","og_title":"Bono recibe la Medalla Presidencial de la Libertad","og_description":"El presidente Joe Biden otorg\u00f3 la Medalla Presidencial de Honor a 19 personas en una ceremonia el s\u00e1bado en la Casa Blanca, y bono estaba","og_url":"https:\/\/web.consaguirre.com.ar\/noticias\/bono-recibe-la-medalla-presidencial-de-la-libertad\/","og_site_name":"Conservatorio de M\u00fasica Juli\u00e1n Aguirre","article_published_time":"2025-01-07T23:42:28+00:00","article_modified_time":"2025-01-07T23:42:29+00:00","og_image":[{"width":1440,"height":864,"url":"https:\/\/web.consaguirre.com.ar\/noticias\/wp-content\/uploads\/2025\/01\/Bono-recibe-la-Medalla-Presidencial-de-la-Libertad.jpg","type":"image\/jpeg"}],"author":"Javier Figueroa","twitter_card":"summary_large_image","twitter_misc":{"Escrito por":"Javier Figueroa","Tiempo de lectura":"2 minutos"},"schema":{"@context":"https:\/\/schema.org","@graph":[{"@type":"Article","@id":"https:\/\/web.consaguirre.com.ar\/noticias\/bono-recibe-la-medalla-presidencial-de-la-libertad\/#article","isPartOf":{"@id":"https:\/\/web.consaguirre.com.ar\/noticias\/bono-recibe-la-medalla-presidencial-de-la-libertad\/"},"author":{"name":"Javier Figueroa","@id":"https:\/\/web.consaguirre.com.ar\/noticias\/#\/schema\/person\/6558b0cfedee7ddc5425602b237d5722"},"headline":"Bono recibe la Medalla Presidencial de la Libertad","datePublished":"2025-01-07T23:42:28+00:00","dateModified":"2025-01-07T23:42:29+00:00","mainEntityOfPage":{"@id":"https:\/\/web.consaguirre.com.ar\/noticias\/bono-recibe-la-medalla-presidencial-de-la-libertad\/"},"wordCount":468,"publisher":{"@id":"https:\/\/web.consaguirre.com.ar\/noticias\/#organization"},"image":{"@id":"https:\/\/web.consaguirre.com.ar\/noticias\/bono-recibe-la-medalla-presidencial-de-la-libertad\/#primaryimage"},"thumbnailUrl":"https:\/\/web.consaguirre.com.ar\/noticias\/wp-content\/uploads\/2025\/01\/Bono-recibe-la-Medalla-Presidencial-de-la-Libertad.jpg","keywords":["Bono","Libertad","Medalla","Presidencial","recibe"],"articleSection":["El \u00faltimo"],"inLanguage":"es-AR"},{"@type":"WebPage","@id":"https:\/\/web.consaguirre.com.ar\/noticias\/bono-recibe-la-medalla-presidencial-de-la-libertad\/","url":"https:\/\/web.consaguirre.com.ar\/noticias\/bono-recibe-la-medalla-presidencial-de-la-libertad\/","name":"Bono recibe la Medalla Presidencial de la Libertad","isPartOf":{"@id":"https:\/\/web.consaguirre.com.ar\/noticias\/#website"},"primaryImageOfPage":{"@id":"https:\/\/web.consaguirre.com.ar\/noticias\/bono-recibe-la-medalla-presidencial-de-la-libertad\/#primaryimage"},"image":{"@id":"https:\/\/web.consaguirre.com.ar\/noticias\/bono-recibe-la-medalla-presidencial-de-la-libertad\/#primaryimage"},"thumbnailUrl":"https:\/\/web.consaguirre.com.ar\/noticias\/wp-content\/uploads\/2025\/01\/Bono-recibe-la-Medalla-Presidencial-de-la-Libertad.jpg","datePublished":"2025-01-07T23:42:28+00:00","dateModified":"2025-01-07T23:42:29+00:00","breadcrumb":{"@id":"https:\/\/web.consaguirre.com.ar\/noticias\/bono-recibe-la-medalla-presidencial-de-la-libertad\/#breadcrumb"},"inLanguage":"es-AR","potentialAction":[{"@type":"ReadAction","target":["https:\/\/web.consaguirre.com.ar\/noticias\/bono-recibe-la-medalla-presidencial-de-la-libertad\/"]}]},{"@type":"ImageObject","inLanguage":"es-AR","@id":"https:\/\/web.consaguirre.com.ar\/noticias\/bono-recibe-la-medalla-presidencial-de-la-libertad\/#primaryimage","url":"https:\/\/web.consaguirre.com.ar\/noticias\/wp-content\/uploads\/2025\/01\/Bono-recibe-la-Medalla-Presidencial-de-la-Libertad.jpg","contentUrl":"https:\/\/web.consaguirre.com.ar\/noticias\/wp-content\/uploads\/2025\/01\/Bono-recibe-la-Medalla-Presidencial-de-la-Libertad.jpg","width":1440,"height":864,"caption":"Bono recibe la Medalla Presidencial de la Libertad"},{"@type":"BreadcrumbList","@id":"https:\/\/web.consaguirre.com.ar\/noticias\/bono-recibe-la-medalla-presidencial-de-la-libertad\/#breadcrumb","itemListElement":[{"@type":"ListItem","position":1,"name":"Inicio","item":"https:\/\/web.consaguirre.com.ar\/noticias\/"},{"@type":"ListItem","position":2,"name":"Bono recibe la Medalla Presidencial de la Libertad"}]},{"@type":"WebSite","@id":"https:\/\/web.consaguirre.com.ar\/noticias\/#website","url":"https:\/\/web.consaguirre.com.ar\/noticias\/","name":"Conservatorio de M\u00fasica Juli\u00e1n Aguirre","description":"","publisher":{"@id":"https:\/\/web.consaguirre.com.ar\/noticias\/#organization"},"potentialAction":[{"@type":"SearchAction","target":{"@type":"EntryPoint","urlTemplate":"https:\/\/web.consaguirre.com.ar\/noticias\/?s={search_term_string}"},"query-input":"required name=search_term_string"}],"inLanguage":"es-AR"},{"@type":"Organization","@id":"https:\/\/web.consaguirre.com.ar\/noticias\/#organization","name":"Conservatorio de M\u00fasica Juli\u00e1n Aguirre","url":"https:\/\/web.consaguirre.com.ar\/noticias\/","logo":{"@type":"ImageObject","inLanguage":"es-AR","@id":"https:\/\/web.consaguirre.com.ar\/noticias\/#\/schema\/logo\/image\/","url":"https:\/\/web.consaguirre.com.ar\/noticias\/wp-content\/uploads\/2024\/08\/Banner-Aguirre-23.jpg","contentUrl":"https:\/\/web.consaguirre.com.ar\/noticias\/wp-content\/uploads\/2024\/08\/Banner-Aguirre-23.jpg","width":1192,"height":600,"caption":"Conservatorio de M\u00fasica Juli\u00e1n Aguirre"},"image":{"@id":"https:\/\/web.consaguirre.com.ar\/noticias\/#\/schema\/logo\/image\/"}},{"@type":"Person","@id":"https:\/\/web.consaguirre.com.ar\/noticias\/#\/schema\/person\/6558b0cfedee7ddc5425602b237d5722","name":"Javier Figueroa","image":{"@type":"ImageObject","inLanguage":"es-AR","@id":"https:\/\/web.consaguirre.com.ar\/noticias\/#\/schema\/person\/image\/","url":"https:\/\/web.consaguirre.com.ar\/noticias\/wp-content\/uploads\/2024\/08\/Consaguirre-scaled.jpg","contentUrl":"https:\/\/web.consaguirre.com.ar\/noticias\/wp-content\/uploads\/2024\/08\/Consaguirre-scaled.jpg","caption":"Javier Figueroa"},"description":"Me llamo Javier Figueroa y soy redactor para el sitio oficial del Conservatorio de M\u00fasica Juli\u00e1n Aguirre en Buenos Aires, consaguirre.com. Apasionado por la m\u00fasica y la escritura, me esfuerzo por destacar los talentos y eventos de nuestra prestigiosa instituci\u00f3n. Mi trayectoria se nutre de una profunda admiraci\u00f3n por los artistas, haciendo de cada art\u00edculo una celebraci\u00f3n de la creatividad y la cultura musical.","sameAs":["https:\/\/web.consaguirre.com.ar\/noticias"]}]}},"_links":{"self":[{"href":"https:\/\/web.consaguirre.com.ar\/noticias\/wp-json\/wp\/v2\/posts\/1520"}],"collection":[{"href":"https:\/\/web.consaguirre.com.ar\/noticias\/wp-json\/wp\/v2\/posts"}],"about":[{"href":"https:\/\/web.consaguirre.com.ar\/noticias\/wp-json\/wp\/v2\/types\/post"}],"author":[{"embeddable":true,"href":"https:\/\/web.consaguirre.com.ar\/noticias\/wp-json\/wp\/v2\/users\/1"}],"replies":[{"embeddable":true,"href":"https:\/\/web.consaguirre.com.ar\/noticias\/wp-json\/wp\/v2\/comments?post=1520"}],"version-history":[{"count":1,"href":"https:\/\/web.consaguirre.com.ar\/noticias\/wp-json\/wp\/v2\/posts\/1520\/revisions"}],"predecessor-version":[{"id":1522,"href":"https:\/\/web.consaguirre.com.ar\/noticias\/wp-json\/wp\/v2\/posts\/1520\/revisions\/1522"}],"wp:featuredmedia":[{"embeddable":true,"href":"https:\/\/web.consaguirre.com.ar\/noticias\/wp-json\/wp\/v2\/media\/1521"}],"wp:attachment":[{"href":"https:\/\/web.consaguirre.com.ar\/noticias\/wp-json\/wp\/v2\/media?parent=1520"}],"wp:term":[{"taxonomy":"category","embeddable":true,"href":"https:\/\/web.consaguirre.com.ar\/noticias\/wp-json\/wp\/v2\/categories?post=1520"},{"taxonomy":"post_tag","embeddable":true,"href":"https:\/\/web.consaguirre.com.ar\/noticias\/wp-json\/wp\/v2\/tags?post=1520"}],"curies":[{"name":"wp","href":"https:\/\/api.w.org\/{rel}","templated":true}]}}