{"id":1499,"date":"2025-01-03T17:41:29","date_gmt":"2025-01-03T20:41:29","guid":{"rendered":"https:\/\/web.consaguirre.com.ar\/noticias\/los-jonas-brothers-anuncian-nuevo-sencillo-con-marshmello\/"},"modified":"2025-01-03T17:41:31","modified_gmt":"2025-01-03T20:41:31","slug":"los-jonas-brothers-anuncian-nuevo-sencillo-con-marshmello","status":"publish","type":"post","link":"https:\/\/web.consaguirre.com.ar\/noticias\/los-jonas-brothers-anuncian-nuevo-sencillo-con-marshmello\/","title":{"rendered":"Los Jonas Brothers anuncian nuevo sencillo con Marshmello"},"content":{"rendered":"<p><strong>Los hermanos Jonas<\/strong> est\u00e1n listos para lanzar un nuevo sencillo titulado \u201cSlow Motion\u201d con Marshmello el 17 de enero. La banda revel\u00f3 la colaboraci\u00f3n para presentar a Ryan Seacrest antes de subir al escenario para su lugar en <em>Nochevieja rockera de Dick Clark<\/em>. Desde entonces, la banda tambi\u00e9n ha anunciado la inminente llegada del tema a <strong>redes sociales<\/strong>.<\/p>\n<p>Joe, Kevin y Nick Jonas subieron al escenario justo despu\u00e9s de que el reloj marcara la medianoche, para ver el a\u00f1o 2025 con un set en vivo que comenz\u00f3 con una interpretaci\u00f3n de \u201cPlay My Music\u201d de Music\u201d de la pel\u00edcula original de Disney Channel de 2008. <em>Campamento de roca<\/em>.<\/p>\n<p>Junto con su canci\u00f3n retro de Disney Channel, los Jonas Brothers tambi\u00e9n interpretaron su \u00e9xito de 2019 \u201cSucker\u201d y versionaron <strong>\u201cSue\u00f1os\u201d<\/strong> por <strong>Los ar\u00e1ndanos<\/strong> ante un entusiasta aplauso.<\/p>\n<p>Adem\u00e1s de revelar la nueva colaboraci\u00f3n con Marshmello, Nick tambi\u00e9n mencion\u00f3 su pr\u00f3xima aparici\u00f3n en Broadway en el programa. <em>Los \u00faltimos cinco a\u00f1os<\/em>lo cual dijo que &#8220;absolutamente no puedo esperar para hacerlo&#8221;.<\/p>\n<p>Kevin tambi\u00e9n a\u00f1adi\u00f3 que el tr\u00edo estar\u00e1 de gira en 2025 y que su actuaci\u00f3n de Nochevieja incluir\u00eda \u201cmuchas canciones que escuchar\u00e1n en la pr\u00f3xima gira. Una especie de adelanto de lo que se avecina\u201d.<\/p>\n<p>Junto con los Jonas Brothers, <strong>mickey guiton<\/strong>, <strong>Sophie Ellis-Bextor<\/strong>TLC, Kapo, <strong>Carrie Underwood<\/strong> y Rita Ora actuaron en Times Square para celebrar el A\u00f1o Nuevo.<\/p>\n<p>Nick Jonas tambi\u00e9n habl\u00f3 sobre <em>Campamento de roca<\/em> en una entrevista con People en agosto, dijo que le \u201cdivirtieron\u201d los clips de la pel\u00edcula que se volvieron virales m\u00e1s de 15 a\u00f1os despu\u00e9s de su estreno.<\/p>\n<p>\u201cEntiendo el impacto que tuvo y ha tenido la pel\u00edcula\u201d, dijo. \u201cY me divierten mucho los clips que desde entonces se han vuelto virales en TikTok y otros lugares\u201d.<\/p>\n<p>\u201cVoy a decir &#8216;divertido&#8217; porque tambi\u00e9n creo que es hilarante. Recuerdo haber pensado en ese en particular, el tipo de momento de pisada. Recuerdo haber pensado mientras film\u00e1bamos: &#8216;Esto es realmente extra\u00f1o&#8217;\u201d.<\/p>\n<p><strong>Reserva &#8216;Slow Motion&#8217; de The Jonas Brothers y Marshmello.<\/strong><\/p>\n","protected":false},"excerpt":{"rendered":"<p>Los hermanos Jonas est\u00e1n listos para lanzar un nuevo sencillo titulado \u201cSlow Motion\u201d con Marshmello el 17 de enero. La banda revel\u00f3 la colaboraci\u00f3n para<\/p>\n","protected":false},"author":1,"featured_media":1500,"comment_status":"closed","ping_status":"","sticky":false,"template":"","format":"standard","meta":{"footnotes":""},"categories":[50],"tags":[725,1048,32,1047,180,1567,146,204],"class_list":["post-1499","post","type-post","status-publish","format-standard","has-post-thumbnail","hentry","category-el-ultimo","tag-anuncian","tag-brothers","tag-con","tag-jonas","tag-los","tag-marshmello","tag-nuevo","tag-sencillo","generate-columns","tablet-grid-50","mobile-grid-100","grid-parent","grid-50"],"yoast_head":"<!-- This site is optimized with the Yoast SEO plugin v23.3 - https:\/\/yoast.com\/wordpress\/plugins\/seo\/ -->\n<title>Los Jonas Brothers anuncian nuevo sencillo con Marshmello<\/title>\n<meta name=\"robots\" content=\"index, follow, max-snippet:-1, max-image-preview:large, max-video-preview:-1\" \/>\n<link rel=\"canonical\" href=\"https:\/\/web.consaguirre.com.ar\/noticias\/los-jonas-brothers-anuncian-nuevo-sencillo-con-marshmello\/\" \/>\n<meta property=\"og:locale\" content=\"es_ES\" \/>\n<meta property=\"og:type\" content=\"article\" \/>\n<meta property=\"og:title\" content=\"Los Jonas Brothers anuncian nuevo sencillo con Marshmello\" \/>\n<meta property=\"og:description\" content=\"Los hermanos Jonas est\u00e1n listos para lanzar un nuevo sencillo titulado \u201cSlow Motion\u201d con Marshmello el 17 de enero. La banda revel\u00f3 la colaboraci\u00f3n para\" \/>\n<meta property=\"og:url\" content=\"https:\/\/web.consaguirre.com.ar\/noticias\/los-jonas-brothers-anuncian-nuevo-sencillo-con-marshmello\/\" \/>\n<meta property=\"og:site_name\" content=\"Conservatorio de M\u00fasica Juli\u00e1n Aguirre\" \/>\n<meta property=\"article:published_time\" content=\"2025-01-03T20:41:29+00:00\" \/>\n<meta property=\"article:modified_time\" content=\"2025-01-03T20:41:31+00:00\" \/>\n<meta property=\"og:image\" content=\"https:\/\/web.consaguirre.com.ar\/noticias\/wp-content\/uploads\/2025\/01\/Los-Jonas-Brothers-anuncian-nuevo-sencillo-con-Marshmello.jpg\" \/>\n\t<meta property=\"og:image:width\" content=\"1440\" \/>\n\t<meta property=\"og:image:height\" content=\"864\" \/>\n\t<meta property=\"og:image:type\" content=\"image\/jpeg\" \/>\n<meta name=\"author\" content=\"Javier Figueroa\" \/>\n<meta name=\"twitter:card\" content=\"summary_large_image\" \/>\n<meta name=\"twitter:label1\" content=\"Escrito por\" \/>\n\t<meta name=\"twitter:data1\" content=\"Javier Figueroa\" \/>\n\t<meta name=\"twitter:label2\" content=\"Tiempo de lectura\" \/>\n\t<meta name=\"twitter:data2\" content=\"2 minutos\" \/>\n<script type=\"application\/ld+json\" class=\"yoast-schema-graph\">{\"@context\":\"https:\/\/schema.org\",\"@graph\":[{\"@type\":\"Article\",\"@id\":\"https:\/\/web.consaguirre.com.ar\/noticias\/los-jonas-brothers-anuncian-nuevo-sencillo-con-marshmello\/#article\",\"isPartOf\":{\"@id\":\"https:\/\/web.consaguirre.com.ar\/noticias\/los-jonas-brothers-anuncian-nuevo-sencillo-con-marshmello\/\"},\"author\":{\"name\":\"Javier Figueroa\",\"@id\":\"https:\/\/web.consaguirre.com.ar\/noticias\/#\/schema\/person\/6558b0cfedee7ddc5425602b237d5722\"},\"headline\":\"Los Jonas Brothers anuncian nuevo sencillo con Marshmello\",\"datePublished\":\"2025-01-03T20:41:29+00:00\",\"dateModified\":\"2025-01-03T20:41:31+00:00\",\"mainEntityOfPage\":{\"@id\":\"https:\/\/web.consaguirre.com.ar\/noticias\/los-jonas-brothers-anuncian-nuevo-sencillo-con-marshmello\/\"},\"wordCount\":369,\"publisher\":{\"@id\":\"https:\/\/web.consaguirre.com.ar\/noticias\/#organization\"},\"image\":{\"@id\":\"https:\/\/web.consaguirre.com.ar\/noticias\/los-jonas-brothers-anuncian-nuevo-sencillo-con-marshmello\/#primaryimage\"},\"thumbnailUrl\":\"https:\/\/web.consaguirre.com.ar\/noticias\/wp-content\/uploads\/2025\/01\/Los-Jonas-Brothers-anuncian-nuevo-sencillo-con-Marshmello.jpg\",\"keywords\":[\"anuncian\",\"Brothers\",\"con\",\"Jonas\",\"los\",\"Marshmello\",\"nuevo\",\"sencillo\"],\"articleSection\":[\"El \u00faltimo\"],\"inLanguage\":\"es-AR\"},{\"@type\":\"WebPage\",\"@id\":\"https:\/\/web.consaguirre.com.ar\/noticias\/los-jonas-brothers-anuncian-nuevo-sencillo-con-marshmello\/\",\"url\":\"https:\/\/web.consaguirre.com.ar\/noticias\/los-jonas-brothers-anuncian-nuevo-sencillo-con-marshmello\/\",\"name\":\"Los Jonas Brothers anuncian nuevo sencillo con Marshmello\",\"isPartOf\":{\"@id\":\"https:\/\/web.consaguirre.com.ar\/noticias\/#website\"},\"primaryImageOfPage\":{\"@id\":\"https:\/\/web.consaguirre.com.ar\/noticias\/los-jonas-brothers-anuncian-nuevo-sencillo-con-marshmello\/#primaryimage\"},\"image\":{\"@id\":\"https:\/\/web.consaguirre.com.ar\/noticias\/los-jonas-brothers-anuncian-nuevo-sencillo-con-marshmello\/#primaryimage\"},\"thumbnailUrl\":\"https:\/\/web.consaguirre.com.ar\/noticias\/wp-content\/uploads\/2025\/01\/Los-Jonas-Brothers-anuncian-nuevo-sencillo-con-Marshmello.jpg\",\"datePublished\":\"2025-01-03T20:41:29+00:00\",\"dateModified\":\"2025-01-03T20:41:31+00:00\",\"breadcrumb\":{\"@id\":\"https:\/\/web.consaguirre.com.ar\/noticias\/los-jonas-brothers-anuncian-nuevo-sencillo-con-marshmello\/#breadcrumb\"},\"inLanguage\":\"es-AR\",\"potentialAction\":[{\"@type\":\"ReadAction\",\"target\":[\"https:\/\/web.consaguirre.com.ar\/noticias\/los-jonas-brothers-anuncian-nuevo-sencillo-con-marshmello\/\"]}]},{\"@type\":\"ImageObject\",\"inLanguage\":\"es-AR\",\"@id\":\"https:\/\/web.consaguirre.com.ar\/noticias\/los-jonas-brothers-anuncian-nuevo-sencillo-con-marshmello\/#primaryimage\",\"url\":\"https:\/\/web.consaguirre.com.ar\/noticias\/wp-content\/uploads\/2025\/01\/Los-Jonas-Brothers-anuncian-nuevo-sencillo-con-Marshmello.jpg\",\"contentUrl\":\"https:\/\/web.consaguirre.com.ar\/noticias\/wp-content\/uploads\/2025\/01\/Los-Jonas-Brothers-anuncian-nuevo-sencillo-con-Marshmello.jpg\",\"width\":1440,\"height\":864,\"caption\":\"Jonas-Brothers-New-Single-Marshmello\"},{\"@type\":\"BreadcrumbList\",\"@id\":\"https:\/\/web.consaguirre.com.ar\/noticias\/los-jonas-brothers-anuncian-nuevo-sencillo-con-marshmello\/#breadcrumb\",\"itemListElement\":[{\"@type\":\"ListItem\",\"position\":1,\"name\":\"Inicio\",\"item\":\"https:\/\/web.consaguirre.com.ar\/noticias\/\"},{\"@type\":\"ListItem\",\"position\":2,\"name\":\"Los Jonas Brothers anuncian nuevo sencillo con Marshmello\"}]},{\"@type\":\"WebSite\",\"@id\":\"https:\/\/web.consaguirre.com.ar\/noticias\/#website\",\"url\":\"https:\/\/web.consaguirre.com.ar\/noticias\/\",\"name\":\"Conservatorio de M\u00fasica Juli\u00e1n Aguirre\",\"description\":\"\",\"publisher\":{\"@id\":\"https:\/\/web.consaguirre.com.ar\/noticias\/#organization\"},\"potentialAction\":[{\"@type\":\"SearchAction\",\"target\":{\"@type\":\"EntryPoint\",\"urlTemplate\":\"https:\/\/web.consaguirre.com.ar\/noticias\/?s={search_term_string}\"},\"query-input\":\"required name=search_term_string\"}],\"inLanguage\":\"es-AR\"},{\"@type\":\"Organization\",\"@id\":\"https:\/\/web.consaguirre.com.ar\/noticias\/#organization\",\"name\":\"Conservatorio de M\u00fasica Juli\u00e1n Aguirre\",\"url\":\"https:\/\/web.consaguirre.com.ar\/noticias\/\",\"logo\":{\"@type\":\"ImageObject\",\"inLanguage\":\"es-AR\",\"@id\":\"https:\/\/web.consaguirre.com.ar\/noticias\/#\/schema\/logo\/image\/\",\"url\":\"https:\/\/web.consaguirre.com.ar\/noticias\/wp-content\/uploads\/2024\/08\/Banner-Aguirre-23.jpg\",\"contentUrl\":\"https:\/\/web.consaguirre.com.ar\/noticias\/wp-content\/uploads\/2024\/08\/Banner-Aguirre-23.jpg\",\"width\":1192,\"height\":600,\"caption\":\"Conservatorio de M\u00fasica Juli\u00e1n Aguirre\"},\"image\":{\"@id\":\"https:\/\/web.consaguirre.com.ar\/noticias\/#\/schema\/logo\/image\/\"}},{\"@type\":\"Person\",\"@id\":\"https:\/\/web.consaguirre.com.ar\/noticias\/#\/schema\/person\/6558b0cfedee7ddc5425602b237d5722\",\"name\":\"Javier Figueroa\",\"image\":{\"@type\":\"ImageObject\",\"inLanguage\":\"es-AR\",\"@id\":\"https:\/\/web.consaguirre.com.ar\/noticias\/#\/schema\/person\/image\/\",\"url\":\"https:\/\/web.consaguirre.com.ar\/noticias\/wp-content\/uploads\/2024\/08\/Consaguirre-scaled.jpg\",\"contentUrl\":\"https:\/\/web.consaguirre.com.ar\/noticias\/wp-content\/uploads\/2024\/08\/Consaguirre-scaled.jpg\",\"caption\":\"Javier Figueroa\"},\"description\":\"Me llamo Javier Figueroa y soy redactor para el sitio oficial del Conservatorio de M\u00fasica Juli\u00e1n Aguirre en Buenos Aires, consaguirre.com. Apasionado por la m\u00fasica y la escritura, me esfuerzo por destacar los talentos y eventos de nuestra prestigiosa instituci\u00f3n. Mi trayectoria se nutre de una profunda admiraci\u00f3n por los artistas, haciendo de cada art\u00edculo una celebraci\u00f3n de la creatividad y la cultura musical.\",\"sameAs\":[\"https:\/\/web.consaguirre.com.ar\/noticias\"]}]}<\/script>\n<!-- \/ Yoast SEO plugin. -->","yoast_head_json":{"title":"Los Jonas Brothers anuncian nuevo sencillo con Marshmello","robots":{"index":"index","follow":"follow","max-snippet":"max-snippet:-1","max-image-preview":"max-image-preview:large","max-video-preview":"max-video-preview:-1"},"canonical":"https:\/\/web.consaguirre.com.ar\/noticias\/los-jonas-brothers-anuncian-nuevo-sencillo-con-marshmello\/","og_locale":"es_ES","og_type":"article","og_title":"Los Jonas Brothers anuncian nuevo sencillo con Marshmello","og_description":"Los hermanos Jonas est\u00e1n listos para lanzar un nuevo sencillo titulado \u201cSlow Motion\u201d con Marshmello el 17 de enero. La banda revel\u00f3 la colaboraci\u00f3n para","og_url":"https:\/\/web.consaguirre.com.ar\/noticias\/los-jonas-brothers-anuncian-nuevo-sencillo-con-marshmello\/","og_site_name":"Conservatorio de M\u00fasica Juli\u00e1n Aguirre","article_published_time":"2025-01-03T20:41:29+00:00","article_modified_time":"2025-01-03T20:41:31+00:00","og_image":[{"width":1440,"height":864,"url":"https:\/\/web.consaguirre.com.ar\/noticias\/wp-content\/uploads\/2025\/01\/Los-Jonas-Brothers-anuncian-nuevo-sencillo-con-Marshmello.jpg","type":"image\/jpeg"}],"author":"Javier Figueroa","twitter_card":"summary_large_image","twitter_misc":{"Escrito por":"Javier Figueroa","Tiempo de lectura":"2 minutos"},"schema":{"@context":"https:\/\/schema.org","@graph":[{"@type":"Article","@id":"https:\/\/web.consaguirre.com.ar\/noticias\/los-jonas-brothers-anuncian-nuevo-sencillo-con-marshmello\/#article","isPartOf":{"@id":"https:\/\/web.consaguirre.com.ar\/noticias\/los-jonas-brothers-anuncian-nuevo-sencillo-con-marshmello\/"},"author":{"name":"Javier Figueroa","@id":"https:\/\/web.consaguirre.com.ar\/noticias\/#\/schema\/person\/6558b0cfedee7ddc5425602b237d5722"},"headline":"Los Jonas Brothers anuncian nuevo sencillo con Marshmello","datePublished":"2025-01-03T20:41:29+00:00","dateModified":"2025-01-03T20:41:31+00:00","mainEntityOfPage":{"@id":"https:\/\/web.consaguirre.com.ar\/noticias\/los-jonas-brothers-anuncian-nuevo-sencillo-con-marshmello\/"},"wordCount":369,"publisher":{"@id":"https:\/\/web.consaguirre.com.ar\/noticias\/#organization"},"image":{"@id":"https:\/\/web.consaguirre.com.ar\/noticias\/los-jonas-brothers-anuncian-nuevo-sencillo-con-marshmello\/#primaryimage"},"thumbnailUrl":"https:\/\/web.consaguirre.com.ar\/noticias\/wp-content\/uploads\/2025\/01\/Los-Jonas-Brothers-anuncian-nuevo-sencillo-con-Marshmello.jpg","keywords":["anuncian","Brothers","con","Jonas","los","Marshmello","nuevo","sencillo"],"articleSection":["El \u00faltimo"],"inLanguage":"es-AR"},{"@type":"WebPage","@id":"https:\/\/web.consaguirre.com.ar\/noticias\/los-jonas-brothers-anuncian-nuevo-sencillo-con-marshmello\/","url":"https:\/\/web.consaguirre.com.ar\/noticias\/los-jonas-brothers-anuncian-nuevo-sencillo-con-marshmello\/","name":"Los Jonas Brothers anuncian nuevo sencillo con Marshmello","isPartOf":{"@id":"https:\/\/web.consaguirre.com.ar\/noticias\/#website"},"primaryImageOfPage":{"@id":"https:\/\/web.consaguirre.com.ar\/noticias\/los-jonas-brothers-anuncian-nuevo-sencillo-con-marshmello\/#primaryimage"},"image":{"@id":"https:\/\/web.consaguirre.com.ar\/noticias\/los-jonas-brothers-anuncian-nuevo-sencillo-con-marshmello\/#primaryimage"},"thumbnailUrl":"https:\/\/web.consaguirre.com.ar\/noticias\/wp-content\/uploads\/2025\/01\/Los-Jonas-Brothers-anuncian-nuevo-sencillo-con-Marshmello.jpg","datePublished":"2025-01-03T20:41:29+00:00","dateModified":"2025-01-03T20:41:31+00:00","breadcrumb":{"@id":"https:\/\/web.consaguirre.com.ar\/noticias\/los-jonas-brothers-anuncian-nuevo-sencillo-con-marshmello\/#breadcrumb"},"inLanguage":"es-AR","potentialAction":[{"@type":"ReadAction","target":["https:\/\/web.consaguirre.com.ar\/noticias\/los-jonas-brothers-anuncian-nuevo-sencillo-con-marshmello\/"]}]},{"@type":"ImageObject","inLanguage":"es-AR","@id":"https:\/\/web.consaguirre.com.ar\/noticias\/los-jonas-brothers-anuncian-nuevo-sencillo-con-marshmello\/#primaryimage","url":"https:\/\/web.consaguirre.com.ar\/noticias\/wp-content\/uploads\/2025\/01\/Los-Jonas-Brothers-anuncian-nuevo-sencillo-con-Marshmello.jpg","contentUrl":"https:\/\/web.consaguirre.com.ar\/noticias\/wp-content\/uploads\/2025\/01\/Los-Jonas-Brothers-anuncian-nuevo-sencillo-con-Marshmello.jpg","width":1440,"height":864,"caption":"Jonas-Brothers-New-Single-Marshmello"},{"@type":"BreadcrumbList","@id":"https:\/\/web.consaguirre.com.ar\/noticias\/los-jonas-brothers-anuncian-nuevo-sencillo-con-marshmello\/#breadcrumb","itemListElement":[{"@type":"ListItem","position":1,"name":"Inicio","item":"https:\/\/web.consaguirre.com.ar\/noticias\/"},{"@type":"ListItem","position":2,"name":"Los Jonas Brothers anuncian nuevo sencillo con Marshmello"}]},{"@type":"WebSite","@id":"https:\/\/web.consaguirre.com.ar\/noticias\/#website","url":"https:\/\/web.consaguirre.com.ar\/noticias\/","name":"Conservatorio de M\u00fasica Juli\u00e1n Aguirre","description":"","publisher":{"@id":"https:\/\/web.consaguirre.com.ar\/noticias\/#organization"},"potentialAction":[{"@type":"SearchAction","target":{"@type":"EntryPoint","urlTemplate":"https:\/\/web.consaguirre.com.ar\/noticias\/?s={search_term_string}"},"query-input":"required name=search_term_string"}],"inLanguage":"es-AR"},{"@type":"Organization","@id":"https:\/\/web.consaguirre.com.ar\/noticias\/#organization","name":"Conservatorio de M\u00fasica Juli\u00e1n Aguirre","url":"https:\/\/web.consaguirre.com.ar\/noticias\/","logo":{"@type":"ImageObject","inLanguage":"es-AR","@id":"https:\/\/web.consaguirre.com.ar\/noticias\/#\/schema\/logo\/image\/","url":"https:\/\/web.consaguirre.com.ar\/noticias\/wp-content\/uploads\/2024\/08\/Banner-Aguirre-23.jpg","contentUrl":"https:\/\/web.consaguirre.com.ar\/noticias\/wp-content\/uploads\/2024\/08\/Banner-Aguirre-23.jpg","width":1192,"height":600,"caption":"Conservatorio de M\u00fasica Juli\u00e1n Aguirre"},"image":{"@id":"https:\/\/web.consaguirre.com.ar\/noticias\/#\/schema\/logo\/image\/"}},{"@type":"Person","@id":"https:\/\/web.consaguirre.com.ar\/noticias\/#\/schema\/person\/6558b0cfedee7ddc5425602b237d5722","name":"Javier Figueroa","image":{"@type":"ImageObject","inLanguage":"es-AR","@id":"https:\/\/web.consaguirre.com.ar\/noticias\/#\/schema\/person\/image\/","url":"https:\/\/web.consaguirre.com.ar\/noticias\/wp-content\/uploads\/2024\/08\/Consaguirre-scaled.jpg","contentUrl":"https:\/\/web.consaguirre.com.ar\/noticias\/wp-content\/uploads\/2024\/08\/Consaguirre-scaled.jpg","caption":"Javier Figueroa"},"description":"Me llamo Javier Figueroa y soy redactor para el sitio oficial del Conservatorio de M\u00fasica Juli\u00e1n Aguirre en Buenos Aires, consaguirre.com. Apasionado por la m\u00fasica y la escritura, me esfuerzo por destacar los talentos y eventos de nuestra prestigiosa instituci\u00f3n. Mi trayectoria se nutre de una profunda admiraci\u00f3n por los artistas, haciendo de cada art\u00edculo una celebraci\u00f3n de la creatividad y la cultura musical.","sameAs":["https:\/\/web.consaguirre.com.ar\/noticias"]}]}},"_links":{"self":[{"href":"https:\/\/web.consaguirre.com.ar\/noticias\/wp-json\/wp\/v2\/posts\/1499"}],"collection":[{"href":"https:\/\/web.consaguirre.com.ar\/noticias\/wp-json\/wp\/v2\/posts"}],"about":[{"href":"https:\/\/web.consaguirre.com.ar\/noticias\/wp-json\/wp\/v2\/types\/post"}],"author":[{"embeddable":true,"href":"https:\/\/web.consaguirre.com.ar\/noticias\/wp-json\/wp\/v2\/users\/1"}],"replies":[{"embeddable":true,"href":"https:\/\/web.consaguirre.com.ar\/noticias\/wp-json\/wp\/v2\/comments?post=1499"}],"version-history":[{"count":1,"href":"https:\/\/web.consaguirre.com.ar\/noticias\/wp-json\/wp\/v2\/posts\/1499\/revisions"}],"predecessor-version":[{"id":1501,"href":"https:\/\/web.consaguirre.com.ar\/noticias\/wp-json\/wp\/v2\/posts\/1499\/revisions\/1501"}],"wp:featuredmedia":[{"embeddable":true,"href":"https:\/\/web.consaguirre.com.ar\/noticias\/wp-json\/wp\/v2\/media\/1500"}],"wp:attachment":[{"href":"https:\/\/web.consaguirre.com.ar\/noticias\/wp-json\/wp\/v2\/media?parent=1499"}],"wp:term":[{"taxonomy":"category","embeddable":true,"href":"https:\/\/web.consaguirre.com.ar\/noticias\/wp-json\/wp\/v2\/categories?post=1499"},{"taxonomy":"post_tag","embeddable":true,"href":"https:\/\/web.consaguirre.com.ar\/noticias\/wp-json\/wp\/v2\/tags?post=1499"}],"curies":[{"name":"wp","href":"https:\/\/api.w.org\/{rel}","templated":true}]}}