{"id":1496,"date":"2025-01-03T14:44:32","date_gmt":"2025-01-03T17:44:32","guid":{"rendered":"https:\/\/web.consaguirre.com.ar\/noticias\/elton-john-y-brandi-carlile-entre-los-presentadores-de-los-globos-de-oro-2025\/"},"modified":"2025-01-03T14:44:34","modified_gmt":"2025-01-03T17:44:34","slug":"elton-john-y-brandi-carlile-entre-los-presentadores-de-los-globos-de-oro-2025","status":"publish","type":"post","link":"https:\/\/web.consaguirre.com.ar\/noticias\/elton-john-y-brandi-carlile-entre-los-presentadores-de-los-globos-de-oro-2025\/","title":{"rendered":"Elton John y Brandi Carlile entre los presentadores de los Globos de Oro 2025"},"content":{"rendered":"<p><strong>Elton John<\/strong> y Brandi Carlile, quienes se encuentran entre los coautores de la canci\u00f3n nominada al Oscar. <strong>\u201cNunca es demasiado tarde\u201d<\/strong> de <em>Elton John: Nunca es demasiado tarde<\/em>se encuentran entre los presentadores de los Globos de Oro 2025, que se transmitir\u00e1n en vivo por CBS y por Paramount+ el domingo 5 de enero a las 5 p.m. PT \/ 8 p.m. ET.<\/p>\n<p><strong>Compra lo mejor de la discograf\u00eda de Elton John en vinilo y m\u00e1s<\/strong>.<\/p>\n<p>Conocida a menudo como la &#8220;Fiesta del a\u00f1o de Hollywood&#8221;, los Globos de Oro son <strong>La entrega de premios m\u00e1s grande del mundo para celebrar lo mejor del cine y la televisi\u00f3n.<\/strong>. El d\u00fao de productores ganador de m\u00faltiples premios Emmy, Glenn Weiss y Ricky Kirshner de White Cherry Entertainment (WCE), regresar\u00e1n como productores ejecutivos, mientras que Dick Clark Productions planificar\u00e1, presentar\u00e1 y producir\u00e1 la 82\u00aa edici\u00f3n anual de los Globos de Oro, que se ha visto en m\u00e1s de 185 pa\u00edses y territorios en todo el mundo.<\/p>\n<p>\u201cNever Too Late\u201d no fue nominada a un Globo, pero ser contratado como presentador de los Globos podr\u00eda ayudar a las posibilidades de la canci\u00f3n en la votaci\u00f3n de los Oscar. Las nominaciones al Oscar se anunciar\u00e1n el 17 de enero.<\/p>\n<p>Las nominaciones a los Globos de Oro 2025 las lideran pel\u00edculas como el musical de Netflix <em>Emilia P\u00e9rez<\/em> (con <strong>Selena G\u00f3mez<\/strong>) saga de \u00e9poca <em>El brutalista<\/em>\u00e9xito de taquilla de Broadway <strong><em>Malvado<\/em><\/strong>  y thriller vaticano <em>C\u00f3nclave<\/em>y promete ayudar a dirigir una carrera inusualmente confusa que a\u00fan no ha definido a los favoritos.<\/p>\n<p>El a\u00f1o pasado estuvo dominado por Oppenheimer de Christopher Nolan, que se llev\u00f3 a casa cinco premios antes de ganar el premio a la mejor pel\u00edcula en los Oscar. La temporada hasta ahora ha visto <em>Malvado<\/em> nombrada mejor pel\u00edcula por el National Board of Review, <em>Un hombre diferente<\/em> por los premios Gotham, <em>El brutalista<\/em> por el C\u00edrculo de Cr\u00edticos de Cine de Nueva York y <em>A\u00f1ora<\/em> por la Asociaci\u00f3n de Cr\u00edticos de Cine de Los \u00c1ngeles. Esta semana tambi\u00e9n hemos visto listas largas de los Bafta encabezadas por <em>Emilia P\u00e9rez<\/em> y <em>C\u00f3nclave<\/em>.<\/p>\n<p><em>Los New York Times<\/em> El especialista en premios Kyle Buchanan la ha llamado &#8220;una temporada que no parece tener un barrendero abrumador&#8221; con &#8220;mucho tiempo para que los contendientes suban y bajen&#8221;.<\/p>\n<p>Otros presentadores de este fin de semana incluir\u00e1n nominados como Demi Moore, Colman Domingo y Kathy Bates, as\u00ed como Andrew Garfield, Sharon Stone y Viola Davis.<\/p>\n<p>El espect\u00e1culo ser\u00e1 presentado por Nikki Glaser, la primera mujer en presentar en solitario los Globos. Se llevar\u00e1 a cabo en su sede habitual, el Grand Ballroom del Hotel Beverly Hilton en Beverly Hills, California.<\/p>\n<p>Glaser est\u00e1 nominada al Globo a la mejor interpretaci\u00f3n en comedia stand-up en televisi\u00f3n por su especial de HBO\/Max. <em>Nikki Glaser: Alg\u00fan d\u00eda morir\u00e1s<\/em>. Glaser fue nominada a un Primetime Emmy por su destacado especial de variedades (pregrabado) por su trabajo en ese especial y actualmente est\u00e1 nominada al Grammy al mejor \u00e1lbum de comedia, tambi\u00e9n por ese especial.<\/p>\n","protected":false},"excerpt":{"rendered":"<p>Elton John y Brandi Carlile, quienes se encuentran entre los coautores de la canci\u00f3n nominada al Oscar. \u201cNunca es demasiado tarde\u201d de Elton John: Nunca<\/p>\n","protected":false},"author":1,"featured_media":1497,"comment_status":"closed","ping_status":"","sticky":false,"template":"","format":"standard","meta":{"footnotes":""},"categories":[50],"tags":[1291,1292,824,1563,1565,91,180,1566,1564],"class_list":["post-1496","post","type-post","status-publish","format-standard","has-post-thumbnail","hentry","category-el-ultimo","tag-brandi","tag-carlile","tag-elton","tag-entre","tag-globos","tag-john","tag-los","tag-oro","tag-presentadores","generate-columns","tablet-grid-50","mobile-grid-100","grid-parent","grid-50"],"yoast_head":"<!-- This site is optimized with the Yoast SEO plugin v23.3 - https:\/\/yoast.com\/wordpress\/plugins\/seo\/ -->\n<title>Elton John y Brandi Carlile entre los presentadores de los Globos de Oro 2025<\/title>\n<meta name=\"robots\" content=\"index, follow, max-snippet:-1, max-image-preview:large, max-video-preview:-1\" \/>\n<link rel=\"canonical\" href=\"https:\/\/web.consaguirre.com.ar\/noticias\/elton-john-y-brandi-carlile-entre-los-presentadores-de-los-globos-de-oro-2025\/\" \/>\n<meta property=\"og:locale\" content=\"es_ES\" \/>\n<meta property=\"og:type\" content=\"article\" \/>\n<meta property=\"og:title\" content=\"Elton John y Brandi Carlile entre los presentadores de los Globos de Oro 2025\" \/>\n<meta property=\"og:description\" content=\"Elton John y Brandi Carlile, quienes se encuentran entre los coautores de la canci\u00f3n nominada al Oscar. \u201cNunca es demasiado tarde\u201d de Elton John: Nunca\" \/>\n<meta property=\"og:url\" content=\"https:\/\/web.consaguirre.com.ar\/noticias\/elton-john-y-brandi-carlile-entre-los-presentadores-de-los-globos-de-oro-2025\/\" \/>\n<meta property=\"og:site_name\" content=\"Conservatorio de M\u00fasica Juli\u00e1n Aguirre\" \/>\n<meta property=\"article:published_time\" content=\"2025-01-03T17:44:32+00:00\" \/>\n<meta property=\"article:modified_time\" content=\"2025-01-03T17:44:34+00:00\" \/>\n<meta property=\"og:image\" content=\"https:\/\/web.consaguirre.com.ar\/noticias\/wp-content\/uploads\/2025\/01\/Elton-John-y-Brandi-Carlile-entre-los-presentadores-de-los.jpg\" \/>\n\t<meta property=\"og:image:width\" content=\"1440\" \/>\n\t<meta property=\"og:image:height\" content=\"864\" \/>\n\t<meta property=\"og:image:type\" content=\"image\/jpeg\" \/>\n<meta name=\"author\" content=\"Javier Figueroa\" \/>\n<meta name=\"twitter:card\" content=\"summary_large_image\" \/>\n<meta name=\"twitter:label1\" content=\"Escrito por\" \/>\n\t<meta name=\"twitter:data1\" content=\"Javier Figueroa\" \/>\n\t<meta name=\"twitter:label2\" content=\"Tiempo de lectura\" \/>\n\t<meta name=\"twitter:data2\" content=\"3 minutos\" \/>\n<script type=\"application\/ld+json\" class=\"yoast-schema-graph\">{\"@context\":\"https:\/\/schema.org\",\"@graph\":[{\"@type\":\"Article\",\"@id\":\"https:\/\/web.consaguirre.com.ar\/noticias\/elton-john-y-brandi-carlile-entre-los-presentadores-de-los-globos-de-oro-2025\/#article\",\"isPartOf\":{\"@id\":\"https:\/\/web.consaguirre.com.ar\/noticias\/elton-john-y-brandi-carlile-entre-los-presentadores-de-los-globos-de-oro-2025\/\"},\"author\":{\"name\":\"Javier Figueroa\",\"@id\":\"https:\/\/web.consaguirre.com.ar\/noticias\/#\/schema\/person\/6558b0cfedee7ddc5425602b237d5722\"},\"headline\":\"Elton John y Brandi Carlile entre los presentadores de los Globos de Oro 2025\",\"datePublished\":\"2025-01-03T17:44:32+00:00\",\"dateModified\":\"2025-01-03T17:44:34+00:00\",\"mainEntityOfPage\":{\"@id\":\"https:\/\/web.consaguirre.com.ar\/noticias\/elton-john-y-brandi-carlile-entre-los-presentadores-de-los-globos-de-oro-2025\/\"},\"wordCount\":548,\"publisher\":{\"@id\":\"https:\/\/web.consaguirre.com.ar\/noticias\/#organization\"},\"image\":{\"@id\":\"https:\/\/web.consaguirre.com.ar\/noticias\/elton-john-y-brandi-carlile-entre-los-presentadores-de-los-globos-de-oro-2025\/#primaryimage\"},\"thumbnailUrl\":\"https:\/\/web.consaguirre.com.ar\/noticias\/wp-content\/uploads\/2025\/01\/Elton-John-y-Brandi-Carlile-entre-los-presentadores-de-los.jpg\",\"keywords\":[\"Brandi\",\"Carlile\",\"Elton\",\"entre\",\"Globos\",\"John\",\"los\",\"Oro\",\"presentadores\"],\"articleSection\":[\"El \u00faltimo\"],\"inLanguage\":\"es-AR\"},{\"@type\":\"WebPage\",\"@id\":\"https:\/\/web.consaguirre.com.ar\/noticias\/elton-john-y-brandi-carlile-entre-los-presentadores-de-los-globos-de-oro-2025\/\",\"url\":\"https:\/\/web.consaguirre.com.ar\/noticias\/elton-john-y-brandi-carlile-entre-los-presentadores-de-los-globos-de-oro-2025\/\",\"name\":\"Elton John y Brandi Carlile entre los presentadores de los Globos de Oro 2025\",\"isPartOf\":{\"@id\":\"https:\/\/web.consaguirre.com.ar\/noticias\/#website\"},\"primaryImageOfPage\":{\"@id\":\"https:\/\/web.consaguirre.com.ar\/noticias\/elton-john-y-brandi-carlile-entre-los-presentadores-de-los-globos-de-oro-2025\/#primaryimage\"},\"image\":{\"@id\":\"https:\/\/web.consaguirre.com.ar\/noticias\/elton-john-y-brandi-carlile-entre-los-presentadores-de-los-globos-de-oro-2025\/#primaryimage\"},\"thumbnailUrl\":\"https:\/\/web.consaguirre.com.ar\/noticias\/wp-content\/uploads\/2025\/01\/Elton-John-y-Brandi-Carlile-entre-los-presentadores-de-los.jpg\",\"datePublished\":\"2025-01-03T17:44:32+00:00\",\"dateModified\":\"2025-01-03T17:44:34+00:00\",\"breadcrumb\":{\"@id\":\"https:\/\/web.consaguirre.com.ar\/noticias\/elton-john-y-brandi-carlile-entre-los-presentadores-de-los-globos-de-oro-2025\/#breadcrumb\"},\"inLanguage\":\"es-AR\",\"potentialAction\":[{\"@type\":\"ReadAction\",\"target\":[\"https:\/\/web.consaguirre.com.ar\/noticias\/elton-john-y-brandi-carlile-entre-los-presentadores-de-los-globos-de-oro-2025\/\"]}]},{\"@type\":\"ImageObject\",\"inLanguage\":\"es-AR\",\"@id\":\"https:\/\/web.consaguirre.com.ar\/noticias\/elton-john-y-brandi-carlile-entre-los-presentadores-de-los-globos-de-oro-2025\/#primaryimage\",\"url\":\"https:\/\/web.consaguirre.com.ar\/noticias\/wp-content\/uploads\/2025\/01\/Elton-John-y-Brandi-Carlile-entre-los-presentadores-de-los.jpg\",\"contentUrl\":\"https:\/\/web.consaguirre.com.ar\/noticias\/wp-content\/uploads\/2025\/01\/Elton-John-y-Brandi-Carlile-entre-los-presentadores-de-los.jpg\",\"width\":1440,\"height\":864,\"caption\":\"Elton-John-Brandi-Carlile-2025-Golden Globes\"},{\"@type\":\"BreadcrumbList\",\"@id\":\"https:\/\/web.consaguirre.com.ar\/noticias\/elton-john-y-brandi-carlile-entre-los-presentadores-de-los-globos-de-oro-2025\/#breadcrumb\",\"itemListElement\":[{\"@type\":\"ListItem\",\"position\":1,\"name\":\"Inicio\",\"item\":\"https:\/\/web.consaguirre.com.ar\/noticias\/\"},{\"@type\":\"ListItem\",\"position\":2,\"name\":\"Elton John y Brandi Carlile entre los presentadores de los Globos de Oro 2025\"}]},{\"@type\":\"WebSite\",\"@id\":\"https:\/\/web.consaguirre.com.ar\/noticias\/#website\",\"url\":\"https:\/\/web.consaguirre.com.ar\/noticias\/\",\"name\":\"Conservatorio de M\u00fasica Juli\u00e1n Aguirre\",\"description\":\"\",\"publisher\":{\"@id\":\"https:\/\/web.consaguirre.com.ar\/noticias\/#organization\"},\"potentialAction\":[{\"@type\":\"SearchAction\",\"target\":{\"@type\":\"EntryPoint\",\"urlTemplate\":\"https:\/\/web.consaguirre.com.ar\/noticias\/?s={search_term_string}\"},\"query-input\":\"required name=search_term_string\"}],\"inLanguage\":\"es-AR\"},{\"@type\":\"Organization\",\"@id\":\"https:\/\/web.consaguirre.com.ar\/noticias\/#organization\",\"name\":\"Conservatorio de M\u00fasica Juli\u00e1n Aguirre\",\"url\":\"https:\/\/web.consaguirre.com.ar\/noticias\/\",\"logo\":{\"@type\":\"ImageObject\",\"inLanguage\":\"es-AR\",\"@id\":\"https:\/\/web.consaguirre.com.ar\/noticias\/#\/schema\/logo\/image\/\",\"url\":\"https:\/\/web.consaguirre.com.ar\/noticias\/wp-content\/uploads\/2024\/08\/Banner-Aguirre-23.jpg\",\"contentUrl\":\"https:\/\/web.consaguirre.com.ar\/noticias\/wp-content\/uploads\/2024\/08\/Banner-Aguirre-23.jpg\",\"width\":1192,\"height\":600,\"caption\":\"Conservatorio de M\u00fasica Juli\u00e1n Aguirre\"},\"image\":{\"@id\":\"https:\/\/web.consaguirre.com.ar\/noticias\/#\/schema\/logo\/image\/\"}},{\"@type\":\"Person\",\"@id\":\"https:\/\/web.consaguirre.com.ar\/noticias\/#\/schema\/person\/6558b0cfedee7ddc5425602b237d5722\",\"name\":\"Javier Figueroa\",\"image\":{\"@type\":\"ImageObject\",\"inLanguage\":\"es-AR\",\"@id\":\"https:\/\/web.consaguirre.com.ar\/noticias\/#\/schema\/person\/image\/\",\"url\":\"https:\/\/web.consaguirre.com.ar\/noticias\/wp-content\/uploads\/2024\/08\/Consaguirre-scaled.jpg\",\"contentUrl\":\"https:\/\/web.consaguirre.com.ar\/noticias\/wp-content\/uploads\/2024\/08\/Consaguirre-scaled.jpg\",\"caption\":\"Javier Figueroa\"},\"description\":\"Me llamo Javier Figueroa y soy redactor para el sitio oficial del Conservatorio de M\u00fasica Juli\u00e1n Aguirre en Buenos Aires, consaguirre.com. Apasionado por la m\u00fasica y la escritura, me esfuerzo por destacar los talentos y eventos de nuestra prestigiosa instituci\u00f3n. Mi trayectoria se nutre de una profunda admiraci\u00f3n por los artistas, haciendo de cada art\u00edculo una celebraci\u00f3n de la creatividad y la cultura musical.\",\"sameAs\":[\"https:\/\/web.consaguirre.com.ar\/noticias\"]}]}<\/script>\n<!-- \/ Yoast SEO plugin. -->","yoast_head_json":{"title":"Elton John y Brandi Carlile entre los presentadores de los Globos de Oro 2025","robots":{"index":"index","follow":"follow","max-snippet":"max-snippet:-1","max-image-preview":"max-image-preview:large","max-video-preview":"max-video-preview:-1"},"canonical":"https:\/\/web.consaguirre.com.ar\/noticias\/elton-john-y-brandi-carlile-entre-los-presentadores-de-los-globos-de-oro-2025\/","og_locale":"es_ES","og_type":"article","og_title":"Elton John y Brandi Carlile entre los presentadores de los Globos de Oro 2025","og_description":"Elton John y Brandi Carlile, quienes se encuentran entre los coautores de la canci\u00f3n nominada al Oscar. \u201cNunca es demasiado tarde\u201d de Elton John: Nunca","og_url":"https:\/\/web.consaguirre.com.ar\/noticias\/elton-john-y-brandi-carlile-entre-los-presentadores-de-los-globos-de-oro-2025\/","og_site_name":"Conservatorio de M\u00fasica Juli\u00e1n Aguirre","article_published_time":"2025-01-03T17:44:32+00:00","article_modified_time":"2025-01-03T17:44:34+00:00","og_image":[{"width":1440,"height":864,"url":"https:\/\/web.consaguirre.com.ar\/noticias\/wp-content\/uploads\/2025\/01\/Elton-John-y-Brandi-Carlile-entre-los-presentadores-de-los.jpg","type":"image\/jpeg"}],"author":"Javier Figueroa","twitter_card":"summary_large_image","twitter_misc":{"Escrito por":"Javier Figueroa","Tiempo de lectura":"3 minutos"},"schema":{"@context":"https:\/\/schema.org","@graph":[{"@type":"Article","@id":"https:\/\/web.consaguirre.com.ar\/noticias\/elton-john-y-brandi-carlile-entre-los-presentadores-de-los-globos-de-oro-2025\/#article","isPartOf":{"@id":"https:\/\/web.consaguirre.com.ar\/noticias\/elton-john-y-brandi-carlile-entre-los-presentadores-de-los-globos-de-oro-2025\/"},"author":{"name":"Javier Figueroa","@id":"https:\/\/web.consaguirre.com.ar\/noticias\/#\/schema\/person\/6558b0cfedee7ddc5425602b237d5722"},"headline":"Elton John y Brandi Carlile entre los presentadores de los Globos de Oro 2025","datePublished":"2025-01-03T17:44:32+00:00","dateModified":"2025-01-03T17:44:34+00:00","mainEntityOfPage":{"@id":"https:\/\/web.consaguirre.com.ar\/noticias\/elton-john-y-brandi-carlile-entre-los-presentadores-de-los-globos-de-oro-2025\/"},"wordCount":548,"publisher":{"@id":"https:\/\/web.consaguirre.com.ar\/noticias\/#organization"},"image":{"@id":"https:\/\/web.consaguirre.com.ar\/noticias\/elton-john-y-brandi-carlile-entre-los-presentadores-de-los-globos-de-oro-2025\/#primaryimage"},"thumbnailUrl":"https:\/\/web.consaguirre.com.ar\/noticias\/wp-content\/uploads\/2025\/01\/Elton-John-y-Brandi-Carlile-entre-los-presentadores-de-los.jpg","keywords":["Brandi","Carlile","Elton","entre","Globos","John","los","Oro","presentadores"],"articleSection":["El \u00faltimo"],"inLanguage":"es-AR"},{"@type":"WebPage","@id":"https:\/\/web.consaguirre.com.ar\/noticias\/elton-john-y-brandi-carlile-entre-los-presentadores-de-los-globos-de-oro-2025\/","url":"https:\/\/web.consaguirre.com.ar\/noticias\/elton-john-y-brandi-carlile-entre-los-presentadores-de-los-globos-de-oro-2025\/","name":"Elton John y Brandi Carlile entre los presentadores de los Globos de Oro 2025","isPartOf":{"@id":"https:\/\/web.consaguirre.com.ar\/noticias\/#website"},"primaryImageOfPage":{"@id":"https:\/\/web.consaguirre.com.ar\/noticias\/elton-john-y-brandi-carlile-entre-los-presentadores-de-los-globos-de-oro-2025\/#primaryimage"},"image":{"@id":"https:\/\/web.consaguirre.com.ar\/noticias\/elton-john-y-brandi-carlile-entre-los-presentadores-de-los-globos-de-oro-2025\/#primaryimage"},"thumbnailUrl":"https:\/\/web.consaguirre.com.ar\/noticias\/wp-content\/uploads\/2025\/01\/Elton-John-y-Brandi-Carlile-entre-los-presentadores-de-los.jpg","datePublished":"2025-01-03T17:44:32+00:00","dateModified":"2025-01-03T17:44:34+00:00","breadcrumb":{"@id":"https:\/\/web.consaguirre.com.ar\/noticias\/elton-john-y-brandi-carlile-entre-los-presentadores-de-los-globos-de-oro-2025\/#breadcrumb"},"inLanguage":"es-AR","potentialAction":[{"@type":"ReadAction","target":["https:\/\/web.consaguirre.com.ar\/noticias\/elton-john-y-brandi-carlile-entre-los-presentadores-de-los-globos-de-oro-2025\/"]}]},{"@type":"ImageObject","inLanguage":"es-AR","@id":"https:\/\/web.consaguirre.com.ar\/noticias\/elton-john-y-brandi-carlile-entre-los-presentadores-de-los-globos-de-oro-2025\/#primaryimage","url":"https:\/\/web.consaguirre.com.ar\/noticias\/wp-content\/uploads\/2025\/01\/Elton-John-y-Brandi-Carlile-entre-los-presentadores-de-los.jpg","contentUrl":"https:\/\/web.consaguirre.com.ar\/noticias\/wp-content\/uploads\/2025\/01\/Elton-John-y-Brandi-Carlile-entre-los-presentadores-de-los.jpg","width":1440,"height":864,"caption":"Elton-John-Brandi-Carlile-2025-Golden Globes"},{"@type":"BreadcrumbList","@id":"https:\/\/web.consaguirre.com.ar\/noticias\/elton-john-y-brandi-carlile-entre-los-presentadores-de-los-globos-de-oro-2025\/#breadcrumb","itemListElement":[{"@type":"ListItem","position":1,"name":"Inicio","item":"https:\/\/web.consaguirre.com.ar\/noticias\/"},{"@type":"ListItem","position":2,"name":"Elton John y Brandi Carlile entre los presentadores de los Globos de Oro 2025"}]},{"@type":"WebSite","@id":"https:\/\/web.consaguirre.com.ar\/noticias\/#website","url":"https:\/\/web.consaguirre.com.ar\/noticias\/","name":"Conservatorio de M\u00fasica Juli\u00e1n Aguirre","description":"","publisher":{"@id":"https:\/\/web.consaguirre.com.ar\/noticias\/#organization"},"potentialAction":[{"@type":"SearchAction","target":{"@type":"EntryPoint","urlTemplate":"https:\/\/web.consaguirre.com.ar\/noticias\/?s={search_term_string}"},"query-input":"required name=search_term_string"}],"inLanguage":"es-AR"},{"@type":"Organization","@id":"https:\/\/web.consaguirre.com.ar\/noticias\/#organization","name":"Conservatorio de M\u00fasica Juli\u00e1n Aguirre","url":"https:\/\/web.consaguirre.com.ar\/noticias\/","logo":{"@type":"ImageObject","inLanguage":"es-AR","@id":"https:\/\/web.consaguirre.com.ar\/noticias\/#\/schema\/logo\/image\/","url":"https:\/\/web.consaguirre.com.ar\/noticias\/wp-content\/uploads\/2024\/08\/Banner-Aguirre-23.jpg","contentUrl":"https:\/\/web.consaguirre.com.ar\/noticias\/wp-content\/uploads\/2024\/08\/Banner-Aguirre-23.jpg","width":1192,"height":600,"caption":"Conservatorio de M\u00fasica Juli\u00e1n Aguirre"},"image":{"@id":"https:\/\/web.consaguirre.com.ar\/noticias\/#\/schema\/logo\/image\/"}},{"@type":"Person","@id":"https:\/\/web.consaguirre.com.ar\/noticias\/#\/schema\/person\/6558b0cfedee7ddc5425602b237d5722","name":"Javier Figueroa","image":{"@type":"ImageObject","inLanguage":"es-AR","@id":"https:\/\/web.consaguirre.com.ar\/noticias\/#\/schema\/person\/image\/","url":"https:\/\/web.consaguirre.com.ar\/noticias\/wp-content\/uploads\/2024\/08\/Consaguirre-scaled.jpg","contentUrl":"https:\/\/web.consaguirre.com.ar\/noticias\/wp-content\/uploads\/2024\/08\/Consaguirre-scaled.jpg","caption":"Javier Figueroa"},"description":"Me llamo Javier Figueroa y soy redactor para el sitio oficial del Conservatorio de M\u00fasica Juli\u00e1n Aguirre en Buenos Aires, consaguirre.com. Apasionado por la m\u00fasica y la escritura, me esfuerzo por destacar los talentos y eventos de nuestra prestigiosa instituci\u00f3n. Mi trayectoria se nutre de una profunda admiraci\u00f3n por los artistas, haciendo de cada art\u00edculo una celebraci\u00f3n de la creatividad y la cultura musical.","sameAs":["https:\/\/web.consaguirre.com.ar\/noticias"]}]}},"_links":{"self":[{"href":"https:\/\/web.consaguirre.com.ar\/noticias\/wp-json\/wp\/v2\/posts\/1496"}],"collection":[{"href":"https:\/\/web.consaguirre.com.ar\/noticias\/wp-json\/wp\/v2\/posts"}],"about":[{"href":"https:\/\/web.consaguirre.com.ar\/noticias\/wp-json\/wp\/v2\/types\/post"}],"author":[{"embeddable":true,"href":"https:\/\/web.consaguirre.com.ar\/noticias\/wp-json\/wp\/v2\/users\/1"}],"replies":[{"embeddable":true,"href":"https:\/\/web.consaguirre.com.ar\/noticias\/wp-json\/wp\/v2\/comments?post=1496"}],"version-history":[{"count":1,"href":"https:\/\/web.consaguirre.com.ar\/noticias\/wp-json\/wp\/v2\/posts\/1496\/revisions"}],"predecessor-version":[{"id":1498,"href":"https:\/\/web.consaguirre.com.ar\/noticias\/wp-json\/wp\/v2\/posts\/1496\/revisions\/1498"}],"wp:featuredmedia":[{"embeddable":true,"href":"https:\/\/web.consaguirre.com.ar\/noticias\/wp-json\/wp\/v2\/media\/1497"}],"wp:attachment":[{"href":"https:\/\/web.consaguirre.com.ar\/noticias\/wp-json\/wp\/v2\/media?parent=1496"}],"wp:term":[{"taxonomy":"category","embeddable":true,"href":"https:\/\/web.consaguirre.com.ar\/noticias\/wp-json\/wp\/v2\/categories?post=1496"},{"taxonomy":"post_tag","embeddable":true,"href":"https:\/\/web.consaguirre.com.ar\/noticias\/wp-json\/wp\/v2\/tags?post=1496"}],"curies":[{"name":"wp","href":"https:\/\/api.w.org\/{rel}","templated":true}]}}