{"id":1478,"date":"2024-12-31T17:39:14","date_gmt":"2024-12-31T20:39:14","guid":{"rendered":"https:\/\/web.consaguirre.com.ar\/noticias\/el-documental-de-karol-g-llegara-a-netflix-en-2025\/"},"modified":"2024-12-31T17:39:15","modified_gmt":"2024-12-31T20:39:15","slug":"el-documental-de-karol-g-llegara-a-netflix-en-2025","status":"publish","type":"post","link":"https:\/\/web.consaguirre.com.ar\/noticias\/el-documental-de-karol-g-llegara-a-netflix-en-2025\/","title":{"rendered":"El documental de Karol G llegar\u00e1 a Netflix en 2025"},"content":{"rendered":"<p>Un nuevo documental de Karol G llegar\u00e1 a Netflix en 2025. El proyecto estar\u00e1 dirigido por la directora y productora ganadora del premio Emmy Cristina Costantini.<\/p>\n<p>El cantante de \u201cSi Antes Te Hubiera Conocido\u201d tom\u00f3 <strong>redes sociales<\/strong> para compartir unas palabras sobre la pr\u00f3xima pel\u00edcula con sus millones de seguidores.<\/p>\n<p>\u201cUna historia nacida de sue\u00f1os que parec\u00edan imposibles, alimentada por una fe inquebrantable\u201d, se lee en una nota escrita en un papel decorado con corazones rojos y el logo de Netflix estampado. \u201cUn viaje implacable que desafi\u00f3 todos los pron\u00f3sticos. Mi vida. Mi trabajo. Mi verdad. Y la poderosa conexi\u00f3n que comparto con todos ustedes. Mi sue\u00f1o se hizo realidad\u201d.<\/p>\n<p>Hasta el momento, los detalles sobre lo que los fans pueden esperar son escasos, pero un comunicado de prensa emitido por Netflix describe el largometraje como &#8220;un retrato \u00edntimo de un \u00edcono de la m\u00fasica global: la mujer detr\u00e1s del artista&#8221;. Desde su avance en 2016, Karol G (nacida como Carolina Giraldo Navarro) se ha consolidado como una fuerza global a tener en cuenta.<\/p>\n<p><strong>La estrella colombiana de 33 a\u00f1os<\/strong> hizo historia el a\u00f1o pasado con su \u00e1lbum <em>Ma\u00f1ana Ser\u00e1 Bonito<\/em>que se convirti\u00f3 en el primer \u00e1lbum en espa\u00f1ol de una artista femenina en encabezar el Billboard 200. En julio, Karol G concluy\u00f3 su <strong>Gira Mundial Ma\u00f1ana Ser\u00e1 Bonito<\/strong> recaudando m\u00e1s de 313 millones de d\u00f3lares. La temporada es ahora la gira latina m\u00e1s taquillera realizada por una mujer en la historia de Boxscore, superando su propio $trip Love Tour de 2022.<\/p>\n<p>El nuevo documental de Karol G ser\u00e1 producido por This Machine, parte de Sony Pictures Television, en asociaci\u00f3n con Bichota Films e Interscope Films. Tanto John Janick como Nir Seroussi de Interscope son productores ejecutivos.<\/p>\n<p>Karol ya es una de las artistas de reggaet\u00f3n m\u00e1s influyentes del mundo y en noviembre uni\u00f3 fuerzas con Bratz para lanzar Bratz x Karol G Collector Doll.<\/p>\n<p>Ella dijo en un comunicado en ese momento: &#8220;No puedo creer que est\u00e9 celebrando otro hito importante en mi carrera con mi primera mu\u00f1eca, y estoy incre\u00edblemente orgullosa de que sea con Bratz, una marca de la que siempre he sido una&#8221;. \u00a1s\u00faper fan\u00e1tico de desde peque\u00f1o!\u201d<\/p>\n<p>A principios de 2024, el video musical \u201cProvenza\u201d de Karol G <strong>se uni\u00f3 oficialmente al club de los mil millones de vistas de YouTube<\/strong>. La canci\u00f3n debut\u00f3 en el puesto n\u00famero 1 en las listas Hot Latin y Hot Airplay de Billboard cuando cay\u00f3. El v\u00eddeo adjunto, publicado oficialmente en YouTube hace m\u00e1s de dos a\u00f1os, el 21 de abril de 2022, fue filmado en Lanzarote, una isla espa\u00f1ola frente a la costa de \u00c1frica occidental, y dirigido por Pedro Artola.<\/p>\n<p>.<\/p>\n","protected":false},"excerpt":{"rendered":"<p>Un nuevo documental de Karol G llegar\u00e1 a Netflix en 2025. El proyecto estar\u00e1 dirigido por la directora y productora ganadora del premio Emmy Cristina<\/p>\n","protected":false},"author":1,"featured_media":1479,"comment_status":"closed","ping_status":"","sticky":false,"template":"","format":"standard","meta":{"footnotes":""},"categories":[50],"tags":[419,1546,86,737],"class_list":["post-1478","post","type-post","status-publish","format-standard","has-post-thumbnail","hentry","category-el-ultimo","tag-documental","tag-karol","tag-llegara","tag-netflix","generate-columns","tablet-grid-50","mobile-grid-100","grid-parent","grid-50"],"yoast_head":"<!-- This site is optimized with the Yoast SEO plugin v23.3 - https:\/\/yoast.com\/wordpress\/plugins\/seo\/ -->\n<title>El documental de Karol G llegar\u00e1 a Netflix en 2025<\/title>\n<meta name=\"robots\" content=\"index, follow, max-snippet:-1, max-image-preview:large, max-video-preview:-1\" \/>\n<link rel=\"canonical\" href=\"https:\/\/web.consaguirre.com.ar\/noticias\/el-documental-de-karol-g-llegara-a-netflix-en-2025\/\" \/>\n<meta property=\"og:locale\" content=\"es_ES\" \/>\n<meta property=\"og:type\" content=\"article\" \/>\n<meta property=\"og:title\" content=\"El documental de Karol G llegar\u00e1 a Netflix en 2025\" \/>\n<meta property=\"og:description\" content=\"Un nuevo documental de Karol G llegar\u00e1 a Netflix en 2025. El proyecto estar\u00e1 dirigido por la directora y productora ganadora del premio Emmy Cristina\" \/>\n<meta property=\"og:url\" content=\"https:\/\/web.consaguirre.com.ar\/noticias\/el-documental-de-karol-g-llegara-a-netflix-en-2025\/\" \/>\n<meta property=\"og:site_name\" content=\"Conservatorio de M\u00fasica Juli\u00e1n Aguirre\" \/>\n<meta property=\"article:published_time\" content=\"2024-12-31T20:39:14+00:00\" \/>\n<meta property=\"article:modified_time\" content=\"2024-12-31T20:39:15+00:00\" \/>\n<meta property=\"og:image\" content=\"https:\/\/web.consaguirre.com.ar\/noticias\/wp-content\/uploads\/2024\/12\/El-documental-de-Karol-G-llegara-a-Netflix-en-2025.jpg\" \/>\n\t<meta property=\"og:image:width\" content=\"1440\" \/>\n\t<meta property=\"og:image:height\" content=\"864\" \/>\n\t<meta property=\"og:image:type\" content=\"image\/jpeg\" \/>\n<meta name=\"author\" content=\"Javier Figueroa\" \/>\n<meta name=\"twitter:card\" content=\"summary_large_image\" \/>\n<meta name=\"twitter:label1\" content=\"Escrito por\" \/>\n\t<meta name=\"twitter:data1\" content=\"Javier Figueroa\" \/>\n\t<meta name=\"twitter:label2\" content=\"Tiempo de lectura\" \/>\n\t<meta name=\"twitter:data2\" content=\"2 minutos\" \/>\n<script type=\"application\/ld+json\" class=\"yoast-schema-graph\">{\"@context\":\"https:\/\/schema.org\",\"@graph\":[{\"@type\":\"Article\",\"@id\":\"https:\/\/web.consaguirre.com.ar\/noticias\/el-documental-de-karol-g-llegara-a-netflix-en-2025\/#article\",\"isPartOf\":{\"@id\":\"https:\/\/web.consaguirre.com.ar\/noticias\/el-documental-de-karol-g-llegara-a-netflix-en-2025\/\"},\"author\":{\"name\":\"Javier Figueroa\",\"@id\":\"https:\/\/web.consaguirre.com.ar\/noticias\/#\/schema\/person\/6558b0cfedee7ddc5425602b237d5722\"},\"headline\":\"El documental de Karol G llegar\u00e1 a Netflix en 2025\",\"datePublished\":\"2024-12-31T20:39:14+00:00\",\"dateModified\":\"2024-12-31T20:39:15+00:00\",\"mainEntityOfPage\":{\"@id\":\"https:\/\/web.consaguirre.com.ar\/noticias\/el-documental-de-karol-g-llegara-a-netflix-en-2025\/\"},\"wordCount\":473,\"publisher\":{\"@id\":\"https:\/\/web.consaguirre.com.ar\/noticias\/#organization\"},\"image\":{\"@id\":\"https:\/\/web.consaguirre.com.ar\/noticias\/el-documental-de-karol-g-llegara-a-netflix-en-2025\/#primaryimage\"},\"thumbnailUrl\":\"https:\/\/web.consaguirre.com.ar\/noticias\/wp-content\/uploads\/2024\/12\/El-documental-de-Karol-G-llegara-a-Netflix-en-2025.jpg\",\"keywords\":[\"documental\",\"Karol\",\"llegar\u00e1\",\"Netflix\"],\"articleSection\":[\"El \u00faltimo\"],\"inLanguage\":\"es-AR\"},{\"@type\":\"WebPage\",\"@id\":\"https:\/\/web.consaguirre.com.ar\/noticias\/el-documental-de-karol-g-llegara-a-netflix-en-2025\/\",\"url\":\"https:\/\/web.consaguirre.com.ar\/noticias\/el-documental-de-karol-g-llegara-a-netflix-en-2025\/\",\"name\":\"El documental de Karol G llegar\u00e1 a Netflix en 2025\",\"isPartOf\":{\"@id\":\"https:\/\/web.consaguirre.com.ar\/noticias\/#website\"},\"primaryImageOfPage\":{\"@id\":\"https:\/\/web.consaguirre.com.ar\/noticias\/el-documental-de-karol-g-llegara-a-netflix-en-2025\/#primaryimage\"},\"image\":{\"@id\":\"https:\/\/web.consaguirre.com.ar\/noticias\/el-documental-de-karol-g-llegara-a-netflix-en-2025\/#primaryimage\"},\"thumbnailUrl\":\"https:\/\/web.consaguirre.com.ar\/noticias\/wp-content\/uploads\/2024\/12\/El-documental-de-Karol-G-llegara-a-Netflix-en-2025.jpg\",\"datePublished\":\"2024-12-31T20:39:14+00:00\",\"dateModified\":\"2024-12-31T20:39:15+00:00\",\"breadcrumb\":{\"@id\":\"https:\/\/web.consaguirre.com.ar\/noticias\/el-documental-de-karol-g-llegara-a-netflix-en-2025\/#breadcrumb\"},\"inLanguage\":\"es-AR\",\"potentialAction\":[{\"@type\":\"ReadAction\",\"target\":[\"https:\/\/web.consaguirre.com.ar\/noticias\/el-documental-de-karol-g-llegara-a-netflix-en-2025\/\"]}]},{\"@type\":\"ImageObject\",\"inLanguage\":\"es-AR\",\"@id\":\"https:\/\/web.consaguirre.com.ar\/noticias\/el-documental-de-karol-g-llegara-a-netflix-en-2025\/#primaryimage\",\"url\":\"https:\/\/web.consaguirre.com.ar\/noticias\/wp-content\/uploads\/2024\/12\/El-documental-de-Karol-G-llegara-a-Netflix-en-2025.jpg\",\"contentUrl\":\"https:\/\/web.consaguirre.com.ar\/noticias\/wp-content\/uploads\/2024\/12\/El-documental-de-Karol-G-llegara-a-Netflix-en-2025.jpg\",\"width\":1440,\"height\":864,\"caption\":\"Karol G Documentary Netflix\"},{\"@type\":\"BreadcrumbList\",\"@id\":\"https:\/\/web.consaguirre.com.ar\/noticias\/el-documental-de-karol-g-llegara-a-netflix-en-2025\/#breadcrumb\",\"itemListElement\":[{\"@type\":\"ListItem\",\"position\":1,\"name\":\"Inicio\",\"item\":\"https:\/\/web.consaguirre.com.ar\/noticias\/\"},{\"@type\":\"ListItem\",\"position\":2,\"name\":\"El documental de Karol G llegar\u00e1 a Netflix en 2025\"}]},{\"@type\":\"WebSite\",\"@id\":\"https:\/\/web.consaguirre.com.ar\/noticias\/#website\",\"url\":\"https:\/\/web.consaguirre.com.ar\/noticias\/\",\"name\":\"Conservatorio de M\u00fasica Juli\u00e1n Aguirre\",\"description\":\"\",\"publisher\":{\"@id\":\"https:\/\/web.consaguirre.com.ar\/noticias\/#organization\"},\"potentialAction\":[{\"@type\":\"SearchAction\",\"target\":{\"@type\":\"EntryPoint\",\"urlTemplate\":\"https:\/\/web.consaguirre.com.ar\/noticias\/?s={search_term_string}\"},\"query-input\":\"required name=search_term_string\"}],\"inLanguage\":\"es-AR\"},{\"@type\":\"Organization\",\"@id\":\"https:\/\/web.consaguirre.com.ar\/noticias\/#organization\",\"name\":\"Conservatorio de M\u00fasica Juli\u00e1n Aguirre\",\"url\":\"https:\/\/web.consaguirre.com.ar\/noticias\/\",\"logo\":{\"@type\":\"ImageObject\",\"inLanguage\":\"es-AR\",\"@id\":\"https:\/\/web.consaguirre.com.ar\/noticias\/#\/schema\/logo\/image\/\",\"url\":\"https:\/\/web.consaguirre.com.ar\/noticias\/wp-content\/uploads\/2024\/08\/Banner-Aguirre-23.jpg\",\"contentUrl\":\"https:\/\/web.consaguirre.com.ar\/noticias\/wp-content\/uploads\/2024\/08\/Banner-Aguirre-23.jpg\",\"width\":1192,\"height\":600,\"caption\":\"Conservatorio de M\u00fasica Juli\u00e1n Aguirre\"},\"image\":{\"@id\":\"https:\/\/web.consaguirre.com.ar\/noticias\/#\/schema\/logo\/image\/\"}},{\"@type\":\"Person\",\"@id\":\"https:\/\/web.consaguirre.com.ar\/noticias\/#\/schema\/person\/6558b0cfedee7ddc5425602b237d5722\",\"name\":\"Javier Figueroa\",\"image\":{\"@type\":\"ImageObject\",\"inLanguage\":\"es-AR\",\"@id\":\"https:\/\/web.consaguirre.com.ar\/noticias\/#\/schema\/person\/image\/\",\"url\":\"https:\/\/web.consaguirre.com.ar\/noticias\/wp-content\/uploads\/2024\/08\/Consaguirre-scaled.jpg\",\"contentUrl\":\"https:\/\/web.consaguirre.com.ar\/noticias\/wp-content\/uploads\/2024\/08\/Consaguirre-scaled.jpg\",\"caption\":\"Javier Figueroa\"},\"description\":\"Me llamo Javier Figueroa y soy redactor para el sitio oficial del Conservatorio de M\u00fasica Juli\u00e1n Aguirre en Buenos Aires, consaguirre.com. Apasionado por la m\u00fasica y la escritura, me esfuerzo por destacar los talentos y eventos de nuestra prestigiosa instituci\u00f3n. Mi trayectoria se nutre de una profunda admiraci\u00f3n por los artistas, haciendo de cada art\u00edculo una celebraci\u00f3n de la creatividad y la cultura musical.\",\"sameAs\":[\"https:\/\/web.consaguirre.com.ar\/noticias\"]}]}<\/script>\n<!-- \/ Yoast SEO plugin. -->","yoast_head_json":{"title":"El documental de Karol G llegar\u00e1 a Netflix en 2025","robots":{"index":"index","follow":"follow","max-snippet":"max-snippet:-1","max-image-preview":"max-image-preview:large","max-video-preview":"max-video-preview:-1"},"canonical":"https:\/\/web.consaguirre.com.ar\/noticias\/el-documental-de-karol-g-llegara-a-netflix-en-2025\/","og_locale":"es_ES","og_type":"article","og_title":"El documental de Karol G llegar\u00e1 a Netflix en 2025","og_description":"Un nuevo documental de Karol G llegar\u00e1 a Netflix en 2025. El proyecto estar\u00e1 dirigido por la directora y productora ganadora del premio Emmy Cristina","og_url":"https:\/\/web.consaguirre.com.ar\/noticias\/el-documental-de-karol-g-llegara-a-netflix-en-2025\/","og_site_name":"Conservatorio de M\u00fasica Juli\u00e1n Aguirre","article_published_time":"2024-12-31T20:39:14+00:00","article_modified_time":"2024-12-31T20:39:15+00:00","og_image":[{"width":1440,"height":864,"url":"https:\/\/web.consaguirre.com.ar\/noticias\/wp-content\/uploads\/2024\/12\/El-documental-de-Karol-G-llegara-a-Netflix-en-2025.jpg","type":"image\/jpeg"}],"author":"Javier Figueroa","twitter_card":"summary_large_image","twitter_misc":{"Escrito por":"Javier Figueroa","Tiempo de lectura":"2 minutos"},"schema":{"@context":"https:\/\/schema.org","@graph":[{"@type":"Article","@id":"https:\/\/web.consaguirre.com.ar\/noticias\/el-documental-de-karol-g-llegara-a-netflix-en-2025\/#article","isPartOf":{"@id":"https:\/\/web.consaguirre.com.ar\/noticias\/el-documental-de-karol-g-llegara-a-netflix-en-2025\/"},"author":{"name":"Javier Figueroa","@id":"https:\/\/web.consaguirre.com.ar\/noticias\/#\/schema\/person\/6558b0cfedee7ddc5425602b237d5722"},"headline":"El documental de Karol G llegar\u00e1 a Netflix en 2025","datePublished":"2024-12-31T20:39:14+00:00","dateModified":"2024-12-31T20:39:15+00:00","mainEntityOfPage":{"@id":"https:\/\/web.consaguirre.com.ar\/noticias\/el-documental-de-karol-g-llegara-a-netflix-en-2025\/"},"wordCount":473,"publisher":{"@id":"https:\/\/web.consaguirre.com.ar\/noticias\/#organization"},"image":{"@id":"https:\/\/web.consaguirre.com.ar\/noticias\/el-documental-de-karol-g-llegara-a-netflix-en-2025\/#primaryimage"},"thumbnailUrl":"https:\/\/web.consaguirre.com.ar\/noticias\/wp-content\/uploads\/2024\/12\/El-documental-de-Karol-G-llegara-a-Netflix-en-2025.jpg","keywords":["documental","Karol","llegar\u00e1","Netflix"],"articleSection":["El \u00faltimo"],"inLanguage":"es-AR"},{"@type":"WebPage","@id":"https:\/\/web.consaguirre.com.ar\/noticias\/el-documental-de-karol-g-llegara-a-netflix-en-2025\/","url":"https:\/\/web.consaguirre.com.ar\/noticias\/el-documental-de-karol-g-llegara-a-netflix-en-2025\/","name":"El documental de Karol G llegar\u00e1 a Netflix en 2025","isPartOf":{"@id":"https:\/\/web.consaguirre.com.ar\/noticias\/#website"},"primaryImageOfPage":{"@id":"https:\/\/web.consaguirre.com.ar\/noticias\/el-documental-de-karol-g-llegara-a-netflix-en-2025\/#primaryimage"},"image":{"@id":"https:\/\/web.consaguirre.com.ar\/noticias\/el-documental-de-karol-g-llegara-a-netflix-en-2025\/#primaryimage"},"thumbnailUrl":"https:\/\/web.consaguirre.com.ar\/noticias\/wp-content\/uploads\/2024\/12\/El-documental-de-Karol-G-llegara-a-Netflix-en-2025.jpg","datePublished":"2024-12-31T20:39:14+00:00","dateModified":"2024-12-31T20:39:15+00:00","breadcrumb":{"@id":"https:\/\/web.consaguirre.com.ar\/noticias\/el-documental-de-karol-g-llegara-a-netflix-en-2025\/#breadcrumb"},"inLanguage":"es-AR","potentialAction":[{"@type":"ReadAction","target":["https:\/\/web.consaguirre.com.ar\/noticias\/el-documental-de-karol-g-llegara-a-netflix-en-2025\/"]}]},{"@type":"ImageObject","inLanguage":"es-AR","@id":"https:\/\/web.consaguirre.com.ar\/noticias\/el-documental-de-karol-g-llegara-a-netflix-en-2025\/#primaryimage","url":"https:\/\/web.consaguirre.com.ar\/noticias\/wp-content\/uploads\/2024\/12\/El-documental-de-Karol-G-llegara-a-Netflix-en-2025.jpg","contentUrl":"https:\/\/web.consaguirre.com.ar\/noticias\/wp-content\/uploads\/2024\/12\/El-documental-de-Karol-G-llegara-a-Netflix-en-2025.jpg","width":1440,"height":864,"caption":"Karol G Documentary Netflix"},{"@type":"BreadcrumbList","@id":"https:\/\/web.consaguirre.com.ar\/noticias\/el-documental-de-karol-g-llegara-a-netflix-en-2025\/#breadcrumb","itemListElement":[{"@type":"ListItem","position":1,"name":"Inicio","item":"https:\/\/web.consaguirre.com.ar\/noticias\/"},{"@type":"ListItem","position":2,"name":"El documental de Karol G llegar\u00e1 a Netflix en 2025"}]},{"@type":"WebSite","@id":"https:\/\/web.consaguirre.com.ar\/noticias\/#website","url":"https:\/\/web.consaguirre.com.ar\/noticias\/","name":"Conservatorio de M\u00fasica Juli\u00e1n Aguirre","description":"","publisher":{"@id":"https:\/\/web.consaguirre.com.ar\/noticias\/#organization"},"potentialAction":[{"@type":"SearchAction","target":{"@type":"EntryPoint","urlTemplate":"https:\/\/web.consaguirre.com.ar\/noticias\/?s={search_term_string}"},"query-input":"required name=search_term_string"}],"inLanguage":"es-AR"},{"@type":"Organization","@id":"https:\/\/web.consaguirre.com.ar\/noticias\/#organization","name":"Conservatorio de M\u00fasica Juli\u00e1n Aguirre","url":"https:\/\/web.consaguirre.com.ar\/noticias\/","logo":{"@type":"ImageObject","inLanguage":"es-AR","@id":"https:\/\/web.consaguirre.com.ar\/noticias\/#\/schema\/logo\/image\/","url":"https:\/\/web.consaguirre.com.ar\/noticias\/wp-content\/uploads\/2024\/08\/Banner-Aguirre-23.jpg","contentUrl":"https:\/\/web.consaguirre.com.ar\/noticias\/wp-content\/uploads\/2024\/08\/Banner-Aguirre-23.jpg","width":1192,"height":600,"caption":"Conservatorio de M\u00fasica Juli\u00e1n Aguirre"},"image":{"@id":"https:\/\/web.consaguirre.com.ar\/noticias\/#\/schema\/logo\/image\/"}},{"@type":"Person","@id":"https:\/\/web.consaguirre.com.ar\/noticias\/#\/schema\/person\/6558b0cfedee7ddc5425602b237d5722","name":"Javier Figueroa","image":{"@type":"ImageObject","inLanguage":"es-AR","@id":"https:\/\/web.consaguirre.com.ar\/noticias\/#\/schema\/person\/image\/","url":"https:\/\/web.consaguirre.com.ar\/noticias\/wp-content\/uploads\/2024\/08\/Consaguirre-scaled.jpg","contentUrl":"https:\/\/web.consaguirre.com.ar\/noticias\/wp-content\/uploads\/2024\/08\/Consaguirre-scaled.jpg","caption":"Javier Figueroa"},"description":"Me llamo Javier Figueroa y soy redactor para el sitio oficial del Conservatorio de M\u00fasica Juli\u00e1n Aguirre en Buenos Aires, consaguirre.com. Apasionado por la m\u00fasica y la escritura, me esfuerzo por destacar los talentos y eventos de nuestra prestigiosa instituci\u00f3n. Mi trayectoria se nutre de una profunda admiraci\u00f3n por los artistas, haciendo de cada art\u00edculo una celebraci\u00f3n de la creatividad y la cultura musical.","sameAs":["https:\/\/web.consaguirre.com.ar\/noticias"]}]}},"_links":{"self":[{"href":"https:\/\/web.consaguirre.com.ar\/noticias\/wp-json\/wp\/v2\/posts\/1478"}],"collection":[{"href":"https:\/\/web.consaguirre.com.ar\/noticias\/wp-json\/wp\/v2\/posts"}],"about":[{"href":"https:\/\/web.consaguirre.com.ar\/noticias\/wp-json\/wp\/v2\/types\/post"}],"author":[{"embeddable":true,"href":"https:\/\/web.consaguirre.com.ar\/noticias\/wp-json\/wp\/v2\/users\/1"}],"replies":[{"embeddable":true,"href":"https:\/\/web.consaguirre.com.ar\/noticias\/wp-json\/wp\/v2\/comments?post=1478"}],"version-history":[{"count":1,"href":"https:\/\/web.consaguirre.com.ar\/noticias\/wp-json\/wp\/v2\/posts\/1478\/revisions"}],"predecessor-version":[{"id":1480,"href":"https:\/\/web.consaguirre.com.ar\/noticias\/wp-json\/wp\/v2\/posts\/1478\/revisions\/1480"}],"wp:featuredmedia":[{"embeddable":true,"href":"https:\/\/web.consaguirre.com.ar\/noticias\/wp-json\/wp\/v2\/media\/1479"}],"wp:attachment":[{"href":"https:\/\/web.consaguirre.com.ar\/noticias\/wp-json\/wp\/v2\/media?parent=1478"}],"wp:term":[{"taxonomy":"category","embeddable":true,"href":"https:\/\/web.consaguirre.com.ar\/noticias\/wp-json\/wp\/v2\/categories?post=1478"},{"taxonomy":"post_tag","embeddable":true,"href":"https:\/\/web.consaguirre.com.ar\/noticias\/wp-json\/wp\/v2\/tags?post=1478"}],"curies":[{"name":"wp","href":"https:\/\/api.w.org\/{rel}","templated":true}]}}