{"id":1475,"date":"2024-12-31T14:39:03","date_gmt":"2024-12-31T17:39:03","guid":{"rendered":"https:\/\/web.consaguirre.com.ar\/noticias\/el-documental-de-avicii-im-tim-se-estrena-en-netflix\/"},"modified":"2024-12-31T14:39:05","modified_gmt":"2024-12-31T17:39:05","slug":"el-documental-de-avicii-im-tim-se-estrena-en-netflix","status":"publish","type":"post","link":"https:\/\/web.consaguirre.com.ar\/noticias\/el-documental-de-avicii-im-tim-se-estrena-en-netflix\/","title":{"rendered":"El documental de Avicii &#8216;I&#8217;m Tim&#8217; se estrena en Netflix"},"content":{"rendered":"<p><strong>Disponible en Netflix<\/strong> A partir de hoy (31 de diciembre), un nuevo documental de Avicii deja al artista hablar por s\u00ed mismo. Noble <em>soy tim<\/em>el documental sigue al productor, compositor y DJ superestrella Tim Bergling desde su infancia y adolescencia en Estocolmo hasta la fama mundial que alcanz\u00f3 como Avicii, con la pel\u00edcula narrada por el propio Bergling.<\/p>\n<p>El director de la pel\u00edcula, Henrik Burman, dijo: \u201cCuando decid\u00ed que \u00e9l ser\u00eda quien narrar\u00eda esta historia, pens\u00e9 que tal vez as\u00ed podr\u00eda estar cerca de \u00e9l. Quiz\u00e1s as\u00ed sea como pueda conocerlo\u201d.<\/p>\n<p>Burman comenz\u00f3 a trabajar en el proyecto en 2019. <strong>poco despu\u00e9s de la muerte del artista pionero a los 28 a\u00f1os a principios de ese a\u00f1o<\/strong> &#8211; donde inicialmente plane\u00f3 hacer un programa de una hora para la Televisi\u00f3n Nacional Sueca sobre el \u00faltimo \u00e1lbum p\u00f3stumo de Avicii, de 2019. <strong><em>Timo<\/em><\/strong>. Burman, m\u00fasico y periodista musical en Suecia, hab\u00eda completado el documental de Yung Lean de 2020. <em>Yung Lean: En mi cabeza<\/em> y estaba listo para emprender otro proyecto relacionado con la m\u00fasica.<\/p>\n<p>Trabajando con la bendici\u00f3n de los padres de Bergling, Burman tuvo acceso completo a los extensos archivos de Avicii. Encontr\u00f3 horas de entrevistas con el productor realizadas durante diferentes per\u00edodos de su carrera, incluidas algunas en la \u00faltima parte de su vida, cuando pudo reflexionar sobre c\u00f3mo dej\u00f3 las giras en 2016, sus problemas con el abuso de alcohol, su enfoque para hacer m\u00fasica y m\u00e1s.<\/p>\n<p>El documental de Avicii tambi\u00e9n presenta una gran cantidad de material de estudio, destacando el enfoque de Bergling para hacer m\u00fasica y su don especial con la melod\u00eda. Puedes ver el avance oficial a continuaci\u00f3n.<\/p>\n<div class=\"uD-YT-container\"><img decoding=\"async\" src=\"https:\/\/web.consaguirre.com.ar\/noticias\/wp-content\/uploads\/2024\/12\/1735666743_829_El-documental-de-Avicii-Im-Tim-se-estrena-en-Netflix.jpg\" alt=\"V\u00eddeo de YouTube\"><br \/>Haga clic para cargar v\u00eddeo<\/div>\n<p>&#8220;Hubo momentos en estas entrevistas en los que dec\u00eda: &#8216;Esto realmente me describe como persona, as\u00ed que si alguna vez se hace un documental sobre m\u00ed, deber\u00edas usarlo para contar la historia'&#8221;, dice Burman sobre los momentos que descubri\u00f3 en medio de las im\u00e1genes de archivo. \u201cDec\u00eda cosas como: &#8216;Si hay un documental, tenemos que hablar sobre el alcohol; Necesitamos hablar de las cosas malas de mi vida.&#8217; He estado buscando pistas como esta: he escuchado a Tim durante horas y horas tratando de entenderlo y armar el rompecabezas de qui\u00e9n era \u00e9l como persona y qui\u00e9n era Avicii como este incre\u00edble artista\u201d.<\/p>\n<p>Burman y su peque\u00f1o equipo desde Estocolmo viajaron entre Estados Unidos y Europa para entrevistar a muchas de las figuras clave en la vida y carrera de Bergling.<em> soy tim<\/em> presenta a Neil Jacobson, quien fue A&#038;R de Avicii mientras era presidente de Geffen Records; Aloe Blacc y Dan Tyminski, quienes trabajaron en el \u00e1lbum crossover country de Avicii de 2013, True; Per Sundin, quien firm\u00f3 los exitosos temas de Avicii \u201cSeek Bromance\u201d y \u201cLevels\u201d para Universal Music Suecia; Ash Pournouri, el gerente que articul\u00f3 el ascenso de Avicii; su compa\u00f1ero pilar de EDM David Guetta; Nilo Rodgers; Chris Martin de Coldplay, que trabaj\u00f3 con Avicii en m\u00fasica que incluye el \u00e9xito de 2014 \u201cSky Full of Stars\u201d; su viejo amigo y colaborador Filip \u201cPhilgood\u201d \u00c5kesson; amigo cercano Jesse Waits; y los padres de Bergling, Anki Lid\u00e9n y Klas Bergling.<\/p>\n<p>El \u00faltimo documental de 90 minutos de Avicii se estren\u00f3 en el Festival de Cine de Tribeca en junio y est\u00e1 nominado al premio Guldbagge, el premio cinematogr\u00e1fico sueco m\u00e1s importante, por su edici\u00f3n.<\/p>\n<p><em>soy tim<\/em> est\u00e1 absolutamente repleto de m\u00fasica de Avicii, y el documental se lanzar\u00e1 junto con \u201cMy Last Show\u201d, una pel\u00edcula de 30 minutos del \u00faltimo show en vivo de Avicii en Ushua\u00efa Ibiza el 28 de agosto de 2016 que est\u00e1 destinada a funcionar como pieza complementaria. &#8220;Cuando ves esta pel\u00edcula, tambi\u00e9n quieres sentir qui\u00e9n era Avicii en el escenario&#8221;, dice Burman. &#8220;Es su \u00faltimo espect\u00e1culo, pero hay una sensaci\u00f3n de felicidad a su alrededor&#8221;.<\/p>\n<p>.<\/p>\n","protected":false},"excerpt":{"rendered":"<p>Disponible en Netflix A partir de hoy (31 de diciembre), un nuevo documental de Avicii deja al artista hablar por s\u00ed mismo. Noble soy timel<\/p>\n","protected":false},"author":1,"featured_media":1476,"comment_status":"closed","ping_status":"","sticky":false,"template":"","format":"standard","meta":{"footnotes":""},"categories":[50],"tags":[1244,419,428,737,1245],"class_list":["post-1475","post","type-post","status-publish","format-standard","has-post-thumbnail","hentry","category-el-ultimo","tag-avicii","tag-documental","tag-estrena","tag-netflix","tag-tim","generate-columns","tablet-grid-50","mobile-grid-100","grid-parent","grid-50"],"yoast_head":"<!-- This site is optimized with the Yoast SEO plugin v23.3 - https:\/\/yoast.com\/wordpress\/plugins\/seo\/ -->\n<title>El documental de Avicii &#039;I&#039;m Tim&#039; se estrena en Netflix<\/title>\n<meta name=\"robots\" content=\"index, follow, max-snippet:-1, max-image-preview:large, max-video-preview:-1\" \/>\n<link rel=\"canonical\" href=\"https:\/\/web.consaguirre.com.ar\/noticias\/el-documental-de-avicii-im-tim-se-estrena-en-netflix\/\" \/>\n<meta property=\"og:locale\" content=\"es_ES\" \/>\n<meta property=\"og:type\" content=\"article\" \/>\n<meta property=\"og:title\" content=\"El documental de Avicii &#039;I&#039;m Tim&#039; se estrena en Netflix\" \/>\n<meta property=\"og:description\" content=\"Disponible en Netflix A partir de hoy (31 de diciembre), un nuevo documental de Avicii deja al artista hablar por s\u00ed mismo. Noble soy timel\" \/>\n<meta property=\"og:url\" content=\"https:\/\/web.consaguirre.com.ar\/noticias\/el-documental-de-avicii-im-tim-se-estrena-en-netflix\/\" \/>\n<meta property=\"og:site_name\" content=\"Conservatorio de M\u00fasica Juli\u00e1n Aguirre\" \/>\n<meta property=\"article:published_time\" content=\"2024-12-31T17:39:03+00:00\" \/>\n<meta property=\"article:modified_time\" content=\"2024-12-31T17:39:05+00:00\" \/>\n<meta property=\"og:image\" content=\"https:\/\/web.consaguirre.com.ar\/noticias\/wp-content\/uploads\/2024\/12\/El-documental-de-Avicii-Im-Tim-se-estrena-en-Netflix.jpg\" \/>\n\t<meta property=\"og:image:width\" content=\"1440\" \/>\n\t<meta property=\"og:image:height\" content=\"864\" \/>\n\t<meta property=\"og:image:type\" content=\"image\/jpeg\" \/>\n<meta name=\"author\" content=\"Javier Figueroa\" \/>\n<meta name=\"twitter:card\" content=\"summary_large_image\" \/>\n<meta name=\"twitter:label1\" content=\"Escrito por\" \/>\n\t<meta name=\"twitter:data1\" content=\"Javier Figueroa\" \/>\n\t<meta name=\"twitter:label2\" content=\"Tiempo de lectura\" \/>\n\t<meta name=\"twitter:data2\" content=\"3 minutos\" \/>\n<script type=\"application\/ld+json\" class=\"yoast-schema-graph\">{\"@context\":\"https:\/\/schema.org\",\"@graph\":[{\"@type\":\"Article\",\"@id\":\"https:\/\/web.consaguirre.com.ar\/noticias\/el-documental-de-avicii-im-tim-se-estrena-en-netflix\/#article\",\"isPartOf\":{\"@id\":\"https:\/\/web.consaguirre.com.ar\/noticias\/el-documental-de-avicii-im-tim-se-estrena-en-netflix\/\"},\"author\":{\"name\":\"Javier Figueroa\",\"@id\":\"https:\/\/web.consaguirre.com.ar\/noticias\/#\/schema\/person\/6558b0cfedee7ddc5425602b237d5722\"},\"headline\":\"El documental de Avicii &#8216;I&#8217;m Tim&#8217; se estrena en Netflix\",\"datePublished\":\"2024-12-31T17:39:03+00:00\",\"dateModified\":\"2024-12-31T17:39:05+00:00\",\"mainEntityOfPage\":{\"@id\":\"https:\/\/web.consaguirre.com.ar\/noticias\/el-documental-de-avicii-im-tim-se-estrena-en-netflix\/\"},\"wordCount\":679,\"publisher\":{\"@id\":\"https:\/\/web.consaguirre.com.ar\/noticias\/#organization\"},\"image\":{\"@id\":\"https:\/\/web.consaguirre.com.ar\/noticias\/el-documental-de-avicii-im-tim-se-estrena-en-netflix\/#primaryimage\"},\"thumbnailUrl\":\"https:\/\/web.consaguirre.com.ar\/noticias\/wp-content\/uploads\/2024\/12\/El-documental-de-Avicii-Im-Tim-se-estrena-en-Netflix.jpg\",\"keywords\":[\"Avicii\",\"documental\",\"estrena\",\"Netflix\",\"Tim\"],\"articleSection\":[\"El \u00faltimo\"],\"inLanguage\":\"es-AR\"},{\"@type\":\"WebPage\",\"@id\":\"https:\/\/web.consaguirre.com.ar\/noticias\/el-documental-de-avicii-im-tim-se-estrena-en-netflix\/\",\"url\":\"https:\/\/web.consaguirre.com.ar\/noticias\/el-documental-de-avicii-im-tim-se-estrena-en-netflix\/\",\"name\":\"El documental de Avicii 'I'm Tim' se estrena en Netflix\",\"isPartOf\":{\"@id\":\"https:\/\/web.consaguirre.com.ar\/noticias\/#website\"},\"primaryImageOfPage\":{\"@id\":\"https:\/\/web.consaguirre.com.ar\/noticias\/el-documental-de-avicii-im-tim-se-estrena-en-netflix\/#primaryimage\"},\"image\":{\"@id\":\"https:\/\/web.consaguirre.com.ar\/noticias\/el-documental-de-avicii-im-tim-se-estrena-en-netflix\/#primaryimage\"},\"thumbnailUrl\":\"https:\/\/web.consaguirre.com.ar\/noticias\/wp-content\/uploads\/2024\/12\/El-documental-de-Avicii-Im-Tim-se-estrena-en-Netflix.jpg\",\"datePublished\":\"2024-12-31T17:39:03+00:00\",\"dateModified\":\"2024-12-31T17:39:05+00:00\",\"breadcrumb\":{\"@id\":\"https:\/\/web.consaguirre.com.ar\/noticias\/el-documental-de-avicii-im-tim-se-estrena-en-netflix\/#breadcrumb\"},\"inLanguage\":\"es-AR\",\"potentialAction\":[{\"@type\":\"ReadAction\",\"target\":[\"https:\/\/web.consaguirre.com.ar\/noticias\/el-documental-de-avicii-im-tim-se-estrena-en-netflix\/\"]}]},{\"@type\":\"ImageObject\",\"inLanguage\":\"es-AR\",\"@id\":\"https:\/\/web.consaguirre.com.ar\/noticias\/el-documental-de-avicii-im-tim-se-estrena-en-netflix\/#primaryimage\",\"url\":\"https:\/\/web.consaguirre.com.ar\/noticias\/wp-content\/uploads\/2024\/12\/El-documental-de-Avicii-Im-Tim-se-estrena-en-Netflix.jpg\",\"contentUrl\":\"https:\/\/web.consaguirre.com.ar\/noticias\/wp-content\/uploads\/2024\/12\/El-documental-de-Avicii-Im-Tim-se-estrena-en-Netflix.jpg\",\"width\":1440,\"height\":864,\"caption\":\"Avicii-Documentary-Netflix-Premiere\"},{\"@type\":\"BreadcrumbList\",\"@id\":\"https:\/\/web.consaguirre.com.ar\/noticias\/el-documental-de-avicii-im-tim-se-estrena-en-netflix\/#breadcrumb\",\"itemListElement\":[{\"@type\":\"ListItem\",\"position\":1,\"name\":\"Inicio\",\"item\":\"https:\/\/web.consaguirre.com.ar\/noticias\/\"},{\"@type\":\"ListItem\",\"position\":2,\"name\":\"El documental de Avicii &#8216;I&#8217;m Tim&#8217; se estrena en Netflix\"}]},{\"@type\":\"WebSite\",\"@id\":\"https:\/\/web.consaguirre.com.ar\/noticias\/#website\",\"url\":\"https:\/\/web.consaguirre.com.ar\/noticias\/\",\"name\":\"Conservatorio de M\u00fasica Juli\u00e1n Aguirre\",\"description\":\"\",\"publisher\":{\"@id\":\"https:\/\/web.consaguirre.com.ar\/noticias\/#organization\"},\"potentialAction\":[{\"@type\":\"SearchAction\",\"target\":{\"@type\":\"EntryPoint\",\"urlTemplate\":\"https:\/\/web.consaguirre.com.ar\/noticias\/?s={search_term_string}\"},\"query-input\":\"required name=search_term_string\"}],\"inLanguage\":\"es-AR\"},{\"@type\":\"Organization\",\"@id\":\"https:\/\/web.consaguirre.com.ar\/noticias\/#organization\",\"name\":\"Conservatorio de M\u00fasica Juli\u00e1n Aguirre\",\"url\":\"https:\/\/web.consaguirre.com.ar\/noticias\/\",\"logo\":{\"@type\":\"ImageObject\",\"inLanguage\":\"es-AR\",\"@id\":\"https:\/\/web.consaguirre.com.ar\/noticias\/#\/schema\/logo\/image\/\",\"url\":\"https:\/\/web.consaguirre.com.ar\/noticias\/wp-content\/uploads\/2024\/08\/Banner-Aguirre-23.jpg\",\"contentUrl\":\"https:\/\/web.consaguirre.com.ar\/noticias\/wp-content\/uploads\/2024\/08\/Banner-Aguirre-23.jpg\",\"width\":1192,\"height\":600,\"caption\":\"Conservatorio de M\u00fasica Juli\u00e1n Aguirre\"},\"image\":{\"@id\":\"https:\/\/web.consaguirre.com.ar\/noticias\/#\/schema\/logo\/image\/\"}},{\"@type\":\"Person\",\"@id\":\"https:\/\/web.consaguirre.com.ar\/noticias\/#\/schema\/person\/6558b0cfedee7ddc5425602b237d5722\",\"name\":\"Javier Figueroa\",\"image\":{\"@type\":\"ImageObject\",\"inLanguage\":\"es-AR\",\"@id\":\"https:\/\/web.consaguirre.com.ar\/noticias\/#\/schema\/person\/image\/\",\"url\":\"https:\/\/web.consaguirre.com.ar\/noticias\/wp-content\/uploads\/2024\/08\/Consaguirre-scaled.jpg\",\"contentUrl\":\"https:\/\/web.consaguirre.com.ar\/noticias\/wp-content\/uploads\/2024\/08\/Consaguirre-scaled.jpg\",\"caption\":\"Javier Figueroa\"},\"description\":\"Me llamo Javier Figueroa y soy redactor para el sitio oficial del Conservatorio de M\u00fasica Juli\u00e1n Aguirre en Buenos Aires, consaguirre.com. Apasionado por la m\u00fasica y la escritura, me esfuerzo por destacar los talentos y eventos de nuestra prestigiosa instituci\u00f3n. Mi trayectoria se nutre de una profunda admiraci\u00f3n por los artistas, haciendo de cada art\u00edculo una celebraci\u00f3n de la creatividad y la cultura musical.\",\"sameAs\":[\"https:\/\/web.consaguirre.com.ar\/noticias\"]}]}<\/script>\n<!-- \/ Yoast SEO plugin. -->","yoast_head_json":{"title":"El documental de Avicii 'I'm Tim' se estrena en Netflix","robots":{"index":"index","follow":"follow","max-snippet":"max-snippet:-1","max-image-preview":"max-image-preview:large","max-video-preview":"max-video-preview:-1"},"canonical":"https:\/\/web.consaguirre.com.ar\/noticias\/el-documental-de-avicii-im-tim-se-estrena-en-netflix\/","og_locale":"es_ES","og_type":"article","og_title":"El documental de Avicii 'I'm Tim' se estrena en Netflix","og_description":"Disponible en Netflix A partir de hoy (31 de diciembre), un nuevo documental de Avicii deja al artista hablar por s\u00ed mismo. Noble soy timel","og_url":"https:\/\/web.consaguirre.com.ar\/noticias\/el-documental-de-avicii-im-tim-se-estrena-en-netflix\/","og_site_name":"Conservatorio de M\u00fasica Juli\u00e1n Aguirre","article_published_time":"2024-12-31T17:39:03+00:00","article_modified_time":"2024-12-31T17:39:05+00:00","og_image":[{"width":1440,"height":864,"url":"https:\/\/web.consaguirre.com.ar\/noticias\/wp-content\/uploads\/2024\/12\/El-documental-de-Avicii-Im-Tim-se-estrena-en-Netflix.jpg","type":"image\/jpeg"}],"author":"Javier Figueroa","twitter_card":"summary_large_image","twitter_misc":{"Escrito por":"Javier Figueroa","Tiempo de lectura":"3 minutos"},"schema":{"@context":"https:\/\/schema.org","@graph":[{"@type":"Article","@id":"https:\/\/web.consaguirre.com.ar\/noticias\/el-documental-de-avicii-im-tim-se-estrena-en-netflix\/#article","isPartOf":{"@id":"https:\/\/web.consaguirre.com.ar\/noticias\/el-documental-de-avicii-im-tim-se-estrena-en-netflix\/"},"author":{"name":"Javier Figueroa","@id":"https:\/\/web.consaguirre.com.ar\/noticias\/#\/schema\/person\/6558b0cfedee7ddc5425602b237d5722"},"headline":"El documental de Avicii &#8216;I&#8217;m Tim&#8217; se estrena en Netflix","datePublished":"2024-12-31T17:39:03+00:00","dateModified":"2024-12-31T17:39:05+00:00","mainEntityOfPage":{"@id":"https:\/\/web.consaguirre.com.ar\/noticias\/el-documental-de-avicii-im-tim-se-estrena-en-netflix\/"},"wordCount":679,"publisher":{"@id":"https:\/\/web.consaguirre.com.ar\/noticias\/#organization"},"image":{"@id":"https:\/\/web.consaguirre.com.ar\/noticias\/el-documental-de-avicii-im-tim-se-estrena-en-netflix\/#primaryimage"},"thumbnailUrl":"https:\/\/web.consaguirre.com.ar\/noticias\/wp-content\/uploads\/2024\/12\/El-documental-de-Avicii-Im-Tim-se-estrena-en-Netflix.jpg","keywords":["Avicii","documental","estrena","Netflix","Tim"],"articleSection":["El \u00faltimo"],"inLanguage":"es-AR"},{"@type":"WebPage","@id":"https:\/\/web.consaguirre.com.ar\/noticias\/el-documental-de-avicii-im-tim-se-estrena-en-netflix\/","url":"https:\/\/web.consaguirre.com.ar\/noticias\/el-documental-de-avicii-im-tim-se-estrena-en-netflix\/","name":"El documental de Avicii 'I'm Tim' se estrena en Netflix","isPartOf":{"@id":"https:\/\/web.consaguirre.com.ar\/noticias\/#website"},"primaryImageOfPage":{"@id":"https:\/\/web.consaguirre.com.ar\/noticias\/el-documental-de-avicii-im-tim-se-estrena-en-netflix\/#primaryimage"},"image":{"@id":"https:\/\/web.consaguirre.com.ar\/noticias\/el-documental-de-avicii-im-tim-se-estrena-en-netflix\/#primaryimage"},"thumbnailUrl":"https:\/\/web.consaguirre.com.ar\/noticias\/wp-content\/uploads\/2024\/12\/El-documental-de-Avicii-Im-Tim-se-estrena-en-Netflix.jpg","datePublished":"2024-12-31T17:39:03+00:00","dateModified":"2024-12-31T17:39:05+00:00","breadcrumb":{"@id":"https:\/\/web.consaguirre.com.ar\/noticias\/el-documental-de-avicii-im-tim-se-estrena-en-netflix\/#breadcrumb"},"inLanguage":"es-AR","potentialAction":[{"@type":"ReadAction","target":["https:\/\/web.consaguirre.com.ar\/noticias\/el-documental-de-avicii-im-tim-se-estrena-en-netflix\/"]}]},{"@type":"ImageObject","inLanguage":"es-AR","@id":"https:\/\/web.consaguirre.com.ar\/noticias\/el-documental-de-avicii-im-tim-se-estrena-en-netflix\/#primaryimage","url":"https:\/\/web.consaguirre.com.ar\/noticias\/wp-content\/uploads\/2024\/12\/El-documental-de-Avicii-Im-Tim-se-estrena-en-Netflix.jpg","contentUrl":"https:\/\/web.consaguirre.com.ar\/noticias\/wp-content\/uploads\/2024\/12\/El-documental-de-Avicii-Im-Tim-se-estrena-en-Netflix.jpg","width":1440,"height":864,"caption":"Avicii-Documentary-Netflix-Premiere"},{"@type":"BreadcrumbList","@id":"https:\/\/web.consaguirre.com.ar\/noticias\/el-documental-de-avicii-im-tim-se-estrena-en-netflix\/#breadcrumb","itemListElement":[{"@type":"ListItem","position":1,"name":"Inicio","item":"https:\/\/web.consaguirre.com.ar\/noticias\/"},{"@type":"ListItem","position":2,"name":"El documental de Avicii &#8216;I&#8217;m Tim&#8217; se estrena en Netflix"}]},{"@type":"WebSite","@id":"https:\/\/web.consaguirre.com.ar\/noticias\/#website","url":"https:\/\/web.consaguirre.com.ar\/noticias\/","name":"Conservatorio de M\u00fasica Juli\u00e1n Aguirre","description":"","publisher":{"@id":"https:\/\/web.consaguirre.com.ar\/noticias\/#organization"},"potentialAction":[{"@type":"SearchAction","target":{"@type":"EntryPoint","urlTemplate":"https:\/\/web.consaguirre.com.ar\/noticias\/?s={search_term_string}"},"query-input":"required name=search_term_string"}],"inLanguage":"es-AR"},{"@type":"Organization","@id":"https:\/\/web.consaguirre.com.ar\/noticias\/#organization","name":"Conservatorio de M\u00fasica Juli\u00e1n Aguirre","url":"https:\/\/web.consaguirre.com.ar\/noticias\/","logo":{"@type":"ImageObject","inLanguage":"es-AR","@id":"https:\/\/web.consaguirre.com.ar\/noticias\/#\/schema\/logo\/image\/","url":"https:\/\/web.consaguirre.com.ar\/noticias\/wp-content\/uploads\/2024\/08\/Banner-Aguirre-23.jpg","contentUrl":"https:\/\/web.consaguirre.com.ar\/noticias\/wp-content\/uploads\/2024\/08\/Banner-Aguirre-23.jpg","width":1192,"height":600,"caption":"Conservatorio de M\u00fasica Juli\u00e1n Aguirre"},"image":{"@id":"https:\/\/web.consaguirre.com.ar\/noticias\/#\/schema\/logo\/image\/"}},{"@type":"Person","@id":"https:\/\/web.consaguirre.com.ar\/noticias\/#\/schema\/person\/6558b0cfedee7ddc5425602b237d5722","name":"Javier Figueroa","image":{"@type":"ImageObject","inLanguage":"es-AR","@id":"https:\/\/web.consaguirre.com.ar\/noticias\/#\/schema\/person\/image\/","url":"https:\/\/web.consaguirre.com.ar\/noticias\/wp-content\/uploads\/2024\/08\/Consaguirre-scaled.jpg","contentUrl":"https:\/\/web.consaguirre.com.ar\/noticias\/wp-content\/uploads\/2024\/08\/Consaguirre-scaled.jpg","caption":"Javier Figueroa"},"description":"Me llamo Javier Figueroa y soy redactor para el sitio oficial del Conservatorio de M\u00fasica Juli\u00e1n Aguirre en Buenos Aires, consaguirre.com. Apasionado por la m\u00fasica y la escritura, me esfuerzo por destacar los talentos y eventos de nuestra prestigiosa instituci\u00f3n. Mi trayectoria se nutre de una profunda admiraci\u00f3n por los artistas, haciendo de cada art\u00edculo una celebraci\u00f3n de la creatividad y la cultura musical.","sameAs":["https:\/\/web.consaguirre.com.ar\/noticias"]}]}},"_links":{"self":[{"href":"https:\/\/web.consaguirre.com.ar\/noticias\/wp-json\/wp\/v2\/posts\/1475"}],"collection":[{"href":"https:\/\/web.consaguirre.com.ar\/noticias\/wp-json\/wp\/v2\/posts"}],"about":[{"href":"https:\/\/web.consaguirre.com.ar\/noticias\/wp-json\/wp\/v2\/types\/post"}],"author":[{"embeddable":true,"href":"https:\/\/web.consaguirre.com.ar\/noticias\/wp-json\/wp\/v2\/users\/1"}],"replies":[{"embeddable":true,"href":"https:\/\/web.consaguirre.com.ar\/noticias\/wp-json\/wp\/v2\/comments?post=1475"}],"version-history":[{"count":1,"href":"https:\/\/web.consaguirre.com.ar\/noticias\/wp-json\/wp\/v2\/posts\/1475\/revisions"}],"predecessor-version":[{"id":1477,"href":"https:\/\/web.consaguirre.com.ar\/noticias\/wp-json\/wp\/v2\/posts\/1475\/revisions\/1477"}],"wp:featuredmedia":[{"embeddable":true,"href":"https:\/\/web.consaguirre.com.ar\/noticias\/wp-json\/wp\/v2\/media\/1476"}],"wp:attachment":[{"href":"https:\/\/web.consaguirre.com.ar\/noticias\/wp-json\/wp\/v2\/media?parent=1475"}],"wp:term":[{"taxonomy":"category","embeddable":true,"href":"https:\/\/web.consaguirre.com.ar\/noticias\/wp-json\/wp\/v2\/categories?post=1475"},{"taxonomy":"post_tag","embeddable":true,"href":"https:\/\/web.consaguirre.com.ar\/noticias\/wp-json\/wp\/v2\/tags?post=1475"}],"curies":[{"name":"wp","href":"https:\/\/api.w.org\/{rel}","templated":true}]}}