{"id":1466,"date":"2024-12-30T14:43:29","date_gmt":"2024-12-30T17:43:29","guid":{"rendered":"https:\/\/web.consaguirre.com.ar\/noticias\/dos-albumes-clasicos-de-jimmy-smith-regresan-al-vinilo\/"},"modified":"2024-12-30T14:43:30","modified_gmt":"2024-12-30T17:43:30","slug":"dos-albumes-clasicos-de-jimmy-smith-regresan-al-vinilo","status":"publish","type":"post","link":"https:\/\/web.consaguirre.com.ar\/noticias\/dos-albumes-clasicos-de-jimmy-smith-regresan-al-vinilo\/","title":{"rendered":"Dos \u00e1lbumes cl\u00e1sicos de Jimmy Smith regresan al vinilo"},"content":{"rendered":"<p>Dos \u00e1lbumes cl\u00e1sicos de <strong>organista de jazz ic\u00f3nico<\/strong> Jimmy Smith regresa al vinilo a trav\u00e9s de la serie Acoustic Sounds de Verve.<\/p>\n<p>Primero es <strong><em>el gato<\/em><\/strong>un lanzamiento notable que alcanz\u00f3 el puesto 12 en el Billboard 200. Lanzado el 14 de septiembre de 1964, el \u00e1lbum est\u00e1 lleno de la interpretaci\u00f3n consumada de Hammond B3, adem\u00e1s de los arreglos de Lalo Schifrin para big band. \u201cBasin Street Blues\u201d personifica la sofisticaci\u00f3n de la d\u00e9cada de 1960, mientras que \u201cDelon&#8217;s Blues\u201d, apropiadamente genial, est\u00e1 dedicado al actor franc\u00e9s Alain Delon, con quien Smith se hab\u00eda hecho amigo durante una gira por Europa en 1963.<\/p>\n<p>La canci\u00f3n principal tambi\u00e9n lleg\u00f3 a los niveles m\u00e1s bajos del Hot 100. Y sigue siendo influyente: la canci\u00f3n principal del \u00e1lbum fue muestreada tanto por Pizzicato 5 en \u201cTwiggy Twiggy\u201d como en \u201cPerpetual Dawn (Ultrabass 2)\u201d de The Orb.<\/p>\n<p>Ahora tambi\u00e9n regresa en vinilo, <em>Arraigar<\/em> fue el \u00e1lbum en vivo de 1972 de la leyenda del jazz Hammond B-3 para Verve. Grabado en Los \u00c1ngeles en 1972, cuenta con una banda joven que estaba muy influenciada por la escena funk y rock de la \u00e9poca. La canci\u00f3n que da t\u00edtulo al \u00e1lbum fue famosamente sampleada por el <strong>Chicos Bestia<\/strong> para su grabaci\u00f3n de 1995 del mismo nombre.<\/p>\n<div class=\"uD-YT-container\"><img decoding=\"async\" src=\"https:\/\/web.consaguirre.com.ar\/noticias\/wp-content\/uploads\/2024\/12\/1735580609_688_Dos-albumes-clasicos-de-Jimmy-Smith-regresan-al-vinilo.jpg\" alt=\"V\u00eddeo de YouTube\"><br \/>Haga clic para cargar v\u00eddeo<\/div>\n<p><em>Arraigar<\/em> Tambi\u00e9n ha sido ampliamente elogiado por la cr\u00edtica. <em>Toda la m\u00fasica<\/em> dijo \u201c\u2026 el \u00e1lbum captura una actuaci\u00f3n que Smith dio con una banda de apoyo relativamente joven que estaba claramente influenciada por el funk y el rock modernos. Empujan a Smith a tocar ritmos bajos que realmente cocinan: \u201cSagg Shootin&#8217; His Arrow\u201d y \u201cRoot Down (And Get It)\u201d se encuentran entre los temas m\u00e1s candentes que jam\u00e1s haya grabado&#8230; Hay momentos en los que el ritmo se ralentiza, pero la tensi\u00f3n nunca se hunde y el resultado es uno de los mejores y m\u00e1s emocionantes discos del cat\u00e1logo de Smith. Si crees que lo sabes todo sobre Jimmy Smith, este es el \u00e1lbum para ti\u201d.<\/p>\n<p>Ambos <em>el gato<\/em> y <em>Arraigar<\/em> ya est\u00e1n disponibles a trav\u00e9s de Verve <strong>Serie Sonidos Ac\u00fasticos<\/strong>. Todos los lanzamientos de la serie son versiones definitivas para audi\u00f3filos de grabaciones de jazz cl\u00e1sico masterizadas por Ryan K. Smith en Sterling Sound a partir de las cintas anal\u00f3gicas originales y lanzadas en ediciones remasterizadas de vinilo de 180 gramos en un empaque plegable de lujo.<\/p>\n<p><strong>Compra las ediciones en vinilo de Acoustic Sounds de <em>el gato<\/em> y <em>Arraigar<\/em><\/strong>.<\/p>\n","protected":false},"excerpt":{"rendered":"<p>Dos \u00e1lbumes cl\u00e1sicos de organista de jazz ic\u00f3nico Jimmy Smith regresa al vinilo a trav\u00e9s de la serie Acoustic Sounds de Verve. Primero es el<\/p>\n","protected":false},"author":1,"featured_media":1467,"comment_status":"closed","ping_status":"","sticky":false,"template":"","format":"standard","meta":{"footnotes":""},"categories":[50],"tags":[205,280,103,566,1542,520,87],"class_list":["post-1466","post","type-post","status-publish","format-standard","has-post-thumbnail","hentry","category-el-ultimo","tag-albumes","tag-clasicos","tag-dos","tag-jimmy","tag-regresan","tag-smith","tag-vinilo","generate-columns","tablet-grid-50","mobile-grid-100","grid-parent","grid-50"],"yoast_head":"<!-- This site is optimized with the Yoast SEO plugin v23.3 - https:\/\/yoast.com\/wordpress\/plugins\/seo\/ -->\n<title>Dos \u00e1lbumes cl\u00e1sicos de Jimmy Smith regresan al vinilo<\/title>\n<meta name=\"robots\" content=\"index, follow, max-snippet:-1, max-image-preview:large, max-video-preview:-1\" \/>\n<link rel=\"canonical\" href=\"https:\/\/web.consaguirre.com.ar\/noticias\/dos-albumes-clasicos-de-jimmy-smith-regresan-al-vinilo\/\" \/>\n<meta property=\"og:locale\" content=\"es_ES\" \/>\n<meta property=\"og:type\" content=\"article\" \/>\n<meta property=\"og:title\" content=\"Dos \u00e1lbumes cl\u00e1sicos de Jimmy Smith regresan al vinilo\" \/>\n<meta property=\"og:description\" content=\"Dos \u00e1lbumes cl\u00e1sicos de organista de jazz ic\u00f3nico Jimmy Smith regresa al vinilo a trav\u00e9s de la serie Acoustic Sounds de Verve. Primero es el\" \/>\n<meta property=\"og:url\" content=\"https:\/\/web.consaguirre.com.ar\/noticias\/dos-albumes-clasicos-de-jimmy-smith-regresan-al-vinilo\/\" \/>\n<meta property=\"og:site_name\" content=\"Conservatorio de M\u00fasica Juli\u00e1n Aguirre\" \/>\n<meta property=\"article:published_time\" content=\"2024-12-30T17:43:29+00:00\" \/>\n<meta property=\"article:modified_time\" content=\"2024-12-30T17:43:30+00:00\" \/>\n<meta property=\"og:image\" content=\"https:\/\/web.consaguirre.com.ar\/noticias\/wp-content\/uploads\/2024\/12\/Dos-albumes-clasicos-de-Jimmy-Smith-regresan-al-vinilo.jpg\" \/>\n\t<meta property=\"og:image:width\" content=\"1440\" \/>\n\t<meta property=\"og:image:height\" content=\"864\" \/>\n\t<meta property=\"og:image:type\" content=\"image\/jpeg\" \/>\n<meta name=\"author\" content=\"Javier Figueroa\" \/>\n<meta name=\"twitter:card\" content=\"summary_large_image\" \/>\n<meta name=\"twitter:label1\" content=\"Escrito por\" \/>\n\t<meta name=\"twitter:data1\" content=\"Javier Figueroa\" \/>\n\t<meta name=\"twitter:label2\" content=\"Tiempo de lectura\" \/>\n\t<meta name=\"twitter:data2\" content=\"2 minutos\" \/>\n<script type=\"application\/ld+json\" class=\"yoast-schema-graph\">{\"@context\":\"https:\/\/schema.org\",\"@graph\":[{\"@type\":\"Article\",\"@id\":\"https:\/\/web.consaguirre.com.ar\/noticias\/dos-albumes-clasicos-de-jimmy-smith-regresan-al-vinilo\/#article\",\"isPartOf\":{\"@id\":\"https:\/\/web.consaguirre.com.ar\/noticias\/dos-albumes-clasicos-de-jimmy-smith-regresan-al-vinilo\/\"},\"author\":{\"name\":\"Javier Figueroa\",\"@id\":\"https:\/\/web.consaguirre.com.ar\/noticias\/#\/schema\/person\/6558b0cfedee7ddc5425602b237d5722\"},\"headline\":\"Dos \u00e1lbumes cl\u00e1sicos de Jimmy Smith regresan al vinilo\",\"datePublished\":\"2024-12-30T17:43:29+00:00\",\"dateModified\":\"2024-12-30T17:43:30+00:00\",\"mainEntityOfPage\":{\"@id\":\"https:\/\/web.consaguirre.com.ar\/noticias\/dos-albumes-clasicos-de-jimmy-smith-regresan-al-vinilo\/\"},\"wordCount\":439,\"publisher\":{\"@id\":\"https:\/\/web.consaguirre.com.ar\/noticias\/#organization\"},\"image\":{\"@id\":\"https:\/\/web.consaguirre.com.ar\/noticias\/dos-albumes-clasicos-de-jimmy-smith-regresan-al-vinilo\/#primaryimage\"},\"thumbnailUrl\":\"https:\/\/web.consaguirre.com.ar\/noticias\/wp-content\/uploads\/2024\/12\/Dos-albumes-clasicos-de-Jimmy-Smith-regresan-al-vinilo.jpg\",\"keywords\":[\"\u00e1lbumes\",\"cl\u00e1sicos\",\"dos\",\"Jimmy\",\"regresan\",\"Smith\",\"vinilo\"],\"articleSection\":[\"El \u00faltimo\"],\"inLanguage\":\"es-AR\"},{\"@type\":\"WebPage\",\"@id\":\"https:\/\/web.consaguirre.com.ar\/noticias\/dos-albumes-clasicos-de-jimmy-smith-regresan-al-vinilo\/\",\"url\":\"https:\/\/web.consaguirre.com.ar\/noticias\/dos-albumes-clasicos-de-jimmy-smith-regresan-al-vinilo\/\",\"name\":\"Dos \u00e1lbumes cl\u00e1sicos de Jimmy Smith regresan al vinilo\",\"isPartOf\":{\"@id\":\"https:\/\/web.consaguirre.com.ar\/noticias\/#website\"},\"primaryImageOfPage\":{\"@id\":\"https:\/\/web.consaguirre.com.ar\/noticias\/dos-albumes-clasicos-de-jimmy-smith-regresan-al-vinilo\/#primaryimage\"},\"image\":{\"@id\":\"https:\/\/web.consaguirre.com.ar\/noticias\/dos-albumes-clasicos-de-jimmy-smith-regresan-al-vinilo\/#primaryimage\"},\"thumbnailUrl\":\"https:\/\/web.consaguirre.com.ar\/noticias\/wp-content\/uploads\/2024\/12\/Dos-albumes-clasicos-de-Jimmy-Smith-regresan-al-vinilo.jpg\",\"datePublished\":\"2024-12-30T17:43:29+00:00\",\"dateModified\":\"2024-12-30T17:43:30+00:00\",\"breadcrumb\":{\"@id\":\"https:\/\/web.consaguirre.com.ar\/noticias\/dos-albumes-clasicos-de-jimmy-smith-regresan-al-vinilo\/#breadcrumb\"},\"inLanguage\":\"es-AR\",\"potentialAction\":[{\"@type\":\"ReadAction\",\"target\":[\"https:\/\/web.consaguirre.com.ar\/noticias\/dos-albumes-clasicos-de-jimmy-smith-regresan-al-vinilo\/\"]}]},{\"@type\":\"ImageObject\",\"inLanguage\":\"es-AR\",\"@id\":\"https:\/\/web.consaguirre.com.ar\/noticias\/dos-albumes-clasicos-de-jimmy-smith-regresan-al-vinilo\/#primaryimage\",\"url\":\"https:\/\/web.consaguirre.com.ar\/noticias\/wp-content\/uploads\/2024\/12\/Dos-albumes-clasicos-de-Jimmy-Smith-regresan-al-vinilo.jpg\",\"contentUrl\":\"https:\/\/web.consaguirre.com.ar\/noticias\/wp-content\/uploads\/2024\/12\/Dos-albumes-clasicos-de-Jimmy-Smith-regresan-al-vinilo.jpg\",\"width\":1440,\"height\":864,\"caption\":\"Jimmy-Smith-Verve-Acoustic-Sounds\"},{\"@type\":\"BreadcrumbList\",\"@id\":\"https:\/\/web.consaguirre.com.ar\/noticias\/dos-albumes-clasicos-de-jimmy-smith-regresan-al-vinilo\/#breadcrumb\",\"itemListElement\":[{\"@type\":\"ListItem\",\"position\":1,\"name\":\"Inicio\",\"item\":\"https:\/\/web.consaguirre.com.ar\/noticias\/\"},{\"@type\":\"ListItem\",\"position\":2,\"name\":\"Dos \u00e1lbumes cl\u00e1sicos de Jimmy Smith regresan al vinilo\"}]},{\"@type\":\"WebSite\",\"@id\":\"https:\/\/web.consaguirre.com.ar\/noticias\/#website\",\"url\":\"https:\/\/web.consaguirre.com.ar\/noticias\/\",\"name\":\"Conservatorio de M\u00fasica Juli\u00e1n Aguirre\",\"description\":\"\",\"publisher\":{\"@id\":\"https:\/\/web.consaguirre.com.ar\/noticias\/#organization\"},\"potentialAction\":[{\"@type\":\"SearchAction\",\"target\":{\"@type\":\"EntryPoint\",\"urlTemplate\":\"https:\/\/web.consaguirre.com.ar\/noticias\/?s={search_term_string}\"},\"query-input\":\"required name=search_term_string\"}],\"inLanguage\":\"es-AR\"},{\"@type\":\"Organization\",\"@id\":\"https:\/\/web.consaguirre.com.ar\/noticias\/#organization\",\"name\":\"Conservatorio de M\u00fasica Juli\u00e1n Aguirre\",\"url\":\"https:\/\/web.consaguirre.com.ar\/noticias\/\",\"logo\":{\"@type\":\"ImageObject\",\"inLanguage\":\"es-AR\",\"@id\":\"https:\/\/web.consaguirre.com.ar\/noticias\/#\/schema\/logo\/image\/\",\"url\":\"https:\/\/web.consaguirre.com.ar\/noticias\/wp-content\/uploads\/2024\/08\/Banner-Aguirre-23.jpg\",\"contentUrl\":\"https:\/\/web.consaguirre.com.ar\/noticias\/wp-content\/uploads\/2024\/08\/Banner-Aguirre-23.jpg\",\"width\":1192,\"height\":600,\"caption\":\"Conservatorio de M\u00fasica Juli\u00e1n Aguirre\"},\"image\":{\"@id\":\"https:\/\/web.consaguirre.com.ar\/noticias\/#\/schema\/logo\/image\/\"}},{\"@type\":\"Person\",\"@id\":\"https:\/\/web.consaguirre.com.ar\/noticias\/#\/schema\/person\/6558b0cfedee7ddc5425602b237d5722\",\"name\":\"Javier Figueroa\",\"image\":{\"@type\":\"ImageObject\",\"inLanguage\":\"es-AR\",\"@id\":\"https:\/\/web.consaguirre.com.ar\/noticias\/#\/schema\/person\/image\/\",\"url\":\"https:\/\/web.consaguirre.com.ar\/noticias\/wp-content\/uploads\/2024\/08\/Consaguirre-scaled.jpg\",\"contentUrl\":\"https:\/\/web.consaguirre.com.ar\/noticias\/wp-content\/uploads\/2024\/08\/Consaguirre-scaled.jpg\",\"caption\":\"Javier Figueroa\"},\"description\":\"Me llamo Javier Figueroa y soy redactor para el sitio oficial del Conservatorio de M\u00fasica Juli\u00e1n Aguirre en Buenos Aires, consaguirre.com. Apasionado por la m\u00fasica y la escritura, me esfuerzo por destacar los talentos y eventos de nuestra prestigiosa instituci\u00f3n. Mi trayectoria se nutre de una profunda admiraci\u00f3n por los artistas, haciendo de cada art\u00edculo una celebraci\u00f3n de la creatividad y la cultura musical.\",\"sameAs\":[\"https:\/\/web.consaguirre.com.ar\/noticias\"]}]}<\/script>\n<!-- \/ Yoast SEO plugin. -->","yoast_head_json":{"title":"Dos \u00e1lbumes cl\u00e1sicos de Jimmy Smith regresan al vinilo","robots":{"index":"index","follow":"follow","max-snippet":"max-snippet:-1","max-image-preview":"max-image-preview:large","max-video-preview":"max-video-preview:-1"},"canonical":"https:\/\/web.consaguirre.com.ar\/noticias\/dos-albumes-clasicos-de-jimmy-smith-regresan-al-vinilo\/","og_locale":"es_ES","og_type":"article","og_title":"Dos \u00e1lbumes cl\u00e1sicos de Jimmy Smith regresan al vinilo","og_description":"Dos \u00e1lbumes cl\u00e1sicos de organista de jazz ic\u00f3nico Jimmy Smith regresa al vinilo a trav\u00e9s de la serie Acoustic Sounds de Verve. Primero es el","og_url":"https:\/\/web.consaguirre.com.ar\/noticias\/dos-albumes-clasicos-de-jimmy-smith-regresan-al-vinilo\/","og_site_name":"Conservatorio de M\u00fasica Juli\u00e1n Aguirre","article_published_time":"2024-12-30T17:43:29+00:00","article_modified_time":"2024-12-30T17:43:30+00:00","og_image":[{"width":1440,"height":864,"url":"https:\/\/web.consaguirre.com.ar\/noticias\/wp-content\/uploads\/2024\/12\/Dos-albumes-clasicos-de-Jimmy-Smith-regresan-al-vinilo.jpg","type":"image\/jpeg"}],"author":"Javier Figueroa","twitter_card":"summary_large_image","twitter_misc":{"Escrito por":"Javier Figueroa","Tiempo de lectura":"2 minutos"},"schema":{"@context":"https:\/\/schema.org","@graph":[{"@type":"Article","@id":"https:\/\/web.consaguirre.com.ar\/noticias\/dos-albumes-clasicos-de-jimmy-smith-regresan-al-vinilo\/#article","isPartOf":{"@id":"https:\/\/web.consaguirre.com.ar\/noticias\/dos-albumes-clasicos-de-jimmy-smith-regresan-al-vinilo\/"},"author":{"name":"Javier Figueroa","@id":"https:\/\/web.consaguirre.com.ar\/noticias\/#\/schema\/person\/6558b0cfedee7ddc5425602b237d5722"},"headline":"Dos \u00e1lbumes cl\u00e1sicos de Jimmy Smith regresan al vinilo","datePublished":"2024-12-30T17:43:29+00:00","dateModified":"2024-12-30T17:43:30+00:00","mainEntityOfPage":{"@id":"https:\/\/web.consaguirre.com.ar\/noticias\/dos-albumes-clasicos-de-jimmy-smith-regresan-al-vinilo\/"},"wordCount":439,"publisher":{"@id":"https:\/\/web.consaguirre.com.ar\/noticias\/#organization"},"image":{"@id":"https:\/\/web.consaguirre.com.ar\/noticias\/dos-albumes-clasicos-de-jimmy-smith-regresan-al-vinilo\/#primaryimage"},"thumbnailUrl":"https:\/\/web.consaguirre.com.ar\/noticias\/wp-content\/uploads\/2024\/12\/Dos-albumes-clasicos-de-Jimmy-Smith-regresan-al-vinilo.jpg","keywords":["\u00e1lbumes","cl\u00e1sicos","dos","Jimmy","regresan","Smith","vinilo"],"articleSection":["El \u00faltimo"],"inLanguage":"es-AR"},{"@type":"WebPage","@id":"https:\/\/web.consaguirre.com.ar\/noticias\/dos-albumes-clasicos-de-jimmy-smith-regresan-al-vinilo\/","url":"https:\/\/web.consaguirre.com.ar\/noticias\/dos-albumes-clasicos-de-jimmy-smith-regresan-al-vinilo\/","name":"Dos \u00e1lbumes cl\u00e1sicos de Jimmy Smith regresan al vinilo","isPartOf":{"@id":"https:\/\/web.consaguirre.com.ar\/noticias\/#website"},"primaryImageOfPage":{"@id":"https:\/\/web.consaguirre.com.ar\/noticias\/dos-albumes-clasicos-de-jimmy-smith-regresan-al-vinilo\/#primaryimage"},"image":{"@id":"https:\/\/web.consaguirre.com.ar\/noticias\/dos-albumes-clasicos-de-jimmy-smith-regresan-al-vinilo\/#primaryimage"},"thumbnailUrl":"https:\/\/web.consaguirre.com.ar\/noticias\/wp-content\/uploads\/2024\/12\/Dos-albumes-clasicos-de-Jimmy-Smith-regresan-al-vinilo.jpg","datePublished":"2024-12-30T17:43:29+00:00","dateModified":"2024-12-30T17:43:30+00:00","breadcrumb":{"@id":"https:\/\/web.consaguirre.com.ar\/noticias\/dos-albumes-clasicos-de-jimmy-smith-regresan-al-vinilo\/#breadcrumb"},"inLanguage":"es-AR","potentialAction":[{"@type":"ReadAction","target":["https:\/\/web.consaguirre.com.ar\/noticias\/dos-albumes-clasicos-de-jimmy-smith-regresan-al-vinilo\/"]}]},{"@type":"ImageObject","inLanguage":"es-AR","@id":"https:\/\/web.consaguirre.com.ar\/noticias\/dos-albumes-clasicos-de-jimmy-smith-regresan-al-vinilo\/#primaryimage","url":"https:\/\/web.consaguirre.com.ar\/noticias\/wp-content\/uploads\/2024\/12\/Dos-albumes-clasicos-de-Jimmy-Smith-regresan-al-vinilo.jpg","contentUrl":"https:\/\/web.consaguirre.com.ar\/noticias\/wp-content\/uploads\/2024\/12\/Dos-albumes-clasicos-de-Jimmy-Smith-regresan-al-vinilo.jpg","width":1440,"height":864,"caption":"Jimmy-Smith-Verve-Acoustic-Sounds"},{"@type":"BreadcrumbList","@id":"https:\/\/web.consaguirre.com.ar\/noticias\/dos-albumes-clasicos-de-jimmy-smith-regresan-al-vinilo\/#breadcrumb","itemListElement":[{"@type":"ListItem","position":1,"name":"Inicio","item":"https:\/\/web.consaguirre.com.ar\/noticias\/"},{"@type":"ListItem","position":2,"name":"Dos \u00e1lbumes cl\u00e1sicos de Jimmy Smith regresan al vinilo"}]},{"@type":"WebSite","@id":"https:\/\/web.consaguirre.com.ar\/noticias\/#website","url":"https:\/\/web.consaguirre.com.ar\/noticias\/","name":"Conservatorio de M\u00fasica Juli\u00e1n Aguirre","description":"","publisher":{"@id":"https:\/\/web.consaguirre.com.ar\/noticias\/#organization"},"potentialAction":[{"@type":"SearchAction","target":{"@type":"EntryPoint","urlTemplate":"https:\/\/web.consaguirre.com.ar\/noticias\/?s={search_term_string}"},"query-input":"required name=search_term_string"}],"inLanguage":"es-AR"},{"@type":"Organization","@id":"https:\/\/web.consaguirre.com.ar\/noticias\/#organization","name":"Conservatorio de M\u00fasica Juli\u00e1n Aguirre","url":"https:\/\/web.consaguirre.com.ar\/noticias\/","logo":{"@type":"ImageObject","inLanguage":"es-AR","@id":"https:\/\/web.consaguirre.com.ar\/noticias\/#\/schema\/logo\/image\/","url":"https:\/\/web.consaguirre.com.ar\/noticias\/wp-content\/uploads\/2024\/08\/Banner-Aguirre-23.jpg","contentUrl":"https:\/\/web.consaguirre.com.ar\/noticias\/wp-content\/uploads\/2024\/08\/Banner-Aguirre-23.jpg","width":1192,"height":600,"caption":"Conservatorio de M\u00fasica Juli\u00e1n Aguirre"},"image":{"@id":"https:\/\/web.consaguirre.com.ar\/noticias\/#\/schema\/logo\/image\/"}},{"@type":"Person","@id":"https:\/\/web.consaguirre.com.ar\/noticias\/#\/schema\/person\/6558b0cfedee7ddc5425602b237d5722","name":"Javier Figueroa","image":{"@type":"ImageObject","inLanguage":"es-AR","@id":"https:\/\/web.consaguirre.com.ar\/noticias\/#\/schema\/person\/image\/","url":"https:\/\/web.consaguirre.com.ar\/noticias\/wp-content\/uploads\/2024\/08\/Consaguirre-scaled.jpg","contentUrl":"https:\/\/web.consaguirre.com.ar\/noticias\/wp-content\/uploads\/2024\/08\/Consaguirre-scaled.jpg","caption":"Javier Figueroa"},"description":"Me llamo Javier Figueroa y soy redactor para el sitio oficial del Conservatorio de M\u00fasica Juli\u00e1n Aguirre en Buenos Aires, consaguirre.com. Apasionado por la m\u00fasica y la escritura, me esfuerzo por destacar los talentos y eventos de nuestra prestigiosa instituci\u00f3n. Mi trayectoria se nutre de una profunda admiraci\u00f3n por los artistas, haciendo de cada art\u00edculo una celebraci\u00f3n de la creatividad y la cultura musical.","sameAs":["https:\/\/web.consaguirre.com.ar\/noticias"]}]}},"_links":{"self":[{"href":"https:\/\/web.consaguirre.com.ar\/noticias\/wp-json\/wp\/v2\/posts\/1466"}],"collection":[{"href":"https:\/\/web.consaguirre.com.ar\/noticias\/wp-json\/wp\/v2\/posts"}],"about":[{"href":"https:\/\/web.consaguirre.com.ar\/noticias\/wp-json\/wp\/v2\/types\/post"}],"author":[{"embeddable":true,"href":"https:\/\/web.consaguirre.com.ar\/noticias\/wp-json\/wp\/v2\/users\/1"}],"replies":[{"embeddable":true,"href":"https:\/\/web.consaguirre.com.ar\/noticias\/wp-json\/wp\/v2\/comments?post=1466"}],"version-history":[{"count":1,"href":"https:\/\/web.consaguirre.com.ar\/noticias\/wp-json\/wp\/v2\/posts\/1466\/revisions"}],"predecessor-version":[{"id":1468,"href":"https:\/\/web.consaguirre.com.ar\/noticias\/wp-json\/wp\/v2\/posts\/1466\/revisions\/1468"}],"wp:featuredmedia":[{"embeddable":true,"href":"https:\/\/web.consaguirre.com.ar\/noticias\/wp-json\/wp\/v2\/media\/1467"}],"wp:attachment":[{"href":"https:\/\/web.consaguirre.com.ar\/noticias\/wp-json\/wp\/v2\/media?parent=1466"}],"wp:term":[{"taxonomy":"category","embeddable":true,"href":"https:\/\/web.consaguirre.com.ar\/noticias\/wp-json\/wp\/v2\/categories?post=1466"},{"taxonomy":"post_tag","embeddable":true,"href":"https:\/\/web.consaguirre.com.ar\/noticias\/wp-json\/wp\/v2\/tags?post=1466"}],"curies":[{"name":"wp","href":"https:\/\/api.w.org\/{rel}","templated":true}]}}