{"id":1421,"date":"2024-12-21T02:38:34","date_gmt":"2024-12-21T05:38:34","guid":{"rendered":"https:\/\/web.consaguirre.com.ar\/noticias\/def-jam-lanzara-canal-de-television-por-su-40-aniversario\/"},"modified":"2024-12-21T02:38:36","modified_gmt":"2024-12-21T05:38:36","slug":"def-jam-lanzara-canal-de-television-por-su-40-aniversario","status":"publish","type":"post","link":"https:\/\/web.consaguirre.com.ar\/noticias\/def-jam-lanzara-canal-de-television-por-su-40-aniversario\/","title":{"rendered":"Def Jam lanzar\u00e1 canal de televisi\u00f3n por su 40 aniversario"},"content":{"rendered":"<p>En celebraci\u00f3n de su 40 aniversario, <strong>Def Jam<\/strong> est\u00e1 lanzando un nuevo canal de televisi\u00f3n, el primer canal FAST (televisi\u00f3n en streaming gratuita con publicidad) centrado en la m\u00fasica en los Estados Unidos en Tubi.<\/p>\n<p>El canal contar\u00e1 con contenido tanto largo como corto, incluidos videos musicales, documentales y presentaciones en vivo. En la programaci\u00f3n se incluir\u00e1n algunos de los artistas m\u00e1s famosos de Def Jam, incluidos LL Cool J, Mariah Carey, John Legend, DMX y muchos m\u00e1s.<\/p>\n<p><strong>Consulte la p\u00e1gina de Def Jam 40 en Tubi ahora.<\/strong><\/p>\n<p>&#8220;El canal Def Jam ser\u00e1 la culminaci\u00f3n de un a\u00f1o de celebraciones de aniversario para el innovador sello discogr\u00e1fico&#8221;, comparti\u00f3 el sello en un comunicado. &#8220;Tambi\u00e9n marca la primera vez que un sello importante de UMG programar\u00e1 su propio canal de televisi\u00f3n directamente para los fans&#8221;.<\/p>\n<p>Adem\u00e1s de estar disponible en Tubi, el contenido tambi\u00e9n ser\u00e1 accesible para los fan\u00e1ticos fuera de los EE. UU.: los espectadores del Reino Unido pueden acceder al canal a trav\u00e9s de Samsung TV+.<\/p>\n<p>\u201cDurante los \u00faltimos 40 a\u00f1os, Def Jam ha liderado constantemente la carga de ser pionero en nuevas formas para que nuestros artistas expresen su creatividad y se conecten con los fan\u00e1ticos\u201d, agreg\u00f3 el presidente y director ejecutivo de Def Jam, Tunji Balogun. &#8220;A medida que continuamos evolucionando en el panorama musical, estamos entusiasmados de asociarnos con Tubi en un esfuerzo por llegar a nuevas audiencias mediante la adopci\u00f3n de plataformas din\u00e1micas e innovadoras&#8221;.<\/p>\n<p>Adem\u00e1s del nuevo canal, Def Jam tambi\u00e9n celebr\u00f3 los grandes 40 con muchas otras empresas. Un programa especial en Apple TV recopil\u00f3 algunas de las canciones y videos musicales m\u00e1s emblem\u00e1ticos del sello, mientras que los stands emergentes en los eventos Complex en Los \u00c1ngeles y Las Vegas, respectivamente, tambi\u00e9n invitaron a los fan\u00e1ticos a interactuar con el legado y la historia del sello.<\/p>\n<p><strong>Compra vinilos de Def Jam en Urban Legends.<\/strong><\/p>\n","protected":false},"excerpt":{"rendered":"<p>En celebraci\u00f3n de su 40 aniversario, Def Jam est\u00e1 lanzando un nuevo canal de televisi\u00f3n, el primer canal FAST (televisi\u00f3n en streaming gratuita con publicidad)<\/p>\n","protected":false},"author":1,"featured_media":1422,"comment_status":"closed","ping_status":"","sticky":false,"template":"","format":"standard","meta":{"footnotes":""},"categories":[50],"tags":[98,1513,122,787,350,96,1421],"class_list":["post-1421","post","type-post","status-publish","format-standard","has-post-thumbnail","hentry","category-el-ultimo","tag-aniversario","tag-canal","tag-def","tag-jam","tag-lanzara","tag-por","tag-television","generate-columns","tablet-grid-50","mobile-grid-100","grid-parent","grid-50"],"yoast_head":"<!-- This site is optimized with the Yoast SEO plugin v23.3 - https:\/\/yoast.com\/wordpress\/plugins\/seo\/ -->\n<title>Def Jam lanzar\u00e1 canal de televisi\u00f3n por su 40 aniversario<\/title>\n<meta name=\"robots\" content=\"index, follow, max-snippet:-1, max-image-preview:large, max-video-preview:-1\" \/>\n<link rel=\"canonical\" href=\"https:\/\/web.consaguirre.com.ar\/noticias\/def-jam-lanzara-canal-de-television-por-su-40-aniversario\/\" \/>\n<meta property=\"og:locale\" content=\"es_ES\" \/>\n<meta property=\"og:type\" content=\"article\" \/>\n<meta property=\"og:title\" content=\"Def Jam lanzar\u00e1 canal de televisi\u00f3n por su 40 aniversario\" \/>\n<meta property=\"og:description\" content=\"En celebraci\u00f3n de su 40 aniversario, Def Jam est\u00e1 lanzando un nuevo canal de televisi\u00f3n, el primer canal FAST (televisi\u00f3n en streaming gratuita con publicidad)\" \/>\n<meta property=\"og:url\" content=\"https:\/\/web.consaguirre.com.ar\/noticias\/def-jam-lanzara-canal-de-television-por-su-40-aniversario\/\" \/>\n<meta property=\"og:site_name\" content=\"Conservatorio de M\u00fasica Juli\u00e1n Aguirre\" \/>\n<meta property=\"article:published_time\" content=\"2024-12-21T05:38:34+00:00\" \/>\n<meta property=\"article:modified_time\" content=\"2024-12-21T05:38:36+00:00\" \/>\n<meta property=\"og:image\" content=\"https:\/\/web.consaguirre.com.ar\/noticias\/wp-content\/uploads\/2024\/12\/Def-Jam-lanzara-canal-de-television-por-su-40-aniversario.jpg\" \/>\n\t<meta property=\"og:image:width\" content=\"1440\" \/>\n\t<meta property=\"og:image:height\" content=\"864\" \/>\n\t<meta property=\"og:image:type\" content=\"image\/jpeg\" \/>\n<meta name=\"author\" content=\"Javier Figueroa\" \/>\n<meta name=\"twitter:card\" content=\"summary_large_image\" \/>\n<meta name=\"twitter:label1\" content=\"Escrito por\" \/>\n\t<meta name=\"twitter:data1\" content=\"Javier Figueroa\" \/>\n\t<meta name=\"twitter:label2\" content=\"Tiempo de lectura\" \/>\n\t<meta name=\"twitter:data2\" content=\"2 minutos\" \/>\n<script type=\"application\/ld+json\" class=\"yoast-schema-graph\">{\"@context\":\"https:\/\/schema.org\",\"@graph\":[{\"@type\":\"Article\",\"@id\":\"https:\/\/web.consaguirre.com.ar\/noticias\/def-jam-lanzara-canal-de-television-por-su-40-aniversario\/#article\",\"isPartOf\":{\"@id\":\"https:\/\/web.consaguirre.com.ar\/noticias\/def-jam-lanzara-canal-de-television-por-su-40-aniversario\/\"},\"author\":{\"name\":\"Javier Figueroa\",\"@id\":\"https:\/\/web.consaguirre.com.ar\/noticias\/#\/schema\/person\/6558b0cfedee7ddc5425602b237d5722\"},\"headline\":\"Def Jam lanzar\u00e1 canal de televisi\u00f3n por su 40 aniversario\",\"datePublished\":\"2024-12-21T05:38:34+00:00\",\"dateModified\":\"2024-12-21T05:38:36+00:00\",\"mainEntityOfPage\":{\"@id\":\"https:\/\/web.consaguirre.com.ar\/noticias\/def-jam-lanzara-canal-de-television-por-su-40-aniversario\/\"},\"wordCount\":346,\"publisher\":{\"@id\":\"https:\/\/web.consaguirre.com.ar\/noticias\/#organization\"},\"image\":{\"@id\":\"https:\/\/web.consaguirre.com.ar\/noticias\/def-jam-lanzara-canal-de-television-por-su-40-aniversario\/#primaryimage\"},\"thumbnailUrl\":\"https:\/\/web.consaguirre.com.ar\/noticias\/wp-content\/uploads\/2024\/12\/Def-Jam-lanzara-canal-de-television-por-su-40-aniversario.jpg\",\"keywords\":[\"aniversario\",\"canal\",\"Def\",\"Jam\",\"lanzar\u00e1\",\"por\",\"televisi\u00f3n\"],\"articleSection\":[\"El \u00faltimo\"],\"inLanguage\":\"es-AR\"},{\"@type\":\"WebPage\",\"@id\":\"https:\/\/web.consaguirre.com.ar\/noticias\/def-jam-lanzara-canal-de-television-por-su-40-aniversario\/\",\"url\":\"https:\/\/web.consaguirre.com.ar\/noticias\/def-jam-lanzara-canal-de-television-por-su-40-aniversario\/\",\"name\":\"Def Jam lanzar\u00e1 canal de televisi\u00f3n por su 40 aniversario\",\"isPartOf\":{\"@id\":\"https:\/\/web.consaguirre.com.ar\/noticias\/#website\"},\"primaryImageOfPage\":{\"@id\":\"https:\/\/web.consaguirre.com.ar\/noticias\/def-jam-lanzara-canal-de-television-por-su-40-aniversario\/#primaryimage\"},\"image\":{\"@id\":\"https:\/\/web.consaguirre.com.ar\/noticias\/def-jam-lanzara-canal-de-television-por-su-40-aniversario\/#primaryimage\"},\"thumbnailUrl\":\"https:\/\/web.consaguirre.com.ar\/noticias\/wp-content\/uploads\/2024\/12\/Def-Jam-lanzara-canal-de-television-por-su-40-aniversario.jpg\",\"datePublished\":\"2024-12-21T05:38:34+00:00\",\"dateModified\":\"2024-12-21T05:38:36+00:00\",\"breadcrumb\":{\"@id\":\"https:\/\/web.consaguirre.com.ar\/noticias\/def-jam-lanzara-canal-de-television-por-su-40-aniversario\/#breadcrumb\"},\"inLanguage\":\"es-AR\",\"potentialAction\":[{\"@type\":\"ReadAction\",\"target\":[\"https:\/\/web.consaguirre.com.ar\/noticias\/def-jam-lanzara-canal-de-television-por-su-40-aniversario\/\"]}]},{\"@type\":\"ImageObject\",\"inLanguage\":\"es-AR\",\"@id\":\"https:\/\/web.consaguirre.com.ar\/noticias\/def-jam-lanzara-canal-de-television-por-su-40-aniversario\/#primaryimage\",\"url\":\"https:\/\/web.consaguirre.com.ar\/noticias\/wp-content\/uploads\/2024\/12\/Def-Jam-lanzara-canal-de-television-por-su-40-aniversario.jpg\",\"contentUrl\":\"https:\/\/web.consaguirre.com.ar\/noticias\/wp-content\/uploads\/2024\/12\/Def-Jam-lanzara-canal-de-television-por-su-40-aniversario.jpg\",\"width\":1440,\"height\":864,\"caption\":\"Def Jam lanzar\u00e1 canal de televisi\u00f3n por su 40 aniversario\"},{\"@type\":\"BreadcrumbList\",\"@id\":\"https:\/\/web.consaguirre.com.ar\/noticias\/def-jam-lanzara-canal-de-television-por-su-40-aniversario\/#breadcrumb\",\"itemListElement\":[{\"@type\":\"ListItem\",\"position\":1,\"name\":\"Inicio\",\"item\":\"https:\/\/web.consaguirre.com.ar\/noticias\/\"},{\"@type\":\"ListItem\",\"position\":2,\"name\":\"Def Jam lanzar\u00e1 canal de televisi\u00f3n por su 40 aniversario\"}]},{\"@type\":\"WebSite\",\"@id\":\"https:\/\/web.consaguirre.com.ar\/noticias\/#website\",\"url\":\"https:\/\/web.consaguirre.com.ar\/noticias\/\",\"name\":\"Conservatorio de M\u00fasica Juli\u00e1n Aguirre\",\"description\":\"\",\"publisher\":{\"@id\":\"https:\/\/web.consaguirre.com.ar\/noticias\/#organization\"},\"potentialAction\":[{\"@type\":\"SearchAction\",\"target\":{\"@type\":\"EntryPoint\",\"urlTemplate\":\"https:\/\/web.consaguirre.com.ar\/noticias\/?s={search_term_string}\"},\"query-input\":\"required name=search_term_string\"}],\"inLanguage\":\"es-AR\"},{\"@type\":\"Organization\",\"@id\":\"https:\/\/web.consaguirre.com.ar\/noticias\/#organization\",\"name\":\"Conservatorio de M\u00fasica Juli\u00e1n Aguirre\",\"url\":\"https:\/\/web.consaguirre.com.ar\/noticias\/\",\"logo\":{\"@type\":\"ImageObject\",\"inLanguage\":\"es-AR\",\"@id\":\"https:\/\/web.consaguirre.com.ar\/noticias\/#\/schema\/logo\/image\/\",\"url\":\"https:\/\/web.consaguirre.com.ar\/noticias\/wp-content\/uploads\/2024\/08\/Banner-Aguirre-23.jpg\",\"contentUrl\":\"https:\/\/web.consaguirre.com.ar\/noticias\/wp-content\/uploads\/2024\/08\/Banner-Aguirre-23.jpg\",\"width\":1192,\"height\":600,\"caption\":\"Conservatorio de M\u00fasica Juli\u00e1n Aguirre\"},\"image\":{\"@id\":\"https:\/\/web.consaguirre.com.ar\/noticias\/#\/schema\/logo\/image\/\"}},{\"@type\":\"Person\",\"@id\":\"https:\/\/web.consaguirre.com.ar\/noticias\/#\/schema\/person\/6558b0cfedee7ddc5425602b237d5722\",\"name\":\"Javier Figueroa\",\"image\":{\"@type\":\"ImageObject\",\"inLanguage\":\"es-AR\",\"@id\":\"https:\/\/web.consaguirre.com.ar\/noticias\/#\/schema\/person\/image\/\",\"url\":\"https:\/\/web.consaguirre.com.ar\/noticias\/wp-content\/uploads\/2024\/08\/Consaguirre-scaled.jpg\",\"contentUrl\":\"https:\/\/web.consaguirre.com.ar\/noticias\/wp-content\/uploads\/2024\/08\/Consaguirre-scaled.jpg\",\"caption\":\"Javier Figueroa\"},\"description\":\"Me llamo Javier Figueroa y soy redactor para el sitio oficial del Conservatorio de M\u00fasica Juli\u00e1n Aguirre en Buenos Aires, consaguirre.com. Apasionado por la m\u00fasica y la escritura, me esfuerzo por destacar los talentos y eventos de nuestra prestigiosa instituci\u00f3n. Mi trayectoria se nutre de una profunda admiraci\u00f3n por los artistas, haciendo de cada art\u00edculo una celebraci\u00f3n de la creatividad y la cultura musical.\",\"sameAs\":[\"https:\/\/web.consaguirre.com.ar\/noticias\"]}]}<\/script>\n<!-- \/ Yoast SEO plugin. -->","yoast_head_json":{"title":"Def Jam lanzar\u00e1 canal de televisi\u00f3n por su 40 aniversario","robots":{"index":"index","follow":"follow","max-snippet":"max-snippet:-1","max-image-preview":"max-image-preview:large","max-video-preview":"max-video-preview:-1"},"canonical":"https:\/\/web.consaguirre.com.ar\/noticias\/def-jam-lanzara-canal-de-television-por-su-40-aniversario\/","og_locale":"es_ES","og_type":"article","og_title":"Def Jam lanzar\u00e1 canal de televisi\u00f3n por su 40 aniversario","og_description":"En celebraci\u00f3n de su 40 aniversario, Def Jam est\u00e1 lanzando un nuevo canal de televisi\u00f3n, el primer canal FAST (televisi\u00f3n en streaming gratuita con publicidad)","og_url":"https:\/\/web.consaguirre.com.ar\/noticias\/def-jam-lanzara-canal-de-television-por-su-40-aniversario\/","og_site_name":"Conservatorio de M\u00fasica Juli\u00e1n Aguirre","article_published_time":"2024-12-21T05:38:34+00:00","article_modified_time":"2024-12-21T05:38:36+00:00","og_image":[{"width":1440,"height":864,"url":"https:\/\/web.consaguirre.com.ar\/noticias\/wp-content\/uploads\/2024\/12\/Def-Jam-lanzara-canal-de-television-por-su-40-aniversario.jpg","type":"image\/jpeg"}],"author":"Javier Figueroa","twitter_card":"summary_large_image","twitter_misc":{"Escrito por":"Javier Figueroa","Tiempo de lectura":"2 minutos"},"schema":{"@context":"https:\/\/schema.org","@graph":[{"@type":"Article","@id":"https:\/\/web.consaguirre.com.ar\/noticias\/def-jam-lanzara-canal-de-television-por-su-40-aniversario\/#article","isPartOf":{"@id":"https:\/\/web.consaguirre.com.ar\/noticias\/def-jam-lanzara-canal-de-television-por-su-40-aniversario\/"},"author":{"name":"Javier Figueroa","@id":"https:\/\/web.consaguirre.com.ar\/noticias\/#\/schema\/person\/6558b0cfedee7ddc5425602b237d5722"},"headline":"Def Jam lanzar\u00e1 canal de televisi\u00f3n por su 40 aniversario","datePublished":"2024-12-21T05:38:34+00:00","dateModified":"2024-12-21T05:38:36+00:00","mainEntityOfPage":{"@id":"https:\/\/web.consaguirre.com.ar\/noticias\/def-jam-lanzara-canal-de-television-por-su-40-aniversario\/"},"wordCount":346,"publisher":{"@id":"https:\/\/web.consaguirre.com.ar\/noticias\/#organization"},"image":{"@id":"https:\/\/web.consaguirre.com.ar\/noticias\/def-jam-lanzara-canal-de-television-por-su-40-aniversario\/#primaryimage"},"thumbnailUrl":"https:\/\/web.consaguirre.com.ar\/noticias\/wp-content\/uploads\/2024\/12\/Def-Jam-lanzara-canal-de-television-por-su-40-aniversario.jpg","keywords":["aniversario","canal","Def","Jam","lanzar\u00e1","por","televisi\u00f3n"],"articleSection":["El \u00faltimo"],"inLanguage":"es-AR"},{"@type":"WebPage","@id":"https:\/\/web.consaguirre.com.ar\/noticias\/def-jam-lanzara-canal-de-television-por-su-40-aniversario\/","url":"https:\/\/web.consaguirre.com.ar\/noticias\/def-jam-lanzara-canal-de-television-por-su-40-aniversario\/","name":"Def Jam lanzar\u00e1 canal de televisi\u00f3n por su 40 aniversario","isPartOf":{"@id":"https:\/\/web.consaguirre.com.ar\/noticias\/#website"},"primaryImageOfPage":{"@id":"https:\/\/web.consaguirre.com.ar\/noticias\/def-jam-lanzara-canal-de-television-por-su-40-aniversario\/#primaryimage"},"image":{"@id":"https:\/\/web.consaguirre.com.ar\/noticias\/def-jam-lanzara-canal-de-television-por-su-40-aniversario\/#primaryimage"},"thumbnailUrl":"https:\/\/web.consaguirre.com.ar\/noticias\/wp-content\/uploads\/2024\/12\/Def-Jam-lanzara-canal-de-television-por-su-40-aniversario.jpg","datePublished":"2024-12-21T05:38:34+00:00","dateModified":"2024-12-21T05:38:36+00:00","breadcrumb":{"@id":"https:\/\/web.consaguirre.com.ar\/noticias\/def-jam-lanzara-canal-de-television-por-su-40-aniversario\/#breadcrumb"},"inLanguage":"es-AR","potentialAction":[{"@type":"ReadAction","target":["https:\/\/web.consaguirre.com.ar\/noticias\/def-jam-lanzara-canal-de-television-por-su-40-aniversario\/"]}]},{"@type":"ImageObject","inLanguage":"es-AR","@id":"https:\/\/web.consaguirre.com.ar\/noticias\/def-jam-lanzara-canal-de-television-por-su-40-aniversario\/#primaryimage","url":"https:\/\/web.consaguirre.com.ar\/noticias\/wp-content\/uploads\/2024\/12\/Def-Jam-lanzara-canal-de-television-por-su-40-aniversario.jpg","contentUrl":"https:\/\/web.consaguirre.com.ar\/noticias\/wp-content\/uploads\/2024\/12\/Def-Jam-lanzara-canal-de-television-por-su-40-aniversario.jpg","width":1440,"height":864,"caption":"Def Jam lanzar\u00e1 canal de televisi\u00f3n por su 40 aniversario"},{"@type":"BreadcrumbList","@id":"https:\/\/web.consaguirre.com.ar\/noticias\/def-jam-lanzara-canal-de-television-por-su-40-aniversario\/#breadcrumb","itemListElement":[{"@type":"ListItem","position":1,"name":"Inicio","item":"https:\/\/web.consaguirre.com.ar\/noticias\/"},{"@type":"ListItem","position":2,"name":"Def Jam lanzar\u00e1 canal de televisi\u00f3n por su 40 aniversario"}]},{"@type":"WebSite","@id":"https:\/\/web.consaguirre.com.ar\/noticias\/#website","url":"https:\/\/web.consaguirre.com.ar\/noticias\/","name":"Conservatorio de M\u00fasica Juli\u00e1n Aguirre","description":"","publisher":{"@id":"https:\/\/web.consaguirre.com.ar\/noticias\/#organization"},"potentialAction":[{"@type":"SearchAction","target":{"@type":"EntryPoint","urlTemplate":"https:\/\/web.consaguirre.com.ar\/noticias\/?s={search_term_string}"},"query-input":"required name=search_term_string"}],"inLanguage":"es-AR"},{"@type":"Organization","@id":"https:\/\/web.consaguirre.com.ar\/noticias\/#organization","name":"Conservatorio de M\u00fasica Juli\u00e1n Aguirre","url":"https:\/\/web.consaguirre.com.ar\/noticias\/","logo":{"@type":"ImageObject","inLanguage":"es-AR","@id":"https:\/\/web.consaguirre.com.ar\/noticias\/#\/schema\/logo\/image\/","url":"https:\/\/web.consaguirre.com.ar\/noticias\/wp-content\/uploads\/2024\/08\/Banner-Aguirre-23.jpg","contentUrl":"https:\/\/web.consaguirre.com.ar\/noticias\/wp-content\/uploads\/2024\/08\/Banner-Aguirre-23.jpg","width":1192,"height":600,"caption":"Conservatorio de M\u00fasica Juli\u00e1n Aguirre"},"image":{"@id":"https:\/\/web.consaguirre.com.ar\/noticias\/#\/schema\/logo\/image\/"}},{"@type":"Person","@id":"https:\/\/web.consaguirre.com.ar\/noticias\/#\/schema\/person\/6558b0cfedee7ddc5425602b237d5722","name":"Javier Figueroa","image":{"@type":"ImageObject","inLanguage":"es-AR","@id":"https:\/\/web.consaguirre.com.ar\/noticias\/#\/schema\/person\/image\/","url":"https:\/\/web.consaguirre.com.ar\/noticias\/wp-content\/uploads\/2024\/08\/Consaguirre-scaled.jpg","contentUrl":"https:\/\/web.consaguirre.com.ar\/noticias\/wp-content\/uploads\/2024\/08\/Consaguirre-scaled.jpg","caption":"Javier Figueroa"},"description":"Me llamo Javier Figueroa y soy redactor para el sitio oficial del Conservatorio de M\u00fasica Juli\u00e1n Aguirre en Buenos Aires, consaguirre.com. Apasionado por la m\u00fasica y la escritura, me esfuerzo por destacar los talentos y eventos de nuestra prestigiosa instituci\u00f3n. Mi trayectoria se nutre de una profunda admiraci\u00f3n por los artistas, haciendo de cada art\u00edculo una celebraci\u00f3n de la creatividad y la cultura musical.","sameAs":["https:\/\/web.consaguirre.com.ar\/noticias"]}]}},"_links":{"self":[{"href":"https:\/\/web.consaguirre.com.ar\/noticias\/wp-json\/wp\/v2\/posts\/1421"}],"collection":[{"href":"https:\/\/web.consaguirre.com.ar\/noticias\/wp-json\/wp\/v2\/posts"}],"about":[{"href":"https:\/\/web.consaguirre.com.ar\/noticias\/wp-json\/wp\/v2\/types\/post"}],"author":[{"embeddable":true,"href":"https:\/\/web.consaguirre.com.ar\/noticias\/wp-json\/wp\/v2\/users\/1"}],"replies":[{"embeddable":true,"href":"https:\/\/web.consaguirre.com.ar\/noticias\/wp-json\/wp\/v2\/comments?post=1421"}],"version-history":[{"count":1,"href":"https:\/\/web.consaguirre.com.ar\/noticias\/wp-json\/wp\/v2\/posts\/1421\/revisions"}],"predecessor-version":[{"id":1423,"href":"https:\/\/web.consaguirre.com.ar\/noticias\/wp-json\/wp\/v2\/posts\/1421\/revisions\/1423"}],"wp:featuredmedia":[{"embeddable":true,"href":"https:\/\/web.consaguirre.com.ar\/noticias\/wp-json\/wp\/v2\/media\/1422"}],"wp:attachment":[{"href":"https:\/\/web.consaguirre.com.ar\/noticias\/wp-json\/wp\/v2\/media?parent=1421"}],"wp:term":[{"taxonomy":"category","embeddable":true,"href":"https:\/\/web.consaguirre.com.ar\/noticias\/wp-json\/wp\/v2\/categories?post=1421"},{"taxonomy":"post_tag","embeddable":true,"href":"https:\/\/web.consaguirre.com.ar\/noticias\/wp-json\/wp\/v2\/tags?post=1421"}],"curies":[{"name":"wp","href":"https:\/\/api.w.org\/{rel}","templated":true}]}}