{"id":1418,"date":"2024-12-20T23:40:47","date_gmt":"2024-12-21T02:40:47","guid":{"rendered":"https:\/\/web.consaguirre.com.ar\/noticias\/empire-of-the-sun-anuncia-gira-por-norteamerica-en-2025\/"},"modified":"2024-12-20T23:40:48","modified_gmt":"2024-12-21T02:40:48","slug":"empire-of-the-sun-anuncia-gira-por-norteamerica-en-2025","status":"publish","type":"post","link":"https:\/\/web.consaguirre.com.ar\/noticias\/empire-of-the-sun-anuncia-gira-por-norteamerica-en-2025\/","title":{"rendered":"Empire of the Sun anuncia gira por Norteam\u00e9rica en 2025"},"content":{"rendered":"<p><strong>imperio del sol<\/strong> ha anunciado una gira por Norteam\u00e9rica en 2025.<\/p>\n<p>La gira Ask That God comenzar\u00e1 en Oreg\u00f3n en febrero, la primera de 23 fechas confirmadas en lugares hist\u00f3ricos como el Anfiteatro Red Rocks de Denver, el Teatro Griego de Berkeley y el Brooklyn Mirage de Nueva York.<\/p>\n<p>La etapa norteamericana sigue a una serie de espect\u00e1culos recientes de Empire of the Sun en todo el mundo, incluidos M\u00e9xico, Sydney, Brisbane y Perth en su Australia natal. La gira apoya un nuevo \u00e1lbum de la banda liderada por Luke Steele y Nick Littlemore.<em>Preg\u00fantale a Dios<\/em> debut\u00f3 a finales de julio de 2024 en el top cinco de la lista Top Dance\/Electronic Albums de Billboard.<\/p>\n<div class=\"uD-YT-container\"><img decoding=\"async\" src=\"https:\/\/web.consaguirre.com.ar\/noticias\/wp-content\/uploads\/2024\/12\/1734748847_45_Empire-of-the-Sun-anuncia-gira-por-Norteamerica-en-2025.jpg\" alt=\"V\u00eddeo de YouTube\"><br \/>Haga clic para cargar v\u00eddeo<\/div>\n<p>\u201c<em>Preg\u00fantale a Dios<\/em> Es un \u00e1lbum que buscamos y con el que afortunadamente fuimos bendecidos\u201d, comparti\u00f3 Littlemore en un comunicado en ese momento. &#8220;No somos m\u00e1s que conductos, acumulando experiencia y encontrando lo que el Imperio debe encontrar&#8221;.<\/p>\n<p>M\u00e1s all\u00e1 de un nuevo disco, Empire of the Sun tambi\u00e9n est\u00e1 celebrando 10 a\u00f1os desde el lanzamiento de \u201cWe Are Mirage\u201d, un muy querido remix de Eric Prydz del \u00e9xito de la banda \u201cWe Are The People\u201d que combina la canci\u00f3n con \u201cMirage\u201d del propio Prydz. .\u201d Para conmemorar el aniversario (en parte), lanzaron la recopilaci\u00f3n. <em>Somos el pueblo (reinventado)<\/em> el 13 de diciembre, reuniendo nuevas ediciones de ARTBAT, Adam Sellouk y Southstar.<\/p>\n<p>A lo largo de su carrera, Empire of the Sun ha recibido m\u00faltiples certificaciones Platino, ocho premios ARIA, dos premios APRA y un premio APRA Billions. Tambi\u00e9n han trabajado con innumerables leyendas de la m\u00fasica, incluida Lindsey Buckingham de Fleetwood Mac y varios miembros de la banda de David Bowie de las sesiones de Blackstar.<\/p>\n<p><strong>Escucha Empire Of The Sun <em>pregunta eso<\/em> Dios ahora.<\/strong><\/p>\n","protected":false},"excerpt":{"rendered":"<p>imperio del sol ha anunciado una gira por Norteam\u00e9rica en 2025. La gira Ask That God comenzar\u00e1 en Oreg\u00f3n en febrero, la primera de 23<\/p>\n","protected":false},"author":1,"featured_media":1419,"comment_status":"closed","ping_status":"","sticky":false,"template":"","format":"standard","meta":{"footnotes":""},"categories":[50],"tags":[56,1512,492,1377,96,216],"class_list":["post-1418","post","type-post","status-publish","format-standard","has-post-thumbnail","hentry","category-el-ultimo","tag-anuncia","tag-empire","tag-gira","tag-norteamerica","tag-por","tag-sun","generate-columns","tablet-grid-50","mobile-grid-100","grid-parent","grid-50"],"yoast_head":"<!-- This site is optimized with the Yoast SEO plugin v23.3 - https:\/\/yoast.com\/wordpress\/plugins\/seo\/ -->\n<title>Empire of the Sun anuncia gira por Norteam\u00e9rica en 2025<\/title>\n<meta name=\"robots\" content=\"index, follow, max-snippet:-1, max-image-preview:large, max-video-preview:-1\" \/>\n<link rel=\"canonical\" href=\"https:\/\/web.consaguirre.com.ar\/noticias\/empire-of-the-sun-anuncia-gira-por-norteamerica-en-2025\/\" \/>\n<meta property=\"og:locale\" content=\"es_ES\" \/>\n<meta property=\"og:type\" content=\"article\" \/>\n<meta property=\"og:title\" content=\"Empire of the Sun anuncia gira por Norteam\u00e9rica en 2025\" \/>\n<meta property=\"og:description\" content=\"imperio del sol ha anunciado una gira por Norteam\u00e9rica en 2025. La gira Ask That God comenzar\u00e1 en Oreg\u00f3n en febrero, la primera de 23\" \/>\n<meta property=\"og:url\" content=\"https:\/\/web.consaguirre.com.ar\/noticias\/empire-of-the-sun-anuncia-gira-por-norteamerica-en-2025\/\" \/>\n<meta property=\"og:site_name\" content=\"Conservatorio de M\u00fasica Juli\u00e1n Aguirre\" \/>\n<meta property=\"article:published_time\" content=\"2024-12-21T02:40:47+00:00\" \/>\n<meta property=\"article:modified_time\" content=\"2024-12-21T02:40:48+00:00\" \/>\n<meta property=\"og:image\" content=\"https:\/\/web.consaguirre.com.ar\/noticias\/wp-content\/uploads\/2024\/12\/Empire-of-the-Sun-anuncia-gira-por-Norteamerica-en-2025.jpg\" \/>\n\t<meta property=\"og:image:width\" content=\"1440\" \/>\n\t<meta property=\"og:image:height\" content=\"864\" \/>\n\t<meta property=\"og:image:type\" content=\"image\/jpeg\" \/>\n<meta name=\"author\" content=\"Javier Figueroa\" \/>\n<meta name=\"twitter:card\" content=\"summary_large_image\" \/>\n<meta name=\"twitter:label1\" content=\"Escrito por\" \/>\n\t<meta name=\"twitter:data1\" content=\"Javier Figueroa\" \/>\n\t<meta name=\"twitter:label2\" content=\"Tiempo de lectura\" \/>\n\t<meta name=\"twitter:data2\" content=\"2 minutos\" \/>\n<script type=\"application\/ld+json\" class=\"yoast-schema-graph\">{\"@context\":\"https:\/\/schema.org\",\"@graph\":[{\"@type\":\"Article\",\"@id\":\"https:\/\/web.consaguirre.com.ar\/noticias\/empire-of-the-sun-anuncia-gira-por-norteamerica-en-2025\/#article\",\"isPartOf\":{\"@id\":\"https:\/\/web.consaguirre.com.ar\/noticias\/empire-of-the-sun-anuncia-gira-por-norteamerica-en-2025\/\"},\"author\":{\"name\":\"Javier Figueroa\",\"@id\":\"https:\/\/web.consaguirre.com.ar\/noticias\/#\/schema\/person\/6558b0cfedee7ddc5425602b237d5722\"},\"headline\":\"Empire of the Sun anuncia gira por Norteam\u00e9rica en 2025\",\"datePublished\":\"2024-12-21T02:40:47+00:00\",\"dateModified\":\"2024-12-21T02:40:48+00:00\",\"mainEntityOfPage\":{\"@id\":\"https:\/\/web.consaguirre.com.ar\/noticias\/empire-of-the-sun-anuncia-gira-por-norteamerica-en-2025\/\"},\"wordCount\":319,\"publisher\":{\"@id\":\"https:\/\/web.consaguirre.com.ar\/noticias\/#organization\"},\"image\":{\"@id\":\"https:\/\/web.consaguirre.com.ar\/noticias\/empire-of-the-sun-anuncia-gira-por-norteamerica-en-2025\/#primaryimage\"},\"thumbnailUrl\":\"https:\/\/web.consaguirre.com.ar\/noticias\/wp-content\/uploads\/2024\/12\/Empire-of-the-Sun-anuncia-gira-por-Norteamerica-en-2025.jpg\",\"keywords\":[\"anuncia\",\"Empire\",\"gira\",\"Norteam\u00e9rica\",\"por\",\"Sun\"],\"articleSection\":[\"El \u00faltimo\"],\"inLanguage\":\"es-AR\"},{\"@type\":\"WebPage\",\"@id\":\"https:\/\/web.consaguirre.com.ar\/noticias\/empire-of-the-sun-anuncia-gira-por-norteamerica-en-2025\/\",\"url\":\"https:\/\/web.consaguirre.com.ar\/noticias\/empire-of-the-sun-anuncia-gira-por-norteamerica-en-2025\/\",\"name\":\"Empire of the Sun anuncia gira por Norteam\u00e9rica en 2025\",\"isPartOf\":{\"@id\":\"https:\/\/web.consaguirre.com.ar\/noticias\/#website\"},\"primaryImageOfPage\":{\"@id\":\"https:\/\/web.consaguirre.com.ar\/noticias\/empire-of-the-sun-anuncia-gira-por-norteamerica-en-2025\/#primaryimage\"},\"image\":{\"@id\":\"https:\/\/web.consaguirre.com.ar\/noticias\/empire-of-the-sun-anuncia-gira-por-norteamerica-en-2025\/#primaryimage\"},\"thumbnailUrl\":\"https:\/\/web.consaguirre.com.ar\/noticias\/wp-content\/uploads\/2024\/12\/Empire-of-the-Sun-anuncia-gira-por-Norteamerica-en-2025.jpg\",\"datePublished\":\"2024-12-21T02:40:47+00:00\",\"dateModified\":\"2024-12-21T02:40:48+00:00\",\"breadcrumb\":{\"@id\":\"https:\/\/web.consaguirre.com.ar\/noticias\/empire-of-the-sun-anuncia-gira-por-norteamerica-en-2025\/#breadcrumb\"},\"inLanguage\":\"es-AR\",\"potentialAction\":[{\"@type\":\"ReadAction\",\"target\":[\"https:\/\/web.consaguirre.com.ar\/noticias\/empire-of-the-sun-anuncia-gira-por-norteamerica-en-2025\/\"]}]},{\"@type\":\"ImageObject\",\"inLanguage\":\"es-AR\",\"@id\":\"https:\/\/web.consaguirre.com.ar\/noticias\/empire-of-the-sun-anuncia-gira-por-norteamerica-en-2025\/#primaryimage\",\"url\":\"https:\/\/web.consaguirre.com.ar\/noticias\/wp-content\/uploads\/2024\/12\/Empire-of-the-Sun-anuncia-gira-por-Norteamerica-en-2025.jpg\",\"contentUrl\":\"https:\/\/web.consaguirre.com.ar\/noticias\/wp-content\/uploads\/2024\/12\/Empire-of-the-Sun-anuncia-gira-por-Norteamerica-en-2025.jpg\",\"width\":1440,\"height\":864,\"caption\":\"Empire of the Sun anuncia gira por Norteam\u00e9rica en 2025\"},{\"@type\":\"BreadcrumbList\",\"@id\":\"https:\/\/web.consaguirre.com.ar\/noticias\/empire-of-the-sun-anuncia-gira-por-norteamerica-en-2025\/#breadcrumb\",\"itemListElement\":[{\"@type\":\"ListItem\",\"position\":1,\"name\":\"Inicio\",\"item\":\"https:\/\/web.consaguirre.com.ar\/noticias\/\"},{\"@type\":\"ListItem\",\"position\":2,\"name\":\"Empire of the Sun anuncia gira por Norteam\u00e9rica en 2025\"}]},{\"@type\":\"WebSite\",\"@id\":\"https:\/\/web.consaguirre.com.ar\/noticias\/#website\",\"url\":\"https:\/\/web.consaguirre.com.ar\/noticias\/\",\"name\":\"Conservatorio de M\u00fasica Juli\u00e1n Aguirre\",\"description\":\"\",\"publisher\":{\"@id\":\"https:\/\/web.consaguirre.com.ar\/noticias\/#organization\"},\"potentialAction\":[{\"@type\":\"SearchAction\",\"target\":{\"@type\":\"EntryPoint\",\"urlTemplate\":\"https:\/\/web.consaguirre.com.ar\/noticias\/?s={search_term_string}\"},\"query-input\":\"required name=search_term_string\"}],\"inLanguage\":\"es-AR\"},{\"@type\":\"Organization\",\"@id\":\"https:\/\/web.consaguirre.com.ar\/noticias\/#organization\",\"name\":\"Conservatorio de M\u00fasica Juli\u00e1n Aguirre\",\"url\":\"https:\/\/web.consaguirre.com.ar\/noticias\/\",\"logo\":{\"@type\":\"ImageObject\",\"inLanguage\":\"es-AR\",\"@id\":\"https:\/\/web.consaguirre.com.ar\/noticias\/#\/schema\/logo\/image\/\",\"url\":\"https:\/\/web.consaguirre.com.ar\/noticias\/wp-content\/uploads\/2024\/08\/Banner-Aguirre-23.jpg\",\"contentUrl\":\"https:\/\/web.consaguirre.com.ar\/noticias\/wp-content\/uploads\/2024\/08\/Banner-Aguirre-23.jpg\",\"width\":1192,\"height\":600,\"caption\":\"Conservatorio de M\u00fasica Juli\u00e1n Aguirre\"},\"image\":{\"@id\":\"https:\/\/web.consaguirre.com.ar\/noticias\/#\/schema\/logo\/image\/\"}},{\"@type\":\"Person\",\"@id\":\"https:\/\/web.consaguirre.com.ar\/noticias\/#\/schema\/person\/6558b0cfedee7ddc5425602b237d5722\",\"name\":\"Javier Figueroa\",\"image\":{\"@type\":\"ImageObject\",\"inLanguage\":\"es-AR\",\"@id\":\"https:\/\/web.consaguirre.com.ar\/noticias\/#\/schema\/person\/image\/\",\"url\":\"https:\/\/web.consaguirre.com.ar\/noticias\/wp-content\/uploads\/2024\/08\/Consaguirre-scaled.jpg\",\"contentUrl\":\"https:\/\/web.consaguirre.com.ar\/noticias\/wp-content\/uploads\/2024\/08\/Consaguirre-scaled.jpg\",\"caption\":\"Javier Figueroa\"},\"description\":\"Me llamo Javier Figueroa y soy redactor para el sitio oficial del Conservatorio de M\u00fasica Juli\u00e1n Aguirre en Buenos Aires, consaguirre.com. Apasionado por la m\u00fasica y la escritura, me esfuerzo por destacar los talentos y eventos de nuestra prestigiosa instituci\u00f3n. Mi trayectoria se nutre de una profunda admiraci\u00f3n por los artistas, haciendo de cada art\u00edculo una celebraci\u00f3n de la creatividad y la cultura musical.\",\"sameAs\":[\"https:\/\/web.consaguirre.com.ar\/noticias\"]}]}<\/script>\n<!-- \/ Yoast SEO plugin. -->","yoast_head_json":{"title":"Empire of the Sun anuncia gira por Norteam\u00e9rica en 2025","robots":{"index":"index","follow":"follow","max-snippet":"max-snippet:-1","max-image-preview":"max-image-preview:large","max-video-preview":"max-video-preview:-1"},"canonical":"https:\/\/web.consaguirre.com.ar\/noticias\/empire-of-the-sun-anuncia-gira-por-norteamerica-en-2025\/","og_locale":"es_ES","og_type":"article","og_title":"Empire of the Sun anuncia gira por Norteam\u00e9rica en 2025","og_description":"imperio del sol ha anunciado una gira por Norteam\u00e9rica en 2025. La gira Ask That God comenzar\u00e1 en Oreg\u00f3n en febrero, la primera de 23","og_url":"https:\/\/web.consaguirre.com.ar\/noticias\/empire-of-the-sun-anuncia-gira-por-norteamerica-en-2025\/","og_site_name":"Conservatorio de M\u00fasica Juli\u00e1n Aguirre","article_published_time":"2024-12-21T02:40:47+00:00","article_modified_time":"2024-12-21T02:40:48+00:00","og_image":[{"width":1440,"height":864,"url":"https:\/\/web.consaguirre.com.ar\/noticias\/wp-content\/uploads\/2024\/12\/Empire-of-the-Sun-anuncia-gira-por-Norteamerica-en-2025.jpg","type":"image\/jpeg"}],"author":"Javier Figueroa","twitter_card":"summary_large_image","twitter_misc":{"Escrito por":"Javier Figueroa","Tiempo de lectura":"2 minutos"},"schema":{"@context":"https:\/\/schema.org","@graph":[{"@type":"Article","@id":"https:\/\/web.consaguirre.com.ar\/noticias\/empire-of-the-sun-anuncia-gira-por-norteamerica-en-2025\/#article","isPartOf":{"@id":"https:\/\/web.consaguirre.com.ar\/noticias\/empire-of-the-sun-anuncia-gira-por-norteamerica-en-2025\/"},"author":{"name":"Javier Figueroa","@id":"https:\/\/web.consaguirre.com.ar\/noticias\/#\/schema\/person\/6558b0cfedee7ddc5425602b237d5722"},"headline":"Empire of the Sun anuncia gira por Norteam\u00e9rica en 2025","datePublished":"2024-12-21T02:40:47+00:00","dateModified":"2024-12-21T02:40:48+00:00","mainEntityOfPage":{"@id":"https:\/\/web.consaguirre.com.ar\/noticias\/empire-of-the-sun-anuncia-gira-por-norteamerica-en-2025\/"},"wordCount":319,"publisher":{"@id":"https:\/\/web.consaguirre.com.ar\/noticias\/#organization"},"image":{"@id":"https:\/\/web.consaguirre.com.ar\/noticias\/empire-of-the-sun-anuncia-gira-por-norteamerica-en-2025\/#primaryimage"},"thumbnailUrl":"https:\/\/web.consaguirre.com.ar\/noticias\/wp-content\/uploads\/2024\/12\/Empire-of-the-Sun-anuncia-gira-por-Norteamerica-en-2025.jpg","keywords":["anuncia","Empire","gira","Norteam\u00e9rica","por","Sun"],"articleSection":["El \u00faltimo"],"inLanguage":"es-AR"},{"@type":"WebPage","@id":"https:\/\/web.consaguirre.com.ar\/noticias\/empire-of-the-sun-anuncia-gira-por-norteamerica-en-2025\/","url":"https:\/\/web.consaguirre.com.ar\/noticias\/empire-of-the-sun-anuncia-gira-por-norteamerica-en-2025\/","name":"Empire of the Sun anuncia gira por Norteam\u00e9rica en 2025","isPartOf":{"@id":"https:\/\/web.consaguirre.com.ar\/noticias\/#website"},"primaryImageOfPage":{"@id":"https:\/\/web.consaguirre.com.ar\/noticias\/empire-of-the-sun-anuncia-gira-por-norteamerica-en-2025\/#primaryimage"},"image":{"@id":"https:\/\/web.consaguirre.com.ar\/noticias\/empire-of-the-sun-anuncia-gira-por-norteamerica-en-2025\/#primaryimage"},"thumbnailUrl":"https:\/\/web.consaguirre.com.ar\/noticias\/wp-content\/uploads\/2024\/12\/Empire-of-the-Sun-anuncia-gira-por-Norteamerica-en-2025.jpg","datePublished":"2024-12-21T02:40:47+00:00","dateModified":"2024-12-21T02:40:48+00:00","breadcrumb":{"@id":"https:\/\/web.consaguirre.com.ar\/noticias\/empire-of-the-sun-anuncia-gira-por-norteamerica-en-2025\/#breadcrumb"},"inLanguage":"es-AR","potentialAction":[{"@type":"ReadAction","target":["https:\/\/web.consaguirre.com.ar\/noticias\/empire-of-the-sun-anuncia-gira-por-norteamerica-en-2025\/"]}]},{"@type":"ImageObject","inLanguage":"es-AR","@id":"https:\/\/web.consaguirre.com.ar\/noticias\/empire-of-the-sun-anuncia-gira-por-norteamerica-en-2025\/#primaryimage","url":"https:\/\/web.consaguirre.com.ar\/noticias\/wp-content\/uploads\/2024\/12\/Empire-of-the-Sun-anuncia-gira-por-Norteamerica-en-2025.jpg","contentUrl":"https:\/\/web.consaguirre.com.ar\/noticias\/wp-content\/uploads\/2024\/12\/Empire-of-the-Sun-anuncia-gira-por-Norteamerica-en-2025.jpg","width":1440,"height":864,"caption":"Empire of the Sun anuncia gira por Norteam\u00e9rica en 2025"},{"@type":"BreadcrumbList","@id":"https:\/\/web.consaguirre.com.ar\/noticias\/empire-of-the-sun-anuncia-gira-por-norteamerica-en-2025\/#breadcrumb","itemListElement":[{"@type":"ListItem","position":1,"name":"Inicio","item":"https:\/\/web.consaguirre.com.ar\/noticias\/"},{"@type":"ListItem","position":2,"name":"Empire of the Sun anuncia gira por Norteam\u00e9rica en 2025"}]},{"@type":"WebSite","@id":"https:\/\/web.consaguirre.com.ar\/noticias\/#website","url":"https:\/\/web.consaguirre.com.ar\/noticias\/","name":"Conservatorio de M\u00fasica Juli\u00e1n Aguirre","description":"","publisher":{"@id":"https:\/\/web.consaguirre.com.ar\/noticias\/#organization"},"potentialAction":[{"@type":"SearchAction","target":{"@type":"EntryPoint","urlTemplate":"https:\/\/web.consaguirre.com.ar\/noticias\/?s={search_term_string}"},"query-input":"required name=search_term_string"}],"inLanguage":"es-AR"},{"@type":"Organization","@id":"https:\/\/web.consaguirre.com.ar\/noticias\/#organization","name":"Conservatorio de M\u00fasica Juli\u00e1n Aguirre","url":"https:\/\/web.consaguirre.com.ar\/noticias\/","logo":{"@type":"ImageObject","inLanguage":"es-AR","@id":"https:\/\/web.consaguirre.com.ar\/noticias\/#\/schema\/logo\/image\/","url":"https:\/\/web.consaguirre.com.ar\/noticias\/wp-content\/uploads\/2024\/08\/Banner-Aguirre-23.jpg","contentUrl":"https:\/\/web.consaguirre.com.ar\/noticias\/wp-content\/uploads\/2024\/08\/Banner-Aguirre-23.jpg","width":1192,"height":600,"caption":"Conservatorio de M\u00fasica Juli\u00e1n Aguirre"},"image":{"@id":"https:\/\/web.consaguirre.com.ar\/noticias\/#\/schema\/logo\/image\/"}},{"@type":"Person","@id":"https:\/\/web.consaguirre.com.ar\/noticias\/#\/schema\/person\/6558b0cfedee7ddc5425602b237d5722","name":"Javier Figueroa","image":{"@type":"ImageObject","inLanguage":"es-AR","@id":"https:\/\/web.consaguirre.com.ar\/noticias\/#\/schema\/person\/image\/","url":"https:\/\/web.consaguirre.com.ar\/noticias\/wp-content\/uploads\/2024\/08\/Consaguirre-scaled.jpg","contentUrl":"https:\/\/web.consaguirre.com.ar\/noticias\/wp-content\/uploads\/2024\/08\/Consaguirre-scaled.jpg","caption":"Javier Figueroa"},"description":"Me llamo Javier Figueroa y soy redactor para el sitio oficial del Conservatorio de M\u00fasica Juli\u00e1n Aguirre en Buenos Aires, consaguirre.com. Apasionado por la m\u00fasica y la escritura, me esfuerzo por destacar los talentos y eventos de nuestra prestigiosa instituci\u00f3n. Mi trayectoria se nutre de una profunda admiraci\u00f3n por los artistas, haciendo de cada art\u00edculo una celebraci\u00f3n de la creatividad y la cultura musical.","sameAs":["https:\/\/web.consaguirre.com.ar\/noticias"]}]}},"_links":{"self":[{"href":"https:\/\/web.consaguirre.com.ar\/noticias\/wp-json\/wp\/v2\/posts\/1418"}],"collection":[{"href":"https:\/\/web.consaguirre.com.ar\/noticias\/wp-json\/wp\/v2\/posts"}],"about":[{"href":"https:\/\/web.consaguirre.com.ar\/noticias\/wp-json\/wp\/v2\/types\/post"}],"author":[{"embeddable":true,"href":"https:\/\/web.consaguirre.com.ar\/noticias\/wp-json\/wp\/v2\/users\/1"}],"replies":[{"embeddable":true,"href":"https:\/\/web.consaguirre.com.ar\/noticias\/wp-json\/wp\/v2\/comments?post=1418"}],"version-history":[{"count":1,"href":"https:\/\/web.consaguirre.com.ar\/noticias\/wp-json\/wp\/v2\/posts\/1418\/revisions"}],"predecessor-version":[{"id":1420,"href":"https:\/\/web.consaguirre.com.ar\/noticias\/wp-json\/wp\/v2\/posts\/1418\/revisions\/1420"}],"wp:featuredmedia":[{"embeddable":true,"href":"https:\/\/web.consaguirre.com.ar\/noticias\/wp-json\/wp\/v2\/media\/1419"}],"wp:attachment":[{"href":"https:\/\/web.consaguirre.com.ar\/noticias\/wp-json\/wp\/v2\/media?parent=1418"}],"wp:term":[{"taxonomy":"category","embeddable":true,"href":"https:\/\/web.consaguirre.com.ar\/noticias\/wp-json\/wp\/v2\/categories?post=1418"},{"taxonomy":"post_tag","embeddable":true,"href":"https:\/\/web.consaguirre.com.ar\/noticias\/wp-json\/wp\/v2\/tags?post=1418"}],"curies":[{"name":"wp","href":"https:\/\/api.w.org\/{rel}","templated":true}]}}