{"id":1412,"date":"2024-12-20T17:40:18","date_gmt":"2024-12-20T20:40:18","guid":{"rendered":"https:\/\/web.consaguirre.com.ar\/noticias\/katy-perry-lanza-1432-edicion-de-lujo-de-143\/"},"modified":"2024-12-20T17:40:20","modified_gmt":"2024-12-20T20:40:20","slug":"katy-perry-lanza-1432-edicion-de-lujo-de-143","status":"publish","type":"post","link":"https:\/\/web.consaguirre.com.ar\/noticias\/katy-perry-lanza-1432-edicion-de-lujo-de-143\/","title":{"rendered":"Katy Perry lanza &#8216;1432&#8217;, edici\u00f3n de lujo de &#8216;143&#8217;"},"content":{"rendered":"<p><strong>Katy Perry<\/strong> ha lanzado una edici\u00f3n de lujo de su reciente \u00e1lbum, <em>143<\/em>.<\/p>\n<p>El registro, llamado <em>1432<\/em>incluye cuatro canciones que no aparecieron anteriormente en el lanzamiento original de septiembre. Las canciones son: \u201cI Woke Up\u201d, \u201cHas A Heart\u201d y \u201cNo Tears For New Year&#8217;s\u201d; vienen completas con tres nuevas im\u00e1genes. La edici\u00f3n de lujo tambi\u00e9n incluye una nueva canci\u00f3n, la balada ac\u00fastica \u201cOK\u201d.<\/p>\n<div class=\"uD-YT-container\"><img decoding=\"async\" src=\"https:\/\/web.consaguirre.com.ar\/noticias\/wp-content\/uploads\/2024\/12\/1734727218_413_Katy-Perry-lanza-1432-edicion-de-lujo-de-143.jpg\" alt=\"V\u00eddeo de YouTube\"><br \/>Haga clic para cargar v\u00eddeo<\/div>\n<p>Las nuevas canciones se unen a \u00e9xitos anteriores del \u00e1lbum, incluido el sencillo principal \u201cWoman&#8217;s World\u201d, el himno n\u00famero de baile \u201cLifetimes\u201d (cuyo video fue filmado en Ibiza) y \u201cI&#8217;m His, He&#8217;s Mine\u201d con el ascendente el rapero Doechii.<\/p>\n<p>Despu\u00e9s del lanzamiento <em>143<\/em> En septiembre, con un espect\u00e1culo con entradas agotadas en el Rock in Rio de Brasil para m\u00e1s de 100.000 personas, Perry regresar\u00e1 a la carretera en 2025 para el Lifetimes World Tour. Con escala en Sudam\u00e9rica, Australia, Canad\u00e1 y Europa, la gira comenzar\u00e1 en abril con cuatro fechas en la Arena CDMX de la Ciudad de M\u00e9xico.<\/p>\n<p>A principios de este a\u00f1o, Perry interpret\u00f3 un popurr\u00ed de su carrera, que inclu\u00eda canciones de <em>143<\/em>en los MTV Video Music Awards. La actuaci\u00f3n fue parte de una ceremonia en la que se le otorg\u00f3 el Premio Video Vanguardia. Mientras tanto, Perry acaba de completar una carrera de siete temporadas como <em>idolo americano<\/em> juez, as\u00ed como una aclamada residencia en Las Vegas, PLAY.<\/p>\n<p>Desde su \u00e1lbum debut de 2008, <em>uno de los chicos<\/em>Perry es una de los doce artistas en la historia que ha superado los 100 millones de unidades certificadas con el lanzamiento de sus sencillos en solitario; es la artista femenina con mayores ventas en la historia de Capitol Records, con m\u00e1s de 115 mil millones de reproducciones acumuladas junto con ventas mundiales de m\u00e1s de 70 millones de \u00e1lbumes. . Siete de sus lanzamientos han obtenido la certificaci\u00f3n Diamante de la RIAA: un \u00e1lbum y seis sencillos.<\/p><\/p>\n","protected":false},"excerpt":{"rendered":"<p>Katy Perry ha lanzado una edici\u00f3n de lujo de su reciente \u00e1lbum, 143. El registro, llamado 1432incluye cuatro canciones que no aparecieron anteriormente en el<\/p>\n","protected":false},"author":1,"featured_media":1413,"comment_status":"closed","ping_status":"","sticky":false,"template":"","format":"standard","meta":{"footnotes":""},"categories":[50],"tags":[160,303,218,298,304],"class_list":["post-1412","post","type-post","status-publish","format-standard","has-post-thumbnail","hentry","category-el-ultimo","tag-edicion","tag-katy","tag-lanza","tag-lujo","tag-perry","generate-columns","tablet-grid-50","mobile-grid-100","grid-parent","grid-50"],"yoast_head":"<!-- This site is optimized with the Yoast SEO plugin v23.3 - https:\/\/yoast.com\/wordpress\/plugins\/seo\/ -->\n<title>Katy Perry lanza &#039;1432&#039;, edici\u00f3n de lujo de &#039;143&#039;<\/title>\n<meta name=\"robots\" content=\"index, follow, max-snippet:-1, max-image-preview:large, max-video-preview:-1\" \/>\n<link rel=\"canonical\" href=\"https:\/\/web.consaguirre.com.ar\/noticias\/katy-perry-lanza-1432-edicion-de-lujo-de-143\/\" \/>\n<meta property=\"og:locale\" content=\"es_ES\" \/>\n<meta property=\"og:type\" content=\"article\" \/>\n<meta property=\"og:title\" content=\"Katy Perry lanza &#039;1432&#039;, edici\u00f3n de lujo de &#039;143&#039;\" \/>\n<meta property=\"og:description\" content=\"Katy Perry ha lanzado una edici\u00f3n de lujo de su reciente \u00e1lbum, 143. El registro, llamado 1432incluye cuatro canciones que no aparecieron anteriormente en el\" \/>\n<meta property=\"og:url\" content=\"https:\/\/web.consaguirre.com.ar\/noticias\/katy-perry-lanza-1432-edicion-de-lujo-de-143\/\" \/>\n<meta property=\"og:site_name\" content=\"Conservatorio de M\u00fasica Juli\u00e1n Aguirre\" \/>\n<meta property=\"article:published_time\" content=\"2024-12-20T20:40:18+00:00\" \/>\n<meta property=\"article:modified_time\" content=\"2024-12-20T20:40:20+00:00\" \/>\n<meta property=\"og:image\" content=\"https:\/\/web.consaguirre.com.ar\/noticias\/wp-content\/uploads\/2024\/12\/1734727218_Katy-Perry-lanza-1432-edicion-de-lujo-de-143.jpg\" \/>\n\t<meta property=\"og:image:width\" content=\"1280\" \/>\n\t<meta property=\"og:image:height\" content=\"1280\" \/>\n\t<meta property=\"og:image:type\" content=\"image\/jpeg\" \/>\n<meta name=\"author\" content=\"Javier Figueroa\" \/>\n<meta name=\"twitter:card\" content=\"summary_large_image\" \/>\n<meta name=\"twitter:label1\" content=\"Escrito por\" \/>\n\t<meta name=\"twitter:data1\" content=\"Javier Figueroa\" \/>\n\t<meta name=\"twitter:label2\" content=\"Tiempo de lectura\" \/>\n\t<meta name=\"twitter:data2\" content=\"2 minutos\" \/>\n<script type=\"application\/ld+json\" class=\"yoast-schema-graph\">{\"@context\":\"https:\/\/schema.org\",\"@graph\":[{\"@type\":\"Article\",\"@id\":\"https:\/\/web.consaguirre.com.ar\/noticias\/katy-perry-lanza-1432-edicion-de-lujo-de-143\/#article\",\"isPartOf\":{\"@id\":\"https:\/\/web.consaguirre.com.ar\/noticias\/katy-perry-lanza-1432-edicion-de-lujo-de-143\/\"},\"author\":{\"name\":\"Javier Figueroa\",\"@id\":\"https:\/\/web.consaguirre.com.ar\/noticias\/#\/schema\/person\/6558b0cfedee7ddc5425602b237d5722\"},\"headline\":\"Katy Perry lanza &#8216;1432&#8217;, edici\u00f3n de lujo de &#8216;143&#8217;\",\"datePublished\":\"2024-12-20T20:40:18+00:00\",\"dateModified\":\"2024-12-20T20:40:20+00:00\",\"mainEntityOfPage\":{\"@id\":\"https:\/\/web.consaguirre.com.ar\/noticias\/katy-perry-lanza-1432-edicion-de-lujo-de-143\/\"},\"wordCount\":340,\"publisher\":{\"@id\":\"https:\/\/web.consaguirre.com.ar\/noticias\/#organization\"},\"image\":{\"@id\":\"https:\/\/web.consaguirre.com.ar\/noticias\/katy-perry-lanza-1432-edicion-de-lujo-de-143\/#primaryimage\"},\"thumbnailUrl\":\"https:\/\/web.consaguirre.com.ar\/noticias\/wp-content\/uploads\/2024\/12\/1734727218_Katy-Perry-lanza-1432-edicion-de-lujo-de-143.jpg\",\"keywords\":[\"edici\u00f3n\",\"Katy\",\"lanza\",\"lujo\",\"Perry\"],\"articleSection\":[\"El \u00faltimo\"],\"inLanguage\":\"es-AR\"},{\"@type\":\"WebPage\",\"@id\":\"https:\/\/web.consaguirre.com.ar\/noticias\/katy-perry-lanza-1432-edicion-de-lujo-de-143\/\",\"url\":\"https:\/\/web.consaguirre.com.ar\/noticias\/katy-perry-lanza-1432-edicion-de-lujo-de-143\/\",\"name\":\"Katy Perry lanza '1432', edici\u00f3n de lujo de '143'\",\"isPartOf\":{\"@id\":\"https:\/\/web.consaguirre.com.ar\/noticias\/#website\"},\"primaryImageOfPage\":{\"@id\":\"https:\/\/web.consaguirre.com.ar\/noticias\/katy-perry-lanza-1432-edicion-de-lujo-de-143\/#primaryimage\"},\"image\":{\"@id\":\"https:\/\/web.consaguirre.com.ar\/noticias\/katy-perry-lanza-1432-edicion-de-lujo-de-143\/#primaryimage\"},\"thumbnailUrl\":\"https:\/\/web.consaguirre.com.ar\/noticias\/wp-content\/uploads\/2024\/12\/1734727218_Katy-Perry-lanza-1432-edicion-de-lujo-de-143.jpg\",\"datePublished\":\"2024-12-20T20:40:18+00:00\",\"dateModified\":\"2024-12-20T20:40:20+00:00\",\"breadcrumb\":{\"@id\":\"https:\/\/web.consaguirre.com.ar\/noticias\/katy-perry-lanza-1432-edicion-de-lujo-de-143\/#breadcrumb\"},\"inLanguage\":\"es-AR\",\"potentialAction\":[{\"@type\":\"ReadAction\",\"target\":[\"https:\/\/web.consaguirre.com.ar\/noticias\/katy-perry-lanza-1432-edicion-de-lujo-de-143\/\"]}]},{\"@type\":\"ImageObject\",\"inLanguage\":\"es-AR\",\"@id\":\"https:\/\/web.consaguirre.com.ar\/noticias\/katy-perry-lanza-1432-edicion-de-lujo-de-143\/#primaryimage\",\"url\":\"https:\/\/web.consaguirre.com.ar\/noticias\/wp-content\/uploads\/2024\/12\/1734727218_Katy-Perry-lanza-1432-edicion-de-lujo-de-143.jpg\",\"contentUrl\":\"https:\/\/web.consaguirre.com.ar\/noticias\/wp-content\/uploads\/2024\/12\/1734727218_Katy-Perry-lanza-1432-edicion-de-lujo-de-143.jpg\",\"width\":1280,\"height\":1280,\"caption\":\"Katy Perry lanza '1432', edici\u00f3n de lujo de '143'\"},{\"@type\":\"BreadcrumbList\",\"@id\":\"https:\/\/web.consaguirre.com.ar\/noticias\/katy-perry-lanza-1432-edicion-de-lujo-de-143\/#breadcrumb\",\"itemListElement\":[{\"@type\":\"ListItem\",\"position\":1,\"name\":\"Inicio\",\"item\":\"https:\/\/web.consaguirre.com.ar\/noticias\/\"},{\"@type\":\"ListItem\",\"position\":2,\"name\":\"Katy Perry lanza &#8216;1432&#8217;, edici\u00f3n de lujo de &#8216;143&#8217;\"}]},{\"@type\":\"WebSite\",\"@id\":\"https:\/\/web.consaguirre.com.ar\/noticias\/#website\",\"url\":\"https:\/\/web.consaguirre.com.ar\/noticias\/\",\"name\":\"Conservatorio de M\u00fasica Juli\u00e1n Aguirre\",\"description\":\"\",\"publisher\":{\"@id\":\"https:\/\/web.consaguirre.com.ar\/noticias\/#organization\"},\"potentialAction\":[{\"@type\":\"SearchAction\",\"target\":{\"@type\":\"EntryPoint\",\"urlTemplate\":\"https:\/\/web.consaguirre.com.ar\/noticias\/?s={search_term_string}\"},\"query-input\":\"required name=search_term_string\"}],\"inLanguage\":\"es-AR\"},{\"@type\":\"Organization\",\"@id\":\"https:\/\/web.consaguirre.com.ar\/noticias\/#organization\",\"name\":\"Conservatorio de M\u00fasica Juli\u00e1n Aguirre\",\"url\":\"https:\/\/web.consaguirre.com.ar\/noticias\/\",\"logo\":{\"@type\":\"ImageObject\",\"inLanguage\":\"es-AR\",\"@id\":\"https:\/\/web.consaguirre.com.ar\/noticias\/#\/schema\/logo\/image\/\",\"url\":\"https:\/\/web.consaguirre.com.ar\/noticias\/wp-content\/uploads\/2024\/08\/Banner-Aguirre-23.jpg\",\"contentUrl\":\"https:\/\/web.consaguirre.com.ar\/noticias\/wp-content\/uploads\/2024\/08\/Banner-Aguirre-23.jpg\",\"width\":1192,\"height\":600,\"caption\":\"Conservatorio de M\u00fasica Juli\u00e1n Aguirre\"},\"image\":{\"@id\":\"https:\/\/web.consaguirre.com.ar\/noticias\/#\/schema\/logo\/image\/\"}},{\"@type\":\"Person\",\"@id\":\"https:\/\/web.consaguirre.com.ar\/noticias\/#\/schema\/person\/6558b0cfedee7ddc5425602b237d5722\",\"name\":\"Javier Figueroa\",\"image\":{\"@type\":\"ImageObject\",\"inLanguage\":\"es-AR\",\"@id\":\"https:\/\/web.consaguirre.com.ar\/noticias\/#\/schema\/person\/image\/\",\"url\":\"https:\/\/web.consaguirre.com.ar\/noticias\/wp-content\/uploads\/2024\/08\/Consaguirre-scaled.jpg\",\"contentUrl\":\"https:\/\/web.consaguirre.com.ar\/noticias\/wp-content\/uploads\/2024\/08\/Consaguirre-scaled.jpg\",\"caption\":\"Javier Figueroa\"},\"description\":\"Me llamo Javier Figueroa y soy redactor para el sitio oficial del Conservatorio de M\u00fasica Juli\u00e1n Aguirre en Buenos Aires, consaguirre.com. Apasionado por la m\u00fasica y la escritura, me esfuerzo por destacar los talentos y eventos de nuestra prestigiosa instituci\u00f3n. Mi trayectoria se nutre de una profunda admiraci\u00f3n por los artistas, haciendo de cada art\u00edculo una celebraci\u00f3n de la creatividad y la cultura musical.\",\"sameAs\":[\"https:\/\/web.consaguirre.com.ar\/noticias\"]}]}<\/script>\n<!-- \/ Yoast SEO plugin. -->","yoast_head_json":{"title":"Katy Perry lanza '1432', edici\u00f3n de lujo de '143'","robots":{"index":"index","follow":"follow","max-snippet":"max-snippet:-1","max-image-preview":"max-image-preview:large","max-video-preview":"max-video-preview:-1"},"canonical":"https:\/\/web.consaguirre.com.ar\/noticias\/katy-perry-lanza-1432-edicion-de-lujo-de-143\/","og_locale":"es_ES","og_type":"article","og_title":"Katy Perry lanza '1432', edici\u00f3n de lujo de '143'","og_description":"Katy Perry ha lanzado una edici\u00f3n de lujo de su reciente \u00e1lbum, 143. El registro, llamado 1432incluye cuatro canciones que no aparecieron anteriormente en el","og_url":"https:\/\/web.consaguirre.com.ar\/noticias\/katy-perry-lanza-1432-edicion-de-lujo-de-143\/","og_site_name":"Conservatorio de M\u00fasica Juli\u00e1n Aguirre","article_published_time":"2024-12-20T20:40:18+00:00","article_modified_time":"2024-12-20T20:40:20+00:00","og_image":[{"width":1280,"height":1280,"url":"https:\/\/web.consaguirre.com.ar\/noticias\/wp-content\/uploads\/2024\/12\/1734727218_Katy-Perry-lanza-1432-edicion-de-lujo-de-143.jpg","type":"image\/jpeg"}],"author":"Javier Figueroa","twitter_card":"summary_large_image","twitter_misc":{"Escrito por":"Javier Figueroa","Tiempo de lectura":"2 minutos"},"schema":{"@context":"https:\/\/schema.org","@graph":[{"@type":"Article","@id":"https:\/\/web.consaguirre.com.ar\/noticias\/katy-perry-lanza-1432-edicion-de-lujo-de-143\/#article","isPartOf":{"@id":"https:\/\/web.consaguirre.com.ar\/noticias\/katy-perry-lanza-1432-edicion-de-lujo-de-143\/"},"author":{"name":"Javier Figueroa","@id":"https:\/\/web.consaguirre.com.ar\/noticias\/#\/schema\/person\/6558b0cfedee7ddc5425602b237d5722"},"headline":"Katy Perry lanza &#8216;1432&#8217;, edici\u00f3n de lujo de &#8216;143&#8217;","datePublished":"2024-12-20T20:40:18+00:00","dateModified":"2024-12-20T20:40:20+00:00","mainEntityOfPage":{"@id":"https:\/\/web.consaguirre.com.ar\/noticias\/katy-perry-lanza-1432-edicion-de-lujo-de-143\/"},"wordCount":340,"publisher":{"@id":"https:\/\/web.consaguirre.com.ar\/noticias\/#organization"},"image":{"@id":"https:\/\/web.consaguirre.com.ar\/noticias\/katy-perry-lanza-1432-edicion-de-lujo-de-143\/#primaryimage"},"thumbnailUrl":"https:\/\/web.consaguirre.com.ar\/noticias\/wp-content\/uploads\/2024\/12\/1734727218_Katy-Perry-lanza-1432-edicion-de-lujo-de-143.jpg","keywords":["edici\u00f3n","Katy","lanza","lujo","Perry"],"articleSection":["El \u00faltimo"],"inLanguage":"es-AR"},{"@type":"WebPage","@id":"https:\/\/web.consaguirre.com.ar\/noticias\/katy-perry-lanza-1432-edicion-de-lujo-de-143\/","url":"https:\/\/web.consaguirre.com.ar\/noticias\/katy-perry-lanza-1432-edicion-de-lujo-de-143\/","name":"Katy Perry lanza '1432', edici\u00f3n de lujo de '143'","isPartOf":{"@id":"https:\/\/web.consaguirre.com.ar\/noticias\/#website"},"primaryImageOfPage":{"@id":"https:\/\/web.consaguirre.com.ar\/noticias\/katy-perry-lanza-1432-edicion-de-lujo-de-143\/#primaryimage"},"image":{"@id":"https:\/\/web.consaguirre.com.ar\/noticias\/katy-perry-lanza-1432-edicion-de-lujo-de-143\/#primaryimage"},"thumbnailUrl":"https:\/\/web.consaguirre.com.ar\/noticias\/wp-content\/uploads\/2024\/12\/1734727218_Katy-Perry-lanza-1432-edicion-de-lujo-de-143.jpg","datePublished":"2024-12-20T20:40:18+00:00","dateModified":"2024-12-20T20:40:20+00:00","breadcrumb":{"@id":"https:\/\/web.consaguirre.com.ar\/noticias\/katy-perry-lanza-1432-edicion-de-lujo-de-143\/#breadcrumb"},"inLanguage":"es-AR","potentialAction":[{"@type":"ReadAction","target":["https:\/\/web.consaguirre.com.ar\/noticias\/katy-perry-lanza-1432-edicion-de-lujo-de-143\/"]}]},{"@type":"ImageObject","inLanguage":"es-AR","@id":"https:\/\/web.consaguirre.com.ar\/noticias\/katy-perry-lanza-1432-edicion-de-lujo-de-143\/#primaryimage","url":"https:\/\/web.consaguirre.com.ar\/noticias\/wp-content\/uploads\/2024\/12\/1734727218_Katy-Perry-lanza-1432-edicion-de-lujo-de-143.jpg","contentUrl":"https:\/\/web.consaguirre.com.ar\/noticias\/wp-content\/uploads\/2024\/12\/1734727218_Katy-Perry-lanza-1432-edicion-de-lujo-de-143.jpg","width":1280,"height":1280,"caption":"Katy Perry lanza '1432', edici\u00f3n de lujo de '143'"},{"@type":"BreadcrumbList","@id":"https:\/\/web.consaguirre.com.ar\/noticias\/katy-perry-lanza-1432-edicion-de-lujo-de-143\/#breadcrumb","itemListElement":[{"@type":"ListItem","position":1,"name":"Inicio","item":"https:\/\/web.consaguirre.com.ar\/noticias\/"},{"@type":"ListItem","position":2,"name":"Katy Perry lanza &#8216;1432&#8217;, edici\u00f3n de lujo de &#8216;143&#8217;"}]},{"@type":"WebSite","@id":"https:\/\/web.consaguirre.com.ar\/noticias\/#website","url":"https:\/\/web.consaguirre.com.ar\/noticias\/","name":"Conservatorio de M\u00fasica Juli\u00e1n Aguirre","description":"","publisher":{"@id":"https:\/\/web.consaguirre.com.ar\/noticias\/#organization"},"potentialAction":[{"@type":"SearchAction","target":{"@type":"EntryPoint","urlTemplate":"https:\/\/web.consaguirre.com.ar\/noticias\/?s={search_term_string}"},"query-input":"required name=search_term_string"}],"inLanguage":"es-AR"},{"@type":"Organization","@id":"https:\/\/web.consaguirre.com.ar\/noticias\/#organization","name":"Conservatorio de M\u00fasica Juli\u00e1n Aguirre","url":"https:\/\/web.consaguirre.com.ar\/noticias\/","logo":{"@type":"ImageObject","inLanguage":"es-AR","@id":"https:\/\/web.consaguirre.com.ar\/noticias\/#\/schema\/logo\/image\/","url":"https:\/\/web.consaguirre.com.ar\/noticias\/wp-content\/uploads\/2024\/08\/Banner-Aguirre-23.jpg","contentUrl":"https:\/\/web.consaguirre.com.ar\/noticias\/wp-content\/uploads\/2024\/08\/Banner-Aguirre-23.jpg","width":1192,"height":600,"caption":"Conservatorio de M\u00fasica Juli\u00e1n Aguirre"},"image":{"@id":"https:\/\/web.consaguirre.com.ar\/noticias\/#\/schema\/logo\/image\/"}},{"@type":"Person","@id":"https:\/\/web.consaguirre.com.ar\/noticias\/#\/schema\/person\/6558b0cfedee7ddc5425602b237d5722","name":"Javier Figueroa","image":{"@type":"ImageObject","inLanguage":"es-AR","@id":"https:\/\/web.consaguirre.com.ar\/noticias\/#\/schema\/person\/image\/","url":"https:\/\/web.consaguirre.com.ar\/noticias\/wp-content\/uploads\/2024\/08\/Consaguirre-scaled.jpg","contentUrl":"https:\/\/web.consaguirre.com.ar\/noticias\/wp-content\/uploads\/2024\/08\/Consaguirre-scaled.jpg","caption":"Javier Figueroa"},"description":"Me llamo Javier Figueroa y soy redactor para el sitio oficial del Conservatorio de M\u00fasica Juli\u00e1n Aguirre en Buenos Aires, consaguirre.com. Apasionado por la m\u00fasica y la escritura, me esfuerzo por destacar los talentos y eventos de nuestra prestigiosa instituci\u00f3n. Mi trayectoria se nutre de una profunda admiraci\u00f3n por los artistas, haciendo de cada art\u00edculo una celebraci\u00f3n de la creatividad y la cultura musical.","sameAs":["https:\/\/web.consaguirre.com.ar\/noticias"]}]}},"_links":{"self":[{"href":"https:\/\/web.consaguirre.com.ar\/noticias\/wp-json\/wp\/v2\/posts\/1412"}],"collection":[{"href":"https:\/\/web.consaguirre.com.ar\/noticias\/wp-json\/wp\/v2\/posts"}],"about":[{"href":"https:\/\/web.consaguirre.com.ar\/noticias\/wp-json\/wp\/v2\/types\/post"}],"author":[{"embeddable":true,"href":"https:\/\/web.consaguirre.com.ar\/noticias\/wp-json\/wp\/v2\/users\/1"}],"replies":[{"embeddable":true,"href":"https:\/\/web.consaguirre.com.ar\/noticias\/wp-json\/wp\/v2\/comments?post=1412"}],"version-history":[{"count":1,"href":"https:\/\/web.consaguirre.com.ar\/noticias\/wp-json\/wp\/v2\/posts\/1412\/revisions"}],"predecessor-version":[{"id":1414,"href":"https:\/\/web.consaguirre.com.ar\/noticias\/wp-json\/wp\/v2\/posts\/1412\/revisions\/1414"}],"wp:featuredmedia":[{"embeddable":true,"href":"https:\/\/web.consaguirre.com.ar\/noticias\/wp-json\/wp\/v2\/media\/1413"}],"wp:attachment":[{"href":"https:\/\/web.consaguirre.com.ar\/noticias\/wp-json\/wp\/v2\/media?parent=1412"}],"wp:term":[{"taxonomy":"category","embeddable":true,"href":"https:\/\/web.consaguirre.com.ar\/noticias\/wp-json\/wp\/v2\/categories?post=1412"},{"taxonomy":"post_tag","embeddable":true,"href":"https:\/\/web.consaguirre.com.ar\/noticias\/wp-json\/wp\/v2\/tags?post=1412"}],"curies":[{"name":"wp","href":"https:\/\/api.w.org\/{rel}","templated":true}]}}