{"id":141,"date":"2024-08-26T11:42:23","date_gmt":"2024-08-26T14:42:23","guid":{"rendered":"https:\/\/web.consaguirre.com.ar\/noticias\/entrevista-marius-neset-camino-al-siguiente-nivel\/"},"modified":"2024-09-08T16:27:50","modified_gmt":"2024-09-08T19:27:50","slug":"entrevista-marius-neset-camino-al-siguiente-nivel","status":"publish","type":"post","link":"https:\/\/web.consaguirre.com.ar\/noticias\/entrevista-marius-neset-camino-al-siguiente-nivel\/","title":{"rendered":"Entrevista: Marius Neset \u2013 \u00a1Camino al siguiente nivel!"},"content":{"rendered":"<div class=\"entry\" itemprop=\"text\">\n<p><em><strong>Durante el Festival de Jazz Abierto de Bod\u00f8, celebrado el 31 de enero de 2024, Gerd Harthus tuvo el placer de entrevistar al saxofonista noruego Marius Neset. Con una mezcla ecl\u00e9ctica de influencias y un enfoque \u00fanico de su m\u00fasica, Neset es conocido por sus composiciones que van m\u00e1s all\u00e1 de los l\u00edmites y su dominio incomparable del saxof\u00f3n. En esta entrevista exclusiva, Neset nos cuenta su recorrido geogr\u00e1fico y musical, su proceso creativo y su visi\u00f3n del mundo del jazz actual.<\/strong><\/em><\/p>\n<p><strong>Gerd Harthus: Estudiaste en Copenhague, tu banda es en parte brit\u00e1nica y has trabajado regularmente con Anton Eger en el Reino Unido. \u00bfD\u00f3nde te sientes geogr\u00e1ficamente como en casa?<\/strong><\/p>\n<p><strong>Mario Nestet:<\/strong> Bueno, mi casa est\u00e1 en Oslo, donde est\u00e1 mi familia. Tambi\u00e9n viv\u00ed en Copenhague durante 16 a\u00f1os, que se ha convertido en mi segundo hogar, pero el lugar de mi infancia est\u00e1 en Os, cerca de Bergen. B\u00e1sicamente, son tres lugares diferentes a los que puedo llamar hogar.<\/p>\n<p><strong>GH: Como m\u00fasico int\u00e9rprete, imagino que viajas mucho. \u00bfCon qu\u00e9 frecuencia est\u00e1s de gira?<\/strong><\/p>\n<p><strong>MINNESOTA:<\/strong> En realidad, no viajo mucho. Paso mucho tiempo componiendo, principalmente para mis propios proyectos, pero tambi\u00e9n para orquestas y grandes conjuntos, aunque, dependiendo del proyecto, tambi\u00e9n para escenarios m\u00e1s peque\u00f1os. En la mayor\u00eda de los proyectos soy solista. Esto me permite quedarme en casa tanto como sea posible, lo cual es muy importante para m\u00ed teniendo en cuenta que tengo ni\u00f1os peque\u00f1os. Pero, por supuesto, cuando es necesario viajo bastante, sobre todo dentro de Europa.<\/p>\n<p><strong>GH: Viendo tu producci\u00f3n, me parece que eres muy productivo. Por ejemplo, tu \u00faltimo \u00e1lbum, \u201cGeyser\u201d, me imagino que te habr\u00e1 llevado mucho tiempo producirlo.<\/strong><\/p>\n<p><strong>EM:<\/strong> Comenc\u00e9 a componer para \u201cGeyser\u201d en el oto\u00f1o de 2021 y lo present\u00e9 en julio de 2022 y, durante ese tiempo, trabaj\u00e9 en \u00e9l casi continuamente. Lo curioso fue que, al mismo tiempo que trabajaba en este proyecto, tambi\u00e9n estaba escribiendo un concierto para flauta para la Orquesta de la Radio Noruega con mi hermana en la flauta y estaba trabajando en el nuevo \u00e1lbum de mi cuarteto, \u201cHappy\u201d.<\/p>\n<div id=\"attachment_60550\" style=\"width: 1034px\" class=\"wp-caption aligncenter\">\n<p class=\"wp-caption-text\">Fotograf\u00eda \u00a9 Werner Siebert<\/p>\n<\/div>\n<p>Afortunadamente, mi problema es m\u00e1s bien que tengo demasiadas ideas. El reto es simplemente estructurarlas, darles forma a las canciones para que funcionen. Y eso significa que tengo que descartar muchas ideas que son buenas en s\u00ed mismas, pero que a menudo puedo usarlas m\u00e1s tarde como punto de partida para algo m\u00e1s. Esa es mi forma de trabajar: trabajo en diferentes cosas al mismo tiempo. Puedo desarrollar las ideas para un nuevo proyecto en apenas unos d\u00edas, pero luego necesito varios meses para finalizarlas y estructurarlas. Los detalles son los que m\u00e1s tiempo llevan. Compones, lo dejas a un lado y lo retomas, lo escuchas con nuevos o\u00eddos, lo ves desde una nueva perspectiva.<\/p>\n<p><strong>GH: \u00bfEstudiaste oficialmente Composici\u00f3n?<\/strong><\/p>\n<p><strong>MINNESOTA:<\/strong> Bueno, no, no en la escuela. He compuesto toda mi vida, b\u00e1sicamente aprend\u00ed a hacerlo, de hecho llevo escribiendo m\u00fasica desde que ten\u00eda cinco a\u00f1os. Improvisar es muy parecido a componer, excepto que cuando compones, la revisas una segunda y una tercera vez para mejorar la canci\u00f3n, para hacerla un poco m\u00e1s perfecta. Cuando era m\u00e1s mayor, estudi\u00e9 partituras de diferentes g\u00e9neros y tom\u00e9 algunas lecciones con varios compositores. Django Bates, por supuesto, fue muy importante; tocamos mucho juntos.<\/p>\n<p>Mis composiciones y arreglos son muy detallados, incluso cuando escribo para grupos m\u00e1s peque\u00f1os. S\u00ed, a veces soy muy estructurada, \u00a1bueno, en la m\u00fasica, al menos! Pero tambi\u00e9n me encanta el enfoque espont\u00e1neo, que es tan importante en el jazz. Todos estamos muy abiertos a nuevas ideas cuando tocamos y eso hace que sea divertido llevar las canciones en nuevas direcciones.<\/p>\n<p><strong>GH: \u00bfTe sientes m\u00e1s un artista europeo o eres m\u00e1s un aut\u00e9ntico m\u00fasico noruego, como lo describi\u00f3 una vez George Russell, un compositor que estudia la herencia nacional para encontrar sus ra\u00edces?<\/strong><\/p>\n<p><strong>MINNESOTA:<\/strong> No espec\u00edficamente lo \u00faltimo. He escuchado y estudiado muchos g\u00e9neros musicales diferentes de todo el mundo. Para m\u00ed, la m\u00fasica es un lenguaje universal. Pero me encanta inspirarme, por ejemplo, en la m\u00fasica folcl\u00f3rica balc\u00e1nica o irlandesa, el pop y la m\u00fasica cl\u00e1sica.<\/p>\n<p><strong><img loading=\"lazy\" decoding=\"async\" class=\"alignright wp-image-60548\" src=\"https:\/\/web.consaguirre.com.ar\/noticias\/wp-content\/uploads\/2024\/08\/1724682746_201_Entrevista-Marius-Neset-\u2013-\u00a1Camino-al-siguiente-nivel.jpg\" alt=\"\" width=\"400\" height=\"360\"  >GH: Cuando escuch\u00e9 tu \u00faltimo \u00e1lbum, \u201cGeyser\u201d, me pregunt\u00e9 hacia d\u00f3nde te dirig\u00edas, estil\u00edsticamente hablando, y qu\u00e9 pensar\u00eda de \u00e9l la \u201cpolic\u00eda del jazz\u201d. \u00a1Me parece que no te interesa todo eso! \u00bfEstoy en lo cierto?<\/strong><\/p>\n<p><strong>MINNESOTA:<\/strong> S\u00ed, tienes raz\u00f3n. En aquella \u00e9poca estaba muy influenciado por la m\u00fasica cl\u00e1sica contempor\u00e1nea, pero al mismo tiempo tambi\u00e9n hab\u00eda esos grooves. No s\u00e9 de d\u00f3nde ven\u00edan. Estos elementos, mis grooves, los acordes y ese peque\u00f1o \u201cdip-dip\u201d que tom\u00e9 de la nueva m\u00fasica contempor\u00e1nea, de alguna manera ten\u00edan que integrarse en algo nuevo. Ya tengo un sistema, pero la verdadera diversi\u00f3n comienza cuando me alejo de mi propio sistema y simplemente me abro.<\/p>\n<p>Escucho a Beethoven, Brahms; tengo influencias de Keith Jarrett y Pat Metheny. Tambi\u00e9n aparecen algunas armon\u00edas pop o gospel y soul. Hab\u00eda tantas ideas en juego que tuve que trabajar mucho para estructurarlas, para encontrar una forma musical que tuviera sentido y contara una historia.<\/p>\n<p><strong>GH: Entonces, \u00bfeso significa que escuchas mucha m\u00fasica diferente adem\u00e1s de jazz cuando est\u00e1s en casa?<\/strong><\/p>\n<p><strong>MINNESOTA:<\/strong> Mucho. Ahora mismo estoy escuchando la cuarta sinfon\u00eda de Brahms. Me encanta, es fant\u00e1stica. Nunca ser\u00eda capaz de componer algo as\u00ed, pero me encanta tenerla en la cabeza como inspiraci\u00f3n para crear algo propio. Hice lo mismo con la s\u00e9ptima sinfon\u00eda de Beethoven, con el R\u00e9quiem de Mozart, del que surgi\u00f3 el \u201cBallet de Praga\u201d. As\u00ed que, muy a menudo, mis canciones empiezan con un sonido que he o\u00eddo o una melod\u00eda que he tocado en un concierto o incluso he so\u00f1ado. Una vez que lo tienes, es f\u00e1cil crear algo nuevo, pero en alg\u00fan momento tienes que parar, descomponerlo de nuevo y descartar elementos.<\/p>\n<p><strong>GH: Hablando de influencias, siendo noruego supongo que escuchaste mucho a Jan Garbarek.<\/strong><\/p>\n<p><strong>MINNESOTA:<\/strong> Me inspira mucho, aunque no lo conozco. Es uno de los saxofonistas m\u00e1s importantes y un modelo a seguir, no s\u00f3lo para los j\u00f3venes m\u00fasicos noruegos. Si me preguntas por otros modelos a seguir, me resulta dif\u00edcil elegir s\u00f3lo unos pocos. En mi adolescencia, que es muy importante, admiraba a Charlie Parker y Michael Brecker. Eran mis h\u00e9roes del saxof\u00f3n. Wayne Shorter y Sonny Rollins tambi\u00e9n me inspiraron mucho, por no hablar de Joshua Redman, que trabaj\u00f3 durante un tiempo con la Orquesta de Jazz de Trondheim, y Ola Kvernberg, el violinista noruego.<\/p>\n<p><strong>GH: Pero ve\u00e1moslo desde otra perspectiva: \u00bfQu\u00e9 significa el jazz para ti? \u00bfSigue siendo un g\u00e9nero relevante para ti?<\/strong><\/p>\n<p><strong>MINNESOTA:<\/strong> Esa es una pregunta muy interesante. Acabo de grabar un nuevo \u00e1lbum con un pianista cl\u00e1sico muy bueno, Leif Ove Andsnes. Nos conocemos desde hace bastante tiempo. Despu\u00e9s de grabar el \u00e1lbum, nos preguntamos si era jazz o m\u00fasica cl\u00e1sica, pero al final no pudimos decidirnos con claridad. Tampoco nos pareci\u00f3 que &#8220;crossover&#8221; fuera el t\u00e9rmino adecuado. As\u00ed que te dar\u00e9 una respuesta aburrida a tu pregunta: \u00a1Me encanta considerarlo m\u00fasica! Pero el jazz est\u00e1 en mi ADN musical, esa magia de la espontaneidad de la &#8220;composici\u00f3n instant\u00e1nea&#8221;. \u00a1A veces obtienes resultados con los que ni siquiera so\u00f1abas! Eso es lo que hace tan especial al jazz.<\/p>\n<\/p>\n<p><img loading=\"lazy\" decoding=\"async\" class=\"aligncenter size-large wp-image-60552\" src=\"https:\/\/web.consaguirre.com.ar\/noticias\/wp-content\/uploads\/2024\/08\/1724682746_376_Entrevista-Marius-Neset-\u2013-\u00a1Camino-al-siguiente-nivel.jpg\" alt=\"\" width=\"1024\" height=\"682\"  ><\/p>\n<p><strong>GH: A menudo pienso en Edvard Grieg cuando escucho tu m\u00fasica orquestal.<\/strong><\/p>\n<p><strong>MINNESOTA:<\/strong> S\u00ed, \u00e9l cre\u00f3 muchos de los acordes de moda que aparecen en el jazz moderno hoy en d\u00eda. Tambi\u00e9n es muy interesante escuchar su Balada en sol menor o el Concierto en mi menor. Hay tantas melod\u00edas maravillosas, armon\u00edas excelentes. Mi madre es pianista cl\u00e1sica, as\u00ed que nuestra casa estaba llena de m\u00fasica. Las melod\u00edas que escuchas en tu infancia te acompa\u00f1an por el resto de tu vida. Y ella realmente tocaba mucho a Grieg.<\/p>\n<p><strong>GH: Trabajas con Act Music de Sigi Loch desde hace alg\u00fan tiempo. \u00bfQu\u00e9 opinas de ellos como sello?<\/strong><\/p>\n<p><strong>MINNESOTA:<\/strong> Sigi Loch ha hecho mucho por m\u00ed, por lo que Act ha jugado un papel muy importante en mi carrera. En primer lugar, me ha concedido total libertad musical, lo cual es muy importante para m\u00ed. All\u00ed nadie me ha dicho nunca lo que ten\u00eda que hacer. Y lo que es igualmente importante: han hecho mucho por vender mis discos.<\/p>\n<p><strong>GH: Marius, bueno, gracias por tomarte el tiempo para hablar conmigo, s\u00e9 que tienes una agenda ocupada aqu\u00ed en el festival as\u00ed que lo aprecio.<\/strong><\/p>\n<p><strong>MINNESOTA:<\/strong> De nada, Gerd.<\/p>\n<\/p>\n<div class=\"post-pagination\"><\/div>\n<div class=\"clearfix\"><\/div>\n<\/p><\/div>\n","protected":false},"excerpt":{"rendered":"<p>Durante el Festival de Jazz Abierto de Bod\u00f8, celebrado el 31 de enero de 2024, Gerd Harthus tuvo el placer de entrevistar al saxofonista noruego<\/p>\n","protected":false},"author":1,"featured_media":122,"comment_status":"closed","ping_status":"open","sticky":false,"template":"","format":"standard","meta":{"footnotes":""},"categories":[5],"tags":[38,35,36,37,40,39],"class_list":["post-141","post","type-post","status-publish","format-standard","has-post-thumbnail","hentry","category-entrevista","tag-camino","tag-entrevista","tag-marius","tag-neset","tag-nivel","tag-siguiente","generate-columns","tablet-grid-50","mobile-grid-100","grid-parent","grid-50"],"yoast_head":"<!-- This site is optimized with the Yoast SEO plugin v23.3 - https:\/\/yoast.com\/wordpress\/plugins\/seo\/ -->\n<title>Entrevista: Marius Neset \u2013 \u00a1Camino al siguiente nivel!<\/title>\n<meta name=\"robots\" content=\"index, follow, max-snippet:-1, max-image-preview:large, max-video-preview:-1\" \/>\n<link rel=\"canonical\" href=\"https:\/\/web.consaguirre.com.ar\/noticias\/entrevista-marius-neset-camino-al-siguiente-nivel\/\" \/>\n<meta property=\"og:locale\" content=\"es_ES\" \/>\n<meta property=\"og:type\" content=\"article\" \/>\n<meta property=\"og:title\" content=\"Entrevista: Marius Neset \u2013 \u00a1Camino al siguiente nivel!\" \/>\n<meta property=\"og:description\" content=\"Durante el Festival de Jazz Abierto de Bod\u00f8, celebrado el 31 de enero de 2024, Gerd Harthus tuvo el placer de entrevistar al saxofonista noruego\" \/>\n<meta property=\"og:url\" content=\"https:\/\/web.consaguirre.com.ar\/noticias\/entrevista-marius-neset-camino-al-siguiente-nivel\/\" \/>\n<meta property=\"og:site_name\" content=\"Conservatorio de M\u00fasica Juli\u00e1n Aguirre\" \/>\n<meta property=\"article:published_time\" content=\"2024-08-26T14:42:23+00:00\" \/>\n<meta property=\"article:modified_time\" content=\"2024-09-08T19:27:50+00:00\" \/>\n<meta property=\"og:image\" content=\"https:\/\/web.consaguirre.com.ar\/noticias\/wp-content\/uploads\/2024\/08\/Entrevista-Marius-Neset-\u2013-\u00a1Camino-al-siguiente-nivel.jpg\" \/>\n\t<meta property=\"og:image:width\" content=\"1024\" \/>\n\t<meta property=\"og:image:height\" content=\"684\" \/>\n\t<meta property=\"og:image:type\" content=\"image\/jpeg\" \/>\n<meta name=\"author\" content=\"Javier Figueroa\" \/>\n<meta name=\"twitter:card\" content=\"summary_large_image\" \/>\n<meta name=\"twitter:label1\" content=\"Escrito por\" \/>\n\t<meta name=\"twitter:data1\" content=\"Javier Figueroa\" \/>\n\t<meta name=\"twitter:label2\" content=\"Tiempo de lectura\" \/>\n\t<meta name=\"twitter:data2\" content=\"8 minutos\" \/>\n<script type=\"application\/ld+json\" class=\"yoast-schema-graph\">{\"@context\":\"https:\/\/schema.org\",\"@graph\":[{\"@type\":\"Article\",\"@id\":\"https:\/\/web.consaguirre.com.ar\/noticias\/entrevista-marius-neset-camino-al-siguiente-nivel\/#article\",\"isPartOf\":{\"@id\":\"https:\/\/web.consaguirre.com.ar\/noticias\/entrevista-marius-neset-camino-al-siguiente-nivel\/\"},\"author\":{\"name\":\"Javier Figueroa\",\"@id\":\"https:\/\/web.consaguirre.com.ar\/noticias\/#\/schema\/person\/6558b0cfedee7ddc5425602b237d5722\"},\"headline\":\"Entrevista: Marius Neset \u2013 \u00a1Camino al siguiente nivel!\",\"datePublished\":\"2024-08-26T14:42:23+00:00\",\"dateModified\":\"2024-09-08T19:27:50+00:00\",\"mainEntityOfPage\":{\"@id\":\"https:\/\/web.consaguirre.com.ar\/noticias\/entrevista-marius-neset-camino-al-siguiente-nivel\/\"},\"wordCount\":1521,\"publisher\":{\"@id\":\"https:\/\/web.consaguirre.com.ar\/noticias\/#organization\"},\"image\":{\"@id\":\"https:\/\/web.consaguirre.com.ar\/noticias\/entrevista-marius-neset-camino-al-siguiente-nivel\/#primaryimage\"},\"thumbnailUrl\":\"https:\/\/web.consaguirre.com.ar\/noticias\/wp-content\/uploads\/2024\/08\/Entrevista-Marius-Neset-\u2013-\u00a1Camino-al-siguiente-nivel.jpg\",\"keywords\":[\"Camino\",\"Entrevista\",\"Marius\",\"Neset\",\"nivel\",\"siguiente\"],\"articleSection\":[\"Entrevista\"],\"inLanguage\":\"es-AR\"},{\"@type\":\"WebPage\",\"@id\":\"https:\/\/web.consaguirre.com.ar\/noticias\/entrevista-marius-neset-camino-al-siguiente-nivel\/\",\"url\":\"https:\/\/web.consaguirre.com.ar\/noticias\/entrevista-marius-neset-camino-al-siguiente-nivel\/\",\"name\":\"Entrevista: Marius Neset \u2013 \u00a1Camino al siguiente nivel!\",\"isPartOf\":{\"@id\":\"https:\/\/web.consaguirre.com.ar\/noticias\/#website\"},\"primaryImageOfPage\":{\"@id\":\"https:\/\/web.consaguirre.com.ar\/noticias\/entrevista-marius-neset-camino-al-siguiente-nivel\/#primaryimage\"},\"image\":{\"@id\":\"https:\/\/web.consaguirre.com.ar\/noticias\/entrevista-marius-neset-camino-al-siguiente-nivel\/#primaryimage\"},\"thumbnailUrl\":\"https:\/\/web.consaguirre.com.ar\/noticias\/wp-content\/uploads\/2024\/08\/Entrevista-Marius-Neset-\u2013-\u00a1Camino-al-siguiente-nivel.jpg\",\"datePublished\":\"2024-08-26T14:42:23+00:00\",\"dateModified\":\"2024-09-08T19:27:50+00:00\",\"breadcrumb\":{\"@id\":\"https:\/\/web.consaguirre.com.ar\/noticias\/entrevista-marius-neset-camino-al-siguiente-nivel\/#breadcrumb\"},\"inLanguage\":\"es-AR\",\"potentialAction\":[{\"@type\":\"ReadAction\",\"target\":[\"https:\/\/web.consaguirre.com.ar\/noticias\/entrevista-marius-neset-camino-al-siguiente-nivel\/\"]}]},{\"@type\":\"ImageObject\",\"inLanguage\":\"es-AR\",\"@id\":\"https:\/\/web.consaguirre.com.ar\/noticias\/entrevista-marius-neset-camino-al-siguiente-nivel\/#primaryimage\",\"url\":\"https:\/\/web.consaguirre.com.ar\/noticias\/wp-content\/uploads\/2024\/08\/Entrevista-Marius-Neset-\u2013-\u00a1Camino-al-siguiente-nivel.jpg\",\"contentUrl\":\"https:\/\/web.consaguirre.com.ar\/noticias\/wp-content\/uploads\/2024\/08\/Entrevista-Marius-Neset-\u2013-\u00a1Camino-al-siguiente-nivel.jpg\",\"width\":1024,\"height\":684,\"caption\":\"Entrevista: Marius Neset \u2013 \u00a1Camino al siguiente nivel!\"},{\"@type\":\"BreadcrumbList\",\"@id\":\"https:\/\/web.consaguirre.com.ar\/noticias\/entrevista-marius-neset-camino-al-siguiente-nivel\/#breadcrumb\",\"itemListElement\":[{\"@type\":\"ListItem\",\"position\":1,\"name\":\"Inicio\",\"item\":\"https:\/\/web.consaguirre.com.ar\/noticias\/\"},{\"@type\":\"ListItem\",\"position\":2,\"name\":\"Entrevista: Marius Neset \u2013 \u00a1Camino al siguiente nivel!\"}]},{\"@type\":\"WebSite\",\"@id\":\"https:\/\/web.consaguirre.com.ar\/noticias\/#website\",\"url\":\"https:\/\/web.consaguirre.com.ar\/noticias\/\",\"name\":\"Conservatorio de M\u00fasica Juli\u00e1n Aguirre\",\"description\":\"\",\"publisher\":{\"@id\":\"https:\/\/web.consaguirre.com.ar\/noticias\/#organization\"},\"potentialAction\":[{\"@type\":\"SearchAction\",\"target\":{\"@type\":\"EntryPoint\",\"urlTemplate\":\"https:\/\/web.consaguirre.com.ar\/noticias\/?s={search_term_string}\"},\"query-input\":\"required name=search_term_string\"}],\"inLanguage\":\"es-AR\"},{\"@type\":\"Organization\",\"@id\":\"https:\/\/web.consaguirre.com.ar\/noticias\/#organization\",\"name\":\"Conservatorio de M\u00fasica Juli\u00e1n Aguirre\",\"url\":\"https:\/\/web.consaguirre.com.ar\/noticias\/\",\"logo\":{\"@type\":\"ImageObject\",\"inLanguage\":\"es-AR\",\"@id\":\"https:\/\/web.consaguirre.com.ar\/noticias\/#\/schema\/logo\/image\/\",\"url\":\"https:\/\/web.consaguirre.com.ar\/noticias\/wp-content\/uploads\/2024\/08\/Banner-Aguirre-23.jpg\",\"contentUrl\":\"https:\/\/web.consaguirre.com.ar\/noticias\/wp-content\/uploads\/2024\/08\/Banner-Aguirre-23.jpg\",\"width\":1192,\"height\":600,\"caption\":\"Conservatorio de M\u00fasica Juli\u00e1n Aguirre\"},\"image\":{\"@id\":\"https:\/\/web.consaguirre.com.ar\/noticias\/#\/schema\/logo\/image\/\"}},{\"@type\":\"Person\",\"@id\":\"https:\/\/web.consaguirre.com.ar\/noticias\/#\/schema\/person\/6558b0cfedee7ddc5425602b237d5722\",\"name\":\"Javier Figueroa\",\"image\":{\"@type\":\"ImageObject\",\"inLanguage\":\"es-AR\",\"@id\":\"https:\/\/web.consaguirre.com.ar\/noticias\/#\/schema\/person\/image\/\",\"url\":\"https:\/\/web.consaguirre.com.ar\/noticias\/wp-content\/uploads\/2024\/08\/Consaguirre-scaled.jpg\",\"contentUrl\":\"https:\/\/web.consaguirre.com.ar\/noticias\/wp-content\/uploads\/2024\/08\/Consaguirre-scaled.jpg\",\"caption\":\"Javier Figueroa\"},\"description\":\"Me llamo Javier Figueroa y soy redactor para el sitio oficial del Conservatorio de M\u00fasica Juli\u00e1n Aguirre en Buenos Aires, consaguirre.com. Apasionado por la m\u00fasica y la escritura, me esfuerzo por destacar los talentos y eventos de nuestra prestigiosa instituci\u00f3n. Mi trayectoria se nutre de una profunda admiraci\u00f3n por los artistas, haciendo de cada art\u00edculo una celebraci\u00f3n de la creatividad y la cultura musical.\",\"sameAs\":[\"https:\/\/web.consaguirre.com.ar\/noticias\"]}]}<\/script>\n<!-- \/ Yoast SEO plugin. -->","yoast_head_json":{"title":"Entrevista: Marius Neset \u2013 \u00a1Camino al siguiente nivel!","robots":{"index":"index","follow":"follow","max-snippet":"max-snippet:-1","max-image-preview":"max-image-preview:large","max-video-preview":"max-video-preview:-1"},"canonical":"https:\/\/web.consaguirre.com.ar\/noticias\/entrevista-marius-neset-camino-al-siguiente-nivel\/","og_locale":"es_ES","og_type":"article","og_title":"Entrevista: Marius Neset \u2013 \u00a1Camino al siguiente nivel!","og_description":"Durante el Festival de Jazz Abierto de Bod\u00f8, celebrado el 31 de enero de 2024, Gerd Harthus tuvo el placer de entrevistar al saxofonista noruego","og_url":"https:\/\/web.consaguirre.com.ar\/noticias\/entrevista-marius-neset-camino-al-siguiente-nivel\/","og_site_name":"Conservatorio de M\u00fasica Juli\u00e1n Aguirre","article_published_time":"2024-08-26T14:42:23+00:00","article_modified_time":"2024-09-08T19:27:50+00:00","og_image":[{"width":1024,"height":684,"url":"https:\/\/web.consaguirre.com.ar\/noticias\/wp-content\/uploads\/2024\/08\/Entrevista-Marius-Neset-\u2013-\u00a1Camino-al-siguiente-nivel.jpg","type":"image\/jpeg"}],"author":"Javier Figueroa","twitter_card":"summary_large_image","twitter_misc":{"Escrito por":"Javier Figueroa","Tiempo de lectura":"8 minutos"},"schema":{"@context":"https:\/\/schema.org","@graph":[{"@type":"Article","@id":"https:\/\/web.consaguirre.com.ar\/noticias\/entrevista-marius-neset-camino-al-siguiente-nivel\/#article","isPartOf":{"@id":"https:\/\/web.consaguirre.com.ar\/noticias\/entrevista-marius-neset-camino-al-siguiente-nivel\/"},"author":{"name":"Javier Figueroa","@id":"https:\/\/web.consaguirre.com.ar\/noticias\/#\/schema\/person\/6558b0cfedee7ddc5425602b237d5722"},"headline":"Entrevista: Marius Neset \u2013 \u00a1Camino al siguiente nivel!","datePublished":"2024-08-26T14:42:23+00:00","dateModified":"2024-09-08T19:27:50+00:00","mainEntityOfPage":{"@id":"https:\/\/web.consaguirre.com.ar\/noticias\/entrevista-marius-neset-camino-al-siguiente-nivel\/"},"wordCount":1521,"publisher":{"@id":"https:\/\/web.consaguirre.com.ar\/noticias\/#organization"},"image":{"@id":"https:\/\/web.consaguirre.com.ar\/noticias\/entrevista-marius-neset-camino-al-siguiente-nivel\/#primaryimage"},"thumbnailUrl":"https:\/\/web.consaguirre.com.ar\/noticias\/wp-content\/uploads\/2024\/08\/Entrevista-Marius-Neset-\u2013-\u00a1Camino-al-siguiente-nivel.jpg","keywords":["Camino","Entrevista","Marius","Neset","nivel","siguiente"],"articleSection":["Entrevista"],"inLanguage":"es-AR"},{"@type":"WebPage","@id":"https:\/\/web.consaguirre.com.ar\/noticias\/entrevista-marius-neset-camino-al-siguiente-nivel\/","url":"https:\/\/web.consaguirre.com.ar\/noticias\/entrevista-marius-neset-camino-al-siguiente-nivel\/","name":"Entrevista: Marius Neset \u2013 \u00a1Camino al siguiente nivel!","isPartOf":{"@id":"https:\/\/web.consaguirre.com.ar\/noticias\/#website"},"primaryImageOfPage":{"@id":"https:\/\/web.consaguirre.com.ar\/noticias\/entrevista-marius-neset-camino-al-siguiente-nivel\/#primaryimage"},"image":{"@id":"https:\/\/web.consaguirre.com.ar\/noticias\/entrevista-marius-neset-camino-al-siguiente-nivel\/#primaryimage"},"thumbnailUrl":"https:\/\/web.consaguirre.com.ar\/noticias\/wp-content\/uploads\/2024\/08\/Entrevista-Marius-Neset-\u2013-\u00a1Camino-al-siguiente-nivel.jpg","datePublished":"2024-08-26T14:42:23+00:00","dateModified":"2024-09-08T19:27:50+00:00","breadcrumb":{"@id":"https:\/\/web.consaguirre.com.ar\/noticias\/entrevista-marius-neset-camino-al-siguiente-nivel\/#breadcrumb"},"inLanguage":"es-AR","potentialAction":[{"@type":"ReadAction","target":["https:\/\/web.consaguirre.com.ar\/noticias\/entrevista-marius-neset-camino-al-siguiente-nivel\/"]}]},{"@type":"ImageObject","inLanguage":"es-AR","@id":"https:\/\/web.consaguirre.com.ar\/noticias\/entrevista-marius-neset-camino-al-siguiente-nivel\/#primaryimage","url":"https:\/\/web.consaguirre.com.ar\/noticias\/wp-content\/uploads\/2024\/08\/Entrevista-Marius-Neset-\u2013-\u00a1Camino-al-siguiente-nivel.jpg","contentUrl":"https:\/\/web.consaguirre.com.ar\/noticias\/wp-content\/uploads\/2024\/08\/Entrevista-Marius-Neset-\u2013-\u00a1Camino-al-siguiente-nivel.jpg","width":1024,"height":684,"caption":"Entrevista: Marius Neset \u2013 \u00a1Camino al siguiente nivel!"},{"@type":"BreadcrumbList","@id":"https:\/\/web.consaguirre.com.ar\/noticias\/entrevista-marius-neset-camino-al-siguiente-nivel\/#breadcrumb","itemListElement":[{"@type":"ListItem","position":1,"name":"Inicio","item":"https:\/\/web.consaguirre.com.ar\/noticias\/"},{"@type":"ListItem","position":2,"name":"Entrevista: Marius Neset \u2013 \u00a1Camino al siguiente nivel!"}]},{"@type":"WebSite","@id":"https:\/\/web.consaguirre.com.ar\/noticias\/#website","url":"https:\/\/web.consaguirre.com.ar\/noticias\/","name":"Conservatorio de M\u00fasica Juli\u00e1n Aguirre","description":"","publisher":{"@id":"https:\/\/web.consaguirre.com.ar\/noticias\/#organization"},"potentialAction":[{"@type":"SearchAction","target":{"@type":"EntryPoint","urlTemplate":"https:\/\/web.consaguirre.com.ar\/noticias\/?s={search_term_string}"},"query-input":"required name=search_term_string"}],"inLanguage":"es-AR"},{"@type":"Organization","@id":"https:\/\/web.consaguirre.com.ar\/noticias\/#organization","name":"Conservatorio de M\u00fasica Juli\u00e1n Aguirre","url":"https:\/\/web.consaguirre.com.ar\/noticias\/","logo":{"@type":"ImageObject","inLanguage":"es-AR","@id":"https:\/\/web.consaguirre.com.ar\/noticias\/#\/schema\/logo\/image\/","url":"https:\/\/web.consaguirre.com.ar\/noticias\/wp-content\/uploads\/2024\/08\/Banner-Aguirre-23.jpg","contentUrl":"https:\/\/web.consaguirre.com.ar\/noticias\/wp-content\/uploads\/2024\/08\/Banner-Aguirre-23.jpg","width":1192,"height":600,"caption":"Conservatorio de M\u00fasica Juli\u00e1n Aguirre"},"image":{"@id":"https:\/\/web.consaguirre.com.ar\/noticias\/#\/schema\/logo\/image\/"}},{"@type":"Person","@id":"https:\/\/web.consaguirre.com.ar\/noticias\/#\/schema\/person\/6558b0cfedee7ddc5425602b237d5722","name":"Javier Figueroa","image":{"@type":"ImageObject","inLanguage":"es-AR","@id":"https:\/\/web.consaguirre.com.ar\/noticias\/#\/schema\/person\/image\/","url":"https:\/\/web.consaguirre.com.ar\/noticias\/wp-content\/uploads\/2024\/08\/Consaguirre-scaled.jpg","contentUrl":"https:\/\/web.consaguirre.com.ar\/noticias\/wp-content\/uploads\/2024\/08\/Consaguirre-scaled.jpg","caption":"Javier Figueroa"},"description":"Me llamo Javier Figueroa y soy redactor para el sitio oficial del Conservatorio de M\u00fasica Juli\u00e1n Aguirre en Buenos Aires, consaguirre.com. Apasionado por la m\u00fasica y la escritura, me esfuerzo por destacar los talentos y eventos de nuestra prestigiosa instituci\u00f3n. Mi trayectoria se nutre de una profunda admiraci\u00f3n por los artistas, haciendo de cada art\u00edculo una celebraci\u00f3n de la creatividad y la cultura musical.","sameAs":["https:\/\/web.consaguirre.com.ar\/noticias"]}]}},"_links":{"self":[{"href":"https:\/\/web.consaguirre.com.ar\/noticias\/wp-json\/wp\/v2\/posts\/141"}],"collection":[{"href":"https:\/\/web.consaguirre.com.ar\/noticias\/wp-json\/wp\/v2\/posts"}],"about":[{"href":"https:\/\/web.consaguirre.com.ar\/noticias\/wp-json\/wp\/v2\/types\/post"}],"author":[{"embeddable":true,"href":"https:\/\/web.consaguirre.com.ar\/noticias\/wp-json\/wp\/v2\/users\/1"}],"replies":[{"embeddable":true,"href":"https:\/\/web.consaguirre.com.ar\/noticias\/wp-json\/wp\/v2\/comments?post=141"}],"version-history":[{"count":1,"href":"https:\/\/web.consaguirre.com.ar\/noticias\/wp-json\/wp\/v2\/posts\/141\/revisions"}],"predecessor-version":[{"id":142,"href":"https:\/\/web.consaguirre.com.ar\/noticias\/wp-json\/wp\/v2\/posts\/141\/revisions\/142"}],"wp:featuredmedia":[{"embeddable":true,"href":"https:\/\/web.consaguirre.com.ar\/noticias\/wp-json\/wp\/v2\/media\/122"}],"wp:attachment":[{"href":"https:\/\/web.consaguirre.com.ar\/noticias\/wp-json\/wp\/v2\/media?parent=141"}],"wp:term":[{"taxonomy":"category","embeddable":true,"href":"https:\/\/web.consaguirre.com.ar\/noticias\/wp-json\/wp\/v2\/categories?post=141"},{"taxonomy":"post_tag","embeddable":true,"href":"https:\/\/web.consaguirre.com.ar\/noticias\/wp-json\/wp\/v2\/tags?post=141"}],"curies":[{"name":"wp","href":"https:\/\/api.w.org\/{rel}","templated":true}]}}