{"id":1400,"date":"2024-12-18T20:41:38","date_gmt":"2024-12-18T23:41:38","guid":{"rendered":"https:\/\/web.consaguirre.com.ar\/noticias\/la-banda-sonora-de-alfie-de-sonny-rollins-recibira-el-tratamiento-verve-acoustic-sounds\/"},"modified":"2024-12-18T20:41:40","modified_gmt":"2024-12-18T23:41:40","slug":"la-banda-sonora-de-alfie-de-sonny-rollins-recibira-el-tratamiento-verve-acoustic-sounds","status":"publish","type":"post","link":"https:\/\/web.consaguirre.com.ar\/noticias\/la-banda-sonora-de-alfie-de-sonny-rollins-recibira-el-tratamiento-verve-acoustic-sounds\/","title":{"rendered":"La banda sonora de &#8216;Alfie&#8217; de Sonny Rollins recibir\u00e1 el tratamiento Verve Acoustic Sounds"},"content":{"rendered":"<p><strong>sonny rollins<\/strong>&#8216; Banda sonora de 1966 de la exitosa pel\u00edcula. <strong><em>alfie<\/em><\/strong>  est\u00e1 programado para recibir una reedici\u00f3n en vinilo cortes\u00eda de la serie Acoustic Sounds de Verve.<\/p>\n<p><strong>Escuchar <em>alfie<\/em> ahora mismo.<\/strong><\/p>\n<p><em>alfie<\/em> fue lanzado como banda sonora de la pel\u00edcula brit\u00e1nica del mismo nombre. Esta fecha de seis cortes fue arreglada y dirigida por Oliver Nelson, con una mezcla de m\u00fasicos que apoyan a Rollins, incluidos Kenny Burrell (guitarra), JJ Johnson (tromb\u00f3n) y Phil Woods (saxo alto), entre otros.<\/p>\n<p>Rollins intenta capturar las texturas de la vida a trav\u00e9s de su interpretaci\u00f3n incisiva y en\u00e9rgica, sus improvisaciones coherentes y variaciones sobre temas musicales. Mientras que \u201cAlfie&#8217;s Theme\u201d y sus variantes causan la impresi\u00f3n m\u00e1s duradera, \u201cHe&#8217;s Younger Than You\u201d es conmovedor y est\u00e1 lleno de arrepentimiento. Y la sensual y relajada \u201cOn Impulse\u201d tiene una agradable sensaci\u00f3n de inmediatez.<\/p>\n<p>La serie Acoustic Sounds de Verve presenta transferencias de cintas anal\u00f3gicas y vinilos remasterizados de 180 gramos en un empaque plegable de lujo.<\/p>\n<p>&#8220;\u00bfDe qu\u00e9 se trata, Alfie?&#8221; la primera l\u00ednea de Hal David y <strong>Burt Bacharach<\/strong> canci\u00f3n inspirada en la pel\u00edcula de 1966 <em>alfie<\/em> resume parte de la confusi\u00f3n y la desinformaci\u00f3n que rodea a la canci\u00f3n, la banda sonora y el \u00e1lbum posterior lanzado por Sonny Rollins en Impulse. etiqueta en octubre de 1966.<\/p>\n<p>La pel\u00edcula brit\u00e1nica protagonizada por Michael Caine, Millicent Martin, Jane Asher y Julia Foster se estren\u00f3 en el Reino Unido a finales de marzo de 1966 y fue un \u00e9xito inmediato. El director Lewis Gilbert encarg\u00f3 al exc\u00e9ntrico Sonny Rollins la m\u00fasica de la pel\u00edcula. Hay unos 11 minutos de m\u00fasica en la pel\u00edcula que fueron grabados en Londres durante tres o cuatro d\u00edas a finales de octubre de 1965.<\/p>\n<p>Grabada en Twickenham Film Studios, la banda sonora presenta al saxofonista Sonny Rollins junto con algunos de los mejores m\u00fasicos de jazz de Gran Breta\u00f1a.<\/p>\n<p><strong>Orden <em>alfie <\/em>(Serie Vinilos Sonidos Ac\u00fasticos).<\/strong><\/p>\n<p><strong><em>alfie<\/em> Lista de canciones de la banda sonora:<\/strong><\/p>\n<p>Lado 1<br \/>\nEl tema de Alfie<br \/>\n\u00c9l es m\u00e1s joven que t\u00fa<\/p>\n<p>Lado 2<br \/>\nCorredor callejero con ni\u00f1o<br \/>\nTema de transici\u00f3n para Minor Blues o Little Malcolm Loves His Dad<br \/>\nPor impulso<br \/>\nEl tema de Alfie diferente<\/p>\n","protected":false},"excerpt":{"rendered":"<p>sonny rollins&#8216; Banda sonora de 1966 de la exitosa pel\u00edcula. alfie est\u00e1 programado para recibir una reedici\u00f3n en vinilo cortes\u00eda de la serie Acoustic Sounds<\/p>\n","protected":false},"author":1,"featured_media":1401,"comment_status":"closed","ping_status":"","sticky":false,"template":"","format":"standard","meta":{"footnotes":""},"categories":[50],"tags":[1144,1499,471,306,1501,1500,112,1503,1502,1182],"class_list":["post-1400","post","type-post","status-publish","format-standard","has-post-thumbnail","hentry","category-el-ultimo","tag-acoustic","tag-alfie","tag-banda","tag-recibira","tag-rollins","tag-sonny","tag-sonora","tag-sounds","tag-tratamiento","tag-verve","generate-columns","tablet-grid-50","mobile-grid-100","grid-parent","grid-50"],"yoast_head":"<!-- This site is optimized with the Yoast SEO plugin v23.3 - https:\/\/yoast.com\/wordpress\/plugins\/seo\/ -->\n<title>La banda sonora de &#039;Alfie&#039; de Sonny Rollins recibir\u00e1 el tratamiento Verve Acoustic Sounds<\/title>\n<meta name=\"robots\" content=\"index, follow, max-snippet:-1, max-image-preview:large, max-video-preview:-1\" \/>\n<link rel=\"canonical\" href=\"https:\/\/web.consaguirre.com.ar\/noticias\/la-banda-sonora-de-alfie-de-sonny-rollins-recibira-el-tratamiento-verve-acoustic-sounds\/\" \/>\n<meta property=\"og:locale\" content=\"es_ES\" \/>\n<meta property=\"og:type\" content=\"article\" \/>\n<meta property=\"og:title\" content=\"La banda sonora de &#039;Alfie&#039; de Sonny Rollins recibir\u00e1 el tratamiento Verve Acoustic Sounds\" \/>\n<meta property=\"og:description\" content=\"sonny rollins&#8216; Banda sonora de 1966 de la exitosa pel\u00edcula. alfie est\u00e1 programado para recibir una reedici\u00f3n en vinilo cortes\u00eda de la serie Acoustic Sounds\" \/>\n<meta property=\"og:url\" content=\"https:\/\/web.consaguirre.com.ar\/noticias\/la-banda-sonora-de-alfie-de-sonny-rollins-recibira-el-tratamiento-verve-acoustic-sounds\/\" \/>\n<meta property=\"og:site_name\" content=\"Conservatorio de M\u00fasica Juli\u00e1n Aguirre\" \/>\n<meta property=\"article:published_time\" content=\"2024-12-18T23:41:38+00:00\" \/>\n<meta property=\"article:modified_time\" content=\"2024-12-18T23:41:40+00:00\" \/>\n<meta property=\"og:image\" content=\"https:\/\/web.consaguirre.com.ar\/noticias\/wp-content\/uploads\/2024\/12\/La-banda-sonora-de-Alfie-de-Sonny-Rollins-recibira-el.jpg\" \/>\n\t<meta property=\"og:image:width\" content=\"1280\" \/>\n\t<meta property=\"og:image:height\" content=\"1280\" \/>\n\t<meta property=\"og:image:type\" content=\"image\/jpeg\" \/>\n<meta name=\"author\" content=\"Javier Figueroa\" \/>\n<meta name=\"twitter:card\" content=\"summary_large_image\" \/>\n<meta name=\"twitter:label1\" content=\"Escrito por\" \/>\n\t<meta name=\"twitter:data1\" content=\"Javier Figueroa\" \/>\n\t<meta name=\"twitter:label2\" content=\"Tiempo de lectura\" \/>\n\t<meta name=\"twitter:data2\" content=\"2 minutos\" \/>\n<script type=\"application\/ld+json\" class=\"yoast-schema-graph\">{\"@context\":\"https:\/\/schema.org\",\"@graph\":[{\"@type\":\"Article\",\"@id\":\"https:\/\/web.consaguirre.com.ar\/noticias\/la-banda-sonora-de-alfie-de-sonny-rollins-recibira-el-tratamiento-verve-acoustic-sounds\/#article\",\"isPartOf\":{\"@id\":\"https:\/\/web.consaguirre.com.ar\/noticias\/la-banda-sonora-de-alfie-de-sonny-rollins-recibira-el-tratamiento-verve-acoustic-sounds\/\"},\"author\":{\"name\":\"Javier Figueroa\",\"@id\":\"https:\/\/web.consaguirre.com.ar\/noticias\/#\/schema\/person\/6558b0cfedee7ddc5425602b237d5722\"},\"headline\":\"La banda sonora de &#8216;Alfie&#8217; de Sonny Rollins recibir\u00e1 el tratamiento Verve Acoustic Sounds\",\"datePublished\":\"2024-12-18T23:41:38+00:00\",\"dateModified\":\"2024-12-18T23:41:40+00:00\",\"mainEntityOfPage\":{\"@id\":\"https:\/\/web.consaguirre.com.ar\/noticias\/la-banda-sonora-de-alfie-de-sonny-rollins-recibira-el-tratamiento-verve-acoustic-sounds\/\"},\"wordCount\":402,\"publisher\":{\"@id\":\"https:\/\/web.consaguirre.com.ar\/noticias\/#organization\"},\"image\":{\"@id\":\"https:\/\/web.consaguirre.com.ar\/noticias\/la-banda-sonora-de-alfie-de-sonny-rollins-recibira-el-tratamiento-verve-acoustic-sounds\/#primaryimage\"},\"thumbnailUrl\":\"https:\/\/web.consaguirre.com.ar\/noticias\/wp-content\/uploads\/2024\/12\/La-banda-sonora-de-Alfie-de-Sonny-Rollins-recibira-el.jpg\",\"keywords\":[\"Acoustic\",\"Alfie\",\"banda\",\"recibir\u00e1\",\"Rollins\",\"Sonny\",\"Sonora\",\"Sounds\",\"tratamiento\",\"Verve\"],\"articleSection\":[\"El \u00faltimo\"],\"inLanguage\":\"es-AR\"},{\"@type\":\"WebPage\",\"@id\":\"https:\/\/web.consaguirre.com.ar\/noticias\/la-banda-sonora-de-alfie-de-sonny-rollins-recibira-el-tratamiento-verve-acoustic-sounds\/\",\"url\":\"https:\/\/web.consaguirre.com.ar\/noticias\/la-banda-sonora-de-alfie-de-sonny-rollins-recibira-el-tratamiento-verve-acoustic-sounds\/\",\"name\":\"La banda sonora de 'Alfie' de Sonny Rollins recibir\u00e1 el tratamiento Verve Acoustic Sounds\",\"isPartOf\":{\"@id\":\"https:\/\/web.consaguirre.com.ar\/noticias\/#website\"},\"primaryImageOfPage\":{\"@id\":\"https:\/\/web.consaguirre.com.ar\/noticias\/la-banda-sonora-de-alfie-de-sonny-rollins-recibira-el-tratamiento-verve-acoustic-sounds\/#primaryimage\"},\"image\":{\"@id\":\"https:\/\/web.consaguirre.com.ar\/noticias\/la-banda-sonora-de-alfie-de-sonny-rollins-recibira-el-tratamiento-verve-acoustic-sounds\/#primaryimage\"},\"thumbnailUrl\":\"https:\/\/web.consaguirre.com.ar\/noticias\/wp-content\/uploads\/2024\/12\/La-banda-sonora-de-Alfie-de-Sonny-Rollins-recibira-el.jpg\",\"datePublished\":\"2024-12-18T23:41:38+00:00\",\"dateModified\":\"2024-12-18T23:41:40+00:00\",\"breadcrumb\":{\"@id\":\"https:\/\/web.consaguirre.com.ar\/noticias\/la-banda-sonora-de-alfie-de-sonny-rollins-recibira-el-tratamiento-verve-acoustic-sounds\/#breadcrumb\"},\"inLanguage\":\"es-AR\",\"potentialAction\":[{\"@type\":\"ReadAction\",\"target\":[\"https:\/\/web.consaguirre.com.ar\/noticias\/la-banda-sonora-de-alfie-de-sonny-rollins-recibira-el-tratamiento-verve-acoustic-sounds\/\"]}]},{\"@type\":\"ImageObject\",\"inLanguage\":\"es-AR\",\"@id\":\"https:\/\/web.consaguirre.com.ar\/noticias\/la-banda-sonora-de-alfie-de-sonny-rollins-recibira-el-tratamiento-verve-acoustic-sounds\/#primaryimage\",\"url\":\"https:\/\/web.consaguirre.com.ar\/noticias\/wp-content\/uploads\/2024\/12\/La-banda-sonora-de-Alfie-de-Sonny-Rollins-recibira-el.jpg\",\"contentUrl\":\"https:\/\/web.consaguirre.com.ar\/noticias\/wp-content\/uploads\/2024\/12\/La-banda-sonora-de-Alfie-de-Sonny-Rollins-recibira-el.jpg\",\"width\":1280,\"height\":1280,\"caption\":\"Sonny Rollins, \u2018Alfie\u2019 Soundtrack - Photo: Courtesy of Verve Records\"},{\"@type\":\"BreadcrumbList\",\"@id\":\"https:\/\/web.consaguirre.com.ar\/noticias\/la-banda-sonora-de-alfie-de-sonny-rollins-recibira-el-tratamiento-verve-acoustic-sounds\/#breadcrumb\",\"itemListElement\":[{\"@type\":\"ListItem\",\"position\":1,\"name\":\"Inicio\",\"item\":\"https:\/\/web.consaguirre.com.ar\/noticias\/\"},{\"@type\":\"ListItem\",\"position\":2,\"name\":\"La banda sonora de &#8216;Alfie&#8217; de Sonny Rollins recibir\u00e1 el tratamiento Verve Acoustic Sounds\"}]},{\"@type\":\"WebSite\",\"@id\":\"https:\/\/web.consaguirre.com.ar\/noticias\/#website\",\"url\":\"https:\/\/web.consaguirre.com.ar\/noticias\/\",\"name\":\"Conservatorio de M\u00fasica Juli\u00e1n Aguirre\",\"description\":\"\",\"publisher\":{\"@id\":\"https:\/\/web.consaguirre.com.ar\/noticias\/#organization\"},\"potentialAction\":[{\"@type\":\"SearchAction\",\"target\":{\"@type\":\"EntryPoint\",\"urlTemplate\":\"https:\/\/web.consaguirre.com.ar\/noticias\/?s={search_term_string}\"},\"query-input\":\"required name=search_term_string\"}],\"inLanguage\":\"es-AR\"},{\"@type\":\"Organization\",\"@id\":\"https:\/\/web.consaguirre.com.ar\/noticias\/#organization\",\"name\":\"Conservatorio de M\u00fasica Juli\u00e1n Aguirre\",\"url\":\"https:\/\/web.consaguirre.com.ar\/noticias\/\",\"logo\":{\"@type\":\"ImageObject\",\"inLanguage\":\"es-AR\",\"@id\":\"https:\/\/web.consaguirre.com.ar\/noticias\/#\/schema\/logo\/image\/\",\"url\":\"https:\/\/web.consaguirre.com.ar\/noticias\/wp-content\/uploads\/2024\/08\/Banner-Aguirre-23.jpg\",\"contentUrl\":\"https:\/\/web.consaguirre.com.ar\/noticias\/wp-content\/uploads\/2024\/08\/Banner-Aguirre-23.jpg\",\"width\":1192,\"height\":600,\"caption\":\"Conservatorio de M\u00fasica Juli\u00e1n Aguirre\"},\"image\":{\"@id\":\"https:\/\/web.consaguirre.com.ar\/noticias\/#\/schema\/logo\/image\/\"}},{\"@type\":\"Person\",\"@id\":\"https:\/\/web.consaguirre.com.ar\/noticias\/#\/schema\/person\/6558b0cfedee7ddc5425602b237d5722\",\"name\":\"Javier Figueroa\",\"image\":{\"@type\":\"ImageObject\",\"inLanguage\":\"es-AR\",\"@id\":\"https:\/\/web.consaguirre.com.ar\/noticias\/#\/schema\/person\/image\/\",\"url\":\"https:\/\/web.consaguirre.com.ar\/noticias\/wp-content\/uploads\/2024\/08\/Consaguirre-scaled.jpg\",\"contentUrl\":\"https:\/\/web.consaguirre.com.ar\/noticias\/wp-content\/uploads\/2024\/08\/Consaguirre-scaled.jpg\",\"caption\":\"Javier Figueroa\"},\"description\":\"Me llamo Javier Figueroa y soy redactor para el sitio oficial del Conservatorio de M\u00fasica Juli\u00e1n Aguirre en Buenos Aires, consaguirre.com. Apasionado por la m\u00fasica y la escritura, me esfuerzo por destacar los talentos y eventos de nuestra prestigiosa instituci\u00f3n. Mi trayectoria se nutre de una profunda admiraci\u00f3n por los artistas, haciendo de cada art\u00edculo una celebraci\u00f3n de la creatividad y la cultura musical.\",\"sameAs\":[\"https:\/\/web.consaguirre.com.ar\/noticias\"]}]}<\/script>\n<!-- \/ Yoast SEO plugin. -->","yoast_head_json":{"title":"La banda sonora de 'Alfie' de Sonny Rollins recibir\u00e1 el tratamiento Verve Acoustic Sounds","robots":{"index":"index","follow":"follow","max-snippet":"max-snippet:-1","max-image-preview":"max-image-preview:large","max-video-preview":"max-video-preview:-1"},"canonical":"https:\/\/web.consaguirre.com.ar\/noticias\/la-banda-sonora-de-alfie-de-sonny-rollins-recibira-el-tratamiento-verve-acoustic-sounds\/","og_locale":"es_ES","og_type":"article","og_title":"La banda sonora de 'Alfie' de Sonny Rollins recibir\u00e1 el tratamiento Verve Acoustic Sounds","og_description":"sonny rollins&#8216; Banda sonora de 1966 de la exitosa pel\u00edcula. alfie est\u00e1 programado para recibir una reedici\u00f3n en vinilo cortes\u00eda de la serie Acoustic Sounds","og_url":"https:\/\/web.consaguirre.com.ar\/noticias\/la-banda-sonora-de-alfie-de-sonny-rollins-recibira-el-tratamiento-verve-acoustic-sounds\/","og_site_name":"Conservatorio de M\u00fasica Juli\u00e1n Aguirre","article_published_time":"2024-12-18T23:41:38+00:00","article_modified_time":"2024-12-18T23:41:40+00:00","og_image":[{"width":1280,"height":1280,"url":"https:\/\/web.consaguirre.com.ar\/noticias\/wp-content\/uploads\/2024\/12\/La-banda-sonora-de-Alfie-de-Sonny-Rollins-recibira-el.jpg","type":"image\/jpeg"}],"author":"Javier Figueroa","twitter_card":"summary_large_image","twitter_misc":{"Escrito por":"Javier Figueroa","Tiempo de lectura":"2 minutos"},"schema":{"@context":"https:\/\/schema.org","@graph":[{"@type":"Article","@id":"https:\/\/web.consaguirre.com.ar\/noticias\/la-banda-sonora-de-alfie-de-sonny-rollins-recibira-el-tratamiento-verve-acoustic-sounds\/#article","isPartOf":{"@id":"https:\/\/web.consaguirre.com.ar\/noticias\/la-banda-sonora-de-alfie-de-sonny-rollins-recibira-el-tratamiento-verve-acoustic-sounds\/"},"author":{"name":"Javier Figueroa","@id":"https:\/\/web.consaguirre.com.ar\/noticias\/#\/schema\/person\/6558b0cfedee7ddc5425602b237d5722"},"headline":"La banda sonora de &#8216;Alfie&#8217; de Sonny Rollins recibir\u00e1 el tratamiento Verve Acoustic Sounds","datePublished":"2024-12-18T23:41:38+00:00","dateModified":"2024-12-18T23:41:40+00:00","mainEntityOfPage":{"@id":"https:\/\/web.consaguirre.com.ar\/noticias\/la-banda-sonora-de-alfie-de-sonny-rollins-recibira-el-tratamiento-verve-acoustic-sounds\/"},"wordCount":402,"publisher":{"@id":"https:\/\/web.consaguirre.com.ar\/noticias\/#organization"},"image":{"@id":"https:\/\/web.consaguirre.com.ar\/noticias\/la-banda-sonora-de-alfie-de-sonny-rollins-recibira-el-tratamiento-verve-acoustic-sounds\/#primaryimage"},"thumbnailUrl":"https:\/\/web.consaguirre.com.ar\/noticias\/wp-content\/uploads\/2024\/12\/La-banda-sonora-de-Alfie-de-Sonny-Rollins-recibira-el.jpg","keywords":["Acoustic","Alfie","banda","recibir\u00e1","Rollins","Sonny","Sonora","Sounds","tratamiento","Verve"],"articleSection":["El \u00faltimo"],"inLanguage":"es-AR"},{"@type":"WebPage","@id":"https:\/\/web.consaguirre.com.ar\/noticias\/la-banda-sonora-de-alfie-de-sonny-rollins-recibira-el-tratamiento-verve-acoustic-sounds\/","url":"https:\/\/web.consaguirre.com.ar\/noticias\/la-banda-sonora-de-alfie-de-sonny-rollins-recibira-el-tratamiento-verve-acoustic-sounds\/","name":"La banda sonora de 'Alfie' de Sonny Rollins recibir\u00e1 el tratamiento Verve Acoustic Sounds","isPartOf":{"@id":"https:\/\/web.consaguirre.com.ar\/noticias\/#website"},"primaryImageOfPage":{"@id":"https:\/\/web.consaguirre.com.ar\/noticias\/la-banda-sonora-de-alfie-de-sonny-rollins-recibira-el-tratamiento-verve-acoustic-sounds\/#primaryimage"},"image":{"@id":"https:\/\/web.consaguirre.com.ar\/noticias\/la-banda-sonora-de-alfie-de-sonny-rollins-recibira-el-tratamiento-verve-acoustic-sounds\/#primaryimage"},"thumbnailUrl":"https:\/\/web.consaguirre.com.ar\/noticias\/wp-content\/uploads\/2024\/12\/La-banda-sonora-de-Alfie-de-Sonny-Rollins-recibira-el.jpg","datePublished":"2024-12-18T23:41:38+00:00","dateModified":"2024-12-18T23:41:40+00:00","breadcrumb":{"@id":"https:\/\/web.consaguirre.com.ar\/noticias\/la-banda-sonora-de-alfie-de-sonny-rollins-recibira-el-tratamiento-verve-acoustic-sounds\/#breadcrumb"},"inLanguage":"es-AR","potentialAction":[{"@type":"ReadAction","target":["https:\/\/web.consaguirre.com.ar\/noticias\/la-banda-sonora-de-alfie-de-sonny-rollins-recibira-el-tratamiento-verve-acoustic-sounds\/"]}]},{"@type":"ImageObject","inLanguage":"es-AR","@id":"https:\/\/web.consaguirre.com.ar\/noticias\/la-banda-sonora-de-alfie-de-sonny-rollins-recibira-el-tratamiento-verve-acoustic-sounds\/#primaryimage","url":"https:\/\/web.consaguirre.com.ar\/noticias\/wp-content\/uploads\/2024\/12\/La-banda-sonora-de-Alfie-de-Sonny-Rollins-recibira-el.jpg","contentUrl":"https:\/\/web.consaguirre.com.ar\/noticias\/wp-content\/uploads\/2024\/12\/La-banda-sonora-de-Alfie-de-Sonny-Rollins-recibira-el.jpg","width":1280,"height":1280,"caption":"Sonny Rollins, \u2018Alfie\u2019 Soundtrack - Photo: Courtesy of Verve Records"},{"@type":"BreadcrumbList","@id":"https:\/\/web.consaguirre.com.ar\/noticias\/la-banda-sonora-de-alfie-de-sonny-rollins-recibira-el-tratamiento-verve-acoustic-sounds\/#breadcrumb","itemListElement":[{"@type":"ListItem","position":1,"name":"Inicio","item":"https:\/\/web.consaguirre.com.ar\/noticias\/"},{"@type":"ListItem","position":2,"name":"La banda sonora de &#8216;Alfie&#8217; de Sonny Rollins recibir\u00e1 el tratamiento Verve Acoustic Sounds"}]},{"@type":"WebSite","@id":"https:\/\/web.consaguirre.com.ar\/noticias\/#website","url":"https:\/\/web.consaguirre.com.ar\/noticias\/","name":"Conservatorio de M\u00fasica Juli\u00e1n Aguirre","description":"","publisher":{"@id":"https:\/\/web.consaguirre.com.ar\/noticias\/#organization"},"potentialAction":[{"@type":"SearchAction","target":{"@type":"EntryPoint","urlTemplate":"https:\/\/web.consaguirre.com.ar\/noticias\/?s={search_term_string}"},"query-input":"required name=search_term_string"}],"inLanguage":"es-AR"},{"@type":"Organization","@id":"https:\/\/web.consaguirre.com.ar\/noticias\/#organization","name":"Conservatorio de M\u00fasica Juli\u00e1n Aguirre","url":"https:\/\/web.consaguirre.com.ar\/noticias\/","logo":{"@type":"ImageObject","inLanguage":"es-AR","@id":"https:\/\/web.consaguirre.com.ar\/noticias\/#\/schema\/logo\/image\/","url":"https:\/\/web.consaguirre.com.ar\/noticias\/wp-content\/uploads\/2024\/08\/Banner-Aguirre-23.jpg","contentUrl":"https:\/\/web.consaguirre.com.ar\/noticias\/wp-content\/uploads\/2024\/08\/Banner-Aguirre-23.jpg","width":1192,"height":600,"caption":"Conservatorio de M\u00fasica Juli\u00e1n Aguirre"},"image":{"@id":"https:\/\/web.consaguirre.com.ar\/noticias\/#\/schema\/logo\/image\/"}},{"@type":"Person","@id":"https:\/\/web.consaguirre.com.ar\/noticias\/#\/schema\/person\/6558b0cfedee7ddc5425602b237d5722","name":"Javier Figueroa","image":{"@type":"ImageObject","inLanguage":"es-AR","@id":"https:\/\/web.consaguirre.com.ar\/noticias\/#\/schema\/person\/image\/","url":"https:\/\/web.consaguirre.com.ar\/noticias\/wp-content\/uploads\/2024\/08\/Consaguirre-scaled.jpg","contentUrl":"https:\/\/web.consaguirre.com.ar\/noticias\/wp-content\/uploads\/2024\/08\/Consaguirre-scaled.jpg","caption":"Javier Figueroa"},"description":"Me llamo Javier Figueroa y soy redactor para el sitio oficial del Conservatorio de M\u00fasica Juli\u00e1n Aguirre en Buenos Aires, consaguirre.com. Apasionado por la m\u00fasica y la escritura, me esfuerzo por destacar los talentos y eventos de nuestra prestigiosa instituci\u00f3n. Mi trayectoria se nutre de una profunda admiraci\u00f3n por los artistas, haciendo de cada art\u00edculo una celebraci\u00f3n de la creatividad y la cultura musical.","sameAs":["https:\/\/web.consaguirre.com.ar\/noticias"]}]}},"_links":{"self":[{"href":"https:\/\/web.consaguirre.com.ar\/noticias\/wp-json\/wp\/v2\/posts\/1400"}],"collection":[{"href":"https:\/\/web.consaguirre.com.ar\/noticias\/wp-json\/wp\/v2\/posts"}],"about":[{"href":"https:\/\/web.consaguirre.com.ar\/noticias\/wp-json\/wp\/v2\/types\/post"}],"author":[{"embeddable":true,"href":"https:\/\/web.consaguirre.com.ar\/noticias\/wp-json\/wp\/v2\/users\/1"}],"replies":[{"embeddable":true,"href":"https:\/\/web.consaguirre.com.ar\/noticias\/wp-json\/wp\/v2\/comments?post=1400"}],"version-history":[{"count":1,"href":"https:\/\/web.consaguirre.com.ar\/noticias\/wp-json\/wp\/v2\/posts\/1400\/revisions"}],"predecessor-version":[{"id":1402,"href":"https:\/\/web.consaguirre.com.ar\/noticias\/wp-json\/wp\/v2\/posts\/1400\/revisions\/1402"}],"wp:featuredmedia":[{"embeddable":true,"href":"https:\/\/web.consaguirre.com.ar\/noticias\/wp-json\/wp\/v2\/media\/1401"}],"wp:attachment":[{"href":"https:\/\/web.consaguirre.com.ar\/noticias\/wp-json\/wp\/v2\/media?parent=1400"}],"wp:term":[{"taxonomy":"category","embeddable":true,"href":"https:\/\/web.consaguirre.com.ar\/noticias\/wp-json\/wp\/v2\/categories?post=1400"},{"taxonomy":"post_tag","embeddable":true,"href":"https:\/\/web.consaguirre.com.ar\/noticias\/wp-json\/wp\/v2\/tags?post=1400"}],"curies":[{"name":"wp","href":"https:\/\/api.w.org\/{rel}","templated":true}]}}