{"id":1391,"date":"2024-12-17T20:40:29","date_gmt":"2024-12-17T23:40:29","guid":{"rendered":"https:\/\/web.consaguirre.com.ar\/noticias\/gracie-abrams-hace-su-debut-en-saturday-night-live\/"},"modified":"2024-12-17T20:40:30","modified_gmt":"2024-12-17T23:40:30","slug":"gracie-abrams-hace-su-debut-en-saturday-night-live","status":"publish","type":"post","link":"https:\/\/web.consaguirre.com.ar\/noticias\/gracie-abrams-hace-su-debut-en-saturday-night-live\/","title":{"rendered":"Gracie Abrams hace su debut en &#8216;Saturday Night Live&#8217;"},"content":{"rendered":"<p><strong>Graciela Abrams<\/strong> continu\u00f3 su ascenso el s\u00e1bado con su actuaci\u00f3n debut en <em>S\u00e1bado noche en vivo<\/em>. Como invitada musical en un episodio presentado por Chris Rock, la cantautora de 25 a\u00f1os interpret\u00f3 sus \u00e9xitos \u201cThat&#8217;s So True\u201d y \u201cI Love You, I&#8217;m Sorry\u201d, ambos de la edici\u00f3n de lujo de su nuevo aclamado por la cr\u00edtica. \u00e1lbum <em>La historia de nosotros<\/em>.<\/p>\n<p>&#8220;Eso es tan cierto&#8221; y &#8220;I Love You, I&#8217;m Sorry&#8221; son los mayores \u00e9xitos de Abrams hasta la fecha. \u201cI Love You, I&#8217;m Sorry\u201d, una secuela del tema de Abrams de 2020 \u201cI Miss You, I&#8217;m Sorry\u201d, se convirti\u00f3 en su primer \u00e9xito en el Top 20 en octubre. Desde entonces, \u201cThat&#8217;s So True\u201d ha alcanzado ubicuidad viral, convirti\u00e9ndose en la primera canci\u00f3n de Abrams en llegar al top 10 de EE. UU. y hasta ahora ha llegado al puesto n\u00famero 6. El \u00e1lbum alcanz\u00f3 el puesto n\u00famero 1 en muchos pa\u00edses alrededor del mundo y alcanz\u00f3 su punto m\u00e1ximo. en el puesto n\u00famero 2, el mejor de su carrera, en los EE. UU. Abrams coprodujo <em>La historia de nosotros<\/em> con el productor ganador del Grammy Aaron Dessner de The National en su estudio Long Pond en Hudson Valley.<\/p>\n<div class=\"uD-YT-container\"><img decoding=\"async\" src=\"https:\/\/web.consaguirre.com.ar\/noticias\/wp-content\/uploads\/2024\/12\/1734478829_331_Gracie-Abrams-hace-su-debut-en-Saturday-Night-Live.jpg\" alt=\"V\u00eddeo de YouTube\"><br \/>Haga clic para cargar v\u00eddeo<\/div>\n<p>Abrams ha sido defendida durante mucho tiempo por algunas de las estrellas m\u00e1s importantes del pop, como Olivia Rodrigo, quien cit\u00f3 a Abrams como una influencia en sus canciones como \u201cdrivers License\u201d y la llev\u00f3 de gira en 2022. Al a\u00f1o siguiente, Taylor Swift convirti\u00f3 a Abrams en una de los abridores de su Eras Tour. Swift tambi\u00e9n apareci\u00f3 como invitada en la pel\u00edcula de Abrams. <em>La historia de nosotros<\/em> tema \u201cUs\u201d, que est\u00e1 nominado a Mejor Interpretaci\u00f3n de D\u00fao\/Grupo Pop en los Grammy 2025. Despu\u00e9s de su gran \u00e9xito en 2024, Abrams se uni\u00f3 a esos artistas en la lista A de la m\u00fasica popular.<\/p>\n<p>De cara al 2025, realizar\u00e1 su gira principal apoyando <em>La historia de nosotros<\/em> en todo el mundo, con fechas en Europa, Asia, Australia y Am\u00e9rica del Norte, incluidas dos noches en lugares legendarios como Red Rocks y Madison Square Garden.<\/p>\n<p><strong>Escuche el \u00e1lbum de Gracie Abrams <em>El secreto de nosotros<\/em>.<\/strong><\/p>\n","protected":false},"excerpt":{"rendered":"<p>Graciela Abrams continu\u00f3 su ascenso el s\u00e1bado con su actuaci\u00f3n debut en S\u00e1bado noche en vivo. Como invitada musical en un episodio presentado por Chris<\/p>\n","protected":false},"author":1,"featured_media":1392,"comment_status":"closed","ping_status":"","sticky":false,"template":"","format":"standard","meta":{"footnotes":""},"categories":[50],"tags":[1456,257,1455,1440,126,125,741],"class_list":["post-1391","post","type-post","status-publish","format-standard","has-post-thumbnail","hentry","category-el-ultimo","tag-abrams","tag-debut","tag-gracie","tag-hace","tag-live","tag-night","tag-saturday","generate-columns","tablet-grid-50","mobile-grid-100","grid-parent","grid-50"],"yoast_head":"<!-- This site is optimized with the Yoast SEO plugin v23.3 - https:\/\/yoast.com\/wordpress\/plugins\/seo\/ -->\n<title>Gracie Abrams hace su debut en &#039;Saturday Night Live&#039;<\/title>\n<meta name=\"robots\" content=\"index, follow, max-snippet:-1, max-image-preview:large, max-video-preview:-1\" \/>\n<link rel=\"canonical\" href=\"https:\/\/web.consaguirre.com.ar\/noticias\/gracie-abrams-hace-su-debut-en-saturday-night-live\/\" \/>\n<meta property=\"og:locale\" content=\"es_ES\" \/>\n<meta property=\"og:type\" content=\"article\" \/>\n<meta property=\"og:title\" content=\"Gracie Abrams hace su debut en &#039;Saturday Night Live&#039;\" \/>\n<meta property=\"og:description\" content=\"Graciela Abrams continu\u00f3 su ascenso el s\u00e1bado con su actuaci\u00f3n debut en S\u00e1bado noche en vivo. Como invitada musical en un episodio presentado por Chris\" \/>\n<meta property=\"og:url\" content=\"https:\/\/web.consaguirre.com.ar\/noticias\/gracie-abrams-hace-su-debut-en-saturday-night-live\/\" \/>\n<meta property=\"og:site_name\" content=\"Conservatorio de M\u00fasica Juli\u00e1n Aguirre\" \/>\n<meta property=\"article:published_time\" content=\"2024-12-17T23:40:29+00:00\" \/>\n<meta property=\"article:modified_time\" content=\"2024-12-17T23:40:30+00:00\" \/>\n<meta property=\"og:image\" content=\"https:\/\/web.consaguirre.com.ar\/noticias\/wp-content\/uploads\/2024\/12\/Gracie-Abrams-hace-su-debut-en-Saturday-Night-Live.jpg\" \/>\n\t<meta property=\"og:image:width\" content=\"1440\" \/>\n\t<meta property=\"og:image:height\" content=\"864\" \/>\n\t<meta property=\"og:image:type\" content=\"image\/jpeg\" \/>\n<meta name=\"author\" content=\"Javier Figueroa\" \/>\n<meta name=\"twitter:card\" content=\"summary_large_image\" \/>\n<meta name=\"twitter:label1\" content=\"Escrito por\" \/>\n\t<meta name=\"twitter:data1\" content=\"Javier Figueroa\" \/>\n\t<meta name=\"twitter:label2\" content=\"Tiempo de lectura\" \/>\n\t<meta name=\"twitter:data2\" content=\"2 minutos\" \/>\n<script type=\"application\/ld+json\" class=\"yoast-schema-graph\">{\"@context\":\"https:\/\/schema.org\",\"@graph\":[{\"@type\":\"Article\",\"@id\":\"https:\/\/web.consaguirre.com.ar\/noticias\/gracie-abrams-hace-su-debut-en-saturday-night-live\/#article\",\"isPartOf\":{\"@id\":\"https:\/\/web.consaguirre.com.ar\/noticias\/gracie-abrams-hace-su-debut-en-saturday-night-live\/\"},\"author\":{\"name\":\"Javier Figueroa\",\"@id\":\"https:\/\/web.consaguirre.com.ar\/noticias\/#\/schema\/person\/6558b0cfedee7ddc5425602b237d5722\"},\"headline\":\"Gracie Abrams hace su debut en &#8216;Saturday Night Live&#8217;\",\"datePublished\":\"2024-12-17T23:40:29+00:00\",\"dateModified\":\"2024-12-17T23:40:30+00:00\",\"mainEntityOfPage\":{\"@id\":\"https:\/\/web.consaguirre.com.ar\/noticias\/gracie-abrams-hace-su-debut-en-saturday-night-live\/\"},\"wordCount\":389,\"publisher\":{\"@id\":\"https:\/\/web.consaguirre.com.ar\/noticias\/#organization\"},\"image\":{\"@id\":\"https:\/\/web.consaguirre.com.ar\/noticias\/gracie-abrams-hace-su-debut-en-saturday-night-live\/#primaryimage\"},\"thumbnailUrl\":\"https:\/\/web.consaguirre.com.ar\/noticias\/wp-content\/uploads\/2024\/12\/Gracie-Abrams-hace-su-debut-en-Saturday-Night-Live.jpg\",\"keywords\":[\"Abrams\",\"debut\",\"Gracie\",\"hace\",\"Live\",\"Night\",\"Saturday\"],\"articleSection\":[\"El \u00faltimo\"],\"inLanguage\":\"es-AR\"},{\"@type\":\"WebPage\",\"@id\":\"https:\/\/web.consaguirre.com.ar\/noticias\/gracie-abrams-hace-su-debut-en-saturday-night-live\/\",\"url\":\"https:\/\/web.consaguirre.com.ar\/noticias\/gracie-abrams-hace-su-debut-en-saturday-night-live\/\",\"name\":\"Gracie Abrams hace su debut en 'Saturday Night Live'\",\"isPartOf\":{\"@id\":\"https:\/\/web.consaguirre.com.ar\/noticias\/#website\"},\"primaryImageOfPage\":{\"@id\":\"https:\/\/web.consaguirre.com.ar\/noticias\/gracie-abrams-hace-su-debut-en-saturday-night-live\/#primaryimage\"},\"image\":{\"@id\":\"https:\/\/web.consaguirre.com.ar\/noticias\/gracie-abrams-hace-su-debut-en-saturday-night-live\/#primaryimage\"},\"thumbnailUrl\":\"https:\/\/web.consaguirre.com.ar\/noticias\/wp-content\/uploads\/2024\/12\/Gracie-Abrams-hace-su-debut-en-Saturday-Night-Live.jpg\",\"datePublished\":\"2024-12-17T23:40:29+00:00\",\"dateModified\":\"2024-12-17T23:40:30+00:00\",\"breadcrumb\":{\"@id\":\"https:\/\/web.consaguirre.com.ar\/noticias\/gracie-abrams-hace-su-debut-en-saturday-night-live\/#breadcrumb\"},\"inLanguage\":\"es-AR\",\"potentialAction\":[{\"@type\":\"ReadAction\",\"target\":[\"https:\/\/web.consaguirre.com.ar\/noticias\/gracie-abrams-hace-su-debut-en-saturday-night-live\/\"]}]},{\"@type\":\"ImageObject\",\"inLanguage\":\"es-AR\",\"@id\":\"https:\/\/web.consaguirre.com.ar\/noticias\/gracie-abrams-hace-su-debut-en-saturday-night-live\/#primaryimage\",\"url\":\"https:\/\/web.consaguirre.com.ar\/noticias\/wp-content\/uploads\/2024\/12\/Gracie-Abrams-hace-su-debut-en-Saturday-Night-Live.jpg\",\"contentUrl\":\"https:\/\/web.consaguirre.com.ar\/noticias\/wp-content\/uploads\/2024\/12\/Gracie-Abrams-hace-su-debut-en-Saturday-Night-Live.jpg\",\"width\":1440,\"height\":864,\"caption\":\"Gracie Abrams hace su debut en 'Saturday Night Live'\"},{\"@type\":\"BreadcrumbList\",\"@id\":\"https:\/\/web.consaguirre.com.ar\/noticias\/gracie-abrams-hace-su-debut-en-saturday-night-live\/#breadcrumb\",\"itemListElement\":[{\"@type\":\"ListItem\",\"position\":1,\"name\":\"Inicio\",\"item\":\"https:\/\/web.consaguirre.com.ar\/noticias\/\"},{\"@type\":\"ListItem\",\"position\":2,\"name\":\"Gracie Abrams hace su debut en &#8216;Saturday Night Live&#8217;\"}]},{\"@type\":\"WebSite\",\"@id\":\"https:\/\/web.consaguirre.com.ar\/noticias\/#website\",\"url\":\"https:\/\/web.consaguirre.com.ar\/noticias\/\",\"name\":\"Conservatorio de M\u00fasica Juli\u00e1n Aguirre\",\"description\":\"\",\"publisher\":{\"@id\":\"https:\/\/web.consaguirre.com.ar\/noticias\/#organization\"},\"potentialAction\":[{\"@type\":\"SearchAction\",\"target\":{\"@type\":\"EntryPoint\",\"urlTemplate\":\"https:\/\/web.consaguirre.com.ar\/noticias\/?s={search_term_string}\"},\"query-input\":\"required name=search_term_string\"}],\"inLanguage\":\"es-AR\"},{\"@type\":\"Organization\",\"@id\":\"https:\/\/web.consaguirre.com.ar\/noticias\/#organization\",\"name\":\"Conservatorio de M\u00fasica Juli\u00e1n Aguirre\",\"url\":\"https:\/\/web.consaguirre.com.ar\/noticias\/\",\"logo\":{\"@type\":\"ImageObject\",\"inLanguage\":\"es-AR\",\"@id\":\"https:\/\/web.consaguirre.com.ar\/noticias\/#\/schema\/logo\/image\/\",\"url\":\"https:\/\/web.consaguirre.com.ar\/noticias\/wp-content\/uploads\/2024\/08\/Banner-Aguirre-23.jpg\",\"contentUrl\":\"https:\/\/web.consaguirre.com.ar\/noticias\/wp-content\/uploads\/2024\/08\/Banner-Aguirre-23.jpg\",\"width\":1192,\"height\":600,\"caption\":\"Conservatorio de M\u00fasica Juli\u00e1n Aguirre\"},\"image\":{\"@id\":\"https:\/\/web.consaguirre.com.ar\/noticias\/#\/schema\/logo\/image\/\"}},{\"@type\":\"Person\",\"@id\":\"https:\/\/web.consaguirre.com.ar\/noticias\/#\/schema\/person\/6558b0cfedee7ddc5425602b237d5722\",\"name\":\"Javier Figueroa\",\"image\":{\"@type\":\"ImageObject\",\"inLanguage\":\"es-AR\",\"@id\":\"https:\/\/web.consaguirre.com.ar\/noticias\/#\/schema\/person\/image\/\",\"url\":\"https:\/\/web.consaguirre.com.ar\/noticias\/wp-content\/uploads\/2024\/08\/Consaguirre-scaled.jpg\",\"contentUrl\":\"https:\/\/web.consaguirre.com.ar\/noticias\/wp-content\/uploads\/2024\/08\/Consaguirre-scaled.jpg\",\"caption\":\"Javier Figueroa\"},\"description\":\"Me llamo Javier Figueroa y soy redactor para el sitio oficial del Conservatorio de M\u00fasica Juli\u00e1n Aguirre en Buenos Aires, consaguirre.com. Apasionado por la m\u00fasica y la escritura, me esfuerzo por destacar los talentos y eventos de nuestra prestigiosa instituci\u00f3n. Mi trayectoria se nutre de una profunda admiraci\u00f3n por los artistas, haciendo de cada art\u00edculo una celebraci\u00f3n de la creatividad y la cultura musical.\",\"sameAs\":[\"https:\/\/web.consaguirre.com.ar\/noticias\"]}]}<\/script>\n<!-- \/ Yoast SEO plugin. -->","yoast_head_json":{"title":"Gracie Abrams hace su debut en 'Saturday Night Live'","robots":{"index":"index","follow":"follow","max-snippet":"max-snippet:-1","max-image-preview":"max-image-preview:large","max-video-preview":"max-video-preview:-1"},"canonical":"https:\/\/web.consaguirre.com.ar\/noticias\/gracie-abrams-hace-su-debut-en-saturday-night-live\/","og_locale":"es_ES","og_type":"article","og_title":"Gracie Abrams hace su debut en 'Saturday Night Live'","og_description":"Graciela Abrams continu\u00f3 su ascenso el s\u00e1bado con su actuaci\u00f3n debut en S\u00e1bado noche en vivo. Como invitada musical en un episodio presentado por Chris","og_url":"https:\/\/web.consaguirre.com.ar\/noticias\/gracie-abrams-hace-su-debut-en-saturday-night-live\/","og_site_name":"Conservatorio de M\u00fasica Juli\u00e1n Aguirre","article_published_time":"2024-12-17T23:40:29+00:00","article_modified_time":"2024-12-17T23:40:30+00:00","og_image":[{"width":1440,"height":864,"url":"https:\/\/web.consaguirre.com.ar\/noticias\/wp-content\/uploads\/2024\/12\/Gracie-Abrams-hace-su-debut-en-Saturday-Night-Live.jpg","type":"image\/jpeg"}],"author":"Javier Figueroa","twitter_card":"summary_large_image","twitter_misc":{"Escrito por":"Javier Figueroa","Tiempo de lectura":"2 minutos"},"schema":{"@context":"https:\/\/schema.org","@graph":[{"@type":"Article","@id":"https:\/\/web.consaguirre.com.ar\/noticias\/gracie-abrams-hace-su-debut-en-saturday-night-live\/#article","isPartOf":{"@id":"https:\/\/web.consaguirre.com.ar\/noticias\/gracie-abrams-hace-su-debut-en-saturday-night-live\/"},"author":{"name":"Javier Figueroa","@id":"https:\/\/web.consaguirre.com.ar\/noticias\/#\/schema\/person\/6558b0cfedee7ddc5425602b237d5722"},"headline":"Gracie Abrams hace su debut en &#8216;Saturday Night Live&#8217;","datePublished":"2024-12-17T23:40:29+00:00","dateModified":"2024-12-17T23:40:30+00:00","mainEntityOfPage":{"@id":"https:\/\/web.consaguirre.com.ar\/noticias\/gracie-abrams-hace-su-debut-en-saturday-night-live\/"},"wordCount":389,"publisher":{"@id":"https:\/\/web.consaguirre.com.ar\/noticias\/#organization"},"image":{"@id":"https:\/\/web.consaguirre.com.ar\/noticias\/gracie-abrams-hace-su-debut-en-saturday-night-live\/#primaryimage"},"thumbnailUrl":"https:\/\/web.consaguirre.com.ar\/noticias\/wp-content\/uploads\/2024\/12\/Gracie-Abrams-hace-su-debut-en-Saturday-Night-Live.jpg","keywords":["Abrams","debut","Gracie","hace","Live","Night","Saturday"],"articleSection":["El \u00faltimo"],"inLanguage":"es-AR"},{"@type":"WebPage","@id":"https:\/\/web.consaguirre.com.ar\/noticias\/gracie-abrams-hace-su-debut-en-saturday-night-live\/","url":"https:\/\/web.consaguirre.com.ar\/noticias\/gracie-abrams-hace-su-debut-en-saturday-night-live\/","name":"Gracie Abrams hace su debut en 'Saturday Night Live'","isPartOf":{"@id":"https:\/\/web.consaguirre.com.ar\/noticias\/#website"},"primaryImageOfPage":{"@id":"https:\/\/web.consaguirre.com.ar\/noticias\/gracie-abrams-hace-su-debut-en-saturday-night-live\/#primaryimage"},"image":{"@id":"https:\/\/web.consaguirre.com.ar\/noticias\/gracie-abrams-hace-su-debut-en-saturday-night-live\/#primaryimage"},"thumbnailUrl":"https:\/\/web.consaguirre.com.ar\/noticias\/wp-content\/uploads\/2024\/12\/Gracie-Abrams-hace-su-debut-en-Saturday-Night-Live.jpg","datePublished":"2024-12-17T23:40:29+00:00","dateModified":"2024-12-17T23:40:30+00:00","breadcrumb":{"@id":"https:\/\/web.consaguirre.com.ar\/noticias\/gracie-abrams-hace-su-debut-en-saturday-night-live\/#breadcrumb"},"inLanguage":"es-AR","potentialAction":[{"@type":"ReadAction","target":["https:\/\/web.consaguirre.com.ar\/noticias\/gracie-abrams-hace-su-debut-en-saturday-night-live\/"]}]},{"@type":"ImageObject","inLanguage":"es-AR","@id":"https:\/\/web.consaguirre.com.ar\/noticias\/gracie-abrams-hace-su-debut-en-saturday-night-live\/#primaryimage","url":"https:\/\/web.consaguirre.com.ar\/noticias\/wp-content\/uploads\/2024\/12\/Gracie-Abrams-hace-su-debut-en-Saturday-Night-Live.jpg","contentUrl":"https:\/\/web.consaguirre.com.ar\/noticias\/wp-content\/uploads\/2024\/12\/Gracie-Abrams-hace-su-debut-en-Saturday-Night-Live.jpg","width":1440,"height":864,"caption":"Gracie Abrams hace su debut en 'Saturday Night Live'"},{"@type":"BreadcrumbList","@id":"https:\/\/web.consaguirre.com.ar\/noticias\/gracie-abrams-hace-su-debut-en-saturday-night-live\/#breadcrumb","itemListElement":[{"@type":"ListItem","position":1,"name":"Inicio","item":"https:\/\/web.consaguirre.com.ar\/noticias\/"},{"@type":"ListItem","position":2,"name":"Gracie Abrams hace su debut en &#8216;Saturday Night Live&#8217;"}]},{"@type":"WebSite","@id":"https:\/\/web.consaguirre.com.ar\/noticias\/#website","url":"https:\/\/web.consaguirre.com.ar\/noticias\/","name":"Conservatorio de M\u00fasica Juli\u00e1n Aguirre","description":"","publisher":{"@id":"https:\/\/web.consaguirre.com.ar\/noticias\/#organization"},"potentialAction":[{"@type":"SearchAction","target":{"@type":"EntryPoint","urlTemplate":"https:\/\/web.consaguirre.com.ar\/noticias\/?s={search_term_string}"},"query-input":"required name=search_term_string"}],"inLanguage":"es-AR"},{"@type":"Organization","@id":"https:\/\/web.consaguirre.com.ar\/noticias\/#organization","name":"Conservatorio de M\u00fasica Juli\u00e1n Aguirre","url":"https:\/\/web.consaguirre.com.ar\/noticias\/","logo":{"@type":"ImageObject","inLanguage":"es-AR","@id":"https:\/\/web.consaguirre.com.ar\/noticias\/#\/schema\/logo\/image\/","url":"https:\/\/web.consaguirre.com.ar\/noticias\/wp-content\/uploads\/2024\/08\/Banner-Aguirre-23.jpg","contentUrl":"https:\/\/web.consaguirre.com.ar\/noticias\/wp-content\/uploads\/2024\/08\/Banner-Aguirre-23.jpg","width":1192,"height":600,"caption":"Conservatorio de M\u00fasica Juli\u00e1n Aguirre"},"image":{"@id":"https:\/\/web.consaguirre.com.ar\/noticias\/#\/schema\/logo\/image\/"}},{"@type":"Person","@id":"https:\/\/web.consaguirre.com.ar\/noticias\/#\/schema\/person\/6558b0cfedee7ddc5425602b237d5722","name":"Javier Figueroa","image":{"@type":"ImageObject","inLanguage":"es-AR","@id":"https:\/\/web.consaguirre.com.ar\/noticias\/#\/schema\/person\/image\/","url":"https:\/\/web.consaguirre.com.ar\/noticias\/wp-content\/uploads\/2024\/08\/Consaguirre-scaled.jpg","contentUrl":"https:\/\/web.consaguirre.com.ar\/noticias\/wp-content\/uploads\/2024\/08\/Consaguirre-scaled.jpg","caption":"Javier Figueroa"},"description":"Me llamo Javier Figueroa y soy redactor para el sitio oficial del Conservatorio de M\u00fasica Juli\u00e1n Aguirre en Buenos Aires, consaguirre.com. Apasionado por la m\u00fasica y la escritura, me esfuerzo por destacar los talentos y eventos de nuestra prestigiosa instituci\u00f3n. Mi trayectoria se nutre de una profunda admiraci\u00f3n por los artistas, haciendo de cada art\u00edculo una celebraci\u00f3n de la creatividad y la cultura musical.","sameAs":["https:\/\/web.consaguirre.com.ar\/noticias"]}]}},"_links":{"self":[{"href":"https:\/\/web.consaguirre.com.ar\/noticias\/wp-json\/wp\/v2\/posts\/1391"}],"collection":[{"href":"https:\/\/web.consaguirre.com.ar\/noticias\/wp-json\/wp\/v2\/posts"}],"about":[{"href":"https:\/\/web.consaguirre.com.ar\/noticias\/wp-json\/wp\/v2\/types\/post"}],"author":[{"embeddable":true,"href":"https:\/\/web.consaguirre.com.ar\/noticias\/wp-json\/wp\/v2\/users\/1"}],"replies":[{"embeddable":true,"href":"https:\/\/web.consaguirre.com.ar\/noticias\/wp-json\/wp\/v2\/comments?post=1391"}],"version-history":[{"count":1,"href":"https:\/\/web.consaguirre.com.ar\/noticias\/wp-json\/wp\/v2\/posts\/1391\/revisions"}],"predecessor-version":[{"id":1393,"href":"https:\/\/web.consaguirre.com.ar\/noticias\/wp-json\/wp\/v2\/posts\/1391\/revisions\/1393"}],"wp:featuredmedia":[{"embeddable":true,"href":"https:\/\/web.consaguirre.com.ar\/noticias\/wp-json\/wp\/v2\/media\/1392"}],"wp:attachment":[{"href":"https:\/\/web.consaguirre.com.ar\/noticias\/wp-json\/wp\/v2\/media?parent=1391"}],"wp:term":[{"taxonomy":"category","embeddable":true,"href":"https:\/\/web.consaguirre.com.ar\/noticias\/wp-json\/wp\/v2\/categories?post=1391"},{"taxonomy":"post_tag","embeddable":true,"href":"https:\/\/web.consaguirre.com.ar\/noticias\/wp-json\/wp\/v2\/tags?post=1391"}],"curies":[{"name":"wp","href":"https:\/\/api.w.org\/{rel}","templated":true}]}}