{"id":1388,"date":"2024-12-17T17:41:49","date_gmt":"2024-12-17T20:41:49","guid":{"rendered":"https:\/\/web.consaguirre.com.ar\/noticias\/navidad-con-andrea-bocelli-y-amigos-se-transmite-en-nochebuena-en-cbs\/"},"modified":"2024-12-17T17:41:50","modified_gmt":"2024-12-17T20:41:50","slug":"navidad-con-andrea-bocelli-y-amigos-se-transmite-en-nochebuena-en-cbs","status":"publish","type":"post","link":"https:\/\/web.consaguirre.com.ar\/noticias\/navidad-con-andrea-bocelli-y-amigos-se-transmite-en-nochebuena-en-cbs\/","title":{"rendered":"&#8216;Navidad con Andrea Bocelli y amigos&#8217; se transmite en Nochebuena en CBS"},"content":{"rendered":"<p>La Academia de la Grabaci\u00f3n, el ex productor de los Grammy Ken Ehrlich y CBS se han unido para un especial que llevar\u00e1 la m\u00fasica navide\u00f1a a las ondas en Nochebuena. \u201cNavidad con <strong>Andrea Bocelli<\/strong> And Friends: A Grammy Holiday Special se transmitir\u00e1 el martes 24 de diciembre a las 8 pm ET\/PT por CBS. El programa tambi\u00e9n se transmitir\u00e1 en vivo y bajo demanda en Paramount+.<\/p>\n<p>Bocelli, el tenor de renombre mundial, dar\u00e1 la bienvenida a invitados como su esposa, Veronica Bocelli, y su hija, Virginia Bocelli. Sofia Carson, Josh Groban y los ganadores del Grammy <strong>Jennifer Hudson<\/strong> y Dua Lipa tambi\u00e9n actuar\u00e1 en el programa.<\/p>\n<p>&#8220;Con este especial, no s\u00f3lo celebramos las fiestas, sino tambi\u00e9n una de las voces m\u00e1s grandes de la m\u00fasica&#8221;, dijo el director ejecutivo de la Academia de Grabaci\u00f3n, Harvey Mason Jr.. \u201cInvitamos a las familias de todo el mundo a sintonizarnos y disfrutar de las actuaciones festivas que Andrea y sus incre\u00edbles invitados tienen reservadas para todos nosotros\u201d.<\/p>\n<p>Bocelli a\u00f1adi\u00f3: \u201cToda mi vida he disfrutado entretener a la gente en persona, en discos, en cine y en televisi\u00f3n, y tener la oportunidad de hacerlo en CBS, donde he tenido muchas apariciones memorables a lo largo de los a\u00f1os, y Trabajar con la Academia de la Grabaci\u00f3n, que ha apoyado la m\u00fasica cl\u00e1sica durante d\u00e9cadas, es muy emocionante\u201d. La leyenda de la \u00f3pera continu\u00f3: \u201cTengo muchas ganas de compartir actuaciones con amigos y familiares en mi especial de Navidad\u201d.<\/p>\n<p>Bocelli ha pasado 2024 celebrando su 30.\u00ba aniversario en la m\u00fasica, primero con una actuaci\u00f3n en los Oscar junto a Matteo Bocelli y luego con el lanzamiento de <strong>su nuevo \u00e1lbum <em>Duetos<\/em><\/strong>  y la pel\u00edcula del concierto <em>Andrea Bocelli 30: La celebraci\u00f3n<\/em>. Ahora, \u201cNavidad con Andrea Bocelli y sus amigos\u201d cerrar\u00e1 las festividades que durar\u00e1n todo el a\u00f1o.<\/p>\n<p>Ehrlich, quien escribir\u00e1 el programa, es parte de una lista de productores ejecutivos que tambi\u00e9n incluye a Mason, Ver\u00f3nica Bocelli y Francesco Pasquero. Adem\u00e1s, Renato Basile ser\u00e1 el productor supervisor, Branden Chapman producir\u00e1 y Julia Knowles dirigir\u00e1.<\/p><\/p>\n","protected":false},"excerpt":{"rendered":"<p>La Academia de la Grabaci\u00f3n, el ex productor de los Grammy Ken Ehrlich y CBS se han unido para un especial que llevar\u00e1 la m\u00fasica<\/p>\n","protected":false},"author":1,"featured_media":1389,"comment_status":"closed","ping_status":"","sticky":false,"template":"","format":"standard","meta":{"footnotes":""},"categories":[50],"tags":[1490,636,637,1493,32,671,1492,1491],"class_list":["post-1388","post","type-post","status-publish","format-standard","has-post-thumbnail","hentry","category-el-ultimo","tag-amigos","tag-andrea","tag-bocelli","tag-cbs","tag-con","tag-navidad","tag-nochebuena","tag-transmite","generate-columns","tablet-grid-50","mobile-grid-100","grid-parent","grid-50"],"yoast_head":"<!-- This site is optimized with the Yoast SEO plugin v23.3 - https:\/\/yoast.com\/wordpress\/plugins\/seo\/ -->\n<title>&#039;Navidad con Andrea Bocelli y amigos&#039; se transmite en Nochebuena en CBS<\/title>\n<meta name=\"robots\" content=\"index, follow, max-snippet:-1, max-image-preview:large, max-video-preview:-1\" \/>\n<link rel=\"canonical\" href=\"https:\/\/web.consaguirre.com.ar\/noticias\/navidad-con-andrea-bocelli-y-amigos-se-transmite-en-nochebuena-en-cbs\/\" \/>\n<meta property=\"og:locale\" content=\"es_ES\" \/>\n<meta property=\"og:type\" content=\"article\" \/>\n<meta property=\"og:title\" content=\"&#039;Navidad con Andrea Bocelli y amigos&#039; se transmite en Nochebuena en CBS\" \/>\n<meta property=\"og:description\" content=\"La Academia de la Grabaci\u00f3n, el ex productor de los Grammy Ken Ehrlich y CBS se han unido para un especial que llevar\u00e1 la m\u00fasica\" \/>\n<meta property=\"og:url\" content=\"https:\/\/web.consaguirre.com.ar\/noticias\/navidad-con-andrea-bocelli-y-amigos-se-transmite-en-nochebuena-en-cbs\/\" \/>\n<meta property=\"og:site_name\" content=\"Conservatorio de M\u00fasica Juli\u00e1n Aguirre\" \/>\n<meta property=\"article:published_time\" content=\"2024-12-17T20:41:49+00:00\" \/>\n<meta property=\"article:modified_time\" content=\"2024-12-17T20:41:50+00:00\" \/>\n<meta property=\"og:image\" content=\"https:\/\/web.consaguirre.com.ar\/noticias\/wp-content\/uploads\/2024\/12\/Navidad-con-Andrea-Bocelli-y-amigos-se-transmite-en-Nochebuena.jpg\" \/>\n\t<meta property=\"og:image:width\" content=\"1440\" \/>\n\t<meta property=\"og:image:height\" content=\"864\" \/>\n\t<meta property=\"og:image:type\" content=\"image\/jpeg\" \/>\n<meta name=\"author\" content=\"Javier Figueroa\" \/>\n<meta name=\"twitter:card\" content=\"summary_large_image\" \/>\n<meta name=\"twitter:label1\" content=\"Escrito por\" \/>\n\t<meta name=\"twitter:data1\" content=\"Javier Figueroa\" \/>\n\t<meta name=\"twitter:label2\" content=\"Tiempo de lectura\" \/>\n\t<meta name=\"twitter:data2\" content=\"2 minutos\" \/>\n<script type=\"application\/ld+json\" class=\"yoast-schema-graph\">{\"@context\":\"https:\/\/schema.org\",\"@graph\":[{\"@type\":\"Article\",\"@id\":\"https:\/\/web.consaguirre.com.ar\/noticias\/navidad-con-andrea-bocelli-y-amigos-se-transmite-en-nochebuena-en-cbs\/#article\",\"isPartOf\":{\"@id\":\"https:\/\/web.consaguirre.com.ar\/noticias\/navidad-con-andrea-bocelli-y-amigos-se-transmite-en-nochebuena-en-cbs\/\"},\"author\":{\"name\":\"Javier Figueroa\",\"@id\":\"https:\/\/web.consaguirre.com.ar\/noticias\/#\/schema\/person\/6558b0cfedee7ddc5425602b237d5722\"},\"headline\":\"&#8216;Navidad con Andrea Bocelli y amigos&#8217; se transmite en Nochebuena en CBS\",\"datePublished\":\"2024-12-17T20:41:49+00:00\",\"dateModified\":\"2024-12-17T20:41:50+00:00\",\"mainEntityOfPage\":{\"@id\":\"https:\/\/web.consaguirre.com.ar\/noticias\/navidad-con-andrea-bocelli-y-amigos-se-transmite-en-nochebuena-en-cbs\/\"},\"wordCount\":375,\"publisher\":{\"@id\":\"https:\/\/web.consaguirre.com.ar\/noticias\/#organization\"},\"image\":{\"@id\":\"https:\/\/web.consaguirre.com.ar\/noticias\/navidad-con-andrea-bocelli-y-amigos-se-transmite-en-nochebuena-en-cbs\/#primaryimage\"},\"thumbnailUrl\":\"https:\/\/web.consaguirre.com.ar\/noticias\/wp-content\/uploads\/2024\/12\/Navidad-con-Andrea-Bocelli-y-amigos-se-transmite-en-Nochebuena.jpg\",\"keywords\":[\"amigos\",\"Andrea\",\"Bocelli\",\"CBS\",\"con\",\"Navidad\",\"Nochebuena\",\"transmite\"],\"articleSection\":[\"El \u00faltimo\"],\"inLanguage\":\"es-AR\"},{\"@type\":\"WebPage\",\"@id\":\"https:\/\/web.consaguirre.com.ar\/noticias\/navidad-con-andrea-bocelli-y-amigos-se-transmite-en-nochebuena-en-cbs\/\",\"url\":\"https:\/\/web.consaguirre.com.ar\/noticias\/navidad-con-andrea-bocelli-y-amigos-se-transmite-en-nochebuena-en-cbs\/\",\"name\":\"'Navidad con Andrea Bocelli y amigos' se transmite en Nochebuena en CBS\",\"isPartOf\":{\"@id\":\"https:\/\/web.consaguirre.com.ar\/noticias\/#website\"},\"primaryImageOfPage\":{\"@id\":\"https:\/\/web.consaguirre.com.ar\/noticias\/navidad-con-andrea-bocelli-y-amigos-se-transmite-en-nochebuena-en-cbs\/#primaryimage\"},\"image\":{\"@id\":\"https:\/\/web.consaguirre.com.ar\/noticias\/navidad-con-andrea-bocelli-y-amigos-se-transmite-en-nochebuena-en-cbs\/#primaryimage\"},\"thumbnailUrl\":\"https:\/\/web.consaguirre.com.ar\/noticias\/wp-content\/uploads\/2024\/12\/Navidad-con-Andrea-Bocelli-y-amigos-se-transmite-en-Nochebuena.jpg\",\"datePublished\":\"2024-12-17T20:41:49+00:00\",\"dateModified\":\"2024-12-17T20:41:50+00:00\",\"breadcrumb\":{\"@id\":\"https:\/\/web.consaguirre.com.ar\/noticias\/navidad-con-andrea-bocelli-y-amigos-se-transmite-en-nochebuena-en-cbs\/#breadcrumb\"},\"inLanguage\":\"es-AR\",\"potentialAction\":[{\"@type\":\"ReadAction\",\"target\":[\"https:\/\/web.consaguirre.com.ar\/noticias\/navidad-con-andrea-bocelli-y-amigos-se-transmite-en-nochebuena-en-cbs\/\"]}]},{\"@type\":\"ImageObject\",\"inLanguage\":\"es-AR\",\"@id\":\"https:\/\/web.consaguirre.com.ar\/noticias\/navidad-con-andrea-bocelli-y-amigos-se-transmite-en-nochebuena-en-cbs\/#primaryimage\",\"url\":\"https:\/\/web.consaguirre.com.ar\/noticias\/wp-content\/uploads\/2024\/12\/Navidad-con-Andrea-Bocelli-y-amigos-se-transmite-en-Nochebuena.jpg\",\"contentUrl\":\"https:\/\/web.consaguirre.com.ar\/noticias\/wp-content\/uploads\/2024\/12\/Navidad-con-Andrea-Bocelli-y-amigos-se-transmite-en-Nochebuena.jpg\",\"width\":1440,\"height\":864,\"caption\":\"'Navidad con Andrea Bocelli y amigos' se transmite en Nochebuena en CBS\"},{\"@type\":\"BreadcrumbList\",\"@id\":\"https:\/\/web.consaguirre.com.ar\/noticias\/navidad-con-andrea-bocelli-y-amigos-se-transmite-en-nochebuena-en-cbs\/#breadcrumb\",\"itemListElement\":[{\"@type\":\"ListItem\",\"position\":1,\"name\":\"Inicio\",\"item\":\"https:\/\/web.consaguirre.com.ar\/noticias\/\"},{\"@type\":\"ListItem\",\"position\":2,\"name\":\"&#8216;Navidad con Andrea Bocelli y amigos&#8217; se transmite en Nochebuena en CBS\"}]},{\"@type\":\"WebSite\",\"@id\":\"https:\/\/web.consaguirre.com.ar\/noticias\/#website\",\"url\":\"https:\/\/web.consaguirre.com.ar\/noticias\/\",\"name\":\"Conservatorio de M\u00fasica Juli\u00e1n Aguirre\",\"description\":\"\",\"publisher\":{\"@id\":\"https:\/\/web.consaguirre.com.ar\/noticias\/#organization\"},\"potentialAction\":[{\"@type\":\"SearchAction\",\"target\":{\"@type\":\"EntryPoint\",\"urlTemplate\":\"https:\/\/web.consaguirre.com.ar\/noticias\/?s={search_term_string}\"},\"query-input\":\"required name=search_term_string\"}],\"inLanguage\":\"es-AR\"},{\"@type\":\"Organization\",\"@id\":\"https:\/\/web.consaguirre.com.ar\/noticias\/#organization\",\"name\":\"Conservatorio de M\u00fasica Juli\u00e1n Aguirre\",\"url\":\"https:\/\/web.consaguirre.com.ar\/noticias\/\",\"logo\":{\"@type\":\"ImageObject\",\"inLanguage\":\"es-AR\",\"@id\":\"https:\/\/web.consaguirre.com.ar\/noticias\/#\/schema\/logo\/image\/\",\"url\":\"https:\/\/web.consaguirre.com.ar\/noticias\/wp-content\/uploads\/2024\/08\/Banner-Aguirre-23.jpg\",\"contentUrl\":\"https:\/\/web.consaguirre.com.ar\/noticias\/wp-content\/uploads\/2024\/08\/Banner-Aguirre-23.jpg\",\"width\":1192,\"height\":600,\"caption\":\"Conservatorio de M\u00fasica Juli\u00e1n Aguirre\"},\"image\":{\"@id\":\"https:\/\/web.consaguirre.com.ar\/noticias\/#\/schema\/logo\/image\/\"}},{\"@type\":\"Person\",\"@id\":\"https:\/\/web.consaguirre.com.ar\/noticias\/#\/schema\/person\/6558b0cfedee7ddc5425602b237d5722\",\"name\":\"Javier Figueroa\",\"image\":{\"@type\":\"ImageObject\",\"inLanguage\":\"es-AR\",\"@id\":\"https:\/\/web.consaguirre.com.ar\/noticias\/#\/schema\/person\/image\/\",\"url\":\"https:\/\/web.consaguirre.com.ar\/noticias\/wp-content\/uploads\/2024\/08\/Consaguirre-scaled.jpg\",\"contentUrl\":\"https:\/\/web.consaguirre.com.ar\/noticias\/wp-content\/uploads\/2024\/08\/Consaguirre-scaled.jpg\",\"caption\":\"Javier Figueroa\"},\"description\":\"Me llamo Javier Figueroa y soy redactor para el sitio oficial del Conservatorio de M\u00fasica Juli\u00e1n Aguirre en Buenos Aires, consaguirre.com. Apasionado por la m\u00fasica y la escritura, me esfuerzo por destacar los talentos y eventos de nuestra prestigiosa instituci\u00f3n. Mi trayectoria se nutre de una profunda admiraci\u00f3n por los artistas, haciendo de cada art\u00edculo una celebraci\u00f3n de la creatividad y la cultura musical.\",\"sameAs\":[\"https:\/\/web.consaguirre.com.ar\/noticias\"]}]}<\/script>\n<!-- \/ Yoast SEO plugin. -->","yoast_head_json":{"title":"'Navidad con Andrea Bocelli y amigos' se transmite en Nochebuena en CBS","robots":{"index":"index","follow":"follow","max-snippet":"max-snippet:-1","max-image-preview":"max-image-preview:large","max-video-preview":"max-video-preview:-1"},"canonical":"https:\/\/web.consaguirre.com.ar\/noticias\/navidad-con-andrea-bocelli-y-amigos-se-transmite-en-nochebuena-en-cbs\/","og_locale":"es_ES","og_type":"article","og_title":"'Navidad con Andrea Bocelli y amigos' se transmite en Nochebuena en CBS","og_description":"La Academia de la Grabaci\u00f3n, el ex productor de los Grammy Ken Ehrlich y CBS se han unido para un especial que llevar\u00e1 la m\u00fasica","og_url":"https:\/\/web.consaguirre.com.ar\/noticias\/navidad-con-andrea-bocelli-y-amigos-se-transmite-en-nochebuena-en-cbs\/","og_site_name":"Conservatorio de M\u00fasica Juli\u00e1n Aguirre","article_published_time":"2024-12-17T20:41:49+00:00","article_modified_time":"2024-12-17T20:41:50+00:00","og_image":[{"width":1440,"height":864,"url":"https:\/\/web.consaguirre.com.ar\/noticias\/wp-content\/uploads\/2024\/12\/Navidad-con-Andrea-Bocelli-y-amigos-se-transmite-en-Nochebuena.jpg","type":"image\/jpeg"}],"author":"Javier Figueroa","twitter_card":"summary_large_image","twitter_misc":{"Escrito por":"Javier Figueroa","Tiempo de lectura":"2 minutos"},"schema":{"@context":"https:\/\/schema.org","@graph":[{"@type":"Article","@id":"https:\/\/web.consaguirre.com.ar\/noticias\/navidad-con-andrea-bocelli-y-amigos-se-transmite-en-nochebuena-en-cbs\/#article","isPartOf":{"@id":"https:\/\/web.consaguirre.com.ar\/noticias\/navidad-con-andrea-bocelli-y-amigos-se-transmite-en-nochebuena-en-cbs\/"},"author":{"name":"Javier Figueroa","@id":"https:\/\/web.consaguirre.com.ar\/noticias\/#\/schema\/person\/6558b0cfedee7ddc5425602b237d5722"},"headline":"&#8216;Navidad con Andrea Bocelli y amigos&#8217; se transmite en Nochebuena en CBS","datePublished":"2024-12-17T20:41:49+00:00","dateModified":"2024-12-17T20:41:50+00:00","mainEntityOfPage":{"@id":"https:\/\/web.consaguirre.com.ar\/noticias\/navidad-con-andrea-bocelli-y-amigos-se-transmite-en-nochebuena-en-cbs\/"},"wordCount":375,"publisher":{"@id":"https:\/\/web.consaguirre.com.ar\/noticias\/#organization"},"image":{"@id":"https:\/\/web.consaguirre.com.ar\/noticias\/navidad-con-andrea-bocelli-y-amigos-se-transmite-en-nochebuena-en-cbs\/#primaryimage"},"thumbnailUrl":"https:\/\/web.consaguirre.com.ar\/noticias\/wp-content\/uploads\/2024\/12\/Navidad-con-Andrea-Bocelli-y-amigos-se-transmite-en-Nochebuena.jpg","keywords":["amigos","Andrea","Bocelli","CBS","con","Navidad","Nochebuena","transmite"],"articleSection":["El \u00faltimo"],"inLanguage":"es-AR"},{"@type":"WebPage","@id":"https:\/\/web.consaguirre.com.ar\/noticias\/navidad-con-andrea-bocelli-y-amigos-se-transmite-en-nochebuena-en-cbs\/","url":"https:\/\/web.consaguirre.com.ar\/noticias\/navidad-con-andrea-bocelli-y-amigos-se-transmite-en-nochebuena-en-cbs\/","name":"'Navidad con Andrea Bocelli y amigos' se transmite en Nochebuena en CBS","isPartOf":{"@id":"https:\/\/web.consaguirre.com.ar\/noticias\/#website"},"primaryImageOfPage":{"@id":"https:\/\/web.consaguirre.com.ar\/noticias\/navidad-con-andrea-bocelli-y-amigos-se-transmite-en-nochebuena-en-cbs\/#primaryimage"},"image":{"@id":"https:\/\/web.consaguirre.com.ar\/noticias\/navidad-con-andrea-bocelli-y-amigos-se-transmite-en-nochebuena-en-cbs\/#primaryimage"},"thumbnailUrl":"https:\/\/web.consaguirre.com.ar\/noticias\/wp-content\/uploads\/2024\/12\/Navidad-con-Andrea-Bocelli-y-amigos-se-transmite-en-Nochebuena.jpg","datePublished":"2024-12-17T20:41:49+00:00","dateModified":"2024-12-17T20:41:50+00:00","breadcrumb":{"@id":"https:\/\/web.consaguirre.com.ar\/noticias\/navidad-con-andrea-bocelli-y-amigos-se-transmite-en-nochebuena-en-cbs\/#breadcrumb"},"inLanguage":"es-AR","potentialAction":[{"@type":"ReadAction","target":["https:\/\/web.consaguirre.com.ar\/noticias\/navidad-con-andrea-bocelli-y-amigos-se-transmite-en-nochebuena-en-cbs\/"]}]},{"@type":"ImageObject","inLanguage":"es-AR","@id":"https:\/\/web.consaguirre.com.ar\/noticias\/navidad-con-andrea-bocelli-y-amigos-se-transmite-en-nochebuena-en-cbs\/#primaryimage","url":"https:\/\/web.consaguirre.com.ar\/noticias\/wp-content\/uploads\/2024\/12\/Navidad-con-Andrea-Bocelli-y-amigos-se-transmite-en-Nochebuena.jpg","contentUrl":"https:\/\/web.consaguirre.com.ar\/noticias\/wp-content\/uploads\/2024\/12\/Navidad-con-Andrea-Bocelli-y-amigos-se-transmite-en-Nochebuena.jpg","width":1440,"height":864,"caption":"'Navidad con Andrea Bocelli y amigos' se transmite en Nochebuena en CBS"},{"@type":"BreadcrumbList","@id":"https:\/\/web.consaguirre.com.ar\/noticias\/navidad-con-andrea-bocelli-y-amigos-se-transmite-en-nochebuena-en-cbs\/#breadcrumb","itemListElement":[{"@type":"ListItem","position":1,"name":"Inicio","item":"https:\/\/web.consaguirre.com.ar\/noticias\/"},{"@type":"ListItem","position":2,"name":"&#8216;Navidad con Andrea Bocelli y amigos&#8217; se transmite en Nochebuena en CBS"}]},{"@type":"WebSite","@id":"https:\/\/web.consaguirre.com.ar\/noticias\/#website","url":"https:\/\/web.consaguirre.com.ar\/noticias\/","name":"Conservatorio de M\u00fasica Juli\u00e1n Aguirre","description":"","publisher":{"@id":"https:\/\/web.consaguirre.com.ar\/noticias\/#organization"},"potentialAction":[{"@type":"SearchAction","target":{"@type":"EntryPoint","urlTemplate":"https:\/\/web.consaguirre.com.ar\/noticias\/?s={search_term_string}"},"query-input":"required name=search_term_string"}],"inLanguage":"es-AR"},{"@type":"Organization","@id":"https:\/\/web.consaguirre.com.ar\/noticias\/#organization","name":"Conservatorio de M\u00fasica Juli\u00e1n Aguirre","url":"https:\/\/web.consaguirre.com.ar\/noticias\/","logo":{"@type":"ImageObject","inLanguage":"es-AR","@id":"https:\/\/web.consaguirre.com.ar\/noticias\/#\/schema\/logo\/image\/","url":"https:\/\/web.consaguirre.com.ar\/noticias\/wp-content\/uploads\/2024\/08\/Banner-Aguirre-23.jpg","contentUrl":"https:\/\/web.consaguirre.com.ar\/noticias\/wp-content\/uploads\/2024\/08\/Banner-Aguirre-23.jpg","width":1192,"height":600,"caption":"Conservatorio de M\u00fasica Juli\u00e1n Aguirre"},"image":{"@id":"https:\/\/web.consaguirre.com.ar\/noticias\/#\/schema\/logo\/image\/"}},{"@type":"Person","@id":"https:\/\/web.consaguirre.com.ar\/noticias\/#\/schema\/person\/6558b0cfedee7ddc5425602b237d5722","name":"Javier Figueroa","image":{"@type":"ImageObject","inLanguage":"es-AR","@id":"https:\/\/web.consaguirre.com.ar\/noticias\/#\/schema\/person\/image\/","url":"https:\/\/web.consaguirre.com.ar\/noticias\/wp-content\/uploads\/2024\/08\/Consaguirre-scaled.jpg","contentUrl":"https:\/\/web.consaguirre.com.ar\/noticias\/wp-content\/uploads\/2024\/08\/Consaguirre-scaled.jpg","caption":"Javier Figueroa"},"description":"Me llamo Javier Figueroa y soy redactor para el sitio oficial del Conservatorio de M\u00fasica Juli\u00e1n Aguirre en Buenos Aires, consaguirre.com. Apasionado por la m\u00fasica y la escritura, me esfuerzo por destacar los talentos y eventos de nuestra prestigiosa instituci\u00f3n. Mi trayectoria se nutre de una profunda admiraci\u00f3n por los artistas, haciendo de cada art\u00edculo una celebraci\u00f3n de la creatividad y la cultura musical.","sameAs":["https:\/\/web.consaguirre.com.ar\/noticias"]}]}},"_links":{"self":[{"href":"https:\/\/web.consaguirre.com.ar\/noticias\/wp-json\/wp\/v2\/posts\/1388"}],"collection":[{"href":"https:\/\/web.consaguirre.com.ar\/noticias\/wp-json\/wp\/v2\/posts"}],"about":[{"href":"https:\/\/web.consaguirre.com.ar\/noticias\/wp-json\/wp\/v2\/types\/post"}],"author":[{"embeddable":true,"href":"https:\/\/web.consaguirre.com.ar\/noticias\/wp-json\/wp\/v2\/users\/1"}],"replies":[{"embeddable":true,"href":"https:\/\/web.consaguirre.com.ar\/noticias\/wp-json\/wp\/v2\/comments?post=1388"}],"version-history":[{"count":1,"href":"https:\/\/web.consaguirre.com.ar\/noticias\/wp-json\/wp\/v2\/posts\/1388\/revisions"}],"predecessor-version":[{"id":1390,"href":"https:\/\/web.consaguirre.com.ar\/noticias\/wp-json\/wp\/v2\/posts\/1388\/revisions\/1390"}],"wp:featuredmedia":[{"embeddable":true,"href":"https:\/\/web.consaguirre.com.ar\/noticias\/wp-json\/wp\/v2\/media\/1389"}],"wp:attachment":[{"href":"https:\/\/web.consaguirre.com.ar\/noticias\/wp-json\/wp\/v2\/media?parent=1388"}],"wp:term":[{"taxonomy":"category","embeddable":true,"href":"https:\/\/web.consaguirre.com.ar\/noticias\/wp-json\/wp\/v2\/categories?post=1388"},{"taxonomy":"post_tag","embeddable":true,"href":"https:\/\/web.consaguirre.com.ar\/noticias\/wp-json\/wp\/v2\/tags?post=1388"}],"curies":[{"name":"wp","href":"https:\/\/api.w.org\/{rel}","templated":true}]}}