{"id":1385,"date":"2024-12-17T14:38:41","date_gmt":"2024-12-17T17:38:41","guid":{"rendered":"https:\/\/web.consaguirre.com.ar\/noticias\/shania-twain-anuncia-fechas-limitadas-de-gira-para-2025\/"},"modified":"2024-12-17T14:38:43","modified_gmt":"2024-12-17T17:38:43","slug":"shania-twain-anuncia-fechas-limitadas-de-gira-para-2025","status":"publish","type":"post","link":"https:\/\/web.consaguirre.com.ar\/noticias\/shania-twain-anuncia-fechas-limitadas-de-gira-para-2025\/","title":{"rendered":"Shania Twain anuncia fechas limitadas de gira para 2025"},"content":{"rendered":"<p><strong>Shania Twain<\/strong> mantendr\u00e1 los buenos tiempos por un tiempo m\u00e1s. Ha anunciado una serie limitada de fechas de gira para 2025, un bis de dos a\u00f1os de presentaciones en vivo de gran \u00e9xito de la leyenda de la m\u00fasica.<\/p>\n<p>Twain tocar\u00e1 en siete conciertos en Am\u00e9rica del Norte en julio y agosto, a partir del 19 de julio en Buffalo en el Darien Lake Amphitheater. Tambi\u00e9n actuar\u00e1 en Saratoga Springs, Bangor, Gilford, Hershey y Jacksonville antes de concluir su carrera el 1 de agosto en Hollywood, FL, en Hard Rock Live. Los boletos para todas las fechas salen a la venta este viernes 20 de diciembre a las 10 am hora local. <strong>a trav\u00e9s del sitio web de Twain<\/strong>.<\/p>\n<div class=\"uD-YT-container\"><img decoding=\"async\" src=\"https:\/\/web.consaguirre.com.ar\/noticias\/wp-content\/uploads\/2024\/12\/1734457121_424_Shania-Twain-anuncia-fechas-limitadas-de-gira-para-2025.jpg\" alt=\"V\u00eddeo de YouTube\"><br \/>Haga clic para cargar v\u00eddeo<\/div>\n<p>Las fechas de 2025 siguen a dos a\u00f1os ocupados de actuaciones de Twain. Su gira Queen of Me incluy\u00f3 70 espect\u00e1culos en Am\u00e9rica del Norte y Europa a lo largo de 2023. La gira encontr\u00f3 a Twain promocionando <strong><em>reina de mi<\/em><\/strong>su aclamado \u00e1lbum de 2023. Agreg\u00f3 m\u00e1s de 70 presentaciones m\u00e1s en 2024 a trav\u00e9s de su tercera residencia en Las Vegas, Shania Twain: COME ON OVER en Planet Hollywood. Ese compromiso concluye a principios de 2025 con 10 conciertos m\u00e1s en Planet Hollywood antes de que Twain vuelva a salir de gira en el verano.<\/p>\n<p>Twain, la artista pop country femenina con mayores ventas de todos los tiempos, es muy querida por su cat\u00e1logo de \u00e9xitos inolvidables, su mezcla pionera de sonidos pop y country y su sentido \u00fanico de estilo personal. Ha vendido m\u00e1s de 100 millones de discos y encabez\u00f3 siete veces la lista de pa\u00edses de Estados Unidos, entre otros triunfos comerciales. Con \u00e9xitos cruzados como &#8220;You&#8217;re Still The One&#8221; y &#8220;That Don&#8217;t Impress Me Much&#8221;, ayud\u00f3 a allanar el camino para futuras historias de \u00e9xito del country al pop como Taylor Swift. Netflix celebr\u00f3 su legado en el documental de 2022 <em>Shania Twain: no solo una ni\u00f1a<\/em>.<\/p>\n<p><strong>Escuche Shania Twain <em>Reina de m\u00ed (edici\u00f3n real)<\/em> ahora.<\/strong><\/p>\n","protected":false},"excerpt":{"rendered":"<p>Shania Twain mantendr\u00e1 los buenos tiempos por un tiempo m\u00e1s. Ha anunciado una serie limitada de fechas de gira para 2025, un bis de dos<\/p>\n","protected":false},"author":1,"featured_media":1386,"comment_status":"closed","ping_status":"","sticky":false,"template":"","format":"standard","meta":{"footnotes":""},"categories":[50],"tags":[56,1299,492,1489,154,1306,1307],"class_list":["post-1385","post","type-post","status-publish","format-standard","has-post-thumbnail","hentry","category-el-ultimo","tag-anuncia","tag-fechas","tag-gira","tag-limitadas","tag-para","tag-shania","tag-twain","generate-columns","tablet-grid-50","mobile-grid-100","grid-parent","grid-50"],"yoast_head":"<!-- This site is optimized with the Yoast SEO plugin v23.3 - https:\/\/yoast.com\/wordpress\/plugins\/seo\/ -->\n<title>Shania Twain anuncia fechas limitadas de gira para 2025<\/title>\n<meta name=\"robots\" content=\"index, follow, max-snippet:-1, max-image-preview:large, max-video-preview:-1\" \/>\n<link rel=\"canonical\" href=\"https:\/\/web.consaguirre.com.ar\/noticias\/shania-twain-anuncia-fechas-limitadas-de-gira-para-2025\/\" \/>\n<meta property=\"og:locale\" content=\"es_ES\" \/>\n<meta property=\"og:type\" content=\"article\" \/>\n<meta property=\"og:title\" content=\"Shania Twain anuncia fechas limitadas de gira para 2025\" \/>\n<meta property=\"og:description\" content=\"Shania Twain mantendr\u00e1 los buenos tiempos por un tiempo m\u00e1s. Ha anunciado una serie limitada de fechas de gira para 2025, un bis de dos\" \/>\n<meta property=\"og:url\" content=\"https:\/\/web.consaguirre.com.ar\/noticias\/shania-twain-anuncia-fechas-limitadas-de-gira-para-2025\/\" \/>\n<meta property=\"og:site_name\" content=\"Conservatorio de M\u00fasica Juli\u00e1n Aguirre\" \/>\n<meta property=\"article:published_time\" content=\"2024-12-17T17:38:41+00:00\" \/>\n<meta property=\"article:modified_time\" content=\"2024-12-17T17:38:43+00:00\" \/>\n<meta property=\"og:image\" content=\"https:\/\/web.consaguirre.com.ar\/noticias\/wp-content\/uploads\/2024\/12\/1734457121_Shania-Twain-anuncia-fechas-limitadas-de-gira-para-2025.jpg\" \/>\n\t<meta property=\"og:image:width\" content=\"1440\" \/>\n\t<meta property=\"og:image:height\" content=\"864\" \/>\n\t<meta property=\"og:image:type\" content=\"image\/jpeg\" \/>\n<meta name=\"author\" content=\"Javier Figueroa\" \/>\n<meta name=\"twitter:card\" content=\"summary_large_image\" \/>\n<meta name=\"twitter:label1\" content=\"Escrito por\" \/>\n\t<meta name=\"twitter:data1\" content=\"Javier Figueroa\" \/>\n\t<meta name=\"twitter:label2\" content=\"Tiempo de lectura\" \/>\n\t<meta name=\"twitter:data2\" content=\"2 minutos\" \/>\n<script type=\"application\/ld+json\" class=\"yoast-schema-graph\">{\"@context\":\"https:\/\/schema.org\",\"@graph\":[{\"@type\":\"Article\",\"@id\":\"https:\/\/web.consaguirre.com.ar\/noticias\/shania-twain-anuncia-fechas-limitadas-de-gira-para-2025\/#article\",\"isPartOf\":{\"@id\":\"https:\/\/web.consaguirre.com.ar\/noticias\/shania-twain-anuncia-fechas-limitadas-de-gira-para-2025\/\"},\"author\":{\"name\":\"Javier Figueroa\",\"@id\":\"https:\/\/web.consaguirre.com.ar\/noticias\/#\/schema\/person\/6558b0cfedee7ddc5425602b237d5722\"},\"headline\":\"Shania Twain anuncia fechas limitadas de gira para 2025\",\"datePublished\":\"2024-12-17T17:38:41+00:00\",\"dateModified\":\"2024-12-17T17:38:43+00:00\",\"mainEntityOfPage\":{\"@id\":\"https:\/\/web.consaguirre.com.ar\/noticias\/shania-twain-anuncia-fechas-limitadas-de-gira-para-2025\/\"},\"wordCount\":350,\"publisher\":{\"@id\":\"https:\/\/web.consaguirre.com.ar\/noticias\/#organization\"},\"image\":{\"@id\":\"https:\/\/web.consaguirre.com.ar\/noticias\/shania-twain-anuncia-fechas-limitadas-de-gira-para-2025\/#primaryimage\"},\"thumbnailUrl\":\"https:\/\/web.consaguirre.com.ar\/noticias\/wp-content\/uploads\/2024\/12\/1734457121_Shania-Twain-anuncia-fechas-limitadas-de-gira-para-2025.jpg\",\"keywords\":[\"anuncia\",\"fechas\",\"gira\",\"limitadas\",\"para\",\"Shania\",\"Twain\"],\"articleSection\":[\"El \u00faltimo\"],\"inLanguage\":\"es-AR\"},{\"@type\":\"WebPage\",\"@id\":\"https:\/\/web.consaguirre.com.ar\/noticias\/shania-twain-anuncia-fechas-limitadas-de-gira-para-2025\/\",\"url\":\"https:\/\/web.consaguirre.com.ar\/noticias\/shania-twain-anuncia-fechas-limitadas-de-gira-para-2025\/\",\"name\":\"Shania Twain anuncia fechas limitadas de gira para 2025\",\"isPartOf\":{\"@id\":\"https:\/\/web.consaguirre.com.ar\/noticias\/#website\"},\"primaryImageOfPage\":{\"@id\":\"https:\/\/web.consaguirre.com.ar\/noticias\/shania-twain-anuncia-fechas-limitadas-de-gira-para-2025\/#primaryimage\"},\"image\":{\"@id\":\"https:\/\/web.consaguirre.com.ar\/noticias\/shania-twain-anuncia-fechas-limitadas-de-gira-para-2025\/#primaryimage\"},\"thumbnailUrl\":\"https:\/\/web.consaguirre.com.ar\/noticias\/wp-content\/uploads\/2024\/12\/1734457121_Shania-Twain-anuncia-fechas-limitadas-de-gira-para-2025.jpg\",\"datePublished\":\"2024-12-17T17:38:41+00:00\",\"dateModified\":\"2024-12-17T17:38:43+00:00\",\"breadcrumb\":{\"@id\":\"https:\/\/web.consaguirre.com.ar\/noticias\/shania-twain-anuncia-fechas-limitadas-de-gira-para-2025\/#breadcrumb\"},\"inLanguage\":\"es-AR\",\"potentialAction\":[{\"@type\":\"ReadAction\",\"target\":[\"https:\/\/web.consaguirre.com.ar\/noticias\/shania-twain-anuncia-fechas-limitadas-de-gira-para-2025\/\"]}]},{\"@type\":\"ImageObject\",\"inLanguage\":\"es-AR\",\"@id\":\"https:\/\/web.consaguirre.com.ar\/noticias\/shania-twain-anuncia-fechas-limitadas-de-gira-para-2025\/#primaryimage\",\"url\":\"https:\/\/web.consaguirre.com.ar\/noticias\/wp-content\/uploads\/2024\/12\/1734457121_Shania-Twain-anuncia-fechas-limitadas-de-gira-para-2025.jpg\",\"contentUrl\":\"https:\/\/web.consaguirre.com.ar\/noticias\/wp-content\/uploads\/2024\/12\/1734457121_Shania-Twain-anuncia-fechas-limitadas-de-gira-para-2025.jpg\",\"width\":1440,\"height\":864,\"caption\":\"Shania Twain anuncia fechas limitadas de gira para 2025\"},{\"@type\":\"BreadcrumbList\",\"@id\":\"https:\/\/web.consaguirre.com.ar\/noticias\/shania-twain-anuncia-fechas-limitadas-de-gira-para-2025\/#breadcrumb\",\"itemListElement\":[{\"@type\":\"ListItem\",\"position\":1,\"name\":\"Inicio\",\"item\":\"https:\/\/web.consaguirre.com.ar\/noticias\/\"},{\"@type\":\"ListItem\",\"position\":2,\"name\":\"Shania Twain anuncia fechas limitadas de gira para 2025\"}]},{\"@type\":\"WebSite\",\"@id\":\"https:\/\/web.consaguirre.com.ar\/noticias\/#website\",\"url\":\"https:\/\/web.consaguirre.com.ar\/noticias\/\",\"name\":\"Conservatorio de M\u00fasica Juli\u00e1n Aguirre\",\"description\":\"\",\"publisher\":{\"@id\":\"https:\/\/web.consaguirre.com.ar\/noticias\/#organization\"},\"potentialAction\":[{\"@type\":\"SearchAction\",\"target\":{\"@type\":\"EntryPoint\",\"urlTemplate\":\"https:\/\/web.consaguirre.com.ar\/noticias\/?s={search_term_string}\"},\"query-input\":\"required name=search_term_string\"}],\"inLanguage\":\"es-AR\"},{\"@type\":\"Organization\",\"@id\":\"https:\/\/web.consaguirre.com.ar\/noticias\/#organization\",\"name\":\"Conservatorio de M\u00fasica Juli\u00e1n Aguirre\",\"url\":\"https:\/\/web.consaguirre.com.ar\/noticias\/\",\"logo\":{\"@type\":\"ImageObject\",\"inLanguage\":\"es-AR\",\"@id\":\"https:\/\/web.consaguirre.com.ar\/noticias\/#\/schema\/logo\/image\/\",\"url\":\"https:\/\/web.consaguirre.com.ar\/noticias\/wp-content\/uploads\/2024\/08\/Banner-Aguirre-23.jpg\",\"contentUrl\":\"https:\/\/web.consaguirre.com.ar\/noticias\/wp-content\/uploads\/2024\/08\/Banner-Aguirre-23.jpg\",\"width\":1192,\"height\":600,\"caption\":\"Conservatorio de M\u00fasica Juli\u00e1n Aguirre\"},\"image\":{\"@id\":\"https:\/\/web.consaguirre.com.ar\/noticias\/#\/schema\/logo\/image\/\"}},{\"@type\":\"Person\",\"@id\":\"https:\/\/web.consaguirre.com.ar\/noticias\/#\/schema\/person\/6558b0cfedee7ddc5425602b237d5722\",\"name\":\"Javier Figueroa\",\"image\":{\"@type\":\"ImageObject\",\"inLanguage\":\"es-AR\",\"@id\":\"https:\/\/web.consaguirre.com.ar\/noticias\/#\/schema\/person\/image\/\",\"url\":\"https:\/\/web.consaguirre.com.ar\/noticias\/wp-content\/uploads\/2024\/08\/Consaguirre-scaled.jpg\",\"contentUrl\":\"https:\/\/web.consaguirre.com.ar\/noticias\/wp-content\/uploads\/2024\/08\/Consaguirre-scaled.jpg\",\"caption\":\"Javier Figueroa\"},\"description\":\"Me llamo Javier Figueroa y soy redactor para el sitio oficial del Conservatorio de M\u00fasica Juli\u00e1n Aguirre en Buenos Aires, consaguirre.com. Apasionado por la m\u00fasica y la escritura, me esfuerzo por destacar los talentos y eventos de nuestra prestigiosa instituci\u00f3n. Mi trayectoria se nutre de una profunda admiraci\u00f3n por los artistas, haciendo de cada art\u00edculo una celebraci\u00f3n de la creatividad y la cultura musical.\",\"sameAs\":[\"https:\/\/web.consaguirre.com.ar\/noticias\"]}]}<\/script>\n<!-- \/ Yoast SEO plugin. -->","yoast_head_json":{"title":"Shania Twain anuncia fechas limitadas de gira para 2025","robots":{"index":"index","follow":"follow","max-snippet":"max-snippet:-1","max-image-preview":"max-image-preview:large","max-video-preview":"max-video-preview:-1"},"canonical":"https:\/\/web.consaguirre.com.ar\/noticias\/shania-twain-anuncia-fechas-limitadas-de-gira-para-2025\/","og_locale":"es_ES","og_type":"article","og_title":"Shania Twain anuncia fechas limitadas de gira para 2025","og_description":"Shania Twain mantendr\u00e1 los buenos tiempos por un tiempo m\u00e1s. Ha anunciado una serie limitada de fechas de gira para 2025, un bis de dos","og_url":"https:\/\/web.consaguirre.com.ar\/noticias\/shania-twain-anuncia-fechas-limitadas-de-gira-para-2025\/","og_site_name":"Conservatorio de M\u00fasica Juli\u00e1n Aguirre","article_published_time":"2024-12-17T17:38:41+00:00","article_modified_time":"2024-12-17T17:38:43+00:00","og_image":[{"width":1440,"height":864,"url":"https:\/\/web.consaguirre.com.ar\/noticias\/wp-content\/uploads\/2024\/12\/1734457121_Shania-Twain-anuncia-fechas-limitadas-de-gira-para-2025.jpg","type":"image\/jpeg"}],"author":"Javier Figueroa","twitter_card":"summary_large_image","twitter_misc":{"Escrito por":"Javier Figueroa","Tiempo de lectura":"2 minutos"},"schema":{"@context":"https:\/\/schema.org","@graph":[{"@type":"Article","@id":"https:\/\/web.consaguirre.com.ar\/noticias\/shania-twain-anuncia-fechas-limitadas-de-gira-para-2025\/#article","isPartOf":{"@id":"https:\/\/web.consaguirre.com.ar\/noticias\/shania-twain-anuncia-fechas-limitadas-de-gira-para-2025\/"},"author":{"name":"Javier Figueroa","@id":"https:\/\/web.consaguirre.com.ar\/noticias\/#\/schema\/person\/6558b0cfedee7ddc5425602b237d5722"},"headline":"Shania Twain anuncia fechas limitadas de gira para 2025","datePublished":"2024-12-17T17:38:41+00:00","dateModified":"2024-12-17T17:38:43+00:00","mainEntityOfPage":{"@id":"https:\/\/web.consaguirre.com.ar\/noticias\/shania-twain-anuncia-fechas-limitadas-de-gira-para-2025\/"},"wordCount":350,"publisher":{"@id":"https:\/\/web.consaguirre.com.ar\/noticias\/#organization"},"image":{"@id":"https:\/\/web.consaguirre.com.ar\/noticias\/shania-twain-anuncia-fechas-limitadas-de-gira-para-2025\/#primaryimage"},"thumbnailUrl":"https:\/\/web.consaguirre.com.ar\/noticias\/wp-content\/uploads\/2024\/12\/1734457121_Shania-Twain-anuncia-fechas-limitadas-de-gira-para-2025.jpg","keywords":["anuncia","fechas","gira","limitadas","para","Shania","Twain"],"articleSection":["El \u00faltimo"],"inLanguage":"es-AR"},{"@type":"WebPage","@id":"https:\/\/web.consaguirre.com.ar\/noticias\/shania-twain-anuncia-fechas-limitadas-de-gira-para-2025\/","url":"https:\/\/web.consaguirre.com.ar\/noticias\/shania-twain-anuncia-fechas-limitadas-de-gira-para-2025\/","name":"Shania Twain anuncia fechas limitadas de gira para 2025","isPartOf":{"@id":"https:\/\/web.consaguirre.com.ar\/noticias\/#website"},"primaryImageOfPage":{"@id":"https:\/\/web.consaguirre.com.ar\/noticias\/shania-twain-anuncia-fechas-limitadas-de-gira-para-2025\/#primaryimage"},"image":{"@id":"https:\/\/web.consaguirre.com.ar\/noticias\/shania-twain-anuncia-fechas-limitadas-de-gira-para-2025\/#primaryimage"},"thumbnailUrl":"https:\/\/web.consaguirre.com.ar\/noticias\/wp-content\/uploads\/2024\/12\/1734457121_Shania-Twain-anuncia-fechas-limitadas-de-gira-para-2025.jpg","datePublished":"2024-12-17T17:38:41+00:00","dateModified":"2024-12-17T17:38:43+00:00","breadcrumb":{"@id":"https:\/\/web.consaguirre.com.ar\/noticias\/shania-twain-anuncia-fechas-limitadas-de-gira-para-2025\/#breadcrumb"},"inLanguage":"es-AR","potentialAction":[{"@type":"ReadAction","target":["https:\/\/web.consaguirre.com.ar\/noticias\/shania-twain-anuncia-fechas-limitadas-de-gira-para-2025\/"]}]},{"@type":"ImageObject","inLanguage":"es-AR","@id":"https:\/\/web.consaguirre.com.ar\/noticias\/shania-twain-anuncia-fechas-limitadas-de-gira-para-2025\/#primaryimage","url":"https:\/\/web.consaguirre.com.ar\/noticias\/wp-content\/uploads\/2024\/12\/1734457121_Shania-Twain-anuncia-fechas-limitadas-de-gira-para-2025.jpg","contentUrl":"https:\/\/web.consaguirre.com.ar\/noticias\/wp-content\/uploads\/2024\/12\/1734457121_Shania-Twain-anuncia-fechas-limitadas-de-gira-para-2025.jpg","width":1440,"height":864,"caption":"Shania Twain anuncia fechas limitadas de gira para 2025"},{"@type":"BreadcrumbList","@id":"https:\/\/web.consaguirre.com.ar\/noticias\/shania-twain-anuncia-fechas-limitadas-de-gira-para-2025\/#breadcrumb","itemListElement":[{"@type":"ListItem","position":1,"name":"Inicio","item":"https:\/\/web.consaguirre.com.ar\/noticias\/"},{"@type":"ListItem","position":2,"name":"Shania Twain anuncia fechas limitadas de gira para 2025"}]},{"@type":"WebSite","@id":"https:\/\/web.consaguirre.com.ar\/noticias\/#website","url":"https:\/\/web.consaguirre.com.ar\/noticias\/","name":"Conservatorio de M\u00fasica Juli\u00e1n Aguirre","description":"","publisher":{"@id":"https:\/\/web.consaguirre.com.ar\/noticias\/#organization"},"potentialAction":[{"@type":"SearchAction","target":{"@type":"EntryPoint","urlTemplate":"https:\/\/web.consaguirre.com.ar\/noticias\/?s={search_term_string}"},"query-input":"required name=search_term_string"}],"inLanguage":"es-AR"},{"@type":"Organization","@id":"https:\/\/web.consaguirre.com.ar\/noticias\/#organization","name":"Conservatorio de M\u00fasica Juli\u00e1n Aguirre","url":"https:\/\/web.consaguirre.com.ar\/noticias\/","logo":{"@type":"ImageObject","inLanguage":"es-AR","@id":"https:\/\/web.consaguirre.com.ar\/noticias\/#\/schema\/logo\/image\/","url":"https:\/\/web.consaguirre.com.ar\/noticias\/wp-content\/uploads\/2024\/08\/Banner-Aguirre-23.jpg","contentUrl":"https:\/\/web.consaguirre.com.ar\/noticias\/wp-content\/uploads\/2024\/08\/Banner-Aguirre-23.jpg","width":1192,"height":600,"caption":"Conservatorio de M\u00fasica Juli\u00e1n Aguirre"},"image":{"@id":"https:\/\/web.consaguirre.com.ar\/noticias\/#\/schema\/logo\/image\/"}},{"@type":"Person","@id":"https:\/\/web.consaguirre.com.ar\/noticias\/#\/schema\/person\/6558b0cfedee7ddc5425602b237d5722","name":"Javier Figueroa","image":{"@type":"ImageObject","inLanguage":"es-AR","@id":"https:\/\/web.consaguirre.com.ar\/noticias\/#\/schema\/person\/image\/","url":"https:\/\/web.consaguirre.com.ar\/noticias\/wp-content\/uploads\/2024\/08\/Consaguirre-scaled.jpg","contentUrl":"https:\/\/web.consaguirre.com.ar\/noticias\/wp-content\/uploads\/2024\/08\/Consaguirre-scaled.jpg","caption":"Javier Figueroa"},"description":"Me llamo Javier Figueroa y soy redactor para el sitio oficial del Conservatorio de M\u00fasica Juli\u00e1n Aguirre en Buenos Aires, consaguirre.com. Apasionado por la m\u00fasica y la escritura, me esfuerzo por destacar los talentos y eventos de nuestra prestigiosa instituci\u00f3n. Mi trayectoria se nutre de una profunda admiraci\u00f3n por los artistas, haciendo de cada art\u00edculo una celebraci\u00f3n de la creatividad y la cultura musical.","sameAs":["https:\/\/web.consaguirre.com.ar\/noticias"]}]}},"_links":{"self":[{"href":"https:\/\/web.consaguirre.com.ar\/noticias\/wp-json\/wp\/v2\/posts\/1385"}],"collection":[{"href":"https:\/\/web.consaguirre.com.ar\/noticias\/wp-json\/wp\/v2\/posts"}],"about":[{"href":"https:\/\/web.consaguirre.com.ar\/noticias\/wp-json\/wp\/v2\/types\/post"}],"author":[{"embeddable":true,"href":"https:\/\/web.consaguirre.com.ar\/noticias\/wp-json\/wp\/v2\/users\/1"}],"replies":[{"embeddable":true,"href":"https:\/\/web.consaguirre.com.ar\/noticias\/wp-json\/wp\/v2\/comments?post=1385"}],"version-history":[{"count":1,"href":"https:\/\/web.consaguirre.com.ar\/noticias\/wp-json\/wp\/v2\/posts\/1385\/revisions"}],"predecessor-version":[{"id":1387,"href":"https:\/\/web.consaguirre.com.ar\/noticias\/wp-json\/wp\/v2\/posts\/1385\/revisions\/1387"}],"wp:featuredmedia":[{"embeddable":true,"href":"https:\/\/web.consaguirre.com.ar\/noticias\/wp-json\/wp\/v2\/media\/1386"}],"wp:attachment":[{"href":"https:\/\/web.consaguirre.com.ar\/noticias\/wp-json\/wp\/v2\/media?parent=1385"}],"wp:term":[{"taxonomy":"category","embeddable":true,"href":"https:\/\/web.consaguirre.com.ar\/noticias\/wp-json\/wp\/v2\/categories?post=1385"},{"taxonomy":"post_tag","embeddable":true,"href":"https:\/\/web.consaguirre.com.ar\/noticias\/wp-json\/wp\/v2\/tags?post=1385"}],"curies":[{"name":"wp","href":"https:\/\/api.w.org\/{rel}","templated":true}]}}