{"id":1376,"date":"2024-12-16T23:41:06","date_gmt":"2024-12-17T02:41:06","guid":{"rendered":"https:\/\/web.consaguirre.com.ar\/noticias\/glorilla-y-kehlani-celebran-la-tiempo-de-navidad\/"},"modified":"2024-12-16T23:41:08","modified_gmt":"2024-12-17T02:41:08","slug":"glorilla-y-kehlani-celebran-la-tiempo-de-navidad","status":"publish","type":"post","link":"https:\/\/web.consaguirre.com.ar\/noticias\/glorilla-y-kehlani-celebran-la-tiempo-de-navidad\/","title":{"rendered":"GloRilla y Kehlani celebran la &#8216;Tiempo de Navidad&#8217;"},"content":{"rendered":"<p><strong>glorilla<\/strong> y <strong>Kehlani<\/strong> han compartido una colaboraci\u00f3n festiva titulada \u201cXmas Time\u201d. La canci\u00f3n llega con un video de presentaci\u00f3n en vivo dirigido por Maxx y Madison que encuentra a los dos artistas en un pa\u00eds de las maravillas invernal. \u201cRecuerdo esos d\u00edas en los que las noches se volv\u00edan fr\u00edas\u201d, cantan GloRilla y Kehlani. \u201cApoyarnos el uno en el otro hizo que nuestros corazones crecieran m\u00e1s\/ Nada se compara con el amor en Navidad\u201d.<\/p>\n<p><em>Cartelera<\/em> Recientemente nombr\u00f3 a GloRilla como la rapera m\u00e1s popular de 2024 y, de hecho, ha sido un a\u00f1o extremadamente productivo para el m\u00fasico. En octubre, GloRilla lanz\u00f3 su \u00e1lbum de estudio debut, <em>Glorioso<\/em>. El disco debut\u00f3 en el puesto n\u00famero 5 del Billboard 200 y se convirti\u00f3 en la semana de debut m\u00e1s alta para una rapera. <em>Glorioso<\/em> incluye los grandes \u00e9xitos \u201cWhatchu Know About Me\u201d con Sexyy Redd y \u201cTGIF\u201d, que <em>Tiempo<\/em> nombrada como la canci\u00f3n n\u00famero uno de 2024. El \u00e1lbum tambi\u00e9n incluye colaboraciones con Latto, Kirk Franklin, T-Pain y m\u00e1s. Recientemente obtuvo su segunda entrada al top 10 del Hot 100 como invitada en \u201cSticky\u201d de Tyler, The Creator.<\/p>\n<div class=\"uD-YT-container\"><img decoding=\"async\" src=\"https:\/\/web.consaguirre.com.ar\/noticias\/wp-content\/uploads\/2024\/12\/1734403266_316_GloRilla-y-Kehlani-celebran-la-Tiempo-de-Navidad.jpg\" alt=\"V\u00eddeo de YouTube\"><br \/>Haga clic para cargar v\u00eddeo<\/div>\n<p>En abril, GloRilla lanz\u00f3 el mixtape. <em>Ehhthang Ehhthang<\/em>. Ese \u00e1lbum se abre con el sencillo doble platino &#8220;Yeah Glo!&#8221; que ha recibido nominaciones al Grammy en las categor\u00edas de Mejor Canci\u00f3n de Rap y Mejor Interpretaci\u00f3n de Rap. Su colaboraci\u00f3n con Megan Thee Stallion, \u201cWanna Be\u201d, tambi\u00e9n aparece en el mixtape. Glorilla y Megan salieron de gira el verano pasado en la gira Hot Girl Summer de esta \u00faltima.<\/p>\n<p>Kehlani tambi\u00e9n ha tenido un 2024 muy ocupado. En junio, la cantante y compositora lanz\u00f3 <em>Chocar<\/em>que obtuvo una nominaci\u00f3n al Grammy como Mejor \u00e1lbum de R&#038;B progresivo. Kehlani tambi\u00e9n obtuvo nominaciones a Mejor Canci\u00f3n de R&#038;B por \u201cAfter Hours\u201d y Mejor Interpretaci\u00f3n de Rap Mel\u00f3dico por \u201cKehlani\u201d de Jordan Adetunji. El m\u00fasico concluy\u00f3 recientemente una muy esperada gira por Norteam\u00e9rica. <em>Chocar<\/em> sigue el \u00e1lbum 2022 del cantante <em>Camino del agua azul<\/em>.<\/p>\n<p><strong>Escuche ahora el nuevo sencillo de GloRilla con Kehlani, &#8220;Xmas Time&#8221;.<\/strong><\/p>\n","protected":false},"excerpt":{"rendered":"<p>glorilla y Kehlani han compartido una colaboraci\u00f3n festiva titulada \u201cXmas Time\u201d. La canci\u00f3n llega con un video de presentaci\u00f3n en vivo dirigido por Maxx y<\/p>\n","protected":false},"author":1,"featured_media":1377,"comment_status":"closed","ping_status":"","sticky":false,"template":"","format":"standard","meta":{"footnotes":""},"categories":[50],"tags":[714,752,1485,671,383],"class_list":["post-1376","post","type-post","status-publish","format-standard","has-post-thumbnail","hentry","category-el-ultimo","tag-celebran","tag-glorilla","tag-kehlani","tag-navidad","tag-tiempo","generate-columns","tablet-grid-50","mobile-grid-100","grid-parent","grid-50"],"yoast_head":"<!-- This site is optimized with the Yoast SEO plugin v23.3 - https:\/\/yoast.com\/wordpress\/plugins\/seo\/ -->\n<title>GloRilla y Kehlani celebran la &#039;Tiempo de Navidad&#039;<\/title>\n<meta name=\"robots\" content=\"index, follow, max-snippet:-1, max-image-preview:large, max-video-preview:-1\" \/>\n<link rel=\"canonical\" href=\"https:\/\/web.consaguirre.com.ar\/noticias\/glorilla-y-kehlani-celebran-la-tiempo-de-navidad\/\" \/>\n<meta property=\"og:locale\" content=\"es_ES\" \/>\n<meta property=\"og:type\" content=\"article\" \/>\n<meta property=\"og:title\" content=\"GloRilla y Kehlani celebran la &#039;Tiempo de Navidad&#039;\" \/>\n<meta property=\"og:description\" content=\"glorilla y Kehlani han compartido una colaboraci\u00f3n festiva titulada \u201cXmas Time\u201d. La canci\u00f3n llega con un video de presentaci\u00f3n en vivo dirigido por Maxx y\" \/>\n<meta property=\"og:url\" content=\"https:\/\/web.consaguirre.com.ar\/noticias\/glorilla-y-kehlani-celebran-la-tiempo-de-navidad\/\" \/>\n<meta property=\"og:site_name\" content=\"Conservatorio de M\u00fasica Juli\u00e1n Aguirre\" \/>\n<meta property=\"article:published_time\" content=\"2024-12-17T02:41:06+00:00\" \/>\n<meta property=\"article:modified_time\" content=\"2024-12-17T02:41:08+00:00\" \/>\n<meta property=\"og:image\" content=\"https:\/\/web.consaguirre.com.ar\/noticias\/wp-content\/uploads\/2024\/12\/GloRilla-y-Kehlani-celebran-la-Tiempo-de-Navidad.jpg\" \/>\n\t<meta property=\"og:image:width\" content=\"1280\" \/>\n\t<meta property=\"og:image:height\" content=\"1280\" \/>\n\t<meta property=\"og:image:type\" content=\"image\/jpeg\" \/>\n<meta name=\"author\" content=\"Javier Figueroa\" \/>\n<meta name=\"twitter:card\" content=\"summary_large_image\" \/>\n<meta name=\"twitter:label1\" content=\"Escrito por\" \/>\n\t<meta name=\"twitter:data1\" content=\"Javier Figueroa\" \/>\n\t<meta name=\"twitter:label2\" content=\"Tiempo de lectura\" \/>\n\t<meta name=\"twitter:data2\" content=\"2 minutos\" \/>\n<script type=\"application\/ld+json\" class=\"yoast-schema-graph\">{\"@context\":\"https:\/\/schema.org\",\"@graph\":[{\"@type\":\"Article\",\"@id\":\"https:\/\/web.consaguirre.com.ar\/noticias\/glorilla-y-kehlani-celebran-la-tiempo-de-navidad\/#article\",\"isPartOf\":{\"@id\":\"https:\/\/web.consaguirre.com.ar\/noticias\/glorilla-y-kehlani-celebran-la-tiempo-de-navidad\/\"},\"author\":{\"name\":\"Javier Figueroa\",\"@id\":\"https:\/\/web.consaguirre.com.ar\/noticias\/#\/schema\/person\/6558b0cfedee7ddc5425602b237d5722\"},\"headline\":\"GloRilla y Kehlani celebran la &#8216;Tiempo de Navidad&#8217;\",\"datePublished\":\"2024-12-17T02:41:06+00:00\",\"dateModified\":\"2024-12-17T02:41:08+00:00\",\"mainEntityOfPage\":{\"@id\":\"https:\/\/web.consaguirre.com.ar\/noticias\/glorilla-y-kehlani-celebran-la-tiempo-de-navidad\/\"},\"wordCount\":376,\"publisher\":{\"@id\":\"https:\/\/web.consaguirre.com.ar\/noticias\/#organization\"},\"image\":{\"@id\":\"https:\/\/web.consaguirre.com.ar\/noticias\/glorilla-y-kehlani-celebran-la-tiempo-de-navidad\/#primaryimage\"},\"thumbnailUrl\":\"https:\/\/web.consaguirre.com.ar\/noticias\/wp-content\/uploads\/2024\/12\/GloRilla-y-Kehlani-celebran-la-Tiempo-de-Navidad.jpg\",\"keywords\":[\"celebran\",\"GloRilla\",\"Kehlani\",\"Navidad\",\"tiempo\"],\"articleSection\":[\"El \u00faltimo\"],\"inLanguage\":\"es-AR\"},{\"@type\":\"WebPage\",\"@id\":\"https:\/\/web.consaguirre.com.ar\/noticias\/glorilla-y-kehlani-celebran-la-tiempo-de-navidad\/\",\"url\":\"https:\/\/web.consaguirre.com.ar\/noticias\/glorilla-y-kehlani-celebran-la-tiempo-de-navidad\/\",\"name\":\"GloRilla y Kehlani celebran la 'Tiempo de Navidad'\",\"isPartOf\":{\"@id\":\"https:\/\/web.consaguirre.com.ar\/noticias\/#website\"},\"primaryImageOfPage\":{\"@id\":\"https:\/\/web.consaguirre.com.ar\/noticias\/glorilla-y-kehlani-celebran-la-tiempo-de-navidad\/#primaryimage\"},\"image\":{\"@id\":\"https:\/\/web.consaguirre.com.ar\/noticias\/glorilla-y-kehlani-celebran-la-tiempo-de-navidad\/#primaryimage\"},\"thumbnailUrl\":\"https:\/\/web.consaguirre.com.ar\/noticias\/wp-content\/uploads\/2024\/12\/GloRilla-y-Kehlani-celebran-la-Tiempo-de-Navidad.jpg\",\"datePublished\":\"2024-12-17T02:41:06+00:00\",\"dateModified\":\"2024-12-17T02:41:08+00:00\",\"breadcrumb\":{\"@id\":\"https:\/\/web.consaguirre.com.ar\/noticias\/glorilla-y-kehlani-celebran-la-tiempo-de-navidad\/#breadcrumb\"},\"inLanguage\":\"es-AR\",\"potentialAction\":[{\"@type\":\"ReadAction\",\"target\":[\"https:\/\/web.consaguirre.com.ar\/noticias\/glorilla-y-kehlani-celebran-la-tiempo-de-navidad\/\"]}]},{\"@type\":\"ImageObject\",\"inLanguage\":\"es-AR\",\"@id\":\"https:\/\/web.consaguirre.com.ar\/noticias\/glorilla-y-kehlani-celebran-la-tiempo-de-navidad\/#primaryimage\",\"url\":\"https:\/\/web.consaguirre.com.ar\/noticias\/wp-content\/uploads\/2024\/12\/GloRilla-y-Kehlani-celebran-la-Tiempo-de-Navidad.jpg\",\"contentUrl\":\"https:\/\/web.consaguirre.com.ar\/noticias\/wp-content\/uploads\/2024\/12\/GloRilla-y-Kehlani-celebran-la-Tiempo-de-Navidad.jpg\",\"width\":1280,\"height\":1280,\"caption\":\"GloRilla y Kehlani celebran la 'Tiempo de Navidad'\"},{\"@type\":\"BreadcrumbList\",\"@id\":\"https:\/\/web.consaguirre.com.ar\/noticias\/glorilla-y-kehlani-celebran-la-tiempo-de-navidad\/#breadcrumb\",\"itemListElement\":[{\"@type\":\"ListItem\",\"position\":1,\"name\":\"Inicio\",\"item\":\"https:\/\/web.consaguirre.com.ar\/noticias\/\"},{\"@type\":\"ListItem\",\"position\":2,\"name\":\"GloRilla y Kehlani celebran la &#8216;Tiempo de Navidad&#8217;\"}]},{\"@type\":\"WebSite\",\"@id\":\"https:\/\/web.consaguirre.com.ar\/noticias\/#website\",\"url\":\"https:\/\/web.consaguirre.com.ar\/noticias\/\",\"name\":\"Conservatorio de M\u00fasica Juli\u00e1n Aguirre\",\"description\":\"\",\"publisher\":{\"@id\":\"https:\/\/web.consaguirre.com.ar\/noticias\/#organization\"},\"potentialAction\":[{\"@type\":\"SearchAction\",\"target\":{\"@type\":\"EntryPoint\",\"urlTemplate\":\"https:\/\/web.consaguirre.com.ar\/noticias\/?s={search_term_string}\"},\"query-input\":\"required name=search_term_string\"}],\"inLanguage\":\"es-AR\"},{\"@type\":\"Organization\",\"@id\":\"https:\/\/web.consaguirre.com.ar\/noticias\/#organization\",\"name\":\"Conservatorio de M\u00fasica Juli\u00e1n Aguirre\",\"url\":\"https:\/\/web.consaguirre.com.ar\/noticias\/\",\"logo\":{\"@type\":\"ImageObject\",\"inLanguage\":\"es-AR\",\"@id\":\"https:\/\/web.consaguirre.com.ar\/noticias\/#\/schema\/logo\/image\/\",\"url\":\"https:\/\/web.consaguirre.com.ar\/noticias\/wp-content\/uploads\/2024\/08\/Banner-Aguirre-23.jpg\",\"contentUrl\":\"https:\/\/web.consaguirre.com.ar\/noticias\/wp-content\/uploads\/2024\/08\/Banner-Aguirre-23.jpg\",\"width\":1192,\"height\":600,\"caption\":\"Conservatorio de M\u00fasica Juli\u00e1n Aguirre\"},\"image\":{\"@id\":\"https:\/\/web.consaguirre.com.ar\/noticias\/#\/schema\/logo\/image\/\"}},{\"@type\":\"Person\",\"@id\":\"https:\/\/web.consaguirre.com.ar\/noticias\/#\/schema\/person\/6558b0cfedee7ddc5425602b237d5722\",\"name\":\"Javier Figueroa\",\"image\":{\"@type\":\"ImageObject\",\"inLanguage\":\"es-AR\",\"@id\":\"https:\/\/web.consaguirre.com.ar\/noticias\/#\/schema\/person\/image\/\",\"url\":\"https:\/\/web.consaguirre.com.ar\/noticias\/wp-content\/uploads\/2024\/08\/Consaguirre-scaled.jpg\",\"contentUrl\":\"https:\/\/web.consaguirre.com.ar\/noticias\/wp-content\/uploads\/2024\/08\/Consaguirre-scaled.jpg\",\"caption\":\"Javier Figueroa\"},\"description\":\"Me llamo Javier Figueroa y soy redactor para el sitio oficial del Conservatorio de M\u00fasica Juli\u00e1n Aguirre en Buenos Aires, consaguirre.com. Apasionado por la m\u00fasica y la escritura, me esfuerzo por destacar los talentos y eventos de nuestra prestigiosa instituci\u00f3n. Mi trayectoria se nutre de una profunda admiraci\u00f3n por los artistas, haciendo de cada art\u00edculo una celebraci\u00f3n de la creatividad y la cultura musical.\",\"sameAs\":[\"https:\/\/web.consaguirre.com.ar\/noticias\"]}]}<\/script>\n<!-- \/ Yoast SEO plugin. -->","yoast_head_json":{"title":"GloRilla y Kehlani celebran la 'Tiempo de Navidad'","robots":{"index":"index","follow":"follow","max-snippet":"max-snippet:-1","max-image-preview":"max-image-preview:large","max-video-preview":"max-video-preview:-1"},"canonical":"https:\/\/web.consaguirre.com.ar\/noticias\/glorilla-y-kehlani-celebran-la-tiempo-de-navidad\/","og_locale":"es_ES","og_type":"article","og_title":"GloRilla y Kehlani celebran la 'Tiempo de Navidad'","og_description":"glorilla y Kehlani han compartido una colaboraci\u00f3n festiva titulada \u201cXmas Time\u201d. La canci\u00f3n llega con un video de presentaci\u00f3n en vivo dirigido por Maxx y","og_url":"https:\/\/web.consaguirre.com.ar\/noticias\/glorilla-y-kehlani-celebran-la-tiempo-de-navidad\/","og_site_name":"Conservatorio de M\u00fasica Juli\u00e1n Aguirre","article_published_time":"2024-12-17T02:41:06+00:00","article_modified_time":"2024-12-17T02:41:08+00:00","og_image":[{"width":1280,"height":1280,"url":"https:\/\/web.consaguirre.com.ar\/noticias\/wp-content\/uploads\/2024\/12\/GloRilla-y-Kehlani-celebran-la-Tiempo-de-Navidad.jpg","type":"image\/jpeg"}],"author":"Javier Figueroa","twitter_card":"summary_large_image","twitter_misc":{"Escrito por":"Javier Figueroa","Tiempo de lectura":"2 minutos"},"schema":{"@context":"https:\/\/schema.org","@graph":[{"@type":"Article","@id":"https:\/\/web.consaguirre.com.ar\/noticias\/glorilla-y-kehlani-celebran-la-tiempo-de-navidad\/#article","isPartOf":{"@id":"https:\/\/web.consaguirre.com.ar\/noticias\/glorilla-y-kehlani-celebran-la-tiempo-de-navidad\/"},"author":{"name":"Javier Figueroa","@id":"https:\/\/web.consaguirre.com.ar\/noticias\/#\/schema\/person\/6558b0cfedee7ddc5425602b237d5722"},"headline":"GloRilla y Kehlani celebran la &#8216;Tiempo de Navidad&#8217;","datePublished":"2024-12-17T02:41:06+00:00","dateModified":"2024-12-17T02:41:08+00:00","mainEntityOfPage":{"@id":"https:\/\/web.consaguirre.com.ar\/noticias\/glorilla-y-kehlani-celebran-la-tiempo-de-navidad\/"},"wordCount":376,"publisher":{"@id":"https:\/\/web.consaguirre.com.ar\/noticias\/#organization"},"image":{"@id":"https:\/\/web.consaguirre.com.ar\/noticias\/glorilla-y-kehlani-celebran-la-tiempo-de-navidad\/#primaryimage"},"thumbnailUrl":"https:\/\/web.consaguirre.com.ar\/noticias\/wp-content\/uploads\/2024\/12\/GloRilla-y-Kehlani-celebran-la-Tiempo-de-Navidad.jpg","keywords":["celebran","GloRilla","Kehlani","Navidad","tiempo"],"articleSection":["El \u00faltimo"],"inLanguage":"es-AR"},{"@type":"WebPage","@id":"https:\/\/web.consaguirre.com.ar\/noticias\/glorilla-y-kehlani-celebran-la-tiempo-de-navidad\/","url":"https:\/\/web.consaguirre.com.ar\/noticias\/glorilla-y-kehlani-celebran-la-tiempo-de-navidad\/","name":"GloRilla y Kehlani celebran la 'Tiempo de Navidad'","isPartOf":{"@id":"https:\/\/web.consaguirre.com.ar\/noticias\/#website"},"primaryImageOfPage":{"@id":"https:\/\/web.consaguirre.com.ar\/noticias\/glorilla-y-kehlani-celebran-la-tiempo-de-navidad\/#primaryimage"},"image":{"@id":"https:\/\/web.consaguirre.com.ar\/noticias\/glorilla-y-kehlani-celebran-la-tiempo-de-navidad\/#primaryimage"},"thumbnailUrl":"https:\/\/web.consaguirre.com.ar\/noticias\/wp-content\/uploads\/2024\/12\/GloRilla-y-Kehlani-celebran-la-Tiempo-de-Navidad.jpg","datePublished":"2024-12-17T02:41:06+00:00","dateModified":"2024-12-17T02:41:08+00:00","breadcrumb":{"@id":"https:\/\/web.consaguirre.com.ar\/noticias\/glorilla-y-kehlani-celebran-la-tiempo-de-navidad\/#breadcrumb"},"inLanguage":"es-AR","potentialAction":[{"@type":"ReadAction","target":["https:\/\/web.consaguirre.com.ar\/noticias\/glorilla-y-kehlani-celebran-la-tiempo-de-navidad\/"]}]},{"@type":"ImageObject","inLanguage":"es-AR","@id":"https:\/\/web.consaguirre.com.ar\/noticias\/glorilla-y-kehlani-celebran-la-tiempo-de-navidad\/#primaryimage","url":"https:\/\/web.consaguirre.com.ar\/noticias\/wp-content\/uploads\/2024\/12\/GloRilla-y-Kehlani-celebran-la-Tiempo-de-Navidad.jpg","contentUrl":"https:\/\/web.consaguirre.com.ar\/noticias\/wp-content\/uploads\/2024\/12\/GloRilla-y-Kehlani-celebran-la-Tiempo-de-Navidad.jpg","width":1280,"height":1280,"caption":"GloRilla y Kehlani celebran la 'Tiempo de Navidad'"},{"@type":"BreadcrumbList","@id":"https:\/\/web.consaguirre.com.ar\/noticias\/glorilla-y-kehlani-celebran-la-tiempo-de-navidad\/#breadcrumb","itemListElement":[{"@type":"ListItem","position":1,"name":"Inicio","item":"https:\/\/web.consaguirre.com.ar\/noticias\/"},{"@type":"ListItem","position":2,"name":"GloRilla y Kehlani celebran la &#8216;Tiempo de Navidad&#8217;"}]},{"@type":"WebSite","@id":"https:\/\/web.consaguirre.com.ar\/noticias\/#website","url":"https:\/\/web.consaguirre.com.ar\/noticias\/","name":"Conservatorio de M\u00fasica Juli\u00e1n Aguirre","description":"","publisher":{"@id":"https:\/\/web.consaguirre.com.ar\/noticias\/#organization"},"potentialAction":[{"@type":"SearchAction","target":{"@type":"EntryPoint","urlTemplate":"https:\/\/web.consaguirre.com.ar\/noticias\/?s={search_term_string}"},"query-input":"required name=search_term_string"}],"inLanguage":"es-AR"},{"@type":"Organization","@id":"https:\/\/web.consaguirre.com.ar\/noticias\/#organization","name":"Conservatorio de M\u00fasica Juli\u00e1n Aguirre","url":"https:\/\/web.consaguirre.com.ar\/noticias\/","logo":{"@type":"ImageObject","inLanguage":"es-AR","@id":"https:\/\/web.consaguirre.com.ar\/noticias\/#\/schema\/logo\/image\/","url":"https:\/\/web.consaguirre.com.ar\/noticias\/wp-content\/uploads\/2024\/08\/Banner-Aguirre-23.jpg","contentUrl":"https:\/\/web.consaguirre.com.ar\/noticias\/wp-content\/uploads\/2024\/08\/Banner-Aguirre-23.jpg","width":1192,"height":600,"caption":"Conservatorio de M\u00fasica Juli\u00e1n Aguirre"},"image":{"@id":"https:\/\/web.consaguirre.com.ar\/noticias\/#\/schema\/logo\/image\/"}},{"@type":"Person","@id":"https:\/\/web.consaguirre.com.ar\/noticias\/#\/schema\/person\/6558b0cfedee7ddc5425602b237d5722","name":"Javier Figueroa","image":{"@type":"ImageObject","inLanguage":"es-AR","@id":"https:\/\/web.consaguirre.com.ar\/noticias\/#\/schema\/person\/image\/","url":"https:\/\/web.consaguirre.com.ar\/noticias\/wp-content\/uploads\/2024\/08\/Consaguirre-scaled.jpg","contentUrl":"https:\/\/web.consaguirre.com.ar\/noticias\/wp-content\/uploads\/2024\/08\/Consaguirre-scaled.jpg","caption":"Javier Figueroa"},"description":"Me llamo Javier Figueroa y soy redactor para el sitio oficial del Conservatorio de M\u00fasica Juli\u00e1n Aguirre en Buenos Aires, consaguirre.com. Apasionado por la m\u00fasica y la escritura, me esfuerzo por destacar los talentos y eventos de nuestra prestigiosa instituci\u00f3n. Mi trayectoria se nutre de una profunda admiraci\u00f3n por los artistas, haciendo de cada art\u00edculo una celebraci\u00f3n de la creatividad y la cultura musical.","sameAs":["https:\/\/web.consaguirre.com.ar\/noticias"]}]}},"_links":{"self":[{"href":"https:\/\/web.consaguirre.com.ar\/noticias\/wp-json\/wp\/v2\/posts\/1376"}],"collection":[{"href":"https:\/\/web.consaguirre.com.ar\/noticias\/wp-json\/wp\/v2\/posts"}],"about":[{"href":"https:\/\/web.consaguirre.com.ar\/noticias\/wp-json\/wp\/v2\/types\/post"}],"author":[{"embeddable":true,"href":"https:\/\/web.consaguirre.com.ar\/noticias\/wp-json\/wp\/v2\/users\/1"}],"replies":[{"embeddable":true,"href":"https:\/\/web.consaguirre.com.ar\/noticias\/wp-json\/wp\/v2\/comments?post=1376"}],"version-history":[{"count":1,"href":"https:\/\/web.consaguirre.com.ar\/noticias\/wp-json\/wp\/v2\/posts\/1376\/revisions"}],"predecessor-version":[{"id":1378,"href":"https:\/\/web.consaguirre.com.ar\/noticias\/wp-json\/wp\/v2\/posts\/1376\/revisions\/1378"}],"wp:featuredmedia":[{"embeddable":true,"href":"https:\/\/web.consaguirre.com.ar\/noticias\/wp-json\/wp\/v2\/media\/1377"}],"wp:attachment":[{"href":"https:\/\/web.consaguirre.com.ar\/noticias\/wp-json\/wp\/v2\/media?parent=1376"}],"wp:term":[{"taxonomy":"category","embeddable":true,"href":"https:\/\/web.consaguirre.com.ar\/noticias\/wp-json\/wp\/v2\/categories?post=1376"},{"taxonomy":"post_tag","embeddable":true,"href":"https:\/\/web.consaguirre.com.ar\/noticias\/wp-json\/wp\/v2\/tags?post=1376"}],"curies":[{"name":"wp","href":"https:\/\/api.w.org\/{rel}","templated":true}]}}