{"id":1367,"date":"2024-12-13T23:42:10","date_gmt":"2024-12-14T02:42:10","guid":{"rendered":"https:\/\/web.consaguirre.com.ar\/noticias\/mira-a-brian-may-y-roger-taylor-revisitar-los-primeros-videos-musicales-de-queen\/"},"modified":"2024-12-13T23:42:12","modified_gmt":"2024-12-14T02:42:12","slug":"mira-a-brian-may-y-roger-taylor-revisitar-los-primeros-videos-musicales-de-queen","status":"publish","type":"post","link":"https:\/\/web.consaguirre.com.ar\/noticias\/mira-a-brian-may-y-roger-taylor-revisitar-los-primeros-videos-musicales-de-queen\/","title":{"rendered":"Mira a Brian May y Roger Taylor revisitar los primeros v\u00eddeos musicales de Queen"},"content":{"rendered":"<p>En un nuevo episodio de <em>Reina: la m\u00e1s grande<\/em>, <strong>Reina<\/strong>Brian May y Roger Taylor de est\u00e1n analizando la historia de los videos musicales de la banda, desde su LP debut de 1973 recientemente reeditado y restaurado.<\/p>\n<p>En la cuarta incorporaci\u00f3n a la serie en curso, compartida hoy en YouTube, el d\u00fao recuerda haber visto el primer \u201cvideo musical\u201d de Queen reci\u00e9n salido del lanzamiento del sencillo principal de su LP hom\u00f3nimo, \u201cKeep Yourself Alive\u201d. A\u00fan luchando por reproducirse en la radio como una banda floreciente, el grupo estaba ansioso por aprovechar la oportunidad de una plataforma en la BBC.<\/p>\n<div class=\"uD-YT-container\"><img decoding=\"async\" src=\"https:\/\/web.consaguirre.com.ar\/noticias\/wp-content\/uploads\/2024\/12\/1734144130_406_Mira-a-Brian-May-y-Roger-Taylor-revisitar-los-primeros.jpg\" alt=\"V\u00eddeo de YouTube\"><br \/>Haga clic para cargar v\u00eddeo<\/div>\n<p>&#8220;Recuerdo que iba de alg\u00fan lugar a la casa de mis padres e iba a aparecer en la televisi\u00f3n, as\u00ed que est\u00e1bamos pegados a la televisi\u00f3n, y de repente aparece este peque\u00f1o tren&#8221;, comparte May sobre la primera vez que vio &#8220;Keep Yourself&#8221;. Alive\u201d obra en el programa <em>La vieja prueba del silbato gris<\/em>combinado con clips animados de dos trenes en carrera. &#8220;Est\u00e1bamos simplemente hipnotizados&#8221;. Aunque t\u00e9cnicamente el grupo no protagoniz\u00f3 el video, marc\u00f3 la primera aparici\u00f3n televisiva de su m\u00fasica. May y Taylor recuerdan el entusiasmo del presentador Bob Harris ante este nuevo grupo, una se\u00f1al de que realmente estaban entrando en escena.<\/p>\n<p>La exposici\u00f3n temprana llev\u00f3 al entonces sello discogr\u00e1fico del grupo, Trident, a animarlos a hacer otro video, mostrando al grupo tocando en un escenario de sonido, para &#8220;Keep Yourself Alive&#8221;. Sin embargo, ahora que May y Taylor hab\u00edan probado un video que les gustaba, ahora ten\u00edan est\u00e1ndares m\u00e1s altos. \u201cCuando vimos el resultado final, lo odiamos\u201d, record\u00f3 May. \u201cDe alguna manera, todo estaba tan bien iluminado que parec\u00eda muy cl\u00ednico, no ten\u00eda atm\u00f3sfera. Parec\u00eda que \u00e9ramos tontos en el escenario; no parec\u00eda rock &#8216;n&#8217; roll en absoluto.<\/p>\n<p>Queen sab\u00eda que ten\u00edan que tomar una postura para preservar su estilo. &#8220;Montamos un poco de esc\u00e1ndalo, siendo los ni\u00f1os precoces que \u00e9ramos&#8221;, comparte Brian May. Pidieron un cambio en la iluminaci\u00f3n y la puesta en escena para llevar su est\u00e9tica de banda pop a rockera. La medida dio sus frutos y los oyentes r\u00e1pidamente adoptaron el v\u00eddeo como la versi\u00f3n oficial. Sin embargo, la banda todav\u00eda no estaba segura de c\u00f3mo encajar\u00edan los v\u00eddeos musicales en su trabajo.<\/p>\n<p>&#8220;En ese momento, pensamos que lo visual ten\u00eda un papel que desempe\u00f1ar, pero realmente no nos dimos cuenta del poder de un v\u00eddeo corto como herramienta promocional&#8221;, explica Roger Taylor. &#8220;Pero cuando m\u00e1s tarde hicimos el video de &#8216;Bohemian Rhapsody&#8217;, hacer ese video fue idea nuestra&#8221;. Aunque el v\u00eddeo de \u201cBohemian Rhapsody\u201d no fue de ninguna manera el primer v\u00eddeo musical, en la actualidad se considera ampliamente el primer v\u00eddeo promocional: un clip utilizado activamente como parte del ciclo del \u00e1lbum.<\/p>\n<p><strong>Orden de la Reina <em>reina yo<\/em> ahora.<\/strong><\/p>\n","protected":false},"excerpt":{"rendered":"<p>En un nuevo episodio de Reina: la m\u00e1s grande, ReinaBrian May y Roger Taylor de est\u00e1n analizando la historia de los videos musicales de la<\/p>\n","protected":false},"author":1,"featured_media":1368,"comment_status":"closed","ping_status":"","sticky":false,"template":"","format":"standard","meta":{"footnotes":""},"categories":[50],"tags":[1215,180,77,279,742,597,1481,1480,172,221],"class_list":["post-1367","post","type-post","status-publish","format-standard","has-post-thumbnail","hentry","category-el-ultimo","tag-brian","tag-los","tag-mira","tag-musicales","tag-primeros","tag-queen","tag-revisitar","tag-roger","tag-taylor","tag-videos","generate-columns","tablet-grid-50","mobile-grid-100","grid-parent","grid-50"],"yoast_head":"<!-- This site is optimized with the Yoast SEO plugin v23.3 - https:\/\/yoast.com\/wordpress\/plugins\/seo\/ -->\n<title>Mira a Brian May y Roger Taylor revisitar los primeros v\u00eddeos musicales de Queen<\/title>\n<meta name=\"robots\" content=\"index, follow, max-snippet:-1, max-image-preview:large, max-video-preview:-1\" \/>\n<link rel=\"canonical\" href=\"https:\/\/web.consaguirre.com.ar\/noticias\/mira-a-brian-may-y-roger-taylor-revisitar-los-primeros-videos-musicales-de-queen\/\" \/>\n<meta property=\"og:locale\" content=\"es_ES\" \/>\n<meta property=\"og:type\" content=\"article\" \/>\n<meta property=\"og:title\" content=\"Mira a Brian May y Roger Taylor revisitar los primeros v\u00eddeos musicales de Queen\" \/>\n<meta property=\"og:description\" content=\"En un nuevo episodio de Reina: la m\u00e1s grande, ReinaBrian May y Roger Taylor de est\u00e1n analizando la historia de los videos musicales de la\" \/>\n<meta property=\"og:url\" content=\"https:\/\/web.consaguirre.com.ar\/noticias\/mira-a-brian-may-y-roger-taylor-revisitar-los-primeros-videos-musicales-de-queen\/\" \/>\n<meta property=\"og:site_name\" content=\"Conservatorio de M\u00fasica Juli\u00e1n Aguirre\" \/>\n<meta property=\"article:published_time\" content=\"2024-12-14T02:42:10+00:00\" \/>\n<meta property=\"article:modified_time\" content=\"2024-12-14T02:42:12+00:00\" \/>\n<meta property=\"og:image\" content=\"https:\/\/web.consaguirre.com.ar\/noticias\/wp-content\/uploads\/2024\/12\/Mira-a-Brian-May-y-Roger-Taylor-revisitar-los-primeros.jpg\" \/>\n\t<meta property=\"og:image:width\" content=\"1440\" \/>\n\t<meta property=\"og:image:height\" content=\"864\" \/>\n\t<meta property=\"og:image:type\" content=\"image\/jpeg\" \/>\n<meta name=\"author\" content=\"Javier Figueroa\" \/>\n<meta name=\"twitter:card\" content=\"summary_large_image\" \/>\n<meta name=\"twitter:label1\" content=\"Escrito por\" \/>\n\t<meta name=\"twitter:data1\" content=\"Javier Figueroa\" \/>\n\t<meta name=\"twitter:label2\" content=\"Tiempo de lectura\" \/>\n\t<meta name=\"twitter:data2\" content=\"3 minutos\" \/>\n<script type=\"application\/ld+json\" class=\"yoast-schema-graph\">{\"@context\":\"https:\/\/schema.org\",\"@graph\":[{\"@type\":\"Article\",\"@id\":\"https:\/\/web.consaguirre.com.ar\/noticias\/mira-a-brian-may-y-roger-taylor-revisitar-los-primeros-videos-musicales-de-queen\/#article\",\"isPartOf\":{\"@id\":\"https:\/\/web.consaguirre.com.ar\/noticias\/mira-a-brian-may-y-roger-taylor-revisitar-los-primeros-videos-musicales-de-queen\/\"},\"author\":{\"name\":\"Javier Figueroa\",\"@id\":\"https:\/\/web.consaguirre.com.ar\/noticias\/#\/schema\/person\/6558b0cfedee7ddc5425602b237d5722\"},\"headline\":\"Mira a Brian May y Roger Taylor revisitar los primeros v\u00eddeos musicales de Queen\",\"datePublished\":\"2024-12-14T02:42:10+00:00\",\"dateModified\":\"2024-12-14T02:42:12+00:00\",\"mainEntityOfPage\":{\"@id\":\"https:\/\/web.consaguirre.com.ar\/noticias\/mira-a-brian-may-y-roger-taylor-revisitar-los-primeros-videos-musicales-de-queen\/\"},\"wordCount\":526,\"publisher\":{\"@id\":\"https:\/\/web.consaguirre.com.ar\/noticias\/#organization\"},\"image\":{\"@id\":\"https:\/\/web.consaguirre.com.ar\/noticias\/mira-a-brian-may-y-roger-taylor-revisitar-los-primeros-videos-musicales-de-queen\/#primaryimage\"},\"thumbnailUrl\":\"https:\/\/web.consaguirre.com.ar\/noticias\/wp-content\/uploads\/2024\/12\/Mira-a-Brian-May-y-Roger-Taylor-revisitar-los-primeros.jpg\",\"keywords\":[\"Brian\",\"los\",\"Mira\",\"musicales\",\"primeros\",\"Queen\",\"revisitar\",\"Roger\",\"Taylor\",\"videos\"],\"articleSection\":[\"El \u00faltimo\"],\"inLanguage\":\"es-AR\"},{\"@type\":\"WebPage\",\"@id\":\"https:\/\/web.consaguirre.com.ar\/noticias\/mira-a-brian-may-y-roger-taylor-revisitar-los-primeros-videos-musicales-de-queen\/\",\"url\":\"https:\/\/web.consaguirre.com.ar\/noticias\/mira-a-brian-may-y-roger-taylor-revisitar-los-primeros-videos-musicales-de-queen\/\",\"name\":\"Mira a Brian May y Roger Taylor revisitar los primeros v\u00eddeos musicales de Queen\",\"isPartOf\":{\"@id\":\"https:\/\/web.consaguirre.com.ar\/noticias\/#website\"},\"primaryImageOfPage\":{\"@id\":\"https:\/\/web.consaguirre.com.ar\/noticias\/mira-a-brian-may-y-roger-taylor-revisitar-los-primeros-videos-musicales-de-queen\/#primaryimage\"},\"image\":{\"@id\":\"https:\/\/web.consaguirre.com.ar\/noticias\/mira-a-brian-may-y-roger-taylor-revisitar-los-primeros-videos-musicales-de-queen\/#primaryimage\"},\"thumbnailUrl\":\"https:\/\/web.consaguirre.com.ar\/noticias\/wp-content\/uploads\/2024\/12\/Mira-a-Brian-May-y-Roger-Taylor-revisitar-los-primeros.jpg\",\"datePublished\":\"2024-12-14T02:42:10+00:00\",\"dateModified\":\"2024-12-14T02:42:12+00:00\",\"breadcrumb\":{\"@id\":\"https:\/\/web.consaguirre.com.ar\/noticias\/mira-a-brian-may-y-roger-taylor-revisitar-los-primeros-videos-musicales-de-queen\/#breadcrumb\"},\"inLanguage\":\"es-AR\",\"potentialAction\":[{\"@type\":\"ReadAction\",\"target\":[\"https:\/\/web.consaguirre.com.ar\/noticias\/mira-a-brian-may-y-roger-taylor-revisitar-los-primeros-videos-musicales-de-queen\/\"]}]},{\"@type\":\"ImageObject\",\"inLanguage\":\"es-AR\",\"@id\":\"https:\/\/web.consaguirre.com.ar\/noticias\/mira-a-brian-may-y-roger-taylor-revisitar-los-primeros-videos-musicales-de-queen\/#primaryimage\",\"url\":\"https:\/\/web.consaguirre.com.ar\/noticias\/wp-content\/uploads\/2024\/12\/Mira-a-Brian-May-y-Roger-Taylor-revisitar-los-primeros.jpg\",\"contentUrl\":\"https:\/\/web.consaguirre.com.ar\/noticias\/wp-content\/uploads\/2024\/12\/Mira-a-Brian-May-y-Roger-Taylor-revisitar-los-primeros.jpg\",\"width\":1440,\"height\":864,\"caption\":\"Mira a Brian May y Roger Taylor revisitar los primeros v\u00eddeos musicales de Queen\"},{\"@type\":\"BreadcrumbList\",\"@id\":\"https:\/\/web.consaguirre.com.ar\/noticias\/mira-a-brian-may-y-roger-taylor-revisitar-los-primeros-videos-musicales-de-queen\/#breadcrumb\",\"itemListElement\":[{\"@type\":\"ListItem\",\"position\":1,\"name\":\"Inicio\",\"item\":\"https:\/\/web.consaguirre.com.ar\/noticias\/\"},{\"@type\":\"ListItem\",\"position\":2,\"name\":\"Mira a Brian May y Roger Taylor revisitar los primeros v\u00eddeos musicales de Queen\"}]},{\"@type\":\"WebSite\",\"@id\":\"https:\/\/web.consaguirre.com.ar\/noticias\/#website\",\"url\":\"https:\/\/web.consaguirre.com.ar\/noticias\/\",\"name\":\"Conservatorio de M\u00fasica Juli\u00e1n Aguirre\",\"description\":\"\",\"publisher\":{\"@id\":\"https:\/\/web.consaguirre.com.ar\/noticias\/#organization\"},\"potentialAction\":[{\"@type\":\"SearchAction\",\"target\":{\"@type\":\"EntryPoint\",\"urlTemplate\":\"https:\/\/web.consaguirre.com.ar\/noticias\/?s={search_term_string}\"},\"query-input\":\"required name=search_term_string\"}],\"inLanguage\":\"es-AR\"},{\"@type\":\"Organization\",\"@id\":\"https:\/\/web.consaguirre.com.ar\/noticias\/#organization\",\"name\":\"Conservatorio de M\u00fasica Juli\u00e1n Aguirre\",\"url\":\"https:\/\/web.consaguirre.com.ar\/noticias\/\",\"logo\":{\"@type\":\"ImageObject\",\"inLanguage\":\"es-AR\",\"@id\":\"https:\/\/web.consaguirre.com.ar\/noticias\/#\/schema\/logo\/image\/\",\"url\":\"https:\/\/web.consaguirre.com.ar\/noticias\/wp-content\/uploads\/2024\/08\/Banner-Aguirre-23.jpg\",\"contentUrl\":\"https:\/\/web.consaguirre.com.ar\/noticias\/wp-content\/uploads\/2024\/08\/Banner-Aguirre-23.jpg\",\"width\":1192,\"height\":600,\"caption\":\"Conservatorio de M\u00fasica Juli\u00e1n Aguirre\"},\"image\":{\"@id\":\"https:\/\/web.consaguirre.com.ar\/noticias\/#\/schema\/logo\/image\/\"}},{\"@type\":\"Person\",\"@id\":\"https:\/\/web.consaguirre.com.ar\/noticias\/#\/schema\/person\/6558b0cfedee7ddc5425602b237d5722\",\"name\":\"Javier Figueroa\",\"image\":{\"@type\":\"ImageObject\",\"inLanguage\":\"es-AR\",\"@id\":\"https:\/\/web.consaguirre.com.ar\/noticias\/#\/schema\/person\/image\/\",\"url\":\"https:\/\/web.consaguirre.com.ar\/noticias\/wp-content\/uploads\/2024\/08\/Consaguirre-scaled.jpg\",\"contentUrl\":\"https:\/\/web.consaguirre.com.ar\/noticias\/wp-content\/uploads\/2024\/08\/Consaguirre-scaled.jpg\",\"caption\":\"Javier Figueroa\"},\"description\":\"Me llamo Javier Figueroa y soy redactor para el sitio oficial del Conservatorio de M\u00fasica Juli\u00e1n Aguirre en Buenos Aires, consaguirre.com. Apasionado por la m\u00fasica y la escritura, me esfuerzo por destacar los talentos y eventos de nuestra prestigiosa instituci\u00f3n. Mi trayectoria se nutre de una profunda admiraci\u00f3n por los artistas, haciendo de cada art\u00edculo una celebraci\u00f3n de la creatividad y la cultura musical.\",\"sameAs\":[\"https:\/\/web.consaguirre.com.ar\/noticias\"]}]}<\/script>\n<!-- \/ Yoast SEO plugin. -->","yoast_head_json":{"title":"Mira a Brian May y Roger Taylor revisitar los primeros v\u00eddeos musicales de Queen","robots":{"index":"index","follow":"follow","max-snippet":"max-snippet:-1","max-image-preview":"max-image-preview:large","max-video-preview":"max-video-preview:-1"},"canonical":"https:\/\/web.consaguirre.com.ar\/noticias\/mira-a-brian-may-y-roger-taylor-revisitar-los-primeros-videos-musicales-de-queen\/","og_locale":"es_ES","og_type":"article","og_title":"Mira a Brian May y Roger Taylor revisitar los primeros v\u00eddeos musicales de Queen","og_description":"En un nuevo episodio de Reina: la m\u00e1s grande, ReinaBrian May y Roger Taylor de est\u00e1n analizando la historia de los videos musicales de la","og_url":"https:\/\/web.consaguirre.com.ar\/noticias\/mira-a-brian-may-y-roger-taylor-revisitar-los-primeros-videos-musicales-de-queen\/","og_site_name":"Conservatorio de M\u00fasica Juli\u00e1n Aguirre","article_published_time":"2024-12-14T02:42:10+00:00","article_modified_time":"2024-12-14T02:42:12+00:00","og_image":[{"width":1440,"height":864,"url":"https:\/\/web.consaguirre.com.ar\/noticias\/wp-content\/uploads\/2024\/12\/Mira-a-Brian-May-y-Roger-Taylor-revisitar-los-primeros.jpg","type":"image\/jpeg"}],"author":"Javier Figueroa","twitter_card":"summary_large_image","twitter_misc":{"Escrito por":"Javier Figueroa","Tiempo de lectura":"3 minutos"},"schema":{"@context":"https:\/\/schema.org","@graph":[{"@type":"Article","@id":"https:\/\/web.consaguirre.com.ar\/noticias\/mira-a-brian-may-y-roger-taylor-revisitar-los-primeros-videos-musicales-de-queen\/#article","isPartOf":{"@id":"https:\/\/web.consaguirre.com.ar\/noticias\/mira-a-brian-may-y-roger-taylor-revisitar-los-primeros-videos-musicales-de-queen\/"},"author":{"name":"Javier Figueroa","@id":"https:\/\/web.consaguirre.com.ar\/noticias\/#\/schema\/person\/6558b0cfedee7ddc5425602b237d5722"},"headline":"Mira a Brian May y Roger Taylor revisitar los primeros v\u00eddeos musicales de Queen","datePublished":"2024-12-14T02:42:10+00:00","dateModified":"2024-12-14T02:42:12+00:00","mainEntityOfPage":{"@id":"https:\/\/web.consaguirre.com.ar\/noticias\/mira-a-brian-may-y-roger-taylor-revisitar-los-primeros-videos-musicales-de-queen\/"},"wordCount":526,"publisher":{"@id":"https:\/\/web.consaguirre.com.ar\/noticias\/#organization"},"image":{"@id":"https:\/\/web.consaguirre.com.ar\/noticias\/mira-a-brian-may-y-roger-taylor-revisitar-los-primeros-videos-musicales-de-queen\/#primaryimage"},"thumbnailUrl":"https:\/\/web.consaguirre.com.ar\/noticias\/wp-content\/uploads\/2024\/12\/Mira-a-Brian-May-y-Roger-Taylor-revisitar-los-primeros.jpg","keywords":["Brian","los","Mira","musicales","primeros","Queen","revisitar","Roger","Taylor","videos"],"articleSection":["El \u00faltimo"],"inLanguage":"es-AR"},{"@type":"WebPage","@id":"https:\/\/web.consaguirre.com.ar\/noticias\/mira-a-brian-may-y-roger-taylor-revisitar-los-primeros-videos-musicales-de-queen\/","url":"https:\/\/web.consaguirre.com.ar\/noticias\/mira-a-brian-may-y-roger-taylor-revisitar-los-primeros-videos-musicales-de-queen\/","name":"Mira a Brian May y Roger Taylor revisitar los primeros v\u00eddeos musicales de Queen","isPartOf":{"@id":"https:\/\/web.consaguirre.com.ar\/noticias\/#website"},"primaryImageOfPage":{"@id":"https:\/\/web.consaguirre.com.ar\/noticias\/mira-a-brian-may-y-roger-taylor-revisitar-los-primeros-videos-musicales-de-queen\/#primaryimage"},"image":{"@id":"https:\/\/web.consaguirre.com.ar\/noticias\/mira-a-brian-may-y-roger-taylor-revisitar-los-primeros-videos-musicales-de-queen\/#primaryimage"},"thumbnailUrl":"https:\/\/web.consaguirre.com.ar\/noticias\/wp-content\/uploads\/2024\/12\/Mira-a-Brian-May-y-Roger-Taylor-revisitar-los-primeros.jpg","datePublished":"2024-12-14T02:42:10+00:00","dateModified":"2024-12-14T02:42:12+00:00","breadcrumb":{"@id":"https:\/\/web.consaguirre.com.ar\/noticias\/mira-a-brian-may-y-roger-taylor-revisitar-los-primeros-videos-musicales-de-queen\/#breadcrumb"},"inLanguage":"es-AR","potentialAction":[{"@type":"ReadAction","target":["https:\/\/web.consaguirre.com.ar\/noticias\/mira-a-brian-may-y-roger-taylor-revisitar-los-primeros-videos-musicales-de-queen\/"]}]},{"@type":"ImageObject","inLanguage":"es-AR","@id":"https:\/\/web.consaguirre.com.ar\/noticias\/mira-a-brian-may-y-roger-taylor-revisitar-los-primeros-videos-musicales-de-queen\/#primaryimage","url":"https:\/\/web.consaguirre.com.ar\/noticias\/wp-content\/uploads\/2024\/12\/Mira-a-Brian-May-y-Roger-Taylor-revisitar-los-primeros.jpg","contentUrl":"https:\/\/web.consaguirre.com.ar\/noticias\/wp-content\/uploads\/2024\/12\/Mira-a-Brian-May-y-Roger-Taylor-revisitar-los-primeros.jpg","width":1440,"height":864,"caption":"Mira a Brian May y Roger Taylor revisitar los primeros v\u00eddeos musicales de Queen"},{"@type":"BreadcrumbList","@id":"https:\/\/web.consaguirre.com.ar\/noticias\/mira-a-brian-may-y-roger-taylor-revisitar-los-primeros-videos-musicales-de-queen\/#breadcrumb","itemListElement":[{"@type":"ListItem","position":1,"name":"Inicio","item":"https:\/\/web.consaguirre.com.ar\/noticias\/"},{"@type":"ListItem","position":2,"name":"Mira a Brian May y Roger Taylor revisitar los primeros v\u00eddeos musicales de Queen"}]},{"@type":"WebSite","@id":"https:\/\/web.consaguirre.com.ar\/noticias\/#website","url":"https:\/\/web.consaguirre.com.ar\/noticias\/","name":"Conservatorio de M\u00fasica Juli\u00e1n Aguirre","description":"","publisher":{"@id":"https:\/\/web.consaguirre.com.ar\/noticias\/#organization"},"potentialAction":[{"@type":"SearchAction","target":{"@type":"EntryPoint","urlTemplate":"https:\/\/web.consaguirre.com.ar\/noticias\/?s={search_term_string}"},"query-input":"required name=search_term_string"}],"inLanguage":"es-AR"},{"@type":"Organization","@id":"https:\/\/web.consaguirre.com.ar\/noticias\/#organization","name":"Conservatorio de M\u00fasica Juli\u00e1n Aguirre","url":"https:\/\/web.consaguirre.com.ar\/noticias\/","logo":{"@type":"ImageObject","inLanguage":"es-AR","@id":"https:\/\/web.consaguirre.com.ar\/noticias\/#\/schema\/logo\/image\/","url":"https:\/\/web.consaguirre.com.ar\/noticias\/wp-content\/uploads\/2024\/08\/Banner-Aguirre-23.jpg","contentUrl":"https:\/\/web.consaguirre.com.ar\/noticias\/wp-content\/uploads\/2024\/08\/Banner-Aguirre-23.jpg","width":1192,"height":600,"caption":"Conservatorio de M\u00fasica Juli\u00e1n Aguirre"},"image":{"@id":"https:\/\/web.consaguirre.com.ar\/noticias\/#\/schema\/logo\/image\/"}},{"@type":"Person","@id":"https:\/\/web.consaguirre.com.ar\/noticias\/#\/schema\/person\/6558b0cfedee7ddc5425602b237d5722","name":"Javier Figueroa","image":{"@type":"ImageObject","inLanguage":"es-AR","@id":"https:\/\/web.consaguirre.com.ar\/noticias\/#\/schema\/person\/image\/","url":"https:\/\/web.consaguirre.com.ar\/noticias\/wp-content\/uploads\/2024\/08\/Consaguirre-scaled.jpg","contentUrl":"https:\/\/web.consaguirre.com.ar\/noticias\/wp-content\/uploads\/2024\/08\/Consaguirre-scaled.jpg","caption":"Javier Figueroa"},"description":"Me llamo Javier Figueroa y soy redactor para el sitio oficial del Conservatorio de M\u00fasica Juli\u00e1n Aguirre en Buenos Aires, consaguirre.com. Apasionado por la m\u00fasica y la escritura, me esfuerzo por destacar los talentos y eventos de nuestra prestigiosa instituci\u00f3n. Mi trayectoria se nutre de una profunda admiraci\u00f3n por los artistas, haciendo de cada art\u00edculo una celebraci\u00f3n de la creatividad y la cultura musical.","sameAs":["https:\/\/web.consaguirre.com.ar\/noticias"]}]}},"_links":{"self":[{"href":"https:\/\/web.consaguirre.com.ar\/noticias\/wp-json\/wp\/v2\/posts\/1367"}],"collection":[{"href":"https:\/\/web.consaguirre.com.ar\/noticias\/wp-json\/wp\/v2\/posts"}],"about":[{"href":"https:\/\/web.consaguirre.com.ar\/noticias\/wp-json\/wp\/v2\/types\/post"}],"author":[{"embeddable":true,"href":"https:\/\/web.consaguirre.com.ar\/noticias\/wp-json\/wp\/v2\/users\/1"}],"replies":[{"embeddable":true,"href":"https:\/\/web.consaguirre.com.ar\/noticias\/wp-json\/wp\/v2\/comments?post=1367"}],"version-history":[{"count":1,"href":"https:\/\/web.consaguirre.com.ar\/noticias\/wp-json\/wp\/v2\/posts\/1367\/revisions"}],"predecessor-version":[{"id":1369,"href":"https:\/\/web.consaguirre.com.ar\/noticias\/wp-json\/wp\/v2\/posts\/1367\/revisions\/1369"}],"wp:featuredmedia":[{"embeddable":true,"href":"https:\/\/web.consaguirre.com.ar\/noticias\/wp-json\/wp\/v2\/media\/1368"}],"wp:attachment":[{"href":"https:\/\/web.consaguirre.com.ar\/noticias\/wp-json\/wp\/v2\/media?parent=1367"}],"wp:term":[{"taxonomy":"category","embeddable":true,"href":"https:\/\/web.consaguirre.com.ar\/noticias\/wp-json\/wp\/v2\/categories?post=1367"},{"taxonomy":"post_tag","embeddable":true,"href":"https:\/\/web.consaguirre.com.ar\/noticias\/wp-json\/wp\/v2\/tags?post=1367"}],"curies":[{"name":"wp","href":"https:\/\/api.w.org\/{rel}","templated":true}]}}