{"id":1364,"date":"2024-12-13T17:45:06","date_gmt":"2024-12-13T20:45:06","guid":{"rendered":"https:\/\/web.consaguirre.com.ar\/noticias\/mira-el-concierto-npr-tiny-desk-de-billie-eilish\/"},"modified":"2024-12-13T17:45:08","modified_gmt":"2024-12-13T20:45:08","slug":"mira-el-concierto-npr-tiny-desk-de-billie-eilish","status":"publish","type":"post","link":"https:\/\/web.consaguirre.com.ar\/noticias\/mira-el-concierto-npr-tiny-desk-de-billie-eilish\/","title":{"rendered":"Mira el concierto NPR Tiny Desk de Billie Eilish"},"content":{"rendered":"<p><strong>Billie Eilish<\/strong> es el \u00faltimo artista en aparecer en la querida serie de conciertos Tiny Desk de NPR. El 12 de diciembre, Eilish visit\u00f3 el set de Washington, DC para interpretar cuatro temas reimaginados de su \u00e1lbum de 2024. <strong><em>Golp\u00e9ame fuerte y suave<\/em><\/strong>: &#8220;The Greatest&#8221;, &#8220;L&#8217;Amour De Ma Vie&#8221;, &#8220;Te amo&#8221; y &#8220;Birds Of A Feather&#8221;. Actu\u00f3 junto a una peque\u00f1a banda que inclu\u00eda a su hermano y productor principal, Finneas, en la guitarra; Andrew Marshall a la bater\u00eda; Solo Smith al bajo; y Abe Nouri al piano.<\/p>\n<p>Anamaria Sayre de NPR escribi\u00f3 sobre el programa de Eilish: \u201cCada respiraci\u00f3n est\u00e1 tan llena de melancol\u00eda indulgente y arrepentimiento esperanzador que a sus 22 a\u00f1os se ha convertido en un elemento cautivador de lo que significa, o m\u00e1s bien lo que se siente, amar y perder simult\u00e1neamente\u201d. El entorno minimalista est\u00e1 muy lejos de la actual gira Hit Me Hard And Soft de Eilish, que comenz\u00f3 en septiembre en Am\u00e9rica del Norte y har\u00e1 paradas en Europa, Asia, Australia y Nueva Zelanda en 2025.<\/p>\n<div class=\"uD-YT-container\"><img decoding=\"async\" src=\"https:\/\/web.consaguirre.com.ar\/noticias\/wp-content\/uploads\/2024\/12\/1734122706_471_Mira-el-concierto-NPR-Tiny-Desk-de-Billie-Eilish.jpg\" alt=\"V\u00eddeo de YouTube\"><br \/>Haga clic para cargar v\u00eddeo<\/div>\n<p><em>Golp\u00e9ame fuerte y suave<\/em>que Eilish lanz\u00f3 en mayo de 2024, ha recibido elogios generalizados tanto de los fan\u00e1ticos, que llevaron el \u00e1lbum al n\u00famero 1 en las listas de Billboard en m\u00e1s de 20 pa\u00edses, como de la cr\u00edtica. El disco est\u00e1 nominado a seis premios diferentes en los Grammy 2025: \u00c1lbum del A\u00f1o, Mejor \u00c1lbum Vocal Pop, Canci\u00f3n del A\u00f1o y Grabaci\u00f3n del A\u00f1o. Este a\u00f1o, gan\u00f3 Canci\u00f3n del A\u00f1o y Mejor Canci\u00f3n Escrita para Medios Visuales por su <em>Barbie: el \u00e1lbum<\/em> ofreciendo &#8220;\u00bfPara qu\u00e9 fui hecho?&#8221;<\/p>\n<p>Desde que NPR celebr\u00f3 su primer Tiny Desk en 2008, han recibido a innumerables artistas y bandas en el escenario \u00edntimo. Antes del espect\u00e1culo de Eilish, los artistas recientes incluyeron al elenco de Stereophonic de Broadway, el rapero Doechii, el grupo estadounidense Old Crow Medicine Show y la rockera independiente Rosie Tucker.<\/p>\n<p><strong>Escucha Billie Eilish <em>P\u00c9GAME DURO Y SUAVE.<\/em><\/strong><\/p>\n","protected":false},"excerpt":{"rendered":"<p>Billie Eilish es el \u00faltimo artista en aparecer en la querida serie de conciertos Tiny Desk de NPR. El 12 de diciembre, Eilish visit\u00f3 el<\/p>\n","protected":false},"author":1,"featured_media":1365,"comment_status":"closed","ping_status":"","sticky":false,"template":"","format":"standard","meta":{"footnotes":""},"categories":[50],"tags":[137,124,1479,150,77,701,1478],"class_list":["post-1364","post","type-post","status-publish","format-standard","has-post-thumbnail","hentry","category-el-ultimo","tag-billie","tag-concierto","tag-desk","tag-eilish","tag-mira","tag-npr","tag-tiny","generate-columns","tablet-grid-50","mobile-grid-100","grid-parent","grid-50"],"yoast_head":"<!-- This site is optimized with the Yoast SEO plugin v23.3 - https:\/\/yoast.com\/wordpress\/plugins\/seo\/ -->\n<title>Mira el concierto NPR Tiny Desk de Billie Eilish<\/title>\n<meta name=\"robots\" content=\"index, follow, max-snippet:-1, max-image-preview:large, max-video-preview:-1\" \/>\n<link rel=\"canonical\" href=\"https:\/\/web.consaguirre.com.ar\/noticias\/mira-el-concierto-npr-tiny-desk-de-billie-eilish\/\" \/>\n<meta property=\"og:locale\" content=\"es_ES\" \/>\n<meta property=\"og:type\" content=\"article\" \/>\n<meta property=\"og:title\" content=\"Mira el concierto NPR Tiny Desk de Billie Eilish\" \/>\n<meta property=\"og:description\" content=\"Billie Eilish es el \u00faltimo artista en aparecer en la querida serie de conciertos Tiny Desk de NPR. El 12 de diciembre, Eilish visit\u00f3 el\" \/>\n<meta property=\"og:url\" content=\"https:\/\/web.consaguirre.com.ar\/noticias\/mira-el-concierto-npr-tiny-desk-de-billie-eilish\/\" \/>\n<meta property=\"og:site_name\" content=\"Conservatorio de M\u00fasica Juli\u00e1n Aguirre\" \/>\n<meta property=\"article:published_time\" content=\"2024-12-13T20:45:06+00:00\" \/>\n<meta property=\"article:modified_time\" content=\"2024-12-13T20:45:08+00:00\" \/>\n<meta property=\"og:image\" content=\"https:\/\/web.consaguirre.com.ar\/noticias\/wp-content\/uploads\/2024\/12\/Mira-el-concierto-NPR-Tiny-Desk-de-Billie-Eilish.jpg\" \/>\n\t<meta property=\"og:image:width\" content=\"1440\" \/>\n\t<meta property=\"og:image:height\" content=\"864\" \/>\n\t<meta property=\"og:image:type\" content=\"image\/jpeg\" \/>\n<meta name=\"author\" content=\"Javier Figueroa\" \/>\n<meta name=\"twitter:card\" content=\"summary_large_image\" \/>\n<meta name=\"twitter:label1\" content=\"Escrito por\" \/>\n\t<meta name=\"twitter:data1\" content=\"Javier Figueroa\" \/>\n\t<meta name=\"twitter:label2\" content=\"Tiempo de lectura\" \/>\n\t<meta name=\"twitter:data2\" content=\"2 minutos\" \/>\n<script type=\"application\/ld+json\" class=\"yoast-schema-graph\">{\"@context\":\"https:\/\/schema.org\",\"@graph\":[{\"@type\":\"Article\",\"@id\":\"https:\/\/web.consaguirre.com.ar\/noticias\/mira-el-concierto-npr-tiny-desk-de-billie-eilish\/#article\",\"isPartOf\":{\"@id\":\"https:\/\/web.consaguirre.com.ar\/noticias\/mira-el-concierto-npr-tiny-desk-de-billie-eilish\/\"},\"author\":{\"name\":\"Javier Figueroa\",\"@id\":\"https:\/\/web.consaguirre.com.ar\/noticias\/#\/schema\/person\/6558b0cfedee7ddc5425602b237d5722\"},\"headline\":\"Mira el concierto NPR Tiny Desk de Billie Eilish\",\"datePublished\":\"2024-12-13T20:45:06+00:00\",\"dateModified\":\"2024-12-13T20:45:08+00:00\",\"mainEntityOfPage\":{\"@id\":\"https:\/\/web.consaguirre.com.ar\/noticias\/mira-el-concierto-npr-tiny-desk-de-billie-eilish\/\"},\"wordCount\":354,\"publisher\":{\"@id\":\"https:\/\/web.consaguirre.com.ar\/noticias\/#organization\"},\"image\":{\"@id\":\"https:\/\/web.consaguirre.com.ar\/noticias\/mira-el-concierto-npr-tiny-desk-de-billie-eilish\/#primaryimage\"},\"thumbnailUrl\":\"https:\/\/web.consaguirre.com.ar\/noticias\/wp-content\/uploads\/2024\/12\/Mira-el-concierto-NPR-Tiny-Desk-de-Billie-Eilish.jpg\",\"keywords\":[\"Billie\",\"concierto\",\"Desk\",\"Eilish\",\"Mira\",\"NPR\",\"Tiny\"],\"articleSection\":[\"El \u00faltimo\"],\"inLanguage\":\"es-AR\"},{\"@type\":\"WebPage\",\"@id\":\"https:\/\/web.consaguirre.com.ar\/noticias\/mira-el-concierto-npr-tiny-desk-de-billie-eilish\/\",\"url\":\"https:\/\/web.consaguirre.com.ar\/noticias\/mira-el-concierto-npr-tiny-desk-de-billie-eilish\/\",\"name\":\"Mira el concierto NPR Tiny Desk de Billie Eilish\",\"isPartOf\":{\"@id\":\"https:\/\/web.consaguirre.com.ar\/noticias\/#website\"},\"primaryImageOfPage\":{\"@id\":\"https:\/\/web.consaguirre.com.ar\/noticias\/mira-el-concierto-npr-tiny-desk-de-billie-eilish\/#primaryimage\"},\"image\":{\"@id\":\"https:\/\/web.consaguirre.com.ar\/noticias\/mira-el-concierto-npr-tiny-desk-de-billie-eilish\/#primaryimage\"},\"thumbnailUrl\":\"https:\/\/web.consaguirre.com.ar\/noticias\/wp-content\/uploads\/2024\/12\/Mira-el-concierto-NPR-Tiny-Desk-de-Billie-Eilish.jpg\",\"datePublished\":\"2024-12-13T20:45:06+00:00\",\"dateModified\":\"2024-12-13T20:45:08+00:00\",\"breadcrumb\":{\"@id\":\"https:\/\/web.consaguirre.com.ar\/noticias\/mira-el-concierto-npr-tiny-desk-de-billie-eilish\/#breadcrumb\"},\"inLanguage\":\"es-AR\",\"potentialAction\":[{\"@type\":\"ReadAction\",\"target\":[\"https:\/\/web.consaguirre.com.ar\/noticias\/mira-el-concierto-npr-tiny-desk-de-billie-eilish\/\"]}]},{\"@type\":\"ImageObject\",\"inLanguage\":\"es-AR\",\"@id\":\"https:\/\/web.consaguirre.com.ar\/noticias\/mira-el-concierto-npr-tiny-desk-de-billie-eilish\/#primaryimage\",\"url\":\"https:\/\/web.consaguirre.com.ar\/noticias\/wp-content\/uploads\/2024\/12\/Mira-el-concierto-NPR-Tiny-Desk-de-Billie-Eilish.jpg\",\"contentUrl\":\"https:\/\/web.consaguirre.com.ar\/noticias\/wp-content\/uploads\/2024\/12\/Mira-el-concierto-NPR-Tiny-Desk-de-Billie-Eilish.jpg\",\"width\":1440,\"height\":864,\"caption\":\"Mira el concierto NPR Tiny Desk de Billie Eilish\"},{\"@type\":\"BreadcrumbList\",\"@id\":\"https:\/\/web.consaguirre.com.ar\/noticias\/mira-el-concierto-npr-tiny-desk-de-billie-eilish\/#breadcrumb\",\"itemListElement\":[{\"@type\":\"ListItem\",\"position\":1,\"name\":\"Inicio\",\"item\":\"https:\/\/web.consaguirre.com.ar\/noticias\/\"},{\"@type\":\"ListItem\",\"position\":2,\"name\":\"Mira el concierto NPR Tiny Desk de Billie Eilish\"}]},{\"@type\":\"WebSite\",\"@id\":\"https:\/\/web.consaguirre.com.ar\/noticias\/#website\",\"url\":\"https:\/\/web.consaguirre.com.ar\/noticias\/\",\"name\":\"Conservatorio de M\u00fasica Juli\u00e1n Aguirre\",\"description\":\"\",\"publisher\":{\"@id\":\"https:\/\/web.consaguirre.com.ar\/noticias\/#organization\"},\"potentialAction\":[{\"@type\":\"SearchAction\",\"target\":{\"@type\":\"EntryPoint\",\"urlTemplate\":\"https:\/\/web.consaguirre.com.ar\/noticias\/?s={search_term_string}\"},\"query-input\":\"required name=search_term_string\"}],\"inLanguage\":\"es-AR\"},{\"@type\":\"Organization\",\"@id\":\"https:\/\/web.consaguirre.com.ar\/noticias\/#organization\",\"name\":\"Conservatorio de M\u00fasica Juli\u00e1n Aguirre\",\"url\":\"https:\/\/web.consaguirre.com.ar\/noticias\/\",\"logo\":{\"@type\":\"ImageObject\",\"inLanguage\":\"es-AR\",\"@id\":\"https:\/\/web.consaguirre.com.ar\/noticias\/#\/schema\/logo\/image\/\",\"url\":\"https:\/\/web.consaguirre.com.ar\/noticias\/wp-content\/uploads\/2024\/08\/Banner-Aguirre-23.jpg\",\"contentUrl\":\"https:\/\/web.consaguirre.com.ar\/noticias\/wp-content\/uploads\/2024\/08\/Banner-Aguirre-23.jpg\",\"width\":1192,\"height\":600,\"caption\":\"Conservatorio de M\u00fasica Juli\u00e1n Aguirre\"},\"image\":{\"@id\":\"https:\/\/web.consaguirre.com.ar\/noticias\/#\/schema\/logo\/image\/\"}},{\"@type\":\"Person\",\"@id\":\"https:\/\/web.consaguirre.com.ar\/noticias\/#\/schema\/person\/6558b0cfedee7ddc5425602b237d5722\",\"name\":\"Javier Figueroa\",\"image\":{\"@type\":\"ImageObject\",\"inLanguage\":\"es-AR\",\"@id\":\"https:\/\/web.consaguirre.com.ar\/noticias\/#\/schema\/person\/image\/\",\"url\":\"https:\/\/web.consaguirre.com.ar\/noticias\/wp-content\/uploads\/2024\/08\/Consaguirre-scaled.jpg\",\"contentUrl\":\"https:\/\/web.consaguirre.com.ar\/noticias\/wp-content\/uploads\/2024\/08\/Consaguirre-scaled.jpg\",\"caption\":\"Javier Figueroa\"},\"description\":\"Me llamo Javier Figueroa y soy redactor para el sitio oficial del Conservatorio de M\u00fasica Juli\u00e1n Aguirre en Buenos Aires, consaguirre.com. Apasionado por la m\u00fasica y la escritura, me esfuerzo por destacar los talentos y eventos de nuestra prestigiosa instituci\u00f3n. Mi trayectoria se nutre de una profunda admiraci\u00f3n por los artistas, haciendo de cada art\u00edculo una celebraci\u00f3n de la creatividad y la cultura musical.\",\"sameAs\":[\"https:\/\/web.consaguirre.com.ar\/noticias\"]}]}<\/script>\n<!-- \/ Yoast SEO plugin. -->","yoast_head_json":{"title":"Mira el concierto NPR Tiny Desk de Billie Eilish","robots":{"index":"index","follow":"follow","max-snippet":"max-snippet:-1","max-image-preview":"max-image-preview:large","max-video-preview":"max-video-preview:-1"},"canonical":"https:\/\/web.consaguirre.com.ar\/noticias\/mira-el-concierto-npr-tiny-desk-de-billie-eilish\/","og_locale":"es_ES","og_type":"article","og_title":"Mira el concierto NPR Tiny Desk de Billie Eilish","og_description":"Billie Eilish es el \u00faltimo artista en aparecer en la querida serie de conciertos Tiny Desk de NPR. El 12 de diciembre, Eilish visit\u00f3 el","og_url":"https:\/\/web.consaguirre.com.ar\/noticias\/mira-el-concierto-npr-tiny-desk-de-billie-eilish\/","og_site_name":"Conservatorio de M\u00fasica Juli\u00e1n Aguirre","article_published_time":"2024-12-13T20:45:06+00:00","article_modified_time":"2024-12-13T20:45:08+00:00","og_image":[{"width":1440,"height":864,"url":"https:\/\/web.consaguirre.com.ar\/noticias\/wp-content\/uploads\/2024\/12\/Mira-el-concierto-NPR-Tiny-Desk-de-Billie-Eilish.jpg","type":"image\/jpeg"}],"author":"Javier Figueroa","twitter_card":"summary_large_image","twitter_misc":{"Escrito por":"Javier Figueroa","Tiempo de lectura":"2 minutos"},"schema":{"@context":"https:\/\/schema.org","@graph":[{"@type":"Article","@id":"https:\/\/web.consaguirre.com.ar\/noticias\/mira-el-concierto-npr-tiny-desk-de-billie-eilish\/#article","isPartOf":{"@id":"https:\/\/web.consaguirre.com.ar\/noticias\/mira-el-concierto-npr-tiny-desk-de-billie-eilish\/"},"author":{"name":"Javier Figueroa","@id":"https:\/\/web.consaguirre.com.ar\/noticias\/#\/schema\/person\/6558b0cfedee7ddc5425602b237d5722"},"headline":"Mira el concierto NPR Tiny Desk de Billie Eilish","datePublished":"2024-12-13T20:45:06+00:00","dateModified":"2024-12-13T20:45:08+00:00","mainEntityOfPage":{"@id":"https:\/\/web.consaguirre.com.ar\/noticias\/mira-el-concierto-npr-tiny-desk-de-billie-eilish\/"},"wordCount":354,"publisher":{"@id":"https:\/\/web.consaguirre.com.ar\/noticias\/#organization"},"image":{"@id":"https:\/\/web.consaguirre.com.ar\/noticias\/mira-el-concierto-npr-tiny-desk-de-billie-eilish\/#primaryimage"},"thumbnailUrl":"https:\/\/web.consaguirre.com.ar\/noticias\/wp-content\/uploads\/2024\/12\/Mira-el-concierto-NPR-Tiny-Desk-de-Billie-Eilish.jpg","keywords":["Billie","concierto","Desk","Eilish","Mira","NPR","Tiny"],"articleSection":["El \u00faltimo"],"inLanguage":"es-AR"},{"@type":"WebPage","@id":"https:\/\/web.consaguirre.com.ar\/noticias\/mira-el-concierto-npr-tiny-desk-de-billie-eilish\/","url":"https:\/\/web.consaguirre.com.ar\/noticias\/mira-el-concierto-npr-tiny-desk-de-billie-eilish\/","name":"Mira el concierto NPR Tiny Desk de Billie Eilish","isPartOf":{"@id":"https:\/\/web.consaguirre.com.ar\/noticias\/#website"},"primaryImageOfPage":{"@id":"https:\/\/web.consaguirre.com.ar\/noticias\/mira-el-concierto-npr-tiny-desk-de-billie-eilish\/#primaryimage"},"image":{"@id":"https:\/\/web.consaguirre.com.ar\/noticias\/mira-el-concierto-npr-tiny-desk-de-billie-eilish\/#primaryimage"},"thumbnailUrl":"https:\/\/web.consaguirre.com.ar\/noticias\/wp-content\/uploads\/2024\/12\/Mira-el-concierto-NPR-Tiny-Desk-de-Billie-Eilish.jpg","datePublished":"2024-12-13T20:45:06+00:00","dateModified":"2024-12-13T20:45:08+00:00","breadcrumb":{"@id":"https:\/\/web.consaguirre.com.ar\/noticias\/mira-el-concierto-npr-tiny-desk-de-billie-eilish\/#breadcrumb"},"inLanguage":"es-AR","potentialAction":[{"@type":"ReadAction","target":["https:\/\/web.consaguirre.com.ar\/noticias\/mira-el-concierto-npr-tiny-desk-de-billie-eilish\/"]}]},{"@type":"ImageObject","inLanguage":"es-AR","@id":"https:\/\/web.consaguirre.com.ar\/noticias\/mira-el-concierto-npr-tiny-desk-de-billie-eilish\/#primaryimage","url":"https:\/\/web.consaguirre.com.ar\/noticias\/wp-content\/uploads\/2024\/12\/Mira-el-concierto-NPR-Tiny-Desk-de-Billie-Eilish.jpg","contentUrl":"https:\/\/web.consaguirre.com.ar\/noticias\/wp-content\/uploads\/2024\/12\/Mira-el-concierto-NPR-Tiny-Desk-de-Billie-Eilish.jpg","width":1440,"height":864,"caption":"Mira el concierto NPR Tiny Desk de Billie Eilish"},{"@type":"BreadcrumbList","@id":"https:\/\/web.consaguirre.com.ar\/noticias\/mira-el-concierto-npr-tiny-desk-de-billie-eilish\/#breadcrumb","itemListElement":[{"@type":"ListItem","position":1,"name":"Inicio","item":"https:\/\/web.consaguirre.com.ar\/noticias\/"},{"@type":"ListItem","position":2,"name":"Mira el concierto NPR Tiny Desk de Billie Eilish"}]},{"@type":"WebSite","@id":"https:\/\/web.consaguirre.com.ar\/noticias\/#website","url":"https:\/\/web.consaguirre.com.ar\/noticias\/","name":"Conservatorio de M\u00fasica Juli\u00e1n Aguirre","description":"","publisher":{"@id":"https:\/\/web.consaguirre.com.ar\/noticias\/#organization"},"potentialAction":[{"@type":"SearchAction","target":{"@type":"EntryPoint","urlTemplate":"https:\/\/web.consaguirre.com.ar\/noticias\/?s={search_term_string}"},"query-input":"required name=search_term_string"}],"inLanguage":"es-AR"},{"@type":"Organization","@id":"https:\/\/web.consaguirre.com.ar\/noticias\/#organization","name":"Conservatorio de M\u00fasica Juli\u00e1n Aguirre","url":"https:\/\/web.consaguirre.com.ar\/noticias\/","logo":{"@type":"ImageObject","inLanguage":"es-AR","@id":"https:\/\/web.consaguirre.com.ar\/noticias\/#\/schema\/logo\/image\/","url":"https:\/\/web.consaguirre.com.ar\/noticias\/wp-content\/uploads\/2024\/08\/Banner-Aguirre-23.jpg","contentUrl":"https:\/\/web.consaguirre.com.ar\/noticias\/wp-content\/uploads\/2024\/08\/Banner-Aguirre-23.jpg","width":1192,"height":600,"caption":"Conservatorio de M\u00fasica Juli\u00e1n Aguirre"},"image":{"@id":"https:\/\/web.consaguirre.com.ar\/noticias\/#\/schema\/logo\/image\/"}},{"@type":"Person","@id":"https:\/\/web.consaguirre.com.ar\/noticias\/#\/schema\/person\/6558b0cfedee7ddc5425602b237d5722","name":"Javier Figueroa","image":{"@type":"ImageObject","inLanguage":"es-AR","@id":"https:\/\/web.consaguirre.com.ar\/noticias\/#\/schema\/person\/image\/","url":"https:\/\/web.consaguirre.com.ar\/noticias\/wp-content\/uploads\/2024\/08\/Consaguirre-scaled.jpg","contentUrl":"https:\/\/web.consaguirre.com.ar\/noticias\/wp-content\/uploads\/2024\/08\/Consaguirre-scaled.jpg","caption":"Javier Figueroa"},"description":"Me llamo Javier Figueroa y soy redactor para el sitio oficial del Conservatorio de M\u00fasica Juli\u00e1n Aguirre en Buenos Aires, consaguirre.com. Apasionado por la m\u00fasica y la escritura, me esfuerzo por destacar los talentos y eventos de nuestra prestigiosa instituci\u00f3n. Mi trayectoria se nutre de una profunda admiraci\u00f3n por los artistas, haciendo de cada art\u00edculo una celebraci\u00f3n de la creatividad y la cultura musical.","sameAs":["https:\/\/web.consaguirre.com.ar\/noticias"]}]}},"_links":{"self":[{"href":"https:\/\/web.consaguirre.com.ar\/noticias\/wp-json\/wp\/v2\/posts\/1364"}],"collection":[{"href":"https:\/\/web.consaguirre.com.ar\/noticias\/wp-json\/wp\/v2\/posts"}],"about":[{"href":"https:\/\/web.consaguirre.com.ar\/noticias\/wp-json\/wp\/v2\/types\/post"}],"author":[{"embeddable":true,"href":"https:\/\/web.consaguirre.com.ar\/noticias\/wp-json\/wp\/v2\/users\/1"}],"replies":[{"embeddable":true,"href":"https:\/\/web.consaguirre.com.ar\/noticias\/wp-json\/wp\/v2\/comments?post=1364"}],"version-history":[{"count":1,"href":"https:\/\/web.consaguirre.com.ar\/noticias\/wp-json\/wp\/v2\/posts\/1364\/revisions"}],"predecessor-version":[{"id":1366,"href":"https:\/\/web.consaguirre.com.ar\/noticias\/wp-json\/wp\/v2\/posts\/1364\/revisions\/1366"}],"wp:featuredmedia":[{"embeddable":true,"href":"https:\/\/web.consaguirre.com.ar\/noticias\/wp-json\/wp\/v2\/media\/1365"}],"wp:attachment":[{"href":"https:\/\/web.consaguirre.com.ar\/noticias\/wp-json\/wp\/v2\/media?parent=1364"}],"wp:term":[{"taxonomy":"category","embeddable":true,"href":"https:\/\/web.consaguirre.com.ar\/noticias\/wp-json\/wp\/v2\/categories?post=1364"},{"taxonomy":"post_tag","embeddable":true,"href":"https:\/\/web.consaguirre.com.ar\/noticias\/wp-json\/wp\/v2\/tags?post=1364"}],"curies":[{"name":"wp","href":"https:\/\/api.w.org\/{rel}","templated":true}]}}