{"id":1301,"date":"2024-12-05T23:39:52","date_gmt":"2024-12-06T02:39:52","guid":{"rendered":"https:\/\/web.consaguirre.com.ar\/noticias\/siete-albumes-de-creedence-clearwater-revival-se-lanzan-en-vinilo-en-color\/"},"modified":"2024-12-05T23:39:53","modified_gmt":"2024-12-06T02:39:53","slug":"siete-albumes-de-creedence-clearwater-revival-se-lanzan-en-vinilo-en-color","status":"publish","type":"post","link":"https:\/\/web.consaguirre.com.ar\/noticias\/siete-albumes-de-creedence-clearwater-revival-se-lanzan-en-vinilo-en-color\/","title":{"rendered":"Siete \u00e1lbumes de Creedence Clearwater Revival se lanzan en vinilo en color"},"content":{"rendered":"<p>Buenas noticias para los fan\u00e1ticos de <strong>Creedence Clearwater renacimiento<\/strong>: siete de sus \u00e1lbumes se publican por primera vez en vinilo en color. Los \u00e1lbumes\u2014<em>Creedence Clearwater Revival, Bayou Country, Green River, Willy and the Poor Boys, Cosmo&#8217;s Factory, Mardi Gras, <\/em>y<em> P\u00e9ndulo<\/em>\u2014Todos estar\u00e1n disponibles en febrero de 2025 y se pueden reservar ahora.<\/p>\n<p>Estos siete \u00e1lbumes representan toda la discograf\u00eda de estudio de Creedence Clearwater Revival. A pesar de existir solo como CCR durante unos cinco a\u00f1os, la banda produjo a un ritmo impresionante. Su debut hom\u00f3nimo lleg\u00f3 en julio de 1968 y lanzaron su s\u00e9ptimo y \u00faltimo LP, <em>Carnaval<\/em> en abril de 1972. Pero esa m\u00fasica defini\u00f3 esa era, con CCR convirti\u00e9ndose en la primera banda firmada para actuar en Woodstock y produciendo 13 sencillos entre los diez primeros en el Billboard Hot 100. Hoy en d\u00eda, su trabajo todav\u00eda sirve como resumen musical de esos a\u00f1os de aproximadamente el primera administraci\u00f3n de Richard Nixon, como se ve en pel\u00edculas como <em>Forrest Gump<\/em>.<\/p>\n<div class=\"uD-YT-container\"><img decoding=\"async\" src=\"https:\/\/web.consaguirre.com.ar\/noticias\/wp-content\/uploads\/2024\/12\/1733452792_608_Siete-albumes-de-Creedence-Clearwater-Revival-se-lanzan-en-vinilo.jpg\" alt=\"V\u00eddeo de YouTube\"><br \/>Haga clic para cargar v\u00eddeo<\/div>\n<p>Al observar estos siete \u00e1lbumes en su conjunto, resulta inmediatamente obvio que 1969 fue el a\u00f1o m\u00e1s productivo de la banda, lo que dio como resultado los \u00e1lbumes <em>Pa\u00eds Bayou, R\u00edo Verde, <\/em>y<em> Willy y los ni\u00f1os pobres<\/em>. Los dos \u00faltimos \u00e1lbumes aparecieron en la lista de Rolling Stone de los 500 mejores \u00e1lbumes de todos los tiempos y contienen algunos de los sencillos m\u00e1s duraderos de la banda. Ese a\u00f1o, Creedence Clearwater Revival lanz\u00f3 \u201cProud Mary\u201d, \u201cBad Moon Rising\u201d, \u201cDown On The Corner\u201d, \u201cFortunate Son\u201d, \u201cLookin&#8217; Out My Back Door\u201d y \u201cDown On The Corner\u201d, solo por nombrar algunos. Es dif\u00edcil imaginar muchas otras bandas igualando no s\u00f3lo la cantidad de m\u00fasica en un solo a\u00f1o, sino tambi\u00e9n la calidad.<\/p>\n<p>Por supuesto, Creedence Clearwater Revival a\u00fan no hab\u00eda terminado. 1970 trajo <em>La fantas\u00eda de Cosmo<\/em> y <em>P\u00e9ndulo<\/em>el primero de los cuales pas\u00f3 nueve semanas consecutivas en la cima del Billboard 200 y lleg\u00f3 a ser certificado cuatro veces platino. Su \u00faltimo \u00e1lbum, <em>Carnaval<\/em>sali\u00f3 en 1972, y se destaca por ser el \u00fanico grabado sin el guitarrista Tom Fogerty, dejando a los miembros restantes de CCR como un tr\u00edo.<\/p>\n<p><strong>Ordene estos \u00e1lbumes de Creedence Clearwater Revival en vinilo ahora.<\/strong><\/p>\n","protected":false},"excerpt":{"rendered":"<p>Buenas noticias para los fan\u00e1ticos de Creedence Clearwater renacimiento: siete de sus \u00e1lbumes se publican por primera vez en vinilo en color. Los \u00e1lbumes\u2014Creedence Clearwater<\/p>\n","protected":false},"author":1,"featured_media":1302,"comment_status":"closed","ping_status":"","sticky":false,"template":"","format":"standard","meta":{"footnotes":""},"categories":[50],"tags":[205,1430,1055,1429,393,1431,1428,87],"class_list":["post-1301","post","type-post","status-publish","format-standard","has-post-thumbnail","hentry","category-el-ultimo","tag-albumes","tag-clearwater","tag-color","tag-creedence","tag-lanzan","tag-revival","tag-siete","tag-vinilo","generate-columns","tablet-grid-50","mobile-grid-100","grid-parent","grid-50"],"yoast_head":"<!-- This site is optimized with the Yoast SEO plugin v23.3 - https:\/\/yoast.com\/wordpress\/plugins\/seo\/ -->\n<title>Siete \u00e1lbumes de Creedence Clearwater Revival se lanzan en vinilo en color<\/title>\n<meta name=\"robots\" content=\"index, follow, max-snippet:-1, max-image-preview:large, max-video-preview:-1\" \/>\n<link rel=\"canonical\" href=\"https:\/\/web.consaguirre.com.ar\/noticias\/siete-albumes-de-creedence-clearwater-revival-se-lanzan-en-vinilo-en-color\/\" \/>\n<meta property=\"og:locale\" content=\"es_ES\" \/>\n<meta property=\"og:type\" content=\"article\" \/>\n<meta property=\"og:title\" content=\"Siete \u00e1lbumes de Creedence Clearwater Revival se lanzan en vinilo en color\" \/>\n<meta property=\"og:description\" content=\"Buenas noticias para los fan\u00e1ticos de Creedence Clearwater renacimiento: siete de sus \u00e1lbumes se publican por primera vez en vinilo en color. Los \u00e1lbumes\u2014Creedence Clearwater\" \/>\n<meta property=\"og:url\" content=\"https:\/\/web.consaguirre.com.ar\/noticias\/siete-albumes-de-creedence-clearwater-revival-se-lanzan-en-vinilo-en-color\/\" \/>\n<meta property=\"og:site_name\" content=\"Conservatorio de M\u00fasica Juli\u00e1n Aguirre\" \/>\n<meta property=\"article:published_time\" content=\"2024-12-06T02:39:52+00:00\" \/>\n<meta property=\"article:modified_time\" content=\"2024-12-06T02:39:53+00:00\" \/>\n<meta property=\"og:image\" content=\"https:\/\/web.consaguirre.com.ar\/noticias\/wp-content\/uploads\/2024\/12\/Siete-albumes-de-Creedence-Clearwater-Revival-se-lanzan-en-vinilo.jpg\" \/>\n\t<meta property=\"og:image:width\" content=\"1440\" \/>\n\t<meta property=\"og:image:height\" content=\"864\" \/>\n\t<meta property=\"og:image:type\" content=\"image\/jpeg\" \/>\n<meta name=\"author\" content=\"Javier Figueroa\" \/>\n<meta name=\"twitter:card\" content=\"summary_large_image\" \/>\n<meta name=\"twitter:label1\" content=\"Escrito por\" \/>\n\t<meta name=\"twitter:data1\" content=\"Javier Figueroa\" \/>\n\t<meta name=\"twitter:label2\" content=\"Tiempo de lectura\" \/>\n\t<meta name=\"twitter:data2\" content=\"2 minutos\" \/>\n<script type=\"application\/ld+json\" class=\"yoast-schema-graph\">{\"@context\":\"https:\/\/schema.org\",\"@graph\":[{\"@type\":\"Article\",\"@id\":\"https:\/\/web.consaguirre.com.ar\/noticias\/siete-albumes-de-creedence-clearwater-revival-se-lanzan-en-vinilo-en-color\/#article\",\"isPartOf\":{\"@id\":\"https:\/\/web.consaguirre.com.ar\/noticias\/siete-albumes-de-creedence-clearwater-revival-se-lanzan-en-vinilo-en-color\/\"},\"author\":{\"name\":\"Javier Figueroa\",\"@id\":\"https:\/\/web.consaguirre.com.ar\/noticias\/#\/schema\/person\/6558b0cfedee7ddc5425602b237d5722\"},\"headline\":\"Siete \u00e1lbumes de Creedence Clearwater Revival se lanzan en vinilo en color\",\"datePublished\":\"2024-12-06T02:39:52+00:00\",\"dateModified\":\"2024-12-06T02:39:53+00:00\",\"mainEntityOfPage\":{\"@id\":\"https:\/\/web.consaguirre.com.ar\/noticias\/siete-albumes-de-creedence-clearwater-revival-se-lanzan-en-vinilo-en-color\/\"},\"wordCount\":404,\"publisher\":{\"@id\":\"https:\/\/web.consaguirre.com.ar\/noticias\/#organization\"},\"image\":{\"@id\":\"https:\/\/web.consaguirre.com.ar\/noticias\/siete-albumes-de-creedence-clearwater-revival-se-lanzan-en-vinilo-en-color\/#primaryimage\"},\"thumbnailUrl\":\"https:\/\/web.consaguirre.com.ar\/noticias\/wp-content\/uploads\/2024\/12\/Siete-albumes-de-Creedence-Clearwater-Revival-se-lanzan-en-vinilo.jpg\",\"keywords\":[\"\u00e1lbumes\",\"Clearwater\",\"Color\",\"Creedence\",\"lanzan\",\"Revival\",\"Siete\",\"vinilo\"],\"articleSection\":[\"El \u00faltimo\"],\"inLanguage\":\"es-AR\"},{\"@type\":\"WebPage\",\"@id\":\"https:\/\/web.consaguirre.com.ar\/noticias\/siete-albumes-de-creedence-clearwater-revival-se-lanzan-en-vinilo-en-color\/\",\"url\":\"https:\/\/web.consaguirre.com.ar\/noticias\/siete-albumes-de-creedence-clearwater-revival-se-lanzan-en-vinilo-en-color\/\",\"name\":\"Siete \u00e1lbumes de Creedence Clearwater Revival se lanzan en vinilo en color\",\"isPartOf\":{\"@id\":\"https:\/\/web.consaguirre.com.ar\/noticias\/#website\"},\"primaryImageOfPage\":{\"@id\":\"https:\/\/web.consaguirre.com.ar\/noticias\/siete-albumes-de-creedence-clearwater-revival-se-lanzan-en-vinilo-en-color\/#primaryimage\"},\"image\":{\"@id\":\"https:\/\/web.consaguirre.com.ar\/noticias\/siete-albumes-de-creedence-clearwater-revival-se-lanzan-en-vinilo-en-color\/#primaryimage\"},\"thumbnailUrl\":\"https:\/\/web.consaguirre.com.ar\/noticias\/wp-content\/uploads\/2024\/12\/Siete-albumes-de-Creedence-Clearwater-Revival-se-lanzan-en-vinilo.jpg\",\"datePublished\":\"2024-12-06T02:39:52+00:00\",\"dateModified\":\"2024-12-06T02:39:53+00:00\",\"breadcrumb\":{\"@id\":\"https:\/\/web.consaguirre.com.ar\/noticias\/siete-albumes-de-creedence-clearwater-revival-se-lanzan-en-vinilo-en-color\/#breadcrumb\"},\"inLanguage\":\"es-AR\",\"potentialAction\":[{\"@type\":\"ReadAction\",\"target\":[\"https:\/\/web.consaguirre.com.ar\/noticias\/siete-albumes-de-creedence-clearwater-revival-se-lanzan-en-vinilo-en-color\/\"]}]},{\"@type\":\"ImageObject\",\"inLanguage\":\"es-AR\",\"@id\":\"https:\/\/web.consaguirre.com.ar\/noticias\/siete-albumes-de-creedence-clearwater-revival-se-lanzan-en-vinilo-en-color\/#primaryimage\",\"url\":\"https:\/\/web.consaguirre.com.ar\/noticias\/wp-content\/uploads\/2024\/12\/Siete-albumes-de-Creedence-Clearwater-Revival-se-lanzan-en-vinilo.jpg\",\"contentUrl\":\"https:\/\/web.consaguirre.com.ar\/noticias\/wp-content\/uploads\/2024\/12\/Siete-albumes-de-Creedence-Clearwater-Revival-se-lanzan-en-vinilo.jpg\",\"width\":1440,\"height\":864,\"caption\":\"Siete \u00e1lbumes de Creedence Clearwater Revival se lanzan en vinilo en color\"},{\"@type\":\"BreadcrumbList\",\"@id\":\"https:\/\/web.consaguirre.com.ar\/noticias\/siete-albumes-de-creedence-clearwater-revival-se-lanzan-en-vinilo-en-color\/#breadcrumb\",\"itemListElement\":[{\"@type\":\"ListItem\",\"position\":1,\"name\":\"Inicio\",\"item\":\"https:\/\/web.consaguirre.com.ar\/noticias\/\"},{\"@type\":\"ListItem\",\"position\":2,\"name\":\"Siete \u00e1lbumes de Creedence Clearwater Revival se lanzan en vinilo en color\"}]},{\"@type\":\"WebSite\",\"@id\":\"https:\/\/web.consaguirre.com.ar\/noticias\/#website\",\"url\":\"https:\/\/web.consaguirre.com.ar\/noticias\/\",\"name\":\"Conservatorio de M\u00fasica Juli\u00e1n Aguirre\",\"description\":\"\",\"publisher\":{\"@id\":\"https:\/\/web.consaguirre.com.ar\/noticias\/#organization\"},\"potentialAction\":[{\"@type\":\"SearchAction\",\"target\":{\"@type\":\"EntryPoint\",\"urlTemplate\":\"https:\/\/web.consaguirre.com.ar\/noticias\/?s={search_term_string}\"},\"query-input\":\"required name=search_term_string\"}],\"inLanguage\":\"es-AR\"},{\"@type\":\"Organization\",\"@id\":\"https:\/\/web.consaguirre.com.ar\/noticias\/#organization\",\"name\":\"Conservatorio de M\u00fasica Juli\u00e1n Aguirre\",\"url\":\"https:\/\/web.consaguirre.com.ar\/noticias\/\",\"logo\":{\"@type\":\"ImageObject\",\"inLanguage\":\"es-AR\",\"@id\":\"https:\/\/web.consaguirre.com.ar\/noticias\/#\/schema\/logo\/image\/\",\"url\":\"https:\/\/web.consaguirre.com.ar\/noticias\/wp-content\/uploads\/2024\/08\/Banner-Aguirre-23.jpg\",\"contentUrl\":\"https:\/\/web.consaguirre.com.ar\/noticias\/wp-content\/uploads\/2024\/08\/Banner-Aguirre-23.jpg\",\"width\":1192,\"height\":600,\"caption\":\"Conservatorio de M\u00fasica Juli\u00e1n Aguirre\"},\"image\":{\"@id\":\"https:\/\/web.consaguirre.com.ar\/noticias\/#\/schema\/logo\/image\/\"}},{\"@type\":\"Person\",\"@id\":\"https:\/\/web.consaguirre.com.ar\/noticias\/#\/schema\/person\/6558b0cfedee7ddc5425602b237d5722\",\"name\":\"Javier Figueroa\",\"image\":{\"@type\":\"ImageObject\",\"inLanguage\":\"es-AR\",\"@id\":\"https:\/\/web.consaguirre.com.ar\/noticias\/#\/schema\/person\/image\/\",\"url\":\"https:\/\/web.consaguirre.com.ar\/noticias\/wp-content\/uploads\/2024\/08\/Consaguirre-scaled.jpg\",\"contentUrl\":\"https:\/\/web.consaguirre.com.ar\/noticias\/wp-content\/uploads\/2024\/08\/Consaguirre-scaled.jpg\",\"caption\":\"Javier Figueroa\"},\"description\":\"Me llamo Javier Figueroa y soy redactor para el sitio oficial del Conservatorio de M\u00fasica Juli\u00e1n Aguirre en Buenos Aires, consaguirre.com. Apasionado por la m\u00fasica y la escritura, me esfuerzo por destacar los talentos y eventos de nuestra prestigiosa instituci\u00f3n. Mi trayectoria se nutre de una profunda admiraci\u00f3n por los artistas, haciendo de cada art\u00edculo una celebraci\u00f3n de la creatividad y la cultura musical.\",\"sameAs\":[\"https:\/\/web.consaguirre.com.ar\/noticias\"]}]}<\/script>\n<!-- \/ Yoast SEO plugin. -->","yoast_head_json":{"title":"Siete \u00e1lbumes de Creedence Clearwater Revival se lanzan en vinilo en color","robots":{"index":"index","follow":"follow","max-snippet":"max-snippet:-1","max-image-preview":"max-image-preview:large","max-video-preview":"max-video-preview:-1"},"canonical":"https:\/\/web.consaguirre.com.ar\/noticias\/siete-albumes-de-creedence-clearwater-revival-se-lanzan-en-vinilo-en-color\/","og_locale":"es_ES","og_type":"article","og_title":"Siete \u00e1lbumes de Creedence Clearwater Revival se lanzan en vinilo en color","og_description":"Buenas noticias para los fan\u00e1ticos de Creedence Clearwater renacimiento: siete de sus \u00e1lbumes se publican por primera vez en vinilo en color. Los \u00e1lbumes\u2014Creedence Clearwater","og_url":"https:\/\/web.consaguirre.com.ar\/noticias\/siete-albumes-de-creedence-clearwater-revival-se-lanzan-en-vinilo-en-color\/","og_site_name":"Conservatorio de M\u00fasica Juli\u00e1n Aguirre","article_published_time":"2024-12-06T02:39:52+00:00","article_modified_time":"2024-12-06T02:39:53+00:00","og_image":[{"width":1440,"height":864,"url":"https:\/\/web.consaguirre.com.ar\/noticias\/wp-content\/uploads\/2024\/12\/Siete-albumes-de-Creedence-Clearwater-Revival-se-lanzan-en-vinilo.jpg","type":"image\/jpeg"}],"author":"Javier Figueroa","twitter_card":"summary_large_image","twitter_misc":{"Escrito por":"Javier Figueroa","Tiempo de lectura":"2 minutos"},"schema":{"@context":"https:\/\/schema.org","@graph":[{"@type":"Article","@id":"https:\/\/web.consaguirre.com.ar\/noticias\/siete-albumes-de-creedence-clearwater-revival-se-lanzan-en-vinilo-en-color\/#article","isPartOf":{"@id":"https:\/\/web.consaguirre.com.ar\/noticias\/siete-albumes-de-creedence-clearwater-revival-se-lanzan-en-vinilo-en-color\/"},"author":{"name":"Javier Figueroa","@id":"https:\/\/web.consaguirre.com.ar\/noticias\/#\/schema\/person\/6558b0cfedee7ddc5425602b237d5722"},"headline":"Siete \u00e1lbumes de Creedence Clearwater Revival se lanzan en vinilo en color","datePublished":"2024-12-06T02:39:52+00:00","dateModified":"2024-12-06T02:39:53+00:00","mainEntityOfPage":{"@id":"https:\/\/web.consaguirre.com.ar\/noticias\/siete-albumes-de-creedence-clearwater-revival-se-lanzan-en-vinilo-en-color\/"},"wordCount":404,"publisher":{"@id":"https:\/\/web.consaguirre.com.ar\/noticias\/#organization"},"image":{"@id":"https:\/\/web.consaguirre.com.ar\/noticias\/siete-albumes-de-creedence-clearwater-revival-se-lanzan-en-vinilo-en-color\/#primaryimage"},"thumbnailUrl":"https:\/\/web.consaguirre.com.ar\/noticias\/wp-content\/uploads\/2024\/12\/Siete-albumes-de-Creedence-Clearwater-Revival-se-lanzan-en-vinilo.jpg","keywords":["\u00e1lbumes","Clearwater","Color","Creedence","lanzan","Revival","Siete","vinilo"],"articleSection":["El \u00faltimo"],"inLanguage":"es-AR"},{"@type":"WebPage","@id":"https:\/\/web.consaguirre.com.ar\/noticias\/siete-albumes-de-creedence-clearwater-revival-se-lanzan-en-vinilo-en-color\/","url":"https:\/\/web.consaguirre.com.ar\/noticias\/siete-albumes-de-creedence-clearwater-revival-se-lanzan-en-vinilo-en-color\/","name":"Siete \u00e1lbumes de Creedence Clearwater Revival se lanzan en vinilo en color","isPartOf":{"@id":"https:\/\/web.consaguirre.com.ar\/noticias\/#website"},"primaryImageOfPage":{"@id":"https:\/\/web.consaguirre.com.ar\/noticias\/siete-albumes-de-creedence-clearwater-revival-se-lanzan-en-vinilo-en-color\/#primaryimage"},"image":{"@id":"https:\/\/web.consaguirre.com.ar\/noticias\/siete-albumes-de-creedence-clearwater-revival-se-lanzan-en-vinilo-en-color\/#primaryimage"},"thumbnailUrl":"https:\/\/web.consaguirre.com.ar\/noticias\/wp-content\/uploads\/2024\/12\/Siete-albumes-de-Creedence-Clearwater-Revival-se-lanzan-en-vinilo.jpg","datePublished":"2024-12-06T02:39:52+00:00","dateModified":"2024-12-06T02:39:53+00:00","breadcrumb":{"@id":"https:\/\/web.consaguirre.com.ar\/noticias\/siete-albumes-de-creedence-clearwater-revival-se-lanzan-en-vinilo-en-color\/#breadcrumb"},"inLanguage":"es-AR","potentialAction":[{"@type":"ReadAction","target":["https:\/\/web.consaguirre.com.ar\/noticias\/siete-albumes-de-creedence-clearwater-revival-se-lanzan-en-vinilo-en-color\/"]}]},{"@type":"ImageObject","inLanguage":"es-AR","@id":"https:\/\/web.consaguirre.com.ar\/noticias\/siete-albumes-de-creedence-clearwater-revival-se-lanzan-en-vinilo-en-color\/#primaryimage","url":"https:\/\/web.consaguirre.com.ar\/noticias\/wp-content\/uploads\/2024\/12\/Siete-albumes-de-Creedence-Clearwater-Revival-se-lanzan-en-vinilo.jpg","contentUrl":"https:\/\/web.consaguirre.com.ar\/noticias\/wp-content\/uploads\/2024\/12\/Siete-albumes-de-Creedence-Clearwater-Revival-se-lanzan-en-vinilo.jpg","width":1440,"height":864,"caption":"Siete \u00e1lbumes de Creedence Clearwater Revival se lanzan en vinilo en color"},{"@type":"BreadcrumbList","@id":"https:\/\/web.consaguirre.com.ar\/noticias\/siete-albumes-de-creedence-clearwater-revival-se-lanzan-en-vinilo-en-color\/#breadcrumb","itemListElement":[{"@type":"ListItem","position":1,"name":"Inicio","item":"https:\/\/web.consaguirre.com.ar\/noticias\/"},{"@type":"ListItem","position":2,"name":"Siete \u00e1lbumes de Creedence Clearwater Revival se lanzan en vinilo en color"}]},{"@type":"WebSite","@id":"https:\/\/web.consaguirre.com.ar\/noticias\/#website","url":"https:\/\/web.consaguirre.com.ar\/noticias\/","name":"Conservatorio de M\u00fasica Juli\u00e1n Aguirre","description":"","publisher":{"@id":"https:\/\/web.consaguirre.com.ar\/noticias\/#organization"},"potentialAction":[{"@type":"SearchAction","target":{"@type":"EntryPoint","urlTemplate":"https:\/\/web.consaguirre.com.ar\/noticias\/?s={search_term_string}"},"query-input":"required name=search_term_string"}],"inLanguage":"es-AR"},{"@type":"Organization","@id":"https:\/\/web.consaguirre.com.ar\/noticias\/#organization","name":"Conservatorio de M\u00fasica Juli\u00e1n Aguirre","url":"https:\/\/web.consaguirre.com.ar\/noticias\/","logo":{"@type":"ImageObject","inLanguage":"es-AR","@id":"https:\/\/web.consaguirre.com.ar\/noticias\/#\/schema\/logo\/image\/","url":"https:\/\/web.consaguirre.com.ar\/noticias\/wp-content\/uploads\/2024\/08\/Banner-Aguirre-23.jpg","contentUrl":"https:\/\/web.consaguirre.com.ar\/noticias\/wp-content\/uploads\/2024\/08\/Banner-Aguirre-23.jpg","width":1192,"height":600,"caption":"Conservatorio de M\u00fasica Juli\u00e1n Aguirre"},"image":{"@id":"https:\/\/web.consaguirre.com.ar\/noticias\/#\/schema\/logo\/image\/"}},{"@type":"Person","@id":"https:\/\/web.consaguirre.com.ar\/noticias\/#\/schema\/person\/6558b0cfedee7ddc5425602b237d5722","name":"Javier Figueroa","image":{"@type":"ImageObject","inLanguage":"es-AR","@id":"https:\/\/web.consaguirre.com.ar\/noticias\/#\/schema\/person\/image\/","url":"https:\/\/web.consaguirre.com.ar\/noticias\/wp-content\/uploads\/2024\/08\/Consaguirre-scaled.jpg","contentUrl":"https:\/\/web.consaguirre.com.ar\/noticias\/wp-content\/uploads\/2024\/08\/Consaguirre-scaled.jpg","caption":"Javier Figueroa"},"description":"Me llamo Javier Figueroa y soy redactor para el sitio oficial del Conservatorio de M\u00fasica Juli\u00e1n Aguirre en Buenos Aires, consaguirre.com. Apasionado por la m\u00fasica y la escritura, me esfuerzo por destacar los talentos y eventos de nuestra prestigiosa instituci\u00f3n. Mi trayectoria se nutre de una profunda admiraci\u00f3n por los artistas, haciendo de cada art\u00edculo una celebraci\u00f3n de la creatividad y la cultura musical.","sameAs":["https:\/\/web.consaguirre.com.ar\/noticias"]}]}},"_links":{"self":[{"href":"https:\/\/web.consaguirre.com.ar\/noticias\/wp-json\/wp\/v2\/posts\/1301"}],"collection":[{"href":"https:\/\/web.consaguirre.com.ar\/noticias\/wp-json\/wp\/v2\/posts"}],"about":[{"href":"https:\/\/web.consaguirre.com.ar\/noticias\/wp-json\/wp\/v2\/types\/post"}],"author":[{"embeddable":true,"href":"https:\/\/web.consaguirre.com.ar\/noticias\/wp-json\/wp\/v2\/users\/1"}],"replies":[{"embeddable":true,"href":"https:\/\/web.consaguirre.com.ar\/noticias\/wp-json\/wp\/v2\/comments?post=1301"}],"version-history":[{"count":1,"href":"https:\/\/web.consaguirre.com.ar\/noticias\/wp-json\/wp\/v2\/posts\/1301\/revisions"}],"predecessor-version":[{"id":1303,"href":"https:\/\/web.consaguirre.com.ar\/noticias\/wp-json\/wp\/v2\/posts\/1301\/revisions\/1303"}],"wp:featuredmedia":[{"embeddable":true,"href":"https:\/\/web.consaguirre.com.ar\/noticias\/wp-json\/wp\/v2\/media\/1302"}],"wp:attachment":[{"href":"https:\/\/web.consaguirre.com.ar\/noticias\/wp-json\/wp\/v2\/media?parent=1301"}],"wp:term":[{"taxonomy":"category","embeddable":true,"href":"https:\/\/web.consaguirre.com.ar\/noticias\/wp-json\/wp\/v2\/categories?post=1301"},{"taxonomy":"post_tag","embeddable":true,"href":"https:\/\/web.consaguirre.com.ar\/noticias\/wp-json\/wp\/v2\/tags?post=1301"}],"curies":[{"name":"wp","href":"https:\/\/api.w.org\/{rel}","templated":true}]}}