{"id":1274,"date":"2024-12-03T20:39:08","date_gmt":"2024-12-03T23:39:08","guid":{"rendered":"https:\/\/web.consaguirre.com.ar\/noticias\/sam-fender-comparte-nuevo-sencillo-wild-long-lie\/"},"modified":"2024-12-03T20:39:11","modified_gmt":"2024-12-03T23:39:11","slug":"sam-fender-comparte-nuevo-sencillo-wild-long-lie","status":"publish","type":"post","link":"https:\/\/web.consaguirre.com.ar\/noticias\/sam-fender-comparte-nuevo-sencillo-wild-long-lie\/","title":{"rendered":"Sam Fender comparte nuevo sencillo &#8216;Wild Long Lie&#8217;"},"content":{"rendered":"<p>El \u00faltimo avance de <strong>Sam Fender<\/strong>El nuevo \u00e1lbum de est\u00e1 aqu\u00ed. El rockero brit\u00e1nico ha compartido \u201cWild Long Lie\u201d, el segundo adelanto de su pr\u00f3ximo lanzamiento. <em>Observar a la gente<\/em>. Fender grab\u00f3 \u201cWild Long Lie\u201d de seis minutos con Adam Granduciel de The War On Drugs, quien coprodujo varias canciones del nuevo \u00e1lbum, incluido el sencillo anterior, la canci\u00f3n principal del \u00e1lbum, de rock central, \u201cPeople Watching\u201d.<\/p>\n<p>Fecha l\u00edmite para el 21 de febrero a trav\u00e9s de Capitol Records, <em>Observar a la gente<\/em> es el tercer \u00e1lbum de Fender. Sigue su lanzamiento en 2021. <em>Diecisiete hundi\u00e9ndose<\/em>que Fender describi\u00f3 como \u201cuna historia sobre la mayor\u00eda de edad\u201d y \u201cuna celebraci\u00f3n de la vida despu\u00e9s de las dificultades\u201d. El nuevo LP es una serie de estudios de personajes que exploran la belleza y el drama de la vida cotidiana. En el caso de la contemplativa y ac\u00fastica \u201cWild Long Lie\u201d, eso significa un retrato de una fiesta en una casa donde los protagonistas intentan ahogar su angustia con una juerga drogadicta. Junto con \u201cWild Long Lie\u201d, Fender comparti\u00f3 una pista extra sorpresa, la tintineante canci\u00f3n de guitarra \u201cMe &#038; The Dog\u201d, coproducida por Markus Dravs.<\/p>\n<div class=\"uD-YT-container\"><img decoding=\"async\" src=\"https:\/\/web.consaguirre.com.ar\/noticias\/wp-content\/uploads\/2024\/12\/1733269148_900_Sam-Fender-comparte-nuevo-sencillo-Wild-Long-Lie.jpg\" alt=\"V\u00eddeo de YouTube\"><br \/>Haga clic para cargar v\u00eddeo<\/div>\n<p><em>Observar a la gente<\/em> estar\u00e1 precedido por una actuaci\u00f3n especial de una sola noche en el Webster Hall de Nueva York, donde Fender presentar\u00e1 una vista previa del nuevo material para una audiencia con entradas agotadas. Su gira por Norteam\u00e9rica para apoyar el proyecto comienza el 5 de abril en Vancouver y contin\u00faa por la mitad occidental del continente, incluyendo presentaciones programadas en ambos fines de semana de Coachella. Fender tambi\u00e9n tiene una s\u00f3lida lista de fechas programadas en Europa y el Reino Unido, incluida una serie de espect\u00e1culos en estadios en el Reino Unido.<\/p>\n<p>Fender ha sido ampliamente reconocida como una de las estrellas de rock m\u00e1s destacadas del Reino Unido de la d\u00e9cada de 2020. Con un sonido que toca el indie rock, el pop, la m\u00fasica americana y m\u00e1s, el nativo de North Shields ha atra\u00eddo una audiencia mundial y una gran aclamaci\u00f3n por su enfoque familiar pero singular. Ha sido especialmente aclamado en su pa\u00eds de origen, el Reino Unido, donde gan\u00f3 el premio Critics&#8217; Choice Award en los Brit Awards de 2019 y, a continuaci\u00f3n, gan\u00f3 el premio a Mejor Actuaci\u00f3n de Rock\/Alternativo Brit\u00e1nico en los Brits tres a\u00f1os despu\u00e9s. <em>Diecisiete hundi\u00e9ndose<\/em> fue nombrado mejor \u00e1lbum de 2021 por NME y preseleccionado para el prestigioso Premio Mercury, que se otorga anualmente al mejor \u00e1lbum del Reino Unido e Irlanda.<\/p>\n<p><strong>Ordene Sam Fender&#8217;s <em>Observar a la gente<\/em> ahora.<\/strong><\/p>\n","protected":false},"excerpt":{"rendered":"<p>El \u00faltimo avance de Sam FenderEl nuevo \u00e1lbum de est\u00e1 aqu\u00ed. El rockero brit\u00e1nico ha compartido \u201cWild Long Lie\u201d, el segundo adelanto de su pr\u00f3ximo<\/p>\n","protected":false},"author":1,"featured_media":1275,"comment_status":"closed","ping_status":"","sticky":false,"template":"","format":"standard","meta":{"footnotes":""},"categories":[50],"tags":[201,1275,1400,274,146,519,204,1399],"class_list":["post-1274","post","type-post","status-publish","format-standard","has-post-thumbnail","hentry","category-el-ultimo","tag-comparte","tag-fender","tag-lie","tag-long","tag-nuevo","tag-sam","tag-sencillo","tag-wild","generate-columns","tablet-grid-50","mobile-grid-100","grid-parent","grid-50"],"yoast_head":"<!-- This site is optimized with the Yoast SEO plugin v23.3 - https:\/\/yoast.com\/wordpress\/plugins\/seo\/ -->\n<title>Sam Fender comparte nuevo sencillo &#039;Wild Long Lie&#039;<\/title>\n<meta name=\"robots\" content=\"index, follow, max-snippet:-1, max-image-preview:large, max-video-preview:-1\" \/>\n<link rel=\"canonical\" href=\"https:\/\/web.consaguirre.com.ar\/noticias\/sam-fender-comparte-nuevo-sencillo-wild-long-lie\/\" \/>\n<meta property=\"og:locale\" content=\"es_ES\" \/>\n<meta property=\"og:type\" content=\"article\" \/>\n<meta property=\"og:title\" content=\"Sam Fender comparte nuevo sencillo &#039;Wild Long Lie&#039;\" \/>\n<meta property=\"og:description\" content=\"El \u00faltimo avance de Sam FenderEl nuevo \u00e1lbum de est\u00e1 aqu\u00ed. El rockero brit\u00e1nico ha compartido \u201cWild Long Lie\u201d, el segundo adelanto de su pr\u00f3ximo\" \/>\n<meta property=\"og:url\" content=\"https:\/\/web.consaguirre.com.ar\/noticias\/sam-fender-comparte-nuevo-sencillo-wild-long-lie\/\" \/>\n<meta property=\"og:site_name\" content=\"Conservatorio de M\u00fasica Juli\u00e1n Aguirre\" \/>\n<meta property=\"article:published_time\" content=\"2024-12-03T23:39:08+00:00\" \/>\n<meta property=\"article:modified_time\" content=\"2024-12-03T23:39:11+00:00\" \/>\n<meta property=\"og:image\" content=\"https:\/\/web.consaguirre.com.ar\/noticias\/wp-content\/uploads\/2024\/12\/Sam-Fender-comparte-nuevo-sencillo-Wild-Long-Lie.jpg\" \/>\n\t<meta property=\"og:image:width\" content=\"1280\" \/>\n\t<meta property=\"og:image:height\" content=\"1280\" \/>\n\t<meta property=\"og:image:type\" content=\"image\/jpeg\" \/>\n<meta name=\"author\" content=\"Javier Figueroa\" \/>\n<meta name=\"twitter:card\" content=\"summary_large_image\" \/>\n<meta name=\"twitter:label1\" content=\"Escrito por\" \/>\n\t<meta name=\"twitter:data1\" content=\"Javier Figueroa\" \/>\n\t<meta name=\"twitter:label2\" content=\"Tiempo de lectura\" \/>\n\t<meta name=\"twitter:data2\" content=\"2 minutos\" \/>\n<script type=\"application\/ld+json\" class=\"yoast-schema-graph\">{\"@context\":\"https:\/\/schema.org\",\"@graph\":[{\"@type\":\"Article\",\"@id\":\"https:\/\/web.consaguirre.com.ar\/noticias\/sam-fender-comparte-nuevo-sencillo-wild-long-lie\/#article\",\"isPartOf\":{\"@id\":\"https:\/\/web.consaguirre.com.ar\/noticias\/sam-fender-comparte-nuevo-sencillo-wild-long-lie\/\"},\"author\":{\"name\":\"Javier Figueroa\",\"@id\":\"https:\/\/web.consaguirre.com.ar\/noticias\/#\/schema\/person\/6558b0cfedee7ddc5425602b237d5722\"},\"headline\":\"Sam Fender comparte nuevo sencillo &#8216;Wild Long Lie&#8217;\",\"datePublished\":\"2024-12-03T23:39:08+00:00\",\"dateModified\":\"2024-12-03T23:39:11+00:00\",\"mainEntityOfPage\":{\"@id\":\"https:\/\/web.consaguirre.com.ar\/noticias\/sam-fender-comparte-nuevo-sencillo-wild-long-lie\/\"},\"wordCount\":464,\"publisher\":{\"@id\":\"https:\/\/web.consaguirre.com.ar\/noticias\/#organization\"},\"image\":{\"@id\":\"https:\/\/web.consaguirre.com.ar\/noticias\/sam-fender-comparte-nuevo-sencillo-wild-long-lie\/#primaryimage\"},\"thumbnailUrl\":\"https:\/\/web.consaguirre.com.ar\/noticias\/wp-content\/uploads\/2024\/12\/Sam-Fender-comparte-nuevo-sencillo-Wild-Long-Lie.jpg\",\"keywords\":[\"comparte\",\"Fender\",\"Lie\",\"Long\",\"nuevo\",\"Sam\",\"sencillo\",\"Wild\"],\"articleSection\":[\"El \u00faltimo\"],\"inLanguage\":\"es-AR\"},{\"@type\":\"WebPage\",\"@id\":\"https:\/\/web.consaguirre.com.ar\/noticias\/sam-fender-comparte-nuevo-sencillo-wild-long-lie\/\",\"url\":\"https:\/\/web.consaguirre.com.ar\/noticias\/sam-fender-comparte-nuevo-sencillo-wild-long-lie\/\",\"name\":\"Sam Fender comparte nuevo sencillo 'Wild Long Lie'\",\"isPartOf\":{\"@id\":\"https:\/\/web.consaguirre.com.ar\/noticias\/#website\"},\"primaryImageOfPage\":{\"@id\":\"https:\/\/web.consaguirre.com.ar\/noticias\/sam-fender-comparte-nuevo-sencillo-wild-long-lie\/#primaryimage\"},\"image\":{\"@id\":\"https:\/\/web.consaguirre.com.ar\/noticias\/sam-fender-comparte-nuevo-sencillo-wild-long-lie\/#primaryimage\"},\"thumbnailUrl\":\"https:\/\/web.consaguirre.com.ar\/noticias\/wp-content\/uploads\/2024\/12\/Sam-Fender-comparte-nuevo-sencillo-Wild-Long-Lie.jpg\",\"datePublished\":\"2024-12-03T23:39:08+00:00\",\"dateModified\":\"2024-12-03T23:39:11+00:00\",\"breadcrumb\":{\"@id\":\"https:\/\/web.consaguirre.com.ar\/noticias\/sam-fender-comparte-nuevo-sencillo-wild-long-lie\/#breadcrumb\"},\"inLanguage\":\"es-AR\",\"potentialAction\":[{\"@type\":\"ReadAction\",\"target\":[\"https:\/\/web.consaguirre.com.ar\/noticias\/sam-fender-comparte-nuevo-sencillo-wild-long-lie\/\"]}]},{\"@type\":\"ImageObject\",\"inLanguage\":\"es-AR\",\"@id\":\"https:\/\/web.consaguirre.com.ar\/noticias\/sam-fender-comparte-nuevo-sencillo-wild-long-lie\/#primaryimage\",\"url\":\"https:\/\/web.consaguirre.com.ar\/noticias\/wp-content\/uploads\/2024\/12\/Sam-Fender-comparte-nuevo-sencillo-Wild-Long-Lie.jpg\",\"contentUrl\":\"https:\/\/web.consaguirre.com.ar\/noticias\/wp-content\/uploads\/2024\/12\/Sam-Fender-comparte-nuevo-sencillo-Wild-Long-Lie.jpg\",\"width\":1280,\"height\":1280,\"caption\":\"Sam Fender comparte nuevo sencillo 'Wild Long Lie'\"},{\"@type\":\"BreadcrumbList\",\"@id\":\"https:\/\/web.consaguirre.com.ar\/noticias\/sam-fender-comparte-nuevo-sencillo-wild-long-lie\/#breadcrumb\",\"itemListElement\":[{\"@type\":\"ListItem\",\"position\":1,\"name\":\"Inicio\",\"item\":\"https:\/\/web.consaguirre.com.ar\/noticias\/\"},{\"@type\":\"ListItem\",\"position\":2,\"name\":\"Sam Fender comparte nuevo sencillo &#8216;Wild Long Lie&#8217;\"}]},{\"@type\":\"WebSite\",\"@id\":\"https:\/\/web.consaguirre.com.ar\/noticias\/#website\",\"url\":\"https:\/\/web.consaguirre.com.ar\/noticias\/\",\"name\":\"Conservatorio de M\u00fasica Juli\u00e1n Aguirre\",\"description\":\"\",\"publisher\":{\"@id\":\"https:\/\/web.consaguirre.com.ar\/noticias\/#organization\"},\"potentialAction\":[{\"@type\":\"SearchAction\",\"target\":{\"@type\":\"EntryPoint\",\"urlTemplate\":\"https:\/\/web.consaguirre.com.ar\/noticias\/?s={search_term_string}\"},\"query-input\":\"required name=search_term_string\"}],\"inLanguage\":\"es-AR\"},{\"@type\":\"Organization\",\"@id\":\"https:\/\/web.consaguirre.com.ar\/noticias\/#organization\",\"name\":\"Conservatorio de M\u00fasica Juli\u00e1n Aguirre\",\"url\":\"https:\/\/web.consaguirre.com.ar\/noticias\/\",\"logo\":{\"@type\":\"ImageObject\",\"inLanguage\":\"es-AR\",\"@id\":\"https:\/\/web.consaguirre.com.ar\/noticias\/#\/schema\/logo\/image\/\",\"url\":\"https:\/\/web.consaguirre.com.ar\/noticias\/wp-content\/uploads\/2024\/08\/Banner-Aguirre-23.jpg\",\"contentUrl\":\"https:\/\/web.consaguirre.com.ar\/noticias\/wp-content\/uploads\/2024\/08\/Banner-Aguirre-23.jpg\",\"width\":1192,\"height\":600,\"caption\":\"Conservatorio de M\u00fasica Juli\u00e1n Aguirre\"},\"image\":{\"@id\":\"https:\/\/web.consaguirre.com.ar\/noticias\/#\/schema\/logo\/image\/\"}},{\"@type\":\"Person\",\"@id\":\"https:\/\/web.consaguirre.com.ar\/noticias\/#\/schema\/person\/6558b0cfedee7ddc5425602b237d5722\",\"name\":\"Javier Figueroa\",\"image\":{\"@type\":\"ImageObject\",\"inLanguage\":\"es-AR\",\"@id\":\"https:\/\/web.consaguirre.com.ar\/noticias\/#\/schema\/person\/image\/\",\"url\":\"https:\/\/web.consaguirre.com.ar\/noticias\/wp-content\/uploads\/2024\/08\/Consaguirre-scaled.jpg\",\"contentUrl\":\"https:\/\/web.consaguirre.com.ar\/noticias\/wp-content\/uploads\/2024\/08\/Consaguirre-scaled.jpg\",\"caption\":\"Javier Figueroa\"},\"description\":\"Me llamo Javier Figueroa y soy redactor para el sitio oficial del Conservatorio de M\u00fasica Juli\u00e1n Aguirre en Buenos Aires, consaguirre.com. Apasionado por la m\u00fasica y la escritura, me esfuerzo por destacar los talentos y eventos de nuestra prestigiosa instituci\u00f3n. Mi trayectoria se nutre de una profunda admiraci\u00f3n por los artistas, haciendo de cada art\u00edculo una celebraci\u00f3n de la creatividad y la cultura musical.\",\"sameAs\":[\"https:\/\/web.consaguirre.com.ar\/noticias\"]}]}<\/script>\n<!-- \/ Yoast SEO plugin. -->","yoast_head_json":{"title":"Sam Fender comparte nuevo sencillo 'Wild Long Lie'","robots":{"index":"index","follow":"follow","max-snippet":"max-snippet:-1","max-image-preview":"max-image-preview:large","max-video-preview":"max-video-preview:-1"},"canonical":"https:\/\/web.consaguirre.com.ar\/noticias\/sam-fender-comparte-nuevo-sencillo-wild-long-lie\/","og_locale":"es_ES","og_type":"article","og_title":"Sam Fender comparte nuevo sencillo 'Wild Long Lie'","og_description":"El \u00faltimo avance de Sam FenderEl nuevo \u00e1lbum de est\u00e1 aqu\u00ed. El rockero brit\u00e1nico ha compartido \u201cWild Long Lie\u201d, el segundo adelanto de su pr\u00f3ximo","og_url":"https:\/\/web.consaguirre.com.ar\/noticias\/sam-fender-comparte-nuevo-sencillo-wild-long-lie\/","og_site_name":"Conservatorio de M\u00fasica Juli\u00e1n Aguirre","article_published_time":"2024-12-03T23:39:08+00:00","article_modified_time":"2024-12-03T23:39:11+00:00","og_image":[{"width":1280,"height":1280,"url":"https:\/\/web.consaguirre.com.ar\/noticias\/wp-content\/uploads\/2024\/12\/Sam-Fender-comparte-nuevo-sencillo-Wild-Long-Lie.jpg","type":"image\/jpeg"}],"author":"Javier Figueroa","twitter_card":"summary_large_image","twitter_misc":{"Escrito por":"Javier Figueroa","Tiempo de lectura":"2 minutos"},"schema":{"@context":"https:\/\/schema.org","@graph":[{"@type":"Article","@id":"https:\/\/web.consaguirre.com.ar\/noticias\/sam-fender-comparte-nuevo-sencillo-wild-long-lie\/#article","isPartOf":{"@id":"https:\/\/web.consaguirre.com.ar\/noticias\/sam-fender-comparte-nuevo-sencillo-wild-long-lie\/"},"author":{"name":"Javier Figueroa","@id":"https:\/\/web.consaguirre.com.ar\/noticias\/#\/schema\/person\/6558b0cfedee7ddc5425602b237d5722"},"headline":"Sam Fender comparte nuevo sencillo &#8216;Wild Long Lie&#8217;","datePublished":"2024-12-03T23:39:08+00:00","dateModified":"2024-12-03T23:39:11+00:00","mainEntityOfPage":{"@id":"https:\/\/web.consaguirre.com.ar\/noticias\/sam-fender-comparte-nuevo-sencillo-wild-long-lie\/"},"wordCount":464,"publisher":{"@id":"https:\/\/web.consaguirre.com.ar\/noticias\/#organization"},"image":{"@id":"https:\/\/web.consaguirre.com.ar\/noticias\/sam-fender-comparte-nuevo-sencillo-wild-long-lie\/#primaryimage"},"thumbnailUrl":"https:\/\/web.consaguirre.com.ar\/noticias\/wp-content\/uploads\/2024\/12\/Sam-Fender-comparte-nuevo-sencillo-Wild-Long-Lie.jpg","keywords":["comparte","Fender","Lie","Long","nuevo","Sam","sencillo","Wild"],"articleSection":["El \u00faltimo"],"inLanguage":"es-AR"},{"@type":"WebPage","@id":"https:\/\/web.consaguirre.com.ar\/noticias\/sam-fender-comparte-nuevo-sencillo-wild-long-lie\/","url":"https:\/\/web.consaguirre.com.ar\/noticias\/sam-fender-comparte-nuevo-sencillo-wild-long-lie\/","name":"Sam Fender comparte nuevo sencillo 'Wild Long Lie'","isPartOf":{"@id":"https:\/\/web.consaguirre.com.ar\/noticias\/#website"},"primaryImageOfPage":{"@id":"https:\/\/web.consaguirre.com.ar\/noticias\/sam-fender-comparte-nuevo-sencillo-wild-long-lie\/#primaryimage"},"image":{"@id":"https:\/\/web.consaguirre.com.ar\/noticias\/sam-fender-comparte-nuevo-sencillo-wild-long-lie\/#primaryimage"},"thumbnailUrl":"https:\/\/web.consaguirre.com.ar\/noticias\/wp-content\/uploads\/2024\/12\/Sam-Fender-comparte-nuevo-sencillo-Wild-Long-Lie.jpg","datePublished":"2024-12-03T23:39:08+00:00","dateModified":"2024-12-03T23:39:11+00:00","breadcrumb":{"@id":"https:\/\/web.consaguirre.com.ar\/noticias\/sam-fender-comparte-nuevo-sencillo-wild-long-lie\/#breadcrumb"},"inLanguage":"es-AR","potentialAction":[{"@type":"ReadAction","target":["https:\/\/web.consaguirre.com.ar\/noticias\/sam-fender-comparte-nuevo-sencillo-wild-long-lie\/"]}]},{"@type":"ImageObject","inLanguage":"es-AR","@id":"https:\/\/web.consaguirre.com.ar\/noticias\/sam-fender-comparte-nuevo-sencillo-wild-long-lie\/#primaryimage","url":"https:\/\/web.consaguirre.com.ar\/noticias\/wp-content\/uploads\/2024\/12\/Sam-Fender-comparte-nuevo-sencillo-Wild-Long-Lie.jpg","contentUrl":"https:\/\/web.consaguirre.com.ar\/noticias\/wp-content\/uploads\/2024\/12\/Sam-Fender-comparte-nuevo-sencillo-Wild-Long-Lie.jpg","width":1280,"height":1280,"caption":"Sam Fender comparte nuevo sencillo 'Wild Long Lie'"},{"@type":"BreadcrumbList","@id":"https:\/\/web.consaguirre.com.ar\/noticias\/sam-fender-comparte-nuevo-sencillo-wild-long-lie\/#breadcrumb","itemListElement":[{"@type":"ListItem","position":1,"name":"Inicio","item":"https:\/\/web.consaguirre.com.ar\/noticias\/"},{"@type":"ListItem","position":2,"name":"Sam Fender comparte nuevo sencillo &#8216;Wild Long Lie&#8217;"}]},{"@type":"WebSite","@id":"https:\/\/web.consaguirre.com.ar\/noticias\/#website","url":"https:\/\/web.consaguirre.com.ar\/noticias\/","name":"Conservatorio de M\u00fasica Juli\u00e1n Aguirre","description":"","publisher":{"@id":"https:\/\/web.consaguirre.com.ar\/noticias\/#organization"},"potentialAction":[{"@type":"SearchAction","target":{"@type":"EntryPoint","urlTemplate":"https:\/\/web.consaguirre.com.ar\/noticias\/?s={search_term_string}"},"query-input":"required name=search_term_string"}],"inLanguage":"es-AR"},{"@type":"Organization","@id":"https:\/\/web.consaguirre.com.ar\/noticias\/#organization","name":"Conservatorio de M\u00fasica Juli\u00e1n Aguirre","url":"https:\/\/web.consaguirre.com.ar\/noticias\/","logo":{"@type":"ImageObject","inLanguage":"es-AR","@id":"https:\/\/web.consaguirre.com.ar\/noticias\/#\/schema\/logo\/image\/","url":"https:\/\/web.consaguirre.com.ar\/noticias\/wp-content\/uploads\/2024\/08\/Banner-Aguirre-23.jpg","contentUrl":"https:\/\/web.consaguirre.com.ar\/noticias\/wp-content\/uploads\/2024\/08\/Banner-Aguirre-23.jpg","width":1192,"height":600,"caption":"Conservatorio de M\u00fasica Juli\u00e1n Aguirre"},"image":{"@id":"https:\/\/web.consaguirre.com.ar\/noticias\/#\/schema\/logo\/image\/"}},{"@type":"Person","@id":"https:\/\/web.consaguirre.com.ar\/noticias\/#\/schema\/person\/6558b0cfedee7ddc5425602b237d5722","name":"Javier Figueroa","image":{"@type":"ImageObject","inLanguage":"es-AR","@id":"https:\/\/web.consaguirre.com.ar\/noticias\/#\/schema\/person\/image\/","url":"https:\/\/web.consaguirre.com.ar\/noticias\/wp-content\/uploads\/2024\/08\/Consaguirre-scaled.jpg","contentUrl":"https:\/\/web.consaguirre.com.ar\/noticias\/wp-content\/uploads\/2024\/08\/Consaguirre-scaled.jpg","caption":"Javier Figueroa"},"description":"Me llamo Javier Figueroa y soy redactor para el sitio oficial del Conservatorio de M\u00fasica Juli\u00e1n Aguirre en Buenos Aires, consaguirre.com. Apasionado por la m\u00fasica y la escritura, me esfuerzo por destacar los talentos y eventos de nuestra prestigiosa instituci\u00f3n. Mi trayectoria se nutre de una profunda admiraci\u00f3n por los artistas, haciendo de cada art\u00edculo una celebraci\u00f3n de la creatividad y la cultura musical.","sameAs":["https:\/\/web.consaguirre.com.ar\/noticias"]}]}},"_links":{"self":[{"href":"https:\/\/web.consaguirre.com.ar\/noticias\/wp-json\/wp\/v2\/posts\/1274"}],"collection":[{"href":"https:\/\/web.consaguirre.com.ar\/noticias\/wp-json\/wp\/v2\/posts"}],"about":[{"href":"https:\/\/web.consaguirre.com.ar\/noticias\/wp-json\/wp\/v2\/types\/post"}],"author":[{"embeddable":true,"href":"https:\/\/web.consaguirre.com.ar\/noticias\/wp-json\/wp\/v2\/users\/1"}],"replies":[{"embeddable":true,"href":"https:\/\/web.consaguirre.com.ar\/noticias\/wp-json\/wp\/v2\/comments?post=1274"}],"version-history":[{"count":1,"href":"https:\/\/web.consaguirre.com.ar\/noticias\/wp-json\/wp\/v2\/posts\/1274\/revisions"}],"predecessor-version":[{"id":1276,"href":"https:\/\/web.consaguirre.com.ar\/noticias\/wp-json\/wp\/v2\/posts\/1274\/revisions\/1276"}],"wp:featuredmedia":[{"embeddable":true,"href":"https:\/\/web.consaguirre.com.ar\/noticias\/wp-json\/wp\/v2\/media\/1275"}],"wp:attachment":[{"href":"https:\/\/web.consaguirre.com.ar\/noticias\/wp-json\/wp\/v2\/media?parent=1274"}],"wp:term":[{"taxonomy":"category","embeddable":true,"href":"https:\/\/web.consaguirre.com.ar\/noticias\/wp-json\/wp\/v2\/categories?post=1274"},{"taxonomy":"post_tag","embeddable":true,"href":"https:\/\/web.consaguirre.com.ar\/noticias\/wp-json\/wp\/v2\/tags?post=1274"}],"curies":[{"name":"wp","href":"https:\/\/api.w.org\/{rel}","templated":true}]}}