{"id":1268,"date":"2024-12-02T23:39:57","date_gmt":"2024-12-03T02:39:57","guid":{"rendered":"https:\/\/web.consaguirre.com.ar\/noticias\/jon-batiste-interpretara-el-himno-nacional-en-el-super-bowl-lix\/"},"modified":"2024-12-02T23:39:59","modified_gmt":"2024-12-03T02:39:59","slug":"jon-batiste-interpretara-el-himno-nacional-en-el-super-bowl-lix","status":"publish","type":"post","link":"https:\/\/web.consaguirre.com.ar\/noticias\/jon-batiste-interpretara-el-himno-nacional-en-el-super-bowl-lix\/","title":{"rendered":"Jon Batiste interpretar\u00e1 el himno nacional en el Super Bowl LIX"},"content":{"rendered":"<p><strong>Jon Batista<\/strong> interpretar\u00e1 el Himno Nacional en el Super Bowl LIX 2025. El pianista ayudar\u00e1 a iniciar las festividades en el Caesars Superdome de Nueva Orleans el 9 de febrero. Los compa\u00f1eros de Batiste, nativos de Luisiana, Trombone Shorty, Lauren Daigle y Ledisi brindar\u00e1n entretenimiento antes del juego. Ledisi interpretar\u00e1 \u201cLift Every Voice and Sing\u201d, conocido como el himno nacional negro. Como se anunci\u00f3 anteriormente, el rapero <strong>Kendrick Lamar<\/strong> encabezar\u00e1 el espect\u00e1culo de medio tiempo de Apple Music, que cuenta con la producci\u00f3n ejecutiva de Roc Nation junto con Jesse Collins.<\/p>\n<p>&#8220;Nos sentimos honrados de trabajar con la programaci\u00f3n previa al juego de este a\u00f1o para celebrar el rico legado musical de Nueva Orleans y de todo el estado&#8221;, dijo el jefe de m\u00fasica de la NFL, Seth Dudowsky, en un comunicado. &#8220;El Super Bowl es un momento \u00fanico para unir a los fan\u00e1ticos de todo el mundo, y los artistas de este a\u00f1o llevar\u00e1n la energ\u00eda, el alma y los sonidos vibrantes de la regi\u00f3n a un escenario global, mientras iniciamos el Super Bowl LIX con una celebraci\u00f3n para recordar&#8221;.<\/p>\n<div class=\"uD-YT-container\"><img decoding=\"async\" src=\"https:\/\/web.consaguirre.com.ar\/noticias\/wp-content\/uploads\/2024\/10\/1728495907_634_Jon-Batiste-reinventa-las-composiciones-de-Beethoven-en-un-nuevo.jpg\" alt=\"V\u00eddeo de YouTube\"><br \/>Haga clic para cargar v\u00eddeo<\/div>\n<p>En noviembre, Batiste liber\u00f3 <strong><em>Beethoven Blues (Serie Batiste Piano, Vol.1)<\/em><\/strong>que se convirti\u00f3 en el primer n\u00famero uno del hombre de 38 a\u00f1os en la lista de \u00e1lbumes cl\u00e1sicos de Billboard. Cada trabajo del \u00e1lbum comenz\u00f3 con una de las composiciones originales de Beethoven y se transform\u00f3 en alguna nueva, utilizando el blues como base. \u201cEsta es mi forma de vida\u201d, dijo. <em>Los New York Times<\/em>. \u201cVivir con la m\u00fasica, explorarla y conversar con la m\u00fasica y los compositores\u201d.<\/p>\n<p>Batiste es el ex l\u00edder de la banda en <em>El \u00faltimo show con Stephen Colbert<\/em>. Su r\u00e9cord <em>Somos<\/em> gan\u00f3 el Grammy al \u00c1lbum del A\u00f1o en 2022; al a\u00f1o siguiente, su \u00e1lbum <em>Radio de m\u00fasica mundial<\/em> Fue nominado al mismo premio.<\/p>\n<p>El documental de 2023 <em>sinfon\u00eda americana<\/em> explor\u00f3 la vida de Batiste mientras su esposa luchaba contra la leucemia. Una canci\u00f3n de la pel\u00edcula, \u201cIt Never Went Away\u201d, fue nominada a Mejor Canci\u00f3n Original. En 2020, Batiste, Trent Reznor y Atticus Ross se llevaron a casa premios en los Globos de Oro y los Oscar por su trabajo en la pel\u00edcula animada. <em>Alma<\/em>.<\/p>\n<p><strong>Ordene Jon Batiste <em>El blues de Beethoven<\/em> ahora.<\/strong><\/p>\n","protected":false},"excerpt":{"rendered":"<p>Jon Batista interpretar\u00e1 el Himno Nacional en el Super Bowl LIX 2025. El pianista ayudar\u00e1 a iniciar las festividades en el Caesars Superdome de Nueva<\/p>\n","protected":false},"author":1,"featured_media":1269,"comment_status":"closed","ping_status":"","sticky":false,"template":"","format":"standard","meta":{"footnotes":""},"categories":[50],"tags":[909,616,1394,1393,908,1396,1395,615],"class_list":["post-1268","post","type-post","status-publish","format-standard","has-post-thumbnail","hentry","category-el-ultimo","tag-batiste","tag-bowl","tag-himno","tag-interpretara","tag-jon","tag-lix","tag-nacional","tag-super","generate-columns","tablet-grid-50","mobile-grid-100","grid-parent","grid-50"],"yoast_head":"<!-- This site is optimized with the Yoast SEO plugin v23.3 - https:\/\/yoast.com\/wordpress\/plugins\/seo\/ -->\n<title>Jon Batiste interpretar\u00e1 el himno nacional en el Super Bowl LIX<\/title>\n<meta name=\"robots\" content=\"index, follow, max-snippet:-1, max-image-preview:large, max-video-preview:-1\" \/>\n<link rel=\"canonical\" href=\"https:\/\/web.consaguirre.com.ar\/noticias\/jon-batiste-interpretara-el-himno-nacional-en-el-super-bowl-lix\/\" \/>\n<meta property=\"og:locale\" content=\"es_ES\" \/>\n<meta property=\"og:type\" content=\"article\" \/>\n<meta property=\"og:title\" content=\"Jon Batiste interpretar\u00e1 el himno nacional en el Super Bowl LIX\" \/>\n<meta property=\"og:description\" content=\"Jon Batista interpretar\u00e1 el Himno Nacional en el Super Bowl LIX 2025. El pianista ayudar\u00e1 a iniciar las festividades en el Caesars Superdome de Nueva\" \/>\n<meta property=\"og:url\" content=\"https:\/\/web.consaguirre.com.ar\/noticias\/jon-batiste-interpretara-el-himno-nacional-en-el-super-bowl-lix\/\" \/>\n<meta property=\"og:site_name\" content=\"Conservatorio de M\u00fasica Juli\u00e1n Aguirre\" \/>\n<meta property=\"article:published_time\" content=\"2024-12-03T02:39:57+00:00\" \/>\n<meta property=\"article:modified_time\" content=\"2024-12-03T02:39:59+00:00\" \/>\n<meta property=\"og:image\" content=\"https:\/\/web.consaguirre.com.ar\/noticias\/wp-content\/uploads\/2024\/12\/Jon-Batiste-interpretara-el-himno-nacional-en-el-Super-Bowl.jpg\" \/>\n\t<meta property=\"og:image:width\" content=\"1440\" \/>\n\t<meta property=\"og:image:height\" content=\"864\" \/>\n\t<meta property=\"og:image:type\" content=\"image\/jpeg\" \/>\n<meta name=\"author\" content=\"Javier Figueroa\" \/>\n<meta name=\"twitter:card\" content=\"summary_large_image\" \/>\n<meta name=\"twitter:label1\" content=\"Escrito por\" \/>\n\t<meta name=\"twitter:data1\" content=\"Javier Figueroa\" \/>\n\t<meta name=\"twitter:label2\" content=\"Tiempo de lectura\" \/>\n\t<meta name=\"twitter:data2\" content=\"2 minutos\" \/>\n<script type=\"application\/ld+json\" class=\"yoast-schema-graph\">{\"@context\":\"https:\/\/schema.org\",\"@graph\":[{\"@type\":\"Article\",\"@id\":\"https:\/\/web.consaguirre.com.ar\/noticias\/jon-batiste-interpretara-el-himno-nacional-en-el-super-bowl-lix\/#article\",\"isPartOf\":{\"@id\":\"https:\/\/web.consaguirre.com.ar\/noticias\/jon-batiste-interpretara-el-himno-nacional-en-el-super-bowl-lix\/\"},\"author\":{\"name\":\"Javier Figueroa\",\"@id\":\"https:\/\/web.consaguirre.com.ar\/noticias\/#\/schema\/person\/6558b0cfedee7ddc5425602b237d5722\"},\"headline\":\"Jon Batiste interpretar\u00e1 el himno nacional en el Super Bowl LIX\",\"datePublished\":\"2024-12-03T02:39:57+00:00\",\"dateModified\":\"2024-12-03T02:39:59+00:00\",\"mainEntityOfPage\":{\"@id\":\"https:\/\/web.consaguirre.com.ar\/noticias\/jon-batiste-interpretara-el-himno-nacional-en-el-super-bowl-lix\/\"},\"wordCount\":410,\"publisher\":{\"@id\":\"https:\/\/web.consaguirre.com.ar\/noticias\/#organization\"},\"image\":{\"@id\":\"https:\/\/web.consaguirre.com.ar\/noticias\/jon-batiste-interpretara-el-himno-nacional-en-el-super-bowl-lix\/#primaryimage\"},\"thumbnailUrl\":\"https:\/\/web.consaguirre.com.ar\/noticias\/wp-content\/uploads\/2024\/12\/Jon-Batiste-interpretara-el-himno-nacional-en-el-Super-Bowl.jpg\",\"keywords\":[\"Batiste\",\"Bowl\",\"himno\",\"interpretar\u00e1\",\"Jon\",\"LIX\",\"nacional\",\"Super\"],\"articleSection\":[\"El \u00faltimo\"],\"inLanguage\":\"es-AR\"},{\"@type\":\"WebPage\",\"@id\":\"https:\/\/web.consaguirre.com.ar\/noticias\/jon-batiste-interpretara-el-himno-nacional-en-el-super-bowl-lix\/\",\"url\":\"https:\/\/web.consaguirre.com.ar\/noticias\/jon-batiste-interpretara-el-himno-nacional-en-el-super-bowl-lix\/\",\"name\":\"Jon Batiste interpretar\u00e1 el himno nacional en el Super Bowl LIX\",\"isPartOf\":{\"@id\":\"https:\/\/web.consaguirre.com.ar\/noticias\/#website\"},\"primaryImageOfPage\":{\"@id\":\"https:\/\/web.consaguirre.com.ar\/noticias\/jon-batiste-interpretara-el-himno-nacional-en-el-super-bowl-lix\/#primaryimage\"},\"image\":{\"@id\":\"https:\/\/web.consaguirre.com.ar\/noticias\/jon-batiste-interpretara-el-himno-nacional-en-el-super-bowl-lix\/#primaryimage\"},\"thumbnailUrl\":\"https:\/\/web.consaguirre.com.ar\/noticias\/wp-content\/uploads\/2024\/12\/Jon-Batiste-interpretara-el-himno-nacional-en-el-Super-Bowl.jpg\",\"datePublished\":\"2024-12-03T02:39:57+00:00\",\"dateModified\":\"2024-12-03T02:39:59+00:00\",\"breadcrumb\":{\"@id\":\"https:\/\/web.consaguirre.com.ar\/noticias\/jon-batiste-interpretara-el-himno-nacional-en-el-super-bowl-lix\/#breadcrumb\"},\"inLanguage\":\"es-AR\",\"potentialAction\":[{\"@type\":\"ReadAction\",\"target\":[\"https:\/\/web.consaguirre.com.ar\/noticias\/jon-batiste-interpretara-el-himno-nacional-en-el-super-bowl-lix\/\"]}]},{\"@type\":\"ImageObject\",\"inLanguage\":\"es-AR\",\"@id\":\"https:\/\/web.consaguirre.com.ar\/noticias\/jon-batiste-interpretara-el-himno-nacional-en-el-super-bowl-lix\/#primaryimage\",\"url\":\"https:\/\/web.consaguirre.com.ar\/noticias\/wp-content\/uploads\/2024\/12\/Jon-Batiste-interpretara-el-himno-nacional-en-el-Super-Bowl.jpg\",\"contentUrl\":\"https:\/\/web.consaguirre.com.ar\/noticias\/wp-content\/uploads\/2024\/12\/Jon-Batiste-interpretara-el-himno-nacional-en-el-Super-Bowl.jpg\",\"width\":1440,\"height\":864,\"caption\":\"Jon Batiste interpretar\u00e1 el himno nacional en el Super Bowl LIX\"},{\"@type\":\"BreadcrumbList\",\"@id\":\"https:\/\/web.consaguirre.com.ar\/noticias\/jon-batiste-interpretara-el-himno-nacional-en-el-super-bowl-lix\/#breadcrumb\",\"itemListElement\":[{\"@type\":\"ListItem\",\"position\":1,\"name\":\"Inicio\",\"item\":\"https:\/\/web.consaguirre.com.ar\/noticias\/\"},{\"@type\":\"ListItem\",\"position\":2,\"name\":\"Jon Batiste interpretar\u00e1 el himno nacional en el Super Bowl LIX\"}]},{\"@type\":\"WebSite\",\"@id\":\"https:\/\/web.consaguirre.com.ar\/noticias\/#website\",\"url\":\"https:\/\/web.consaguirre.com.ar\/noticias\/\",\"name\":\"Conservatorio de M\u00fasica Juli\u00e1n Aguirre\",\"description\":\"\",\"publisher\":{\"@id\":\"https:\/\/web.consaguirre.com.ar\/noticias\/#organization\"},\"potentialAction\":[{\"@type\":\"SearchAction\",\"target\":{\"@type\":\"EntryPoint\",\"urlTemplate\":\"https:\/\/web.consaguirre.com.ar\/noticias\/?s={search_term_string}\"},\"query-input\":\"required name=search_term_string\"}],\"inLanguage\":\"es-AR\"},{\"@type\":\"Organization\",\"@id\":\"https:\/\/web.consaguirre.com.ar\/noticias\/#organization\",\"name\":\"Conservatorio de M\u00fasica Juli\u00e1n Aguirre\",\"url\":\"https:\/\/web.consaguirre.com.ar\/noticias\/\",\"logo\":{\"@type\":\"ImageObject\",\"inLanguage\":\"es-AR\",\"@id\":\"https:\/\/web.consaguirre.com.ar\/noticias\/#\/schema\/logo\/image\/\",\"url\":\"https:\/\/web.consaguirre.com.ar\/noticias\/wp-content\/uploads\/2024\/08\/Banner-Aguirre-23.jpg\",\"contentUrl\":\"https:\/\/web.consaguirre.com.ar\/noticias\/wp-content\/uploads\/2024\/08\/Banner-Aguirre-23.jpg\",\"width\":1192,\"height\":600,\"caption\":\"Conservatorio de M\u00fasica Juli\u00e1n Aguirre\"},\"image\":{\"@id\":\"https:\/\/web.consaguirre.com.ar\/noticias\/#\/schema\/logo\/image\/\"}},{\"@type\":\"Person\",\"@id\":\"https:\/\/web.consaguirre.com.ar\/noticias\/#\/schema\/person\/6558b0cfedee7ddc5425602b237d5722\",\"name\":\"Javier Figueroa\",\"image\":{\"@type\":\"ImageObject\",\"inLanguage\":\"es-AR\",\"@id\":\"https:\/\/web.consaguirre.com.ar\/noticias\/#\/schema\/person\/image\/\",\"url\":\"https:\/\/web.consaguirre.com.ar\/noticias\/wp-content\/uploads\/2024\/08\/Consaguirre-scaled.jpg\",\"contentUrl\":\"https:\/\/web.consaguirre.com.ar\/noticias\/wp-content\/uploads\/2024\/08\/Consaguirre-scaled.jpg\",\"caption\":\"Javier Figueroa\"},\"description\":\"Me llamo Javier Figueroa y soy redactor para el sitio oficial del Conservatorio de M\u00fasica Juli\u00e1n Aguirre en Buenos Aires, consaguirre.com. Apasionado por la m\u00fasica y la escritura, me esfuerzo por destacar los talentos y eventos de nuestra prestigiosa instituci\u00f3n. Mi trayectoria se nutre de una profunda admiraci\u00f3n por los artistas, haciendo de cada art\u00edculo una celebraci\u00f3n de la creatividad y la cultura musical.\",\"sameAs\":[\"https:\/\/web.consaguirre.com.ar\/noticias\"]}]}<\/script>\n<!-- \/ Yoast SEO plugin. -->","yoast_head_json":{"title":"Jon Batiste interpretar\u00e1 el himno nacional en el Super Bowl LIX","robots":{"index":"index","follow":"follow","max-snippet":"max-snippet:-1","max-image-preview":"max-image-preview:large","max-video-preview":"max-video-preview:-1"},"canonical":"https:\/\/web.consaguirre.com.ar\/noticias\/jon-batiste-interpretara-el-himno-nacional-en-el-super-bowl-lix\/","og_locale":"es_ES","og_type":"article","og_title":"Jon Batiste interpretar\u00e1 el himno nacional en el Super Bowl LIX","og_description":"Jon Batista interpretar\u00e1 el Himno Nacional en el Super Bowl LIX 2025. El pianista ayudar\u00e1 a iniciar las festividades en el Caesars Superdome de Nueva","og_url":"https:\/\/web.consaguirre.com.ar\/noticias\/jon-batiste-interpretara-el-himno-nacional-en-el-super-bowl-lix\/","og_site_name":"Conservatorio de M\u00fasica Juli\u00e1n Aguirre","article_published_time":"2024-12-03T02:39:57+00:00","article_modified_time":"2024-12-03T02:39:59+00:00","og_image":[{"width":1440,"height":864,"url":"https:\/\/web.consaguirre.com.ar\/noticias\/wp-content\/uploads\/2024\/12\/Jon-Batiste-interpretara-el-himno-nacional-en-el-Super-Bowl.jpg","type":"image\/jpeg"}],"author":"Javier Figueroa","twitter_card":"summary_large_image","twitter_misc":{"Escrito por":"Javier Figueroa","Tiempo de lectura":"2 minutos"},"schema":{"@context":"https:\/\/schema.org","@graph":[{"@type":"Article","@id":"https:\/\/web.consaguirre.com.ar\/noticias\/jon-batiste-interpretara-el-himno-nacional-en-el-super-bowl-lix\/#article","isPartOf":{"@id":"https:\/\/web.consaguirre.com.ar\/noticias\/jon-batiste-interpretara-el-himno-nacional-en-el-super-bowl-lix\/"},"author":{"name":"Javier Figueroa","@id":"https:\/\/web.consaguirre.com.ar\/noticias\/#\/schema\/person\/6558b0cfedee7ddc5425602b237d5722"},"headline":"Jon Batiste interpretar\u00e1 el himno nacional en el Super Bowl LIX","datePublished":"2024-12-03T02:39:57+00:00","dateModified":"2024-12-03T02:39:59+00:00","mainEntityOfPage":{"@id":"https:\/\/web.consaguirre.com.ar\/noticias\/jon-batiste-interpretara-el-himno-nacional-en-el-super-bowl-lix\/"},"wordCount":410,"publisher":{"@id":"https:\/\/web.consaguirre.com.ar\/noticias\/#organization"},"image":{"@id":"https:\/\/web.consaguirre.com.ar\/noticias\/jon-batiste-interpretara-el-himno-nacional-en-el-super-bowl-lix\/#primaryimage"},"thumbnailUrl":"https:\/\/web.consaguirre.com.ar\/noticias\/wp-content\/uploads\/2024\/12\/Jon-Batiste-interpretara-el-himno-nacional-en-el-Super-Bowl.jpg","keywords":["Batiste","Bowl","himno","interpretar\u00e1","Jon","LIX","nacional","Super"],"articleSection":["El \u00faltimo"],"inLanguage":"es-AR"},{"@type":"WebPage","@id":"https:\/\/web.consaguirre.com.ar\/noticias\/jon-batiste-interpretara-el-himno-nacional-en-el-super-bowl-lix\/","url":"https:\/\/web.consaguirre.com.ar\/noticias\/jon-batiste-interpretara-el-himno-nacional-en-el-super-bowl-lix\/","name":"Jon Batiste interpretar\u00e1 el himno nacional en el Super Bowl LIX","isPartOf":{"@id":"https:\/\/web.consaguirre.com.ar\/noticias\/#website"},"primaryImageOfPage":{"@id":"https:\/\/web.consaguirre.com.ar\/noticias\/jon-batiste-interpretara-el-himno-nacional-en-el-super-bowl-lix\/#primaryimage"},"image":{"@id":"https:\/\/web.consaguirre.com.ar\/noticias\/jon-batiste-interpretara-el-himno-nacional-en-el-super-bowl-lix\/#primaryimage"},"thumbnailUrl":"https:\/\/web.consaguirre.com.ar\/noticias\/wp-content\/uploads\/2024\/12\/Jon-Batiste-interpretara-el-himno-nacional-en-el-Super-Bowl.jpg","datePublished":"2024-12-03T02:39:57+00:00","dateModified":"2024-12-03T02:39:59+00:00","breadcrumb":{"@id":"https:\/\/web.consaguirre.com.ar\/noticias\/jon-batiste-interpretara-el-himno-nacional-en-el-super-bowl-lix\/#breadcrumb"},"inLanguage":"es-AR","potentialAction":[{"@type":"ReadAction","target":["https:\/\/web.consaguirre.com.ar\/noticias\/jon-batiste-interpretara-el-himno-nacional-en-el-super-bowl-lix\/"]}]},{"@type":"ImageObject","inLanguage":"es-AR","@id":"https:\/\/web.consaguirre.com.ar\/noticias\/jon-batiste-interpretara-el-himno-nacional-en-el-super-bowl-lix\/#primaryimage","url":"https:\/\/web.consaguirre.com.ar\/noticias\/wp-content\/uploads\/2024\/12\/Jon-Batiste-interpretara-el-himno-nacional-en-el-Super-Bowl.jpg","contentUrl":"https:\/\/web.consaguirre.com.ar\/noticias\/wp-content\/uploads\/2024\/12\/Jon-Batiste-interpretara-el-himno-nacional-en-el-Super-Bowl.jpg","width":1440,"height":864,"caption":"Jon Batiste interpretar\u00e1 el himno nacional en el Super Bowl LIX"},{"@type":"BreadcrumbList","@id":"https:\/\/web.consaguirre.com.ar\/noticias\/jon-batiste-interpretara-el-himno-nacional-en-el-super-bowl-lix\/#breadcrumb","itemListElement":[{"@type":"ListItem","position":1,"name":"Inicio","item":"https:\/\/web.consaguirre.com.ar\/noticias\/"},{"@type":"ListItem","position":2,"name":"Jon Batiste interpretar\u00e1 el himno nacional en el Super Bowl LIX"}]},{"@type":"WebSite","@id":"https:\/\/web.consaguirre.com.ar\/noticias\/#website","url":"https:\/\/web.consaguirre.com.ar\/noticias\/","name":"Conservatorio de M\u00fasica Juli\u00e1n Aguirre","description":"","publisher":{"@id":"https:\/\/web.consaguirre.com.ar\/noticias\/#organization"},"potentialAction":[{"@type":"SearchAction","target":{"@type":"EntryPoint","urlTemplate":"https:\/\/web.consaguirre.com.ar\/noticias\/?s={search_term_string}"},"query-input":"required name=search_term_string"}],"inLanguage":"es-AR"},{"@type":"Organization","@id":"https:\/\/web.consaguirre.com.ar\/noticias\/#organization","name":"Conservatorio de M\u00fasica Juli\u00e1n Aguirre","url":"https:\/\/web.consaguirre.com.ar\/noticias\/","logo":{"@type":"ImageObject","inLanguage":"es-AR","@id":"https:\/\/web.consaguirre.com.ar\/noticias\/#\/schema\/logo\/image\/","url":"https:\/\/web.consaguirre.com.ar\/noticias\/wp-content\/uploads\/2024\/08\/Banner-Aguirre-23.jpg","contentUrl":"https:\/\/web.consaguirre.com.ar\/noticias\/wp-content\/uploads\/2024\/08\/Banner-Aguirre-23.jpg","width":1192,"height":600,"caption":"Conservatorio de M\u00fasica Juli\u00e1n Aguirre"},"image":{"@id":"https:\/\/web.consaguirre.com.ar\/noticias\/#\/schema\/logo\/image\/"}},{"@type":"Person","@id":"https:\/\/web.consaguirre.com.ar\/noticias\/#\/schema\/person\/6558b0cfedee7ddc5425602b237d5722","name":"Javier Figueroa","image":{"@type":"ImageObject","inLanguage":"es-AR","@id":"https:\/\/web.consaguirre.com.ar\/noticias\/#\/schema\/person\/image\/","url":"https:\/\/web.consaguirre.com.ar\/noticias\/wp-content\/uploads\/2024\/08\/Consaguirre-scaled.jpg","contentUrl":"https:\/\/web.consaguirre.com.ar\/noticias\/wp-content\/uploads\/2024\/08\/Consaguirre-scaled.jpg","caption":"Javier Figueroa"},"description":"Me llamo Javier Figueroa y soy redactor para el sitio oficial del Conservatorio de M\u00fasica Juli\u00e1n Aguirre en Buenos Aires, consaguirre.com. Apasionado por la m\u00fasica y la escritura, me esfuerzo por destacar los talentos y eventos de nuestra prestigiosa instituci\u00f3n. Mi trayectoria se nutre de una profunda admiraci\u00f3n por los artistas, haciendo de cada art\u00edculo una celebraci\u00f3n de la creatividad y la cultura musical.","sameAs":["https:\/\/web.consaguirre.com.ar\/noticias"]}]}},"_links":{"self":[{"href":"https:\/\/web.consaguirre.com.ar\/noticias\/wp-json\/wp\/v2\/posts\/1268"}],"collection":[{"href":"https:\/\/web.consaguirre.com.ar\/noticias\/wp-json\/wp\/v2\/posts"}],"about":[{"href":"https:\/\/web.consaguirre.com.ar\/noticias\/wp-json\/wp\/v2\/types\/post"}],"author":[{"embeddable":true,"href":"https:\/\/web.consaguirre.com.ar\/noticias\/wp-json\/wp\/v2\/users\/1"}],"replies":[{"embeddable":true,"href":"https:\/\/web.consaguirre.com.ar\/noticias\/wp-json\/wp\/v2\/comments?post=1268"}],"version-history":[{"count":1,"href":"https:\/\/web.consaguirre.com.ar\/noticias\/wp-json\/wp\/v2\/posts\/1268\/revisions"}],"predecessor-version":[{"id":1270,"href":"https:\/\/web.consaguirre.com.ar\/noticias\/wp-json\/wp\/v2\/posts\/1268\/revisions\/1270"}],"wp:featuredmedia":[{"embeddable":true,"href":"https:\/\/web.consaguirre.com.ar\/noticias\/wp-json\/wp\/v2\/media\/1269"}],"wp:attachment":[{"href":"https:\/\/web.consaguirre.com.ar\/noticias\/wp-json\/wp\/v2\/media?parent=1268"}],"wp:term":[{"taxonomy":"category","embeddable":true,"href":"https:\/\/web.consaguirre.com.ar\/noticias\/wp-json\/wp\/v2\/categories?post=1268"},{"taxonomy":"post_tag","embeddable":true,"href":"https:\/\/web.consaguirre.com.ar\/noticias\/wp-json\/wp\/v2\/tags?post=1268"}],"curies":[{"name":"wp","href":"https:\/\/api.w.org\/{rel}","templated":true}]}}