{"id":1256,"date":"2024-11-29T20:42:40","date_gmt":"2024-11-29T23:42:40","guid":{"rendered":"https:\/\/web.consaguirre.com.ar\/noticias\/el-legado-de-chet-baker-se-celebra-con-la-nueva-coleccion-reimagined\/"},"modified":"2024-11-29T20:42:41","modified_gmt":"2024-11-29T23:42:41","slug":"el-legado-de-chet-baker-se-celebra-con-la-nueva-coleccion-reimagined","status":"publish","type":"post","link":"https:\/\/web.consaguirre.com.ar\/noticias\/el-legado-de-chet-baker-se-celebra-con-la-nueva-coleccion-reimagined\/","title":{"rendered":"El legado de Chet Baker se celebra con la nueva colecci\u00f3n &#8216;Re:Imagined&#8217;"},"content":{"rendered":"<p><strong>Registros Decca<\/strong> ha anunciado el lanzamiento el 11 de abril de 2025 de <em>Chet Baker Re:Imaginado<\/em>una colecci\u00f3n de canciones grabadas por una variada selecci\u00f3n de talentos internacionales para celebrar el legado de <strong>una de las figuras m\u00e1s singulares, carism\u00e1ticas e influyentes de la historia del jazz<\/strong>.<\/p>\n<p><strong>Compre lo mejor de la discograf\u00eda de Chet Baker en vinilo y m\u00e1s<\/strong>.<\/p>\n<p>Lanzado para conmemorar el 70 aniversario del \u00e1lbum fundamental. <strong><em>Chet Baker canta<\/em><\/strong>la compilaci\u00f3n de 15 pistas presenta reelaboraciones modernas del repertorio del trompetista y cantante y subraya la influencia duradera de uno de los artistas m\u00e1s creativos de la m\u00fasica del siglo XX. El sencillo principal del \u00e1lbum, \u201cOld Devil Moon\u201d de Dodie, es <strong>fuera ahora<\/strong>. Puedes comprobarlo a continuaci\u00f3n.<\/p>\n<div class=\"uD-YT-container\"><img decoding=\"async\" src=\"https:\/\/web.consaguirre.com.ar\/noticias\/wp-content\/uploads\/2024\/11\/1732923760_445_El-legado-de-Chet-Baker-se-celebra-con-la-nueva.jpg\" alt=\"V\u00eddeo de YouTube\"><br \/>Haga clic para cargar v\u00eddeo<\/div>\n<\/p>\n<p><em>Chet Baker Re:Imaginado<\/em> presenta una variedad de artistas internacionales que abarcan R&#038;B, pop, soul y jazz. Los artistas brit\u00e1nicos dodie, Matt Maltese, Matilda Mann, Joel Culpepper, Ife Ogunjobi, Hohnen Ford, Eloise, Poppy Daniels y Puma Blue se alinean junto a Benny Sings de los Pa\u00edses Bajos, la canadiense Stacey Ryan, los artistas estadounidenses Delaney Bailey y Mxmtoon, la surcoreana Sara Kang. y el australiano-filipino grentperez. Estos m\u00fasicos, cantantes, compositores y creadores de ritmos se encuentran todos dentro de una escena que emerge r\u00e1pidamente y juntos proyectan las sublimes melod\u00edas de Baker contra un lienzo sonoro contempor\u00e1neo marcado por un espectro de colores ac\u00fasticos y electr\u00f3nicos, una improvisaci\u00f3n ingeniosa y apasionada y una producci\u00f3n rica en capas.<\/p>\n<p>Baker, uno de los iconos del movimiento &#8216;cool jazz&#8217; de los a\u00f1os 50, destac\u00f3 por la lustrosa delicadeza de su forma de tocar la trompa y su distintiva voz suave y delicada, que fue una revelaci\u00f3n en <em>Chet Baker canta<\/em>. la balada <strong>\u201cMi divertido San Valent\u00edn\u201d<\/strong> fue una de las canciones emblem\u00e1ticas de Baker y la interpretaci\u00f3n del cantautor brit\u00e1nico Matt Maltese captura su resonancia tranquila e intensa contra un fondo de guitarras relucientes y teclados brumosos.<\/p>\n<p>La profunda sensibilidad de la m\u00fasica de Baker es un hilo conductor que atraviesa <em>Re: imaginado<\/em> y est\u00e1 ejemplificado por la interpretaci\u00f3n de Dodie de \u201cOld Devil Moon\u201d, que muestra la sobriedad dorada de su voz contra un ritmo latino agudo y n\u00edtido que se complementa efectivamente con una esbelta pausa de clarinete. \u201cI Fall In Love Too Easy\u201d de mxmtoon es una confesi\u00f3n descaradamente rom\u00e1ntica en la que la entrega sincera del cantante est\u00e1 bien acompa\u00f1ada por una guitarra l\u00e1nguida, un piano hormigueante y una trompeta potente.<\/p>\n<p>Dodie dice: \u201c\u00bfQu\u00e9 suerte tengo de poder vivir en el mundo de los suaves y divertidos cantos de Chet para esta magn\u00edfica colecci\u00f3n? Es muy divertido unir nuestros estilos e inclinarnos hacia un lado m\u00e1s jazz\u00edstico. Chet Baker fue mi artista n\u00famero uno en 2023 (aparentemente un fan del 5% superior), as\u00ed que me emocion\u00f3 que me pidieran que eligiera un favorito (aunque esa parte fue dif\u00edcil) y pasar tiempo con su hermosa versi\u00f3n de \u201cOld Devil Moon\u201d. e idear c\u00f3mo podr\u00edamos formar equipo\u201d.<\/p>\n<p><em>Chet Baker Re:imaginado<\/em> sigue el \u00e9xito internacional del <strong><em>Nota azul Re: imaginada<\/em><\/strong>  serie que vio temas innovadores del sello visionario a los que se les dio el sonido del siglo XXI por parte del c\u00edrculo de m\u00fasicos que surgieron de la vibrante escena del jazz de Londres. Uno de los actos principales de esa escena, los ganadores del Premio Mercury Music, Ezra Collective, apareci\u00f3 en <em>Nota Azul Re:imaginada<\/em> y una vez m\u00e1s est\u00e1n representados aqu\u00ed en la forma del trompetista del grupo, Ife Ogunjobi, cuya versi\u00f3n de \u201cSpeak Low\u201d, una canci\u00f3n grabada por primera vez en 1953 por Baker, est\u00e1 impregnada de ritmos afrobeat de percusi\u00f3n y arreglos de teclado et\u00e9reos. Una pieza con un escenario mucho m\u00e1s grandioso es la exuberante orquestal \u201cThere Will Never Be Another You\u201d de Matilda Mann. Su voz angelical flota en medio de un mar de violines, violas y violonchelos que evoca el cl\u00e1sico \u00e1lbum de Baker With Strings. Si esa pieza presenta un tejido musical bien tejido, entonces otros artistas lo reducen a interpretaciones que dejan la voz atrevidamente expuesta. El inquietante \u201cIt&#8217;s Always You\u201d de Puma Blue coloca su tono ronco contra una guitarra el\u00e9ctrica inquietante y puntiaguda.<\/p>\n<p>La delicadamente folkl\u00f3rica \u201cWhile My Lady Sleeps\u201d de Delaney Bailey no es m\u00e1s que letra, guitarra ac\u00fastica y canto de p\u00e1jaros. \u201cBut Not For me\u201d de grentperez es una bossa con un fondo maravilloso. La inventiva trompetista londinense Poppy Daniels interpreta \u201cI&#8217;ve Never Been In Love Before\u201d, escrita originalmente por Frank Loesser para el musical de los a\u00f1os 50. <em>Chicos y mu\u00f1ecas<\/em>. Sara Kang aporta su mezcla personal de jazz, pop y R&#038;B a una versi\u00f3n con tintes gospel de \u201cOld Fashioned\u201d que resalta la belleza discreta de su voz, mientras que Hohnen Ford canaliza a Baker con una interpretaci\u00f3n suave, casi entrecortada, en \u201c Me llevo muy bien sin ti\u201d. Joel Culpepper va en la otra direcci\u00f3n con !Silver Lining\u201d, un tema dulcemente conmovedor que muestra su entrega a todo gas.<\/p>\n<p>las canciones en <em>Chet Baker Re:imaginado<\/em> est\u00e1n impregnados del esp\u00edritu de la estrella del jazz pero tambi\u00e9n logran llevar su legado a nuevos lugares, manteniendo su reverencia mientras exploran nuevas posibilidades creativas. El trompetista-cantante se convirti\u00f3 en un \u00edcono musical porque imprimi\u00f3 su personalidad a la \u00e9poca en la que vivi\u00f3, y los homenajes modernos de los artistas aqu\u00ed son testimonio de la relevancia actual del hombre que inmortaliz\u00f3 las palabras &#8220;me haces sonre\u00edr con mi coraz\u00f3n.&#8217;<em> Chet Baker Re:Imaginado<\/em> revela una gran cantidad de artistas que hacen precisamente eso a su manera especial.<\/p>\n<p>.<\/p>\n","protected":false},"excerpt":{"rendered":"<p>Registros Decca ha anunciado el lanzamiento el 11 de abril de 2025 de Chet Baker Re:Imaginadouna colecci\u00f3n de canciones grabadas por una variada selecci\u00f3n de<\/p>\n","protected":false},"author":1,"featured_media":1257,"comment_status":"closed","ping_status":"","sticky":false,"template":"","format":"standard","meta":{"footnotes":""},"categories":[50],"tags":[136,114,135,170,32,1386,116,1387],"class_list":["post-1256","post","type-post","status-publish","format-standard","has-post-thumbnail","hentry","category-el-ultimo","tag-baker","tag-celebra","tag-chet","tag-coleccion","tag-con","tag-legado","tag-nueva","tag-reimagined","generate-columns","tablet-grid-50","mobile-grid-100","grid-parent","grid-50"],"yoast_head":"<!-- This site is optimized with the Yoast SEO plugin v23.3 - https:\/\/yoast.com\/wordpress\/plugins\/seo\/ -->\n<title>El legado de Chet Baker se celebra con la nueva colecci\u00f3n &#039;Re:Imagined&#039;<\/title>\n<meta name=\"robots\" content=\"index, follow, max-snippet:-1, max-image-preview:large, max-video-preview:-1\" \/>\n<link rel=\"canonical\" href=\"https:\/\/web.consaguirre.com.ar\/noticias\/el-legado-de-chet-baker-se-celebra-con-la-nueva-coleccion-reimagined\/\" \/>\n<meta property=\"og:locale\" content=\"es_ES\" \/>\n<meta property=\"og:type\" content=\"article\" \/>\n<meta property=\"og:title\" content=\"El legado de Chet Baker se celebra con la nueva colecci\u00f3n &#039;Re:Imagined&#039;\" \/>\n<meta property=\"og:description\" content=\"Registros Decca ha anunciado el lanzamiento el 11 de abril de 2025 de Chet Baker Re:Imaginadouna colecci\u00f3n de canciones grabadas por una variada selecci\u00f3n de\" \/>\n<meta property=\"og:url\" content=\"https:\/\/web.consaguirre.com.ar\/noticias\/el-legado-de-chet-baker-se-celebra-con-la-nueva-coleccion-reimagined\/\" \/>\n<meta property=\"og:site_name\" content=\"Conservatorio de M\u00fasica Juli\u00e1n Aguirre\" \/>\n<meta property=\"article:published_time\" content=\"2024-11-29T23:42:40+00:00\" \/>\n<meta property=\"article:modified_time\" content=\"2024-11-29T23:42:41+00:00\" \/>\n<meta property=\"og:image\" content=\"https:\/\/web.consaguirre.com.ar\/noticias\/wp-content\/uploads\/2024\/11\/El-legado-de-Chet-Baker-se-celebra-con-la-nueva.jpg\" \/>\n\t<meta property=\"og:image:width\" content=\"1440\" \/>\n\t<meta property=\"og:image:height\" content=\"864\" \/>\n\t<meta property=\"og:image:type\" content=\"image\/jpeg\" \/>\n<meta name=\"author\" content=\"Javier Figueroa\" \/>\n<meta name=\"twitter:card\" content=\"summary_large_image\" \/>\n<meta name=\"twitter:label1\" content=\"Escrito por\" \/>\n\t<meta name=\"twitter:data1\" content=\"Javier Figueroa\" \/>\n\t<meta name=\"twitter:label2\" content=\"Tiempo de lectura\" \/>\n\t<meta name=\"twitter:data2\" content=\"5 minutos\" \/>\n<script type=\"application\/ld+json\" class=\"yoast-schema-graph\">{\"@context\":\"https:\/\/schema.org\",\"@graph\":[{\"@type\":\"Article\",\"@id\":\"https:\/\/web.consaguirre.com.ar\/noticias\/el-legado-de-chet-baker-se-celebra-con-la-nueva-coleccion-reimagined\/#article\",\"isPartOf\":{\"@id\":\"https:\/\/web.consaguirre.com.ar\/noticias\/el-legado-de-chet-baker-se-celebra-con-la-nueva-coleccion-reimagined\/\"},\"author\":{\"name\":\"Javier Figueroa\",\"@id\":\"https:\/\/web.consaguirre.com.ar\/noticias\/#\/schema\/person\/6558b0cfedee7ddc5425602b237d5722\"},\"headline\":\"El legado de Chet Baker se celebra con la nueva colecci\u00f3n &#8216;Re:Imagined&#8217;\",\"datePublished\":\"2024-11-29T23:42:40+00:00\",\"dateModified\":\"2024-11-29T23:42:41+00:00\",\"mainEntityOfPage\":{\"@id\":\"https:\/\/web.consaguirre.com.ar\/noticias\/el-legado-de-chet-baker-se-celebra-con-la-nueva-coleccion-reimagined\/\"},\"wordCount\":994,\"publisher\":{\"@id\":\"https:\/\/web.consaguirre.com.ar\/noticias\/#organization\"},\"image\":{\"@id\":\"https:\/\/web.consaguirre.com.ar\/noticias\/el-legado-de-chet-baker-se-celebra-con-la-nueva-coleccion-reimagined\/#primaryimage\"},\"thumbnailUrl\":\"https:\/\/web.consaguirre.com.ar\/noticias\/wp-content\/uploads\/2024\/11\/El-legado-de-Chet-Baker-se-celebra-con-la-nueva.jpg\",\"keywords\":[\"Baker\",\"celebra\",\"Chet\",\"colecci\u00f3n\",\"con\",\"legado\",\"nueva\",\"ReImagined\"],\"articleSection\":[\"El \u00faltimo\"],\"inLanguage\":\"es-AR\"},{\"@type\":\"WebPage\",\"@id\":\"https:\/\/web.consaguirre.com.ar\/noticias\/el-legado-de-chet-baker-se-celebra-con-la-nueva-coleccion-reimagined\/\",\"url\":\"https:\/\/web.consaguirre.com.ar\/noticias\/el-legado-de-chet-baker-se-celebra-con-la-nueva-coleccion-reimagined\/\",\"name\":\"El legado de Chet Baker se celebra con la nueva colecci\u00f3n 'Re:Imagined'\",\"isPartOf\":{\"@id\":\"https:\/\/web.consaguirre.com.ar\/noticias\/#website\"},\"primaryImageOfPage\":{\"@id\":\"https:\/\/web.consaguirre.com.ar\/noticias\/el-legado-de-chet-baker-se-celebra-con-la-nueva-coleccion-reimagined\/#primaryimage\"},\"image\":{\"@id\":\"https:\/\/web.consaguirre.com.ar\/noticias\/el-legado-de-chet-baker-se-celebra-con-la-nueva-coleccion-reimagined\/#primaryimage\"},\"thumbnailUrl\":\"https:\/\/web.consaguirre.com.ar\/noticias\/wp-content\/uploads\/2024\/11\/El-legado-de-Chet-Baker-se-celebra-con-la-nueva.jpg\",\"datePublished\":\"2024-11-29T23:42:40+00:00\",\"dateModified\":\"2024-11-29T23:42:41+00:00\",\"breadcrumb\":{\"@id\":\"https:\/\/web.consaguirre.com.ar\/noticias\/el-legado-de-chet-baker-se-celebra-con-la-nueva-coleccion-reimagined\/#breadcrumb\"},\"inLanguage\":\"es-AR\",\"potentialAction\":[{\"@type\":\"ReadAction\",\"target\":[\"https:\/\/web.consaguirre.com.ar\/noticias\/el-legado-de-chet-baker-se-celebra-con-la-nueva-coleccion-reimagined\/\"]}]},{\"@type\":\"ImageObject\",\"inLanguage\":\"es-AR\",\"@id\":\"https:\/\/web.consaguirre.com.ar\/noticias\/el-legado-de-chet-baker-se-celebra-con-la-nueva-coleccion-reimagined\/#primaryimage\",\"url\":\"https:\/\/web.consaguirre.com.ar\/noticias\/wp-content\/uploads\/2024\/11\/El-legado-de-Chet-Baker-se-celebra-con-la-nueva.jpg\",\"contentUrl\":\"https:\/\/web.consaguirre.com.ar\/noticias\/wp-content\/uploads\/2024\/11\/El-legado-de-Chet-Baker-se-celebra-con-la-nueva.jpg\",\"width\":1440,\"height\":864,\"caption\":\"Chet-Baker-Re:Imagined-Album\"},{\"@type\":\"BreadcrumbList\",\"@id\":\"https:\/\/web.consaguirre.com.ar\/noticias\/el-legado-de-chet-baker-se-celebra-con-la-nueva-coleccion-reimagined\/#breadcrumb\",\"itemListElement\":[{\"@type\":\"ListItem\",\"position\":1,\"name\":\"Inicio\",\"item\":\"https:\/\/web.consaguirre.com.ar\/noticias\/\"},{\"@type\":\"ListItem\",\"position\":2,\"name\":\"El legado de Chet Baker se celebra con la nueva colecci\u00f3n &#8216;Re:Imagined&#8217;\"}]},{\"@type\":\"WebSite\",\"@id\":\"https:\/\/web.consaguirre.com.ar\/noticias\/#website\",\"url\":\"https:\/\/web.consaguirre.com.ar\/noticias\/\",\"name\":\"Conservatorio de M\u00fasica Juli\u00e1n Aguirre\",\"description\":\"\",\"publisher\":{\"@id\":\"https:\/\/web.consaguirre.com.ar\/noticias\/#organization\"},\"potentialAction\":[{\"@type\":\"SearchAction\",\"target\":{\"@type\":\"EntryPoint\",\"urlTemplate\":\"https:\/\/web.consaguirre.com.ar\/noticias\/?s={search_term_string}\"},\"query-input\":\"required name=search_term_string\"}],\"inLanguage\":\"es-AR\"},{\"@type\":\"Organization\",\"@id\":\"https:\/\/web.consaguirre.com.ar\/noticias\/#organization\",\"name\":\"Conservatorio de M\u00fasica Juli\u00e1n Aguirre\",\"url\":\"https:\/\/web.consaguirre.com.ar\/noticias\/\",\"logo\":{\"@type\":\"ImageObject\",\"inLanguage\":\"es-AR\",\"@id\":\"https:\/\/web.consaguirre.com.ar\/noticias\/#\/schema\/logo\/image\/\",\"url\":\"https:\/\/web.consaguirre.com.ar\/noticias\/wp-content\/uploads\/2024\/08\/Banner-Aguirre-23.jpg\",\"contentUrl\":\"https:\/\/web.consaguirre.com.ar\/noticias\/wp-content\/uploads\/2024\/08\/Banner-Aguirre-23.jpg\",\"width\":1192,\"height\":600,\"caption\":\"Conservatorio de M\u00fasica Juli\u00e1n Aguirre\"},\"image\":{\"@id\":\"https:\/\/web.consaguirre.com.ar\/noticias\/#\/schema\/logo\/image\/\"}},{\"@type\":\"Person\",\"@id\":\"https:\/\/web.consaguirre.com.ar\/noticias\/#\/schema\/person\/6558b0cfedee7ddc5425602b237d5722\",\"name\":\"Javier Figueroa\",\"image\":{\"@type\":\"ImageObject\",\"inLanguage\":\"es-AR\",\"@id\":\"https:\/\/web.consaguirre.com.ar\/noticias\/#\/schema\/person\/image\/\",\"url\":\"https:\/\/web.consaguirre.com.ar\/noticias\/wp-content\/uploads\/2024\/08\/Consaguirre-scaled.jpg\",\"contentUrl\":\"https:\/\/web.consaguirre.com.ar\/noticias\/wp-content\/uploads\/2024\/08\/Consaguirre-scaled.jpg\",\"caption\":\"Javier Figueroa\"},\"description\":\"Me llamo Javier Figueroa y soy redactor para el sitio oficial del Conservatorio de M\u00fasica Juli\u00e1n Aguirre en Buenos Aires, consaguirre.com. Apasionado por la m\u00fasica y la escritura, me esfuerzo por destacar los talentos y eventos de nuestra prestigiosa instituci\u00f3n. Mi trayectoria se nutre de una profunda admiraci\u00f3n por los artistas, haciendo de cada art\u00edculo una celebraci\u00f3n de la creatividad y la cultura musical.\",\"sameAs\":[\"https:\/\/web.consaguirre.com.ar\/noticias\"]}]}<\/script>\n<!-- \/ Yoast SEO plugin. -->","yoast_head_json":{"title":"El legado de Chet Baker se celebra con la nueva colecci\u00f3n 'Re:Imagined'","robots":{"index":"index","follow":"follow","max-snippet":"max-snippet:-1","max-image-preview":"max-image-preview:large","max-video-preview":"max-video-preview:-1"},"canonical":"https:\/\/web.consaguirre.com.ar\/noticias\/el-legado-de-chet-baker-se-celebra-con-la-nueva-coleccion-reimagined\/","og_locale":"es_ES","og_type":"article","og_title":"El legado de Chet Baker se celebra con la nueva colecci\u00f3n 'Re:Imagined'","og_description":"Registros Decca ha anunciado el lanzamiento el 11 de abril de 2025 de Chet Baker Re:Imaginadouna colecci\u00f3n de canciones grabadas por una variada selecci\u00f3n de","og_url":"https:\/\/web.consaguirre.com.ar\/noticias\/el-legado-de-chet-baker-se-celebra-con-la-nueva-coleccion-reimagined\/","og_site_name":"Conservatorio de M\u00fasica Juli\u00e1n Aguirre","article_published_time":"2024-11-29T23:42:40+00:00","article_modified_time":"2024-11-29T23:42:41+00:00","og_image":[{"width":1440,"height":864,"url":"https:\/\/web.consaguirre.com.ar\/noticias\/wp-content\/uploads\/2024\/11\/El-legado-de-Chet-Baker-se-celebra-con-la-nueva.jpg","type":"image\/jpeg"}],"author":"Javier Figueroa","twitter_card":"summary_large_image","twitter_misc":{"Escrito por":"Javier Figueroa","Tiempo de lectura":"5 minutos"},"schema":{"@context":"https:\/\/schema.org","@graph":[{"@type":"Article","@id":"https:\/\/web.consaguirre.com.ar\/noticias\/el-legado-de-chet-baker-se-celebra-con-la-nueva-coleccion-reimagined\/#article","isPartOf":{"@id":"https:\/\/web.consaguirre.com.ar\/noticias\/el-legado-de-chet-baker-se-celebra-con-la-nueva-coleccion-reimagined\/"},"author":{"name":"Javier Figueroa","@id":"https:\/\/web.consaguirre.com.ar\/noticias\/#\/schema\/person\/6558b0cfedee7ddc5425602b237d5722"},"headline":"El legado de Chet Baker se celebra con la nueva colecci\u00f3n &#8216;Re:Imagined&#8217;","datePublished":"2024-11-29T23:42:40+00:00","dateModified":"2024-11-29T23:42:41+00:00","mainEntityOfPage":{"@id":"https:\/\/web.consaguirre.com.ar\/noticias\/el-legado-de-chet-baker-se-celebra-con-la-nueva-coleccion-reimagined\/"},"wordCount":994,"publisher":{"@id":"https:\/\/web.consaguirre.com.ar\/noticias\/#organization"},"image":{"@id":"https:\/\/web.consaguirre.com.ar\/noticias\/el-legado-de-chet-baker-se-celebra-con-la-nueva-coleccion-reimagined\/#primaryimage"},"thumbnailUrl":"https:\/\/web.consaguirre.com.ar\/noticias\/wp-content\/uploads\/2024\/11\/El-legado-de-Chet-Baker-se-celebra-con-la-nueva.jpg","keywords":["Baker","celebra","Chet","colecci\u00f3n","con","legado","nueva","ReImagined"],"articleSection":["El \u00faltimo"],"inLanguage":"es-AR"},{"@type":"WebPage","@id":"https:\/\/web.consaguirre.com.ar\/noticias\/el-legado-de-chet-baker-se-celebra-con-la-nueva-coleccion-reimagined\/","url":"https:\/\/web.consaguirre.com.ar\/noticias\/el-legado-de-chet-baker-se-celebra-con-la-nueva-coleccion-reimagined\/","name":"El legado de Chet Baker se celebra con la nueva colecci\u00f3n 'Re:Imagined'","isPartOf":{"@id":"https:\/\/web.consaguirre.com.ar\/noticias\/#website"},"primaryImageOfPage":{"@id":"https:\/\/web.consaguirre.com.ar\/noticias\/el-legado-de-chet-baker-se-celebra-con-la-nueva-coleccion-reimagined\/#primaryimage"},"image":{"@id":"https:\/\/web.consaguirre.com.ar\/noticias\/el-legado-de-chet-baker-se-celebra-con-la-nueva-coleccion-reimagined\/#primaryimage"},"thumbnailUrl":"https:\/\/web.consaguirre.com.ar\/noticias\/wp-content\/uploads\/2024\/11\/El-legado-de-Chet-Baker-se-celebra-con-la-nueva.jpg","datePublished":"2024-11-29T23:42:40+00:00","dateModified":"2024-11-29T23:42:41+00:00","breadcrumb":{"@id":"https:\/\/web.consaguirre.com.ar\/noticias\/el-legado-de-chet-baker-se-celebra-con-la-nueva-coleccion-reimagined\/#breadcrumb"},"inLanguage":"es-AR","potentialAction":[{"@type":"ReadAction","target":["https:\/\/web.consaguirre.com.ar\/noticias\/el-legado-de-chet-baker-se-celebra-con-la-nueva-coleccion-reimagined\/"]}]},{"@type":"ImageObject","inLanguage":"es-AR","@id":"https:\/\/web.consaguirre.com.ar\/noticias\/el-legado-de-chet-baker-se-celebra-con-la-nueva-coleccion-reimagined\/#primaryimage","url":"https:\/\/web.consaguirre.com.ar\/noticias\/wp-content\/uploads\/2024\/11\/El-legado-de-Chet-Baker-se-celebra-con-la-nueva.jpg","contentUrl":"https:\/\/web.consaguirre.com.ar\/noticias\/wp-content\/uploads\/2024\/11\/El-legado-de-Chet-Baker-se-celebra-con-la-nueva.jpg","width":1440,"height":864,"caption":"Chet-Baker-Re:Imagined-Album"},{"@type":"BreadcrumbList","@id":"https:\/\/web.consaguirre.com.ar\/noticias\/el-legado-de-chet-baker-se-celebra-con-la-nueva-coleccion-reimagined\/#breadcrumb","itemListElement":[{"@type":"ListItem","position":1,"name":"Inicio","item":"https:\/\/web.consaguirre.com.ar\/noticias\/"},{"@type":"ListItem","position":2,"name":"El legado de Chet Baker se celebra con la nueva colecci\u00f3n &#8216;Re:Imagined&#8217;"}]},{"@type":"WebSite","@id":"https:\/\/web.consaguirre.com.ar\/noticias\/#website","url":"https:\/\/web.consaguirre.com.ar\/noticias\/","name":"Conservatorio de M\u00fasica Juli\u00e1n Aguirre","description":"","publisher":{"@id":"https:\/\/web.consaguirre.com.ar\/noticias\/#organization"},"potentialAction":[{"@type":"SearchAction","target":{"@type":"EntryPoint","urlTemplate":"https:\/\/web.consaguirre.com.ar\/noticias\/?s={search_term_string}"},"query-input":"required name=search_term_string"}],"inLanguage":"es-AR"},{"@type":"Organization","@id":"https:\/\/web.consaguirre.com.ar\/noticias\/#organization","name":"Conservatorio de M\u00fasica Juli\u00e1n Aguirre","url":"https:\/\/web.consaguirre.com.ar\/noticias\/","logo":{"@type":"ImageObject","inLanguage":"es-AR","@id":"https:\/\/web.consaguirre.com.ar\/noticias\/#\/schema\/logo\/image\/","url":"https:\/\/web.consaguirre.com.ar\/noticias\/wp-content\/uploads\/2024\/08\/Banner-Aguirre-23.jpg","contentUrl":"https:\/\/web.consaguirre.com.ar\/noticias\/wp-content\/uploads\/2024\/08\/Banner-Aguirre-23.jpg","width":1192,"height":600,"caption":"Conservatorio de M\u00fasica Juli\u00e1n Aguirre"},"image":{"@id":"https:\/\/web.consaguirre.com.ar\/noticias\/#\/schema\/logo\/image\/"}},{"@type":"Person","@id":"https:\/\/web.consaguirre.com.ar\/noticias\/#\/schema\/person\/6558b0cfedee7ddc5425602b237d5722","name":"Javier Figueroa","image":{"@type":"ImageObject","inLanguage":"es-AR","@id":"https:\/\/web.consaguirre.com.ar\/noticias\/#\/schema\/person\/image\/","url":"https:\/\/web.consaguirre.com.ar\/noticias\/wp-content\/uploads\/2024\/08\/Consaguirre-scaled.jpg","contentUrl":"https:\/\/web.consaguirre.com.ar\/noticias\/wp-content\/uploads\/2024\/08\/Consaguirre-scaled.jpg","caption":"Javier Figueroa"},"description":"Me llamo Javier Figueroa y soy redactor para el sitio oficial del Conservatorio de M\u00fasica Juli\u00e1n Aguirre en Buenos Aires, consaguirre.com. Apasionado por la m\u00fasica y la escritura, me esfuerzo por destacar los talentos y eventos de nuestra prestigiosa instituci\u00f3n. Mi trayectoria se nutre de una profunda admiraci\u00f3n por los artistas, haciendo de cada art\u00edculo una celebraci\u00f3n de la creatividad y la cultura musical.","sameAs":["https:\/\/web.consaguirre.com.ar\/noticias"]}]}},"_links":{"self":[{"href":"https:\/\/web.consaguirre.com.ar\/noticias\/wp-json\/wp\/v2\/posts\/1256"}],"collection":[{"href":"https:\/\/web.consaguirre.com.ar\/noticias\/wp-json\/wp\/v2\/posts"}],"about":[{"href":"https:\/\/web.consaguirre.com.ar\/noticias\/wp-json\/wp\/v2\/types\/post"}],"author":[{"embeddable":true,"href":"https:\/\/web.consaguirre.com.ar\/noticias\/wp-json\/wp\/v2\/users\/1"}],"replies":[{"embeddable":true,"href":"https:\/\/web.consaguirre.com.ar\/noticias\/wp-json\/wp\/v2\/comments?post=1256"}],"version-history":[{"count":1,"href":"https:\/\/web.consaguirre.com.ar\/noticias\/wp-json\/wp\/v2\/posts\/1256\/revisions"}],"predecessor-version":[{"id":1258,"href":"https:\/\/web.consaguirre.com.ar\/noticias\/wp-json\/wp\/v2\/posts\/1256\/revisions\/1258"}],"wp:featuredmedia":[{"embeddable":true,"href":"https:\/\/web.consaguirre.com.ar\/noticias\/wp-json\/wp\/v2\/media\/1257"}],"wp:attachment":[{"href":"https:\/\/web.consaguirre.com.ar\/noticias\/wp-json\/wp\/v2\/media?parent=1256"}],"wp:term":[{"taxonomy":"category","embeddable":true,"href":"https:\/\/web.consaguirre.com.ar\/noticias\/wp-json\/wp\/v2\/categories?post=1256"},{"taxonomy":"post_tag","embeddable":true,"href":"https:\/\/web.consaguirre.com.ar\/noticias\/wp-json\/wp\/v2\/tags?post=1256"}],"curies":[{"name":"wp","href":"https:\/\/api.w.org\/{rel}","templated":true}]}}