{"id":1226,"date":"2024-11-27T11:39:15","date_gmt":"2024-11-27T14:39:15","guid":{"rendered":"https:\/\/web.consaguirre.com.ar\/noticias\/john-legend-lanza-el-album-para-ninos-y-familias-my-favourite-dream\/"},"modified":"2024-11-27T11:39:17","modified_gmt":"2024-11-27T14:39:17","slug":"john-legend-lanza-el-album-para-ninos-y-familias-my-favourite-dream","status":"publish","type":"post","link":"https:\/\/web.consaguirre.com.ar\/noticias\/john-legend-lanza-el-album-para-ninos-y-familias-my-favourite-dream\/","title":{"rendered":"John Legend lanza el \u00e1lbum para ni\u00f1os y familias &#8216;My Favourite Dream&#8217;"},"content":{"rendered":"<p><strong>Juan Leyenda<\/strong> ha lanzado un nuevo \u00e1lbum para ni\u00f1os y familias, <em>mi sue\u00f1o favorito<\/em>a trav\u00e9s de <strong>Registros de la Rep\u00fablica<\/strong>.<\/p>\n<p>Coproductor ejecutivo de Legend <em>mi sue\u00f1o favorito<\/em> con el cantautor y multiinstrumentista Sufjan Stevens, quien tambi\u00e9n actu\u00f3 como productor del proyecto. Al crear el \u00e1lbum, Legend quer\u00eda que la primera mitad reflejara el ritmo y la energ\u00eda \u201cpegadizos y divertidos\u201d de las clases de m\u00fasica a las que asisten sus hijos, donde cantan y tocan instrumentos de percusi\u00f3n. A su vez, la segunda mitad irradia un ambiente m\u00e1s calmante y listo para dormir.<\/p>\n<p>Al trabajar con Stevens por primera vez, Legend elogia el \u201csentido de fantas\u00eda, aventura y enso\u00f1aci\u00f3n\u201d del artista independiente. Simplemente sent\u00ed que su enfoque musical ser\u00eda perfecto para crear arreglos y paisajes sonoros que complementaran las canciones. Cuando pensaba en qui\u00e9n podr\u00eda darle vida a estas canciones conmigo, \u00e9l era la primera y \u00fanica opci\u00f3n. Me alegro mucho de que haya dicho &#8220;s\u00ed&#8221;. &#8220;<\/p>\n<p>Compuesto por nueve temas originales de Legend y tres canciones reinventadas para Fisher-Price, este \u00e1lbum no es la t\u00edpica lista de reproducci\u00f3n infantil. <em>mi sue\u00f1o favorito<\/em> se mantiene fiel al estilo de Legend de melod\u00edas sensuales y conmovedoras infundidas con elementos de piano cl\u00e1sico. Adem\u00e1s, presenta a su esposa Chrissy Teigen, su hija Luna y su hijo Miles.<\/p>\n<div class=\"uD-YT-container\"><img decoding=\"async\" src=\"https:\/\/web.consaguirre.com.ar\/noticias\/wp-content\/uploads\/2024\/11\/1732718355_529_John-Legend-lanza-el-album-para-ninos-y-familias-My.jpg\" alt=\"V\u00eddeo de YouTube\"><br \/>Haga clic para cargar v\u00eddeo<\/div>\n<p>Como padre, Legend comprende el poder de crear h\u00e1bitos de afirmaciones positivas y c\u00f3mo las palabras y la m\u00fasica pueden afectar la confianza, el desarrollo del car\u00e1cter y la integridad de los ni\u00f1os.<\/p>\n<p>\u201cEstoy justo en medio de la paternidad\u201d, dice Legend, padre de su hija Luna (8), su hijo Miles (6) y dos ni\u00f1os peque\u00f1os, su hija Esti y su hijo Wren. \u201cA mis padres les encantaba cantar en casa, inventarnos canciones para dormir y canciones para motivarnos e inspirarnos. Y a Chrissy y a m\u00ed tambi\u00e9n nos encanta cantarles a nuestros hijos. Les inventamos peque\u00f1os jingles y cancioncillas todo el tiempo. En nuestro hogar, la m\u00fasica es muy importante para la forma en que interactuamos y nos comunicamos con ellos\u201d.<\/p>\n<p>Y eso es lo que provoc\u00f3 <em>mi sue\u00f1o favorito<\/em>. Por sugerencia de su esposa, Legend toc\u00f3 su propia interpretaci\u00f3n de una de las canciones favoritas de sus beb\u00e9s, \u201cMaybe\u201d, el exitoso sencillo sobre un mono morado en un \u00e1rbol de chicle del galardonado Fisher-Price Kick &#038; Play Piano Gym. Teigen y Legend luego compartieron un video de \u00e9l dando una serenata a su hija Esti en el piano familiar. El conmovedor momento inspir\u00f3 a los fan\u00e1ticos a alentar a Legend a lanzar un \u00e1lbum de canciones y canciones de cuna para ni\u00f1os.<\/p>\n<p>\u201cUna vez que comenc\u00e9 a pensar en ello, decid\u00ed que quer\u00eda escribir un \u00e1lbum infantil completamente nuevo\u201d, recuerda Legend. &#8220;Simplemente lo asum\u00ed como un desaf\u00edo: escribir algunas canciones de cuna y canciones infantiles originales que me gustar\u00eda que mis hijos escucharan, algo que pudi\u00e9ramos compartir con ni\u00f1os y padres de todo el mundo&#8221;.<\/p>\n<p>Respecto al sencillo principal del \u00e1lbum, \u201cLOVE\u201d, Legend dijo: \u201cEl amor es el tema central en gran parte de mi vida, desde la familia hasta la m\u00fasica, el trabajo filantr\u00f3pico y todo lo que hago en los negocios\u201d, agrega. \u201cEsta canci\u00f3n captura el esp\u00edritu de lo que siempre quise que fuera este \u00e1lbum. Lo escrib\u00ed como un himno para celebrar nuestra humanidad com\u00fan y hacer sonre\u00edr a la gente. Espero que esta canci\u00f3n sea edificante e inspiradora para todos\u201d.<\/p>\n<p>Temas para ni\u00f1os en <em>mi sue\u00f1o favorito<\/em> van desde el poder del amor hasta c\u00f3mo lidiar con la tristeza y temas relacionados con la comodidad y la familia. Y est\u00e1 dise\u00f1ado de una manera que toda la familia pueda disfrutar junta.<\/p>\n<p>\u201cEspero que inspire (a las familias) y les haga amar a\u00fan m\u00e1s la m\u00fasica. Espero que el \u00e1lbum les d\u00e9 (a las familias) algo con lo que unirse\u201d. Legend dijo en una entrevista con Parents: \u201c\u00a1Y, con suerte, (el \u00e1lbum) har\u00e1 que los ni\u00f1os se duerman!\u201d<\/p>\n<p><strong>Comprar o transmitir <em>mi sue\u00f1o favorito<\/em><\/strong>.<\/p>\n","protected":false},"excerpt":{"rendered":"<p>Juan Leyenda ha lanzado un nuevo \u00e1lbum para ni\u00f1os y familias, mi sue\u00f1o favoritoa trav\u00e9s de Registros de la Rep\u00fablica. Coproductor ejecutivo de Legend mi<\/p>\n","protected":false},"author":1,"featured_media":1227,"comment_status":"closed","ping_status":"","sticky":false,"template":"","format":"standard","meta":{"footnotes":""},"categories":[50],"tags":[147,1359,1357,1358,91,218,1355,1356,154],"class_list":["post-1226","post","type-post","status-publish","format-standard","has-post-thumbnail","hentry","category-el-ultimo","tag-album","tag-dream","tag-familias","tag-favourite","tag-john","tag-lanza","tag-legend","tag-ninos","tag-para","generate-columns","tablet-grid-50","mobile-grid-100","grid-parent","grid-50"],"yoast_head":"<!-- This site is optimized with the Yoast SEO plugin v23.3 - https:\/\/yoast.com\/wordpress\/plugins\/seo\/ -->\n<title>John Legend lanza el \u00e1lbum para ni\u00f1os y familias &#039;My Favourite Dream&#039;<\/title>\n<meta name=\"robots\" content=\"index, follow, max-snippet:-1, max-image-preview:large, max-video-preview:-1\" \/>\n<link rel=\"canonical\" href=\"https:\/\/web.consaguirre.com.ar\/noticias\/john-legend-lanza-el-album-para-ninos-y-familias-my-favourite-dream\/\" \/>\n<meta property=\"og:locale\" content=\"es_ES\" \/>\n<meta property=\"og:type\" content=\"article\" \/>\n<meta property=\"og:title\" content=\"John Legend lanza el \u00e1lbum para ni\u00f1os y familias &#039;My Favourite Dream&#039;\" \/>\n<meta property=\"og:description\" content=\"Juan Leyenda ha lanzado un nuevo \u00e1lbum para ni\u00f1os y familias, mi sue\u00f1o favoritoa trav\u00e9s de Registros de la Rep\u00fablica. Coproductor ejecutivo de Legend mi\" \/>\n<meta property=\"og:url\" content=\"https:\/\/web.consaguirre.com.ar\/noticias\/john-legend-lanza-el-album-para-ninos-y-familias-my-favourite-dream\/\" \/>\n<meta property=\"og:site_name\" content=\"Conservatorio de M\u00fasica Juli\u00e1n Aguirre\" \/>\n<meta property=\"article:published_time\" content=\"2024-11-27T14:39:15+00:00\" \/>\n<meta property=\"article:modified_time\" content=\"2024-11-27T14:39:17+00:00\" \/>\n<meta property=\"og:image\" content=\"https:\/\/web.consaguirre.com.ar\/noticias\/wp-content\/uploads\/2024\/11\/John-Legend-lanza-el-album-para-ninos-y-familias-My.jpg\" \/>\n\t<meta property=\"og:image:width\" content=\"1440\" \/>\n\t<meta property=\"og:image:height\" content=\"864\" \/>\n\t<meta property=\"og:image:type\" content=\"image\/jpeg\" \/>\n<meta name=\"author\" content=\"Javier Figueroa\" \/>\n<meta name=\"twitter:card\" content=\"summary_large_image\" \/>\n<meta name=\"twitter:label1\" content=\"Escrito por\" \/>\n\t<meta name=\"twitter:data1\" content=\"Javier Figueroa\" \/>\n\t<meta name=\"twitter:label2\" content=\"Tiempo de lectura\" \/>\n\t<meta name=\"twitter:data2\" content=\"4 minutos\" \/>\n<script type=\"application\/ld+json\" class=\"yoast-schema-graph\">{\"@context\":\"https:\/\/schema.org\",\"@graph\":[{\"@type\":\"Article\",\"@id\":\"https:\/\/web.consaguirre.com.ar\/noticias\/john-legend-lanza-el-album-para-ninos-y-familias-my-favourite-dream\/#article\",\"isPartOf\":{\"@id\":\"https:\/\/web.consaguirre.com.ar\/noticias\/john-legend-lanza-el-album-para-ninos-y-familias-my-favourite-dream\/\"},\"author\":{\"name\":\"Javier Figueroa\",\"@id\":\"https:\/\/web.consaguirre.com.ar\/noticias\/#\/schema\/person\/6558b0cfedee7ddc5425602b237d5722\"},\"headline\":\"John Legend lanza el \u00e1lbum para ni\u00f1os y familias &#8216;My Favourite Dream&#8217;\",\"datePublished\":\"2024-11-27T14:39:15+00:00\",\"dateModified\":\"2024-11-27T14:39:17+00:00\",\"mainEntityOfPage\":{\"@id\":\"https:\/\/web.consaguirre.com.ar\/noticias\/john-legend-lanza-el-album-para-ninos-y-familias-my-favourite-dream\/\"},\"wordCount\":729,\"publisher\":{\"@id\":\"https:\/\/web.consaguirre.com.ar\/noticias\/#organization\"},\"image\":{\"@id\":\"https:\/\/web.consaguirre.com.ar\/noticias\/john-legend-lanza-el-album-para-ninos-y-familias-my-favourite-dream\/#primaryimage\"},\"thumbnailUrl\":\"https:\/\/web.consaguirre.com.ar\/noticias\/wp-content\/uploads\/2024\/11\/John-Legend-lanza-el-album-para-ninos-y-familias-My.jpg\",\"keywords\":[\"\u00e1lbum\",\"Dream\",\"familias\",\"Favourite\",\"John\",\"lanza\",\"Legend\",\"ni\u00f1os\",\"para\"],\"articleSection\":[\"El \u00faltimo\"],\"inLanguage\":\"es-AR\"},{\"@type\":\"WebPage\",\"@id\":\"https:\/\/web.consaguirre.com.ar\/noticias\/john-legend-lanza-el-album-para-ninos-y-familias-my-favourite-dream\/\",\"url\":\"https:\/\/web.consaguirre.com.ar\/noticias\/john-legend-lanza-el-album-para-ninos-y-familias-my-favourite-dream\/\",\"name\":\"John Legend lanza el \u00e1lbum para ni\u00f1os y familias 'My Favourite Dream'\",\"isPartOf\":{\"@id\":\"https:\/\/web.consaguirre.com.ar\/noticias\/#website\"},\"primaryImageOfPage\":{\"@id\":\"https:\/\/web.consaguirre.com.ar\/noticias\/john-legend-lanza-el-album-para-ninos-y-familias-my-favourite-dream\/#primaryimage\"},\"image\":{\"@id\":\"https:\/\/web.consaguirre.com.ar\/noticias\/john-legend-lanza-el-album-para-ninos-y-familias-my-favourite-dream\/#primaryimage\"},\"thumbnailUrl\":\"https:\/\/web.consaguirre.com.ar\/noticias\/wp-content\/uploads\/2024\/11\/John-Legend-lanza-el-album-para-ninos-y-familias-My.jpg\",\"datePublished\":\"2024-11-27T14:39:15+00:00\",\"dateModified\":\"2024-11-27T14:39:17+00:00\",\"breadcrumb\":{\"@id\":\"https:\/\/web.consaguirre.com.ar\/noticias\/john-legend-lanza-el-album-para-ninos-y-familias-my-favourite-dream\/#breadcrumb\"},\"inLanguage\":\"es-AR\",\"potentialAction\":[{\"@type\":\"ReadAction\",\"target\":[\"https:\/\/web.consaguirre.com.ar\/noticias\/john-legend-lanza-el-album-para-ninos-y-familias-my-favourite-dream\/\"]}]},{\"@type\":\"ImageObject\",\"inLanguage\":\"es-AR\",\"@id\":\"https:\/\/web.consaguirre.com.ar\/noticias\/john-legend-lanza-el-album-para-ninos-y-familias-my-favourite-dream\/#primaryimage\",\"url\":\"https:\/\/web.consaguirre.com.ar\/noticias\/wp-content\/uploads\/2024\/11\/John-Legend-lanza-el-album-para-ninos-y-familias-My.jpg\",\"contentUrl\":\"https:\/\/web.consaguirre.com.ar\/noticias\/wp-content\/uploads\/2024\/11\/John-Legend-lanza-el-album-para-ninos-y-familias-My.jpg\",\"width\":1440,\"height\":864,\"caption\":\"John-Legend-Childrens-Album-My-Favorite-Dream\"},{\"@type\":\"BreadcrumbList\",\"@id\":\"https:\/\/web.consaguirre.com.ar\/noticias\/john-legend-lanza-el-album-para-ninos-y-familias-my-favourite-dream\/#breadcrumb\",\"itemListElement\":[{\"@type\":\"ListItem\",\"position\":1,\"name\":\"Inicio\",\"item\":\"https:\/\/web.consaguirre.com.ar\/noticias\/\"},{\"@type\":\"ListItem\",\"position\":2,\"name\":\"John Legend lanza el \u00e1lbum para ni\u00f1os y familias &#8216;My Favourite Dream&#8217;\"}]},{\"@type\":\"WebSite\",\"@id\":\"https:\/\/web.consaguirre.com.ar\/noticias\/#website\",\"url\":\"https:\/\/web.consaguirre.com.ar\/noticias\/\",\"name\":\"Conservatorio de M\u00fasica Juli\u00e1n Aguirre\",\"description\":\"\",\"publisher\":{\"@id\":\"https:\/\/web.consaguirre.com.ar\/noticias\/#organization\"},\"potentialAction\":[{\"@type\":\"SearchAction\",\"target\":{\"@type\":\"EntryPoint\",\"urlTemplate\":\"https:\/\/web.consaguirre.com.ar\/noticias\/?s={search_term_string}\"},\"query-input\":\"required name=search_term_string\"}],\"inLanguage\":\"es-AR\"},{\"@type\":\"Organization\",\"@id\":\"https:\/\/web.consaguirre.com.ar\/noticias\/#organization\",\"name\":\"Conservatorio de M\u00fasica Juli\u00e1n Aguirre\",\"url\":\"https:\/\/web.consaguirre.com.ar\/noticias\/\",\"logo\":{\"@type\":\"ImageObject\",\"inLanguage\":\"es-AR\",\"@id\":\"https:\/\/web.consaguirre.com.ar\/noticias\/#\/schema\/logo\/image\/\",\"url\":\"https:\/\/web.consaguirre.com.ar\/noticias\/wp-content\/uploads\/2024\/08\/Banner-Aguirre-23.jpg\",\"contentUrl\":\"https:\/\/web.consaguirre.com.ar\/noticias\/wp-content\/uploads\/2024\/08\/Banner-Aguirre-23.jpg\",\"width\":1192,\"height\":600,\"caption\":\"Conservatorio de M\u00fasica Juli\u00e1n Aguirre\"},\"image\":{\"@id\":\"https:\/\/web.consaguirre.com.ar\/noticias\/#\/schema\/logo\/image\/\"}},{\"@type\":\"Person\",\"@id\":\"https:\/\/web.consaguirre.com.ar\/noticias\/#\/schema\/person\/6558b0cfedee7ddc5425602b237d5722\",\"name\":\"Javier Figueroa\",\"image\":{\"@type\":\"ImageObject\",\"inLanguage\":\"es-AR\",\"@id\":\"https:\/\/web.consaguirre.com.ar\/noticias\/#\/schema\/person\/image\/\",\"url\":\"https:\/\/web.consaguirre.com.ar\/noticias\/wp-content\/uploads\/2024\/08\/Consaguirre-scaled.jpg\",\"contentUrl\":\"https:\/\/web.consaguirre.com.ar\/noticias\/wp-content\/uploads\/2024\/08\/Consaguirre-scaled.jpg\",\"caption\":\"Javier Figueroa\"},\"description\":\"Me llamo Javier Figueroa y soy redactor para el sitio oficial del Conservatorio de M\u00fasica Juli\u00e1n Aguirre en Buenos Aires, consaguirre.com. Apasionado por la m\u00fasica y la escritura, me esfuerzo por destacar los talentos y eventos de nuestra prestigiosa instituci\u00f3n. Mi trayectoria se nutre de una profunda admiraci\u00f3n por los artistas, haciendo de cada art\u00edculo una celebraci\u00f3n de la creatividad y la cultura musical.\",\"sameAs\":[\"https:\/\/web.consaguirre.com.ar\/noticias\"]}]}<\/script>\n<!-- \/ Yoast SEO plugin. -->","yoast_head_json":{"title":"John Legend lanza el \u00e1lbum para ni\u00f1os y familias 'My Favourite Dream'","robots":{"index":"index","follow":"follow","max-snippet":"max-snippet:-1","max-image-preview":"max-image-preview:large","max-video-preview":"max-video-preview:-1"},"canonical":"https:\/\/web.consaguirre.com.ar\/noticias\/john-legend-lanza-el-album-para-ninos-y-familias-my-favourite-dream\/","og_locale":"es_ES","og_type":"article","og_title":"John Legend lanza el \u00e1lbum para ni\u00f1os y familias 'My Favourite Dream'","og_description":"Juan Leyenda ha lanzado un nuevo \u00e1lbum para ni\u00f1os y familias, mi sue\u00f1o favoritoa trav\u00e9s de Registros de la Rep\u00fablica. Coproductor ejecutivo de Legend mi","og_url":"https:\/\/web.consaguirre.com.ar\/noticias\/john-legend-lanza-el-album-para-ninos-y-familias-my-favourite-dream\/","og_site_name":"Conservatorio de M\u00fasica Juli\u00e1n Aguirre","article_published_time":"2024-11-27T14:39:15+00:00","article_modified_time":"2024-11-27T14:39:17+00:00","og_image":[{"width":1440,"height":864,"url":"https:\/\/web.consaguirre.com.ar\/noticias\/wp-content\/uploads\/2024\/11\/John-Legend-lanza-el-album-para-ninos-y-familias-My.jpg","type":"image\/jpeg"}],"author":"Javier Figueroa","twitter_card":"summary_large_image","twitter_misc":{"Escrito por":"Javier Figueroa","Tiempo de lectura":"4 minutos"},"schema":{"@context":"https:\/\/schema.org","@graph":[{"@type":"Article","@id":"https:\/\/web.consaguirre.com.ar\/noticias\/john-legend-lanza-el-album-para-ninos-y-familias-my-favourite-dream\/#article","isPartOf":{"@id":"https:\/\/web.consaguirre.com.ar\/noticias\/john-legend-lanza-el-album-para-ninos-y-familias-my-favourite-dream\/"},"author":{"name":"Javier Figueroa","@id":"https:\/\/web.consaguirre.com.ar\/noticias\/#\/schema\/person\/6558b0cfedee7ddc5425602b237d5722"},"headline":"John Legend lanza el \u00e1lbum para ni\u00f1os y familias &#8216;My Favourite Dream&#8217;","datePublished":"2024-11-27T14:39:15+00:00","dateModified":"2024-11-27T14:39:17+00:00","mainEntityOfPage":{"@id":"https:\/\/web.consaguirre.com.ar\/noticias\/john-legend-lanza-el-album-para-ninos-y-familias-my-favourite-dream\/"},"wordCount":729,"publisher":{"@id":"https:\/\/web.consaguirre.com.ar\/noticias\/#organization"},"image":{"@id":"https:\/\/web.consaguirre.com.ar\/noticias\/john-legend-lanza-el-album-para-ninos-y-familias-my-favourite-dream\/#primaryimage"},"thumbnailUrl":"https:\/\/web.consaguirre.com.ar\/noticias\/wp-content\/uploads\/2024\/11\/John-Legend-lanza-el-album-para-ninos-y-familias-My.jpg","keywords":["\u00e1lbum","Dream","familias","Favourite","John","lanza","Legend","ni\u00f1os","para"],"articleSection":["El \u00faltimo"],"inLanguage":"es-AR"},{"@type":"WebPage","@id":"https:\/\/web.consaguirre.com.ar\/noticias\/john-legend-lanza-el-album-para-ninos-y-familias-my-favourite-dream\/","url":"https:\/\/web.consaguirre.com.ar\/noticias\/john-legend-lanza-el-album-para-ninos-y-familias-my-favourite-dream\/","name":"John Legend lanza el \u00e1lbum para ni\u00f1os y familias 'My Favourite Dream'","isPartOf":{"@id":"https:\/\/web.consaguirre.com.ar\/noticias\/#website"},"primaryImageOfPage":{"@id":"https:\/\/web.consaguirre.com.ar\/noticias\/john-legend-lanza-el-album-para-ninos-y-familias-my-favourite-dream\/#primaryimage"},"image":{"@id":"https:\/\/web.consaguirre.com.ar\/noticias\/john-legend-lanza-el-album-para-ninos-y-familias-my-favourite-dream\/#primaryimage"},"thumbnailUrl":"https:\/\/web.consaguirre.com.ar\/noticias\/wp-content\/uploads\/2024\/11\/John-Legend-lanza-el-album-para-ninos-y-familias-My.jpg","datePublished":"2024-11-27T14:39:15+00:00","dateModified":"2024-11-27T14:39:17+00:00","breadcrumb":{"@id":"https:\/\/web.consaguirre.com.ar\/noticias\/john-legend-lanza-el-album-para-ninos-y-familias-my-favourite-dream\/#breadcrumb"},"inLanguage":"es-AR","potentialAction":[{"@type":"ReadAction","target":["https:\/\/web.consaguirre.com.ar\/noticias\/john-legend-lanza-el-album-para-ninos-y-familias-my-favourite-dream\/"]}]},{"@type":"ImageObject","inLanguage":"es-AR","@id":"https:\/\/web.consaguirre.com.ar\/noticias\/john-legend-lanza-el-album-para-ninos-y-familias-my-favourite-dream\/#primaryimage","url":"https:\/\/web.consaguirre.com.ar\/noticias\/wp-content\/uploads\/2024\/11\/John-Legend-lanza-el-album-para-ninos-y-familias-My.jpg","contentUrl":"https:\/\/web.consaguirre.com.ar\/noticias\/wp-content\/uploads\/2024\/11\/John-Legend-lanza-el-album-para-ninos-y-familias-My.jpg","width":1440,"height":864,"caption":"John-Legend-Childrens-Album-My-Favorite-Dream"},{"@type":"BreadcrumbList","@id":"https:\/\/web.consaguirre.com.ar\/noticias\/john-legend-lanza-el-album-para-ninos-y-familias-my-favourite-dream\/#breadcrumb","itemListElement":[{"@type":"ListItem","position":1,"name":"Inicio","item":"https:\/\/web.consaguirre.com.ar\/noticias\/"},{"@type":"ListItem","position":2,"name":"John Legend lanza el \u00e1lbum para ni\u00f1os y familias &#8216;My Favourite Dream&#8217;"}]},{"@type":"WebSite","@id":"https:\/\/web.consaguirre.com.ar\/noticias\/#website","url":"https:\/\/web.consaguirre.com.ar\/noticias\/","name":"Conservatorio de M\u00fasica Juli\u00e1n Aguirre","description":"","publisher":{"@id":"https:\/\/web.consaguirre.com.ar\/noticias\/#organization"},"potentialAction":[{"@type":"SearchAction","target":{"@type":"EntryPoint","urlTemplate":"https:\/\/web.consaguirre.com.ar\/noticias\/?s={search_term_string}"},"query-input":"required name=search_term_string"}],"inLanguage":"es-AR"},{"@type":"Organization","@id":"https:\/\/web.consaguirre.com.ar\/noticias\/#organization","name":"Conservatorio de M\u00fasica Juli\u00e1n Aguirre","url":"https:\/\/web.consaguirre.com.ar\/noticias\/","logo":{"@type":"ImageObject","inLanguage":"es-AR","@id":"https:\/\/web.consaguirre.com.ar\/noticias\/#\/schema\/logo\/image\/","url":"https:\/\/web.consaguirre.com.ar\/noticias\/wp-content\/uploads\/2024\/08\/Banner-Aguirre-23.jpg","contentUrl":"https:\/\/web.consaguirre.com.ar\/noticias\/wp-content\/uploads\/2024\/08\/Banner-Aguirre-23.jpg","width":1192,"height":600,"caption":"Conservatorio de M\u00fasica Juli\u00e1n Aguirre"},"image":{"@id":"https:\/\/web.consaguirre.com.ar\/noticias\/#\/schema\/logo\/image\/"}},{"@type":"Person","@id":"https:\/\/web.consaguirre.com.ar\/noticias\/#\/schema\/person\/6558b0cfedee7ddc5425602b237d5722","name":"Javier Figueroa","image":{"@type":"ImageObject","inLanguage":"es-AR","@id":"https:\/\/web.consaguirre.com.ar\/noticias\/#\/schema\/person\/image\/","url":"https:\/\/web.consaguirre.com.ar\/noticias\/wp-content\/uploads\/2024\/08\/Consaguirre-scaled.jpg","contentUrl":"https:\/\/web.consaguirre.com.ar\/noticias\/wp-content\/uploads\/2024\/08\/Consaguirre-scaled.jpg","caption":"Javier Figueroa"},"description":"Me llamo Javier Figueroa y soy redactor para el sitio oficial del Conservatorio de M\u00fasica Juli\u00e1n Aguirre en Buenos Aires, consaguirre.com. Apasionado por la m\u00fasica y la escritura, me esfuerzo por destacar los talentos y eventos de nuestra prestigiosa instituci\u00f3n. Mi trayectoria se nutre de una profunda admiraci\u00f3n por los artistas, haciendo de cada art\u00edculo una celebraci\u00f3n de la creatividad y la cultura musical.","sameAs":["https:\/\/web.consaguirre.com.ar\/noticias"]}]}},"_links":{"self":[{"href":"https:\/\/web.consaguirre.com.ar\/noticias\/wp-json\/wp\/v2\/posts\/1226"}],"collection":[{"href":"https:\/\/web.consaguirre.com.ar\/noticias\/wp-json\/wp\/v2\/posts"}],"about":[{"href":"https:\/\/web.consaguirre.com.ar\/noticias\/wp-json\/wp\/v2\/types\/post"}],"author":[{"embeddable":true,"href":"https:\/\/web.consaguirre.com.ar\/noticias\/wp-json\/wp\/v2\/users\/1"}],"replies":[{"embeddable":true,"href":"https:\/\/web.consaguirre.com.ar\/noticias\/wp-json\/wp\/v2\/comments?post=1226"}],"version-history":[{"count":1,"href":"https:\/\/web.consaguirre.com.ar\/noticias\/wp-json\/wp\/v2\/posts\/1226\/revisions"}],"predecessor-version":[{"id":1228,"href":"https:\/\/web.consaguirre.com.ar\/noticias\/wp-json\/wp\/v2\/posts\/1226\/revisions\/1228"}],"wp:featuredmedia":[{"embeddable":true,"href":"https:\/\/web.consaguirre.com.ar\/noticias\/wp-json\/wp\/v2\/media\/1227"}],"wp:attachment":[{"href":"https:\/\/web.consaguirre.com.ar\/noticias\/wp-json\/wp\/v2\/media?parent=1226"}],"wp:term":[{"taxonomy":"category","embeddable":true,"href":"https:\/\/web.consaguirre.com.ar\/noticias\/wp-json\/wp\/v2\/categories?post=1226"},{"taxonomy":"post_tag","embeddable":true,"href":"https:\/\/web.consaguirre.com.ar\/noticias\/wp-json\/wp\/v2\/tags?post=1226"}],"curies":[{"name":"wp","href":"https:\/\/api.w.org\/{rel}","templated":true}]}}