{"id":1220,"date":"2024-11-26T23:42:27","date_gmt":"2024-11-27T02:42:27","guid":{"rendered":"https:\/\/web.consaguirre.com.ar\/noticias\/elvis-costello-y-t-bone-burnett-se-unen-al-late-show\/"},"modified":"2024-11-26T23:42:29","modified_gmt":"2024-11-27T02:42:29","slug":"elvis-costello-y-t-bone-burnett-se-unen-al-late-show","status":"publish","type":"post","link":"https:\/\/web.consaguirre.com.ar\/noticias\/elvis-costello-y-t-bone-burnett-se-unen-al-late-show\/","title":{"rendered":"Elvis Costello y T Bone Burnett se unen al Late Show"},"content":{"rendered":"<p><strong>Elvis Costello<\/strong> y T Bone Burnett han sido amigos y colaboradores durante cuatro d\u00e9cadas, una asociaci\u00f3n documentada en dos nuevos lanzamientos. Una reedici\u00f3n de lujo del \u00e1lbum de 1986 producido por Burnett de Costello <em>rey de america<\/em>titulado <strong><em>Rey de Am\u00e9rica y otros reinos<\/em><\/strong>lanzado a principios de noviembre, seguido m\u00e1s tarde ese mismo mes por el \u00e1lbum debut hom\u00f3nimo del d\u00fao de Costello y Burnett, los Coward Brothers. La pareja apareci\u00f3 recientemente en <em>El \u00faltimo show con Stephen Colbert<\/em> para correr la voz.<\/p>\n<p>Durante su visita al Teatro Ed Sullivan, Burnett y Costello se sentaron para una entrevista con Colbert e interpretaron dos canciones de The Coward Brothers. Explicaron que se conocieron en una prueba de sonido en Ohio en 1984 y r\u00e1pidamente entablaron una amistad creativa, que al principio implic\u00f3 hacer covers de los Beatles y de una variedad de grandes compositores estadounidenses que estaban de gira juntos. &#8220;No conozco a una sola persona que sepa m\u00e1s sobre la m\u00fasica estadounidense que Elvis, de verdad&#8221;, le dijo Burnett a Colbert. \u201cCuanto m\u00e1s habl\u00e1bamos, m\u00e1s me daba cuenta de lo profundo que hab\u00eda llegado a la m\u00fasica estadounidense\u201d.<\/p>\n<div class=\"uD-YT-container\"><img decoding=\"async\" src=\"https:\/\/web.consaguirre.com.ar\/noticias\/wp-content\/uploads\/2024\/11\/1732675347_677_Elvis-Costello-y-T-Bone-Burnett-se-unen-al-Late.jpg\" alt=\"V\u00eddeo de YouTube\"><br \/>Haga clic para cargar v\u00eddeo<\/div>\n<p>Burnett aprovech\u00f3 la entrevista para explicar por qu\u00e9 \u00e9l y Costello han sido estudiantes y practicantes tan rigurosos de la m\u00fasica estadounidense. &#8220;Si quieres saber qu\u00e9 tiene de bueno Estados Unidos, escucha nuestra m\u00fasica&#8221;, dijo Burnett. \u201cPorque en nuestra m\u00fasica, toda la promesa de Estados Unidos se hace realidad. Porque personas de todas las nacionalidades, todos los pa\u00edses, todos los idiomas, todas las religiones y etnias se han reunido, se han escuchado unos a otros y han creado armon\u00eda. Y esa es la promesa del crisol. \u00c9sa es la promesa de Estados Unidos\u201d.<\/p>\n<p>Antes de interpretar dos canciones de su \u00e1lbum Coward Brothers, \u201cAlways\u201d y \u201cLike Licorice\u201d, la pareja habl\u00f3 sobre el <em>rey de america<\/em> reedici\u00f3n, cuyos materiales adicionales incluyen varias de las primeras pistas de Coward Brothers. La compilaci\u00f3n de 97 pistas incluye una gran cantidad de material de archivo, incluidos extractos de lo que Costello describi\u00f3 a Colbert como \u201cuna cinta de demostraci\u00f3n de hace 40 a\u00f1os que claramente hab\u00eda guardado en un caj\u00f3n\u201d. Las demostraciones incluyen versiones de desarrollo del <em>rey de america<\/em> material, incluidos algunos con letras alternativas. La caja concluye con tres grabaciones de 2024, incluida una versi\u00f3n de \u201cIndoor Fireworks\u201d grabada en Memphis Magnetic, una nueva versi\u00f3n de \u201cThat&#8217;s Not The Part of Him You&#8217;re Leaving\u201d con Larkin Poe y un nuevo arreglo de <em>rey de america<\/em> abridor \u201cError brillante\u201d.<\/p><\/p>\n","protected":false},"excerpt":{"rendered":"<p>Elvis Costello y T Bone Burnett han sido amigos y colaboradores durante cuatro d\u00e9cadas, una asociaci\u00f3n documentada en dos nuevos lanzamientos. Una reedici\u00f3n de lujo<\/p>\n","protected":false},"author":1,"featured_media":1221,"comment_status":"closed","ping_status":"","sticky":false,"template":"","format":"standard","meta":{"footnotes":""},"categories":[50],"tags":[1349,1350,652,651,1078,1351,277],"class_list":["post-1220","post","type-post","status-publish","format-standard","has-post-thumbnail","hentry","category-el-ultimo","tag-bone","tag-burnett","tag-costello","tag-elvis","tag-late","tag-show","tag-unen","generate-columns","tablet-grid-50","mobile-grid-100","grid-parent","grid-50"],"yoast_head":"<!-- This site is optimized with the Yoast SEO plugin v23.3 - https:\/\/yoast.com\/wordpress\/plugins\/seo\/ -->\n<title>Elvis Costello y T Bone Burnett se unen al Late Show<\/title>\n<meta name=\"robots\" content=\"index, follow, max-snippet:-1, max-image-preview:large, max-video-preview:-1\" \/>\n<link rel=\"canonical\" href=\"https:\/\/web.consaguirre.com.ar\/noticias\/elvis-costello-y-t-bone-burnett-se-unen-al-late-show\/\" \/>\n<meta property=\"og:locale\" content=\"es_ES\" \/>\n<meta property=\"og:type\" content=\"article\" \/>\n<meta property=\"og:title\" content=\"Elvis Costello y T Bone Burnett se unen al Late Show\" \/>\n<meta property=\"og:description\" content=\"Elvis Costello y T Bone Burnett han sido amigos y colaboradores durante cuatro d\u00e9cadas, una asociaci\u00f3n documentada en dos nuevos lanzamientos. Una reedici\u00f3n de lujo\" \/>\n<meta property=\"og:url\" content=\"https:\/\/web.consaguirre.com.ar\/noticias\/elvis-costello-y-t-bone-burnett-se-unen-al-late-show\/\" \/>\n<meta property=\"og:site_name\" content=\"Conservatorio de M\u00fasica Juli\u00e1n Aguirre\" \/>\n<meta property=\"article:published_time\" content=\"2024-11-27T02:42:27+00:00\" \/>\n<meta property=\"article:modified_time\" content=\"2024-11-27T02:42:29+00:00\" \/>\n<meta property=\"og:image\" content=\"https:\/\/web.consaguirre.com.ar\/noticias\/wp-content\/uploads\/2024\/11\/Elvis-Costello-y-T-Bone-Burnett-se-unen-al-Late.jpg\" \/>\n\t<meta property=\"og:image:width\" content=\"1280\" \/>\n\t<meta property=\"og:image:height\" content=\"1280\" \/>\n\t<meta property=\"og:image:type\" content=\"image\/jpeg\" \/>\n<meta name=\"author\" content=\"Javier Figueroa\" \/>\n<meta name=\"twitter:card\" content=\"summary_large_image\" \/>\n<meta name=\"twitter:label1\" content=\"Escrito por\" \/>\n\t<meta name=\"twitter:data1\" content=\"Javier Figueroa\" \/>\n\t<meta name=\"twitter:label2\" content=\"Tiempo de lectura\" \/>\n\t<meta name=\"twitter:data2\" content=\"2 minutos\" \/>\n<script type=\"application\/ld+json\" class=\"yoast-schema-graph\">{\"@context\":\"https:\/\/schema.org\",\"@graph\":[{\"@type\":\"Article\",\"@id\":\"https:\/\/web.consaguirre.com.ar\/noticias\/elvis-costello-y-t-bone-burnett-se-unen-al-late-show\/#article\",\"isPartOf\":{\"@id\":\"https:\/\/web.consaguirre.com.ar\/noticias\/elvis-costello-y-t-bone-burnett-se-unen-al-late-show\/\"},\"author\":{\"name\":\"Javier Figueroa\",\"@id\":\"https:\/\/web.consaguirre.com.ar\/noticias\/#\/schema\/person\/6558b0cfedee7ddc5425602b237d5722\"},\"headline\":\"Elvis Costello y T Bone Burnett se unen al Late Show\",\"datePublished\":\"2024-11-27T02:42:27+00:00\",\"dateModified\":\"2024-11-27T02:42:29+00:00\",\"mainEntityOfPage\":{\"@id\":\"https:\/\/web.consaguirre.com.ar\/noticias\/elvis-costello-y-t-bone-burnett-se-unen-al-late-show\/\"},\"wordCount\":456,\"publisher\":{\"@id\":\"https:\/\/web.consaguirre.com.ar\/noticias\/#organization\"},\"image\":{\"@id\":\"https:\/\/web.consaguirre.com.ar\/noticias\/elvis-costello-y-t-bone-burnett-se-unen-al-late-show\/#primaryimage\"},\"thumbnailUrl\":\"https:\/\/web.consaguirre.com.ar\/noticias\/wp-content\/uploads\/2024\/11\/Elvis-Costello-y-T-Bone-Burnett-se-unen-al-Late.jpg\",\"keywords\":[\"Bone\",\"Burnett\",\"Costello\",\"Elvis\",\"Late\",\"Show\",\"unen\"],\"articleSection\":[\"El \u00faltimo\"],\"inLanguage\":\"es-AR\"},{\"@type\":\"WebPage\",\"@id\":\"https:\/\/web.consaguirre.com.ar\/noticias\/elvis-costello-y-t-bone-burnett-se-unen-al-late-show\/\",\"url\":\"https:\/\/web.consaguirre.com.ar\/noticias\/elvis-costello-y-t-bone-burnett-se-unen-al-late-show\/\",\"name\":\"Elvis Costello y T Bone Burnett se unen al Late Show\",\"isPartOf\":{\"@id\":\"https:\/\/web.consaguirre.com.ar\/noticias\/#website\"},\"primaryImageOfPage\":{\"@id\":\"https:\/\/web.consaguirre.com.ar\/noticias\/elvis-costello-y-t-bone-burnett-se-unen-al-late-show\/#primaryimage\"},\"image\":{\"@id\":\"https:\/\/web.consaguirre.com.ar\/noticias\/elvis-costello-y-t-bone-burnett-se-unen-al-late-show\/#primaryimage\"},\"thumbnailUrl\":\"https:\/\/web.consaguirre.com.ar\/noticias\/wp-content\/uploads\/2024\/11\/Elvis-Costello-y-T-Bone-Burnett-se-unen-al-Late.jpg\",\"datePublished\":\"2024-11-27T02:42:27+00:00\",\"dateModified\":\"2024-11-27T02:42:29+00:00\",\"breadcrumb\":{\"@id\":\"https:\/\/web.consaguirre.com.ar\/noticias\/elvis-costello-y-t-bone-burnett-se-unen-al-late-show\/#breadcrumb\"},\"inLanguage\":\"es-AR\",\"potentialAction\":[{\"@type\":\"ReadAction\",\"target\":[\"https:\/\/web.consaguirre.com.ar\/noticias\/elvis-costello-y-t-bone-burnett-se-unen-al-late-show\/\"]}]},{\"@type\":\"ImageObject\",\"inLanguage\":\"es-AR\",\"@id\":\"https:\/\/web.consaguirre.com.ar\/noticias\/elvis-costello-y-t-bone-burnett-se-unen-al-late-show\/#primaryimage\",\"url\":\"https:\/\/web.consaguirre.com.ar\/noticias\/wp-content\/uploads\/2024\/11\/Elvis-Costello-y-T-Bone-Burnett-se-unen-al-Late.jpg\",\"contentUrl\":\"https:\/\/web.consaguirre.com.ar\/noticias\/wp-content\/uploads\/2024\/11\/Elvis-Costello-y-T-Bone-Burnett-se-unen-al-Late.jpg\",\"width\":1280,\"height\":1280,\"caption\":\"Elvis Costello y T Bone Burnett se unen al Late Show\"},{\"@type\":\"BreadcrumbList\",\"@id\":\"https:\/\/web.consaguirre.com.ar\/noticias\/elvis-costello-y-t-bone-burnett-se-unen-al-late-show\/#breadcrumb\",\"itemListElement\":[{\"@type\":\"ListItem\",\"position\":1,\"name\":\"Inicio\",\"item\":\"https:\/\/web.consaguirre.com.ar\/noticias\/\"},{\"@type\":\"ListItem\",\"position\":2,\"name\":\"Elvis Costello y T Bone Burnett se unen al Late Show\"}]},{\"@type\":\"WebSite\",\"@id\":\"https:\/\/web.consaguirre.com.ar\/noticias\/#website\",\"url\":\"https:\/\/web.consaguirre.com.ar\/noticias\/\",\"name\":\"Conservatorio de M\u00fasica Juli\u00e1n Aguirre\",\"description\":\"\",\"publisher\":{\"@id\":\"https:\/\/web.consaguirre.com.ar\/noticias\/#organization\"},\"potentialAction\":[{\"@type\":\"SearchAction\",\"target\":{\"@type\":\"EntryPoint\",\"urlTemplate\":\"https:\/\/web.consaguirre.com.ar\/noticias\/?s={search_term_string}\"},\"query-input\":\"required name=search_term_string\"}],\"inLanguage\":\"es-AR\"},{\"@type\":\"Organization\",\"@id\":\"https:\/\/web.consaguirre.com.ar\/noticias\/#organization\",\"name\":\"Conservatorio de M\u00fasica Juli\u00e1n Aguirre\",\"url\":\"https:\/\/web.consaguirre.com.ar\/noticias\/\",\"logo\":{\"@type\":\"ImageObject\",\"inLanguage\":\"es-AR\",\"@id\":\"https:\/\/web.consaguirre.com.ar\/noticias\/#\/schema\/logo\/image\/\",\"url\":\"https:\/\/web.consaguirre.com.ar\/noticias\/wp-content\/uploads\/2024\/08\/Banner-Aguirre-23.jpg\",\"contentUrl\":\"https:\/\/web.consaguirre.com.ar\/noticias\/wp-content\/uploads\/2024\/08\/Banner-Aguirre-23.jpg\",\"width\":1192,\"height\":600,\"caption\":\"Conservatorio de M\u00fasica Juli\u00e1n Aguirre\"},\"image\":{\"@id\":\"https:\/\/web.consaguirre.com.ar\/noticias\/#\/schema\/logo\/image\/\"}},{\"@type\":\"Person\",\"@id\":\"https:\/\/web.consaguirre.com.ar\/noticias\/#\/schema\/person\/6558b0cfedee7ddc5425602b237d5722\",\"name\":\"Javier Figueroa\",\"image\":{\"@type\":\"ImageObject\",\"inLanguage\":\"es-AR\",\"@id\":\"https:\/\/web.consaguirre.com.ar\/noticias\/#\/schema\/person\/image\/\",\"url\":\"https:\/\/web.consaguirre.com.ar\/noticias\/wp-content\/uploads\/2024\/08\/Consaguirre-scaled.jpg\",\"contentUrl\":\"https:\/\/web.consaguirre.com.ar\/noticias\/wp-content\/uploads\/2024\/08\/Consaguirre-scaled.jpg\",\"caption\":\"Javier Figueroa\"},\"description\":\"Me llamo Javier Figueroa y soy redactor para el sitio oficial del Conservatorio de M\u00fasica Juli\u00e1n Aguirre en Buenos Aires, consaguirre.com. Apasionado por la m\u00fasica y la escritura, me esfuerzo por destacar los talentos y eventos de nuestra prestigiosa instituci\u00f3n. Mi trayectoria se nutre de una profunda admiraci\u00f3n por los artistas, haciendo de cada art\u00edculo una celebraci\u00f3n de la creatividad y la cultura musical.\",\"sameAs\":[\"https:\/\/web.consaguirre.com.ar\/noticias\"]}]}<\/script>\n<!-- \/ Yoast SEO plugin. -->","yoast_head_json":{"title":"Elvis Costello y T Bone Burnett se unen al Late Show","robots":{"index":"index","follow":"follow","max-snippet":"max-snippet:-1","max-image-preview":"max-image-preview:large","max-video-preview":"max-video-preview:-1"},"canonical":"https:\/\/web.consaguirre.com.ar\/noticias\/elvis-costello-y-t-bone-burnett-se-unen-al-late-show\/","og_locale":"es_ES","og_type":"article","og_title":"Elvis Costello y T Bone Burnett se unen al Late Show","og_description":"Elvis Costello y T Bone Burnett han sido amigos y colaboradores durante cuatro d\u00e9cadas, una asociaci\u00f3n documentada en dos nuevos lanzamientos. Una reedici\u00f3n de lujo","og_url":"https:\/\/web.consaguirre.com.ar\/noticias\/elvis-costello-y-t-bone-burnett-se-unen-al-late-show\/","og_site_name":"Conservatorio de M\u00fasica Juli\u00e1n Aguirre","article_published_time":"2024-11-27T02:42:27+00:00","article_modified_time":"2024-11-27T02:42:29+00:00","og_image":[{"width":1280,"height":1280,"url":"https:\/\/web.consaguirre.com.ar\/noticias\/wp-content\/uploads\/2024\/11\/Elvis-Costello-y-T-Bone-Burnett-se-unen-al-Late.jpg","type":"image\/jpeg"}],"author":"Javier Figueroa","twitter_card":"summary_large_image","twitter_misc":{"Escrito por":"Javier Figueroa","Tiempo de lectura":"2 minutos"},"schema":{"@context":"https:\/\/schema.org","@graph":[{"@type":"Article","@id":"https:\/\/web.consaguirre.com.ar\/noticias\/elvis-costello-y-t-bone-burnett-se-unen-al-late-show\/#article","isPartOf":{"@id":"https:\/\/web.consaguirre.com.ar\/noticias\/elvis-costello-y-t-bone-burnett-se-unen-al-late-show\/"},"author":{"name":"Javier Figueroa","@id":"https:\/\/web.consaguirre.com.ar\/noticias\/#\/schema\/person\/6558b0cfedee7ddc5425602b237d5722"},"headline":"Elvis Costello y T Bone Burnett se unen al Late Show","datePublished":"2024-11-27T02:42:27+00:00","dateModified":"2024-11-27T02:42:29+00:00","mainEntityOfPage":{"@id":"https:\/\/web.consaguirre.com.ar\/noticias\/elvis-costello-y-t-bone-burnett-se-unen-al-late-show\/"},"wordCount":456,"publisher":{"@id":"https:\/\/web.consaguirre.com.ar\/noticias\/#organization"},"image":{"@id":"https:\/\/web.consaguirre.com.ar\/noticias\/elvis-costello-y-t-bone-burnett-se-unen-al-late-show\/#primaryimage"},"thumbnailUrl":"https:\/\/web.consaguirre.com.ar\/noticias\/wp-content\/uploads\/2024\/11\/Elvis-Costello-y-T-Bone-Burnett-se-unen-al-Late.jpg","keywords":["Bone","Burnett","Costello","Elvis","Late","Show","unen"],"articleSection":["El \u00faltimo"],"inLanguage":"es-AR"},{"@type":"WebPage","@id":"https:\/\/web.consaguirre.com.ar\/noticias\/elvis-costello-y-t-bone-burnett-se-unen-al-late-show\/","url":"https:\/\/web.consaguirre.com.ar\/noticias\/elvis-costello-y-t-bone-burnett-se-unen-al-late-show\/","name":"Elvis Costello y T Bone Burnett se unen al Late Show","isPartOf":{"@id":"https:\/\/web.consaguirre.com.ar\/noticias\/#website"},"primaryImageOfPage":{"@id":"https:\/\/web.consaguirre.com.ar\/noticias\/elvis-costello-y-t-bone-burnett-se-unen-al-late-show\/#primaryimage"},"image":{"@id":"https:\/\/web.consaguirre.com.ar\/noticias\/elvis-costello-y-t-bone-burnett-se-unen-al-late-show\/#primaryimage"},"thumbnailUrl":"https:\/\/web.consaguirre.com.ar\/noticias\/wp-content\/uploads\/2024\/11\/Elvis-Costello-y-T-Bone-Burnett-se-unen-al-Late.jpg","datePublished":"2024-11-27T02:42:27+00:00","dateModified":"2024-11-27T02:42:29+00:00","breadcrumb":{"@id":"https:\/\/web.consaguirre.com.ar\/noticias\/elvis-costello-y-t-bone-burnett-se-unen-al-late-show\/#breadcrumb"},"inLanguage":"es-AR","potentialAction":[{"@type":"ReadAction","target":["https:\/\/web.consaguirre.com.ar\/noticias\/elvis-costello-y-t-bone-burnett-se-unen-al-late-show\/"]}]},{"@type":"ImageObject","inLanguage":"es-AR","@id":"https:\/\/web.consaguirre.com.ar\/noticias\/elvis-costello-y-t-bone-burnett-se-unen-al-late-show\/#primaryimage","url":"https:\/\/web.consaguirre.com.ar\/noticias\/wp-content\/uploads\/2024\/11\/Elvis-Costello-y-T-Bone-Burnett-se-unen-al-Late.jpg","contentUrl":"https:\/\/web.consaguirre.com.ar\/noticias\/wp-content\/uploads\/2024\/11\/Elvis-Costello-y-T-Bone-Burnett-se-unen-al-Late.jpg","width":1280,"height":1280,"caption":"Elvis Costello y T Bone Burnett se unen al Late Show"},{"@type":"BreadcrumbList","@id":"https:\/\/web.consaguirre.com.ar\/noticias\/elvis-costello-y-t-bone-burnett-se-unen-al-late-show\/#breadcrumb","itemListElement":[{"@type":"ListItem","position":1,"name":"Inicio","item":"https:\/\/web.consaguirre.com.ar\/noticias\/"},{"@type":"ListItem","position":2,"name":"Elvis Costello y T Bone Burnett se unen al Late Show"}]},{"@type":"WebSite","@id":"https:\/\/web.consaguirre.com.ar\/noticias\/#website","url":"https:\/\/web.consaguirre.com.ar\/noticias\/","name":"Conservatorio de M\u00fasica Juli\u00e1n Aguirre","description":"","publisher":{"@id":"https:\/\/web.consaguirre.com.ar\/noticias\/#organization"},"potentialAction":[{"@type":"SearchAction","target":{"@type":"EntryPoint","urlTemplate":"https:\/\/web.consaguirre.com.ar\/noticias\/?s={search_term_string}"},"query-input":"required name=search_term_string"}],"inLanguage":"es-AR"},{"@type":"Organization","@id":"https:\/\/web.consaguirre.com.ar\/noticias\/#organization","name":"Conservatorio de M\u00fasica Juli\u00e1n Aguirre","url":"https:\/\/web.consaguirre.com.ar\/noticias\/","logo":{"@type":"ImageObject","inLanguage":"es-AR","@id":"https:\/\/web.consaguirre.com.ar\/noticias\/#\/schema\/logo\/image\/","url":"https:\/\/web.consaguirre.com.ar\/noticias\/wp-content\/uploads\/2024\/08\/Banner-Aguirre-23.jpg","contentUrl":"https:\/\/web.consaguirre.com.ar\/noticias\/wp-content\/uploads\/2024\/08\/Banner-Aguirre-23.jpg","width":1192,"height":600,"caption":"Conservatorio de M\u00fasica Juli\u00e1n Aguirre"},"image":{"@id":"https:\/\/web.consaguirre.com.ar\/noticias\/#\/schema\/logo\/image\/"}},{"@type":"Person","@id":"https:\/\/web.consaguirre.com.ar\/noticias\/#\/schema\/person\/6558b0cfedee7ddc5425602b237d5722","name":"Javier Figueroa","image":{"@type":"ImageObject","inLanguage":"es-AR","@id":"https:\/\/web.consaguirre.com.ar\/noticias\/#\/schema\/person\/image\/","url":"https:\/\/web.consaguirre.com.ar\/noticias\/wp-content\/uploads\/2024\/08\/Consaguirre-scaled.jpg","contentUrl":"https:\/\/web.consaguirre.com.ar\/noticias\/wp-content\/uploads\/2024\/08\/Consaguirre-scaled.jpg","caption":"Javier Figueroa"},"description":"Me llamo Javier Figueroa y soy redactor para el sitio oficial del Conservatorio de M\u00fasica Juli\u00e1n Aguirre en Buenos Aires, consaguirre.com. Apasionado por la m\u00fasica y la escritura, me esfuerzo por destacar los talentos y eventos de nuestra prestigiosa instituci\u00f3n. Mi trayectoria se nutre de una profunda admiraci\u00f3n por los artistas, haciendo de cada art\u00edculo una celebraci\u00f3n de la creatividad y la cultura musical.","sameAs":["https:\/\/web.consaguirre.com.ar\/noticias"]}]}},"_links":{"self":[{"href":"https:\/\/web.consaguirre.com.ar\/noticias\/wp-json\/wp\/v2\/posts\/1220"}],"collection":[{"href":"https:\/\/web.consaguirre.com.ar\/noticias\/wp-json\/wp\/v2\/posts"}],"about":[{"href":"https:\/\/web.consaguirre.com.ar\/noticias\/wp-json\/wp\/v2\/types\/post"}],"author":[{"embeddable":true,"href":"https:\/\/web.consaguirre.com.ar\/noticias\/wp-json\/wp\/v2\/users\/1"}],"replies":[{"embeddable":true,"href":"https:\/\/web.consaguirre.com.ar\/noticias\/wp-json\/wp\/v2\/comments?post=1220"}],"version-history":[{"count":1,"href":"https:\/\/web.consaguirre.com.ar\/noticias\/wp-json\/wp\/v2\/posts\/1220\/revisions"}],"predecessor-version":[{"id":1222,"href":"https:\/\/web.consaguirre.com.ar\/noticias\/wp-json\/wp\/v2\/posts\/1220\/revisions\/1222"}],"wp:featuredmedia":[{"embeddable":true,"href":"https:\/\/web.consaguirre.com.ar\/noticias\/wp-json\/wp\/v2\/media\/1221"}],"wp:attachment":[{"href":"https:\/\/web.consaguirre.com.ar\/noticias\/wp-json\/wp\/v2\/media?parent=1220"}],"wp:term":[{"taxonomy":"category","embeddable":true,"href":"https:\/\/web.consaguirre.com.ar\/noticias\/wp-json\/wp\/v2\/categories?post=1220"},{"taxonomy":"post_tag","embeddable":true,"href":"https:\/\/web.consaguirre.com.ar\/noticias\/wp-json\/wp\/v2\/tags?post=1220"}],"curies":[{"name":"wp","href":"https:\/\/api.w.org\/{rel}","templated":true}]}}