{"id":1190,"date":"2024-11-22T23:42:13","date_gmt":"2024-11-23T02:42:13","guid":{"rendered":"https:\/\/web.consaguirre.com.ar\/noticias\/universal-music-group-anuncia-una-nueva-asociacion-con-el-sello-lider-de-china-modern-sky\/"},"modified":"2024-11-22T23:42:15","modified_gmt":"2024-11-23T02:42:15","slug":"universal-music-group-anuncia-una-nueva-asociacion-con-el-sello-lider-de-china-modern-sky","status":"publish","type":"post","link":"https:\/\/web.consaguirre.com.ar\/noticias\/universal-music-group-anuncia-una-nueva-asociacion-con-el-sello-lider-de-china-modern-sky\/","title":{"rendered":"Universal Music Group anuncia una nueva asociaci\u00f3n con el sello l\u00edder de China, Modern Sky"},"content":{"rendered":"<p>Universal Music Group ha anunciado una nueva asociaci\u00f3n con el principal sello musical independiente de China, Modern Sky.<\/p>\n<p>El nuevo acuerdo traer\u00e1 miles de canciones de Modern Sky a la red de distribuci\u00f3n mundial de UMG, de artistas como New Pants, Re-TROS, Second Hand Rose, Miserable Faith, Xie Tianxiao, Wutiaoren, Sound Fragment, Ma Di, Tizzy T, Supermarket, Glamorous. Farmacia, The Dada, MRSEATURTULE, Mosaic, Queen Sea Big Shark. En total, Modern Sky cuenta actualmente con 150 artistas en su lista.<\/p>\n<p>Fundado en 1997, Modern Sky cre\u00f3 el Strawberry Music Festival en 2008, el primer festival de m\u00fasica al aire libre a gran escala de China. Desde entonces, el festival se ha expandido a innumerables otras ciudades, con un debut en Tokio previsto para 2025. Modern Sky organiz\u00f3 su primer festival internacional en el Central Park de Nueva York en 2014, y hoy organiza m\u00e1s de 30 festivales de m\u00fasica al a\u00f1o y m\u00e1s de 1.000 actuaciones en toda China. Tambi\u00e9n se ha ampliado para incluir divisiones en Nueva York, Liverpool y Tokio.<\/p>\n<p>Al anunciar la nueva asociaci\u00f3n, Timothy Xu, presidente y director ejecutivo de UMG Greater China, dijo que el acuerdo estrat\u00e9gico &#8220;no s\u00f3lo ampl\u00eda el alcance global de la m\u00fasica china sino que tambi\u00e9n resalta la energ\u00eda y la creatividad distintivas que definen a la generaci\u00f3n joven de China en la actualidad&#8221;. Concluy\u00f3: &#8220;Juntos, pretendemos amplificar estas voces en el escenario global, celebrando el papel de la m\u00fasica china en la conversaci\u00f3n cultural actual&#8221;.<\/p>\n<p>&#8220;A trav\u00e9s de esta colaboraci\u00f3n, estamos encantados de traer un lado nuevo de la originalidad china al mundo, invitando al p\u00fablico de todo el mundo a experimentar la energ\u00eda \u00fanica y la profundidad cultural de la juventud de China&#8221;, a\u00f1adi\u00f3 Shen Lihui, fundador y director ejecutivo de Modern Sky.<\/p>\n","protected":false},"excerpt":{"rendered":"<p>Universal Music Group ha anunciado una nueva asociaci\u00f3n con el principal sello musical independiente de China, Modern Sky. El nuevo acuerdo traer\u00e1 miles de canciones<\/p>\n","protected":false},"author":1,"featured_media":1191,"comment_status":"closed","ping_status":"","sticky":false,"template":"","format":"standard","meta":{"footnotes":""},"categories":[50],"tags":[56,1322,1324,32,440,456,1325,439,116,1323,1326,191,438],"class_list":["post-1190","post","type-post","status-publish","format-standard","has-post-thumbnail","hentry","category-el-ultimo","tag-anuncia","tag-asociacion","tag-china","tag-con","tag-group","tag-lider","tag-modern","tag-music","tag-nueva","tag-sello","tag-sky","tag-una","tag-universal","generate-columns","tablet-grid-50","mobile-grid-100","grid-parent","grid-50"],"yoast_head":"<!-- This site is optimized with the Yoast SEO plugin v23.3 - https:\/\/yoast.com\/wordpress\/plugins\/seo\/ -->\n<title>Universal Music Group anuncia una nueva asociaci\u00f3n con el sello l\u00edder de China, Modern Sky<\/title>\n<meta name=\"robots\" content=\"index, follow, max-snippet:-1, max-image-preview:large, max-video-preview:-1\" \/>\n<link rel=\"canonical\" href=\"https:\/\/web.consaguirre.com.ar\/noticias\/universal-music-group-anuncia-una-nueva-asociacion-con-el-sello-lider-de-china-modern-sky\/\" \/>\n<meta property=\"og:locale\" content=\"es_ES\" \/>\n<meta property=\"og:type\" content=\"article\" \/>\n<meta property=\"og:title\" content=\"Universal Music Group anuncia una nueva asociaci\u00f3n con el sello l\u00edder de China, Modern Sky\" \/>\n<meta property=\"og:description\" content=\"Universal Music Group ha anunciado una nueva asociaci\u00f3n con el principal sello musical independiente de China, Modern Sky. El nuevo acuerdo traer\u00e1 miles de canciones\" \/>\n<meta property=\"og:url\" content=\"https:\/\/web.consaguirre.com.ar\/noticias\/universal-music-group-anuncia-una-nueva-asociacion-con-el-sello-lider-de-china-modern-sky\/\" \/>\n<meta property=\"og:site_name\" content=\"Conservatorio de M\u00fasica Juli\u00e1n Aguirre\" \/>\n<meta property=\"article:published_time\" content=\"2024-11-23T02:42:13+00:00\" \/>\n<meta property=\"article:modified_time\" content=\"2024-11-23T02:42:15+00:00\" \/>\n<meta property=\"og:image\" content=\"https:\/\/web.consaguirre.com.ar\/noticias\/wp-content\/uploads\/2024\/11\/Universal-Music-Group-anuncia-una-nueva-asociacion-con-el-sello.jpg\" \/>\n\t<meta property=\"og:image:width\" content=\"1440\" \/>\n\t<meta property=\"og:image:height\" content=\"864\" \/>\n\t<meta property=\"og:image:type\" content=\"image\/jpeg\" \/>\n<meta name=\"author\" content=\"Javier Figueroa\" \/>\n<meta name=\"twitter:card\" content=\"summary_large_image\" \/>\n<meta name=\"twitter:label1\" content=\"Escrito por\" \/>\n\t<meta name=\"twitter:data1\" content=\"Javier Figueroa\" \/>\n\t<meta name=\"twitter:label2\" content=\"Tiempo de lectura\" \/>\n\t<meta name=\"twitter:data2\" content=\"2 minutos\" \/>\n<script type=\"application\/ld+json\" class=\"yoast-schema-graph\">{\"@context\":\"https:\/\/schema.org\",\"@graph\":[{\"@type\":\"Article\",\"@id\":\"https:\/\/web.consaguirre.com.ar\/noticias\/universal-music-group-anuncia-una-nueva-asociacion-con-el-sello-lider-de-china-modern-sky\/#article\",\"isPartOf\":{\"@id\":\"https:\/\/web.consaguirre.com.ar\/noticias\/universal-music-group-anuncia-una-nueva-asociacion-con-el-sello-lider-de-china-modern-sky\/\"},\"author\":{\"name\":\"Javier Figueroa\",\"@id\":\"https:\/\/web.consaguirre.com.ar\/noticias\/#\/schema\/person\/6558b0cfedee7ddc5425602b237d5722\"},\"headline\":\"Universal Music Group anuncia una nueva asociaci\u00f3n con el sello l\u00edder de China, Modern Sky\",\"datePublished\":\"2024-11-23T02:42:13+00:00\",\"dateModified\":\"2024-11-23T02:42:15+00:00\",\"mainEntityOfPage\":{\"@id\":\"https:\/\/web.consaguirre.com.ar\/noticias\/universal-music-group-anuncia-una-nueva-asociacion-con-el-sello-lider-de-china-modern-sky\/\"},\"wordCount\":326,\"publisher\":{\"@id\":\"https:\/\/web.consaguirre.com.ar\/noticias\/#organization\"},\"image\":{\"@id\":\"https:\/\/web.consaguirre.com.ar\/noticias\/universal-music-group-anuncia-una-nueva-asociacion-con-el-sello-lider-de-china-modern-sky\/#primaryimage\"},\"thumbnailUrl\":\"https:\/\/web.consaguirre.com.ar\/noticias\/wp-content\/uploads\/2024\/11\/Universal-Music-Group-anuncia-una-nueva-asociacion-con-el-sello.jpg\",\"keywords\":[\"anuncia\",\"asociaci\u00f3n\",\"China\",\"con\",\"Group\",\"l\u00edder\",\"Modern\",\"Music\",\"nueva\",\"sello\",\"Sky\",\"una\",\"Universal\"],\"articleSection\":[\"El \u00faltimo\"],\"inLanguage\":\"es-AR\"},{\"@type\":\"WebPage\",\"@id\":\"https:\/\/web.consaguirre.com.ar\/noticias\/universal-music-group-anuncia-una-nueva-asociacion-con-el-sello-lider-de-china-modern-sky\/\",\"url\":\"https:\/\/web.consaguirre.com.ar\/noticias\/universal-music-group-anuncia-una-nueva-asociacion-con-el-sello-lider-de-china-modern-sky\/\",\"name\":\"Universal Music Group anuncia una nueva asociaci\u00f3n con el sello l\u00edder de China, Modern Sky\",\"isPartOf\":{\"@id\":\"https:\/\/web.consaguirre.com.ar\/noticias\/#website\"},\"primaryImageOfPage\":{\"@id\":\"https:\/\/web.consaguirre.com.ar\/noticias\/universal-music-group-anuncia-una-nueva-asociacion-con-el-sello-lider-de-china-modern-sky\/#primaryimage\"},\"image\":{\"@id\":\"https:\/\/web.consaguirre.com.ar\/noticias\/universal-music-group-anuncia-una-nueva-asociacion-con-el-sello-lider-de-china-modern-sky\/#primaryimage\"},\"thumbnailUrl\":\"https:\/\/web.consaguirre.com.ar\/noticias\/wp-content\/uploads\/2024\/11\/Universal-Music-Group-anuncia-una-nueva-asociacion-con-el-sello.jpg\",\"datePublished\":\"2024-11-23T02:42:13+00:00\",\"dateModified\":\"2024-11-23T02:42:15+00:00\",\"breadcrumb\":{\"@id\":\"https:\/\/web.consaguirre.com.ar\/noticias\/universal-music-group-anuncia-una-nueva-asociacion-con-el-sello-lider-de-china-modern-sky\/#breadcrumb\"},\"inLanguage\":\"es-AR\",\"potentialAction\":[{\"@type\":\"ReadAction\",\"target\":[\"https:\/\/web.consaguirre.com.ar\/noticias\/universal-music-group-anuncia-una-nueva-asociacion-con-el-sello-lider-de-china-modern-sky\/\"]}]},{\"@type\":\"ImageObject\",\"inLanguage\":\"es-AR\",\"@id\":\"https:\/\/web.consaguirre.com.ar\/noticias\/universal-music-group-anuncia-una-nueva-asociacion-con-el-sello-lider-de-china-modern-sky\/#primaryimage\",\"url\":\"https:\/\/web.consaguirre.com.ar\/noticias\/wp-content\/uploads\/2024\/11\/Universal-Music-Group-anuncia-una-nueva-asociacion-con-el-sello.jpg\",\"contentUrl\":\"https:\/\/web.consaguirre.com.ar\/noticias\/wp-content\/uploads\/2024\/11\/Universal-Music-Group-anuncia-una-nueva-asociacion-con-el-sello.jpg\",\"width\":1440,\"height\":864,\"caption\":\"Universal Music Group anuncia una nueva asociaci\u00f3n con el sello l\u00edder de China, Modern Sky\"},{\"@type\":\"BreadcrumbList\",\"@id\":\"https:\/\/web.consaguirre.com.ar\/noticias\/universal-music-group-anuncia-una-nueva-asociacion-con-el-sello-lider-de-china-modern-sky\/#breadcrumb\",\"itemListElement\":[{\"@type\":\"ListItem\",\"position\":1,\"name\":\"Inicio\",\"item\":\"https:\/\/web.consaguirre.com.ar\/noticias\/\"},{\"@type\":\"ListItem\",\"position\":2,\"name\":\"Universal Music Group anuncia una nueva asociaci\u00f3n con el sello l\u00edder de China, Modern Sky\"}]},{\"@type\":\"WebSite\",\"@id\":\"https:\/\/web.consaguirre.com.ar\/noticias\/#website\",\"url\":\"https:\/\/web.consaguirre.com.ar\/noticias\/\",\"name\":\"Conservatorio de M\u00fasica Juli\u00e1n Aguirre\",\"description\":\"\",\"publisher\":{\"@id\":\"https:\/\/web.consaguirre.com.ar\/noticias\/#organization\"},\"potentialAction\":[{\"@type\":\"SearchAction\",\"target\":{\"@type\":\"EntryPoint\",\"urlTemplate\":\"https:\/\/web.consaguirre.com.ar\/noticias\/?s={search_term_string}\"},\"query-input\":\"required name=search_term_string\"}],\"inLanguage\":\"es-AR\"},{\"@type\":\"Organization\",\"@id\":\"https:\/\/web.consaguirre.com.ar\/noticias\/#organization\",\"name\":\"Conservatorio de M\u00fasica Juli\u00e1n Aguirre\",\"url\":\"https:\/\/web.consaguirre.com.ar\/noticias\/\",\"logo\":{\"@type\":\"ImageObject\",\"inLanguage\":\"es-AR\",\"@id\":\"https:\/\/web.consaguirre.com.ar\/noticias\/#\/schema\/logo\/image\/\",\"url\":\"https:\/\/web.consaguirre.com.ar\/noticias\/wp-content\/uploads\/2024\/08\/Banner-Aguirre-23.jpg\",\"contentUrl\":\"https:\/\/web.consaguirre.com.ar\/noticias\/wp-content\/uploads\/2024\/08\/Banner-Aguirre-23.jpg\",\"width\":1192,\"height\":600,\"caption\":\"Conservatorio de M\u00fasica Juli\u00e1n Aguirre\"},\"image\":{\"@id\":\"https:\/\/web.consaguirre.com.ar\/noticias\/#\/schema\/logo\/image\/\"}},{\"@type\":\"Person\",\"@id\":\"https:\/\/web.consaguirre.com.ar\/noticias\/#\/schema\/person\/6558b0cfedee7ddc5425602b237d5722\",\"name\":\"Javier Figueroa\",\"image\":{\"@type\":\"ImageObject\",\"inLanguage\":\"es-AR\",\"@id\":\"https:\/\/web.consaguirre.com.ar\/noticias\/#\/schema\/person\/image\/\",\"url\":\"https:\/\/web.consaguirre.com.ar\/noticias\/wp-content\/uploads\/2024\/08\/Consaguirre-scaled.jpg\",\"contentUrl\":\"https:\/\/web.consaguirre.com.ar\/noticias\/wp-content\/uploads\/2024\/08\/Consaguirre-scaled.jpg\",\"caption\":\"Javier Figueroa\"},\"description\":\"Me llamo Javier Figueroa y soy redactor para el sitio oficial del Conservatorio de M\u00fasica Juli\u00e1n Aguirre en Buenos Aires, consaguirre.com. Apasionado por la m\u00fasica y la escritura, me esfuerzo por destacar los talentos y eventos de nuestra prestigiosa instituci\u00f3n. Mi trayectoria se nutre de una profunda admiraci\u00f3n por los artistas, haciendo de cada art\u00edculo una celebraci\u00f3n de la creatividad y la cultura musical.\",\"sameAs\":[\"https:\/\/web.consaguirre.com.ar\/noticias\"]}]}<\/script>\n<!-- \/ Yoast SEO plugin. -->","yoast_head_json":{"title":"Universal Music Group anuncia una nueva asociaci\u00f3n con el sello l\u00edder de China, Modern Sky","robots":{"index":"index","follow":"follow","max-snippet":"max-snippet:-1","max-image-preview":"max-image-preview:large","max-video-preview":"max-video-preview:-1"},"canonical":"https:\/\/web.consaguirre.com.ar\/noticias\/universal-music-group-anuncia-una-nueva-asociacion-con-el-sello-lider-de-china-modern-sky\/","og_locale":"es_ES","og_type":"article","og_title":"Universal Music Group anuncia una nueva asociaci\u00f3n con el sello l\u00edder de China, Modern Sky","og_description":"Universal Music Group ha anunciado una nueva asociaci\u00f3n con el principal sello musical independiente de China, Modern Sky. El nuevo acuerdo traer\u00e1 miles de canciones","og_url":"https:\/\/web.consaguirre.com.ar\/noticias\/universal-music-group-anuncia-una-nueva-asociacion-con-el-sello-lider-de-china-modern-sky\/","og_site_name":"Conservatorio de M\u00fasica Juli\u00e1n Aguirre","article_published_time":"2024-11-23T02:42:13+00:00","article_modified_time":"2024-11-23T02:42:15+00:00","og_image":[{"width":1440,"height":864,"url":"https:\/\/web.consaguirre.com.ar\/noticias\/wp-content\/uploads\/2024\/11\/Universal-Music-Group-anuncia-una-nueva-asociacion-con-el-sello.jpg","type":"image\/jpeg"}],"author":"Javier Figueroa","twitter_card":"summary_large_image","twitter_misc":{"Escrito por":"Javier Figueroa","Tiempo de lectura":"2 minutos"},"schema":{"@context":"https:\/\/schema.org","@graph":[{"@type":"Article","@id":"https:\/\/web.consaguirre.com.ar\/noticias\/universal-music-group-anuncia-una-nueva-asociacion-con-el-sello-lider-de-china-modern-sky\/#article","isPartOf":{"@id":"https:\/\/web.consaguirre.com.ar\/noticias\/universal-music-group-anuncia-una-nueva-asociacion-con-el-sello-lider-de-china-modern-sky\/"},"author":{"name":"Javier Figueroa","@id":"https:\/\/web.consaguirre.com.ar\/noticias\/#\/schema\/person\/6558b0cfedee7ddc5425602b237d5722"},"headline":"Universal Music Group anuncia una nueva asociaci\u00f3n con el sello l\u00edder de China, Modern Sky","datePublished":"2024-11-23T02:42:13+00:00","dateModified":"2024-11-23T02:42:15+00:00","mainEntityOfPage":{"@id":"https:\/\/web.consaguirre.com.ar\/noticias\/universal-music-group-anuncia-una-nueva-asociacion-con-el-sello-lider-de-china-modern-sky\/"},"wordCount":326,"publisher":{"@id":"https:\/\/web.consaguirre.com.ar\/noticias\/#organization"},"image":{"@id":"https:\/\/web.consaguirre.com.ar\/noticias\/universal-music-group-anuncia-una-nueva-asociacion-con-el-sello-lider-de-china-modern-sky\/#primaryimage"},"thumbnailUrl":"https:\/\/web.consaguirre.com.ar\/noticias\/wp-content\/uploads\/2024\/11\/Universal-Music-Group-anuncia-una-nueva-asociacion-con-el-sello.jpg","keywords":["anuncia","asociaci\u00f3n","China","con","Group","l\u00edder","Modern","Music","nueva","sello","Sky","una","Universal"],"articleSection":["El \u00faltimo"],"inLanguage":"es-AR"},{"@type":"WebPage","@id":"https:\/\/web.consaguirre.com.ar\/noticias\/universal-music-group-anuncia-una-nueva-asociacion-con-el-sello-lider-de-china-modern-sky\/","url":"https:\/\/web.consaguirre.com.ar\/noticias\/universal-music-group-anuncia-una-nueva-asociacion-con-el-sello-lider-de-china-modern-sky\/","name":"Universal Music Group anuncia una nueva asociaci\u00f3n con el sello l\u00edder de China, Modern Sky","isPartOf":{"@id":"https:\/\/web.consaguirre.com.ar\/noticias\/#website"},"primaryImageOfPage":{"@id":"https:\/\/web.consaguirre.com.ar\/noticias\/universal-music-group-anuncia-una-nueva-asociacion-con-el-sello-lider-de-china-modern-sky\/#primaryimage"},"image":{"@id":"https:\/\/web.consaguirre.com.ar\/noticias\/universal-music-group-anuncia-una-nueva-asociacion-con-el-sello-lider-de-china-modern-sky\/#primaryimage"},"thumbnailUrl":"https:\/\/web.consaguirre.com.ar\/noticias\/wp-content\/uploads\/2024\/11\/Universal-Music-Group-anuncia-una-nueva-asociacion-con-el-sello.jpg","datePublished":"2024-11-23T02:42:13+00:00","dateModified":"2024-11-23T02:42:15+00:00","breadcrumb":{"@id":"https:\/\/web.consaguirre.com.ar\/noticias\/universal-music-group-anuncia-una-nueva-asociacion-con-el-sello-lider-de-china-modern-sky\/#breadcrumb"},"inLanguage":"es-AR","potentialAction":[{"@type":"ReadAction","target":["https:\/\/web.consaguirre.com.ar\/noticias\/universal-music-group-anuncia-una-nueva-asociacion-con-el-sello-lider-de-china-modern-sky\/"]}]},{"@type":"ImageObject","inLanguage":"es-AR","@id":"https:\/\/web.consaguirre.com.ar\/noticias\/universal-music-group-anuncia-una-nueva-asociacion-con-el-sello-lider-de-china-modern-sky\/#primaryimage","url":"https:\/\/web.consaguirre.com.ar\/noticias\/wp-content\/uploads\/2024\/11\/Universal-Music-Group-anuncia-una-nueva-asociacion-con-el-sello.jpg","contentUrl":"https:\/\/web.consaguirre.com.ar\/noticias\/wp-content\/uploads\/2024\/11\/Universal-Music-Group-anuncia-una-nueva-asociacion-con-el-sello.jpg","width":1440,"height":864,"caption":"Universal Music Group anuncia una nueva asociaci\u00f3n con el sello l\u00edder de China, Modern Sky"},{"@type":"BreadcrumbList","@id":"https:\/\/web.consaguirre.com.ar\/noticias\/universal-music-group-anuncia-una-nueva-asociacion-con-el-sello-lider-de-china-modern-sky\/#breadcrumb","itemListElement":[{"@type":"ListItem","position":1,"name":"Inicio","item":"https:\/\/web.consaguirre.com.ar\/noticias\/"},{"@type":"ListItem","position":2,"name":"Universal Music Group anuncia una nueva asociaci\u00f3n con el sello l\u00edder de China, Modern Sky"}]},{"@type":"WebSite","@id":"https:\/\/web.consaguirre.com.ar\/noticias\/#website","url":"https:\/\/web.consaguirre.com.ar\/noticias\/","name":"Conservatorio de M\u00fasica Juli\u00e1n Aguirre","description":"","publisher":{"@id":"https:\/\/web.consaguirre.com.ar\/noticias\/#organization"},"potentialAction":[{"@type":"SearchAction","target":{"@type":"EntryPoint","urlTemplate":"https:\/\/web.consaguirre.com.ar\/noticias\/?s={search_term_string}"},"query-input":"required name=search_term_string"}],"inLanguage":"es-AR"},{"@type":"Organization","@id":"https:\/\/web.consaguirre.com.ar\/noticias\/#organization","name":"Conservatorio de M\u00fasica Juli\u00e1n Aguirre","url":"https:\/\/web.consaguirre.com.ar\/noticias\/","logo":{"@type":"ImageObject","inLanguage":"es-AR","@id":"https:\/\/web.consaguirre.com.ar\/noticias\/#\/schema\/logo\/image\/","url":"https:\/\/web.consaguirre.com.ar\/noticias\/wp-content\/uploads\/2024\/08\/Banner-Aguirre-23.jpg","contentUrl":"https:\/\/web.consaguirre.com.ar\/noticias\/wp-content\/uploads\/2024\/08\/Banner-Aguirre-23.jpg","width":1192,"height":600,"caption":"Conservatorio de M\u00fasica Juli\u00e1n Aguirre"},"image":{"@id":"https:\/\/web.consaguirre.com.ar\/noticias\/#\/schema\/logo\/image\/"}},{"@type":"Person","@id":"https:\/\/web.consaguirre.com.ar\/noticias\/#\/schema\/person\/6558b0cfedee7ddc5425602b237d5722","name":"Javier Figueroa","image":{"@type":"ImageObject","inLanguage":"es-AR","@id":"https:\/\/web.consaguirre.com.ar\/noticias\/#\/schema\/person\/image\/","url":"https:\/\/web.consaguirre.com.ar\/noticias\/wp-content\/uploads\/2024\/08\/Consaguirre-scaled.jpg","contentUrl":"https:\/\/web.consaguirre.com.ar\/noticias\/wp-content\/uploads\/2024\/08\/Consaguirre-scaled.jpg","caption":"Javier Figueroa"},"description":"Me llamo Javier Figueroa y soy redactor para el sitio oficial del Conservatorio de M\u00fasica Juli\u00e1n Aguirre en Buenos Aires, consaguirre.com. Apasionado por la m\u00fasica y la escritura, me esfuerzo por destacar los talentos y eventos de nuestra prestigiosa instituci\u00f3n. Mi trayectoria se nutre de una profunda admiraci\u00f3n por los artistas, haciendo de cada art\u00edculo una celebraci\u00f3n de la creatividad y la cultura musical.","sameAs":["https:\/\/web.consaguirre.com.ar\/noticias"]}]}},"_links":{"self":[{"href":"https:\/\/web.consaguirre.com.ar\/noticias\/wp-json\/wp\/v2\/posts\/1190"}],"collection":[{"href":"https:\/\/web.consaguirre.com.ar\/noticias\/wp-json\/wp\/v2\/posts"}],"about":[{"href":"https:\/\/web.consaguirre.com.ar\/noticias\/wp-json\/wp\/v2\/types\/post"}],"author":[{"embeddable":true,"href":"https:\/\/web.consaguirre.com.ar\/noticias\/wp-json\/wp\/v2\/users\/1"}],"replies":[{"embeddable":true,"href":"https:\/\/web.consaguirre.com.ar\/noticias\/wp-json\/wp\/v2\/comments?post=1190"}],"version-history":[{"count":1,"href":"https:\/\/web.consaguirre.com.ar\/noticias\/wp-json\/wp\/v2\/posts\/1190\/revisions"}],"predecessor-version":[{"id":1192,"href":"https:\/\/web.consaguirre.com.ar\/noticias\/wp-json\/wp\/v2\/posts\/1190\/revisions\/1192"}],"wp:featuredmedia":[{"embeddable":true,"href":"https:\/\/web.consaguirre.com.ar\/noticias\/wp-json\/wp\/v2\/media\/1191"}],"wp:attachment":[{"href":"https:\/\/web.consaguirre.com.ar\/noticias\/wp-json\/wp\/v2\/media?parent=1190"}],"wp:term":[{"taxonomy":"category","embeddable":true,"href":"https:\/\/web.consaguirre.com.ar\/noticias\/wp-json\/wp\/v2\/categories?post=1190"},{"taxonomy":"post_tag","embeddable":true,"href":"https:\/\/web.consaguirre.com.ar\/noticias\/wp-json\/wp\/v2\/tags?post=1190"}],"curies":[{"name":"wp","href":"https:\/\/api.w.org\/{rel}","templated":true}]}}