{"id":1175,"date":"2024-11-21T14:39:26","date_gmt":"2024-11-21T17:39:26","guid":{"rendered":"https:\/\/web.consaguirre.com.ar\/noticias\/in-my-mind-de-pharrell-williams-llega-en-vinilo-de-edicion-limitada\/"},"modified":"2024-11-21T14:39:29","modified_gmt":"2024-11-21T17:39:29","slug":"in-my-mind-de-pharrell-williams-llega-en-vinilo-de-edicion-limitada","status":"publish","type":"post","link":"https:\/\/web.consaguirre.com.ar\/noticias\/in-my-mind-de-pharrell-williams-llega-en-vinilo-de-edicion-limitada\/","title":{"rendered":"&#8216;In My Mind&#8217; de Pharrell Williams llega en vinilo de edici\u00f3n limitada"},"content":{"rendered":"<p>Interscope Records ha seleccionado <strong>Pharrell Williams<\/strong>&#8216;\u00e1lbum de 2006 <em>en mi mente<\/em> como su elecci\u00f3n de diciembre de 2024 para el programa Interscope Vinyl Collective. El \u00e1lbum, el debut en solitario de Williams, se publicar\u00e1 en un paquete de dos LP, con un disco orqu\u00eddea y otro azul celeste, as\u00ed como nuevas ilustraciones personalizadas para el lanzamiento. Est\u00e1 limitado a 3000 copias.<\/p>\n<p><em>en mi mente<\/em> anunci\u00f3 la llegada de Pharrell como un verdadero talento en solitario. Dicho esto, recibi\u00f3 grandes asistencias en el \u00e1lbum. El LP se abre con \u201cCan I Have It Like That\u201d con la participaci\u00f3n <strong>Gwen Stefani<\/strong>una artista que colabor\u00f3 \u200b\u200bintensamente con Williams tanto en su \u00e1lbum de 2004 <strong><em>Amar. \u00c1ngel. M\u00fasica. Beb\u00e9.<\/em><\/strong>  y su \u00e1lbum de 2006 <em>El dulce escape<\/em>. Asimismo, el colaborador frecuente Jay-Z tambi\u00e9n aparece en <em>en mi mente<\/em> para el tema \u201cYoung Girl\u201d\/\u201dI Really Like You\u201d, y Snoop Dogg, quien trabaj\u00f3 con Pharrell en \u201cDrop It Like It&#8217;s Hot\u201d, est\u00e1 aqu\u00ed con Charlie Wilson en el tema \u201cThat Girl\u201d. Otros artistas destacados en el \u00e1lbum incluyen Slim Thug, Pusha T y Nelly.<\/p>\n<div class=\"uD-YT-container\"><img decoding=\"async\" src=\"https:\/\/web.consaguirre.com.ar\/noticias\/wp-content\/uploads\/2024\/11\/1732210766_439_In-My-Mind-de-Pharrell-Williams-llega-en-vinilo-de.jpg\" alt=\"V\u00eddeo de YouTube\"><br \/>Haga clic para cargar v\u00eddeo<\/div>\n<p>Mucho antes del lanzamiento de <em>en mi mente<\/em>Pharrell hab\u00eda estado ocupado haci\u00e9ndose un nombre, inicialmente como productor en The Neptunes con su socio musical Chad Hugo. Como The Neptunes, produjeron \u00e9xitos para grandes estrellas como Britney Spears, Jay-Z, Kelis y Justin Timberlake. Williams tambi\u00e9n r\u00e1pidamente comenz\u00f3 a ganar reconocimiento propio, contribuyendo con la voz de los dos primeros artistas. Su sencillo debut de 2003, &#8220;Frontin'&#8221;, alcanz\u00f3 su punto m\u00e1ximo entre los diez primeros del Billboard Hot 100.<\/p>\n<p><strong>Orden <em>en mi mente<\/em> a trav\u00e9s del Interscope Vinyl Collective.<\/strong><\/p>\n","protected":false},"excerpt":{"rendered":"<p>Interscope Records ha seleccionado Pharrell Williams&#8216;\u00e1lbum de 2006 en mi mente como su elecci\u00f3n de diciembre de 2024 para el programa Interscope Vinyl Collective. El<\/p>\n","protected":false},"author":1,"featured_media":1176,"comment_status":"closed","ping_status":"","sticky":false,"template":"","format":"standard","meta":{"footnotes":""},"categories":[50],"tags":[160,335,542,353,1315,87,778],"class_list":["post-1175","post","type-post","status-publish","format-standard","has-post-thumbnail","hentry","category-el-ultimo","tag-edicion","tag-limitada","tag-llega","tag-mind","tag-pharrell","tag-vinilo","tag-williams","generate-columns","tablet-grid-50","mobile-grid-100","grid-parent","grid-50"],"yoast_head":"<!-- This site is optimized with the Yoast SEO plugin v23.3 - https:\/\/yoast.com\/wordpress\/plugins\/seo\/ -->\n<title>&#039;In My Mind&#039; de Pharrell Williams llega en vinilo de edici\u00f3n limitada<\/title>\n<meta name=\"robots\" content=\"index, follow, max-snippet:-1, max-image-preview:large, max-video-preview:-1\" \/>\n<link rel=\"canonical\" href=\"https:\/\/web.consaguirre.com.ar\/noticias\/in-my-mind-de-pharrell-williams-llega-en-vinilo-de-edicion-limitada\/\" \/>\n<meta property=\"og:locale\" content=\"es_ES\" \/>\n<meta property=\"og:type\" content=\"article\" \/>\n<meta property=\"og:title\" content=\"&#039;In My Mind&#039; de Pharrell Williams llega en vinilo de edici\u00f3n limitada\" \/>\n<meta property=\"og:description\" content=\"Interscope Records ha seleccionado Pharrell Williams&#8216;\u00e1lbum de 2006 en mi mente como su elecci\u00f3n de diciembre de 2024 para el programa Interscope Vinyl Collective. El\" \/>\n<meta property=\"og:url\" content=\"https:\/\/web.consaguirre.com.ar\/noticias\/in-my-mind-de-pharrell-williams-llega-en-vinilo-de-edicion-limitada\/\" \/>\n<meta property=\"og:site_name\" content=\"Conservatorio de M\u00fasica Juli\u00e1n Aguirre\" \/>\n<meta property=\"article:published_time\" content=\"2024-11-21T17:39:26+00:00\" \/>\n<meta property=\"article:modified_time\" content=\"2024-11-21T17:39:29+00:00\" \/>\n<meta property=\"og:image\" content=\"https:\/\/web.consaguirre.com.ar\/noticias\/wp-content\/uploads\/2024\/11\/In-My-Mind-de-Pharrell-Williams-llega-en-vinilo-de.jpg\" \/>\n\t<meta property=\"og:image:width\" content=\"1280\" \/>\n\t<meta property=\"og:image:height\" content=\"1280\" \/>\n\t<meta property=\"og:image:type\" content=\"image\/jpeg\" \/>\n<meta name=\"author\" content=\"Javier Figueroa\" \/>\n<meta name=\"twitter:card\" content=\"summary_large_image\" \/>\n<meta name=\"twitter:label1\" content=\"Escrito por\" \/>\n\t<meta name=\"twitter:data1\" content=\"Javier Figueroa\" \/>\n\t<meta name=\"twitter:label2\" content=\"Tiempo de lectura\" \/>\n\t<meta name=\"twitter:data2\" content=\"1 minuto\" \/>\n<script type=\"application\/ld+json\" class=\"yoast-schema-graph\">{\"@context\":\"https:\/\/schema.org\",\"@graph\":[{\"@type\":\"Article\",\"@id\":\"https:\/\/web.consaguirre.com.ar\/noticias\/in-my-mind-de-pharrell-williams-llega-en-vinilo-de-edicion-limitada\/#article\",\"isPartOf\":{\"@id\":\"https:\/\/web.consaguirre.com.ar\/noticias\/in-my-mind-de-pharrell-williams-llega-en-vinilo-de-edicion-limitada\/\"},\"author\":{\"name\":\"Javier Figueroa\",\"@id\":\"https:\/\/web.consaguirre.com.ar\/noticias\/#\/schema\/person\/6558b0cfedee7ddc5425602b237d5722\"},\"headline\":\"&#8216;In My Mind&#8217; de Pharrell Williams llega en vinilo de edici\u00f3n limitada\",\"datePublished\":\"2024-11-21T17:39:26+00:00\",\"dateModified\":\"2024-11-21T17:39:29+00:00\",\"mainEntityOfPage\":{\"@id\":\"https:\/\/web.consaguirre.com.ar\/noticias\/in-my-mind-de-pharrell-williams-llega-en-vinilo-de-edicion-limitada\/\"},\"wordCount\":291,\"publisher\":{\"@id\":\"https:\/\/web.consaguirre.com.ar\/noticias\/#organization\"},\"image\":{\"@id\":\"https:\/\/web.consaguirre.com.ar\/noticias\/in-my-mind-de-pharrell-williams-llega-en-vinilo-de-edicion-limitada\/#primaryimage\"},\"thumbnailUrl\":\"https:\/\/web.consaguirre.com.ar\/noticias\/wp-content\/uploads\/2024\/11\/In-My-Mind-de-Pharrell-Williams-llega-en-vinilo-de.jpg\",\"keywords\":[\"edici\u00f3n\",\"limitada\",\"llega\",\"Mind\",\"Pharrell\",\"vinilo\",\"Williams\"],\"articleSection\":[\"El \u00faltimo\"],\"inLanguage\":\"es-AR\"},{\"@type\":\"WebPage\",\"@id\":\"https:\/\/web.consaguirre.com.ar\/noticias\/in-my-mind-de-pharrell-williams-llega-en-vinilo-de-edicion-limitada\/\",\"url\":\"https:\/\/web.consaguirre.com.ar\/noticias\/in-my-mind-de-pharrell-williams-llega-en-vinilo-de-edicion-limitada\/\",\"name\":\"'In My Mind' de Pharrell Williams llega en vinilo de edici\u00f3n limitada\",\"isPartOf\":{\"@id\":\"https:\/\/web.consaguirre.com.ar\/noticias\/#website\"},\"primaryImageOfPage\":{\"@id\":\"https:\/\/web.consaguirre.com.ar\/noticias\/in-my-mind-de-pharrell-williams-llega-en-vinilo-de-edicion-limitada\/#primaryimage\"},\"image\":{\"@id\":\"https:\/\/web.consaguirre.com.ar\/noticias\/in-my-mind-de-pharrell-williams-llega-en-vinilo-de-edicion-limitada\/#primaryimage\"},\"thumbnailUrl\":\"https:\/\/web.consaguirre.com.ar\/noticias\/wp-content\/uploads\/2024\/11\/In-My-Mind-de-Pharrell-Williams-llega-en-vinilo-de.jpg\",\"datePublished\":\"2024-11-21T17:39:26+00:00\",\"dateModified\":\"2024-11-21T17:39:29+00:00\",\"breadcrumb\":{\"@id\":\"https:\/\/web.consaguirre.com.ar\/noticias\/in-my-mind-de-pharrell-williams-llega-en-vinilo-de-edicion-limitada\/#breadcrumb\"},\"inLanguage\":\"es-AR\",\"potentialAction\":[{\"@type\":\"ReadAction\",\"target\":[\"https:\/\/web.consaguirre.com.ar\/noticias\/in-my-mind-de-pharrell-williams-llega-en-vinilo-de-edicion-limitada\/\"]}]},{\"@type\":\"ImageObject\",\"inLanguage\":\"es-AR\",\"@id\":\"https:\/\/web.consaguirre.com.ar\/noticias\/in-my-mind-de-pharrell-williams-llega-en-vinilo-de-edicion-limitada\/#primaryimage\",\"url\":\"https:\/\/web.consaguirre.com.ar\/noticias\/wp-content\/uploads\/2024\/11\/In-My-Mind-de-Pharrell-Williams-llega-en-vinilo-de.jpg\",\"contentUrl\":\"https:\/\/web.consaguirre.com.ar\/noticias\/wp-content\/uploads\/2024\/11\/In-My-Mind-de-Pharrell-Williams-llega-en-vinilo-de.jpg\",\"width\":1280,\"height\":1280,\"caption\":\"'In My Mind' de Pharrell Williams llega en vinilo de edici\u00f3n limitada\"},{\"@type\":\"BreadcrumbList\",\"@id\":\"https:\/\/web.consaguirre.com.ar\/noticias\/in-my-mind-de-pharrell-williams-llega-en-vinilo-de-edicion-limitada\/#breadcrumb\",\"itemListElement\":[{\"@type\":\"ListItem\",\"position\":1,\"name\":\"Inicio\",\"item\":\"https:\/\/web.consaguirre.com.ar\/noticias\/\"},{\"@type\":\"ListItem\",\"position\":2,\"name\":\"&#8216;In My Mind&#8217; de Pharrell Williams llega en vinilo de edici\u00f3n limitada\"}]},{\"@type\":\"WebSite\",\"@id\":\"https:\/\/web.consaguirre.com.ar\/noticias\/#website\",\"url\":\"https:\/\/web.consaguirre.com.ar\/noticias\/\",\"name\":\"Conservatorio de M\u00fasica Juli\u00e1n Aguirre\",\"description\":\"\",\"publisher\":{\"@id\":\"https:\/\/web.consaguirre.com.ar\/noticias\/#organization\"},\"potentialAction\":[{\"@type\":\"SearchAction\",\"target\":{\"@type\":\"EntryPoint\",\"urlTemplate\":\"https:\/\/web.consaguirre.com.ar\/noticias\/?s={search_term_string}\"},\"query-input\":\"required name=search_term_string\"}],\"inLanguage\":\"es-AR\"},{\"@type\":\"Organization\",\"@id\":\"https:\/\/web.consaguirre.com.ar\/noticias\/#organization\",\"name\":\"Conservatorio de M\u00fasica Juli\u00e1n Aguirre\",\"url\":\"https:\/\/web.consaguirre.com.ar\/noticias\/\",\"logo\":{\"@type\":\"ImageObject\",\"inLanguage\":\"es-AR\",\"@id\":\"https:\/\/web.consaguirre.com.ar\/noticias\/#\/schema\/logo\/image\/\",\"url\":\"https:\/\/web.consaguirre.com.ar\/noticias\/wp-content\/uploads\/2024\/08\/Banner-Aguirre-23.jpg\",\"contentUrl\":\"https:\/\/web.consaguirre.com.ar\/noticias\/wp-content\/uploads\/2024\/08\/Banner-Aguirre-23.jpg\",\"width\":1192,\"height\":600,\"caption\":\"Conservatorio de M\u00fasica Juli\u00e1n Aguirre\"},\"image\":{\"@id\":\"https:\/\/web.consaguirre.com.ar\/noticias\/#\/schema\/logo\/image\/\"}},{\"@type\":\"Person\",\"@id\":\"https:\/\/web.consaguirre.com.ar\/noticias\/#\/schema\/person\/6558b0cfedee7ddc5425602b237d5722\",\"name\":\"Javier Figueroa\",\"image\":{\"@type\":\"ImageObject\",\"inLanguage\":\"es-AR\",\"@id\":\"https:\/\/web.consaguirre.com.ar\/noticias\/#\/schema\/person\/image\/\",\"url\":\"https:\/\/web.consaguirre.com.ar\/noticias\/wp-content\/uploads\/2024\/08\/Consaguirre-scaled.jpg\",\"contentUrl\":\"https:\/\/web.consaguirre.com.ar\/noticias\/wp-content\/uploads\/2024\/08\/Consaguirre-scaled.jpg\",\"caption\":\"Javier Figueroa\"},\"description\":\"Me llamo Javier Figueroa y soy redactor para el sitio oficial del Conservatorio de M\u00fasica Juli\u00e1n Aguirre en Buenos Aires, consaguirre.com. Apasionado por la m\u00fasica y la escritura, me esfuerzo por destacar los talentos y eventos de nuestra prestigiosa instituci\u00f3n. Mi trayectoria se nutre de una profunda admiraci\u00f3n por los artistas, haciendo de cada art\u00edculo una celebraci\u00f3n de la creatividad y la cultura musical.\",\"sameAs\":[\"https:\/\/web.consaguirre.com.ar\/noticias\"]}]}<\/script>\n<!-- \/ Yoast SEO plugin. -->","yoast_head_json":{"title":"'In My Mind' de Pharrell Williams llega en vinilo de edici\u00f3n limitada","robots":{"index":"index","follow":"follow","max-snippet":"max-snippet:-1","max-image-preview":"max-image-preview:large","max-video-preview":"max-video-preview:-1"},"canonical":"https:\/\/web.consaguirre.com.ar\/noticias\/in-my-mind-de-pharrell-williams-llega-en-vinilo-de-edicion-limitada\/","og_locale":"es_ES","og_type":"article","og_title":"'In My Mind' de Pharrell Williams llega en vinilo de edici\u00f3n limitada","og_description":"Interscope Records ha seleccionado Pharrell Williams&#8216;\u00e1lbum de 2006 en mi mente como su elecci\u00f3n de diciembre de 2024 para el programa Interscope Vinyl Collective. El","og_url":"https:\/\/web.consaguirre.com.ar\/noticias\/in-my-mind-de-pharrell-williams-llega-en-vinilo-de-edicion-limitada\/","og_site_name":"Conservatorio de M\u00fasica Juli\u00e1n Aguirre","article_published_time":"2024-11-21T17:39:26+00:00","article_modified_time":"2024-11-21T17:39:29+00:00","og_image":[{"width":1280,"height":1280,"url":"https:\/\/web.consaguirre.com.ar\/noticias\/wp-content\/uploads\/2024\/11\/In-My-Mind-de-Pharrell-Williams-llega-en-vinilo-de.jpg","type":"image\/jpeg"}],"author":"Javier Figueroa","twitter_card":"summary_large_image","twitter_misc":{"Escrito por":"Javier Figueroa","Tiempo de lectura":"1 minuto"},"schema":{"@context":"https:\/\/schema.org","@graph":[{"@type":"Article","@id":"https:\/\/web.consaguirre.com.ar\/noticias\/in-my-mind-de-pharrell-williams-llega-en-vinilo-de-edicion-limitada\/#article","isPartOf":{"@id":"https:\/\/web.consaguirre.com.ar\/noticias\/in-my-mind-de-pharrell-williams-llega-en-vinilo-de-edicion-limitada\/"},"author":{"name":"Javier Figueroa","@id":"https:\/\/web.consaguirre.com.ar\/noticias\/#\/schema\/person\/6558b0cfedee7ddc5425602b237d5722"},"headline":"&#8216;In My Mind&#8217; de Pharrell Williams llega en vinilo de edici\u00f3n limitada","datePublished":"2024-11-21T17:39:26+00:00","dateModified":"2024-11-21T17:39:29+00:00","mainEntityOfPage":{"@id":"https:\/\/web.consaguirre.com.ar\/noticias\/in-my-mind-de-pharrell-williams-llega-en-vinilo-de-edicion-limitada\/"},"wordCount":291,"publisher":{"@id":"https:\/\/web.consaguirre.com.ar\/noticias\/#organization"},"image":{"@id":"https:\/\/web.consaguirre.com.ar\/noticias\/in-my-mind-de-pharrell-williams-llega-en-vinilo-de-edicion-limitada\/#primaryimage"},"thumbnailUrl":"https:\/\/web.consaguirre.com.ar\/noticias\/wp-content\/uploads\/2024\/11\/In-My-Mind-de-Pharrell-Williams-llega-en-vinilo-de.jpg","keywords":["edici\u00f3n","limitada","llega","Mind","Pharrell","vinilo","Williams"],"articleSection":["El \u00faltimo"],"inLanguage":"es-AR"},{"@type":"WebPage","@id":"https:\/\/web.consaguirre.com.ar\/noticias\/in-my-mind-de-pharrell-williams-llega-en-vinilo-de-edicion-limitada\/","url":"https:\/\/web.consaguirre.com.ar\/noticias\/in-my-mind-de-pharrell-williams-llega-en-vinilo-de-edicion-limitada\/","name":"'In My Mind' de Pharrell Williams llega en vinilo de edici\u00f3n limitada","isPartOf":{"@id":"https:\/\/web.consaguirre.com.ar\/noticias\/#website"},"primaryImageOfPage":{"@id":"https:\/\/web.consaguirre.com.ar\/noticias\/in-my-mind-de-pharrell-williams-llega-en-vinilo-de-edicion-limitada\/#primaryimage"},"image":{"@id":"https:\/\/web.consaguirre.com.ar\/noticias\/in-my-mind-de-pharrell-williams-llega-en-vinilo-de-edicion-limitada\/#primaryimage"},"thumbnailUrl":"https:\/\/web.consaguirre.com.ar\/noticias\/wp-content\/uploads\/2024\/11\/In-My-Mind-de-Pharrell-Williams-llega-en-vinilo-de.jpg","datePublished":"2024-11-21T17:39:26+00:00","dateModified":"2024-11-21T17:39:29+00:00","breadcrumb":{"@id":"https:\/\/web.consaguirre.com.ar\/noticias\/in-my-mind-de-pharrell-williams-llega-en-vinilo-de-edicion-limitada\/#breadcrumb"},"inLanguage":"es-AR","potentialAction":[{"@type":"ReadAction","target":["https:\/\/web.consaguirre.com.ar\/noticias\/in-my-mind-de-pharrell-williams-llega-en-vinilo-de-edicion-limitada\/"]}]},{"@type":"ImageObject","inLanguage":"es-AR","@id":"https:\/\/web.consaguirre.com.ar\/noticias\/in-my-mind-de-pharrell-williams-llega-en-vinilo-de-edicion-limitada\/#primaryimage","url":"https:\/\/web.consaguirre.com.ar\/noticias\/wp-content\/uploads\/2024\/11\/In-My-Mind-de-Pharrell-Williams-llega-en-vinilo-de.jpg","contentUrl":"https:\/\/web.consaguirre.com.ar\/noticias\/wp-content\/uploads\/2024\/11\/In-My-Mind-de-Pharrell-Williams-llega-en-vinilo-de.jpg","width":1280,"height":1280,"caption":"'In My Mind' de Pharrell Williams llega en vinilo de edici\u00f3n limitada"},{"@type":"BreadcrumbList","@id":"https:\/\/web.consaguirre.com.ar\/noticias\/in-my-mind-de-pharrell-williams-llega-en-vinilo-de-edicion-limitada\/#breadcrumb","itemListElement":[{"@type":"ListItem","position":1,"name":"Inicio","item":"https:\/\/web.consaguirre.com.ar\/noticias\/"},{"@type":"ListItem","position":2,"name":"&#8216;In My Mind&#8217; de Pharrell Williams llega en vinilo de edici\u00f3n limitada"}]},{"@type":"WebSite","@id":"https:\/\/web.consaguirre.com.ar\/noticias\/#website","url":"https:\/\/web.consaguirre.com.ar\/noticias\/","name":"Conservatorio de M\u00fasica Juli\u00e1n Aguirre","description":"","publisher":{"@id":"https:\/\/web.consaguirre.com.ar\/noticias\/#organization"},"potentialAction":[{"@type":"SearchAction","target":{"@type":"EntryPoint","urlTemplate":"https:\/\/web.consaguirre.com.ar\/noticias\/?s={search_term_string}"},"query-input":"required name=search_term_string"}],"inLanguage":"es-AR"},{"@type":"Organization","@id":"https:\/\/web.consaguirre.com.ar\/noticias\/#organization","name":"Conservatorio de M\u00fasica Juli\u00e1n Aguirre","url":"https:\/\/web.consaguirre.com.ar\/noticias\/","logo":{"@type":"ImageObject","inLanguage":"es-AR","@id":"https:\/\/web.consaguirre.com.ar\/noticias\/#\/schema\/logo\/image\/","url":"https:\/\/web.consaguirre.com.ar\/noticias\/wp-content\/uploads\/2024\/08\/Banner-Aguirre-23.jpg","contentUrl":"https:\/\/web.consaguirre.com.ar\/noticias\/wp-content\/uploads\/2024\/08\/Banner-Aguirre-23.jpg","width":1192,"height":600,"caption":"Conservatorio de M\u00fasica Juli\u00e1n Aguirre"},"image":{"@id":"https:\/\/web.consaguirre.com.ar\/noticias\/#\/schema\/logo\/image\/"}},{"@type":"Person","@id":"https:\/\/web.consaguirre.com.ar\/noticias\/#\/schema\/person\/6558b0cfedee7ddc5425602b237d5722","name":"Javier Figueroa","image":{"@type":"ImageObject","inLanguage":"es-AR","@id":"https:\/\/web.consaguirre.com.ar\/noticias\/#\/schema\/person\/image\/","url":"https:\/\/web.consaguirre.com.ar\/noticias\/wp-content\/uploads\/2024\/08\/Consaguirre-scaled.jpg","contentUrl":"https:\/\/web.consaguirre.com.ar\/noticias\/wp-content\/uploads\/2024\/08\/Consaguirre-scaled.jpg","caption":"Javier Figueroa"},"description":"Me llamo Javier Figueroa y soy redactor para el sitio oficial del Conservatorio de M\u00fasica Juli\u00e1n Aguirre en Buenos Aires, consaguirre.com. Apasionado por la m\u00fasica y la escritura, me esfuerzo por destacar los talentos y eventos de nuestra prestigiosa instituci\u00f3n. Mi trayectoria se nutre de una profunda admiraci\u00f3n por los artistas, haciendo de cada art\u00edculo una celebraci\u00f3n de la creatividad y la cultura musical.","sameAs":["https:\/\/web.consaguirre.com.ar\/noticias"]}]}},"_links":{"self":[{"href":"https:\/\/web.consaguirre.com.ar\/noticias\/wp-json\/wp\/v2\/posts\/1175"}],"collection":[{"href":"https:\/\/web.consaguirre.com.ar\/noticias\/wp-json\/wp\/v2\/posts"}],"about":[{"href":"https:\/\/web.consaguirre.com.ar\/noticias\/wp-json\/wp\/v2\/types\/post"}],"author":[{"embeddable":true,"href":"https:\/\/web.consaguirre.com.ar\/noticias\/wp-json\/wp\/v2\/users\/1"}],"replies":[{"embeddable":true,"href":"https:\/\/web.consaguirre.com.ar\/noticias\/wp-json\/wp\/v2\/comments?post=1175"}],"version-history":[{"count":1,"href":"https:\/\/web.consaguirre.com.ar\/noticias\/wp-json\/wp\/v2\/posts\/1175\/revisions"}],"predecessor-version":[{"id":1177,"href":"https:\/\/web.consaguirre.com.ar\/noticias\/wp-json\/wp\/v2\/posts\/1175\/revisions\/1177"}],"wp:featuredmedia":[{"embeddable":true,"href":"https:\/\/web.consaguirre.com.ar\/noticias\/wp-json\/wp\/v2\/media\/1176"}],"wp:attachment":[{"href":"https:\/\/web.consaguirre.com.ar\/noticias\/wp-json\/wp\/v2\/media?parent=1175"}],"wp:term":[{"taxonomy":"category","embeddable":true,"href":"https:\/\/web.consaguirre.com.ar\/noticias\/wp-json\/wp\/v2\/categories?post=1175"},{"taxonomy":"post_tag","embeddable":true,"href":"https:\/\/web.consaguirre.com.ar\/noticias\/wp-json\/wp\/v2\/tags?post=1175"}],"curies":[{"name":"wp","href":"https:\/\/api.w.org\/{rel}","templated":true}]}}