{"id":1145,"date":"2024-11-19T02:39:00","date_gmt":"2024-11-19T05:39:00","guid":{"rendered":"https:\/\/web.consaguirre.com.ar\/noticias\/elton-john-y-brandi-carlile-lanzan-never-too-late\/"},"modified":"2024-11-19T02:39:02","modified_gmt":"2024-11-19T05:39:02","slug":"elton-john-y-brandi-carlile-lanzan-never-too-late","status":"publish","type":"post","link":"https:\/\/web.consaguirre.com.ar\/noticias\/elton-john-y-brandi-carlile-lanzan-never-too-late\/","title":{"rendered":"Elton John y Brandi Carlile lanzan &#8216;Never Too Late&#8217;"},"content":{"rendered":"<p><strong>Elton John<\/strong> y Brandi Carlile se han unido para una canci\u00f3n llamada &#8220;Never Too Late&#8221;. El sencillo colaborativo fue inspirado y escrito para el pr\u00f3ximo documental. <em>Elton John: Nunca es demasiado tarde<\/em>. Dirigida por RJ Cutler y David Furnish, la exploraci\u00f3n \u00edntima y emocional de los 50 a\u00f1os de carrera de John se proyecta actualmente en cines selectos y llega a Disney+ el 13 de diciembre.<\/p>\n<p>\u201cNever Too Late\u201d naci\u00f3 en el verano de 2023, mientras John estaba terminando su gira r\u00e9cord &#8216;Farewell Yellow Brick Road&#8217; y considerando su futuro. Carlile vio una de las primeras versiones del pr\u00f3ximo documental y qued\u00f3 inmensamente conmovida.<\/p>\n<div class=\"uD-YT-container\"><img decoding=\"async\" src=\"https:\/\/web.consaguirre.com.ar\/noticias\/wp-content\/uploads\/2024\/10\/1727815231_705_El-nuevo-documental-de-Elton-John-tiene-trailer.jpg\" alt=\"V\u00eddeo de YouTube\"><br \/>Haga clic para cargar v\u00eddeo<\/div>\n<p>\u201cFue realmente sorprendente ver im\u00e1genes hist\u00f3ricas de Elton y la trayectoria de su vida. Pero a pesar de lo fant\u00e1stico y hermoso que fue todo lo que todos fuimos testigos como fan\u00e1ticos, su vida tambi\u00e9n fue bastante solitaria y dif\u00edcil a veces\u201d, dijo. \u201cY pens\u00e9 que el documental ilustraba un sentimiento realmente importante, porque tal vez nunca haya encontrado su serenidad y su paz, pero las encontr\u00f3, y las encontr\u00f3 m\u00e1s adelante en la vida. Y nunca es demasiado tarde, demasiado tarde para encontrar el amor de tu vida, formar una familia o cambiar de opini\u00f3n sobre cualquier cosa\u201d.<\/p>\n<p>La pel\u00edcula, entonces sin t\u00edtulo, inspir\u00f3 a Carlile a escribir una nueva canci\u00f3n en tercera persona, influenciada por la voz emp\u00e1tica y observadora de Bernie Taupin.<\/p>\n<p>\u201cHace mucho tiempo que s\u00e9 lo genial que era, pero aun as\u00ed, leer sus letras y coescribir con ella la m\u00fasica fue profundamente conmovedor. Especialmente considerando lo personal que es ver mi vida en la pantalla, ella captur\u00f3 perfectamente la esencia del documental y por qu\u00e9 dej\u00e9 de hacer giras para pasar m\u00e1s tiempo con mi familia\u201d, dijo John. \u201cEstoy constantemente asombrado por su arte, ella puede canalizar mi voz de una manera que s\u00f3lo Bernie hab\u00eda logrado hacerlo antes. S\u00e9 que Bernie ayud\u00f3 a guiar a Brandi en eso. El nivel de su musicalidad, su composici\u00f3n y su pasi\u00f3n por lo que hace son sensacionales. Ella realmente es una de las m\u00e1s grandes que existen\u201d.<\/p>\n<p>Cutler y Furnish quedaron tan conmovidos por la canci\u00f3n que tomaron prestada la letra para el t\u00edtulo del documental y la m\u00fasica de los cr\u00e9ditos finales. &#8220;Never Too Late&#8221; est\u00e1 producido y coescrito por el ganador de m\u00faltiples premios Grammy, Andrew Watt, quien produjo varias canciones del \u00e1lbum de John, que encabez\u00f3 las listas de \u00e9xitos. <em>Las sesiones de encierro<\/em> incluido el tema extra con Britney Spears \u201cHold Me Closer\u201d.<\/p><\/p>\n","protected":false},"excerpt":{"rendered":"<p>Elton John y Brandi Carlile se han unido para una canci\u00f3n llamada &#8220;Never Too Late&#8221;. El sencillo colaborativo fue inspirado y escrito para el pr\u00f3ximo<\/p>\n","protected":false},"author":1,"featured_media":1146,"comment_status":"closed","ping_status":"","sticky":false,"template":"","format":"standard","meta":{"footnotes":""},"categories":[50],"tags":[1291,1292,824,91,393,1078],"class_list":["post-1145","post","type-post","status-publish","format-standard","has-post-thumbnail","hentry","category-el-ultimo","tag-brandi","tag-carlile","tag-elton","tag-john","tag-lanzan","tag-late","generate-columns","tablet-grid-50","mobile-grid-100","grid-parent","grid-50"],"yoast_head":"<!-- This site is optimized with the Yoast SEO plugin v23.3 - https:\/\/yoast.com\/wordpress\/plugins\/seo\/ -->\n<title>Elton John y Brandi Carlile lanzan &#039;Never Too Late&#039;<\/title>\n<meta name=\"robots\" content=\"index, follow, max-snippet:-1, max-image-preview:large, max-video-preview:-1\" \/>\n<link rel=\"canonical\" href=\"https:\/\/web.consaguirre.com.ar\/noticias\/elton-john-y-brandi-carlile-lanzan-never-too-late\/\" \/>\n<meta property=\"og:locale\" content=\"es_ES\" \/>\n<meta property=\"og:type\" content=\"article\" \/>\n<meta property=\"og:title\" content=\"Elton John y Brandi Carlile lanzan &#039;Never Too Late&#039;\" \/>\n<meta property=\"og:description\" content=\"Elton John y Brandi Carlile se han unido para una canci\u00f3n llamada &#8220;Never Too Late&#8221;. El sencillo colaborativo fue inspirado y escrito para el pr\u00f3ximo\" \/>\n<meta property=\"og:url\" content=\"https:\/\/web.consaguirre.com.ar\/noticias\/elton-john-y-brandi-carlile-lanzan-never-too-late\/\" \/>\n<meta property=\"og:site_name\" content=\"Conservatorio de M\u00fasica Juli\u00e1n Aguirre\" \/>\n<meta property=\"article:published_time\" content=\"2024-11-19T05:39:00+00:00\" \/>\n<meta property=\"article:modified_time\" content=\"2024-11-19T05:39:02+00:00\" \/>\n<meta property=\"og:image\" content=\"https:\/\/web.consaguirre.com.ar\/noticias\/wp-content\/uploads\/2024\/11\/Elton-John-y-Brandi-Carlile-lanzan-Never-Too-Late.jpg\" \/>\n\t<meta property=\"og:image:width\" content=\"1280\" \/>\n\t<meta property=\"og:image:height\" content=\"1280\" \/>\n\t<meta property=\"og:image:type\" content=\"image\/jpeg\" \/>\n<meta name=\"author\" content=\"Javier Figueroa\" \/>\n<meta name=\"twitter:card\" content=\"summary_large_image\" \/>\n<meta name=\"twitter:label1\" content=\"Escrito por\" \/>\n\t<meta name=\"twitter:data1\" content=\"Javier Figueroa\" \/>\n\t<meta name=\"twitter:label2\" content=\"Tiempo de lectura\" \/>\n\t<meta name=\"twitter:data2\" content=\"2 minutos\" \/>\n<script type=\"application\/ld+json\" class=\"yoast-schema-graph\">{\"@context\":\"https:\/\/schema.org\",\"@graph\":[{\"@type\":\"Article\",\"@id\":\"https:\/\/web.consaguirre.com.ar\/noticias\/elton-john-y-brandi-carlile-lanzan-never-too-late\/#article\",\"isPartOf\":{\"@id\":\"https:\/\/web.consaguirre.com.ar\/noticias\/elton-john-y-brandi-carlile-lanzan-never-too-late\/\"},\"author\":{\"name\":\"Javier Figueroa\",\"@id\":\"https:\/\/web.consaguirre.com.ar\/noticias\/#\/schema\/person\/6558b0cfedee7ddc5425602b237d5722\"},\"headline\":\"Elton John y Brandi Carlile lanzan &#8216;Never Too Late&#8217;\",\"datePublished\":\"2024-11-19T05:39:00+00:00\",\"dateModified\":\"2024-11-19T05:39:02+00:00\",\"mainEntityOfPage\":{\"@id\":\"https:\/\/web.consaguirre.com.ar\/noticias\/elton-john-y-brandi-carlile-lanzan-never-too-late\/\"},\"wordCount\":457,\"publisher\":{\"@id\":\"https:\/\/web.consaguirre.com.ar\/noticias\/#organization\"},\"image\":{\"@id\":\"https:\/\/web.consaguirre.com.ar\/noticias\/elton-john-y-brandi-carlile-lanzan-never-too-late\/#primaryimage\"},\"thumbnailUrl\":\"https:\/\/web.consaguirre.com.ar\/noticias\/wp-content\/uploads\/2024\/11\/Elton-John-y-Brandi-Carlile-lanzan-Never-Too-Late.jpg\",\"keywords\":[\"Brandi\",\"Carlile\",\"Elton\",\"John\",\"lanzan\",\"Late\"],\"articleSection\":[\"El \u00faltimo\"],\"inLanguage\":\"es-AR\"},{\"@type\":\"WebPage\",\"@id\":\"https:\/\/web.consaguirre.com.ar\/noticias\/elton-john-y-brandi-carlile-lanzan-never-too-late\/\",\"url\":\"https:\/\/web.consaguirre.com.ar\/noticias\/elton-john-y-brandi-carlile-lanzan-never-too-late\/\",\"name\":\"Elton John y Brandi Carlile lanzan 'Never Too Late'\",\"isPartOf\":{\"@id\":\"https:\/\/web.consaguirre.com.ar\/noticias\/#website\"},\"primaryImageOfPage\":{\"@id\":\"https:\/\/web.consaguirre.com.ar\/noticias\/elton-john-y-brandi-carlile-lanzan-never-too-late\/#primaryimage\"},\"image\":{\"@id\":\"https:\/\/web.consaguirre.com.ar\/noticias\/elton-john-y-brandi-carlile-lanzan-never-too-late\/#primaryimage\"},\"thumbnailUrl\":\"https:\/\/web.consaguirre.com.ar\/noticias\/wp-content\/uploads\/2024\/11\/Elton-John-y-Brandi-Carlile-lanzan-Never-Too-Late.jpg\",\"datePublished\":\"2024-11-19T05:39:00+00:00\",\"dateModified\":\"2024-11-19T05:39:02+00:00\",\"breadcrumb\":{\"@id\":\"https:\/\/web.consaguirre.com.ar\/noticias\/elton-john-y-brandi-carlile-lanzan-never-too-late\/#breadcrumb\"},\"inLanguage\":\"es-AR\",\"potentialAction\":[{\"@type\":\"ReadAction\",\"target\":[\"https:\/\/web.consaguirre.com.ar\/noticias\/elton-john-y-brandi-carlile-lanzan-never-too-late\/\"]}]},{\"@type\":\"ImageObject\",\"inLanguage\":\"es-AR\",\"@id\":\"https:\/\/web.consaguirre.com.ar\/noticias\/elton-john-y-brandi-carlile-lanzan-never-too-late\/#primaryimage\",\"url\":\"https:\/\/web.consaguirre.com.ar\/noticias\/wp-content\/uploads\/2024\/11\/Elton-John-y-Brandi-Carlile-lanzan-Never-Too-Late.jpg\",\"contentUrl\":\"https:\/\/web.consaguirre.com.ar\/noticias\/wp-content\/uploads\/2024\/11\/Elton-John-y-Brandi-Carlile-lanzan-Never-Too-Late.jpg\",\"width\":1280,\"height\":1280,\"caption\":\"Elton John y Brandi Carlile lanzan 'Never Too Late'\"},{\"@type\":\"BreadcrumbList\",\"@id\":\"https:\/\/web.consaguirre.com.ar\/noticias\/elton-john-y-brandi-carlile-lanzan-never-too-late\/#breadcrumb\",\"itemListElement\":[{\"@type\":\"ListItem\",\"position\":1,\"name\":\"Inicio\",\"item\":\"https:\/\/web.consaguirre.com.ar\/noticias\/\"},{\"@type\":\"ListItem\",\"position\":2,\"name\":\"Elton John y Brandi Carlile lanzan &#8216;Never Too Late&#8217;\"}]},{\"@type\":\"WebSite\",\"@id\":\"https:\/\/web.consaguirre.com.ar\/noticias\/#website\",\"url\":\"https:\/\/web.consaguirre.com.ar\/noticias\/\",\"name\":\"Conservatorio de M\u00fasica Juli\u00e1n Aguirre\",\"description\":\"\",\"publisher\":{\"@id\":\"https:\/\/web.consaguirre.com.ar\/noticias\/#organization\"},\"potentialAction\":[{\"@type\":\"SearchAction\",\"target\":{\"@type\":\"EntryPoint\",\"urlTemplate\":\"https:\/\/web.consaguirre.com.ar\/noticias\/?s={search_term_string}\"},\"query-input\":\"required name=search_term_string\"}],\"inLanguage\":\"es-AR\"},{\"@type\":\"Organization\",\"@id\":\"https:\/\/web.consaguirre.com.ar\/noticias\/#organization\",\"name\":\"Conservatorio de M\u00fasica Juli\u00e1n Aguirre\",\"url\":\"https:\/\/web.consaguirre.com.ar\/noticias\/\",\"logo\":{\"@type\":\"ImageObject\",\"inLanguage\":\"es-AR\",\"@id\":\"https:\/\/web.consaguirre.com.ar\/noticias\/#\/schema\/logo\/image\/\",\"url\":\"https:\/\/web.consaguirre.com.ar\/noticias\/wp-content\/uploads\/2024\/08\/Banner-Aguirre-23.jpg\",\"contentUrl\":\"https:\/\/web.consaguirre.com.ar\/noticias\/wp-content\/uploads\/2024\/08\/Banner-Aguirre-23.jpg\",\"width\":1192,\"height\":600,\"caption\":\"Conservatorio de M\u00fasica Juli\u00e1n Aguirre\"},\"image\":{\"@id\":\"https:\/\/web.consaguirre.com.ar\/noticias\/#\/schema\/logo\/image\/\"}},{\"@type\":\"Person\",\"@id\":\"https:\/\/web.consaguirre.com.ar\/noticias\/#\/schema\/person\/6558b0cfedee7ddc5425602b237d5722\",\"name\":\"Javier Figueroa\",\"image\":{\"@type\":\"ImageObject\",\"inLanguage\":\"es-AR\",\"@id\":\"https:\/\/web.consaguirre.com.ar\/noticias\/#\/schema\/person\/image\/\",\"url\":\"https:\/\/web.consaguirre.com.ar\/noticias\/wp-content\/uploads\/2024\/08\/Consaguirre-scaled.jpg\",\"contentUrl\":\"https:\/\/web.consaguirre.com.ar\/noticias\/wp-content\/uploads\/2024\/08\/Consaguirre-scaled.jpg\",\"caption\":\"Javier Figueroa\"},\"description\":\"Me llamo Javier Figueroa y soy redactor para el sitio oficial del Conservatorio de M\u00fasica Juli\u00e1n Aguirre en Buenos Aires, consaguirre.com. Apasionado por la m\u00fasica y la escritura, me esfuerzo por destacar los talentos y eventos de nuestra prestigiosa instituci\u00f3n. Mi trayectoria se nutre de una profunda admiraci\u00f3n por los artistas, haciendo de cada art\u00edculo una celebraci\u00f3n de la creatividad y la cultura musical.\",\"sameAs\":[\"https:\/\/web.consaguirre.com.ar\/noticias\"]}]}<\/script>\n<!-- \/ Yoast SEO plugin. -->","yoast_head_json":{"title":"Elton John y Brandi Carlile lanzan 'Never Too Late'","robots":{"index":"index","follow":"follow","max-snippet":"max-snippet:-1","max-image-preview":"max-image-preview:large","max-video-preview":"max-video-preview:-1"},"canonical":"https:\/\/web.consaguirre.com.ar\/noticias\/elton-john-y-brandi-carlile-lanzan-never-too-late\/","og_locale":"es_ES","og_type":"article","og_title":"Elton John y Brandi Carlile lanzan 'Never Too Late'","og_description":"Elton John y Brandi Carlile se han unido para una canci\u00f3n llamada &#8220;Never Too Late&#8221;. El sencillo colaborativo fue inspirado y escrito para el pr\u00f3ximo","og_url":"https:\/\/web.consaguirre.com.ar\/noticias\/elton-john-y-brandi-carlile-lanzan-never-too-late\/","og_site_name":"Conservatorio de M\u00fasica Juli\u00e1n Aguirre","article_published_time":"2024-11-19T05:39:00+00:00","article_modified_time":"2024-11-19T05:39:02+00:00","og_image":[{"width":1280,"height":1280,"url":"https:\/\/web.consaguirre.com.ar\/noticias\/wp-content\/uploads\/2024\/11\/Elton-John-y-Brandi-Carlile-lanzan-Never-Too-Late.jpg","type":"image\/jpeg"}],"author":"Javier Figueroa","twitter_card":"summary_large_image","twitter_misc":{"Escrito por":"Javier Figueroa","Tiempo de lectura":"2 minutos"},"schema":{"@context":"https:\/\/schema.org","@graph":[{"@type":"Article","@id":"https:\/\/web.consaguirre.com.ar\/noticias\/elton-john-y-brandi-carlile-lanzan-never-too-late\/#article","isPartOf":{"@id":"https:\/\/web.consaguirre.com.ar\/noticias\/elton-john-y-brandi-carlile-lanzan-never-too-late\/"},"author":{"name":"Javier Figueroa","@id":"https:\/\/web.consaguirre.com.ar\/noticias\/#\/schema\/person\/6558b0cfedee7ddc5425602b237d5722"},"headline":"Elton John y Brandi Carlile lanzan &#8216;Never Too Late&#8217;","datePublished":"2024-11-19T05:39:00+00:00","dateModified":"2024-11-19T05:39:02+00:00","mainEntityOfPage":{"@id":"https:\/\/web.consaguirre.com.ar\/noticias\/elton-john-y-brandi-carlile-lanzan-never-too-late\/"},"wordCount":457,"publisher":{"@id":"https:\/\/web.consaguirre.com.ar\/noticias\/#organization"},"image":{"@id":"https:\/\/web.consaguirre.com.ar\/noticias\/elton-john-y-brandi-carlile-lanzan-never-too-late\/#primaryimage"},"thumbnailUrl":"https:\/\/web.consaguirre.com.ar\/noticias\/wp-content\/uploads\/2024\/11\/Elton-John-y-Brandi-Carlile-lanzan-Never-Too-Late.jpg","keywords":["Brandi","Carlile","Elton","John","lanzan","Late"],"articleSection":["El \u00faltimo"],"inLanguage":"es-AR"},{"@type":"WebPage","@id":"https:\/\/web.consaguirre.com.ar\/noticias\/elton-john-y-brandi-carlile-lanzan-never-too-late\/","url":"https:\/\/web.consaguirre.com.ar\/noticias\/elton-john-y-brandi-carlile-lanzan-never-too-late\/","name":"Elton John y Brandi Carlile lanzan 'Never Too Late'","isPartOf":{"@id":"https:\/\/web.consaguirre.com.ar\/noticias\/#website"},"primaryImageOfPage":{"@id":"https:\/\/web.consaguirre.com.ar\/noticias\/elton-john-y-brandi-carlile-lanzan-never-too-late\/#primaryimage"},"image":{"@id":"https:\/\/web.consaguirre.com.ar\/noticias\/elton-john-y-brandi-carlile-lanzan-never-too-late\/#primaryimage"},"thumbnailUrl":"https:\/\/web.consaguirre.com.ar\/noticias\/wp-content\/uploads\/2024\/11\/Elton-John-y-Brandi-Carlile-lanzan-Never-Too-Late.jpg","datePublished":"2024-11-19T05:39:00+00:00","dateModified":"2024-11-19T05:39:02+00:00","breadcrumb":{"@id":"https:\/\/web.consaguirre.com.ar\/noticias\/elton-john-y-brandi-carlile-lanzan-never-too-late\/#breadcrumb"},"inLanguage":"es-AR","potentialAction":[{"@type":"ReadAction","target":["https:\/\/web.consaguirre.com.ar\/noticias\/elton-john-y-brandi-carlile-lanzan-never-too-late\/"]}]},{"@type":"ImageObject","inLanguage":"es-AR","@id":"https:\/\/web.consaguirre.com.ar\/noticias\/elton-john-y-brandi-carlile-lanzan-never-too-late\/#primaryimage","url":"https:\/\/web.consaguirre.com.ar\/noticias\/wp-content\/uploads\/2024\/11\/Elton-John-y-Brandi-Carlile-lanzan-Never-Too-Late.jpg","contentUrl":"https:\/\/web.consaguirre.com.ar\/noticias\/wp-content\/uploads\/2024\/11\/Elton-John-y-Brandi-Carlile-lanzan-Never-Too-Late.jpg","width":1280,"height":1280,"caption":"Elton John y Brandi Carlile lanzan 'Never Too Late'"},{"@type":"BreadcrumbList","@id":"https:\/\/web.consaguirre.com.ar\/noticias\/elton-john-y-brandi-carlile-lanzan-never-too-late\/#breadcrumb","itemListElement":[{"@type":"ListItem","position":1,"name":"Inicio","item":"https:\/\/web.consaguirre.com.ar\/noticias\/"},{"@type":"ListItem","position":2,"name":"Elton John y Brandi Carlile lanzan &#8216;Never Too Late&#8217;"}]},{"@type":"WebSite","@id":"https:\/\/web.consaguirre.com.ar\/noticias\/#website","url":"https:\/\/web.consaguirre.com.ar\/noticias\/","name":"Conservatorio de M\u00fasica Juli\u00e1n Aguirre","description":"","publisher":{"@id":"https:\/\/web.consaguirre.com.ar\/noticias\/#organization"},"potentialAction":[{"@type":"SearchAction","target":{"@type":"EntryPoint","urlTemplate":"https:\/\/web.consaguirre.com.ar\/noticias\/?s={search_term_string}"},"query-input":"required name=search_term_string"}],"inLanguage":"es-AR"},{"@type":"Organization","@id":"https:\/\/web.consaguirre.com.ar\/noticias\/#organization","name":"Conservatorio de M\u00fasica Juli\u00e1n Aguirre","url":"https:\/\/web.consaguirre.com.ar\/noticias\/","logo":{"@type":"ImageObject","inLanguage":"es-AR","@id":"https:\/\/web.consaguirre.com.ar\/noticias\/#\/schema\/logo\/image\/","url":"https:\/\/web.consaguirre.com.ar\/noticias\/wp-content\/uploads\/2024\/08\/Banner-Aguirre-23.jpg","contentUrl":"https:\/\/web.consaguirre.com.ar\/noticias\/wp-content\/uploads\/2024\/08\/Banner-Aguirre-23.jpg","width":1192,"height":600,"caption":"Conservatorio de M\u00fasica Juli\u00e1n Aguirre"},"image":{"@id":"https:\/\/web.consaguirre.com.ar\/noticias\/#\/schema\/logo\/image\/"}},{"@type":"Person","@id":"https:\/\/web.consaguirre.com.ar\/noticias\/#\/schema\/person\/6558b0cfedee7ddc5425602b237d5722","name":"Javier Figueroa","image":{"@type":"ImageObject","inLanguage":"es-AR","@id":"https:\/\/web.consaguirre.com.ar\/noticias\/#\/schema\/person\/image\/","url":"https:\/\/web.consaguirre.com.ar\/noticias\/wp-content\/uploads\/2024\/08\/Consaguirre-scaled.jpg","contentUrl":"https:\/\/web.consaguirre.com.ar\/noticias\/wp-content\/uploads\/2024\/08\/Consaguirre-scaled.jpg","caption":"Javier Figueroa"},"description":"Me llamo Javier Figueroa y soy redactor para el sitio oficial del Conservatorio de M\u00fasica Juli\u00e1n Aguirre en Buenos Aires, consaguirre.com. Apasionado por la m\u00fasica y la escritura, me esfuerzo por destacar los talentos y eventos de nuestra prestigiosa instituci\u00f3n. Mi trayectoria se nutre de una profunda admiraci\u00f3n por los artistas, haciendo de cada art\u00edculo una celebraci\u00f3n de la creatividad y la cultura musical.","sameAs":["https:\/\/web.consaguirre.com.ar\/noticias"]}]}},"_links":{"self":[{"href":"https:\/\/web.consaguirre.com.ar\/noticias\/wp-json\/wp\/v2\/posts\/1145"}],"collection":[{"href":"https:\/\/web.consaguirre.com.ar\/noticias\/wp-json\/wp\/v2\/posts"}],"about":[{"href":"https:\/\/web.consaguirre.com.ar\/noticias\/wp-json\/wp\/v2\/types\/post"}],"author":[{"embeddable":true,"href":"https:\/\/web.consaguirre.com.ar\/noticias\/wp-json\/wp\/v2\/users\/1"}],"replies":[{"embeddable":true,"href":"https:\/\/web.consaguirre.com.ar\/noticias\/wp-json\/wp\/v2\/comments?post=1145"}],"version-history":[{"count":1,"href":"https:\/\/web.consaguirre.com.ar\/noticias\/wp-json\/wp\/v2\/posts\/1145\/revisions"}],"predecessor-version":[{"id":1147,"href":"https:\/\/web.consaguirre.com.ar\/noticias\/wp-json\/wp\/v2\/posts\/1145\/revisions\/1147"}],"wp:featuredmedia":[{"embeddable":true,"href":"https:\/\/web.consaguirre.com.ar\/noticias\/wp-json\/wp\/v2\/media\/1146"}],"wp:attachment":[{"href":"https:\/\/web.consaguirre.com.ar\/noticias\/wp-json\/wp\/v2\/media?parent=1145"}],"wp:term":[{"taxonomy":"category","embeddable":true,"href":"https:\/\/web.consaguirre.com.ar\/noticias\/wp-json\/wp\/v2\/categories?post=1145"},{"taxonomy":"post_tag","embeddable":true,"href":"https:\/\/web.consaguirre.com.ar\/noticias\/wp-json\/wp\/v2\/tags?post=1145"}],"curies":[{"name":"wp","href":"https:\/\/api.w.org\/{rel}","templated":true}]}}