{"id":1142,"date":"2024-11-18T23:40:57","date_gmt":"2024-11-19T02:40:57","guid":{"rendered":"https:\/\/web.consaguirre.com.ar\/noticias\/ringo-starr-esta-agradecido-con-alison-krauss\/"},"modified":"2024-11-18T23:41:00","modified_gmt":"2024-11-19T02:41:00","slug":"ringo-starr-esta-agradecido-con-alison-krauss","status":"publish","type":"post","link":"https:\/\/web.consaguirre.com.ar\/noticias\/ringo-starr-esta-agradecido-con-alison-krauss\/","title":{"rendered":"Ringo Starr est\u00e1 &#8216;agradecido&#8217; con Alison Krauss"},"content":{"rendered":"<p><strong>Ringo Starr<\/strong> ha compartido la segunda oferta de su pr\u00f3ximo \u00e1lbum country, <em>Buscar<\/em>. \u201cThankful\u201d presenta a Alison Krauss y es la \u00fanica canci\u00f3n del \u00e1lbum coescrita por Starr. <em>Buscar<\/em> fue producido y coescrito por T Bone Burnett. Saldr\u00e1 el 10 de enero de 2025.<\/p>\n<p>\u201cMe encanta esta pista. Lo escrib\u00ed con mi productor e ingeniero Bruce Sugar y siento que le pusimos un sonido country de Los \u00c1ngeles. En las letras, siempre me gusta centrarme en lo positivo, y en esta canci\u00f3n en particular, en aquello por lo que podemos estar agradecidos\u201d, dice Starr. &#8220;Espero que les traiga algo de alegr\u00eda, paz y amor&#8221;.<\/p>\n<div class=\"uD-YT-container\"><img decoding=\"async\" src=\"https:\/\/web.consaguirre.com.ar\/noticias\/wp-content\/uploads\/2024\/11\/1731984057_377_Ringo-Starr-esta-agradecido-con-Alison-Krauss.jpg\" alt=\"V\u00eddeo de YouTube\"><br \/>Haga clic para cargar v\u00eddeo<\/div>\n<p><em>Buscar<\/em> es el primer disco country de Starr en m\u00e1s de 50 a\u00f1os y su primer \u00e1lbum de larga duraci\u00f3n desde 2019. Despu\u00e9s de conocerse por primera vez en la d\u00e9cada de 1970, Starr y Burnett se volvieron a conocer despu\u00e9s de un encuentro en 2022. \u201cSiempre me ha encantado la m\u00fasica country. Y cuando le ped\u00ed a T-Bone que me escribiera una canci\u00f3n, ni siquiera pens\u00e9 en ese momento que ser\u00eda una canci\u00f3n country, pero por supuesto que lo era, y era tan hermosa\u201d, dice Starr. \u201cYo hab\u00eda estado haciendo EP en ese momento y pens\u00e9 que har\u00edamos un country (uno), pero cuando me trajo nueve canciones supe que ten\u00edamos que hacer un \u00e1lbum\u201d.<\/p>\n<p>Por su parte, Burnett calific\u00f3 la colaboraci\u00f3n como &#8220;algo as\u00ed como la realizaci\u00f3n de un sue\u00f1o que he estado viviendo durante 60 a\u00f1os&#8221;. Continu\u00f3: \u201cNinguno de los trabajos que he realizado durante mi larga vida en la m\u00fasica habr\u00eda sucedido si no fuera por \u00e9l y su banda. Entre otras cosas, este \u00e1lbum es una manera de agradecerle por todo lo que nos ha dado a m\u00ed y a nosotros\u201d.<\/p>\n<p>Las 11 pistas <em>Buscar<\/em> fue grabado este a\u00f1o en Nashville y Los \u00c1ngeles. Starr cant\u00f3 y toc\u00f3 la bater\u00eda en todas las canciones. M\u00e1s all\u00e1 de Krauss, en el \u00e1lbum aparecen varias superestrellas de Nashville, incluidas Billy Strings, Larkin Poe, Lucius y Molly Tuttle. \u201cThankful\u201d sigue al sencillo previamente anunciado \u201cTime On My Hands\u201d, que fue escrito por Paul Kennerly, Daniel Tashian (quien es coproductor del \u00e1lbum junto con Sugar) y Burnett. Starr interpretar\u00e1 el material en un par de presentaciones principales en el famoso Auditorio Ryman los d\u00edas 14 y 15 de enero de 2025.<\/p>\n<p><strong>Pide Ringo Starr&#8217;s <em>Buscar<\/em> ahora.<\/strong><\/p>\n","protected":false},"excerpt":{"rendered":"<p>Ringo Starr ha compartido la segunda oferta de su pr\u00f3ximo \u00e1lbum country, Buscar. \u201cThankful\u201d presenta a Alison Krauss y es la \u00fanica canci\u00f3n del \u00e1lbum<\/p>\n","protected":false},"author":1,"featured_media":1143,"comment_status":"closed","ping_status":"","sticky":false,"template":"","format":"standard","meta":{"footnotes":""},"categories":[50],"tags":[1288,1289,32,302,1290,1009,1010],"class_list":["post-1142","post","type-post","status-publish","format-standard","has-post-thumbnail","hentry","category-el-ultimo","tag-agradecido","tag-alison","tag-con","tag-esta","tag-krauss","tag-ringo","tag-starr","generate-columns","tablet-grid-50","mobile-grid-100","grid-parent","grid-50"],"yoast_head":"<!-- This site is optimized with the Yoast SEO plugin v23.3 - https:\/\/yoast.com\/wordpress\/plugins\/seo\/ -->\n<title>Ringo Starr est\u00e1 &#039;agradecido&#039; con Alison Krauss<\/title>\n<meta name=\"robots\" content=\"index, follow, max-snippet:-1, max-image-preview:large, max-video-preview:-1\" \/>\n<link rel=\"canonical\" href=\"https:\/\/web.consaguirre.com.ar\/noticias\/ringo-starr-esta-agradecido-con-alison-krauss\/\" \/>\n<meta property=\"og:locale\" content=\"es_ES\" \/>\n<meta property=\"og:type\" content=\"article\" \/>\n<meta property=\"og:title\" content=\"Ringo Starr est\u00e1 &#039;agradecido&#039; con Alison Krauss\" \/>\n<meta property=\"og:description\" content=\"Ringo Starr ha compartido la segunda oferta de su pr\u00f3ximo \u00e1lbum country, Buscar. \u201cThankful\u201d presenta a Alison Krauss y es la \u00fanica canci\u00f3n del \u00e1lbum\" \/>\n<meta property=\"og:url\" content=\"https:\/\/web.consaguirre.com.ar\/noticias\/ringo-starr-esta-agradecido-con-alison-krauss\/\" \/>\n<meta property=\"og:site_name\" content=\"Conservatorio de M\u00fasica Juli\u00e1n Aguirre\" \/>\n<meta property=\"article:published_time\" content=\"2024-11-19T02:40:57+00:00\" \/>\n<meta property=\"article:modified_time\" content=\"2024-11-19T02:41:00+00:00\" \/>\n<meta property=\"og:image\" content=\"https:\/\/web.consaguirre.com.ar\/noticias\/wp-content\/uploads\/2024\/11\/Ringo-Starr-esta-agradecido-con-Alison-Krauss.jpg\" \/>\n\t<meta property=\"og:image:width\" content=\"1280\" \/>\n\t<meta property=\"og:image:height\" content=\"1280\" \/>\n\t<meta property=\"og:image:type\" content=\"image\/jpeg\" \/>\n<meta name=\"author\" content=\"Javier Figueroa\" \/>\n<meta name=\"twitter:card\" content=\"summary_large_image\" \/>\n<meta name=\"twitter:label1\" content=\"Escrito por\" \/>\n\t<meta name=\"twitter:data1\" content=\"Javier Figueroa\" \/>\n\t<meta name=\"twitter:label2\" content=\"Tiempo de lectura\" \/>\n\t<meta name=\"twitter:data2\" content=\"2 minutos\" \/>\n<script type=\"application\/ld+json\" class=\"yoast-schema-graph\">{\"@context\":\"https:\/\/schema.org\",\"@graph\":[{\"@type\":\"Article\",\"@id\":\"https:\/\/web.consaguirre.com.ar\/noticias\/ringo-starr-esta-agradecido-con-alison-krauss\/#article\",\"isPartOf\":{\"@id\":\"https:\/\/web.consaguirre.com.ar\/noticias\/ringo-starr-esta-agradecido-con-alison-krauss\/\"},\"author\":{\"name\":\"Javier Figueroa\",\"@id\":\"https:\/\/web.consaguirre.com.ar\/noticias\/#\/schema\/person\/6558b0cfedee7ddc5425602b237d5722\"},\"headline\":\"Ringo Starr est\u00e1 &#8216;agradecido&#8217; con Alison Krauss\",\"datePublished\":\"2024-11-19T02:40:57+00:00\",\"dateModified\":\"2024-11-19T02:41:00+00:00\",\"mainEntityOfPage\":{\"@id\":\"https:\/\/web.consaguirre.com.ar\/noticias\/ringo-starr-esta-agradecido-con-alison-krauss\/\"},\"wordCount\":420,\"publisher\":{\"@id\":\"https:\/\/web.consaguirre.com.ar\/noticias\/#organization\"},\"image\":{\"@id\":\"https:\/\/web.consaguirre.com.ar\/noticias\/ringo-starr-esta-agradecido-con-alison-krauss\/#primaryimage\"},\"thumbnailUrl\":\"https:\/\/web.consaguirre.com.ar\/noticias\/wp-content\/uploads\/2024\/11\/Ringo-Starr-esta-agradecido-con-Alison-Krauss.jpg\",\"keywords\":[\"agradecido\",\"Alison\",\"con\",\"est\u00e1\",\"Krauss\",\"Ringo\",\"Starr\"],\"articleSection\":[\"El \u00faltimo\"],\"inLanguage\":\"es-AR\"},{\"@type\":\"WebPage\",\"@id\":\"https:\/\/web.consaguirre.com.ar\/noticias\/ringo-starr-esta-agradecido-con-alison-krauss\/\",\"url\":\"https:\/\/web.consaguirre.com.ar\/noticias\/ringo-starr-esta-agradecido-con-alison-krauss\/\",\"name\":\"Ringo Starr est\u00e1 'agradecido' con Alison Krauss\",\"isPartOf\":{\"@id\":\"https:\/\/web.consaguirre.com.ar\/noticias\/#website\"},\"primaryImageOfPage\":{\"@id\":\"https:\/\/web.consaguirre.com.ar\/noticias\/ringo-starr-esta-agradecido-con-alison-krauss\/#primaryimage\"},\"image\":{\"@id\":\"https:\/\/web.consaguirre.com.ar\/noticias\/ringo-starr-esta-agradecido-con-alison-krauss\/#primaryimage\"},\"thumbnailUrl\":\"https:\/\/web.consaguirre.com.ar\/noticias\/wp-content\/uploads\/2024\/11\/Ringo-Starr-esta-agradecido-con-Alison-Krauss.jpg\",\"datePublished\":\"2024-11-19T02:40:57+00:00\",\"dateModified\":\"2024-11-19T02:41:00+00:00\",\"breadcrumb\":{\"@id\":\"https:\/\/web.consaguirre.com.ar\/noticias\/ringo-starr-esta-agradecido-con-alison-krauss\/#breadcrumb\"},\"inLanguage\":\"es-AR\",\"potentialAction\":[{\"@type\":\"ReadAction\",\"target\":[\"https:\/\/web.consaguirre.com.ar\/noticias\/ringo-starr-esta-agradecido-con-alison-krauss\/\"]}]},{\"@type\":\"ImageObject\",\"inLanguage\":\"es-AR\",\"@id\":\"https:\/\/web.consaguirre.com.ar\/noticias\/ringo-starr-esta-agradecido-con-alison-krauss\/#primaryimage\",\"url\":\"https:\/\/web.consaguirre.com.ar\/noticias\/wp-content\/uploads\/2024\/11\/Ringo-Starr-esta-agradecido-con-Alison-Krauss.jpg\",\"contentUrl\":\"https:\/\/web.consaguirre.com.ar\/noticias\/wp-content\/uploads\/2024\/11\/Ringo-Starr-esta-agradecido-con-Alison-Krauss.jpg\",\"width\":1280,\"height\":1280,\"caption\":\"Ringo Starr est\u00e1 'agradecido' con Alison Krauss\"},{\"@type\":\"BreadcrumbList\",\"@id\":\"https:\/\/web.consaguirre.com.ar\/noticias\/ringo-starr-esta-agradecido-con-alison-krauss\/#breadcrumb\",\"itemListElement\":[{\"@type\":\"ListItem\",\"position\":1,\"name\":\"Inicio\",\"item\":\"https:\/\/web.consaguirre.com.ar\/noticias\/\"},{\"@type\":\"ListItem\",\"position\":2,\"name\":\"Ringo Starr est\u00e1 &#8216;agradecido&#8217; con Alison Krauss\"}]},{\"@type\":\"WebSite\",\"@id\":\"https:\/\/web.consaguirre.com.ar\/noticias\/#website\",\"url\":\"https:\/\/web.consaguirre.com.ar\/noticias\/\",\"name\":\"Conservatorio de M\u00fasica Juli\u00e1n Aguirre\",\"description\":\"\",\"publisher\":{\"@id\":\"https:\/\/web.consaguirre.com.ar\/noticias\/#organization\"},\"potentialAction\":[{\"@type\":\"SearchAction\",\"target\":{\"@type\":\"EntryPoint\",\"urlTemplate\":\"https:\/\/web.consaguirre.com.ar\/noticias\/?s={search_term_string}\"},\"query-input\":\"required name=search_term_string\"}],\"inLanguage\":\"es-AR\"},{\"@type\":\"Organization\",\"@id\":\"https:\/\/web.consaguirre.com.ar\/noticias\/#organization\",\"name\":\"Conservatorio de M\u00fasica Juli\u00e1n Aguirre\",\"url\":\"https:\/\/web.consaguirre.com.ar\/noticias\/\",\"logo\":{\"@type\":\"ImageObject\",\"inLanguage\":\"es-AR\",\"@id\":\"https:\/\/web.consaguirre.com.ar\/noticias\/#\/schema\/logo\/image\/\",\"url\":\"https:\/\/web.consaguirre.com.ar\/noticias\/wp-content\/uploads\/2024\/08\/Banner-Aguirre-23.jpg\",\"contentUrl\":\"https:\/\/web.consaguirre.com.ar\/noticias\/wp-content\/uploads\/2024\/08\/Banner-Aguirre-23.jpg\",\"width\":1192,\"height\":600,\"caption\":\"Conservatorio de M\u00fasica Juli\u00e1n Aguirre\"},\"image\":{\"@id\":\"https:\/\/web.consaguirre.com.ar\/noticias\/#\/schema\/logo\/image\/\"}},{\"@type\":\"Person\",\"@id\":\"https:\/\/web.consaguirre.com.ar\/noticias\/#\/schema\/person\/6558b0cfedee7ddc5425602b237d5722\",\"name\":\"Javier Figueroa\",\"image\":{\"@type\":\"ImageObject\",\"inLanguage\":\"es-AR\",\"@id\":\"https:\/\/web.consaguirre.com.ar\/noticias\/#\/schema\/person\/image\/\",\"url\":\"https:\/\/web.consaguirre.com.ar\/noticias\/wp-content\/uploads\/2024\/08\/Consaguirre-scaled.jpg\",\"contentUrl\":\"https:\/\/web.consaguirre.com.ar\/noticias\/wp-content\/uploads\/2024\/08\/Consaguirre-scaled.jpg\",\"caption\":\"Javier Figueroa\"},\"description\":\"Me llamo Javier Figueroa y soy redactor para el sitio oficial del Conservatorio de M\u00fasica Juli\u00e1n Aguirre en Buenos Aires, consaguirre.com. Apasionado por la m\u00fasica y la escritura, me esfuerzo por destacar los talentos y eventos de nuestra prestigiosa instituci\u00f3n. Mi trayectoria se nutre de una profunda admiraci\u00f3n por los artistas, haciendo de cada art\u00edculo una celebraci\u00f3n de la creatividad y la cultura musical.\",\"sameAs\":[\"https:\/\/web.consaguirre.com.ar\/noticias\"]}]}<\/script>\n<!-- \/ Yoast SEO plugin. -->","yoast_head_json":{"title":"Ringo Starr est\u00e1 'agradecido' con Alison Krauss","robots":{"index":"index","follow":"follow","max-snippet":"max-snippet:-1","max-image-preview":"max-image-preview:large","max-video-preview":"max-video-preview:-1"},"canonical":"https:\/\/web.consaguirre.com.ar\/noticias\/ringo-starr-esta-agradecido-con-alison-krauss\/","og_locale":"es_ES","og_type":"article","og_title":"Ringo Starr est\u00e1 'agradecido' con Alison Krauss","og_description":"Ringo Starr ha compartido la segunda oferta de su pr\u00f3ximo \u00e1lbum country, Buscar. \u201cThankful\u201d presenta a Alison Krauss y es la \u00fanica canci\u00f3n del \u00e1lbum","og_url":"https:\/\/web.consaguirre.com.ar\/noticias\/ringo-starr-esta-agradecido-con-alison-krauss\/","og_site_name":"Conservatorio de M\u00fasica Juli\u00e1n Aguirre","article_published_time":"2024-11-19T02:40:57+00:00","article_modified_time":"2024-11-19T02:41:00+00:00","og_image":[{"width":1280,"height":1280,"url":"https:\/\/web.consaguirre.com.ar\/noticias\/wp-content\/uploads\/2024\/11\/Ringo-Starr-esta-agradecido-con-Alison-Krauss.jpg","type":"image\/jpeg"}],"author":"Javier Figueroa","twitter_card":"summary_large_image","twitter_misc":{"Escrito por":"Javier Figueroa","Tiempo de lectura":"2 minutos"},"schema":{"@context":"https:\/\/schema.org","@graph":[{"@type":"Article","@id":"https:\/\/web.consaguirre.com.ar\/noticias\/ringo-starr-esta-agradecido-con-alison-krauss\/#article","isPartOf":{"@id":"https:\/\/web.consaguirre.com.ar\/noticias\/ringo-starr-esta-agradecido-con-alison-krauss\/"},"author":{"name":"Javier Figueroa","@id":"https:\/\/web.consaguirre.com.ar\/noticias\/#\/schema\/person\/6558b0cfedee7ddc5425602b237d5722"},"headline":"Ringo Starr est\u00e1 &#8216;agradecido&#8217; con Alison Krauss","datePublished":"2024-11-19T02:40:57+00:00","dateModified":"2024-11-19T02:41:00+00:00","mainEntityOfPage":{"@id":"https:\/\/web.consaguirre.com.ar\/noticias\/ringo-starr-esta-agradecido-con-alison-krauss\/"},"wordCount":420,"publisher":{"@id":"https:\/\/web.consaguirre.com.ar\/noticias\/#organization"},"image":{"@id":"https:\/\/web.consaguirre.com.ar\/noticias\/ringo-starr-esta-agradecido-con-alison-krauss\/#primaryimage"},"thumbnailUrl":"https:\/\/web.consaguirre.com.ar\/noticias\/wp-content\/uploads\/2024\/11\/Ringo-Starr-esta-agradecido-con-Alison-Krauss.jpg","keywords":["agradecido","Alison","con","est\u00e1","Krauss","Ringo","Starr"],"articleSection":["El \u00faltimo"],"inLanguage":"es-AR"},{"@type":"WebPage","@id":"https:\/\/web.consaguirre.com.ar\/noticias\/ringo-starr-esta-agradecido-con-alison-krauss\/","url":"https:\/\/web.consaguirre.com.ar\/noticias\/ringo-starr-esta-agradecido-con-alison-krauss\/","name":"Ringo Starr est\u00e1 'agradecido' con Alison Krauss","isPartOf":{"@id":"https:\/\/web.consaguirre.com.ar\/noticias\/#website"},"primaryImageOfPage":{"@id":"https:\/\/web.consaguirre.com.ar\/noticias\/ringo-starr-esta-agradecido-con-alison-krauss\/#primaryimage"},"image":{"@id":"https:\/\/web.consaguirre.com.ar\/noticias\/ringo-starr-esta-agradecido-con-alison-krauss\/#primaryimage"},"thumbnailUrl":"https:\/\/web.consaguirre.com.ar\/noticias\/wp-content\/uploads\/2024\/11\/Ringo-Starr-esta-agradecido-con-Alison-Krauss.jpg","datePublished":"2024-11-19T02:40:57+00:00","dateModified":"2024-11-19T02:41:00+00:00","breadcrumb":{"@id":"https:\/\/web.consaguirre.com.ar\/noticias\/ringo-starr-esta-agradecido-con-alison-krauss\/#breadcrumb"},"inLanguage":"es-AR","potentialAction":[{"@type":"ReadAction","target":["https:\/\/web.consaguirre.com.ar\/noticias\/ringo-starr-esta-agradecido-con-alison-krauss\/"]}]},{"@type":"ImageObject","inLanguage":"es-AR","@id":"https:\/\/web.consaguirre.com.ar\/noticias\/ringo-starr-esta-agradecido-con-alison-krauss\/#primaryimage","url":"https:\/\/web.consaguirre.com.ar\/noticias\/wp-content\/uploads\/2024\/11\/Ringo-Starr-esta-agradecido-con-Alison-Krauss.jpg","contentUrl":"https:\/\/web.consaguirre.com.ar\/noticias\/wp-content\/uploads\/2024\/11\/Ringo-Starr-esta-agradecido-con-Alison-Krauss.jpg","width":1280,"height":1280,"caption":"Ringo Starr est\u00e1 'agradecido' con Alison Krauss"},{"@type":"BreadcrumbList","@id":"https:\/\/web.consaguirre.com.ar\/noticias\/ringo-starr-esta-agradecido-con-alison-krauss\/#breadcrumb","itemListElement":[{"@type":"ListItem","position":1,"name":"Inicio","item":"https:\/\/web.consaguirre.com.ar\/noticias\/"},{"@type":"ListItem","position":2,"name":"Ringo Starr est\u00e1 &#8216;agradecido&#8217; con Alison Krauss"}]},{"@type":"WebSite","@id":"https:\/\/web.consaguirre.com.ar\/noticias\/#website","url":"https:\/\/web.consaguirre.com.ar\/noticias\/","name":"Conservatorio de M\u00fasica Juli\u00e1n Aguirre","description":"","publisher":{"@id":"https:\/\/web.consaguirre.com.ar\/noticias\/#organization"},"potentialAction":[{"@type":"SearchAction","target":{"@type":"EntryPoint","urlTemplate":"https:\/\/web.consaguirre.com.ar\/noticias\/?s={search_term_string}"},"query-input":"required name=search_term_string"}],"inLanguage":"es-AR"},{"@type":"Organization","@id":"https:\/\/web.consaguirre.com.ar\/noticias\/#organization","name":"Conservatorio de M\u00fasica Juli\u00e1n Aguirre","url":"https:\/\/web.consaguirre.com.ar\/noticias\/","logo":{"@type":"ImageObject","inLanguage":"es-AR","@id":"https:\/\/web.consaguirre.com.ar\/noticias\/#\/schema\/logo\/image\/","url":"https:\/\/web.consaguirre.com.ar\/noticias\/wp-content\/uploads\/2024\/08\/Banner-Aguirre-23.jpg","contentUrl":"https:\/\/web.consaguirre.com.ar\/noticias\/wp-content\/uploads\/2024\/08\/Banner-Aguirre-23.jpg","width":1192,"height":600,"caption":"Conservatorio de M\u00fasica Juli\u00e1n Aguirre"},"image":{"@id":"https:\/\/web.consaguirre.com.ar\/noticias\/#\/schema\/logo\/image\/"}},{"@type":"Person","@id":"https:\/\/web.consaguirre.com.ar\/noticias\/#\/schema\/person\/6558b0cfedee7ddc5425602b237d5722","name":"Javier Figueroa","image":{"@type":"ImageObject","inLanguage":"es-AR","@id":"https:\/\/web.consaguirre.com.ar\/noticias\/#\/schema\/person\/image\/","url":"https:\/\/web.consaguirre.com.ar\/noticias\/wp-content\/uploads\/2024\/08\/Consaguirre-scaled.jpg","contentUrl":"https:\/\/web.consaguirre.com.ar\/noticias\/wp-content\/uploads\/2024\/08\/Consaguirre-scaled.jpg","caption":"Javier Figueroa"},"description":"Me llamo Javier Figueroa y soy redactor para el sitio oficial del Conservatorio de M\u00fasica Juli\u00e1n Aguirre en Buenos Aires, consaguirre.com. Apasionado por la m\u00fasica y la escritura, me esfuerzo por destacar los talentos y eventos de nuestra prestigiosa instituci\u00f3n. Mi trayectoria se nutre de una profunda admiraci\u00f3n por los artistas, haciendo de cada art\u00edculo una celebraci\u00f3n de la creatividad y la cultura musical.","sameAs":["https:\/\/web.consaguirre.com.ar\/noticias"]}]}},"_links":{"self":[{"href":"https:\/\/web.consaguirre.com.ar\/noticias\/wp-json\/wp\/v2\/posts\/1142"}],"collection":[{"href":"https:\/\/web.consaguirre.com.ar\/noticias\/wp-json\/wp\/v2\/posts"}],"about":[{"href":"https:\/\/web.consaguirre.com.ar\/noticias\/wp-json\/wp\/v2\/types\/post"}],"author":[{"embeddable":true,"href":"https:\/\/web.consaguirre.com.ar\/noticias\/wp-json\/wp\/v2\/users\/1"}],"replies":[{"embeddable":true,"href":"https:\/\/web.consaguirre.com.ar\/noticias\/wp-json\/wp\/v2\/comments?post=1142"}],"version-history":[{"count":1,"href":"https:\/\/web.consaguirre.com.ar\/noticias\/wp-json\/wp\/v2\/posts\/1142\/revisions"}],"predecessor-version":[{"id":1144,"href":"https:\/\/web.consaguirre.com.ar\/noticias\/wp-json\/wp\/v2\/posts\/1142\/revisions\/1144"}],"wp:featuredmedia":[{"embeddable":true,"href":"https:\/\/web.consaguirre.com.ar\/noticias\/wp-json\/wp\/v2\/media\/1143"}],"wp:attachment":[{"href":"https:\/\/web.consaguirre.com.ar\/noticias\/wp-json\/wp\/v2\/media?parent=1142"}],"wp:term":[{"taxonomy":"category","embeddable":true,"href":"https:\/\/web.consaguirre.com.ar\/noticias\/wp-json\/wp\/v2\/categories?post=1142"},{"taxonomy":"post_tag","embeddable":true,"href":"https:\/\/web.consaguirre.com.ar\/noticias\/wp-json\/wp\/v2\/tags?post=1142"}],"curies":[{"name":"wp","href":"https:\/\/api.w.org\/{rel}","templated":true}]}}