{"id":1082,"date":"2024-11-12T02:42:42","date_gmt":"2024-11-12T05:42:42","guid":{"rendered":"https:\/\/web.consaguirre.com.ar\/noticias\/el-remix-de-iain-cook-linger-de-the-cranberries-y-chvrches-llegara-al-vinilo\/"},"modified":"2024-11-12T02:42:44","modified_gmt":"2024-11-12T05:42:44","slug":"el-remix-de-iain-cook-linger-de-the-cranberries-y-chvrches-llegara-al-vinilo","status":"publish","type":"post","link":"https:\/\/web.consaguirre.com.ar\/noticias\/el-remix-de-iain-cook-linger-de-the-cranberries-y-chvrches-llegara-al-vinilo\/","title":{"rendered":"El remix de Iain Cook &#8216;Linger&#8217; de The Cranberries y CHVRCHES llegar\u00e1 al vinilo"},"content":{"rendered":"<p>A principios de este a\u00f1o, <strong>Los ar\u00e1ndanos<\/strong> colabor\u00f3 \u200b\u200bcon Iain Cook de CHVRCHES para un remix de su sencillo de 1993 &#8220;Linger&#8221;. Ahora, ese track saldr\u00e1 en un single de 7 pulgadas: el remix aparecer\u00e1 en la cara A y el track original estar\u00e1 en la cara B.<\/p>\n<p>\u201cLinger (Iain Cook Remix)\u201d marca la primera reinvenci\u00f3n colaborativa de la canci\u00f3n y es la primera colaboraci\u00f3n de cualquier tipo de The Cranberries en seis a\u00f1os. Fergal Lawler de The Cranberries toca la bater\u00eda en la canci\u00f3n.<\/p>\n<p>&#8220;Linger&#8221; apareci\u00f3 en el debut de Cranberries en 1993. <strong><em>Todos los dem\u00e1s lo est\u00e1n haciendo, entonces, \u00bfpor qu\u00e9 nosotros no podemos?<\/em><\/strong> Ese \u00e1lbum, lanzado a trav\u00e9s de Island, encabez\u00f3 las listas del Reino Unido y fue un \u00e9xito comercial. Un himno de desamor y anhelo con un t\u00edtulo acertado, \u201cLinger\u201d fue un gran \u00e9xito, alcanzando el n\u00famero 3 en la Irlanda natal de la banda, el n\u00famero 8 en los EE. UU. y el n\u00famero 14 en el Reino Unido. &#8220;&#8216;Linger&#8217; fue la primera canci\u00f3n que escribimos&#8221;, record\u00f3 m\u00e1s tarde la vocalista Dolores O&#8217;Riordan en una entrevista con <em>Los tiempos irlandeses<\/em>. \u201cAl principio, era s\u00f3lo una forma de acorde, sin melod\u00eda ni letra real. Me llev\u00e9 una cinta a casa y se me ocurri\u00f3 una estrofa y un estribillo. Escrib\u00ed sobre el rechazo. Nunca imagin\u00e9 que se convertir\u00eda en una gran canci\u00f3n\u201d.<\/p>\n<div class=\"uD-YT-container\"><img decoding=\"async\" src=\"https:\/\/web.consaguirre.com.ar\/noticias\/wp-content\/uploads\/2024\/11\/1731390162_478_El-remix-de-Iain-Cook-Linger-de-The-Cranberries-y.jpg\" alt=\"V\u00eddeo de YouTube\"><br \/>Haga clic para cargar v\u00eddeo<\/div>\n<p>Cuando O&#8217;Riordan muri\u00f3 repentinamente en 2018, los Cranberries estaban trabajando en su octavo \u00e1lbum, <em>Al final<\/em>. El disco de 2019 pas\u00f3 a ser nominado a Mejor \u00c1lbum de Rock en la 62\u00aa edici\u00f3n de los Premios Grammy. En 2021, se lanz\u00f3 The Cranberries. <em>Recordando a Dolores<\/em>un \u00e1lbum recopilatorio. A principios de este a\u00f1o, la banda comparti\u00f3 el <em>Envuelto alrededor de tu dedo<\/em> EP, que inclu\u00eda \u201cLinger\u201d.<\/p>\n<p>El a\u00f1o pasado, CHVRCHES celebr\u00f3 el d\u00e9cimo aniversario de su debut. <em>Los huesos de lo que crees<\/em> con una reedici\u00f3n con canciones in\u00e9ditas y grabaciones en vivo. La cantante de la banda Lauren Mayberry lanzar\u00e1 su debut en solitario, <em>Criatura viciosa<\/em>en diciembre.<\/p>\n<p><strong>Compra el remix de \u201cLinger\u201d en vinilo aqu\u00ed.<\/strong><\/p>\n","protected":false},"excerpt":{"rendered":"<p>A principios de este a\u00f1o, Los ar\u00e1ndanos colabor\u00f3 \u200b\u200bcon Iain Cook de CHVRCHES para un remix de su sencillo de 1993 &#8220;Linger&#8221;. Ahora, ese track<\/p>\n","protected":false},"author":1,"featured_media":1083,"comment_status":"closed","ping_status":"","sticky":false,"template":"","format":"standard","meta":{"footnotes":""},"categories":[50],"tags":[1222,1219,1221,1218,1220,86,1217,87],"class_list":["post-1082","post","type-post","status-publish","format-standard","has-post-thumbnail","hentry","category-el-ultimo","tag-chvrches","tag-cook","tag-cranberries","tag-iain","tag-linger","tag-llegara","tag-remix","tag-vinilo","generate-columns","tablet-grid-50","mobile-grid-100","grid-parent","grid-50"],"yoast_head":"<!-- This site is optimized with the Yoast SEO plugin v23.3 - https:\/\/yoast.com\/wordpress\/plugins\/seo\/ -->\n<title>El remix de Iain Cook &#039;Linger&#039; de The Cranberries y CHVRCHES llegar\u00e1 al vinilo<\/title>\n<meta name=\"robots\" content=\"index, follow, max-snippet:-1, max-image-preview:large, max-video-preview:-1\" \/>\n<link rel=\"canonical\" href=\"https:\/\/web.consaguirre.com.ar\/noticias\/el-remix-de-iain-cook-linger-de-the-cranberries-y-chvrches-llegara-al-vinilo\/\" \/>\n<meta property=\"og:locale\" content=\"es_ES\" \/>\n<meta property=\"og:type\" content=\"article\" \/>\n<meta property=\"og:title\" content=\"El remix de Iain Cook &#039;Linger&#039; de The Cranberries y CHVRCHES llegar\u00e1 al vinilo\" \/>\n<meta property=\"og:description\" content=\"A principios de este a\u00f1o, Los ar\u00e1ndanos colabor\u00f3 \u200b\u200bcon Iain Cook de CHVRCHES para un remix de su sencillo de 1993 &#8220;Linger&#8221;. Ahora, ese track\" \/>\n<meta property=\"og:url\" content=\"https:\/\/web.consaguirre.com.ar\/noticias\/el-remix-de-iain-cook-linger-de-the-cranberries-y-chvrches-llegara-al-vinilo\/\" \/>\n<meta property=\"og:site_name\" content=\"Conservatorio de M\u00fasica Juli\u00e1n Aguirre\" \/>\n<meta property=\"article:published_time\" content=\"2024-11-12T05:42:42+00:00\" \/>\n<meta property=\"article:modified_time\" content=\"2024-11-12T05:42:44+00:00\" \/>\n<meta property=\"og:image\" content=\"https:\/\/web.consaguirre.com.ar\/noticias\/wp-content\/uploads\/2024\/11\/El-remix-de-Iain-Cook-Linger-de-The-Cranberries-y.jpg\" \/>\n\t<meta property=\"og:image:width\" content=\"1280\" \/>\n\t<meta property=\"og:image:height\" content=\"1280\" \/>\n\t<meta property=\"og:image:type\" content=\"image\/jpeg\" \/>\n<meta name=\"author\" content=\"Javier Figueroa\" \/>\n<meta name=\"twitter:card\" content=\"summary_large_image\" \/>\n<meta name=\"twitter:label1\" content=\"Escrito por\" \/>\n\t<meta name=\"twitter:data1\" content=\"Javier Figueroa\" \/>\n\t<meta name=\"twitter:label2\" content=\"Tiempo de lectura\" \/>\n\t<meta name=\"twitter:data2\" content=\"2 minutos\" \/>\n<script type=\"application\/ld+json\" class=\"yoast-schema-graph\">{\"@context\":\"https:\/\/schema.org\",\"@graph\":[{\"@type\":\"Article\",\"@id\":\"https:\/\/web.consaguirre.com.ar\/noticias\/el-remix-de-iain-cook-linger-de-the-cranberries-y-chvrches-llegara-al-vinilo\/#article\",\"isPartOf\":{\"@id\":\"https:\/\/web.consaguirre.com.ar\/noticias\/el-remix-de-iain-cook-linger-de-the-cranberries-y-chvrches-llegara-al-vinilo\/\"},\"author\":{\"name\":\"Javier Figueroa\",\"@id\":\"https:\/\/web.consaguirre.com.ar\/noticias\/#\/schema\/person\/6558b0cfedee7ddc5425602b237d5722\"},\"headline\":\"El remix de Iain Cook &#8216;Linger&#8217; de The Cranberries y CHVRCHES llegar\u00e1 al vinilo\",\"datePublished\":\"2024-11-12T05:42:42+00:00\",\"dateModified\":\"2024-11-12T05:42:44+00:00\",\"mainEntityOfPage\":{\"@id\":\"https:\/\/web.consaguirre.com.ar\/noticias\/el-remix-de-iain-cook-linger-de-the-cranberries-y-chvrches-llegara-al-vinilo\/\"},\"wordCount\":383,\"publisher\":{\"@id\":\"https:\/\/web.consaguirre.com.ar\/noticias\/#organization\"},\"image\":{\"@id\":\"https:\/\/web.consaguirre.com.ar\/noticias\/el-remix-de-iain-cook-linger-de-the-cranberries-y-chvrches-llegara-al-vinilo\/#primaryimage\"},\"thumbnailUrl\":\"https:\/\/web.consaguirre.com.ar\/noticias\/wp-content\/uploads\/2024\/11\/El-remix-de-Iain-Cook-Linger-de-The-Cranberries-y.jpg\",\"keywords\":[\"CHVRCHES\",\"Cook\",\"Cranberries\",\"Iain\",\"Linger\",\"llegar\u00e1\",\"remix\",\"vinilo\"],\"articleSection\":[\"El \u00faltimo\"],\"inLanguage\":\"es-AR\"},{\"@type\":\"WebPage\",\"@id\":\"https:\/\/web.consaguirre.com.ar\/noticias\/el-remix-de-iain-cook-linger-de-the-cranberries-y-chvrches-llegara-al-vinilo\/\",\"url\":\"https:\/\/web.consaguirre.com.ar\/noticias\/el-remix-de-iain-cook-linger-de-the-cranberries-y-chvrches-llegara-al-vinilo\/\",\"name\":\"El remix de Iain Cook 'Linger' de The Cranberries y CHVRCHES llegar\u00e1 al vinilo\",\"isPartOf\":{\"@id\":\"https:\/\/web.consaguirre.com.ar\/noticias\/#website\"},\"primaryImageOfPage\":{\"@id\":\"https:\/\/web.consaguirre.com.ar\/noticias\/el-remix-de-iain-cook-linger-de-the-cranberries-y-chvrches-llegara-al-vinilo\/#primaryimage\"},\"image\":{\"@id\":\"https:\/\/web.consaguirre.com.ar\/noticias\/el-remix-de-iain-cook-linger-de-the-cranberries-y-chvrches-llegara-al-vinilo\/#primaryimage\"},\"thumbnailUrl\":\"https:\/\/web.consaguirre.com.ar\/noticias\/wp-content\/uploads\/2024\/11\/El-remix-de-Iain-Cook-Linger-de-The-Cranberries-y.jpg\",\"datePublished\":\"2024-11-12T05:42:42+00:00\",\"dateModified\":\"2024-11-12T05:42:44+00:00\",\"breadcrumb\":{\"@id\":\"https:\/\/web.consaguirre.com.ar\/noticias\/el-remix-de-iain-cook-linger-de-the-cranberries-y-chvrches-llegara-al-vinilo\/#breadcrumb\"},\"inLanguage\":\"es-AR\",\"potentialAction\":[{\"@type\":\"ReadAction\",\"target\":[\"https:\/\/web.consaguirre.com.ar\/noticias\/el-remix-de-iain-cook-linger-de-the-cranberries-y-chvrches-llegara-al-vinilo\/\"]}]},{\"@type\":\"ImageObject\",\"inLanguage\":\"es-AR\",\"@id\":\"https:\/\/web.consaguirre.com.ar\/noticias\/el-remix-de-iain-cook-linger-de-the-cranberries-y-chvrches-llegara-al-vinilo\/#primaryimage\",\"url\":\"https:\/\/web.consaguirre.com.ar\/noticias\/wp-content\/uploads\/2024\/11\/El-remix-de-Iain-Cook-Linger-de-The-Cranberries-y.jpg\",\"contentUrl\":\"https:\/\/web.consaguirre.com.ar\/noticias\/wp-content\/uploads\/2024\/11\/El-remix-de-Iain-Cook-Linger-de-The-Cranberries-y.jpg\",\"width\":1280,\"height\":1280,\"caption\":\"El remix de Iain Cook 'Linger' de The Cranberries y CHVRCHES llegar\u00e1 al vinilo\"},{\"@type\":\"BreadcrumbList\",\"@id\":\"https:\/\/web.consaguirre.com.ar\/noticias\/el-remix-de-iain-cook-linger-de-the-cranberries-y-chvrches-llegara-al-vinilo\/#breadcrumb\",\"itemListElement\":[{\"@type\":\"ListItem\",\"position\":1,\"name\":\"Inicio\",\"item\":\"https:\/\/web.consaguirre.com.ar\/noticias\/\"},{\"@type\":\"ListItem\",\"position\":2,\"name\":\"El remix de Iain Cook &#8216;Linger&#8217; de The Cranberries y CHVRCHES llegar\u00e1 al vinilo\"}]},{\"@type\":\"WebSite\",\"@id\":\"https:\/\/web.consaguirre.com.ar\/noticias\/#website\",\"url\":\"https:\/\/web.consaguirre.com.ar\/noticias\/\",\"name\":\"Conservatorio de M\u00fasica Juli\u00e1n Aguirre\",\"description\":\"\",\"publisher\":{\"@id\":\"https:\/\/web.consaguirre.com.ar\/noticias\/#organization\"},\"potentialAction\":[{\"@type\":\"SearchAction\",\"target\":{\"@type\":\"EntryPoint\",\"urlTemplate\":\"https:\/\/web.consaguirre.com.ar\/noticias\/?s={search_term_string}\"},\"query-input\":\"required name=search_term_string\"}],\"inLanguage\":\"es-AR\"},{\"@type\":\"Organization\",\"@id\":\"https:\/\/web.consaguirre.com.ar\/noticias\/#organization\",\"name\":\"Conservatorio de M\u00fasica Juli\u00e1n Aguirre\",\"url\":\"https:\/\/web.consaguirre.com.ar\/noticias\/\",\"logo\":{\"@type\":\"ImageObject\",\"inLanguage\":\"es-AR\",\"@id\":\"https:\/\/web.consaguirre.com.ar\/noticias\/#\/schema\/logo\/image\/\",\"url\":\"https:\/\/web.consaguirre.com.ar\/noticias\/wp-content\/uploads\/2024\/08\/Banner-Aguirre-23.jpg\",\"contentUrl\":\"https:\/\/web.consaguirre.com.ar\/noticias\/wp-content\/uploads\/2024\/08\/Banner-Aguirre-23.jpg\",\"width\":1192,\"height\":600,\"caption\":\"Conservatorio de M\u00fasica Juli\u00e1n Aguirre\"},\"image\":{\"@id\":\"https:\/\/web.consaguirre.com.ar\/noticias\/#\/schema\/logo\/image\/\"}},{\"@type\":\"Person\",\"@id\":\"https:\/\/web.consaguirre.com.ar\/noticias\/#\/schema\/person\/6558b0cfedee7ddc5425602b237d5722\",\"name\":\"Javier Figueroa\",\"image\":{\"@type\":\"ImageObject\",\"inLanguage\":\"es-AR\",\"@id\":\"https:\/\/web.consaguirre.com.ar\/noticias\/#\/schema\/person\/image\/\",\"url\":\"https:\/\/web.consaguirre.com.ar\/noticias\/wp-content\/uploads\/2024\/08\/Consaguirre-scaled.jpg\",\"contentUrl\":\"https:\/\/web.consaguirre.com.ar\/noticias\/wp-content\/uploads\/2024\/08\/Consaguirre-scaled.jpg\",\"caption\":\"Javier Figueroa\"},\"description\":\"Me llamo Javier Figueroa y soy redactor para el sitio oficial del Conservatorio de M\u00fasica Juli\u00e1n Aguirre en Buenos Aires, consaguirre.com. Apasionado por la m\u00fasica y la escritura, me esfuerzo por destacar los talentos y eventos de nuestra prestigiosa instituci\u00f3n. Mi trayectoria se nutre de una profunda admiraci\u00f3n por los artistas, haciendo de cada art\u00edculo una celebraci\u00f3n de la creatividad y la cultura musical.\",\"sameAs\":[\"https:\/\/web.consaguirre.com.ar\/noticias\"]}]}<\/script>\n<!-- \/ Yoast SEO plugin. -->","yoast_head_json":{"title":"El remix de Iain Cook 'Linger' de The Cranberries y CHVRCHES llegar\u00e1 al vinilo","robots":{"index":"index","follow":"follow","max-snippet":"max-snippet:-1","max-image-preview":"max-image-preview:large","max-video-preview":"max-video-preview:-1"},"canonical":"https:\/\/web.consaguirre.com.ar\/noticias\/el-remix-de-iain-cook-linger-de-the-cranberries-y-chvrches-llegara-al-vinilo\/","og_locale":"es_ES","og_type":"article","og_title":"El remix de Iain Cook 'Linger' de The Cranberries y CHVRCHES llegar\u00e1 al vinilo","og_description":"A principios de este a\u00f1o, Los ar\u00e1ndanos colabor\u00f3 \u200b\u200bcon Iain Cook de CHVRCHES para un remix de su sencillo de 1993 &#8220;Linger&#8221;. Ahora, ese track","og_url":"https:\/\/web.consaguirre.com.ar\/noticias\/el-remix-de-iain-cook-linger-de-the-cranberries-y-chvrches-llegara-al-vinilo\/","og_site_name":"Conservatorio de M\u00fasica Juli\u00e1n Aguirre","article_published_time":"2024-11-12T05:42:42+00:00","article_modified_time":"2024-11-12T05:42:44+00:00","og_image":[{"width":1280,"height":1280,"url":"https:\/\/web.consaguirre.com.ar\/noticias\/wp-content\/uploads\/2024\/11\/El-remix-de-Iain-Cook-Linger-de-The-Cranberries-y.jpg","type":"image\/jpeg"}],"author":"Javier Figueroa","twitter_card":"summary_large_image","twitter_misc":{"Escrito por":"Javier Figueroa","Tiempo de lectura":"2 minutos"},"schema":{"@context":"https:\/\/schema.org","@graph":[{"@type":"Article","@id":"https:\/\/web.consaguirre.com.ar\/noticias\/el-remix-de-iain-cook-linger-de-the-cranberries-y-chvrches-llegara-al-vinilo\/#article","isPartOf":{"@id":"https:\/\/web.consaguirre.com.ar\/noticias\/el-remix-de-iain-cook-linger-de-the-cranberries-y-chvrches-llegara-al-vinilo\/"},"author":{"name":"Javier Figueroa","@id":"https:\/\/web.consaguirre.com.ar\/noticias\/#\/schema\/person\/6558b0cfedee7ddc5425602b237d5722"},"headline":"El remix de Iain Cook &#8216;Linger&#8217; de The Cranberries y CHVRCHES llegar\u00e1 al vinilo","datePublished":"2024-11-12T05:42:42+00:00","dateModified":"2024-11-12T05:42:44+00:00","mainEntityOfPage":{"@id":"https:\/\/web.consaguirre.com.ar\/noticias\/el-remix-de-iain-cook-linger-de-the-cranberries-y-chvrches-llegara-al-vinilo\/"},"wordCount":383,"publisher":{"@id":"https:\/\/web.consaguirre.com.ar\/noticias\/#organization"},"image":{"@id":"https:\/\/web.consaguirre.com.ar\/noticias\/el-remix-de-iain-cook-linger-de-the-cranberries-y-chvrches-llegara-al-vinilo\/#primaryimage"},"thumbnailUrl":"https:\/\/web.consaguirre.com.ar\/noticias\/wp-content\/uploads\/2024\/11\/El-remix-de-Iain-Cook-Linger-de-The-Cranberries-y.jpg","keywords":["CHVRCHES","Cook","Cranberries","Iain","Linger","llegar\u00e1","remix","vinilo"],"articleSection":["El \u00faltimo"],"inLanguage":"es-AR"},{"@type":"WebPage","@id":"https:\/\/web.consaguirre.com.ar\/noticias\/el-remix-de-iain-cook-linger-de-the-cranberries-y-chvrches-llegara-al-vinilo\/","url":"https:\/\/web.consaguirre.com.ar\/noticias\/el-remix-de-iain-cook-linger-de-the-cranberries-y-chvrches-llegara-al-vinilo\/","name":"El remix de Iain Cook 'Linger' de The Cranberries y CHVRCHES llegar\u00e1 al vinilo","isPartOf":{"@id":"https:\/\/web.consaguirre.com.ar\/noticias\/#website"},"primaryImageOfPage":{"@id":"https:\/\/web.consaguirre.com.ar\/noticias\/el-remix-de-iain-cook-linger-de-the-cranberries-y-chvrches-llegara-al-vinilo\/#primaryimage"},"image":{"@id":"https:\/\/web.consaguirre.com.ar\/noticias\/el-remix-de-iain-cook-linger-de-the-cranberries-y-chvrches-llegara-al-vinilo\/#primaryimage"},"thumbnailUrl":"https:\/\/web.consaguirre.com.ar\/noticias\/wp-content\/uploads\/2024\/11\/El-remix-de-Iain-Cook-Linger-de-The-Cranberries-y.jpg","datePublished":"2024-11-12T05:42:42+00:00","dateModified":"2024-11-12T05:42:44+00:00","breadcrumb":{"@id":"https:\/\/web.consaguirre.com.ar\/noticias\/el-remix-de-iain-cook-linger-de-the-cranberries-y-chvrches-llegara-al-vinilo\/#breadcrumb"},"inLanguage":"es-AR","potentialAction":[{"@type":"ReadAction","target":["https:\/\/web.consaguirre.com.ar\/noticias\/el-remix-de-iain-cook-linger-de-the-cranberries-y-chvrches-llegara-al-vinilo\/"]}]},{"@type":"ImageObject","inLanguage":"es-AR","@id":"https:\/\/web.consaguirre.com.ar\/noticias\/el-remix-de-iain-cook-linger-de-the-cranberries-y-chvrches-llegara-al-vinilo\/#primaryimage","url":"https:\/\/web.consaguirre.com.ar\/noticias\/wp-content\/uploads\/2024\/11\/El-remix-de-Iain-Cook-Linger-de-The-Cranberries-y.jpg","contentUrl":"https:\/\/web.consaguirre.com.ar\/noticias\/wp-content\/uploads\/2024\/11\/El-remix-de-Iain-Cook-Linger-de-The-Cranberries-y.jpg","width":1280,"height":1280,"caption":"El remix de Iain Cook 'Linger' de The Cranberries y CHVRCHES llegar\u00e1 al vinilo"},{"@type":"BreadcrumbList","@id":"https:\/\/web.consaguirre.com.ar\/noticias\/el-remix-de-iain-cook-linger-de-the-cranberries-y-chvrches-llegara-al-vinilo\/#breadcrumb","itemListElement":[{"@type":"ListItem","position":1,"name":"Inicio","item":"https:\/\/web.consaguirre.com.ar\/noticias\/"},{"@type":"ListItem","position":2,"name":"El remix de Iain Cook &#8216;Linger&#8217; de The Cranberries y CHVRCHES llegar\u00e1 al vinilo"}]},{"@type":"WebSite","@id":"https:\/\/web.consaguirre.com.ar\/noticias\/#website","url":"https:\/\/web.consaguirre.com.ar\/noticias\/","name":"Conservatorio de M\u00fasica Juli\u00e1n Aguirre","description":"","publisher":{"@id":"https:\/\/web.consaguirre.com.ar\/noticias\/#organization"},"potentialAction":[{"@type":"SearchAction","target":{"@type":"EntryPoint","urlTemplate":"https:\/\/web.consaguirre.com.ar\/noticias\/?s={search_term_string}"},"query-input":"required name=search_term_string"}],"inLanguage":"es-AR"},{"@type":"Organization","@id":"https:\/\/web.consaguirre.com.ar\/noticias\/#organization","name":"Conservatorio de M\u00fasica Juli\u00e1n Aguirre","url":"https:\/\/web.consaguirre.com.ar\/noticias\/","logo":{"@type":"ImageObject","inLanguage":"es-AR","@id":"https:\/\/web.consaguirre.com.ar\/noticias\/#\/schema\/logo\/image\/","url":"https:\/\/web.consaguirre.com.ar\/noticias\/wp-content\/uploads\/2024\/08\/Banner-Aguirre-23.jpg","contentUrl":"https:\/\/web.consaguirre.com.ar\/noticias\/wp-content\/uploads\/2024\/08\/Banner-Aguirre-23.jpg","width":1192,"height":600,"caption":"Conservatorio de M\u00fasica Juli\u00e1n Aguirre"},"image":{"@id":"https:\/\/web.consaguirre.com.ar\/noticias\/#\/schema\/logo\/image\/"}},{"@type":"Person","@id":"https:\/\/web.consaguirre.com.ar\/noticias\/#\/schema\/person\/6558b0cfedee7ddc5425602b237d5722","name":"Javier Figueroa","image":{"@type":"ImageObject","inLanguage":"es-AR","@id":"https:\/\/web.consaguirre.com.ar\/noticias\/#\/schema\/person\/image\/","url":"https:\/\/web.consaguirre.com.ar\/noticias\/wp-content\/uploads\/2024\/08\/Consaguirre-scaled.jpg","contentUrl":"https:\/\/web.consaguirre.com.ar\/noticias\/wp-content\/uploads\/2024\/08\/Consaguirre-scaled.jpg","caption":"Javier Figueroa"},"description":"Me llamo Javier Figueroa y soy redactor para el sitio oficial del Conservatorio de M\u00fasica Juli\u00e1n Aguirre en Buenos Aires, consaguirre.com. Apasionado por la m\u00fasica y la escritura, me esfuerzo por destacar los talentos y eventos de nuestra prestigiosa instituci\u00f3n. Mi trayectoria se nutre de una profunda admiraci\u00f3n por los artistas, haciendo de cada art\u00edculo una celebraci\u00f3n de la creatividad y la cultura musical.","sameAs":["https:\/\/web.consaguirre.com.ar\/noticias"]}]}},"_links":{"self":[{"href":"https:\/\/web.consaguirre.com.ar\/noticias\/wp-json\/wp\/v2\/posts\/1082"}],"collection":[{"href":"https:\/\/web.consaguirre.com.ar\/noticias\/wp-json\/wp\/v2\/posts"}],"about":[{"href":"https:\/\/web.consaguirre.com.ar\/noticias\/wp-json\/wp\/v2\/types\/post"}],"author":[{"embeddable":true,"href":"https:\/\/web.consaguirre.com.ar\/noticias\/wp-json\/wp\/v2\/users\/1"}],"replies":[{"embeddable":true,"href":"https:\/\/web.consaguirre.com.ar\/noticias\/wp-json\/wp\/v2\/comments?post=1082"}],"version-history":[{"count":1,"href":"https:\/\/web.consaguirre.com.ar\/noticias\/wp-json\/wp\/v2\/posts\/1082\/revisions"}],"predecessor-version":[{"id":1084,"href":"https:\/\/web.consaguirre.com.ar\/noticias\/wp-json\/wp\/v2\/posts\/1082\/revisions\/1084"}],"wp:featuredmedia":[{"embeddable":true,"href":"https:\/\/web.consaguirre.com.ar\/noticias\/wp-json\/wp\/v2\/media\/1083"}],"wp:attachment":[{"href":"https:\/\/web.consaguirre.com.ar\/noticias\/wp-json\/wp\/v2\/media?parent=1082"}],"wp:term":[{"taxonomy":"category","embeddable":true,"href":"https:\/\/web.consaguirre.com.ar\/noticias\/wp-json\/wp\/v2\/categories?post=1082"},{"taxonomy":"post_tag","embeddable":true,"href":"https:\/\/web.consaguirre.com.ar\/noticias\/wp-json\/wp\/v2\/tags?post=1082"}],"curies":[{"name":"wp","href":"https:\/\/api.w.org\/{rel}","templated":true}]}}